{"id":10186,"date":"2020-06-17T12:41:59","date_gmt":"2020-06-17T10:41:59","guid":{"rendered":"https:\/\/www.umweltperspektiven.ch\/?p=3154"},"modified":"2022-08-02T14:58:03","modified_gmt":"2022-08-02T12:58:03","slug":"plastik-recycling-migros-startet-offensive","status":"publish","type":"post","link":"https:\/\/www.organisator.ch\/it\/sustainability\/2020-06-17\/plastik-recycling-migros-startet-offensive\/","title":{"rendered":"Riciclaggio della plastica: Migros lancia un'offensiva"},"content":{"rendered":"<section>\n<figure id=\"attachment_3155\" aria-describedby=\"caption-attachment-3155\" style=\"width: 680px\" class=\"wp-caption alignnone\"><img loading=\"lazy\" decoding=\"async\" class=\"wp-image-3155 size-medium\" src=\"\/\/www.umweltperspektiven.ch\/wp-content\/uploads\/2020\/06\/Migros_Sammelsack_UP_Umweltperspektiven.jpg\" alt=\"Plastica\" width=\"680\" height=\"468\" srcset=\"https:\/\/www.organisator.ch\/wp-content\/uploads\/2020\/06\/Migros_Sammelsack_UP_Umweltperspektiven.jpg 1200w, https:\/\/www.organisator.ch\/wp-content\/uploads\/2020\/06\/Migros_Sammelsack_UP_Umweltperspektiven-680x468.jpg 680w, https:\/\/www.organisator.ch\/wp-content\/uploads\/2020\/06\/Migros_Sammelsack_UP_Umweltperspektiven-1024x704.jpg 1024w, https:\/\/www.organisator.ch\/wp-content\/uploads\/2020\/06\/Migros_Sammelsack_UP_Umweltperspektiven-768x528.jpg 768w, https:\/\/www.organisator.ch\/wp-content\/uploads\/2020\/06\/Migros_Sammelsack_UP_Umweltperspektiven-18x12.jpg 18w, https:\/\/www.organisator.ch\/wp-content\/uploads\/2020\/06\/Migros_Sammelsack_UP_Umweltperspektiven-255x175.jpg 255w, https:\/\/www.organisator.ch\/wp-content\/uploads\/2020\/06\/Migros_Sammelsack_UP_Umweltperspektiven-509x350.jpg 509w, https:\/\/www.organisator.ch\/wp-content\/uploads\/2020\/06\/Migros_Sammelsack_UP_Umweltperspektiven-1164x800.jpg 1164w, https:\/\/www.organisator.ch\/wp-content\/uploads\/2020\/06\/Migros_Sammelsack_UP_Umweltperspektiven-920x633.jpg 920w, https:\/\/www.organisator.ch\/wp-content\/uploads\/2020\/06\/Migros_Sammelsack_UP_Umweltperspektiven-300x206.jpg 300w\" sizes=\"auto, (max-width: 680px) 100vw, 680px\" \/><figcaption id=\"caption-attachment-3155\" class=\"wp-caption-text\">Ogni anno in Svizzera si consuma un milione di tonnellate di plastica. Questo corrisponde a 125 chilogrammi pro capite. L'80% dei rifiuti \u00e8 finito finora nell'impianto di incenerimento dei rifiuti. (Immagine: zVg)<\/figcaption><\/figure>\n<p class=\"nau-t-typography-display-3-light\">Migros allestir\u00e0 i primi punti di raccolta nei negozi Migros dal 29 giugno. Il primo sar\u00e0 la cooperativa Migros Lucerna. Alla fine di agosto, le cooperative di Ginevra, Neuch\u00e2tel-Friburgo, Vaud e Vallese si uniranno a loro. Il gigante arancione si aspetta che tutte le cooperative Migros offrano punti di raccolta della plastica entro il 2021.<\/p>\n<\/section>\n<section>\n<p class=\"nau-t-typography-display-3-light\">All'inizio, non tutte le filiali delle cooperative partecipanti sono a bordo, anche perch\u00e9 sono necessarie misure strutturali. Anche aziende partner come Migrolino e Voi fanno parte del progetto.<\/p>\n<\/section>\n<section><strong>Caratteristiche dei nuovi sacchi in dettaglio\u00a0<\/strong><\/p>\n<p class=\"nau-t-typography-display-3-light\">Il sacco di raccolta \u00e8 composto dall'85 per cento di materie prime riciclate ed \u00e8 disponibile in tre dimensioni (17, 35 e 60 litri). Tuttavia, non \u00e8 gratuito. Il prezzo varia da 90 centesimi a 2,50 centesimi.\u00a0<a href=\"\/\/www.nau.ch\/politik\/franken\">Franconia<\/a>. Ma la Migros non ne ricava un profitto.<\/p>\n<\/section>\n<section>\n<p class=\"nau-t-typography-display-3-light\">Le bottiglie in PET continueranno ad essere raccolte separatamente. Migros ritira anche i rifiuti di plastica da altri rivenditori. Una cooperazione con\u00a0<a href=\"\/\/www.nau.ch\/news\/coop\">Coop<\/a>\u00a0e Co. non esistono attualmente.<\/p>\n<\/section>\n<section>\n<p class=\"nau-t-typography-display-3-light\">Anche le bottiglie con contenuti o imballaggi molto sporchi non sono desiderate. L'obiettivo \u00e8 che il 70% della plastica raccolta possa essere riutilizzata.<\/p>\n<\/section>\n<section>\n<p class=\"nau-t-typography-display-2-medium\"><strong>Riutilizzo industriale\u00a0<\/strong><\/p>\n<\/section>\n<section>\n<p class=\"nau-t-typography-display-3-light\">Come scrive Migros in un comunicato stampa, per il progetto sono stati arruolati i principali riciclatori di plastica della Svizzera. Il materiale raccolto viene prima smistato dalla societ\u00e0 Innorecycling. Innoplastics ricicla poi la plastica e produce granulati.<\/p>\n<\/section>\n<section>\n<p class=\"nau-t-typography-display-3-light\">Questi sono a loro volta da utilizzare nell'industria Migros. In questo modo, dalla vecchia plastica vengono creati nuovi imballaggi per i prodotti Migros.<\/p>\n<\/section>\n<section>\n<p class=\"nau-t-typography-display-3-light\">\n<\/section>","protected":false},"excerpt":{"rendered":"<p>Die Migros wird ab dem 29. Juni erste Sammelstellen in Migros-Filialen aufbauen. Start macht die Genossenschaft Migros Luzern. Ende August werden die Genossenschaften Genf, Neuenburg-Freiburg, Waadt und Wallis hinzukommen. Der orange Riese geht davon aus, dass bis 2021 s\u00e4mtliche Migros-Genossenschaften die Plastiksammelstellen anbieten. Zum Start sind bei den teilnehmenden Genossenschaften nicht alle Filialen an Bord, [&hellip;]<\/p>\n","protected":false},"author":5,"featured_media":3155,"comment_status":"closed","ping_status":"closed","sticky":false,"template":"","format":"standard","meta":{"_acf_changed":false,"_yoast_wpseo_focuskw":"Plastik","_yoast_wpseo_metadesc":"F\u00fcr die Migros sei es nicht weniger als eine \u00abneue \u00c4ra im Bereich Nachhaltigkeit\u00bb. Die gr\u00f6sste Detailh\u00e4ndlerin der Schweiz f\u00fchrt neu einen Sammelsack ein, mit dem praktisch alle Plastik-Verpackungen gesammelt werden k\u00f6nnen.","articlekey":"","footnotes":""},"categories":[580],"tags":[594,1768,1917,1987],"class_list":["post-10186","post","type-post","status-publish","format-standard","has-post-thumbnail","hentry","category-sustainability","tag-kreislaufwirtschaft","tag-nachhaltige-lieferketten","tag-plastik","tag-recycling"],"acf":[],"yoast_head":"<!-- This site is optimized with the Yoast SEO plugin v27.4 - https:\/\/yoast.com\/product\/yoast-seo-wordpress\/ -->\n<title>Plastik-Recycling: Migros startet Offensive - Organisator<\/title>\n<meta name=\"description\" content=\"F\u00fcr die Migros sei es nicht weniger als eine \u00abneue \u00c4ra im Bereich Nachhaltigkeit\u00bb. Die gr\u00f6sste Detailh\u00e4ndlerin der Schweiz f\u00fchrt neu einen Sammelsack ein, mit dem praktisch alle Plastik-Verpackungen gesammelt werden k\u00f6nnen.\" \/>\n<meta name=\"robots\" content=\"index, follow, max-snippet:-1, max-image-preview:large, max-video-preview:-1\" \/>\n<link rel=\"canonical\" href=\"https:\/\/www.organisator.ch\/it\/sostenibilita\/2020-06-17\/plastik-recycling-migros-startet-offensive\/\" \/>\n<meta property=\"og:locale\" content=\"it_IT\" \/>\n<meta property=\"og:type\" content=\"article\" \/>\n<meta property=\"og:title\" content=\"Plastik-Recycling: Migros startet Offensive - Organisator\" \/>\n<meta property=\"og:description\" content=\"F\u00fcr die Migros sei es nicht weniger als eine \u00abneue \u00c4ra im Bereich Nachhaltigkeit\u00bb. Die gr\u00f6sste Detailh\u00e4ndlerin der Schweiz f\u00fchrt neu einen Sammelsack ein, mit dem praktisch alle Plastik-Verpackungen gesammelt werden k\u00f6nnen.\" \/>\n<meta property=\"og:url\" content=\"https:\/\/www.organisator.ch\/it\/sostenibilita\/2020-06-17\/plastik-recycling-migros-startet-offensive\/\" \/>\n<meta property=\"og:site_name\" content=\"Organisator\" \/>\n<meta property=\"article:publisher\" content=\"https:\/\/www.facebook.com\/OrganisatorFachmagazin\" \/>\n<meta property=\"article:published_time\" content=\"2020-06-17T10:41:59+00:00\" \/>\n<meta property=\"article:modified_time\" content=\"2022-08-02T12:58:03+00:00\" \/>\n<meta property=\"og:image\" content=\"https:\/\/www.organisator.ch\/wp-content\/uploads\/2020\/06\/Migros_Sammelsack_UP_Umweltperspektiven.jpg\" \/>\n\t<meta property=\"og:image:width\" content=\"1200\" \/>\n\t<meta property=\"og:image:height\" content=\"825\" \/>\n\t<meta property=\"og:image:type\" content=\"image\/jpeg\" \/>\n<meta name=\"author\" content=\"michael.merz\" \/>\n<meta name=\"twitter:card\" content=\"summary_large_image\" \/>\n<script type=\"application\/ld+json\" class=\"yoast-schema-graph\">{\"@context\":\"https:\\\/\\\/schema.org\",\"@graph\":[{\"@type\":\"Article\",\"@id\":\"https:\\\/\\\/www.organisator.ch\\\/sustainability\\\/2020-06-17\\\/plastik-recycling-migros-startet-offensive\\\/#article\",\"isPartOf\":{\"@id\":\"https:\\\/\\\/www.organisator.ch\\\/sustainability\\\/2020-06-17\\\/plastik-recycling-migros-startet-offensive\\\/\"},\"author\":{\"name\":\"michael.merz\",\"@id\":\"https:\\\/\\\/www.organisator.ch\\\/#\\\/schema\\\/person\\\/134708ca9321c57b0362cceb7948ffbd\"},\"headline\":\"Plastik-Recycling: Migros startet Offensive\",\"datePublished\":\"2020-06-17T10:41:59+00:00\",\"dateModified\":\"2022-08-02T12:58:03+00:00\",\"mainEntityOfPage\":{\"@id\":\"https:\\\/\\\/www.organisator.ch\\\/sustainability\\\/2020-06-17\\\/plastik-recycling-migros-startet-offensive\\\/\"},\"wordCount\":257,\"publisher\":{\"@id\":\"https:\\\/\\\/www.organisator.ch\\\/#organization\"},\"image\":{\"@id\":\"https:\\\/\\\/www.organisator.ch\\\/sustainability\\\/2020-06-17\\\/plastik-recycling-migros-startet-offensive\\\/#primaryimage\"},\"thumbnailUrl\":\"https:\\\/\\\/www.organisator.ch\\\/wp-content\\\/uploads\\\/2020\\\/06\\\/Migros_Sammelsack_UP_Umweltperspektiven.jpg\",\"keywords\":[\"Kreislaufwirtschaft\",\"Nachhaltige Lieferketten\",\"Plastik\",\"Recycling\"],\"articleSection\":[\"SUSTAINABILITY\"],\"inLanguage\":\"it-IT\"},{\"@type\":\"WebPage\",\"@id\":\"https:\\\/\\\/www.organisator.ch\\\/sustainability\\\/2020-06-17\\\/plastik-recycling-migros-startet-offensive\\\/\",\"url\":\"https:\\\/\\\/www.organisator.ch\\\/sustainability\\\/2020-06-17\\\/plastik-recycling-migros-startet-offensive\\\/\",\"name\":\"Plastik-Recycling: Migros startet Offensive - Organisator\",\"isPartOf\":{\"@id\":\"https:\\\/\\\/www.organisator.ch\\\/#website\"},\"primaryImageOfPage\":{\"@id\":\"https:\\\/\\\/www.organisator.ch\\\/sustainability\\\/2020-06-17\\\/plastik-recycling-migros-startet-offensive\\\/#primaryimage\"},\"image\":{\"@id\":\"https:\\\/\\\/www.organisator.ch\\\/sustainability\\\/2020-06-17\\\/plastik-recycling-migros-startet-offensive\\\/#primaryimage\"},\"thumbnailUrl\":\"https:\\\/\\\/www.organisator.ch\\\/wp-content\\\/uploads\\\/2020\\\/06\\\/Migros_Sammelsack_UP_Umweltperspektiven.jpg\",\"datePublished\":\"2020-06-17T10:41:59+00:00\",\"dateModified\":\"2022-08-02T12:58:03+00:00\",\"description\":\"F\u00fcr die Migros sei es nicht weniger als eine \u00abneue \u00c4ra im Bereich Nachhaltigkeit\u00bb. Die gr\u00f6sste Detailh\u00e4ndlerin der Schweiz f\u00fchrt neu einen Sammelsack ein, mit dem praktisch alle Plastik-Verpackungen gesammelt werden k\u00f6nnen.\",\"breadcrumb\":{\"@id\":\"https:\\\/\\\/www.organisator.ch\\\/sustainability\\\/2020-06-17\\\/plastik-recycling-migros-startet-offensive\\\/#breadcrumb\"},\"inLanguage\":\"it-IT\",\"potentialAction\":[{\"@type\":\"ReadAction\",\"target\":[\"https:\\\/\\\/www.organisator.ch\\\/sustainability\\\/2020-06-17\\\/plastik-recycling-migros-startet-offensive\\\/\"]}]},{\"@type\":\"ImageObject\",\"inLanguage\":\"it-IT\",\"@id\":\"https:\\\/\\\/www.organisator.ch\\\/sustainability\\\/2020-06-17\\\/plastik-recycling-migros-startet-offensive\\\/#primaryimage\",\"url\":\"https:\\\/\\\/www.organisator.ch\\\/wp-content\\\/uploads\\\/2020\\\/06\\\/Migros_Sammelsack_UP_Umweltperspektiven.jpg\",\"contentUrl\":\"https:\\\/\\\/www.organisator.ch\\\/wp-content\\\/uploads\\\/2020\\\/06\\\/Migros_Sammelsack_UP_Umweltperspektiven.jpg\",\"width\":1200,\"height\":825},{\"@type\":\"BreadcrumbList\",\"@id\":\"https:\\\/\\\/www.organisator.ch\\\/sustainability\\\/2020-06-17\\\/plastik-recycling-migros-startet-offensive\\\/#breadcrumb\",\"itemListElement\":[{\"@type\":\"ListItem\",\"position\":1,\"name\":\"Home\",\"item\":\"https:\\\/\\\/www.organisator.ch\\\/\"},{\"@type\":\"ListItem\",\"position\":2,\"name\":\"Plastik-Recycling: Migros startet Offensive\"}]},{\"@type\":\"WebSite\",\"@id\":\"https:\\\/\\\/www.organisator.ch\\\/#website\",\"url\":\"https:\\\/\\\/www.organisator.ch\\\/\",\"name\":\"Organisator\",\"description\":\"Kompetent. Praxisnah. Der ORGANISATOR bereitet in 10 Ausgaben pro Jahr die wesentlichen Themen f\u00fcr F\u00fchrungskr\u00e4fte von KMU auf.\",\"publisher\":{\"@id\":\"https:\\\/\\\/www.organisator.ch\\\/#organization\"},\"potentialAction\":[{\"@type\":\"SearchAction\",\"target\":{\"@type\":\"EntryPoint\",\"urlTemplate\":\"https:\\\/\\\/www.organisator.ch\\\/?s={search_term_string}\"},\"query-input\":{\"@type\":\"PropertyValueSpecification\",\"valueRequired\":true,\"valueName\":\"search_term_string\"}}],\"inLanguage\":\"it-IT\"},{\"@type\":\"Organization\",\"@id\":\"https:\\\/\\\/www.organisator.ch\\\/#organization\",\"name\":\"Organisator\",\"url\":\"https:\\\/\\\/www.organisator.ch\\\/\",\"logo\":{\"@type\":\"ImageObject\",\"inLanguage\":\"it-IT\",\"@id\":\"https:\\\/\\\/www.organisator.ch\\\/#\\\/schema\\\/logo\\\/image\\\/\",\"url\":\"https:\\\/\\\/www.organisator.ch\\\/wp-content\\\/uploads\\\/2022\\\/01\\\/Logo_Organisator_Website.png\",\"contentUrl\":\"https:\\\/\\\/www.organisator.ch\\\/wp-content\\\/uploads\\\/2022\\\/01\\\/Logo_Organisator_Website.png\",\"width\":800,\"height\":77,\"caption\":\"Organisator\"},\"image\":{\"@id\":\"https:\\\/\\\/www.organisator.ch\\\/#\\\/schema\\\/logo\\\/image\\\/\"},\"sameAs\":[\"https:\\\/\\\/www.facebook.com\\\/OrganisatorFachmagazin\",\"https:\\\/\\\/www.linkedin.com\\\/showcase\\\/organisator-das-magazin-fr-kmu\",\"https:\\\/\\\/www.xing.com\\\/news\\\/pages\\\/organisator-ch-695\",\"https:\\\/\\\/www.youtube.com\\\/channel\\\/UCGP2Sq0iWaZwT3BdIAQFYpw\"]},{\"@type\":\"Person\",\"@id\":\"https:\\\/\\\/www.organisator.ch\\\/#\\\/schema\\\/person\\\/134708ca9321c57b0362cceb7948ffbd\",\"name\":\"michael.merz\",\"image\":{\"@type\":\"ImageObject\",\"inLanguage\":\"it-IT\",\"@id\":\"https:\\\/\\\/secure.gravatar.com\\\/avatar\\\/?s=96&d=mm&r=g\",\"url\":\"https:\\\/\\\/secure.gravatar.com\\\/avatar\\\/?s=96&d=mm&r=g\",\"contentUrl\":\"https:\\\/\\\/secure.gravatar.com\\\/avatar\\\/?s=96&d=mm&r=g\",\"caption\":\"michael.merz\"},\"url\":\"https:\\\/\\\/www.organisator.ch\\\/it\\\/author\\\/michael-merz\\\/\"}]}<\/script>\n<!-- \/ Yoast SEO plugin. -->","yoast_head_json":{"title":"Riciclaggio della plastica: Migros lancia un'offensiva - Organizzatore","description":"Per Migros si tratta di una \"nuova era della sostenibilit\u00e0\". Il pi\u00f9 grande rivenditore svizzero sta introducendo un nuovo sacco per la raccolta che pu\u00f2 essere utilizzato per raccogliere praticamente tutti gli imballaggi in plastica.","robots":{"index":"index","follow":"follow","max-snippet":"max-snippet:-1","max-image-preview":"max-image-preview:large","max-video-preview":"max-video-preview:-1"},"canonical":"https:\/\/www.organisator.ch\/it\/sostenibilita\/2020-06-17\/plastik-recycling-migros-startet-offensive\/","og_locale":"it_IT","og_type":"article","og_title":"Plastik-Recycling: Migros startet Offensive - Organisator","og_description":"F\u00fcr die Migros sei es nicht weniger als eine \u00abneue \u00c4ra im Bereich Nachhaltigkeit\u00bb. Die gr\u00f6sste Detailh\u00e4ndlerin der Schweiz f\u00fchrt neu einen Sammelsack ein, mit dem praktisch alle Plastik-Verpackungen gesammelt werden k\u00f6nnen.","og_url":"https:\/\/www.organisator.ch\/it\/sostenibilita\/2020-06-17\/plastik-recycling-migros-startet-offensive\/","og_site_name":"Organisator","article_publisher":"https:\/\/www.facebook.com\/OrganisatorFachmagazin","article_published_time":"2020-06-17T10:41:59+00:00","article_modified_time":"2022-08-02T12:58:03+00:00","og_image":[{"width":1200,"height":825,"url":"https:\/\/www.organisator.ch\/wp-content\/uploads\/2020\/06\/Migros_Sammelsack_UP_Umweltperspektiven.jpg","type":"image\/jpeg"}],"author":"michael.merz","twitter_card":"summary_large_image","schema":{"@context":"https:\/\/schema.org","@graph":[{"@type":"Article","@id":"https:\/\/www.organisator.ch\/sustainability\/2020-06-17\/plastik-recycling-migros-startet-offensive\/#article","isPartOf":{"@id":"https:\/\/www.organisator.ch\/sustainability\/2020-06-17\/plastik-recycling-migros-startet-offensive\/"},"author":{"name":"michael.merz","@id":"https:\/\/www.organisator.ch\/#\/schema\/person\/134708ca9321c57b0362cceb7948ffbd"},"headline":"Plastik-Recycling: Migros startet Offensive","datePublished":"2020-06-17T10:41:59+00:00","dateModified":"2022-08-02T12:58:03+00:00","mainEntityOfPage":{"@id":"https:\/\/www.organisator.ch\/sustainability\/2020-06-17\/plastik-recycling-migros-startet-offensive\/"},"wordCount":257,"publisher":{"@id":"https:\/\/www.organisator.ch\/#organization"},"image":{"@id":"https:\/\/www.organisator.ch\/sustainability\/2020-06-17\/plastik-recycling-migros-startet-offensive\/#primaryimage"},"thumbnailUrl":"https:\/\/www.organisator.ch\/wp-content\/uploads\/2020\/06\/Migros_Sammelsack_UP_Umweltperspektiven.jpg","keywords":["Kreislaufwirtschaft","Nachhaltige Lieferketten","Plastik","Recycling"],"articleSection":["SUSTAINABILITY"],"inLanguage":"it-IT"},{"@type":"WebPage","@id":"https:\/\/www.organisator.ch\/sustainability\/2020-06-17\/plastik-recycling-migros-startet-offensive\/","url":"https:\/\/www.organisator.ch\/sustainability\/2020-06-17\/plastik-recycling-migros-startet-offensive\/","name":"Riciclaggio della plastica: Migros lancia un'offensiva - Organizzatore","isPartOf":{"@id":"https:\/\/www.organisator.ch\/#website"},"primaryImageOfPage":{"@id":"https:\/\/www.organisator.ch\/sustainability\/2020-06-17\/plastik-recycling-migros-startet-offensive\/#primaryimage"},"image":{"@id":"https:\/\/www.organisator.ch\/sustainability\/2020-06-17\/plastik-recycling-migros-startet-offensive\/#primaryimage"},"thumbnailUrl":"https:\/\/www.organisator.ch\/wp-content\/uploads\/2020\/06\/Migros_Sammelsack_UP_Umweltperspektiven.jpg","datePublished":"2020-06-17T10:41:59+00:00","dateModified":"2022-08-02T12:58:03+00:00","description":"Per Migros si tratta di una \"nuova era della sostenibilit\u00e0\". Il pi\u00f9 grande rivenditore svizzero sta introducendo un nuovo sacco per la raccolta che pu\u00f2 essere utilizzato per raccogliere praticamente tutti gli imballaggi in plastica.","breadcrumb":{"@id":"https:\/\/www.organisator.ch\/sustainability\/2020-06-17\/plastik-recycling-migros-startet-offensive\/#breadcrumb"},"inLanguage":"it-IT","potentialAction":[{"@type":"ReadAction","target":["https:\/\/www.organisator.ch\/sustainability\/2020-06-17\/plastik-recycling-migros-startet-offensive\/"]}]},{"@type":"ImageObject","inLanguage":"it-IT","@id":"https:\/\/www.organisator.ch\/sustainability\/2020-06-17\/plastik-recycling-migros-startet-offensive\/#primaryimage","url":"https:\/\/www.organisator.ch\/wp-content\/uploads\/2020\/06\/Migros_Sammelsack_UP_Umweltperspektiven.jpg","contentUrl":"https:\/\/www.organisator.ch\/wp-content\/uploads\/2020\/06\/Migros_Sammelsack_UP_Umweltperspektiven.jpg","width":1200,"height":825},{"@type":"BreadcrumbList","@id":"https:\/\/www.organisator.ch\/sustainability\/2020-06-17\/plastik-recycling-migros-startet-offensive\/#breadcrumb","itemListElement":[{"@type":"ListItem","position":1,"name":"Home","item":"https:\/\/www.organisator.ch\/"},{"@type":"ListItem","position":2,"name":"Plastik-Recycling: Migros startet Offensive"}]},{"@type":"WebSite","@id":"https:\/\/www.organisator.ch\/#website","url":"https:\/\/www.organisator.ch\/","name":"Organizzatore","description":"Competente. Pratico. In 10 numeri all'anno, ORGANISATOR presenta i temi essenziali per i manager delle PMI.","publisher":{"@id":"https:\/\/www.organisator.ch\/#organization"},"potentialAction":[{"@type":"SearchAction","target":{"@type":"EntryPoint","urlTemplate":"https:\/\/www.organisator.ch\/?s={search_term_string}"},"query-input":{"@type":"PropertyValueSpecification","valueRequired":true,"valueName":"search_term_string"}}],"inLanguage":"it-IT"},{"@type":"Organization","@id":"https:\/\/www.organisator.ch\/#organization","name":"Organizzatore","url":"https:\/\/www.organisator.ch\/","logo":{"@type":"ImageObject","inLanguage":"it-IT","@id":"https:\/\/www.organisator.ch\/#\/schema\/logo\/image\/","url":"https:\/\/www.organisator.ch\/wp-content\/uploads\/2022\/01\/Logo_Organisator_Website.png","contentUrl":"https:\/\/www.organisator.ch\/wp-content\/uploads\/2022\/01\/Logo_Organisator_Website.png","width":800,"height":77,"caption":"Organisator"},"image":{"@id":"https:\/\/www.organisator.ch\/#\/schema\/logo\/image\/"},"sameAs":["https:\/\/www.facebook.com\/OrganisatorFachmagazin","https:\/\/www.linkedin.com\/showcase\/organisator-das-magazin-fr-kmu","https:\/\/www.xing.com\/news\/pages\/organisator-ch-695","https:\/\/www.youtube.com\/channel\/UCGP2Sq0iWaZwT3BdIAQFYpw"]},{"@type":"Person","@id":"https:\/\/www.organisator.ch\/#\/schema\/person\/134708ca9321c57b0362cceb7948ffbd","name":"michael.merz","image":{"@type":"ImageObject","inLanguage":"it-IT","@id":"https:\/\/secure.gravatar.com\/avatar\/?s=96&d=mm&r=g","url":"https:\/\/secure.gravatar.com\/avatar\/?s=96&d=mm&r=g","contentUrl":"https:\/\/secure.gravatar.com\/avatar\/?s=96&d=mm&r=g","caption":"michael.merz"},"url":"https:\/\/www.organisator.ch\/it\/author\/michael-merz\/"}]}},"_links":{"self":[{"href":"https:\/\/www.organisator.ch\/it\/wp-json\/wp\/v2\/posts\/10186","targetHints":{"allow":["GET"]}}],"collection":[{"href":"https:\/\/www.organisator.ch\/it\/wp-json\/wp\/v2\/posts"}],"about":[{"href":"https:\/\/www.organisator.ch\/it\/wp-json\/wp\/v2\/types\/post"}],"author":[{"embeddable":true,"href":"https:\/\/www.organisator.ch\/it\/wp-json\/wp\/v2\/users\/5"}],"replies":[{"embeddable":true,"href":"https:\/\/www.organisator.ch\/it\/wp-json\/wp\/v2\/comments?post=10186"}],"version-history":[{"count":3,"href":"https:\/\/www.organisator.ch\/it\/wp-json\/wp\/v2\/posts\/10186\/revisions"}],"predecessor-version":[{"id":16224,"href":"https:\/\/www.organisator.ch\/it\/wp-json\/wp\/v2\/posts\/10186\/revisions\/16224"}],"wp:featuredmedia":[{"embeddable":true,"href":"https:\/\/www.organisator.ch\/it\/wp-json\/wp\/v2\/media\/3155"}],"wp:attachment":[{"href":"https:\/\/www.organisator.ch\/it\/wp-json\/wp\/v2\/media?parent=10186"}],"wp:term":[{"taxonomy":"category","embeddable":true,"href":"https:\/\/www.organisator.ch\/it\/wp-json\/wp\/v2\/categories?post=10186"},{"taxonomy":"post_tag","embeddable":true,"href":"https:\/\/www.organisator.ch\/it\/wp-json\/wp\/v2\/tags?post=10186"}],"curies":[{"name":"wp","href":"https:\/\/api.w.org\/{rel}","templated":true}]}}