{"id":10187,"date":"2020-07-07T17:40:48","date_gmt":"2020-07-07T15:40:48","guid":{"rendered":"https:\/\/www.umweltperspektiven.ch\/?p=3169"},"modified":"2022-02-09T11:10:49","modified_gmt":"2022-02-09T10:10:49","slug":"4aqua-will-dem-wasser-eine-auf-fakten-basierte-stimme-geben","status":"publish","type":"post","link":"https:\/\/www.organisator.ch\/it\/sustainability\/2020-07-07\/4aqua-will-dem-wasser-eine-auf-fakten-basierte-stimme-geben\/","title":{"rendered":"4aqua vuole dare all'acqua una voce basata sull'evidenza"},"content":{"rendered":"<figure id=\"attachment_3170\" aria-describedby=\"caption-attachment-3170\" style=\"width: 680px\" class=\"wp-caption alignnone\"><img loading=\"lazy\" decoding=\"async\" class=\"size-medium wp-image-3170\" src=\"\/\/www.umweltperspektiven.ch\/wp-content\/uploads\/2020\/07\/ricardo-gomez-angel-tIoyAAejm9w-unsplash.jpg\" alt=\"\" width=\"680\" height=\"454\" \/><figcaption id=\"caption-attachment-3170\" class=\"wp-caption-text\">Mentre miliardi di franchi svizzeri sono stati investiti nel drenaggio urbano e sono stati raggiunti miglioramenti negli ultimi 50 anni, c'\u00e8 ancora molto margine di miglioramento nella protezione delle acque agricole. (Immagine: Unsplash)<\/figcaption><\/figure>\n<p id=\"viewer-8n78h\" class=\"XzvDs _208Ie tFDi5 blog-post-text-font blog-post-text-color _2QAo- _25MYV _6RI6N tFDi5 public-DraftStyleDefault-block-depth0 public-DraftStyleDefault-ltr\">4aqua vuole dare all'acqua una voce basata sull'evidenza e richiama l'attenzione sul fatto che negli ultimi anni si \u00e8 sviluppata sempre pi\u00f9 una spaccatura tra il drenaggio urbano e la protezione delle acque agricole.<\/p>\n<p class=\"XzvDs _208Ie tFDi5 blog-post-text-font blog-post-text-color _2QAo- _25MYV _6RI6N tFDi5 public-DraftStyleDefault-block-depth0 public-DraftStyleDefault-ltr\">Mentre molto \u00e8 stato investito e migliorato nel drenaggio urbano e nel trattamento delle acque reflue, l'agricoltura ha ancora un enorme bisogno di azione: l'uso di nutrienti e pesticidi \u00e8 ancora troppo grande e molto problematico per i nostri corpi idrici e la nostra acqua potabile.<\/p>\n<p class=\"XzvDs _208Ie tFDi5 blog-post-text-font blog-post-text-color _2QAo- _25MYV _6RI6N tFDi5 public-DraftStyleDefault-block-depth0 public-DraftStyleDefault-ltr\">4aqua sostiene quindi l'Iniziativa per l'acqua potabile e chiede al Parlamento misure efficaci.<\/p>\n<p id=\"viewer-4brl0\" class=\"XzvDs _208Ie tFDi5 blog-post-text-font blog-post-text-color _2QAo- _25MYV _6RI6N tFDi5 public-DraftStyleDefault-block-depth0 public-DraftStyleDefault-ltr\"><strong>Vuoto politico e pesante necessit\u00e0 di azione<\/strong><\/p>\n<p id=\"viewer-7vr7q\" class=\"XzvDs _208Ie tFDi5 blog-post-text-font blog-post-text-color _2QAo- _25MYV _6RI6N tFDi5 public-DraftStyleDefault-block-depth0 public-DraftStyleDefault-ltr\">Attualmente, circa un milione di persone nella Svizzera centrale ricevono acqua potabile contaminata da pesticidi che non soddisfa i requisiti alimentari. Per anni, l'agricoltura svizzera non ha raggiunto tutti gli obiettivi ambientali legalmente vincolanti. Il piano d'azione nazionale per i prodotti fitosanitari \u00e8 un gradito tentativo di migliorare la situazione. Tuttavia, si ammette che la met\u00e0 dei tratti d'acqua attualmente inquinati rimarr\u00e0 inquinata. Tuttavia, la comunit\u00e0 professionale rimane in gran parte in silenzio, poich\u00e9 non fa parte dei doveri dei dipendenti delle istituzioni scientifiche e pubbliche esprimersi politicamente.<\/p>\n<p id=\"viewer-cdkln\" class=\"XzvDs _208Ie tFDi5 blog-post-text-font blog-post-text-color _2QAo- _25MYV _6RI6N tFDi5 public-DraftStyleDefault-block-depth0 public-DraftStyleDefault-ltr\">Poich\u00e9 anche l'associazione per l'acqua potabile SVGW e l'associazione per la protezione dell'acqua VSA si astengono da slogan politici, non c'\u00e8 una voce chiaramente percepibile della comunit\u00e0 professionale per la protezione dei corpi idrici. 4aqua vuole colmare questa lacuna.<\/p>\n<p id=\"viewer-5k0rc\" class=\"XzvDs _208Ie tFDi5 blog-post-text-font blog-post-text-color _2QAo- _25MYV _6RI6N tFDi5 public-DraftStyleDefault-block-depth0 public-DraftStyleDefault-ltr\"><strong>Il cambiamento climatico aggraver\u00e0 l'inquinamento dell'acqua potabile e dell'acqua<\/strong><\/p>\n<p id=\"viewer-1s0rb\" class=\"XzvDs _208Ie tFDi5 blog-post-text-font blog-post-text-color _2QAo- _25MYV _6RI6N tFDi5 public-DraftStyleDefault-block-depth0 public-DraftStyleDefault-ltr\">Come gruppo d'interesse aperto a tutti i professionisti con esperienza nel settore dell'acqua, 4aqua mira a ridurre significativamente l'immissione di pesticidi e altre sostanze inquinanti nei corpi idrici, in modo che i corpi idrici svizzeri riacquistino uno stato quasi naturale e ricco di specie e l'acqua potabile possa essere ottenuta dalle risorse idriche sotterranee locali senza costosi trattamenti.<\/p>\n<p id=\"viewer-4s4tn\" class=\"XzvDs _208Ie tFDi5 blog-post-text-font blog-post-text-color _2QAo- _25MYV _6RI6N tFDi5 public-DraftStyleDefault-block-depth0 public-DraftStyleDefault-ltr\">Per 4aqua \u00e8 chiaro: il business as usual non \u00e8 un'opzione. Il cambiamento climatico aggraver\u00e0 ulteriormente i gi\u00e0 acuti problemi di qualit\u00e0 dell'acqua. I mesi estivi secchi portano a flussi d'acqua inferiori nei corpi idrici. Con gli stessi apporti di sostanze di prima, la qualit\u00e0 dell'acqua continuer\u00e0 a deteriorarsi di conseguenza.<\/p>\n<p id=\"viewer-c84v3\" class=\"XzvDs _208Ie tFDi5 blog-post-text-font blog-post-text-color _2QAo- _25MYV _6RI6N tFDi5 public-DraftStyleDefault-block-depth0 public-DraftStyleDefault-ltr\"><strong>La protezione asimmetrica dell'acqua impedisce il progresso<\/strong><\/p>\n<p id=\"viewer-4vugg\" class=\"XzvDs _208Ie tFDi5 blog-post-text-font blog-post-text-color _2QAo- _25MYV _6RI6N tFDi5 public-DraftStyleDefault-block-depth0 public-DraftStyleDefault-ltr\">Mentre negli ultimi 50 anni sono stati investiti miliardi di franchi nel trattamento delle acque reflue e sono stati raggiunti miglioramenti significativi nella protezione dell'acqua, diversi miliardi di franchi in sussidi sono pagati annualmente nell'agricoltura svizzera senza una sufficiente riduzione dell'inquinamento dell'acqua dall'agricoltura.<\/p>\n<p class=\"XzvDs _208Ie tFDi5 blog-post-text-font blog-post-text-color _2QAo- _25MYV _6RI6N tFDi5 public-DraftStyleDefault-block-depth0 public-DraftStyleDefault-ltr\">Mentre un'ulteriore fase di trattamento negli impianti di trattamento delle acque reflue elimina i microinquinanti dalle acque reflue urbane con una spesa considerevole, l'agricoltura convenzionale rilascia pesticidi direttamente nell'ambiente e nei nostri corpi idrici. Inoltre, il problema delle eccedenze di nutrienti dall'agricoltura rimane irrisolto.<\/p>\n<p id=\"viewer-1h584\" class=\"XzvDs _208Ie tFDi5 blog-post-text-font blog-post-text-color _2QAo- _25MYV _6RI6N tFDi5 public-DraftStyleDefault-block-depth0 public-DraftStyleDefault-ltr\">Per correggere questa asimmetria nella protezione delle acque svizzere, il gruppo di esperti 4aqua si impegna nell'iniziativa per l'acqua potabile. Molti agricoltori stanno gi\u00e0 dimostrando che esistono e funzionano forme di produzione sostenibili. Dal punto di vista di 4aqua, il futuro appartiene a questi sistemi.<\/p>\n<p id=\"viewer-ffr36\" class=\"XzvDs _208Ie tFDi5 blog-post-text-font blog-post-text-color _2QAo- _25MYV _6RI6N tFDi5 public-DraftStyleDefault-block-depth0 public-DraftStyleDefault-ltr\"><strong>Riforma dell'autorizzazione e dell'uso dei pesticidi<\/strong><\/p>\n<p class=\"XzvDs _208Ie tFDi5 blog-post-text-font blog-post-text-color _2QAo- _25MYV _6RI6N tFDi5 public-DraftStyleDefault-block-depth0 public-DraftStyleDefault-ltr\">4aqua \u00e8 disposta a sostenere anche altre soluzioni che portano a un miglioramento significativo della qualit\u00e0 dell'acqua, come l'iniziativa parlamentare \"Ridurre il rischio nell'uso dei pesticidi\" presentata dalla Commissione dell'economia e dei tributi del Consiglio degli Stati (WAK-S). Tuttavia, questa iniziativa richiede miglioramenti sostanziali. A tal fine, 4aqua chiede una tassa di incentivazione sui pesticidi, aree di afflusso senza pesticidi per i pozzi di acqua potabile, il divieto di sostanze attive particolarmente critiche e una riforma della procedura di approvazione dei prodotti fitosanitari.<\/p>\n<p id=\"viewer-7htfk\" class=\"XzvDs _208Ie tFDi5 blog-post-text-font blog-post-text-color _2QAo- _25MYV _6RI6N tFDi5 public-DraftStyleDefault-block-depth0 public-DraftStyleDefault-ltr\">4aqua ha grandi speranze per la commissione competente del Consiglio degli Stati, che discuter\u00e0 importanti affari agricoli il 2-3 luglio. 4aqua vuole accompagnare questo processo in modo basato sui fatti e lavora su tre livelli: Consigliare e informare i parlamentari per il loro lavoro politico, servire i media con dichiarazioni di esperti e prendere misure nella sfera pubblica.<\/p>\n<p id=\"viewer-6fqra\" class=\"XzvDs _208Ie tFDi5 blog-post-text-font blog-post-text-color _2QAo- _25MYV _6RI6N tFDi5 public-DraftStyleDefault-block-depth0 public-DraftStyleDefault-ltr\"><em>Il gruppo di interesse 4aqua \u00e8 stato lanciato poco meno di due mesi fa e comprende gi\u00e0 oltre 60 esperti e scienziati. Il sito web <a class=\"_2qJYG blog-link-hashtag-color _3Sq3W\" href=\"\/\/www.4aqua.ch\/\" target=\"_blank\" rel=\"noopener\">https:\/\/www.4aqua.ch<\/a> \u00e8 andato online il 30 giugno.\u00a0<\/em><\/p>","protected":false},"excerpt":{"rendered":"<p>4aqua will dem Wasser eine auf Fakten basierte Stimme geben\u00a0und macht darauf aufmerksam, dass sich in den letzten Jahren zunehmend ein Graben entwickelt zwischen der Siedlungsentw\u00e4sserung und dem landwirtschaftlichen Gew\u00e4sserschutz. W\u00e4hrend bei der Siedlungsentw\u00e4sserung und der Abwasserreinigung sehr viel investiert und verbessert wurde, hat die Landwirtschaft noch enormen Handlungsbedarf: Der Einsatz von N\u00e4hrstoffen und Pestiziden [&hellip;]<\/p>\n","protected":false},"author":5,"featured_media":3170,"comment_status":"closed","ping_status":"closed","sticky":false,"template":"","format":"standard","meta":{"_acf_changed":false,"_yoast_wpseo_focuskw":"4aqua","_yoast_wpseo_metadesc":"K\u00fcrzlich hat sich die Interessengemeinschaft 4aqua zusammengeschlossen. Schweizer Fachleute und WissenschaftlerInnen weisen auf den Schutz der Gew\u00e4sser hin.","articlekey":"","footnotes":""},"categories":[580],"tags":[1289,1767,424,2331,600],"class_list":["post-10187","post","type-post","status-publish","format-standard","has-post-thumbnail","hentry","category-sustainability","tag-gewaesserschutz","tag-nachhaltige-landwirtschaft","tag-schweiz","tag-trinkwasserinitative","tag-wasser"],"acf":[],"yoast_head":"<!-- This site is optimized with the Yoast SEO plugin v27.4 - https:\/\/yoast.com\/product\/yoast-seo-wordpress\/ -->\n<title>4aqua will dem Wasser eine auf Fakten basierte Stimme geben - Organisator<\/title>\n<meta name=\"description\" content=\"K\u00fcrzlich hat sich die Interessengemeinschaft 4aqua zusammengeschlossen. Schweizer Fachleute und WissenschaftlerInnen weisen auf den Schutz der Gew\u00e4sser hin.\" \/>\n<meta name=\"robots\" content=\"index, follow, max-snippet:-1, max-image-preview:large, max-video-preview:-1\" \/>\n<link rel=\"canonical\" href=\"https:\/\/www.organisator.ch\/it\/sostenibilita\/2020-07-07\/4aqua-will-dem-wasser-eine-auf-fakten-basierte-stimme-geben\/\" \/>\n<meta property=\"og:locale\" content=\"it_IT\" \/>\n<meta property=\"og:type\" content=\"article\" \/>\n<meta property=\"og:title\" content=\"4aqua will dem Wasser eine auf Fakten basierte Stimme geben - Organisator\" \/>\n<meta property=\"og:description\" content=\"K\u00fcrzlich hat sich die Interessengemeinschaft 4aqua zusammengeschlossen. Schweizer Fachleute und WissenschaftlerInnen weisen auf den Schutz der Gew\u00e4sser hin.\" \/>\n<meta property=\"og:url\" content=\"https:\/\/www.organisator.ch\/it\/sostenibilita\/2020-07-07\/4aqua-will-dem-wasser-eine-auf-fakten-basierte-stimme-geben\/\" \/>\n<meta property=\"og:site_name\" content=\"Organisator\" \/>\n<meta property=\"article:publisher\" content=\"https:\/\/www.facebook.com\/OrganisatorFachmagazin\" \/>\n<meta property=\"article:published_time\" content=\"2020-07-07T15:40:48+00:00\" \/>\n<meta property=\"article:modified_time\" content=\"2022-02-09T10:10:49+00:00\" \/>\n<meta property=\"og:image\" content=\"https:\/\/www.organisator.ch\/wp-content\/uploads\/2020\/07\/ricardo-gomez-angel-tIoyAAejm9w-unsplash-scaled.jpg\" \/>\n\t<meta property=\"og:image:width\" content=\"2560\" \/>\n\t<meta property=\"og:image:height\" content=\"1708\" \/>\n\t<meta property=\"og:image:type\" content=\"image\/jpeg\" \/>\n<meta name=\"author\" content=\"michael.merz\" \/>\n<meta name=\"twitter:card\" content=\"summary_large_image\" \/>\n<script type=\"application\/ld+json\" class=\"yoast-schema-graph\">{\"@context\":\"https:\\\/\\\/schema.org\",\"@graph\":[{\"@type\":\"Article\",\"@id\":\"https:\\\/\\\/www.organisator.ch\\\/sustainability\\\/2020-07-07\\\/4aqua-will-dem-wasser-eine-auf-fakten-basierte-stimme-geben\\\/#article\",\"isPartOf\":{\"@id\":\"https:\\\/\\\/www.organisator.ch\\\/sustainability\\\/2020-07-07\\\/4aqua-will-dem-wasser-eine-auf-fakten-basierte-stimme-geben\\\/\"},\"author\":{\"name\":\"michael.merz\",\"@id\":\"https:\\\/\\\/www.organisator.ch\\\/#\\\/schema\\\/person\\\/134708ca9321c57b0362cceb7948ffbd\"},\"headline\":\"4aqua will dem Wasser eine auf Fakten basierte Stimme geben\",\"datePublished\":\"2020-07-07T15:40:48+00:00\",\"dateModified\":\"2022-02-09T10:10:49+00:00\",\"mainEntityOfPage\":{\"@id\":\"https:\\\/\\\/www.organisator.ch\\\/sustainability\\\/2020-07-07\\\/4aqua-will-dem-wasser-eine-auf-fakten-basierte-stimme-geben\\\/\"},\"wordCount\":665,\"publisher\":{\"@id\":\"https:\\\/\\\/www.organisator.ch\\\/#organization\"},\"image\":{\"@id\":\"https:\\\/\\\/www.organisator.ch\\\/sustainability\\\/2020-07-07\\\/4aqua-will-dem-wasser-eine-auf-fakten-basierte-stimme-geben\\\/#primaryimage\"},\"thumbnailUrl\":\"https:\\\/\\\/www.organisator.ch\\\/wp-content\\\/uploads\\\/2020\\\/07\\\/ricardo-gomez-angel-tIoyAAejm9w-unsplash-scaled.jpg\",\"keywords\":[\"Gew\u00e4sserschutz\",\"Nachhaltige Landwirtschaft\",\"Schweiz\",\"Trinkwasserinitative\",\"WASSER\"],\"articleSection\":[\"SUSTAINABILITY\"],\"inLanguage\":\"it-IT\"},{\"@type\":\"WebPage\",\"@id\":\"https:\\\/\\\/www.organisator.ch\\\/sustainability\\\/2020-07-07\\\/4aqua-will-dem-wasser-eine-auf-fakten-basierte-stimme-geben\\\/\",\"url\":\"https:\\\/\\\/www.organisator.ch\\\/sustainability\\\/2020-07-07\\\/4aqua-will-dem-wasser-eine-auf-fakten-basierte-stimme-geben\\\/\",\"name\":\"4aqua will dem Wasser eine auf Fakten basierte Stimme geben - Organisator\",\"isPartOf\":{\"@id\":\"https:\\\/\\\/www.organisator.ch\\\/#website\"},\"primaryImageOfPage\":{\"@id\":\"https:\\\/\\\/www.organisator.ch\\\/sustainability\\\/2020-07-07\\\/4aqua-will-dem-wasser-eine-auf-fakten-basierte-stimme-geben\\\/#primaryimage\"},\"image\":{\"@id\":\"https:\\\/\\\/www.organisator.ch\\\/sustainability\\\/2020-07-07\\\/4aqua-will-dem-wasser-eine-auf-fakten-basierte-stimme-geben\\\/#primaryimage\"},\"thumbnailUrl\":\"https:\\\/\\\/www.organisator.ch\\\/wp-content\\\/uploads\\\/2020\\\/07\\\/ricardo-gomez-angel-tIoyAAejm9w-unsplash-scaled.jpg\",\"datePublished\":\"2020-07-07T15:40:48+00:00\",\"dateModified\":\"2022-02-09T10:10:49+00:00\",\"description\":\"K\u00fcrzlich hat sich die Interessengemeinschaft 4aqua zusammengeschlossen. Schweizer Fachleute und WissenschaftlerInnen weisen auf den Schutz der Gew\u00e4sser hin.\",\"breadcrumb\":{\"@id\":\"https:\\\/\\\/www.organisator.ch\\\/sustainability\\\/2020-07-07\\\/4aqua-will-dem-wasser-eine-auf-fakten-basierte-stimme-geben\\\/#breadcrumb\"},\"inLanguage\":\"it-IT\",\"potentialAction\":[{\"@type\":\"ReadAction\",\"target\":[\"https:\\\/\\\/www.organisator.ch\\\/sustainability\\\/2020-07-07\\\/4aqua-will-dem-wasser-eine-auf-fakten-basierte-stimme-geben\\\/\"]}]},{\"@type\":\"ImageObject\",\"inLanguage\":\"it-IT\",\"@id\":\"https:\\\/\\\/www.organisator.ch\\\/sustainability\\\/2020-07-07\\\/4aqua-will-dem-wasser-eine-auf-fakten-basierte-stimme-geben\\\/#primaryimage\",\"url\":\"https:\\\/\\\/www.organisator.ch\\\/wp-content\\\/uploads\\\/2020\\\/07\\\/ricardo-gomez-angel-tIoyAAejm9w-unsplash-scaled.jpg\",\"contentUrl\":\"https:\\\/\\\/www.organisator.ch\\\/wp-content\\\/uploads\\\/2020\\\/07\\\/ricardo-gomez-angel-tIoyAAejm9w-unsplash-scaled.jpg\",\"width\":2560,\"height\":1708,\"caption\":\"W\u00e4hrend in den letzten 50 Jahren Milliarden Franken in die Abwasserreinigung investiert und nennenswerte Verbesserungen erzielt wurden, besteht im Schutz der Landwirtschaftsgew\u00e4sser noch viel Luft nach oben. (Bild: Unsplash)\"},{\"@type\":\"BreadcrumbList\",\"@id\":\"https:\\\/\\\/www.organisator.ch\\\/sustainability\\\/2020-07-07\\\/4aqua-will-dem-wasser-eine-auf-fakten-basierte-stimme-geben\\\/#breadcrumb\",\"itemListElement\":[{\"@type\":\"ListItem\",\"position\":1,\"name\":\"Home\",\"item\":\"https:\\\/\\\/www.organisator.ch\\\/\"},{\"@type\":\"ListItem\",\"position\":2,\"name\":\"4aqua will dem Wasser eine auf Fakten basierte Stimme geben\"}]},{\"@type\":\"WebSite\",\"@id\":\"https:\\\/\\\/www.organisator.ch\\\/#website\",\"url\":\"https:\\\/\\\/www.organisator.ch\\\/\",\"name\":\"Organisator\",\"description\":\"Kompetent. Praxisnah. Der ORGANISATOR bereitet in 10 Ausgaben pro Jahr die wesentlichen Themen f\u00fcr F\u00fchrungskr\u00e4fte von KMU auf.\",\"publisher\":{\"@id\":\"https:\\\/\\\/www.organisator.ch\\\/#organization\"},\"potentialAction\":[{\"@type\":\"SearchAction\",\"target\":{\"@type\":\"EntryPoint\",\"urlTemplate\":\"https:\\\/\\\/www.organisator.ch\\\/?s={search_term_string}\"},\"query-input\":{\"@type\":\"PropertyValueSpecification\",\"valueRequired\":true,\"valueName\":\"search_term_string\"}}],\"inLanguage\":\"it-IT\"},{\"@type\":\"Organization\",\"@id\":\"https:\\\/\\\/www.organisator.ch\\\/#organization\",\"name\":\"Organisator\",\"url\":\"https:\\\/\\\/www.organisator.ch\\\/\",\"logo\":{\"@type\":\"ImageObject\",\"inLanguage\":\"it-IT\",\"@id\":\"https:\\\/\\\/www.organisator.ch\\\/#\\\/schema\\\/logo\\\/image\\\/\",\"url\":\"https:\\\/\\\/www.organisator.ch\\\/wp-content\\\/uploads\\\/2022\\\/01\\\/Logo_Organisator_Website.png\",\"contentUrl\":\"https:\\\/\\\/www.organisator.ch\\\/wp-content\\\/uploads\\\/2022\\\/01\\\/Logo_Organisator_Website.png\",\"width\":800,\"height\":77,\"caption\":\"Organisator\"},\"image\":{\"@id\":\"https:\\\/\\\/www.organisator.ch\\\/#\\\/schema\\\/logo\\\/image\\\/\"},\"sameAs\":[\"https:\\\/\\\/www.facebook.com\\\/OrganisatorFachmagazin\",\"https:\\\/\\\/www.linkedin.com\\\/showcase\\\/organisator-das-magazin-fr-kmu\",\"https:\\\/\\\/www.xing.com\\\/news\\\/pages\\\/organisator-ch-695\",\"https:\\\/\\\/www.youtube.com\\\/channel\\\/UCGP2Sq0iWaZwT3BdIAQFYpw\"]},{\"@type\":\"Person\",\"@id\":\"https:\\\/\\\/www.organisator.ch\\\/#\\\/schema\\\/person\\\/134708ca9321c57b0362cceb7948ffbd\",\"name\":\"michael.merz\",\"image\":{\"@type\":\"ImageObject\",\"inLanguage\":\"it-IT\",\"@id\":\"https:\\\/\\\/secure.gravatar.com\\\/avatar\\\/?s=96&d=mm&r=g\",\"url\":\"https:\\\/\\\/secure.gravatar.com\\\/avatar\\\/?s=96&d=mm&r=g\",\"contentUrl\":\"https:\\\/\\\/secure.gravatar.com\\\/avatar\\\/?s=96&d=mm&r=g\",\"caption\":\"michael.merz\"},\"url\":\"https:\\\/\\\/www.organisator.ch\\\/it\\\/author\\\/michael-merz\\\/\"}]}<\/script>\n<!-- \/ Yoast SEO plugin. -->","yoast_head_json":{"title":"4aqua vuole dare all'acqua una voce basata sull'evidenza - Organizzatore","description":"Recentemente, il gruppo di interesse 4aqua ha unito le forze. Esperti e scienziati svizzeri sottolineano la necessit\u00e0 di proteggere l'acqua.","robots":{"index":"index","follow":"follow","max-snippet":"max-snippet:-1","max-image-preview":"max-image-preview:large","max-video-preview":"max-video-preview:-1"},"canonical":"https:\/\/www.organisator.ch\/it\/sostenibilita\/2020-07-07\/4aqua-will-dem-wasser-eine-auf-fakten-basierte-stimme-geben\/","og_locale":"it_IT","og_type":"article","og_title":"4aqua will dem Wasser eine auf Fakten basierte Stimme geben - Organisator","og_description":"K\u00fcrzlich hat sich die Interessengemeinschaft 4aqua zusammengeschlossen. Schweizer Fachleute und WissenschaftlerInnen weisen auf den Schutz der Gew\u00e4sser hin.","og_url":"https:\/\/www.organisator.ch\/it\/sostenibilita\/2020-07-07\/4aqua-will-dem-wasser-eine-auf-fakten-basierte-stimme-geben\/","og_site_name":"Organisator","article_publisher":"https:\/\/www.facebook.com\/OrganisatorFachmagazin","article_published_time":"2020-07-07T15:40:48+00:00","article_modified_time":"2022-02-09T10:10:49+00:00","og_image":[{"width":2560,"height":1708,"url":"https:\/\/www.organisator.ch\/wp-content\/uploads\/2020\/07\/ricardo-gomez-angel-tIoyAAejm9w-unsplash-scaled.jpg","type":"image\/jpeg"}],"author":"michael.merz","twitter_card":"summary_large_image","schema":{"@context":"https:\/\/schema.org","@graph":[{"@type":"Article","@id":"https:\/\/www.organisator.ch\/sustainability\/2020-07-07\/4aqua-will-dem-wasser-eine-auf-fakten-basierte-stimme-geben\/#article","isPartOf":{"@id":"https:\/\/www.organisator.ch\/sustainability\/2020-07-07\/4aqua-will-dem-wasser-eine-auf-fakten-basierte-stimme-geben\/"},"author":{"name":"michael.merz","@id":"https:\/\/www.organisator.ch\/#\/schema\/person\/134708ca9321c57b0362cceb7948ffbd"},"headline":"4aqua will dem Wasser eine auf Fakten basierte Stimme geben","datePublished":"2020-07-07T15:40:48+00:00","dateModified":"2022-02-09T10:10:49+00:00","mainEntityOfPage":{"@id":"https:\/\/www.organisator.ch\/sustainability\/2020-07-07\/4aqua-will-dem-wasser-eine-auf-fakten-basierte-stimme-geben\/"},"wordCount":665,"publisher":{"@id":"https:\/\/www.organisator.ch\/#organization"},"image":{"@id":"https:\/\/www.organisator.ch\/sustainability\/2020-07-07\/4aqua-will-dem-wasser-eine-auf-fakten-basierte-stimme-geben\/#primaryimage"},"thumbnailUrl":"https:\/\/www.organisator.ch\/wp-content\/uploads\/2020\/07\/ricardo-gomez-angel-tIoyAAejm9w-unsplash-scaled.jpg","keywords":["Gew\u00e4sserschutz","Nachhaltige Landwirtschaft","Schweiz","Trinkwasserinitative","WASSER"],"articleSection":["SUSTAINABILITY"],"inLanguage":"it-IT"},{"@type":"WebPage","@id":"https:\/\/www.organisator.ch\/sustainability\/2020-07-07\/4aqua-will-dem-wasser-eine-auf-fakten-basierte-stimme-geben\/","url":"https:\/\/www.organisator.ch\/sustainability\/2020-07-07\/4aqua-will-dem-wasser-eine-auf-fakten-basierte-stimme-geben\/","name":"4aqua vuole dare all'acqua una voce basata sull'evidenza - Organizzatore","isPartOf":{"@id":"https:\/\/www.organisator.ch\/#website"},"primaryImageOfPage":{"@id":"https:\/\/www.organisator.ch\/sustainability\/2020-07-07\/4aqua-will-dem-wasser-eine-auf-fakten-basierte-stimme-geben\/#primaryimage"},"image":{"@id":"https:\/\/www.organisator.ch\/sustainability\/2020-07-07\/4aqua-will-dem-wasser-eine-auf-fakten-basierte-stimme-geben\/#primaryimage"},"thumbnailUrl":"https:\/\/www.organisator.ch\/wp-content\/uploads\/2020\/07\/ricardo-gomez-angel-tIoyAAejm9w-unsplash-scaled.jpg","datePublished":"2020-07-07T15:40:48+00:00","dateModified":"2022-02-09T10:10:49+00:00","description":"Recentemente, il gruppo di interesse 4aqua ha unito le forze. Esperti e scienziati svizzeri sottolineano la necessit\u00e0 di proteggere l'acqua.","breadcrumb":{"@id":"https:\/\/www.organisator.ch\/sustainability\/2020-07-07\/4aqua-will-dem-wasser-eine-auf-fakten-basierte-stimme-geben\/#breadcrumb"},"inLanguage":"it-IT","potentialAction":[{"@type":"ReadAction","target":["https:\/\/www.organisator.ch\/sustainability\/2020-07-07\/4aqua-will-dem-wasser-eine-auf-fakten-basierte-stimme-geben\/"]}]},{"@type":"ImageObject","inLanguage":"it-IT","@id":"https:\/\/www.organisator.ch\/sustainability\/2020-07-07\/4aqua-will-dem-wasser-eine-auf-fakten-basierte-stimme-geben\/#primaryimage","url":"https:\/\/www.organisator.ch\/wp-content\/uploads\/2020\/07\/ricardo-gomez-angel-tIoyAAejm9w-unsplash-scaled.jpg","contentUrl":"https:\/\/www.organisator.ch\/wp-content\/uploads\/2020\/07\/ricardo-gomez-angel-tIoyAAejm9w-unsplash-scaled.jpg","width":2560,"height":1708,"caption":"W\u00e4hrend in den letzten 50 Jahren Milliarden Franken in die Abwasserreinigung investiert und nennenswerte Verbesserungen erzielt wurden, besteht im Schutz der Landwirtschaftsgew\u00e4sser noch viel Luft nach oben. (Bild: Unsplash)"},{"@type":"BreadcrumbList","@id":"https:\/\/www.organisator.ch\/sustainability\/2020-07-07\/4aqua-will-dem-wasser-eine-auf-fakten-basierte-stimme-geben\/#breadcrumb","itemListElement":[{"@type":"ListItem","position":1,"name":"Home","item":"https:\/\/www.organisator.ch\/"},{"@type":"ListItem","position":2,"name":"4aqua will dem Wasser eine auf Fakten basierte Stimme geben"}]},{"@type":"WebSite","@id":"https:\/\/www.organisator.ch\/#website","url":"https:\/\/www.organisator.ch\/","name":"Organizzatore","description":"Competente. Pratico. In 10 numeri all'anno, ORGANISATOR presenta i temi essenziali per i manager delle PMI.","publisher":{"@id":"https:\/\/www.organisator.ch\/#organization"},"potentialAction":[{"@type":"SearchAction","target":{"@type":"EntryPoint","urlTemplate":"https:\/\/www.organisator.ch\/?s={search_term_string}"},"query-input":{"@type":"PropertyValueSpecification","valueRequired":true,"valueName":"search_term_string"}}],"inLanguage":"it-IT"},{"@type":"Organization","@id":"https:\/\/www.organisator.ch\/#organization","name":"Organizzatore","url":"https:\/\/www.organisator.ch\/","logo":{"@type":"ImageObject","inLanguage":"it-IT","@id":"https:\/\/www.organisator.ch\/#\/schema\/logo\/image\/","url":"https:\/\/www.organisator.ch\/wp-content\/uploads\/2022\/01\/Logo_Organisator_Website.png","contentUrl":"https:\/\/www.organisator.ch\/wp-content\/uploads\/2022\/01\/Logo_Organisator_Website.png","width":800,"height":77,"caption":"Organisator"},"image":{"@id":"https:\/\/www.organisator.ch\/#\/schema\/logo\/image\/"},"sameAs":["https:\/\/www.facebook.com\/OrganisatorFachmagazin","https:\/\/www.linkedin.com\/showcase\/organisator-das-magazin-fr-kmu","https:\/\/www.xing.com\/news\/pages\/organisator-ch-695","https:\/\/www.youtube.com\/channel\/UCGP2Sq0iWaZwT3BdIAQFYpw"]},{"@type":"Person","@id":"https:\/\/www.organisator.ch\/#\/schema\/person\/134708ca9321c57b0362cceb7948ffbd","name":"michael.merz","image":{"@type":"ImageObject","inLanguage":"it-IT","@id":"https:\/\/secure.gravatar.com\/avatar\/?s=96&d=mm&r=g","url":"https:\/\/secure.gravatar.com\/avatar\/?s=96&d=mm&r=g","contentUrl":"https:\/\/secure.gravatar.com\/avatar\/?s=96&d=mm&r=g","caption":"michael.merz"},"url":"https:\/\/www.organisator.ch\/it\/author\/michael-merz\/"}]}},"_links":{"self":[{"href":"https:\/\/www.organisator.ch\/it\/wp-json\/wp\/v2\/posts\/10187","targetHints":{"allow":["GET"]}}],"collection":[{"href":"https:\/\/www.organisator.ch\/it\/wp-json\/wp\/v2\/posts"}],"about":[{"href":"https:\/\/www.organisator.ch\/it\/wp-json\/wp\/v2\/types\/post"}],"author":[{"embeddable":true,"href":"https:\/\/www.organisator.ch\/it\/wp-json\/wp\/v2\/users\/5"}],"replies":[{"embeddable":true,"href":"https:\/\/www.organisator.ch\/it\/wp-json\/wp\/v2\/comments?post=10187"}],"version-history":[{"count":1,"href":"https:\/\/www.organisator.ch\/it\/wp-json\/wp\/v2\/posts\/10187\/revisions"}],"predecessor-version":[{"id":10998,"href":"https:\/\/www.organisator.ch\/it\/wp-json\/wp\/v2\/posts\/10187\/revisions\/10998"}],"wp:featuredmedia":[{"embeddable":true,"href":"https:\/\/www.organisator.ch\/it\/wp-json\/wp\/v2\/media\/3170"}],"wp:attachment":[{"href":"https:\/\/www.organisator.ch\/it\/wp-json\/wp\/v2\/media?parent=10187"}],"wp:term":[{"taxonomy":"category","embeddable":true,"href":"https:\/\/www.organisator.ch\/it\/wp-json\/wp\/v2\/categories?post=10187"},{"taxonomy":"post_tag","embeddable":true,"href":"https:\/\/www.organisator.ch\/it\/wp-json\/wp\/v2\/tags?post=10187"}],"curies":[{"name":"wp","href":"https:\/\/api.w.org\/{rel}","templated":true}]}}