{"id":10189,"date":"2020-07-08T12:01:53","date_gmt":"2020-07-08T10:01:53","guid":{"rendered":"https:\/\/www.umweltperspektiven.ch\/?p=3182"},"modified":"2022-02-09T11:06:13","modified_gmt":"2022-02-09T10:06:13","slug":"wasserstoff-zukunft-ist-gegenwart","status":"publish","type":"post","link":"https:\/\/www.organisator.ch\/it\/sustainability\/2020-07-08\/wasserstoff-zukunft-ist-gegenwart\/","title":{"rendered":"Idrogeno: il futuro \u00e8 il presente"},"content":{"rendered":"<p><img loading=\"lazy\" decoding=\"async\" class=\"wp-image-3183\" src=\"\/\/www.umweltperspektiven.ch\/wp-content\/uploads\/2020\/07\/01_Wasserstoff-Tankstelle-St.-Gallen_autosprint.ch_.jpg\" alt=\"\" width=\"832\" height=\"554\" \/><\/p>\n<p>Bertrand Piccard ha dato il via libera alla stazione di rifornimento di idrogeno a San Gallo.Entro la fine del 2020, stazioni di rifornimento pubbliche di idrogeno saranno in funzione sull'asse Lago di Costanza - Lago di Ginevra a San Gallo (SG), R\u00fcmlang (ZH), Hunzenschwil (AG), Zofingen (AG), Berna (BE) e Crissier (VD). Nel suo numero attuale (UP 2020_02), Umwelt Perspektiven riporta in dettaglio i vantaggi dei camion a idrogeno. Nella nuova stazione di rifornimento di idrogeno a San Gallo, l'idrogeno verde \u00e8 disponibile per veicoli commerciali (350 bar) e autovetture (700 bar). Osterwalder St. Gallen AG \u00e8 la prima stazione di servizio ad offrire l'idrogeno verde con la denominazione H2 Zero. Colleghi di <a href=\"\/\/www.autosprint.ch\/branche\/wasserstoff-zukunft-ist-gegenwart\/\">autosprint.ch<\/a> erano sul posto e hanno riassunto gli sviluppi pi\u00f9 importanti.<\/p>\n<p><strong>Risultato unico del settore privato<\/strong><\/p>\n<p>Bertrand Piccard: \"Quello che il settore privato svizzero sta creando \u00e8 unico al mondo. Alcuni credevano che l'industria dell'idrogeno fosse pura utopia. Ma la Svizzera sta dimostrando che i veicoli commerciali elettrici e le autovetture possono essere alimentati con idrogeno pulito e guidati senza emissioni di CO2\".<\/p>\n<p><strong>Camion a propulsione elettrica<\/strong><br \/>\nDopo una fase pilota durata diversi anni, i membri dell'associazione promozionale H2 Mobility Switzerland e le loro aziende partner stanno facendo crescere il nuovo sistema di mobilit\u00e0 elettrica in Svizzera.<br \/>\nQuesto permette il funzionamento senza CO2 di veicoli commerciali e autovetture elettriche che funzionano con idrogeno verde come mezzo di stoccaggio dell'energia.<\/p>\n<p><strong>Come funziona il sistema di mobilit\u00e0<\/strong><br \/>\nHydrospider, Hyundai Hydrogen Mobility (HHM), la F\u00f6rderverein H2 Mobilit\u00e4t Schweiz e H2 Energy stanno costruendo una mobilit\u00e0 elettrica senza emissioni in Svizzera. La base per questo \u00e8 fornita da un ecosistema che unisce vari attori in un unico sistema.<\/p>\n<p>Ogni parte di questo ciclo, dalla fonte di energia alla produzione e all'uso nel veicolo elettrico, funziona senza emissioni di CO2.<\/p>\n<p><strong>Fabbricazione esclusivamente in Svizzera<\/strong><br \/>\nIl ciclo chiuso inizia con la produzione di idrogeno verde da parte della Hydrospider AG. Ci\u00f2 avviene in anticipo in un impianto di produzione presso la centrale idroelettrica Alpiq di G\u00f6sgen (SO).<br \/>\nL'idrogeno viene prodotto esclusivamente con l'aiuto di elettricit\u00e0 proveniente da energie rinnovabili (acqua, sole, vento) in Svizzera - ed \u00e8 quindi privo di emissioni e rispettoso del clima. Questo \u00e8 idrogeno completamente verde.<\/p>\n<p><strong>1600 camion elettrici a celle a combustibile<\/strong><br \/>\nHyundai Hydrogen Mobility AG importa fino a 1600 camion elettrici a celle a combustibile entro il 2025. La fornitura di idrogeno, la costruzione dei veicoli commerciali, l'infrastruttura e la rete di stazioni di rifornimento per i primi 50 camion Hyundai Xcient Fuel Cell sono preparati. I camion con rimorchio da 36 tonnellate dovrebbero essere sulle strade svizzere prima della fine del 2020.<br \/>\nI membri dell'associazione di promozione H2 Mobility Switzerland utilizzano i veicoli commerciali e stanno allestendo l'infrastruttura di rifornimento a livello nazionale con 350 bar e 700 bar (per veicoli commerciali e autovetture).<\/p>\n<p><strong>Vantaggi dell'elettromobilit\u00e0 a idrogeno<\/strong><br \/>\nHyundai e Toyota offrono gi\u00e0 in Svizzera automobili elettriche di serie alimentate a idrogeno.<br \/>\nVantaggi dell'elettromobilit\u00e0 a idrogeno: produzione locale e indipendente, mobilit\u00e0 senza emissioni (vapore acqueo invece dei gas di scarico), guida con motore elettrico (silenzioso ed efficiente), rifornimento rapido (rispetto ai veicoli convenzionali) e una lunga autonomia.<br \/>\nIl futuro \u00e8 gi\u00e0 presente in questi giorni.<\/p>\n<p><a href=\"\/\/h2mobilitaet.ch\/\" target=\"_blank\" rel=\"noopener\">h2mobilitaet.ch<\/a><\/p>\n<p>&nbsp;<\/p>\n<p><em>Tutti gli articoli sugli argomenti:\u00a0<a href=\"\/\/www.autosprint.ch\/tag\/bertrand-piccard\/\" rel=\"tag\">Bertrand Piccard<\/a>,\u00a0<a href=\"\/\/www.autosprint.ch\/tag\/h2-mobilitaet\/\" rel=\"tag\">Mobilit\u00e0 H2<\/a>,\u00a0<a href=\"\/\/www.autosprint.ch\/tag\/hyundai\/\" rel=\"tag\">Hyundai<\/a>,\u00a0<a href=\"\/\/www.autosprint.ch\/tag\/wasserstoff\/\" rel=\"tag\">Idrogeno<\/a><\/em><\/p>\n<p>&nbsp;<\/p>\n<p>&nbsp;<\/p>","protected":false},"excerpt":{"rendered":"<p>F\u00fcr die Wasserstoff-Tankstelle St. Gallen gab Bertrand Piccard das Startzeichen fu\u0308r den Betrieb.Bis Ende 2020 werden auf der Achse Bodensee \u2013 Genfersee \u00f6ffentliche Wasserstoff-Tankstellen in St. Gallen (SG), Ru\u0308mlang (ZH), Hunzenschwil (AG), Zofingen (AG), Bern (BE) und Crissier (VD) in Betrieb sein. Die Umwelt Perspektiven berichten in der aktuellen Ausgabe (UP 2020_02) ausf\u00fchrlich \u00fcber die [&hellip;]<\/p>\n","protected":false},"author":5,"featured_media":9711,"comment_status":"closed","ping_status":"closed","sticky":false,"template":"","format":"standard","meta":{"_acf_changed":false,"_yoast_wpseo_focuskw":"Wasserstoff","_yoast_wpseo_metadesc":"Mit der Ero\u0308ffnung der ersten Avia Wasserstoff-Tankstelle in St. Gallen wurde nach Coop in Hunzenschwil die zweite Tankstelle in Betrieb gesetzt.","articlekey":"","footnotes":""},"categories":[580],"tags":[1038,1048,1098,1336,424,2524],"class_list":["post-10189","post","type-post","status-publish","format-standard","has-post-thumbnail","hentry","category-sustainability","tag-elektromobilitaet","tag-emissionsfrei","tag-enerneuerbare-energie","tag-guetertransport","tag-schweiz","tag-wasserstoff"],"acf":[],"yoast_head":"<!-- This site is optimized with the Yoast SEO plugin v27.5 - https:\/\/yoast.com\/product\/yoast-seo-wordpress\/ -->\n<title>Wasserstoff: Zukunft ist Gegenwart - Organisator<\/title>\n<meta name=\"description\" content=\"Mit der Ero\u0308ffnung der ersten Avia Wasserstoff-Tankstelle in St. Gallen wurde nach Coop in Hunzenschwil die zweite Tankstelle in Betrieb gesetzt.\" \/>\n<meta name=\"robots\" content=\"index, follow, max-snippet:-1, max-image-preview:large, max-video-preview:-1\" \/>\n<link rel=\"canonical\" href=\"https:\/\/www.organisator.ch\/it\/sostenibilita\/2020-07-08\/wasserstoff-zukunft-ist-gegenwart\/\" \/>\n<meta property=\"og:locale\" content=\"it_IT\" \/>\n<meta property=\"og:type\" content=\"article\" \/>\n<meta property=\"og:title\" content=\"Wasserstoff: Zukunft ist Gegenwart - Organisator\" \/>\n<meta property=\"og:description\" content=\"Mit der Ero\u0308ffnung der ersten Avia Wasserstoff-Tankstelle in St. Gallen wurde nach Coop in Hunzenschwil die zweite Tankstelle in Betrieb gesetzt.\" \/>\n<meta property=\"og:url\" content=\"https:\/\/www.organisator.ch\/it\/sostenibilita\/2020-07-08\/wasserstoff-zukunft-ist-gegenwart\/\" \/>\n<meta property=\"og:site_name\" content=\"Organisator\" \/>\n<meta property=\"article:publisher\" content=\"https:\/\/www.facebook.com\/OrganisatorFachmagazin\" \/>\n<meta property=\"article:published_time\" content=\"2020-07-08T10:01:53+00:00\" \/>\n<meta property=\"article:modified_time\" content=\"2022-02-09T10:06:13+00:00\" \/>\n<meta property=\"og:image\" content=\"https:\/\/www.organisator.ch\/wp-content\/uploads\/2020\/07\/01_Wasserstoff-Tankstelle-St.-Gallen_autosprint.ch_.jpg\" \/>\n\t<meta property=\"og:image:width\" content=\"1920\" \/>\n\t<meta property=\"og:image:height\" content=\"1280\" \/>\n\t<meta property=\"og:image:type\" content=\"image\/jpeg\" \/>\n<meta name=\"author\" content=\"michael.merz\" \/>\n<meta name=\"twitter:card\" content=\"summary_large_image\" \/>\n<script type=\"application\/ld+json\" class=\"yoast-schema-graph\">{\"@context\":\"https:\\\/\\\/schema.org\",\"@graph\":[{\"@type\":\"Article\",\"@id\":\"https:\\\/\\\/www.organisator.ch\\\/sustainability\\\/2020-07-08\\\/wasserstoff-zukunft-ist-gegenwart\\\/#article\",\"isPartOf\":{\"@id\":\"https:\\\/\\\/www.organisator.ch\\\/sustainability\\\/2020-07-08\\\/wasserstoff-zukunft-ist-gegenwart\\\/\"},\"author\":{\"name\":\"michael.merz\",\"@id\":\"https:\\\/\\\/www.organisator.ch\\\/#\\\/schema\\\/person\\\/134708ca9321c57b0362cceb7948ffbd\"},\"headline\":\"Wasserstoff: Zukunft ist Gegenwart\",\"datePublished\":\"2020-07-08T10:01:53+00:00\",\"dateModified\":\"2022-02-09T10:06:13+00:00\",\"mainEntityOfPage\":{\"@id\":\"https:\\\/\\\/www.organisator.ch\\\/sustainability\\\/2020-07-08\\\/wasserstoff-zukunft-ist-gegenwart\\\/\"},\"wordCount\":491,\"publisher\":{\"@id\":\"https:\\\/\\\/www.organisator.ch\\\/#organization\"},\"image\":{\"@id\":\"https:\\\/\\\/www.organisator.ch\\\/sustainability\\\/2020-07-08\\\/wasserstoff-zukunft-ist-gegenwart\\\/#primaryimage\"},\"thumbnailUrl\":\"https:\\\/\\\/www.organisator.ch\\\/wp-content\\\/uploads\\\/2020\\\/07\\\/01_Wasserstoff-Tankstelle-St.-Gallen_autosprint.ch_.jpg\",\"keywords\":[\"Elektromobilit\u00e4t\",\"emissionsfrei\",\"Enerneuerbare Energie\",\"G\u00fctertransport\",\"Schweiz\",\"Wasserstoff\"],\"articleSection\":[\"SUSTAINABILITY\"],\"inLanguage\":\"it-IT\"},{\"@type\":\"WebPage\",\"@id\":\"https:\\\/\\\/www.organisator.ch\\\/sustainability\\\/2020-07-08\\\/wasserstoff-zukunft-ist-gegenwart\\\/\",\"url\":\"https:\\\/\\\/www.organisator.ch\\\/sustainability\\\/2020-07-08\\\/wasserstoff-zukunft-ist-gegenwart\\\/\",\"name\":\"Wasserstoff: Zukunft ist Gegenwart - Organisator\",\"isPartOf\":{\"@id\":\"https:\\\/\\\/www.organisator.ch\\\/#website\"},\"primaryImageOfPage\":{\"@id\":\"https:\\\/\\\/www.organisator.ch\\\/sustainability\\\/2020-07-08\\\/wasserstoff-zukunft-ist-gegenwart\\\/#primaryimage\"},\"image\":{\"@id\":\"https:\\\/\\\/www.organisator.ch\\\/sustainability\\\/2020-07-08\\\/wasserstoff-zukunft-ist-gegenwart\\\/#primaryimage\"},\"thumbnailUrl\":\"https:\\\/\\\/www.organisator.ch\\\/wp-content\\\/uploads\\\/2020\\\/07\\\/01_Wasserstoff-Tankstelle-St.-Gallen_autosprint.ch_.jpg\",\"datePublished\":\"2020-07-08T10:01:53+00:00\",\"dateModified\":\"2022-02-09T10:06:13+00:00\",\"description\":\"Mit der Ero\u0308ffnung der ersten Avia Wasserstoff-Tankstelle in St. Gallen wurde nach Coop in Hunzenschwil die zweite Tankstelle in Betrieb gesetzt.\",\"breadcrumb\":{\"@id\":\"https:\\\/\\\/www.organisator.ch\\\/sustainability\\\/2020-07-08\\\/wasserstoff-zukunft-ist-gegenwart\\\/#breadcrumb\"},\"inLanguage\":\"it-IT\",\"potentialAction\":[{\"@type\":\"ReadAction\",\"target\":[\"https:\\\/\\\/www.organisator.ch\\\/sustainability\\\/2020-07-08\\\/wasserstoff-zukunft-ist-gegenwart\\\/\"]}]},{\"@type\":\"ImageObject\",\"inLanguage\":\"it-IT\",\"@id\":\"https:\\\/\\\/www.organisator.ch\\\/sustainability\\\/2020-07-08\\\/wasserstoff-zukunft-ist-gegenwart\\\/#primaryimage\",\"url\":\"https:\\\/\\\/www.organisator.ch\\\/wp-content\\\/uploads\\\/2020\\\/07\\\/01_Wasserstoff-Tankstelle-St.-Gallen_autosprint.ch_.jpg\",\"contentUrl\":\"https:\\\/\\\/www.organisator.ch\\\/wp-content\\\/uploads\\\/2020\\\/07\\\/01_Wasserstoff-Tankstelle-St.-Gallen_autosprint.ch_.jpg\",\"width\":1920,\"height\":1280,\"caption\":\"F\u00fcr die Wasserstoff-Tankstelle St. Gallen gab Bertrand Piccard das Startzeichen fu\u0308r den Betrieb.\"},{\"@type\":\"BreadcrumbList\",\"@id\":\"https:\\\/\\\/www.organisator.ch\\\/sustainability\\\/2020-07-08\\\/wasserstoff-zukunft-ist-gegenwart\\\/#breadcrumb\",\"itemListElement\":[{\"@type\":\"ListItem\",\"position\":1,\"name\":\"Home\",\"item\":\"https:\\\/\\\/www.organisator.ch\\\/\"},{\"@type\":\"ListItem\",\"position\":2,\"name\":\"Wasserstoff: Zukunft ist Gegenwart\"}]},{\"@type\":\"WebSite\",\"@id\":\"https:\\\/\\\/www.organisator.ch\\\/#website\",\"url\":\"https:\\\/\\\/www.organisator.ch\\\/\",\"name\":\"Organisator\",\"description\":\"Kompetent. Praxisnah. Der ORGANISATOR bereitet in 10 Ausgaben pro Jahr die wesentlichen Themen f\u00fcr F\u00fchrungskr\u00e4fte von KMU auf.\",\"publisher\":{\"@id\":\"https:\\\/\\\/www.organisator.ch\\\/#organization\"},\"potentialAction\":[{\"@type\":\"SearchAction\",\"target\":{\"@type\":\"EntryPoint\",\"urlTemplate\":\"https:\\\/\\\/www.organisator.ch\\\/?s={search_term_string}\"},\"query-input\":{\"@type\":\"PropertyValueSpecification\",\"valueRequired\":true,\"valueName\":\"search_term_string\"}}],\"inLanguage\":\"it-IT\"},{\"@type\":\"Organization\",\"@id\":\"https:\\\/\\\/www.organisator.ch\\\/#organization\",\"name\":\"Organisator\",\"url\":\"https:\\\/\\\/www.organisator.ch\\\/\",\"logo\":{\"@type\":\"ImageObject\",\"inLanguage\":\"it-IT\",\"@id\":\"https:\\\/\\\/www.organisator.ch\\\/#\\\/schema\\\/logo\\\/image\\\/\",\"url\":\"https:\\\/\\\/www.organisator.ch\\\/wp-content\\\/uploads\\\/2022\\\/01\\\/Logo_Organisator_Website.png\",\"contentUrl\":\"https:\\\/\\\/www.organisator.ch\\\/wp-content\\\/uploads\\\/2022\\\/01\\\/Logo_Organisator_Website.png\",\"width\":800,\"height\":77,\"caption\":\"Organisator\"},\"image\":{\"@id\":\"https:\\\/\\\/www.organisator.ch\\\/#\\\/schema\\\/logo\\\/image\\\/\"},\"sameAs\":[\"https:\\\/\\\/www.facebook.com\\\/OrganisatorFachmagazin\",\"https:\\\/\\\/www.linkedin.com\\\/showcase\\\/organisator-das-magazin-fr-kmu\",\"https:\\\/\\\/www.xing.com\\\/news\\\/pages\\\/organisator-ch-695\",\"https:\\\/\\\/www.youtube.com\\\/channel\\\/UCGP2Sq0iWaZwT3BdIAQFYpw\"]},{\"@type\":\"Person\",\"@id\":\"https:\\\/\\\/www.organisator.ch\\\/#\\\/schema\\\/person\\\/134708ca9321c57b0362cceb7948ffbd\",\"name\":\"michael.merz\",\"image\":{\"@type\":\"ImageObject\",\"inLanguage\":\"it-IT\",\"@id\":\"https:\\\/\\\/secure.gravatar.com\\\/avatar\\\/?s=96&d=mm&r=g\",\"url\":\"https:\\\/\\\/secure.gravatar.com\\\/avatar\\\/?s=96&d=mm&r=g\",\"contentUrl\":\"https:\\\/\\\/secure.gravatar.com\\\/avatar\\\/?s=96&d=mm&r=g\",\"caption\":\"michael.merz\"},\"url\":\"https:\\\/\\\/www.organisator.ch\\\/it\\\/author\\\/michael-merz\\\/\"}]}<\/script>\n<!-- \/ Yoast SEO plugin. -->","yoast_head_json":{"title":"Idrogeno: il futuro \u00e8 presente - Organizzatore","description":"Con l'apertura della prima stazione di rifornimento di idrogeno Avia a San Gallo, \u00e8 entrata in funzione la seconda stazione di rifornimento dopo quella di Coop a Hunzenschwil.","robots":{"index":"index","follow":"follow","max-snippet":"max-snippet:-1","max-image-preview":"max-image-preview:large","max-video-preview":"max-video-preview:-1"},"canonical":"https:\/\/www.organisator.ch\/it\/sostenibilita\/2020-07-08\/wasserstoff-zukunft-ist-gegenwart\/","og_locale":"it_IT","og_type":"article","og_title":"Wasserstoff: Zukunft ist Gegenwart - Organisator","og_description":"Mit der Ero\u0308ffnung der ersten Avia Wasserstoff-Tankstelle in St. Gallen wurde nach Coop in Hunzenschwil die zweite Tankstelle in Betrieb gesetzt.","og_url":"https:\/\/www.organisator.ch\/it\/sostenibilita\/2020-07-08\/wasserstoff-zukunft-ist-gegenwart\/","og_site_name":"Organisator","article_publisher":"https:\/\/www.facebook.com\/OrganisatorFachmagazin","article_published_time":"2020-07-08T10:01:53+00:00","article_modified_time":"2022-02-09T10:06:13+00:00","og_image":[{"width":1920,"height":1280,"url":"https:\/\/www.organisator.ch\/wp-content\/uploads\/2020\/07\/01_Wasserstoff-Tankstelle-St.-Gallen_autosprint.ch_.jpg","type":"image\/jpeg"}],"author":"michael.merz","twitter_card":"summary_large_image","schema":{"@context":"https:\/\/schema.org","@graph":[{"@type":"Article","@id":"https:\/\/www.organisator.ch\/sustainability\/2020-07-08\/wasserstoff-zukunft-ist-gegenwart\/#article","isPartOf":{"@id":"https:\/\/www.organisator.ch\/sustainability\/2020-07-08\/wasserstoff-zukunft-ist-gegenwart\/"},"author":{"name":"michael.merz","@id":"https:\/\/www.organisator.ch\/#\/schema\/person\/134708ca9321c57b0362cceb7948ffbd"},"headline":"Wasserstoff: Zukunft ist Gegenwart","datePublished":"2020-07-08T10:01:53+00:00","dateModified":"2022-02-09T10:06:13+00:00","mainEntityOfPage":{"@id":"https:\/\/www.organisator.ch\/sustainability\/2020-07-08\/wasserstoff-zukunft-ist-gegenwart\/"},"wordCount":491,"publisher":{"@id":"https:\/\/www.organisator.ch\/#organization"},"image":{"@id":"https:\/\/www.organisator.ch\/sustainability\/2020-07-08\/wasserstoff-zukunft-ist-gegenwart\/#primaryimage"},"thumbnailUrl":"https:\/\/www.organisator.ch\/wp-content\/uploads\/2020\/07\/01_Wasserstoff-Tankstelle-St.-Gallen_autosprint.ch_.jpg","keywords":["Elektromobilit\u00e4t","emissionsfrei","Enerneuerbare Energie","G\u00fctertransport","Schweiz","Wasserstoff"],"articleSection":["SUSTAINABILITY"],"inLanguage":"it-IT"},{"@type":"WebPage","@id":"https:\/\/www.organisator.ch\/sustainability\/2020-07-08\/wasserstoff-zukunft-ist-gegenwart\/","url":"https:\/\/www.organisator.ch\/sustainability\/2020-07-08\/wasserstoff-zukunft-ist-gegenwart\/","name":"Idrogeno: il futuro \u00e8 presente - Organizzatore","isPartOf":{"@id":"https:\/\/www.organisator.ch\/#website"},"primaryImageOfPage":{"@id":"https:\/\/www.organisator.ch\/sustainability\/2020-07-08\/wasserstoff-zukunft-ist-gegenwart\/#primaryimage"},"image":{"@id":"https:\/\/www.organisator.ch\/sustainability\/2020-07-08\/wasserstoff-zukunft-ist-gegenwart\/#primaryimage"},"thumbnailUrl":"https:\/\/www.organisator.ch\/wp-content\/uploads\/2020\/07\/01_Wasserstoff-Tankstelle-St.-Gallen_autosprint.ch_.jpg","datePublished":"2020-07-08T10:01:53+00:00","dateModified":"2022-02-09T10:06:13+00:00","description":"Con l'apertura della prima stazione di rifornimento di idrogeno Avia a San Gallo, \u00e8 entrata in funzione la seconda stazione di rifornimento dopo quella di Coop a Hunzenschwil.","breadcrumb":{"@id":"https:\/\/www.organisator.ch\/sustainability\/2020-07-08\/wasserstoff-zukunft-ist-gegenwart\/#breadcrumb"},"inLanguage":"it-IT","potentialAction":[{"@type":"ReadAction","target":["https:\/\/www.organisator.ch\/sustainability\/2020-07-08\/wasserstoff-zukunft-ist-gegenwart\/"]}]},{"@type":"ImageObject","inLanguage":"it-IT","@id":"https:\/\/www.organisator.ch\/sustainability\/2020-07-08\/wasserstoff-zukunft-ist-gegenwart\/#primaryimage","url":"https:\/\/www.organisator.ch\/wp-content\/uploads\/2020\/07\/01_Wasserstoff-Tankstelle-St.-Gallen_autosprint.ch_.jpg","contentUrl":"https:\/\/www.organisator.ch\/wp-content\/uploads\/2020\/07\/01_Wasserstoff-Tankstelle-St.-Gallen_autosprint.ch_.jpg","width":1920,"height":1280,"caption":"F\u00fcr die Wasserstoff-Tankstelle St. Gallen gab Bertrand Piccard das Startzeichen fu\u0308r den Betrieb."},{"@type":"BreadcrumbList","@id":"https:\/\/www.organisator.ch\/sustainability\/2020-07-08\/wasserstoff-zukunft-ist-gegenwart\/#breadcrumb","itemListElement":[{"@type":"ListItem","position":1,"name":"Home","item":"https:\/\/www.organisator.ch\/"},{"@type":"ListItem","position":2,"name":"Wasserstoff: Zukunft ist Gegenwart"}]},{"@type":"WebSite","@id":"https:\/\/www.organisator.ch\/#website","url":"https:\/\/www.organisator.ch\/","name":"Organizzatore","description":"Competente. Pratico. In 10 numeri all'anno, ORGANISATOR presenta i temi essenziali per i manager delle PMI.","publisher":{"@id":"https:\/\/www.organisator.ch\/#organization"},"potentialAction":[{"@type":"SearchAction","target":{"@type":"EntryPoint","urlTemplate":"https:\/\/www.organisator.ch\/?s={search_term_string}"},"query-input":{"@type":"PropertyValueSpecification","valueRequired":true,"valueName":"search_term_string"}}],"inLanguage":"it-IT"},{"@type":"Organization","@id":"https:\/\/www.organisator.ch\/#organization","name":"Organizzatore","url":"https:\/\/www.organisator.ch\/","logo":{"@type":"ImageObject","inLanguage":"it-IT","@id":"https:\/\/www.organisator.ch\/#\/schema\/logo\/image\/","url":"https:\/\/www.organisator.ch\/wp-content\/uploads\/2022\/01\/Logo_Organisator_Website.png","contentUrl":"https:\/\/www.organisator.ch\/wp-content\/uploads\/2022\/01\/Logo_Organisator_Website.png","width":800,"height":77,"caption":"Organisator"},"image":{"@id":"https:\/\/www.organisator.ch\/#\/schema\/logo\/image\/"},"sameAs":["https:\/\/www.facebook.com\/OrganisatorFachmagazin","https:\/\/www.linkedin.com\/showcase\/organisator-das-magazin-fr-kmu","https:\/\/www.xing.com\/news\/pages\/organisator-ch-695","https:\/\/www.youtube.com\/channel\/UCGP2Sq0iWaZwT3BdIAQFYpw"]},{"@type":"Person","@id":"https:\/\/www.organisator.ch\/#\/schema\/person\/134708ca9321c57b0362cceb7948ffbd","name":"michael.merz","image":{"@type":"ImageObject","inLanguage":"it-IT","@id":"https:\/\/secure.gravatar.com\/avatar\/?s=96&d=mm&r=g","url":"https:\/\/secure.gravatar.com\/avatar\/?s=96&d=mm&r=g","contentUrl":"https:\/\/secure.gravatar.com\/avatar\/?s=96&d=mm&r=g","caption":"michael.merz"},"url":"https:\/\/www.organisator.ch\/it\/author\/michael-merz\/"}]}},"_links":{"self":[{"href":"https:\/\/www.organisator.ch\/it\/wp-json\/wp\/v2\/posts\/10189","targetHints":{"allow":["GET"]}}],"collection":[{"href":"https:\/\/www.organisator.ch\/it\/wp-json\/wp\/v2\/posts"}],"about":[{"href":"https:\/\/www.organisator.ch\/it\/wp-json\/wp\/v2\/types\/post"}],"author":[{"embeddable":true,"href":"https:\/\/www.organisator.ch\/it\/wp-json\/wp\/v2\/users\/5"}],"replies":[{"embeddable":true,"href":"https:\/\/www.organisator.ch\/it\/wp-json\/wp\/v2\/comments?post=10189"}],"version-history":[{"count":1,"href":"https:\/\/www.organisator.ch\/it\/wp-json\/wp\/v2\/posts\/10189\/revisions"}],"predecessor-version":[{"id":10523,"href":"https:\/\/www.organisator.ch\/it\/wp-json\/wp\/v2\/posts\/10189\/revisions\/10523"}],"wp:featuredmedia":[{"embeddable":true,"href":"https:\/\/www.organisator.ch\/it\/wp-json\/wp\/v2\/media\/9711"}],"wp:attachment":[{"href":"https:\/\/www.organisator.ch\/it\/wp-json\/wp\/v2\/media?parent=10189"}],"wp:term":[{"taxonomy":"category","embeddable":true,"href":"https:\/\/www.organisator.ch\/it\/wp-json\/wp\/v2\/categories?post=10189"},{"taxonomy":"post_tag","embeddable":true,"href":"https:\/\/www.organisator.ch\/it\/wp-json\/wp\/v2\/tags?post=10189"}],"curies":[{"name":"wp","href":"https:\/\/api.w.org\/{rel}","templated":true}]}}