{"id":10192,"date":"2020-07-21T10:55:16","date_gmt":"2020-07-21T08:55:16","guid":{"rendered":"https:\/\/www.umweltperspektiven.ch\/?p=3202"},"modified":"2022-02-09T11:06:13","modified_gmt":"2022-02-09T10:06:13","slug":"bund-stockt-wegen-corona-die-foerderbeitraege-fuer-kuehlgeraete-auf","status":"publish","type":"post","link":"https:\/\/www.organisator.ch\/it\/sustainability\/2020-07-21\/bund-stockt-wegen-corona-die-foerderbeitraege-fuer-kuehlgeraete-auf\/","title":{"rendered":"Il governo federale aumenta le sovvenzioni per gli apparecchi di refrigerazione a causa di Corona"},"content":{"rendered":"<p>I frigoriferi sono assolutamente indispensabili nelle cucine di ristoranti e alberghi. Ma anche nelle panetterie, nei supermercati o nei chioschi, tutto ruota intorno al raffreddamento dei prodotti freschi. \"Purtroppo ci sono molti frigoriferi e congelatori inefficienti\", spiega Maike Hepp di Topten. \"Causano alti costi di elettricit\u00e0 per le aziende e, inoltre, i frigoriferi, i congelatori o i distributori automatici funzionano con refrigeranti dannosi per il clima\".<\/p>\n<p>Spesso, al momento dell'acquisto, i proprietari non sanno nemmeno quali costi dovranno sostenere nel corso della vita di un elettrodomestico. Il fatto \u00e8 che i costi di gestione possono superare di molte volte il prezzo di acquisto. Esempio: un congelatore medio di un supermercato causa 8000 CHF di costi aggiuntivi nei suoi otto anni di vita a causa dell'elevato consumo energetico, rispetto a un apparecchio efficiente. Questi sono facilmente reperibili sul portale online Topten.<\/p>\n<p><strong>Il governo federale paga fino al 40 per cento del nuovo prezzo<\/strong><\/p>\n<p>La crisi di Corona ha colpito duramente le attivit\u00e0 di ristorazione, panetteria e macelleria. Il programma di supporto ProKilowatt del <strong>Ufficio federale dell'energia<\/strong> ha quindi aumentato le sovvenzioni per le unit\u00e0 di refrigerazione di stoccaggio o di vendita dal precedente 25% fino al 40% del prezzo di acquisto di una nuova unit\u00e0. Sono ammissibili alle sovvenzioni le unit\u00e0 plug-in con la massima efficienza energetica e con un refrigerante rispettoso del clima. La tabella con le apparecchiature sovvenzionate e le sovvenzioni massime \u00e8 disponibile al seguente indirizzo <a href=\"\/\/www.topten.ch\/business\/page\/foerderprogramm-steckerfertige-gewerbegeraete\">topten.ch\/trade<\/a> pu\u00f2 essere consultato qui. La sovvenzione massima totale per cliente finale \u00e8 ora di 130.000 franchi svizzeri anzich\u00e9 100.000 (ad esempio per i grandi distributori).<\/p>\n<p>Tuttavia, questi maggiori sussidi si applicano solo agli acquisti effettuati dopo il 15.06.20. Continueranno a essere finanziate le unit\u00e0 di refrigerazione per la ristorazione e la vendita pronte per l'uso, altamente efficienti, con refrigeranti naturali e rispettosi del clima, come R600a o R290. Il programma durer\u00e0 inizialmente fino alla fine del 2020, ed \u00e8 previsto un programma successivo. Ulteriori informazioni e moduli di domanda sono disponibili all'indirizzo <a href=\"\/\/www.topten.ch\/gewerbe\">www.topten.ch\/gewerbe<\/a> disponibile.<\/p>\n<p>&nbsp;<\/p>\n<figure id=\"attachment_3204\" aria-describedby=\"caption-attachment-3204\" style=\"width: 680px\" class=\"wp-caption alignnone\"><img loading=\"lazy\" decoding=\"async\" class=\"wp-image-3204 size-medium\" src=\"\/\/www.umweltperspektiven.ch\/wp-content\/uploads\/2020\/07\/Tabelle_F\u00f6rderbeitr\u00e4ge.png\" alt=\"\" width=\"680\" height=\"777\" \/><figcaption id=\"caption-attachment-3204\" class=\"wp-caption-text\">Elenco attuale dei finanziamenti concessi da ProKilowatt al 15.6.20.(Fonte Topten)<\/figcaption><\/figure>\n<p>&nbsp;<\/p>\n<p><em><strong>Da marzo 2021, l'etichetta energetica per gli apparecchi di refrigerazione \u00e8 obbligatoria! <\/strong><\/em><\/p>\n<p><em>Quando si pianificano gli acquisti, \u00e8 importante notare che da marzo 2021 l'etichetta energetica sar\u00e0 obbligatoria anche per i frigoriferi dei supermercati, i refrigeratori per bevande, le gelatiere e i distributori automatici refrigerati. Finora era obbligatorio solo per i dispositivi di archiviazione. L'etichetta mostra a colpo d'occhio la classe di efficienza degli apparecchi e semplifica notevolmente il confronto: \"A\" \u00e8 la migliore. Gli apparecchi molto inefficienti non potranno pi\u00f9 essere importati e venduti a partire da marzo 2021.<\/em><\/p>\n<p>&nbsp;<\/p>\n<p><img loading=\"lazy\" decoding=\"async\" class=\"alignnone size-medium wp-image-3203\" src=\"\/\/www.umweltperspektiven.ch\/wp-content\/uploads\/2020\/07\/Etikette-f\u00fcr-Verkaufs-K\u00fchlger\u00e4te.png\" alt=\"\" width=\"680\" height=\"587\" \/><\/p>\n<p><em>Ecco come sar\u00e0 la nuova etichetta UE\/Svizzera per i frigoriferi di vendita a partire da marzo 2021. La categoria \"B\" \u00e8 la migliore.<\/em> <em>(Fonte: Regolamento UE 2019\/2018 della Commissione) <\/em><a href=\"\/\/Fogalrefrigeration.com\"><em>Fogalrefrigerazione<\/em><\/a><em>)<\/em><\/p>\n<p>&nbsp;<\/p>\n<p>&nbsp;<\/p>","protected":false},"excerpt":{"rendered":"<p>K\u00fchlger\u00e4te sind absolut unentbehrlich in Restaurant- und Hotelk\u00fcchen. Aber auch in B\u00e4ckereien, Superm\u00e4rkten oder in Kiosken dreht sich alles um die K\u00fchlung der Frischware. \u00abEs sind leider sehr viele ineffiziente K\u00fchl- und Gefrierger\u00e4te im Einsatz,\u00bb weiss Maike Hepp von Topten. \u00abSie verursachen den Betrieben hohe Stromkosten, und zudem werden die Lagerk\u00fchlger\u00e4te, K\u00fchltruhen oder Verkaufsautomaten mit [&hellip;]<\/p>\n","protected":false},"author":5,"featured_media":9712,"comment_status":"closed","ping_status":"closed","sticky":false,"template":"","format":"standard","meta":{"_acf_changed":false,"_yoast_wpseo_focuskw":"K\u00fchlger\u00e4te","_yoast_wpseo_metadesc":"K\u00fchlger\u00e4te: Aufgrund der Corona-Krise stellt das F\u00f6rderprogramm ProKilowatt des Bundes h\u00f6here F\u00f6rderbeitr\u00e4ge f\u00fcr Gewerbebetriebe zur Verf\u00fcgung.","articlekey":"","footnotes":""},"categories":[580],"tags":[131,1212,1291,1573,1955,424],"class_list":["post-10192","post","type-post","status-publish","format-standard","has-post-thumbnail","hentry","category-sustainability","tag-corona-krise","tag-foerderprogramm","tag-gewerbe","tag-kuehlgeraete","tag-prokilowatt","tag-schweiz"],"acf":[],"yoast_head":"<!-- This site is optimized with the Yoast SEO plugin v27.4 - https:\/\/yoast.com\/product\/yoast-seo-wordpress\/ -->\n<title>Bund stockt wegen Corona die F\u00f6rderbeitr\u00e4ge f\u00fcr K\u00fchlger\u00e4te auf - Organisator<\/title>\n<meta name=\"description\" content=\"K\u00fchlger\u00e4te: Aufgrund der Corona-Krise stellt das F\u00f6rderprogramm ProKilowatt des Bundes h\u00f6here F\u00f6rderbeitr\u00e4ge f\u00fcr Gewerbebetriebe zur Verf\u00fcgung.\" \/>\n<meta name=\"robots\" content=\"index, follow, max-snippet:-1, max-image-preview:large, max-video-preview:-1\" \/>\n<link rel=\"canonical\" href=\"https:\/\/www.organisator.ch\/it\/sostenibilita\/2020-07-21\/bund-stockt-wegen-corona-die-foerderbeitraege-fuer-kuehlgeraete-auf\/\" \/>\n<meta property=\"og:locale\" content=\"it_IT\" \/>\n<meta property=\"og:type\" content=\"article\" \/>\n<meta property=\"og:title\" content=\"Bund stockt wegen Corona die F\u00f6rderbeitr\u00e4ge f\u00fcr K\u00fchlger\u00e4te auf - Organisator\" \/>\n<meta property=\"og:description\" content=\"K\u00fchlger\u00e4te: Aufgrund der Corona-Krise stellt das F\u00f6rderprogramm ProKilowatt des Bundes h\u00f6here F\u00f6rderbeitr\u00e4ge f\u00fcr Gewerbebetriebe zur Verf\u00fcgung.\" \/>\n<meta property=\"og:url\" content=\"https:\/\/www.organisator.ch\/it\/sostenibilita\/2020-07-21\/bund-stockt-wegen-corona-die-foerderbeitraege-fuer-kuehlgeraete-auf\/\" \/>\n<meta property=\"og:site_name\" content=\"Organisator\" \/>\n<meta property=\"article:publisher\" content=\"https:\/\/www.facebook.com\/OrganisatorFachmagazin\" \/>\n<meta property=\"article:published_time\" content=\"2020-07-21T08:55:16+00:00\" \/>\n<meta property=\"article:modified_time\" content=\"2022-02-09T10:06:13+00:00\" \/>\n<meta property=\"og:image\" content=\"https:\/\/www.organisator.ch\/wp-content\/uploads\/2020\/07\/Etikette-fuer-Verkaufs-Kuehlgeraete.png\" \/>\n\t<meta property=\"og:image:width\" content=\"1600\" \/>\n\t<meta property=\"og:image:height\" content=\"1380\" \/>\n\t<meta property=\"og:image:type\" content=\"image\/png\" \/>\n<meta name=\"author\" content=\"michael.merz\" \/>\n<meta name=\"twitter:card\" content=\"summary_large_image\" \/>\n<script type=\"application\/ld+json\" class=\"yoast-schema-graph\">{\"@context\":\"https:\\\/\\\/schema.org\",\"@graph\":[{\"@type\":\"Article\",\"@id\":\"https:\\\/\\\/www.organisator.ch\\\/sustainability\\\/2020-07-21\\\/bund-stockt-wegen-corona-die-foerderbeitraege-fuer-kuehlgeraete-auf\\\/#article\",\"isPartOf\":{\"@id\":\"https:\\\/\\\/www.organisator.ch\\\/sustainability\\\/2020-07-21\\\/bund-stockt-wegen-corona-die-foerderbeitraege-fuer-kuehlgeraete-auf\\\/\"},\"author\":{\"name\":\"michael.merz\",\"@id\":\"https:\\\/\\\/www.organisator.ch\\\/#\\\/schema\\\/person\\\/134708ca9321c57b0362cceb7948ffbd\"},\"headline\":\"Bund stockt wegen Corona die F\u00f6rderbeitr\u00e4ge f\u00fcr K\u00fchlger\u00e4te auf\",\"datePublished\":\"2020-07-21T08:55:16+00:00\",\"dateModified\":\"2022-02-09T10:06:13+00:00\",\"mainEntityOfPage\":{\"@id\":\"https:\\\/\\\/www.organisator.ch\\\/sustainability\\\/2020-07-21\\\/bund-stockt-wegen-corona-die-foerderbeitraege-fuer-kuehlgeraete-auf\\\/\"},\"wordCount\":462,\"publisher\":{\"@id\":\"https:\\\/\\\/www.organisator.ch\\\/#organization\"},\"image\":{\"@id\":\"https:\\\/\\\/www.organisator.ch\\\/sustainability\\\/2020-07-21\\\/bund-stockt-wegen-corona-die-foerderbeitraege-fuer-kuehlgeraete-auf\\\/#primaryimage\"},\"thumbnailUrl\":\"https:\\\/\\\/www.organisator.ch\\\/wp-content\\\/uploads\\\/2020\\\/07\\\/Etikette-fuer-Verkaufs-Kuehlgeraete.png\",\"keywords\":[\"Corona-Krise\",\"F\u00f6rderprogramm\",\"Gewerbe\",\"K\u00fchlger\u00e4te\",\"ProKilowatt\",\"Schweiz\"],\"articleSection\":[\"SUSTAINABILITY\"],\"inLanguage\":\"it-IT\"},{\"@type\":\"WebPage\",\"@id\":\"https:\\\/\\\/www.organisator.ch\\\/sustainability\\\/2020-07-21\\\/bund-stockt-wegen-corona-die-foerderbeitraege-fuer-kuehlgeraete-auf\\\/\",\"url\":\"https:\\\/\\\/www.organisator.ch\\\/sustainability\\\/2020-07-21\\\/bund-stockt-wegen-corona-die-foerderbeitraege-fuer-kuehlgeraete-auf\\\/\",\"name\":\"Bund stockt wegen Corona die F\u00f6rderbeitr\u00e4ge f\u00fcr K\u00fchlger\u00e4te auf - Organisator\",\"isPartOf\":{\"@id\":\"https:\\\/\\\/www.organisator.ch\\\/#website\"},\"primaryImageOfPage\":{\"@id\":\"https:\\\/\\\/www.organisator.ch\\\/sustainability\\\/2020-07-21\\\/bund-stockt-wegen-corona-die-foerderbeitraege-fuer-kuehlgeraete-auf\\\/#primaryimage\"},\"image\":{\"@id\":\"https:\\\/\\\/www.organisator.ch\\\/sustainability\\\/2020-07-21\\\/bund-stockt-wegen-corona-die-foerderbeitraege-fuer-kuehlgeraete-auf\\\/#primaryimage\"},\"thumbnailUrl\":\"https:\\\/\\\/www.organisator.ch\\\/wp-content\\\/uploads\\\/2020\\\/07\\\/Etikette-fuer-Verkaufs-Kuehlgeraete.png\",\"datePublished\":\"2020-07-21T08:55:16+00:00\",\"dateModified\":\"2022-02-09T10:06:13+00:00\",\"description\":\"K\u00fchlger\u00e4te: Aufgrund der Corona-Krise stellt das F\u00f6rderprogramm ProKilowatt des Bundes h\u00f6here F\u00f6rderbeitr\u00e4ge f\u00fcr Gewerbebetriebe zur Verf\u00fcgung.\",\"breadcrumb\":{\"@id\":\"https:\\\/\\\/www.organisator.ch\\\/sustainability\\\/2020-07-21\\\/bund-stockt-wegen-corona-die-foerderbeitraege-fuer-kuehlgeraete-auf\\\/#breadcrumb\"},\"inLanguage\":\"it-IT\",\"potentialAction\":[{\"@type\":\"ReadAction\",\"target\":[\"https:\\\/\\\/www.organisator.ch\\\/sustainability\\\/2020-07-21\\\/bund-stockt-wegen-corona-die-foerderbeitraege-fuer-kuehlgeraete-auf\\\/\"]}]},{\"@type\":\"ImageObject\",\"inLanguage\":\"it-IT\",\"@id\":\"https:\\\/\\\/www.organisator.ch\\\/sustainability\\\/2020-07-21\\\/bund-stockt-wegen-corona-die-foerderbeitraege-fuer-kuehlgeraete-auf\\\/#primaryimage\",\"url\":\"https:\\\/\\\/www.organisator.ch\\\/wp-content\\\/uploads\\\/2020\\\/07\\\/Etikette-fuer-Verkaufs-Kuehlgeraete.png\",\"contentUrl\":\"https:\\\/\\\/www.organisator.ch\\\/wp-content\\\/uploads\\\/2020\\\/07\\\/Etikette-fuer-Verkaufs-Kuehlgeraete.png\",\"width\":1600,\"height\":1380},{\"@type\":\"BreadcrumbList\",\"@id\":\"https:\\\/\\\/www.organisator.ch\\\/sustainability\\\/2020-07-21\\\/bund-stockt-wegen-corona-die-foerderbeitraege-fuer-kuehlgeraete-auf\\\/#breadcrumb\",\"itemListElement\":[{\"@type\":\"ListItem\",\"position\":1,\"name\":\"Home\",\"item\":\"https:\\\/\\\/www.organisator.ch\\\/\"},{\"@type\":\"ListItem\",\"position\":2,\"name\":\"Bund stockt wegen Corona die F\u00f6rderbeitr\u00e4ge f\u00fcr K\u00fchlger\u00e4te auf\"}]},{\"@type\":\"WebSite\",\"@id\":\"https:\\\/\\\/www.organisator.ch\\\/#website\",\"url\":\"https:\\\/\\\/www.organisator.ch\\\/\",\"name\":\"Organisator\",\"description\":\"Kompetent. Praxisnah. Der ORGANISATOR bereitet in 10 Ausgaben pro Jahr die wesentlichen Themen f\u00fcr F\u00fchrungskr\u00e4fte von KMU auf.\",\"publisher\":{\"@id\":\"https:\\\/\\\/www.organisator.ch\\\/#organization\"},\"potentialAction\":[{\"@type\":\"SearchAction\",\"target\":{\"@type\":\"EntryPoint\",\"urlTemplate\":\"https:\\\/\\\/www.organisator.ch\\\/?s={search_term_string}\"},\"query-input\":{\"@type\":\"PropertyValueSpecification\",\"valueRequired\":true,\"valueName\":\"search_term_string\"}}],\"inLanguage\":\"it-IT\"},{\"@type\":\"Organization\",\"@id\":\"https:\\\/\\\/www.organisator.ch\\\/#organization\",\"name\":\"Organisator\",\"url\":\"https:\\\/\\\/www.organisator.ch\\\/\",\"logo\":{\"@type\":\"ImageObject\",\"inLanguage\":\"it-IT\",\"@id\":\"https:\\\/\\\/www.organisator.ch\\\/#\\\/schema\\\/logo\\\/image\\\/\",\"url\":\"https:\\\/\\\/www.organisator.ch\\\/wp-content\\\/uploads\\\/2022\\\/01\\\/Logo_Organisator_Website.png\",\"contentUrl\":\"https:\\\/\\\/www.organisator.ch\\\/wp-content\\\/uploads\\\/2022\\\/01\\\/Logo_Organisator_Website.png\",\"width\":800,\"height\":77,\"caption\":\"Organisator\"},\"image\":{\"@id\":\"https:\\\/\\\/www.organisator.ch\\\/#\\\/schema\\\/logo\\\/image\\\/\"},\"sameAs\":[\"https:\\\/\\\/www.facebook.com\\\/OrganisatorFachmagazin\",\"https:\\\/\\\/www.linkedin.com\\\/showcase\\\/organisator-das-magazin-fr-kmu\",\"https:\\\/\\\/www.xing.com\\\/news\\\/pages\\\/organisator-ch-695\",\"https:\\\/\\\/www.youtube.com\\\/channel\\\/UCGP2Sq0iWaZwT3BdIAQFYpw\"]},{\"@type\":\"Person\",\"@id\":\"https:\\\/\\\/www.organisator.ch\\\/#\\\/schema\\\/person\\\/134708ca9321c57b0362cceb7948ffbd\",\"name\":\"michael.merz\",\"image\":{\"@type\":\"ImageObject\",\"inLanguage\":\"it-IT\",\"@id\":\"https:\\\/\\\/secure.gravatar.com\\\/avatar\\\/?s=96&d=mm&r=g\",\"url\":\"https:\\\/\\\/secure.gravatar.com\\\/avatar\\\/?s=96&d=mm&r=g\",\"contentUrl\":\"https:\\\/\\\/secure.gravatar.com\\\/avatar\\\/?s=96&d=mm&r=g\",\"caption\":\"michael.merz\"},\"url\":\"https:\\\/\\\/www.organisator.ch\\\/it\\\/author\\\/michael-merz\\\/\"}]}<\/script>\n<!-- \/ Yoast SEO plugin. -->","yoast_head_json":{"title":"Il governo federale aumenta le sovvenzioni per le apparecchiature di refrigerazione a causa di Corona - Organizzatore","description":"Apparecchi di raffreddamento: a causa della crisi di Corona, il programma di sussidi ProKilowatt del governo federale prevede sussidi pi\u00f9 elevati per le imprese commerciali.","robots":{"index":"index","follow":"follow","max-snippet":"max-snippet:-1","max-image-preview":"max-image-preview:large","max-video-preview":"max-video-preview:-1"},"canonical":"https:\/\/www.organisator.ch\/it\/sostenibilita\/2020-07-21\/bund-stockt-wegen-corona-die-foerderbeitraege-fuer-kuehlgeraete-auf\/","og_locale":"it_IT","og_type":"article","og_title":"Bund stockt wegen Corona die F\u00f6rderbeitr\u00e4ge f\u00fcr K\u00fchlger\u00e4te auf - Organisator","og_description":"K\u00fchlger\u00e4te: Aufgrund der Corona-Krise stellt das F\u00f6rderprogramm ProKilowatt des Bundes h\u00f6here F\u00f6rderbeitr\u00e4ge f\u00fcr Gewerbebetriebe zur Verf\u00fcgung.","og_url":"https:\/\/www.organisator.ch\/it\/sostenibilita\/2020-07-21\/bund-stockt-wegen-corona-die-foerderbeitraege-fuer-kuehlgeraete-auf\/","og_site_name":"Organisator","article_publisher":"https:\/\/www.facebook.com\/OrganisatorFachmagazin","article_published_time":"2020-07-21T08:55:16+00:00","article_modified_time":"2022-02-09T10:06:13+00:00","og_image":[{"width":1600,"height":1380,"url":"https:\/\/www.organisator.ch\/wp-content\/uploads\/2020\/07\/Etikette-fuer-Verkaufs-Kuehlgeraete.png","type":"image\/png"}],"author":"michael.merz","twitter_card":"summary_large_image","schema":{"@context":"https:\/\/schema.org","@graph":[{"@type":"Article","@id":"https:\/\/www.organisator.ch\/sustainability\/2020-07-21\/bund-stockt-wegen-corona-die-foerderbeitraege-fuer-kuehlgeraete-auf\/#article","isPartOf":{"@id":"https:\/\/www.organisator.ch\/sustainability\/2020-07-21\/bund-stockt-wegen-corona-die-foerderbeitraege-fuer-kuehlgeraete-auf\/"},"author":{"name":"michael.merz","@id":"https:\/\/www.organisator.ch\/#\/schema\/person\/134708ca9321c57b0362cceb7948ffbd"},"headline":"Bund stockt wegen Corona die F\u00f6rderbeitr\u00e4ge f\u00fcr K\u00fchlger\u00e4te auf","datePublished":"2020-07-21T08:55:16+00:00","dateModified":"2022-02-09T10:06:13+00:00","mainEntityOfPage":{"@id":"https:\/\/www.organisator.ch\/sustainability\/2020-07-21\/bund-stockt-wegen-corona-die-foerderbeitraege-fuer-kuehlgeraete-auf\/"},"wordCount":462,"publisher":{"@id":"https:\/\/www.organisator.ch\/#organization"},"image":{"@id":"https:\/\/www.organisator.ch\/sustainability\/2020-07-21\/bund-stockt-wegen-corona-die-foerderbeitraege-fuer-kuehlgeraete-auf\/#primaryimage"},"thumbnailUrl":"https:\/\/www.organisator.ch\/wp-content\/uploads\/2020\/07\/Etikette-fuer-Verkaufs-Kuehlgeraete.png","keywords":["Corona-Krise","F\u00f6rderprogramm","Gewerbe","K\u00fchlger\u00e4te","ProKilowatt","Schweiz"],"articleSection":["SUSTAINABILITY"],"inLanguage":"it-IT"},{"@type":"WebPage","@id":"https:\/\/www.organisator.ch\/sustainability\/2020-07-21\/bund-stockt-wegen-corona-die-foerderbeitraege-fuer-kuehlgeraete-auf\/","url":"https:\/\/www.organisator.ch\/sustainability\/2020-07-21\/bund-stockt-wegen-corona-die-foerderbeitraege-fuer-kuehlgeraete-auf\/","name":"Il governo federale aumenta le sovvenzioni per le apparecchiature di refrigerazione a causa di Corona - Organizzatore","isPartOf":{"@id":"https:\/\/www.organisator.ch\/#website"},"primaryImageOfPage":{"@id":"https:\/\/www.organisator.ch\/sustainability\/2020-07-21\/bund-stockt-wegen-corona-die-foerderbeitraege-fuer-kuehlgeraete-auf\/#primaryimage"},"image":{"@id":"https:\/\/www.organisator.ch\/sustainability\/2020-07-21\/bund-stockt-wegen-corona-die-foerderbeitraege-fuer-kuehlgeraete-auf\/#primaryimage"},"thumbnailUrl":"https:\/\/www.organisator.ch\/wp-content\/uploads\/2020\/07\/Etikette-fuer-Verkaufs-Kuehlgeraete.png","datePublished":"2020-07-21T08:55:16+00:00","dateModified":"2022-02-09T10:06:13+00:00","description":"Apparecchi di raffreddamento: a causa della crisi di Corona, il programma di sussidi ProKilowatt del governo federale prevede sussidi pi\u00f9 elevati per le imprese commerciali.","breadcrumb":{"@id":"https:\/\/www.organisator.ch\/sustainability\/2020-07-21\/bund-stockt-wegen-corona-die-foerderbeitraege-fuer-kuehlgeraete-auf\/#breadcrumb"},"inLanguage":"it-IT","potentialAction":[{"@type":"ReadAction","target":["https:\/\/www.organisator.ch\/sustainability\/2020-07-21\/bund-stockt-wegen-corona-die-foerderbeitraege-fuer-kuehlgeraete-auf\/"]}]},{"@type":"ImageObject","inLanguage":"it-IT","@id":"https:\/\/www.organisator.ch\/sustainability\/2020-07-21\/bund-stockt-wegen-corona-die-foerderbeitraege-fuer-kuehlgeraete-auf\/#primaryimage","url":"https:\/\/www.organisator.ch\/wp-content\/uploads\/2020\/07\/Etikette-fuer-Verkaufs-Kuehlgeraete.png","contentUrl":"https:\/\/www.organisator.ch\/wp-content\/uploads\/2020\/07\/Etikette-fuer-Verkaufs-Kuehlgeraete.png","width":1600,"height":1380},{"@type":"BreadcrumbList","@id":"https:\/\/www.organisator.ch\/sustainability\/2020-07-21\/bund-stockt-wegen-corona-die-foerderbeitraege-fuer-kuehlgeraete-auf\/#breadcrumb","itemListElement":[{"@type":"ListItem","position":1,"name":"Home","item":"https:\/\/www.organisator.ch\/"},{"@type":"ListItem","position":2,"name":"Bund stockt wegen Corona die F\u00f6rderbeitr\u00e4ge f\u00fcr K\u00fchlger\u00e4te auf"}]},{"@type":"WebSite","@id":"https:\/\/www.organisator.ch\/#website","url":"https:\/\/www.organisator.ch\/","name":"Organizzatore","description":"Competente. Pratico. In 10 numeri all'anno, ORGANISATOR presenta i temi essenziali per i manager delle PMI.","publisher":{"@id":"https:\/\/www.organisator.ch\/#organization"},"potentialAction":[{"@type":"SearchAction","target":{"@type":"EntryPoint","urlTemplate":"https:\/\/www.organisator.ch\/?s={search_term_string}"},"query-input":{"@type":"PropertyValueSpecification","valueRequired":true,"valueName":"search_term_string"}}],"inLanguage":"it-IT"},{"@type":"Organization","@id":"https:\/\/www.organisator.ch\/#organization","name":"Organizzatore","url":"https:\/\/www.organisator.ch\/","logo":{"@type":"ImageObject","inLanguage":"it-IT","@id":"https:\/\/www.organisator.ch\/#\/schema\/logo\/image\/","url":"https:\/\/www.organisator.ch\/wp-content\/uploads\/2022\/01\/Logo_Organisator_Website.png","contentUrl":"https:\/\/www.organisator.ch\/wp-content\/uploads\/2022\/01\/Logo_Organisator_Website.png","width":800,"height":77,"caption":"Organisator"},"image":{"@id":"https:\/\/www.organisator.ch\/#\/schema\/logo\/image\/"},"sameAs":["https:\/\/www.facebook.com\/OrganisatorFachmagazin","https:\/\/www.linkedin.com\/showcase\/organisator-das-magazin-fr-kmu","https:\/\/www.xing.com\/news\/pages\/organisator-ch-695","https:\/\/www.youtube.com\/channel\/UCGP2Sq0iWaZwT3BdIAQFYpw"]},{"@type":"Person","@id":"https:\/\/www.organisator.ch\/#\/schema\/person\/134708ca9321c57b0362cceb7948ffbd","name":"michael.merz","image":{"@type":"ImageObject","inLanguage":"it-IT","@id":"https:\/\/secure.gravatar.com\/avatar\/?s=96&d=mm&r=g","url":"https:\/\/secure.gravatar.com\/avatar\/?s=96&d=mm&r=g","contentUrl":"https:\/\/secure.gravatar.com\/avatar\/?s=96&d=mm&r=g","caption":"michael.merz"},"url":"https:\/\/www.organisator.ch\/it\/author\/michael-merz\/"}]}},"_links":{"self":[{"href":"https:\/\/www.organisator.ch\/it\/wp-json\/wp\/v2\/posts\/10192","targetHints":{"allow":["GET"]}}],"collection":[{"href":"https:\/\/www.organisator.ch\/it\/wp-json\/wp\/v2\/posts"}],"about":[{"href":"https:\/\/www.organisator.ch\/it\/wp-json\/wp\/v2\/types\/post"}],"author":[{"embeddable":true,"href":"https:\/\/www.organisator.ch\/it\/wp-json\/wp\/v2\/users\/5"}],"replies":[{"embeddable":true,"href":"https:\/\/www.organisator.ch\/it\/wp-json\/wp\/v2\/comments?post=10192"}],"version-history":[{"count":1,"href":"https:\/\/www.organisator.ch\/it\/wp-json\/wp\/v2\/posts\/10192\/revisions"}],"predecessor-version":[{"id":10522,"href":"https:\/\/www.organisator.ch\/it\/wp-json\/wp\/v2\/posts\/10192\/revisions\/10522"}],"wp:featuredmedia":[{"embeddable":true,"href":"https:\/\/www.organisator.ch\/it\/wp-json\/wp\/v2\/media\/9712"}],"wp:attachment":[{"href":"https:\/\/www.organisator.ch\/it\/wp-json\/wp\/v2\/media?parent=10192"}],"wp:term":[{"taxonomy":"category","embeddable":true,"href":"https:\/\/www.organisator.ch\/it\/wp-json\/wp\/v2\/categories?post=10192"},{"taxonomy":"post_tag","embeddable":true,"href":"https:\/\/www.organisator.ch\/it\/wp-json\/wp\/v2\/tags?post=10192"}],"curies":[{"name":"wp","href":"https:\/\/api.w.org\/{rel}","templated":true}]}}