{"id":10193,"date":"2020-07-21T15:49:16","date_gmt":"2020-07-21T13:49:16","guid":{"rendered":"https:\/\/www.umweltperspektiven.ch\/?p=3209"},"modified":"2024-11-07T05:34:46","modified_gmt":"2024-11-07T04:34:46","slug":"fuenf-von-sechs-circle-gebaeuden-vermietet","status":"publish","type":"post","link":"https:\/\/www.organisator.ch\/it\/allgemein\/2020-07-21\/fuenf-von-sechs-circle-gebaeuden-vermietet\/","title":{"rendered":"Cinque dei sei edifici Circle sono stati affittati"},"content":{"rendered":"<figure id=\"attachment_3210\" aria-describedby=\"caption-attachment-3210\" style=\"width: 150px\" class=\"wp-caption alignnone\"><img loading=\"lazy\" decoding=\"async\" class=\"wp-image-3210 size-thumbnail\" src=\"https:\/\/www.organisator.ch\/wp-content\/uploads\/2018\/02\/Sage-und-Zuercher-Kantonalbank-kooperieren_Organisator-150x150.jpg\" alt=\"Unispace nuova sede The Circle\" width=\"150\" height=\"150\" srcset=\"https:\/\/www.organisator.ch\/wp-content\/uploads\/2018\/02\/Sage-und-Zuercher-Kantonalbank-kooperieren_Organisator-150x150.jpg 150w, https:\/\/www.organisator.ch\/wp-content\/uploads\/2018\/02\/Sage-und-Zuercher-Kantonalbank-kooperieren_Organisator-250x250.jpg 250w, https:\/\/www.organisator.ch\/wp-content\/uploads\/2018\/02\/Sage-und-Zuercher-Kantonalbank-kooperieren_Organisator-100x100.jpg 100w\" sizes=\"auto, (max-width: 150px) 100vw, 150px\" \/><figcaption id=\"caption-attachment-3210\" class=\"wp-caption-text\">The Circle offre molte opzioni di incontro. Il metodo di costruzione convince con alcuni aspetti \"verdi\". Gli edifici riceveranno presto lo standard Minergie. (Immagine: The Circle)<\/figcaption><\/figure>\n<p><span lang=\"DE-CH\" xml:lang=\"DE-CH\">\"La nuova sede all'aeroporto di Zurigo, \"The Circle\", rappresenta un'altra importante pietra miliare per Unispace nel nostro continuo sviluppo sul mercato svizzero e globale\", sottolinea Benji Tiso, direttore di Unispace Svizzera. Per lui, questa decisione di localizzazione \u00e8 di grande importanza: \"Il concetto lungimirante di The Circle sottolinea la nostra posizione di visionari che definiscono il mercato nel design del posto di lavoro. Le sinergie che nascono in questa nuova sede ci permettono di apportare in modo ottimale le nostre competenze e di formare partnership a lungo termine. Siamo convinti che il Circle rafforzer\u00e0 e distinguer\u00e0 ulteriormente Unispace, ma anche l'aeroporto di Zurigo, nel contesto internazionale!\"<\/span><\/p>\n<p><strong>Soluzioni individuali<\/strong><\/p>\n<p><span lang=\"DE-CH\" xml:lang=\"DE-CH\">Unispace progetta i mondi di lavoro delle aziende e realizza innovativi spazi per uffici orientati al futuro; nel Circle, l'azienda globale trova una situazione ideale per implementare le proprie competenze.<\/span><\/p>\n<p><span lang=\"DE-CH\" xml:lang=\"DE-CH\">La nuova destinazione per Zurigo \u00e8 convincente grazie all'idea di comunit\u00e0 e alle sinergie con altri inquilini e moduli di utilizzo. Inoltre, il Circle \u00e8 stato scelto per offrire a dipendenti, clienti e partner un ambiente di lavoro moderno e orientato al futuro nella posizione meglio collegata della Svizzera.<\/span><\/p>\n<p><span lang=\"DE-CH\" xml:lang=\"DE-CH\">Oltre a Microsoft e SAP, un'altra azienda IT attiva a livello mondiale sta trasferendo la sua sede svizzera nel Circolo. Questo fa del Circle l'hotspot tecnologico e innovativo della Svizzera: inoltre, il Circle gode di grande popolarit\u00e0 anche tra le aziende biofarmaceutiche. <\/span><span lang=\"DE-CH\" xml:lang=\"DE-CH\">Oltre a MSD, un'altra azienda farmaceutica ha deciso di trasferire la sua sede svizzera nel Circle dell'aeroporto di Zurigo. In totale, altri 8.000m2 di spazio per uffici sono stati affittati con questi tre accordi.<\/span><\/p>\n<p><em><span lang=\"DE-CH\" xml:lang=\"DE-CH\">Questo significa che la maggior parte dello spazio per uffici \u00e8 stato affittato. Poco meno di 10.000m2 di spazio per uffici sono ancora disponibili, inclusi spazi piccoli e grandi in posizioni centrali. Potete trovare maggiori informazioni sul seguente sito web: <\/span><\/em><a href=\"\/\/www.thecircle.ch\/de\/bueroflaechen\" target=\"_blank\" rel=\"noopener\"><span lang=\"DE-CH\" xml:lang=\"DE-CH\"><em>https:\/\/www.thecircle.ch\/de\/bueroflaechen<\/em><\/span><\/a><\/p>\n<p>&nbsp;<\/p>\n<p><strong><span lang=\"DE-CH\" xml:lang=\"DE-CH\">Apertura a tappe dall'autunno 2020<\/span><\/strong><\/p>\n<p><span lang=\"DE-CH\" xml:lang=\"DE-CH\">Nonostante il virus corona, il Circolo sta facendo buoni progressi e sono previsti solo lievi ritardi fino al completamento. Diversi affittuari hanno gi\u00e0 preso il loro spazio, e l'apertura ufficiale delle aree di alto profilo come il centro congressi, l'hotel, i ristoranti e i negozi \u00e8 prevista per novembre 2020.<\/span><\/p>","protected":false},"excerpt":{"rendered":"<p>&#8222;Der neue Standort im Flughafen Z\u00fcrich \u00abThe Circle\u00bb stellt f\u00fcr Unispace einen weiteren, wichtigen Meilenstein dar in unserer kontinuierlichen Entwicklung im Schweizer und globalen Markt&#8220;, betont Benji Tiso, Principal Unispace Schweiz. F\u00fchr ihn ist dieser Standortentscheid von grosser Bedeutung:&#8220;Das zukunftsweisende Konzept vom Circle unterstreicht unsere Position als marktdefinierende Vision\u00e4re im Workplace Design. Die Synergien, die [&hellip;]<\/p>\n","protected":false},"author":5,"featured_media":9714,"comment_status":"closed","ping_status":"closed","sticky":false,"template":"","format":"standard","meta":{"_acf_changed":false,"_yoast_wpseo_focuskw":"Unispace neuer Standort The Circle","_yoast_wpseo_metadesc":"Unispace er\u00f6ffnet neuen Standort im Flughafen Z\u00fcrich \u00abThe Circle\u00bb und st\u00e4rkt seine Position im Workplace Design.","articlekey":"","footnotes":""},"categories":[1],"tags":[124,1196,1707,365,2298],"class_list":["post-10193","post","type-post","status-publish","format-standard","has-post-thumbnail","hentry","category-allgemein","tag-co-working","tag-flughafen-zuerich","tag-mietflaechen","tag-office","tag-the-circle"],"acf":[],"yoast_head":"<!-- This site is optimized with the Yoast SEO plugin v27.5 - https:\/\/yoast.com\/product\/yoast-seo-wordpress\/ -->\n<title>F\u00fcnf von sechs Circle-Geb\u00e4uden vermietet - Organisator<\/title>\n<meta name=\"description\" content=\"Unispace er\u00f6ffnet neuen Standort im Flughafen Z\u00fcrich \u00abThe Circle\u00bb und st\u00e4rkt seine Position im Workplace Design.\" \/>\n<meta name=\"robots\" content=\"index, follow, max-snippet:-1, max-image-preview:large, max-video-preview:-1\" \/>\n<link rel=\"canonical\" href=\"https:\/\/www.organisator.ch\/it\/generale\/2020-07-21\/fuenf-von-sechs-circle-gebaeuden-vermietet\/\" \/>\n<meta property=\"og:locale\" content=\"it_IT\" \/>\n<meta property=\"og:type\" content=\"article\" \/>\n<meta property=\"og:title\" content=\"F\u00fcnf von sechs Circle-Geb\u00e4uden vermietet - Organisator\" \/>\n<meta property=\"og:description\" content=\"Unispace er\u00f6ffnet neuen Standort im Flughafen Z\u00fcrich \u00abThe Circle\u00bb und st\u00e4rkt seine Position im Workplace Design.\" \/>\n<meta property=\"og:url\" content=\"https:\/\/www.organisator.ch\/it\/generale\/2020-07-21\/fuenf-von-sechs-circle-gebaeuden-vermietet\/\" \/>\n<meta property=\"og:site_name\" content=\"Organisator\" \/>\n<meta property=\"article:publisher\" content=\"https:\/\/www.facebook.com\/OrganisatorFachmagazin\" \/>\n<meta property=\"article:published_time\" content=\"2020-07-21T13:49:16+00:00\" \/>\n<meta property=\"article:modified_time\" content=\"2024-11-07T04:34:46+00:00\" \/>\n<meta property=\"og:image\" content=\"https:\/\/www.organisator.ch\/wp-content\/uploads\/2020\/07\/pavillion_park_0.jpg\" \/>\n\t<meta property=\"og:image:width\" content=\"929\" \/>\n\t<meta property=\"og:image:height\" content=\"600\" \/>\n\t<meta property=\"og:image:type\" content=\"image\/jpeg\" \/>\n<meta name=\"author\" content=\"michael.merz\" \/>\n<meta name=\"twitter:card\" content=\"summary_large_image\" \/>\n<script type=\"application\/ld+json\" class=\"yoast-schema-graph\">{\"@context\":\"https:\\\/\\\/schema.org\",\"@graph\":[{\"@type\":\"Article\",\"@id\":\"https:\\\/\\\/www.organisator.ch\\\/allgemein\\\/2020-07-21\\\/fuenf-von-sechs-circle-gebaeuden-vermietet\\\/#article\",\"isPartOf\":{\"@id\":\"https:\\\/\\\/www.organisator.ch\\\/allgemein\\\/2020-07-21\\\/fuenf-von-sechs-circle-gebaeuden-vermietet\\\/\"},\"author\":{\"name\":\"michael.merz\",\"@id\":\"https:\\\/\\\/www.organisator.ch\\\/#\\\/schema\\\/person\\\/134708ca9321c57b0362cceb7948ffbd\"},\"headline\":\"F\u00fcnf von sechs Circle-Geb\u00e4uden vermietet\",\"datePublished\":\"2020-07-21T13:49:16+00:00\",\"dateModified\":\"2024-11-07T04:34:46+00:00\",\"mainEntityOfPage\":{\"@id\":\"https:\\\/\\\/www.organisator.ch\\\/allgemein\\\/2020-07-21\\\/fuenf-von-sechs-circle-gebaeuden-vermietet\\\/\"},\"wordCount\":379,\"publisher\":{\"@id\":\"https:\\\/\\\/www.organisator.ch\\\/#organization\"},\"image\":{\"@id\":\"https:\\\/\\\/www.organisator.ch\\\/allgemein\\\/2020-07-21\\\/fuenf-von-sechs-circle-gebaeuden-vermietet\\\/#primaryimage\"},\"thumbnailUrl\":\"https:\\\/\\\/www.organisator.ch\\\/wp-content\\\/uploads\\\/2020\\\/07\\\/pavillion_park_0.jpg\",\"keywords\":[\"Co-Working\",\"Flughafen Z\u00fcrich\",\"Mietfl\u00e4chen\",\"Office\",\"The Circle\"],\"articleSection\":[\"Allgemein\"],\"inLanguage\":\"it-IT\"},{\"@type\":\"WebPage\",\"@id\":\"https:\\\/\\\/www.organisator.ch\\\/allgemein\\\/2020-07-21\\\/fuenf-von-sechs-circle-gebaeuden-vermietet\\\/\",\"url\":\"https:\\\/\\\/www.organisator.ch\\\/allgemein\\\/2020-07-21\\\/fuenf-von-sechs-circle-gebaeuden-vermietet\\\/\",\"name\":\"F\u00fcnf von sechs Circle-Geb\u00e4uden vermietet - Organisator\",\"isPartOf\":{\"@id\":\"https:\\\/\\\/www.organisator.ch\\\/#website\"},\"primaryImageOfPage\":{\"@id\":\"https:\\\/\\\/www.organisator.ch\\\/allgemein\\\/2020-07-21\\\/fuenf-von-sechs-circle-gebaeuden-vermietet\\\/#primaryimage\"},\"image\":{\"@id\":\"https:\\\/\\\/www.organisator.ch\\\/allgemein\\\/2020-07-21\\\/fuenf-von-sechs-circle-gebaeuden-vermietet\\\/#primaryimage\"},\"thumbnailUrl\":\"https:\\\/\\\/www.organisator.ch\\\/wp-content\\\/uploads\\\/2020\\\/07\\\/pavillion_park_0.jpg\",\"datePublished\":\"2020-07-21T13:49:16+00:00\",\"dateModified\":\"2024-11-07T04:34:46+00:00\",\"description\":\"Unispace er\u00f6ffnet neuen Standort im Flughafen Z\u00fcrich \u00abThe Circle\u00bb und st\u00e4rkt seine Position im Workplace Design.\",\"breadcrumb\":{\"@id\":\"https:\\\/\\\/www.organisator.ch\\\/allgemein\\\/2020-07-21\\\/fuenf-von-sechs-circle-gebaeuden-vermietet\\\/#breadcrumb\"},\"inLanguage\":\"it-IT\",\"potentialAction\":[{\"@type\":\"ReadAction\",\"target\":[\"https:\\\/\\\/www.organisator.ch\\\/allgemein\\\/2020-07-21\\\/fuenf-von-sechs-circle-gebaeuden-vermietet\\\/\"]}]},{\"@type\":\"ImageObject\",\"inLanguage\":\"it-IT\",\"@id\":\"https:\\\/\\\/www.organisator.ch\\\/allgemein\\\/2020-07-21\\\/fuenf-von-sechs-circle-gebaeuden-vermietet\\\/#primaryimage\",\"url\":\"https:\\\/\\\/www.organisator.ch\\\/wp-content\\\/uploads\\\/2020\\\/07\\\/pavillion_park_0.jpg\",\"contentUrl\":\"https:\\\/\\\/www.organisator.ch\\\/wp-content\\\/uploads\\\/2020\\\/07\\\/pavillion_park_0.jpg\",\"width\":929,\"height\":600},{\"@type\":\"BreadcrumbList\",\"@id\":\"https:\\\/\\\/www.organisator.ch\\\/allgemein\\\/2020-07-21\\\/fuenf-von-sechs-circle-gebaeuden-vermietet\\\/#breadcrumb\",\"itemListElement\":[{\"@type\":\"ListItem\",\"position\":1,\"name\":\"Home\",\"item\":\"https:\\\/\\\/www.organisator.ch\\\/\"},{\"@type\":\"ListItem\",\"position\":2,\"name\":\"F\u00fcnf von sechs Circle-Geb\u00e4uden vermietet\"}]},{\"@type\":\"WebSite\",\"@id\":\"https:\\\/\\\/www.organisator.ch\\\/#website\",\"url\":\"https:\\\/\\\/www.organisator.ch\\\/\",\"name\":\"Organisator\",\"description\":\"Kompetent. Praxisnah. Der ORGANISATOR bereitet in 10 Ausgaben pro Jahr die wesentlichen Themen f\u00fcr F\u00fchrungskr\u00e4fte von KMU auf.\",\"publisher\":{\"@id\":\"https:\\\/\\\/www.organisator.ch\\\/#organization\"},\"potentialAction\":[{\"@type\":\"SearchAction\",\"target\":{\"@type\":\"EntryPoint\",\"urlTemplate\":\"https:\\\/\\\/www.organisator.ch\\\/?s={search_term_string}\"},\"query-input\":{\"@type\":\"PropertyValueSpecification\",\"valueRequired\":true,\"valueName\":\"search_term_string\"}}],\"inLanguage\":\"it-IT\"},{\"@type\":\"Organization\",\"@id\":\"https:\\\/\\\/www.organisator.ch\\\/#organization\",\"name\":\"Organisator\",\"url\":\"https:\\\/\\\/www.organisator.ch\\\/\",\"logo\":{\"@type\":\"ImageObject\",\"inLanguage\":\"it-IT\",\"@id\":\"https:\\\/\\\/www.organisator.ch\\\/#\\\/schema\\\/logo\\\/image\\\/\",\"url\":\"https:\\\/\\\/www.organisator.ch\\\/wp-content\\\/uploads\\\/2022\\\/01\\\/Logo_Organisator_Website.png\",\"contentUrl\":\"https:\\\/\\\/www.organisator.ch\\\/wp-content\\\/uploads\\\/2022\\\/01\\\/Logo_Organisator_Website.png\",\"width\":800,\"height\":77,\"caption\":\"Organisator\"},\"image\":{\"@id\":\"https:\\\/\\\/www.organisator.ch\\\/#\\\/schema\\\/logo\\\/image\\\/\"},\"sameAs\":[\"https:\\\/\\\/www.facebook.com\\\/OrganisatorFachmagazin\",\"https:\\\/\\\/www.linkedin.com\\\/showcase\\\/organisator-das-magazin-fr-kmu\",\"https:\\\/\\\/www.xing.com\\\/news\\\/pages\\\/organisator-ch-695\",\"https:\\\/\\\/www.youtube.com\\\/channel\\\/UCGP2Sq0iWaZwT3BdIAQFYpw\"]},{\"@type\":\"Person\",\"@id\":\"https:\\\/\\\/www.organisator.ch\\\/#\\\/schema\\\/person\\\/134708ca9321c57b0362cceb7948ffbd\",\"name\":\"michael.merz\",\"image\":{\"@type\":\"ImageObject\",\"inLanguage\":\"it-IT\",\"@id\":\"https:\\\/\\\/secure.gravatar.com\\\/avatar\\\/?s=96&d=mm&r=g\",\"url\":\"https:\\\/\\\/secure.gravatar.com\\\/avatar\\\/?s=96&d=mm&r=g\",\"contentUrl\":\"https:\\\/\\\/secure.gravatar.com\\\/avatar\\\/?s=96&d=mm&r=g\",\"caption\":\"michael.merz\"},\"url\":\"https:\\\/\\\/www.organisator.ch\\\/it\\\/author\\\/michael-merz\\\/\"}]}<\/script>\n<!-- \/ Yoast SEO plugin. -->","yoast_head_json":{"title":"Cinque dei sei edifici del Circolo sono stati affittati - organizzatore","description":"Unispace apre una nuova sede all'aeroporto di Zurigo \"The Circle\" e rafforza la sua posizione nella progettazione degli ambienti di lavoro.","robots":{"index":"index","follow":"follow","max-snippet":"max-snippet:-1","max-image-preview":"max-image-preview:large","max-video-preview":"max-video-preview:-1"},"canonical":"https:\/\/www.organisator.ch\/it\/generale\/2020-07-21\/fuenf-von-sechs-circle-gebaeuden-vermietet\/","og_locale":"it_IT","og_type":"article","og_title":"F\u00fcnf von sechs Circle-Geb\u00e4uden vermietet - Organisator","og_description":"Unispace er\u00f6ffnet neuen Standort im Flughafen Z\u00fcrich \u00abThe Circle\u00bb und st\u00e4rkt seine Position im Workplace Design.","og_url":"https:\/\/www.organisator.ch\/it\/generale\/2020-07-21\/fuenf-von-sechs-circle-gebaeuden-vermietet\/","og_site_name":"Organisator","article_publisher":"https:\/\/www.facebook.com\/OrganisatorFachmagazin","article_published_time":"2020-07-21T13:49:16+00:00","article_modified_time":"2024-11-07T04:34:46+00:00","og_image":[{"width":929,"height":600,"url":"https:\/\/www.organisator.ch\/wp-content\/uploads\/2020\/07\/pavillion_park_0.jpg","type":"image\/jpeg"}],"author":"michael.merz","twitter_card":"summary_large_image","schema":{"@context":"https:\/\/schema.org","@graph":[{"@type":"Article","@id":"https:\/\/www.organisator.ch\/allgemein\/2020-07-21\/fuenf-von-sechs-circle-gebaeuden-vermietet\/#article","isPartOf":{"@id":"https:\/\/www.organisator.ch\/allgemein\/2020-07-21\/fuenf-von-sechs-circle-gebaeuden-vermietet\/"},"author":{"name":"michael.merz","@id":"https:\/\/www.organisator.ch\/#\/schema\/person\/134708ca9321c57b0362cceb7948ffbd"},"headline":"F\u00fcnf von sechs Circle-Geb\u00e4uden vermietet","datePublished":"2020-07-21T13:49:16+00:00","dateModified":"2024-11-07T04:34:46+00:00","mainEntityOfPage":{"@id":"https:\/\/www.organisator.ch\/allgemein\/2020-07-21\/fuenf-von-sechs-circle-gebaeuden-vermietet\/"},"wordCount":379,"publisher":{"@id":"https:\/\/www.organisator.ch\/#organization"},"image":{"@id":"https:\/\/www.organisator.ch\/allgemein\/2020-07-21\/fuenf-von-sechs-circle-gebaeuden-vermietet\/#primaryimage"},"thumbnailUrl":"https:\/\/www.organisator.ch\/wp-content\/uploads\/2020\/07\/pavillion_park_0.jpg","keywords":["Co-Working","Flughafen Z\u00fcrich","Mietfl\u00e4chen","Office","The Circle"],"articleSection":["Allgemein"],"inLanguage":"it-IT"},{"@type":"WebPage","@id":"https:\/\/www.organisator.ch\/allgemein\/2020-07-21\/fuenf-von-sechs-circle-gebaeuden-vermietet\/","url":"https:\/\/www.organisator.ch\/allgemein\/2020-07-21\/fuenf-von-sechs-circle-gebaeuden-vermietet\/","name":"Cinque dei sei edifici del Circolo sono stati affittati - organizzatore","isPartOf":{"@id":"https:\/\/www.organisator.ch\/#website"},"primaryImageOfPage":{"@id":"https:\/\/www.organisator.ch\/allgemein\/2020-07-21\/fuenf-von-sechs-circle-gebaeuden-vermietet\/#primaryimage"},"image":{"@id":"https:\/\/www.organisator.ch\/allgemein\/2020-07-21\/fuenf-von-sechs-circle-gebaeuden-vermietet\/#primaryimage"},"thumbnailUrl":"https:\/\/www.organisator.ch\/wp-content\/uploads\/2020\/07\/pavillion_park_0.jpg","datePublished":"2020-07-21T13:49:16+00:00","dateModified":"2024-11-07T04:34:46+00:00","description":"Unispace apre una nuova sede all'aeroporto di Zurigo \"The Circle\" e rafforza la sua posizione nella progettazione degli ambienti di lavoro.","breadcrumb":{"@id":"https:\/\/www.organisator.ch\/allgemein\/2020-07-21\/fuenf-von-sechs-circle-gebaeuden-vermietet\/#breadcrumb"},"inLanguage":"it-IT","potentialAction":[{"@type":"ReadAction","target":["https:\/\/www.organisator.ch\/allgemein\/2020-07-21\/fuenf-von-sechs-circle-gebaeuden-vermietet\/"]}]},{"@type":"ImageObject","inLanguage":"it-IT","@id":"https:\/\/www.organisator.ch\/allgemein\/2020-07-21\/fuenf-von-sechs-circle-gebaeuden-vermietet\/#primaryimage","url":"https:\/\/www.organisator.ch\/wp-content\/uploads\/2020\/07\/pavillion_park_0.jpg","contentUrl":"https:\/\/www.organisator.ch\/wp-content\/uploads\/2020\/07\/pavillion_park_0.jpg","width":929,"height":600},{"@type":"BreadcrumbList","@id":"https:\/\/www.organisator.ch\/allgemein\/2020-07-21\/fuenf-von-sechs-circle-gebaeuden-vermietet\/#breadcrumb","itemListElement":[{"@type":"ListItem","position":1,"name":"Home","item":"https:\/\/www.organisator.ch\/"},{"@type":"ListItem","position":2,"name":"F\u00fcnf von sechs Circle-Geb\u00e4uden vermietet"}]},{"@type":"WebSite","@id":"https:\/\/www.organisator.ch\/#website","url":"https:\/\/www.organisator.ch\/","name":"Organizzatore","description":"Competente. Pratico. In 10 numeri all'anno, ORGANISATOR presenta i temi essenziali per i manager delle PMI.","publisher":{"@id":"https:\/\/www.organisator.ch\/#organization"},"potentialAction":[{"@type":"SearchAction","target":{"@type":"EntryPoint","urlTemplate":"https:\/\/www.organisator.ch\/?s={search_term_string}"},"query-input":{"@type":"PropertyValueSpecification","valueRequired":true,"valueName":"search_term_string"}}],"inLanguage":"it-IT"},{"@type":"Organization","@id":"https:\/\/www.organisator.ch\/#organization","name":"Organizzatore","url":"https:\/\/www.organisator.ch\/","logo":{"@type":"ImageObject","inLanguage":"it-IT","@id":"https:\/\/www.organisator.ch\/#\/schema\/logo\/image\/","url":"https:\/\/www.organisator.ch\/wp-content\/uploads\/2022\/01\/Logo_Organisator_Website.png","contentUrl":"https:\/\/www.organisator.ch\/wp-content\/uploads\/2022\/01\/Logo_Organisator_Website.png","width":800,"height":77,"caption":"Organisator"},"image":{"@id":"https:\/\/www.organisator.ch\/#\/schema\/logo\/image\/"},"sameAs":["https:\/\/www.facebook.com\/OrganisatorFachmagazin","https:\/\/www.linkedin.com\/showcase\/organisator-das-magazin-fr-kmu","https:\/\/www.xing.com\/news\/pages\/organisator-ch-695","https:\/\/www.youtube.com\/channel\/UCGP2Sq0iWaZwT3BdIAQFYpw"]},{"@type":"Person","@id":"https:\/\/www.organisator.ch\/#\/schema\/person\/134708ca9321c57b0362cceb7948ffbd","name":"michael.merz","image":{"@type":"ImageObject","inLanguage":"it-IT","@id":"https:\/\/secure.gravatar.com\/avatar\/?s=96&d=mm&r=g","url":"https:\/\/secure.gravatar.com\/avatar\/?s=96&d=mm&r=g","contentUrl":"https:\/\/secure.gravatar.com\/avatar\/?s=96&d=mm&r=g","caption":"michael.merz"},"url":"https:\/\/www.organisator.ch\/it\/author\/michael-merz\/"}]}},"_links":{"self":[{"href":"https:\/\/www.organisator.ch\/it\/wp-json\/wp\/v2\/posts\/10193","targetHints":{"allow":["GET"]}}],"collection":[{"href":"https:\/\/www.organisator.ch\/it\/wp-json\/wp\/v2\/posts"}],"about":[{"href":"https:\/\/www.organisator.ch\/it\/wp-json\/wp\/v2\/types\/post"}],"author":[{"embeddable":true,"href":"https:\/\/www.organisator.ch\/it\/wp-json\/wp\/v2\/users\/5"}],"replies":[{"embeddable":true,"href":"https:\/\/www.organisator.ch\/it\/wp-json\/wp\/v2\/comments?post=10193"}],"version-history":[{"count":2,"href":"https:\/\/www.organisator.ch\/it\/wp-json\/wp\/v2\/posts\/10193\/revisions"}],"predecessor-version":[{"id":31610,"href":"https:\/\/www.organisator.ch\/it\/wp-json\/wp\/v2\/posts\/10193\/revisions\/31610"}],"wp:featuredmedia":[{"embeddable":true,"href":"https:\/\/www.organisator.ch\/it\/wp-json\/wp\/v2\/media\/9714"}],"wp:attachment":[{"href":"https:\/\/www.organisator.ch\/it\/wp-json\/wp\/v2\/media?parent=10193"}],"wp:term":[{"taxonomy":"category","embeddable":true,"href":"https:\/\/www.organisator.ch\/it\/wp-json\/wp\/v2\/categories?post=10193"},{"taxonomy":"post_tag","embeddable":true,"href":"https:\/\/www.organisator.ch\/it\/wp-json\/wp\/v2\/tags?post=10193"}],"curies":[{"name":"wp","href":"https:\/\/api.w.org\/{rel}","templated":true}]}}