{"id":10194,"date":"2020-08-05T09:36:14","date_gmt":"2020-08-05T07:36:14","guid":{"rendered":"https:\/\/www.umweltperspektiven.ch\/?p=3232"},"modified":"2022-02-09T11:09:57","modified_gmt":"2022-02-09T10:09:57","slug":"circular-economy-fonds-von-decalia-erhaelt-esg-siegel","status":"publish","type":"post","link":"https:\/\/www.organisator.ch\/it\/sustainability\/2020-08-05\/circular-economy-fonds-von-decalia-erhaelt-esg-siegel\/","title":{"rendered":"Il fondo di economia circolare di Decalia riceve il sigillo di approvazione ESG"},"content":{"rendered":"<figure id=\"attachment_3233\" aria-describedby=\"caption-attachment-3233\" style=\"width: 680px\" class=\"wp-caption alignnone\"><img loading=\"lazy\" decoding=\"async\" class=\"wp-image-3233 size-medium\" src=\"\/\/www.umweltperspektiven.ch\/wp-content\/uploads\/2020\/08\/ESG-Fond-Decalia-UP-Umwelt-Perspektiven.jpg\" alt=\"\" width=\"680\" height=\"453\" srcset=\"https:\/\/www.organisator.ch\/wp-content\/uploads\/2020\/08\/ESG-Fond-Decalia-UP-Umwelt-Perspektiven.jpg 750w, https:\/\/www.organisator.ch\/wp-content\/uploads\/2020\/08\/ESG-Fond-Decalia-UP-Umwelt-Perspektiven-680x453.jpg 680w, https:\/\/www.organisator.ch\/wp-content\/uploads\/2020\/08\/ESG-Fond-Decalia-UP-Umwelt-Perspektiven-18x12.jpg 18w, https:\/\/www.organisator.ch\/wp-content\/uploads\/2020\/08\/ESG-Fond-Decalia-UP-Umwelt-Perspektiven-263x175.jpg 263w, https:\/\/www.organisator.ch\/wp-content\/uploads\/2020\/08\/ESG-Fond-Decalia-UP-Umwelt-Perspektiven-525x350.jpg 525w, https:\/\/www.organisator.ch\/wp-content\/uploads\/2020\/08\/ESG-Fond-Decalia-UP-Umwelt-Perspektiven-300x200.jpg 300w\" sizes=\"auto, (max-width: 680px) 100vw, 680px\" \/><figcaption id=\"caption-attachment-3233\" class=\"wp-caption-text\">Nel frattempo, sempre pi\u00f9 persone investono nel recupero dei rifiuti, nel prolungamento della vita utile dei prodotti, nella sharing economy in generale. (Immagine simbolo: Unsplash)<\/figcaption><\/figure>\n<p>L'acronimo ESG si \u00e8 affermato per identificare gli investimenti sostenibili. Queste tre lettere descrivono tre aree di responsabilit\u00e0 delle aziende legate alla sostenibilit\u00e0: Ambiente, Sociale (responsabilit\u00e0 sociale) e Governance (gestione aziendale).<\/p>\n<p class=\"bodytext\">L'Agenzia lussemburghese di etichettatura finanziaria, indipendente e senza scopo di lucro (<a href=\"\/\/www.luxflag.org\/\" target=\"_blank\" rel=\"noopener\">LuxFlag<\/a>) ha assegnato il sigillo ESG al Circular Economy Fund del gruppo Decalia di Ginevra. Secondo un\u00a0<a href=\"\/\/www.presseportal-schweiz.ch\/pressemeldungen\/decalia-circular-economy-erhaelt-luxflag-esg-label\" target=\"_blank\" rel=\"noopener\">Comunicato stampa<\/a>\u00a0di Decalia, l'istituto si \u00e8 affermato come \"punto di riferimento per il mercato degli investimenti sostenibili\".<\/p>\n<p class=\"bodytext\"><strong>Un fondo con dei principi\u00a0<\/strong><\/p>\n<p class=\"bodytext\">Il fondo \u00e8 stato lanciato nel 2016 ed \u00e8 il primo fondo di investimento globale che si concentra sull'economia circolare. \"Il fondo \u00e8 stato creato in risposta all'eccessivo sfruttamento e consumo delle risorse naturali del nostro pianeta\", dice il comunicato. L'economia circolare, dice, offre una via d'uscita da questa impasse progettando prodotti e servizi che possono essere facilmente rinnovati, riutilizzati e riciclati. L'affitto e il diritto d'uso sono preferiti alla propriet\u00e0. Inoltre, vengono utilizzate energie rinnovabili.<\/p>\n<p class=\"bodytext\">\"Il fondo si basa ora su cinque principi\", spiega Cl\u00e9ment Maclou di Decalia. \"Questi sono l'ottimizzazione delle risorse naturali, il recupero dei rifiuti, l'estensione della vita utile dei prodotti, la sharing economy e il modello di business product-as-a-service, con il quale i clienti acquistano un diritto ad usare un prodotto\".<\/p>\n<p class=\"bodytext\">\"Siamo lieti che la Decalia Circular Economy sia stata riconosciuta da LuxFlag\", dice il responsabile di Decalia Funds Xavier Guillon. \"Rafforza la nostra strategia di sviluppo, che si concentra sui cambiamenti di paradigma che avranno un impatto a lungo termine sull'economia globale\". (Fonte: Decalia)<\/p>","protected":false},"excerpt":{"rendered":"<p>Zur Kennzeichnung nachhaltiger Anlagen\u00a0hat sich das Akronym ESG etabliert. Diese drei Buchstaben beschreiben drei nachhaltigkeitsbezogene Verantwortungsbereiche von Unternehmen:\u00a0Environment (Umwelt), Social (soziale Verantwortung) und\u00a0Governance (Unternehmensf\u00fchrung). Die gemeinn\u00fctzige und unabh\u00e4ngige Luxembourg Finance Labelling Agency (LuxFlag) hat dem Circular Economy-Fonds der Genfer\u00a0Decalia-Gruppe\u00a0das ESG-Siegel verliehen. Laut einer\u00a0Medienmitteilung\u00a0von Decalia habe sich das Institut als \u201eBenchmark f\u00fcr den Markt von nachhaltigen [&hellip;]<\/p>\n","protected":false},"author":5,"featured_media":3233,"comment_status":"closed","ping_status":"closed","sticky":false,"template":"","format":"standard","meta":{"_acf_changed":false,"_yoast_wpseo_focuskw":"ESG","_yoast_wpseo_metadesc":"Der Fonds Decalia Circular Economy, der in die Kreislaufwirtschaft investiert, hat sich durch seine \u00fcberzeugende Struktur f\u00fcr das ESG-Label qualifiziert.","articlekey":"","footnotes":""},"categories":[580],"tags":[1125,1206,594,1752,2123],"class_list":["post-10194","post","type-post","status-publish","format-standard","has-post-thumbnail","hentry","category-sustainability","tag-esg","tag-fonds","tag-kreislaufwirtschaft","tag-nachhaltig-anlegen","tag-siegel"],"acf":[],"yoast_head":"<!-- This site is optimized with the Yoast SEO plugin v27.4 - https:\/\/yoast.com\/product\/yoast-seo-wordpress\/ -->\n<title>Circular Economy-Fonds von Decalia erh\u00e4lt ESG-Siegel - Organisator<\/title>\n<meta name=\"description\" content=\"Der Fonds Decalia Circular Economy, der in die Kreislaufwirtschaft investiert, hat sich durch seine \u00fcberzeugende Struktur f\u00fcr das ESG-Label qualifiziert.\" \/>\n<meta name=\"robots\" content=\"index, follow, max-snippet:-1, max-image-preview:large, max-video-preview:-1\" \/>\n<link rel=\"canonical\" href=\"https:\/\/www.organisator.ch\/it\/sostenibilita\/2020-08-05\/circular-economy-fonds-von-decalia-erhaelt-esg-siegel\/\" \/>\n<meta property=\"og:locale\" content=\"it_IT\" \/>\n<meta property=\"og:type\" content=\"article\" \/>\n<meta property=\"og:title\" content=\"Circular Economy-Fonds von Decalia erh\u00e4lt ESG-Siegel - Organisator\" \/>\n<meta property=\"og:description\" content=\"Der Fonds Decalia Circular Economy, der in die Kreislaufwirtschaft investiert, hat sich durch seine \u00fcberzeugende Struktur f\u00fcr das ESG-Label qualifiziert.\" \/>\n<meta property=\"og:url\" content=\"https:\/\/www.organisator.ch\/it\/sostenibilita\/2020-08-05\/circular-economy-fonds-von-decalia-erhaelt-esg-siegel\/\" \/>\n<meta property=\"og:site_name\" content=\"Organisator\" \/>\n<meta property=\"article:publisher\" content=\"https:\/\/www.facebook.com\/OrganisatorFachmagazin\" \/>\n<meta property=\"article:published_time\" content=\"2020-08-05T07:36:14+00:00\" \/>\n<meta property=\"article:modified_time\" content=\"2022-02-09T10:09:57+00:00\" \/>\n<meta property=\"og:image\" content=\"https:\/\/www.organisator.ch\/wp-content\/uploads\/2020\/08\/ESG-Fond-Decalia-UP-Umwelt-Perspektiven.jpg\" \/>\n\t<meta property=\"og:image:width\" content=\"750\" \/>\n\t<meta property=\"og:image:height\" content=\"500\" \/>\n\t<meta property=\"og:image:type\" content=\"image\/jpeg\" \/>\n<meta name=\"author\" content=\"michael.merz\" \/>\n<meta name=\"twitter:card\" content=\"summary_large_image\" \/>\n<script type=\"application\/ld+json\" class=\"yoast-schema-graph\">{\"@context\":\"https:\\\/\\\/schema.org\",\"@graph\":[{\"@type\":\"Article\",\"@id\":\"https:\\\/\\\/www.organisator.ch\\\/sustainability\\\/2020-08-05\\\/circular-economy-fonds-von-decalia-erhaelt-esg-siegel\\\/#article\",\"isPartOf\":{\"@id\":\"https:\\\/\\\/www.organisator.ch\\\/sustainability\\\/2020-08-05\\\/circular-economy-fonds-von-decalia-erhaelt-esg-siegel\\\/\"},\"author\":{\"name\":\"michael.merz\",\"@id\":\"https:\\\/\\\/www.organisator.ch\\\/#\\\/schema\\\/person\\\/134708ca9321c57b0362cceb7948ffbd\"},\"headline\":\"Circular Economy-Fonds von Decalia erh\u00e4lt ESG-Siegel\",\"datePublished\":\"2020-08-05T07:36:14+00:00\",\"dateModified\":\"2022-02-09T10:09:57+00:00\",\"mainEntityOfPage\":{\"@id\":\"https:\\\/\\\/www.organisator.ch\\\/sustainability\\\/2020-08-05\\\/circular-economy-fonds-von-decalia-erhaelt-esg-siegel\\\/\"},\"wordCount\":282,\"publisher\":{\"@id\":\"https:\\\/\\\/www.organisator.ch\\\/#organization\"},\"image\":{\"@id\":\"https:\\\/\\\/www.organisator.ch\\\/sustainability\\\/2020-08-05\\\/circular-economy-fonds-von-decalia-erhaelt-esg-siegel\\\/#primaryimage\"},\"thumbnailUrl\":\"https:\\\/\\\/www.organisator.ch\\\/wp-content\\\/uploads\\\/2020\\\/08\\\/ESG-Fond-Decalia-UP-Umwelt-Perspektiven.jpg\",\"keywords\":[\"ESG\",\"Fonds\",\"Kreislaufwirtschaft\",\"nachhaltig anlegen\",\"Siegel\"],\"articleSection\":[\"SUSTAINABILITY\"],\"inLanguage\":\"it-IT\"},{\"@type\":\"WebPage\",\"@id\":\"https:\\\/\\\/www.organisator.ch\\\/sustainability\\\/2020-08-05\\\/circular-economy-fonds-von-decalia-erhaelt-esg-siegel\\\/\",\"url\":\"https:\\\/\\\/www.organisator.ch\\\/sustainability\\\/2020-08-05\\\/circular-economy-fonds-von-decalia-erhaelt-esg-siegel\\\/\",\"name\":\"Circular Economy-Fonds von Decalia erh\u00e4lt ESG-Siegel - Organisator\",\"isPartOf\":{\"@id\":\"https:\\\/\\\/www.organisator.ch\\\/#website\"},\"primaryImageOfPage\":{\"@id\":\"https:\\\/\\\/www.organisator.ch\\\/sustainability\\\/2020-08-05\\\/circular-economy-fonds-von-decalia-erhaelt-esg-siegel\\\/#primaryimage\"},\"image\":{\"@id\":\"https:\\\/\\\/www.organisator.ch\\\/sustainability\\\/2020-08-05\\\/circular-economy-fonds-von-decalia-erhaelt-esg-siegel\\\/#primaryimage\"},\"thumbnailUrl\":\"https:\\\/\\\/www.organisator.ch\\\/wp-content\\\/uploads\\\/2020\\\/08\\\/ESG-Fond-Decalia-UP-Umwelt-Perspektiven.jpg\",\"datePublished\":\"2020-08-05T07:36:14+00:00\",\"dateModified\":\"2022-02-09T10:09:57+00:00\",\"description\":\"Der Fonds Decalia Circular Economy, der in die Kreislaufwirtschaft investiert, hat sich durch seine \u00fcberzeugende Struktur f\u00fcr das ESG-Label qualifiziert.\",\"breadcrumb\":{\"@id\":\"https:\\\/\\\/www.organisator.ch\\\/sustainability\\\/2020-08-05\\\/circular-economy-fonds-von-decalia-erhaelt-esg-siegel\\\/#breadcrumb\"},\"inLanguage\":\"it-IT\",\"potentialAction\":[{\"@type\":\"ReadAction\",\"target\":[\"https:\\\/\\\/www.organisator.ch\\\/sustainability\\\/2020-08-05\\\/circular-economy-fonds-von-decalia-erhaelt-esg-siegel\\\/\"]}]},{\"@type\":\"ImageObject\",\"inLanguage\":\"it-IT\",\"@id\":\"https:\\\/\\\/www.organisator.ch\\\/sustainability\\\/2020-08-05\\\/circular-economy-fonds-von-decalia-erhaelt-esg-siegel\\\/#primaryimage\",\"url\":\"https:\\\/\\\/www.organisator.ch\\\/wp-content\\\/uploads\\\/2020\\\/08\\\/ESG-Fond-Decalia-UP-Umwelt-Perspektiven.jpg\",\"contentUrl\":\"https:\\\/\\\/www.organisator.ch\\\/wp-content\\\/uploads\\\/2020\\\/08\\\/ESG-Fond-Decalia-UP-Umwelt-Perspektiven.jpg\",\"width\":750,\"height\":500},{\"@type\":\"BreadcrumbList\",\"@id\":\"https:\\\/\\\/www.organisator.ch\\\/sustainability\\\/2020-08-05\\\/circular-economy-fonds-von-decalia-erhaelt-esg-siegel\\\/#breadcrumb\",\"itemListElement\":[{\"@type\":\"ListItem\",\"position\":1,\"name\":\"Home\",\"item\":\"https:\\\/\\\/www.organisator.ch\\\/\"},{\"@type\":\"ListItem\",\"position\":2,\"name\":\"Circular Economy-Fonds von Decalia erh\u00e4lt ESG-Siegel\"}]},{\"@type\":\"WebSite\",\"@id\":\"https:\\\/\\\/www.organisator.ch\\\/#website\",\"url\":\"https:\\\/\\\/www.organisator.ch\\\/\",\"name\":\"Organisator\",\"description\":\"Kompetent. Praxisnah. Der ORGANISATOR bereitet in 10 Ausgaben pro Jahr die wesentlichen Themen f\u00fcr F\u00fchrungskr\u00e4fte von KMU auf.\",\"publisher\":{\"@id\":\"https:\\\/\\\/www.organisator.ch\\\/#organization\"},\"potentialAction\":[{\"@type\":\"SearchAction\",\"target\":{\"@type\":\"EntryPoint\",\"urlTemplate\":\"https:\\\/\\\/www.organisator.ch\\\/?s={search_term_string}\"},\"query-input\":{\"@type\":\"PropertyValueSpecification\",\"valueRequired\":true,\"valueName\":\"search_term_string\"}}],\"inLanguage\":\"it-IT\"},{\"@type\":\"Organization\",\"@id\":\"https:\\\/\\\/www.organisator.ch\\\/#organization\",\"name\":\"Organisator\",\"url\":\"https:\\\/\\\/www.organisator.ch\\\/\",\"logo\":{\"@type\":\"ImageObject\",\"inLanguage\":\"it-IT\",\"@id\":\"https:\\\/\\\/www.organisator.ch\\\/#\\\/schema\\\/logo\\\/image\\\/\",\"url\":\"https:\\\/\\\/www.organisator.ch\\\/wp-content\\\/uploads\\\/2022\\\/01\\\/Logo_Organisator_Website.png\",\"contentUrl\":\"https:\\\/\\\/www.organisator.ch\\\/wp-content\\\/uploads\\\/2022\\\/01\\\/Logo_Organisator_Website.png\",\"width\":800,\"height\":77,\"caption\":\"Organisator\"},\"image\":{\"@id\":\"https:\\\/\\\/www.organisator.ch\\\/#\\\/schema\\\/logo\\\/image\\\/\"},\"sameAs\":[\"https:\\\/\\\/www.facebook.com\\\/OrganisatorFachmagazin\",\"https:\\\/\\\/www.linkedin.com\\\/showcase\\\/organisator-das-magazin-fr-kmu\",\"https:\\\/\\\/www.xing.com\\\/news\\\/pages\\\/organisator-ch-695\",\"https:\\\/\\\/www.youtube.com\\\/channel\\\/UCGP2Sq0iWaZwT3BdIAQFYpw\"]},{\"@type\":\"Person\",\"@id\":\"https:\\\/\\\/www.organisator.ch\\\/#\\\/schema\\\/person\\\/134708ca9321c57b0362cceb7948ffbd\",\"name\":\"michael.merz\",\"image\":{\"@type\":\"ImageObject\",\"inLanguage\":\"it-IT\",\"@id\":\"https:\\\/\\\/secure.gravatar.com\\\/avatar\\\/?s=96&d=mm&r=g\",\"url\":\"https:\\\/\\\/secure.gravatar.com\\\/avatar\\\/?s=96&d=mm&r=g\",\"contentUrl\":\"https:\\\/\\\/secure.gravatar.com\\\/avatar\\\/?s=96&d=mm&r=g\",\"caption\":\"michael.merz\"},\"url\":\"https:\\\/\\\/www.organisator.ch\\\/it\\\/author\\\/michael-merz\\\/\"}]}<\/script>\n<!-- \/ Yoast SEO plugin. -->","yoast_head_json":{"title":"Il Fondo per l'economia circolare di Decalia riceve il sigillo ESG - Organizzatore","description":"Il fondo Decalia Circular Economy, che investe nell'economia circolare, si \u00e8 qualificato per l'etichetta ESG grazie alla sua struttura convincente.","robots":{"index":"index","follow":"follow","max-snippet":"max-snippet:-1","max-image-preview":"max-image-preview:large","max-video-preview":"max-video-preview:-1"},"canonical":"https:\/\/www.organisator.ch\/it\/sostenibilita\/2020-08-05\/circular-economy-fonds-von-decalia-erhaelt-esg-siegel\/","og_locale":"it_IT","og_type":"article","og_title":"Circular Economy-Fonds von Decalia erh\u00e4lt ESG-Siegel - Organisator","og_description":"Der Fonds Decalia Circular Economy, der in die Kreislaufwirtschaft investiert, hat sich durch seine \u00fcberzeugende Struktur f\u00fcr das ESG-Label qualifiziert.","og_url":"https:\/\/www.organisator.ch\/it\/sostenibilita\/2020-08-05\/circular-economy-fonds-von-decalia-erhaelt-esg-siegel\/","og_site_name":"Organisator","article_publisher":"https:\/\/www.facebook.com\/OrganisatorFachmagazin","article_published_time":"2020-08-05T07:36:14+00:00","article_modified_time":"2022-02-09T10:09:57+00:00","og_image":[{"width":750,"height":500,"url":"https:\/\/www.organisator.ch\/wp-content\/uploads\/2020\/08\/ESG-Fond-Decalia-UP-Umwelt-Perspektiven.jpg","type":"image\/jpeg"}],"author":"michael.merz","twitter_card":"summary_large_image","schema":{"@context":"https:\/\/schema.org","@graph":[{"@type":"Article","@id":"https:\/\/www.organisator.ch\/sustainability\/2020-08-05\/circular-economy-fonds-von-decalia-erhaelt-esg-siegel\/#article","isPartOf":{"@id":"https:\/\/www.organisator.ch\/sustainability\/2020-08-05\/circular-economy-fonds-von-decalia-erhaelt-esg-siegel\/"},"author":{"name":"michael.merz","@id":"https:\/\/www.organisator.ch\/#\/schema\/person\/134708ca9321c57b0362cceb7948ffbd"},"headline":"Circular Economy-Fonds von Decalia erh\u00e4lt ESG-Siegel","datePublished":"2020-08-05T07:36:14+00:00","dateModified":"2022-02-09T10:09:57+00:00","mainEntityOfPage":{"@id":"https:\/\/www.organisator.ch\/sustainability\/2020-08-05\/circular-economy-fonds-von-decalia-erhaelt-esg-siegel\/"},"wordCount":282,"publisher":{"@id":"https:\/\/www.organisator.ch\/#organization"},"image":{"@id":"https:\/\/www.organisator.ch\/sustainability\/2020-08-05\/circular-economy-fonds-von-decalia-erhaelt-esg-siegel\/#primaryimage"},"thumbnailUrl":"https:\/\/www.organisator.ch\/wp-content\/uploads\/2020\/08\/ESG-Fond-Decalia-UP-Umwelt-Perspektiven.jpg","keywords":["ESG","Fonds","Kreislaufwirtschaft","nachhaltig anlegen","Siegel"],"articleSection":["SUSTAINABILITY"],"inLanguage":"it-IT"},{"@type":"WebPage","@id":"https:\/\/www.organisator.ch\/sustainability\/2020-08-05\/circular-economy-fonds-von-decalia-erhaelt-esg-siegel\/","url":"https:\/\/www.organisator.ch\/sustainability\/2020-08-05\/circular-economy-fonds-von-decalia-erhaelt-esg-siegel\/","name":"Il Fondo per l'economia circolare di Decalia riceve il sigillo ESG - Organizzatore","isPartOf":{"@id":"https:\/\/www.organisator.ch\/#website"},"primaryImageOfPage":{"@id":"https:\/\/www.organisator.ch\/sustainability\/2020-08-05\/circular-economy-fonds-von-decalia-erhaelt-esg-siegel\/#primaryimage"},"image":{"@id":"https:\/\/www.organisator.ch\/sustainability\/2020-08-05\/circular-economy-fonds-von-decalia-erhaelt-esg-siegel\/#primaryimage"},"thumbnailUrl":"https:\/\/www.organisator.ch\/wp-content\/uploads\/2020\/08\/ESG-Fond-Decalia-UP-Umwelt-Perspektiven.jpg","datePublished":"2020-08-05T07:36:14+00:00","dateModified":"2022-02-09T10:09:57+00:00","description":"Il fondo Decalia Circular Economy, che investe nell'economia circolare, si \u00e8 qualificato per l'etichetta ESG grazie alla sua struttura convincente.","breadcrumb":{"@id":"https:\/\/www.organisator.ch\/sustainability\/2020-08-05\/circular-economy-fonds-von-decalia-erhaelt-esg-siegel\/#breadcrumb"},"inLanguage":"it-IT","potentialAction":[{"@type":"ReadAction","target":["https:\/\/www.organisator.ch\/sustainability\/2020-08-05\/circular-economy-fonds-von-decalia-erhaelt-esg-siegel\/"]}]},{"@type":"ImageObject","inLanguage":"it-IT","@id":"https:\/\/www.organisator.ch\/sustainability\/2020-08-05\/circular-economy-fonds-von-decalia-erhaelt-esg-siegel\/#primaryimage","url":"https:\/\/www.organisator.ch\/wp-content\/uploads\/2020\/08\/ESG-Fond-Decalia-UP-Umwelt-Perspektiven.jpg","contentUrl":"https:\/\/www.organisator.ch\/wp-content\/uploads\/2020\/08\/ESG-Fond-Decalia-UP-Umwelt-Perspektiven.jpg","width":750,"height":500},{"@type":"BreadcrumbList","@id":"https:\/\/www.organisator.ch\/sustainability\/2020-08-05\/circular-economy-fonds-von-decalia-erhaelt-esg-siegel\/#breadcrumb","itemListElement":[{"@type":"ListItem","position":1,"name":"Home","item":"https:\/\/www.organisator.ch\/"},{"@type":"ListItem","position":2,"name":"Circular Economy-Fonds von Decalia erh\u00e4lt ESG-Siegel"}]},{"@type":"WebSite","@id":"https:\/\/www.organisator.ch\/#website","url":"https:\/\/www.organisator.ch\/","name":"Organizzatore","description":"Competente. Pratico. In 10 numeri all'anno, ORGANISATOR presenta i temi essenziali per i manager delle PMI.","publisher":{"@id":"https:\/\/www.organisator.ch\/#organization"},"potentialAction":[{"@type":"SearchAction","target":{"@type":"EntryPoint","urlTemplate":"https:\/\/www.organisator.ch\/?s={search_term_string}"},"query-input":{"@type":"PropertyValueSpecification","valueRequired":true,"valueName":"search_term_string"}}],"inLanguage":"it-IT"},{"@type":"Organization","@id":"https:\/\/www.organisator.ch\/#organization","name":"Organizzatore","url":"https:\/\/www.organisator.ch\/","logo":{"@type":"ImageObject","inLanguage":"it-IT","@id":"https:\/\/www.organisator.ch\/#\/schema\/logo\/image\/","url":"https:\/\/www.organisator.ch\/wp-content\/uploads\/2022\/01\/Logo_Organisator_Website.png","contentUrl":"https:\/\/www.organisator.ch\/wp-content\/uploads\/2022\/01\/Logo_Organisator_Website.png","width":800,"height":77,"caption":"Organisator"},"image":{"@id":"https:\/\/www.organisator.ch\/#\/schema\/logo\/image\/"},"sameAs":["https:\/\/www.facebook.com\/OrganisatorFachmagazin","https:\/\/www.linkedin.com\/showcase\/organisator-das-magazin-fr-kmu","https:\/\/www.xing.com\/news\/pages\/organisator-ch-695","https:\/\/www.youtube.com\/channel\/UCGP2Sq0iWaZwT3BdIAQFYpw"]},{"@type":"Person","@id":"https:\/\/www.organisator.ch\/#\/schema\/person\/134708ca9321c57b0362cceb7948ffbd","name":"michael.merz","image":{"@type":"ImageObject","inLanguage":"it-IT","@id":"https:\/\/secure.gravatar.com\/avatar\/?s=96&d=mm&r=g","url":"https:\/\/secure.gravatar.com\/avatar\/?s=96&d=mm&r=g","contentUrl":"https:\/\/secure.gravatar.com\/avatar\/?s=96&d=mm&r=g","caption":"michael.merz"},"url":"https:\/\/www.organisator.ch\/it\/author\/michael-merz\/"}]}},"_links":{"self":[{"href":"https:\/\/www.organisator.ch\/it\/wp-json\/wp\/v2\/posts\/10194","targetHints":{"allow":["GET"]}}],"collection":[{"href":"https:\/\/www.organisator.ch\/it\/wp-json\/wp\/v2\/posts"}],"about":[{"href":"https:\/\/www.organisator.ch\/it\/wp-json\/wp\/v2\/types\/post"}],"author":[{"embeddable":true,"href":"https:\/\/www.organisator.ch\/it\/wp-json\/wp\/v2\/users\/5"}],"replies":[{"embeddable":true,"href":"https:\/\/www.organisator.ch\/it\/wp-json\/wp\/v2\/comments?post=10194"}],"version-history":[{"count":1,"href":"https:\/\/www.organisator.ch\/it\/wp-json\/wp\/v2\/posts\/10194\/revisions"}],"predecessor-version":[{"id":10825,"href":"https:\/\/www.organisator.ch\/it\/wp-json\/wp\/v2\/posts\/10194\/revisions\/10825"}],"wp:featuredmedia":[{"embeddable":true,"href":"https:\/\/www.organisator.ch\/it\/wp-json\/wp\/v2\/media\/3233"}],"wp:attachment":[{"href":"https:\/\/www.organisator.ch\/it\/wp-json\/wp\/v2\/media?parent=10194"}],"wp:term":[{"taxonomy":"category","embeddable":true,"href":"https:\/\/www.organisator.ch\/it\/wp-json\/wp\/v2\/categories?post=10194"},{"taxonomy":"post_tag","embeddable":true,"href":"https:\/\/www.organisator.ch\/it\/wp-json\/wp\/v2\/tags?post=10194"}],"curies":[{"name":"wp","href":"https:\/\/api.w.org\/{rel}","templated":true}]}}