{"id":10199,"date":"2020-08-25T15:30:32","date_gmt":"2020-08-25T13:30:32","guid":{"rendered":"https:\/\/www.umweltperspektiven.ch\/?p=3297"},"modified":"2020-08-25T15:30:32","modified_gmt":"2020-08-25T13:30:32","slug":"der-energiepionier-hansjuerg-leibundgut-tritt-ab-seine-visionen-bleiben-bestehen","status":"publish","type":"post","link":"https:\/\/www.organisator.ch\/it\/allgemein\/2020-08-25\/der-energiepionier-hansjuerg-leibundgut-tritt-ab-seine-visionen-bleiben-bestehen\/","title":{"rendered":"Il pioniere dell'energia Hansj\u00fcrg Leibundgut si dimette, le sue visioni rimangono"},"content":{"rendered":"<p>&nbsp;<\/p>\n<figure id=\"attachment_3298\" aria-describedby=\"caption-attachment-3298\" style=\"width: 680px\" class=\"wp-caption alignnone\"><img loading=\"lazy\" decoding=\"async\" class=\"size-medium wp-image-3298\" src=\"\/\/www.umweltperspektiven.ch\/wp-content\/uploads\/2020\/08\/200824_HJL-mit-Geschenk.jpg\" alt=\"\" width=\"680\" height=\"453\" \/><figcaption id=\"caption-attachment-3298\" class=\"wp-caption-text\">Hansj\u00fcrg Leibundgut ha ricevuto diversi premi per il suo lavoro, tra cui il riconoscimento della giuria SIA nel 2017. (Immagine: zVg)<\/figcaption><\/figure>\n<p>In occasione dell'assemblea generale di ieri di BS2 AG, fondata insieme all'imprenditore edile e immobiliare Balz Halter nel 2004, Hansj\u00fcrg Leibundgut ha salutato i suoi colleghi del consiglio di amministrazione e gli azionisti di BS2. Il suo instancabile impegno per un futuro senza combustibili fossili \u00e8 stato riconosciuto dai compagni di lunga data.\u00a0<em>\"L'irrefrenabile spinta di Hansj\u00fcrg Leibundgut a innovare l'industria delle costruzioni e il patrimonio edilizio nell'interesse della societ\u00e0 e dell'ambiente, cos\u00ec come il suo modo incorruttibile di pensare e agire, non hanno sempre incontrato gioia e approvazione. Tuttavia, oggi non c'\u00e8 dubbio che avesse ragione su molte cose e che abbia avuto un'influenza duratura sul nostro settore, portandolo avanti\",\u00a0<\/em>sollevato\u00a0<strong>Supporto per il corteggiamento<\/strong>\u00a0nel suo discorso elogiativo.<\/p>\n<p>Anche\u00a0<strong>Adrian Altenburger<\/strong>, Direttore dell'Istituto e del Corso di Studi in Ingegneria e Architettura dell'Universit\u00e0 di Scienze Applicate e Arti di Lucerna e Vicepresidente dell'ASI, ha un bel ricordo di questi anni di collaborazione:\u00a0<em>\"Nella mia carriera professionale ci sono state poche persone che mi hanno ispirato sia professionalmente che personalmente. Hansj\u00fcrg Leibundgut era uno di loro. Con il suo modo di argomentare forte e stimolante, mi ha spesso portato fuori dalla mia zona di comfort durante il periodo trascorso insieme ad Amstein + Walthert, ma ha sempre generato un valore aggiunto non solo nella questione in questione, ma anche per me.\"<\/em><\/p>\n<p><strong>Da \"Mefisto dell'energia\" a pioniere riconosciuto<br \/>\n<\/strong>Leibundgut era anche politicamente attivo e spesso provocava gli altri per attirare l'attenzione sulla sua causa. Non c'\u00e8 da stupirsi che abbia causato offese in questo modo. Ad esempio, \u00e8 stato pubblicamente descritto come un fantasista, un visionario, un utopista, un ossessivo, un impulsivo, persino come il Mefisto dell'energia. Nel film documentario\u00a0<a href=\"\/\/www.youtube.com\/watch?v=ww7NaZu8a7w\">\"Pionieri dell'energia<\/a>\u00a0del regista svizzero Samuel Stefan dice\u00a0<strong>Leibundgut<\/strong>Tutte queste denominazioni sarebbero corrette e complementari:\u00a0<em>\"Un'utopia non \u00e8 di per s\u00e9 una cosa negativa. \u00c8 un'immagine che si disegna e che corrisponde al paradiso\".<\/em>\u00a0In questo film\u00a0<strong>Bertrand Piccard<\/strong>\u00a0un altro visionario ha posto la seguente domanda:\u00a0<em>\"Sono pazzi quelli che non vogliono cambiare nulla o sono i pionieri che vogliono cambiare tutto? Il futuro mostrer\u00e0 chi \u00e8 stato pazzo. Il problema \u00e8 che a quel punto potrebbe essere gi\u00e0 troppo tardi\".<\/em><\/p>\n<p><strong>Dal PF al mercato<\/strong><br \/>\nAffinch\u00e9 non sia troppo tardi e le numerose invenzioni di Leibundgut possano essere combinate in un sistema di riscaldamento a zero emissioni, le aziende innovative del settore della tecnologia degli edifici e dell'industria delle costruzioni hanno\u00a0<a href=\"\/\/www.2sol.ch\/\">Alleanza 2SOL<\/a>\u00a0\u00e8 stato lanciato nell'autunno 2013 con grande successo mediatico. Insieme e sulla base degli approcci di Leibundgut, hanno coordinato componenti tecnici di diversi produttori e mestieri coinvolti, creando cos\u00ec un principio di sistema commerciabile. L'associazione Alliance 2SOL si impegna per un patrimonio edilizio privo di emissioni e supporta i proprietari di edifici e gli esperti come punto di contatto e centro di competenza. Alliance 2SOL non offre servizi o prodotti commerciali. A differenza di BS2 AG, che \u00e8 membro fondatore della 2SOL Alliance e offre non solo i componenti tecnici per un sistema energetico per edifici a zero emissioni, ma anche tutti i servizi necessari per la sua progettazione e realizzazione. Questo pacchetto completo si chiama BS2 Zeleganz e nel 2017 ha ricevuto un riconoscimento dalla giuria di\u00a0<a href=\"\/\/www.sia.ch\/de\/themen\/umsicht-17\/anerkennungen\/bs2-zeleganz\/\">Prudenza SIA<\/a>.<\/p>\n<p><em>\"Il sistema Zeleganz si basa costantemente su un approvvigionamento energetico senza combustibili fossili e allo stesso tempo consente una maggiore libert\u00e0 architettonica nell'ambito dell'involucro edilizio, sia per gli edifici nuovi che per quelli esistenti. Il modo in cui \u00e8 stata sviluppata una gamma di prodotti competitivi grazie all'innovativo approccio sistemico, che allo stesso tempo consente sinergie economiche, \u00e8 incoraggiante ed esemplare per un trasferimento tecnologico di successo nel settore cleantech.\"<\/em>\u00a0\u00e8 la conclusione della giuria.<\/p>\n<p><strong>Marc B\u00e4tschmann<\/strong>, CEO di BS2 AG dal 2014, dice del suo ex professore: \"<em>Lavorare con Hansj\u00fcrg Leibundgut \u00e8 sempre stato entusiasmante, sia presso la sua cattedra all'ETH sia insieme a lui alla BS2. Le idee e i nuovi approcci per risolvere qualsiasi sfida tecnica sgorgavano da lui. Ammiro ancora la coerenza e l'orientamento alle sue idee, senza lasciarsi distogliere dal suo cammino nemmeno da una grande resistenza. Questo \"spirito\" continua a vivere in BS2. Lo sentiamo ogni giorno. Per noi, rappresentanti delle giovani generazioni, la grande fiducia che riponeva nei giovani e il sostegno che ha sempre dato loro \u00e8 unico. Continuiamo con orgoglio a perseguire la sua visione di un parco edifici senza emissioni\".<\/em><\/p>\n<p><em>\u00a0<\/em><strong>Leibundgut si \u00e8 sempre preoccupato della questione, della logica, del pensiero preciso e della realt\u00e0 fisica.<br \/>\n<\/strong>Per lui il prestigio personale non \u00e8 mai stato in primo piano, ma l'effetto delle sue azioni. Voleva fare la differenza nell'interesse della societ\u00e0 e dell'ambiente. Questo impulso e il suo modo di pensare e agire incorruttibile non gli procurarono solo amici. Ma poich\u00e9 si preoccupava della causa e dell'effetto, lo sopportava. Di conseguenza, non solo ha spostato molto, ma ha anche cambiato il pensiero di molte menti.<\/p>\n<p><strong>Il pioniere dell'energia passa la torcia<br \/>\n<\/strong>I membri del consiglio di amministrazione, gli azionisti e i dipendenti di BS2 AG sono molto dispiaciuti per l'uscita di Leibundgut dal consiglio di amministrazione di BS2 AG, ma possono ben comprendere la sua decisione. Inoltre, ha fatto pi\u00f9 che abbastanza per questa azienda da non poter cedere in coscienza compiti e responsabilit\u00e0 a forze pi\u00f9 giovani. Lo ringraziamo per il viaggio che abbiamo potuto fare con lui e gli auguriamo il meglio.<\/p>\n<p><em><u>Ulteriori link:\u00a0<\/u><a href=\"\/\/ethz.ch\/services\/de\/organisation\/who-is-who\/emeritierte-professorinnen-und-professoren\/details.MTMxODU0.TGlzdC80MDEsLTc0NzY4NzYw.html\"><strong>Politecnico di Zurigo<\/strong>\u00a0- Professori emeriti\u00a0<\/a><\/em><\/p>","protected":false},"excerpt":{"rendered":"<p>&nbsp; An der gestrigen Generalversammlung der von ihm gemeinsam mit dem Bau- und Immobilienunternehmer Balz Halter im Jahr 2004 gegr\u00fcndeten BS2 AG verabschiedete sich Hansj\u00fcrg Leibundgut von seinen Verwaltungsratskollegen und den BS2-Aktion\u00e4ren. Sein unerm\u00fcdlicher Einsatz f\u00fcr eine Zukunft ohne fossile Brennstoffe wurde von langj\u00e4hrigen Weggef\u00e4hrten gew\u00fcrdigt.\u00a0\u00abHansj\u00fcrg Leibundguts unb\u00e4ndiger Drang, die Bauindustrie und den Geb\u00e4udepark im [&hellip;]<\/p>\n","protected":false},"author":5,"featured_media":3298,"comment_status":"closed","ping_status":"closed","sticky":false,"template":"","format":"standard","meta":{"_acf_changed":false,"_yoast_wpseo_focuskw":"Hansj\u00fcrg Leibundgut","_yoast_wpseo_metadesc":"Der Energiepionier Hansj\u00fcrg Leibundgut zieht sich f\u00fcnf Jahre nach seiner Emeritierung von der ETH Z\u00fcrich nun ganz ins Privatleben zur\u00fcck.","articlekey":"","footnotes":""},"categories":[1],"tags":[584,1127,1253,381,2119,2351],"class_list":["post-10199","post","type-post","status-publish","format-standard","has-post-thumbnail","hentry","category-allgemein","tag-energie","tag-eth","tag-gebaeudeschutz","tag-personalia","tag-sia","tag-umwelt"],"acf":[],"yoast_head":"<!-- This site is optimized with the Yoast SEO plugin v27.4 - https:\/\/yoast.com\/product\/yoast-seo-wordpress\/ -->\n<title>Der Energiepionier Hansj\u00fcrg Leibundgut tritt ab, seine Visionen bleiben bestehen - Organisator<\/title>\n<meta name=\"description\" content=\"Der Energiepionier Hansj\u00fcrg Leibundgut zieht sich f\u00fcnf Jahre nach seiner Emeritierung von der ETH Z\u00fcrich nun ganz ins Privatleben zur\u00fcck.\" \/>\n<meta name=\"robots\" content=\"index, follow, max-snippet:-1, max-image-preview:large, max-video-preview:-1\" \/>\n<link rel=\"canonical\" href=\"https:\/\/www.organisator.ch\/it\/generale\/2020-08-25\/der-energiepionier-hansjuerg-leibundgut-tritt-ab-seine-visionen-bleiben-bestehen\/\" \/>\n<meta property=\"og:locale\" content=\"it_IT\" \/>\n<meta property=\"og:type\" content=\"article\" \/>\n<meta property=\"og:title\" content=\"Der Energiepionier Hansj\u00fcrg Leibundgut tritt ab, seine Visionen bleiben bestehen - Organisator\" \/>\n<meta property=\"og:description\" content=\"Der Energiepionier Hansj\u00fcrg Leibundgut zieht sich f\u00fcnf Jahre nach seiner Emeritierung von der ETH Z\u00fcrich nun ganz ins Privatleben zur\u00fcck.\" \/>\n<meta property=\"og:url\" content=\"https:\/\/www.organisator.ch\/it\/generale\/2020-08-25\/der-energiepionier-hansjuerg-leibundgut-tritt-ab-seine-visionen-bleiben-bestehen\/\" \/>\n<meta property=\"og:site_name\" content=\"Organisator\" \/>\n<meta property=\"article:publisher\" content=\"https:\/\/www.facebook.com\/OrganisatorFachmagazin\" \/>\n<meta property=\"article:published_time\" content=\"2020-08-25T13:30:32+00:00\" \/>\n<meta property=\"og:image\" content=\"https:\/\/www.organisator.ch\/wp-content\/uploads\/2020\/08\/200824_HJL-mit-Geschenk-scaled.jpg\" \/>\n\t<meta property=\"og:image:width\" content=\"2560\" \/>\n\t<meta property=\"og:image:height\" content=\"1707\" \/>\n\t<meta property=\"og:image:type\" content=\"image\/jpeg\" \/>\n<meta name=\"author\" content=\"michael.merz\" \/>\n<meta name=\"twitter:card\" content=\"summary_large_image\" \/>\n<script type=\"application\/ld+json\" class=\"yoast-schema-graph\">{\"@context\":\"https:\\\/\\\/schema.org\",\"@graph\":[{\"@type\":\"Article\",\"@id\":\"https:\\\/\\\/www.organisator.ch\\\/fr\\\/general\\\/2020-08-25\\\/der-energiepionier-hansjuerg-leibundgut-tritt-ab-seine-visionen-bleiben-bestehen\\\/#article\",\"isPartOf\":{\"@id\":\"https:\\\/\\\/www.organisator.ch\\\/fr\\\/general\\\/2020-08-25\\\/der-energiepionier-hansjuerg-leibundgut-tritt-ab-seine-visionen-bleiben-bestehen\\\/\"},\"author\":{\"name\":\"michael.merz\",\"@id\":\"https:\\\/\\\/www.organisator.ch\\\/#\\\/schema\\\/person\\\/134708ca9321c57b0362cceb7948ffbd\"},\"headline\":\"Der Energiepionier Hansj\u00fcrg Leibundgut tritt ab, seine Visionen bleiben bestehen\",\"datePublished\":\"2020-08-25T13:30:32+00:00\",\"mainEntityOfPage\":{\"@id\":\"https:\\\/\\\/www.organisator.ch\\\/fr\\\/general\\\/2020-08-25\\\/der-energiepionier-hansjuerg-leibundgut-tritt-ab-seine-visionen-bleiben-bestehen\\\/\"},\"wordCount\":937,\"publisher\":{\"@id\":\"https:\\\/\\\/www.organisator.ch\\\/#organization\"},\"image\":{\"@id\":\"https:\\\/\\\/www.organisator.ch\\\/fr\\\/general\\\/2020-08-25\\\/der-energiepionier-hansjuerg-leibundgut-tritt-ab-seine-visionen-bleiben-bestehen\\\/#primaryimage\"},\"thumbnailUrl\":\"https:\\\/\\\/www.organisator.ch\\\/wp-content\\\/uploads\\\/2020\\\/08\\\/200824_HJL-mit-Geschenk-scaled.jpg\",\"keywords\":[\"ENERGIE\",\"ETH\",\"Geb\u00e4udeschutz\",\"Personalia\",\"SIA\",\"Umwelt\"],\"articleSection\":[\"Allgemein\"],\"inLanguage\":\"it-IT\"},{\"@type\":\"WebPage\",\"@id\":\"https:\\\/\\\/www.organisator.ch\\\/fr\\\/general\\\/2020-08-25\\\/der-energiepionier-hansjuerg-leibundgut-tritt-ab-seine-visionen-bleiben-bestehen\\\/\",\"url\":\"https:\\\/\\\/www.organisator.ch\\\/fr\\\/general\\\/2020-08-25\\\/der-energiepionier-hansjuerg-leibundgut-tritt-ab-seine-visionen-bleiben-bestehen\\\/\",\"name\":\"Der Energiepionier Hansj\u00fcrg Leibundgut tritt ab, seine Visionen bleiben bestehen - Organisator\",\"isPartOf\":{\"@id\":\"https:\\\/\\\/www.organisator.ch\\\/#website\"},\"primaryImageOfPage\":{\"@id\":\"https:\\\/\\\/www.organisator.ch\\\/fr\\\/general\\\/2020-08-25\\\/der-energiepionier-hansjuerg-leibundgut-tritt-ab-seine-visionen-bleiben-bestehen\\\/#primaryimage\"},\"image\":{\"@id\":\"https:\\\/\\\/www.organisator.ch\\\/fr\\\/general\\\/2020-08-25\\\/der-energiepionier-hansjuerg-leibundgut-tritt-ab-seine-visionen-bleiben-bestehen\\\/#primaryimage\"},\"thumbnailUrl\":\"https:\\\/\\\/www.organisator.ch\\\/wp-content\\\/uploads\\\/2020\\\/08\\\/200824_HJL-mit-Geschenk-scaled.jpg\",\"datePublished\":\"2020-08-25T13:30:32+00:00\",\"description\":\"Der Energiepionier Hansj\u00fcrg Leibundgut zieht sich f\u00fcnf Jahre nach seiner Emeritierung von der ETH Z\u00fcrich nun ganz ins Privatleben zur\u00fcck.\",\"breadcrumb\":{\"@id\":\"https:\\\/\\\/www.organisator.ch\\\/fr\\\/general\\\/2020-08-25\\\/der-energiepionier-hansjuerg-leibundgut-tritt-ab-seine-visionen-bleiben-bestehen\\\/#breadcrumb\"},\"inLanguage\":\"it-IT\",\"potentialAction\":[{\"@type\":\"ReadAction\",\"target\":[\"https:\\\/\\\/www.organisator.ch\\\/fr\\\/general\\\/2020-08-25\\\/der-energiepionier-hansjuerg-leibundgut-tritt-ab-seine-visionen-bleiben-bestehen\\\/\"]}]},{\"@type\":\"ImageObject\",\"inLanguage\":\"it-IT\",\"@id\":\"https:\\\/\\\/www.organisator.ch\\\/fr\\\/general\\\/2020-08-25\\\/der-energiepionier-hansjuerg-leibundgut-tritt-ab-seine-visionen-bleiben-bestehen\\\/#primaryimage\",\"url\":\"https:\\\/\\\/www.organisator.ch\\\/wp-content\\\/uploads\\\/2020\\\/08\\\/200824_HJL-mit-Geschenk-scaled.jpg\",\"contentUrl\":\"https:\\\/\\\/www.organisator.ch\\\/wp-content\\\/uploads\\\/2020\\\/08\\\/200824_HJL-mit-Geschenk-scaled.jpg\",\"width\":2560,\"height\":1707,\"caption\":\"Hansj\u00fcrg Leibundgut hat f\u00fcr sein Werk mehrere Preise erhalten, so erhielt er 2017 eine Anerkennung von der Jury von SIA. (Bild: zVg)\"},{\"@type\":\"BreadcrumbList\",\"@id\":\"https:\\\/\\\/www.organisator.ch\\\/fr\\\/general\\\/2020-08-25\\\/der-energiepionier-hansjuerg-leibundgut-tritt-ab-seine-visionen-bleiben-bestehen\\\/#breadcrumb\",\"itemListElement\":[{\"@type\":\"ListItem\",\"position\":1,\"name\":\"Home\",\"item\":\"https:\\\/\\\/www.organisator.ch\\\/\"},{\"@type\":\"ListItem\",\"position\":2,\"name\":\"Der Energiepionier Hansj\u00fcrg Leibundgut tritt ab, seine Visionen bleiben bestehen\"}]},{\"@type\":\"WebSite\",\"@id\":\"https:\\\/\\\/www.organisator.ch\\\/#website\",\"url\":\"https:\\\/\\\/www.organisator.ch\\\/\",\"name\":\"Organisator\",\"description\":\"Kompetent. Praxisnah. Der ORGANISATOR bereitet in 10 Ausgaben pro Jahr die wesentlichen Themen f\u00fcr F\u00fchrungskr\u00e4fte von KMU auf.\",\"publisher\":{\"@id\":\"https:\\\/\\\/www.organisator.ch\\\/#organization\"},\"potentialAction\":[{\"@type\":\"SearchAction\",\"target\":{\"@type\":\"EntryPoint\",\"urlTemplate\":\"https:\\\/\\\/www.organisator.ch\\\/?s={search_term_string}\"},\"query-input\":{\"@type\":\"PropertyValueSpecification\",\"valueRequired\":true,\"valueName\":\"search_term_string\"}}],\"inLanguage\":\"it-IT\"},{\"@type\":\"Organization\",\"@id\":\"https:\\\/\\\/www.organisator.ch\\\/#organization\",\"name\":\"Organisator\",\"url\":\"https:\\\/\\\/www.organisator.ch\\\/\",\"logo\":{\"@type\":\"ImageObject\",\"inLanguage\":\"it-IT\",\"@id\":\"https:\\\/\\\/www.organisator.ch\\\/#\\\/schema\\\/logo\\\/image\\\/\",\"url\":\"https:\\\/\\\/www.organisator.ch\\\/wp-content\\\/uploads\\\/2022\\\/01\\\/Logo_Organisator_Website.png\",\"contentUrl\":\"https:\\\/\\\/www.organisator.ch\\\/wp-content\\\/uploads\\\/2022\\\/01\\\/Logo_Organisator_Website.png\",\"width\":800,\"height\":77,\"caption\":\"Organisator\"},\"image\":{\"@id\":\"https:\\\/\\\/www.organisator.ch\\\/#\\\/schema\\\/logo\\\/image\\\/\"},\"sameAs\":[\"https:\\\/\\\/www.facebook.com\\\/OrganisatorFachmagazin\",\"https:\\\/\\\/www.linkedin.com\\\/showcase\\\/organisator-das-magazin-fr-kmu\",\"https:\\\/\\\/www.xing.com\\\/news\\\/pages\\\/organisator-ch-695\",\"https:\\\/\\\/www.youtube.com\\\/channel\\\/UCGP2Sq0iWaZwT3BdIAQFYpw\"]},{\"@type\":\"Person\",\"@id\":\"https:\\\/\\\/www.organisator.ch\\\/#\\\/schema\\\/person\\\/134708ca9321c57b0362cceb7948ffbd\",\"name\":\"michael.merz\",\"image\":{\"@type\":\"ImageObject\",\"inLanguage\":\"it-IT\",\"@id\":\"https:\\\/\\\/secure.gravatar.com\\\/avatar\\\/?s=96&d=mm&r=g\",\"url\":\"https:\\\/\\\/secure.gravatar.com\\\/avatar\\\/?s=96&d=mm&r=g\",\"contentUrl\":\"https:\\\/\\\/secure.gravatar.com\\\/avatar\\\/?s=96&d=mm&r=g\",\"caption\":\"michael.merz\"},\"url\":\"https:\\\/\\\/www.organisator.ch\\\/it\\\/author\\\/michael-merz\\\/\"}]}<\/script>\n<!-- \/ Yoast SEO plugin. -->","yoast_head_json":{"title":"Il pioniere dell'energia Hansj\u00fcrg Leibundgut si dimette, ma le sue visioni rimangono - Organizzatore","description":"Cinque anni dopo essersi ritirato dal Politecnico di Zurigo, il pioniere dell'energia Hansj\u00fcrg Leibundgut si ritira completamente a vita privata.","robots":{"index":"index","follow":"follow","max-snippet":"max-snippet:-1","max-image-preview":"max-image-preview:large","max-video-preview":"max-video-preview:-1"},"canonical":"https:\/\/www.organisator.ch\/it\/generale\/2020-08-25\/der-energiepionier-hansjuerg-leibundgut-tritt-ab-seine-visionen-bleiben-bestehen\/","og_locale":"it_IT","og_type":"article","og_title":"Der Energiepionier Hansj\u00fcrg Leibundgut tritt ab, seine Visionen bleiben bestehen - Organisator","og_description":"Der Energiepionier Hansj\u00fcrg Leibundgut zieht sich f\u00fcnf Jahre nach seiner Emeritierung von der ETH Z\u00fcrich nun ganz ins Privatleben zur\u00fcck.","og_url":"https:\/\/www.organisator.ch\/it\/generale\/2020-08-25\/der-energiepionier-hansjuerg-leibundgut-tritt-ab-seine-visionen-bleiben-bestehen\/","og_site_name":"Organisator","article_publisher":"https:\/\/www.facebook.com\/OrganisatorFachmagazin","article_published_time":"2020-08-25T13:30:32+00:00","og_image":[{"width":2560,"height":1707,"url":"https:\/\/www.organisator.ch\/wp-content\/uploads\/2020\/08\/200824_HJL-mit-Geschenk-scaled.jpg","type":"image\/jpeg"}],"author":"michael.merz","twitter_card":"summary_large_image","schema":{"@context":"https:\/\/schema.org","@graph":[{"@type":"Article","@id":"https:\/\/www.organisator.ch\/fr\/general\/2020-08-25\/der-energiepionier-hansjuerg-leibundgut-tritt-ab-seine-visionen-bleiben-bestehen\/#article","isPartOf":{"@id":"https:\/\/www.organisator.ch\/fr\/general\/2020-08-25\/der-energiepionier-hansjuerg-leibundgut-tritt-ab-seine-visionen-bleiben-bestehen\/"},"author":{"name":"michael.merz","@id":"https:\/\/www.organisator.ch\/#\/schema\/person\/134708ca9321c57b0362cceb7948ffbd"},"headline":"Der Energiepionier Hansj\u00fcrg Leibundgut tritt ab, seine Visionen bleiben bestehen","datePublished":"2020-08-25T13:30:32+00:00","mainEntityOfPage":{"@id":"https:\/\/www.organisator.ch\/fr\/general\/2020-08-25\/der-energiepionier-hansjuerg-leibundgut-tritt-ab-seine-visionen-bleiben-bestehen\/"},"wordCount":937,"publisher":{"@id":"https:\/\/www.organisator.ch\/#organization"},"image":{"@id":"https:\/\/www.organisator.ch\/fr\/general\/2020-08-25\/der-energiepionier-hansjuerg-leibundgut-tritt-ab-seine-visionen-bleiben-bestehen\/#primaryimage"},"thumbnailUrl":"https:\/\/www.organisator.ch\/wp-content\/uploads\/2020\/08\/200824_HJL-mit-Geschenk-scaled.jpg","keywords":["ENERGIE","ETH","Geb\u00e4udeschutz","Personalia","SIA","Umwelt"],"articleSection":["Allgemein"],"inLanguage":"it-IT"},{"@type":"WebPage","@id":"https:\/\/www.organisator.ch\/fr\/general\/2020-08-25\/der-energiepionier-hansjuerg-leibundgut-tritt-ab-seine-visionen-bleiben-bestehen\/","url":"https:\/\/www.organisator.ch\/fr\/general\/2020-08-25\/der-energiepionier-hansjuerg-leibundgut-tritt-ab-seine-visionen-bleiben-bestehen\/","name":"Il pioniere dell'energia Hansj\u00fcrg Leibundgut si dimette, ma le sue visioni rimangono - Organizzatore","isPartOf":{"@id":"https:\/\/www.organisator.ch\/#website"},"primaryImageOfPage":{"@id":"https:\/\/www.organisator.ch\/fr\/general\/2020-08-25\/der-energiepionier-hansjuerg-leibundgut-tritt-ab-seine-visionen-bleiben-bestehen\/#primaryimage"},"image":{"@id":"https:\/\/www.organisator.ch\/fr\/general\/2020-08-25\/der-energiepionier-hansjuerg-leibundgut-tritt-ab-seine-visionen-bleiben-bestehen\/#primaryimage"},"thumbnailUrl":"https:\/\/www.organisator.ch\/wp-content\/uploads\/2020\/08\/200824_HJL-mit-Geschenk-scaled.jpg","datePublished":"2020-08-25T13:30:32+00:00","description":"Cinque anni dopo essersi ritirato dal Politecnico di Zurigo, il pioniere dell'energia Hansj\u00fcrg Leibundgut si ritira completamente a vita privata.","breadcrumb":{"@id":"https:\/\/www.organisator.ch\/fr\/general\/2020-08-25\/der-energiepionier-hansjuerg-leibundgut-tritt-ab-seine-visionen-bleiben-bestehen\/#breadcrumb"},"inLanguage":"it-IT","potentialAction":[{"@type":"ReadAction","target":["https:\/\/www.organisator.ch\/fr\/general\/2020-08-25\/der-energiepionier-hansjuerg-leibundgut-tritt-ab-seine-visionen-bleiben-bestehen\/"]}]},{"@type":"ImageObject","inLanguage":"it-IT","@id":"https:\/\/www.organisator.ch\/fr\/general\/2020-08-25\/der-energiepionier-hansjuerg-leibundgut-tritt-ab-seine-visionen-bleiben-bestehen\/#primaryimage","url":"https:\/\/www.organisator.ch\/wp-content\/uploads\/2020\/08\/200824_HJL-mit-Geschenk-scaled.jpg","contentUrl":"https:\/\/www.organisator.ch\/wp-content\/uploads\/2020\/08\/200824_HJL-mit-Geschenk-scaled.jpg","width":2560,"height":1707,"caption":"Hansj\u00fcrg Leibundgut hat f\u00fcr sein Werk mehrere Preise erhalten, so erhielt er 2017 eine Anerkennung von der Jury von SIA. (Bild: zVg)"},{"@type":"BreadcrumbList","@id":"https:\/\/www.organisator.ch\/fr\/general\/2020-08-25\/der-energiepionier-hansjuerg-leibundgut-tritt-ab-seine-visionen-bleiben-bestehen\/#breadcrumb","itemListElement":[{"@type":"ListItem","position":1,"name":"Home","item":"https:\/\/www.organisator.ch\/"},{"@type":"ListItem","position":2,"name":"Der Energiepionier Hansj\u00fcrg Leibundgut tritt ab, seine Visionen bleiben bestehen"}]},{"@type":"WebSite","@id":"https:\/\/www.organisator.ch\/#website","url":"https:\/\/www.organisator.ch\/","name":"Organizzatore","description":"Competente. Pratico. In 10 numeri all'anno, ORGANISATOR presenta i temi essenziali per i manager delle PMI.","publisher":{"@id":"https:\/\/www.organisator.ch\/#organization"},"potentialAction":[{"@type":"SearchAction","target":{"@type":"EntryPoint","urlTemplate":"https:\/\/www.organisator.ch\/?s={search_term_string}"},"query-input":{"@type":"PropertyValueSpecification","valueRequired":true,"valueName":"search_term_string"}}],"inLanguage":"it-IT"},{"@type":"Organization","@id":"https:\/\/www.organisator.ch\/#organization","name":"Organizzatore","url":"https:\/\/www.organisator.ch\/","logo":{"@type":"ImageObject","inLanguage":"it-IT","@id":"https:\/\/www.organisator.ch\/#\/schema\/logo\/image\/","url":"https:\/\/www.organisator.ch\/wp-content\/uploads\/2022\/01\/Logo_Organisator_Website.png","contentUrl":"https:\/\/www.organisator.ch\/wp-content\/uploads\/2022\/01\/Logo_Organisator_Website.png","width":800,"height":77,"caption":"Organisator"},"image":{"@id":"https:\/\/www.organisator.ch\/#\/schema\/logo\/image\/"},"sameAs":["https:\/\/www.facebook.com\/OrganisatorFachmagazin","https:\/\/www.linkedin.com\/showcase\/organisator-das-magazin-fr-kmu","https:\/\/www.xing.com\/news\/pages\/organisator-ch-695","https:\/\/www.youtube.com\/channel\/UCGP2Sq0iWaZwT3BdIAQFYpw"]},{"@type":"Person","@id":"https:\/\/www.organisator.ch\/#\/schema\/person\/134708ca9321c57b0362cceb7948ffbd","name":"michael.merz","image":{"@type":"ImageObject","inLanguage":"it-IT","@id":"https:\/\/secure.gravatar.com\/avatar\/?s=96&d=mm&r=g","url":"https:\/\/secure.gravatar.com\/avatar\/?s=96&d=mm&r=g","contentUrl":"https:\/\/secure.gravatar.com\/avatar\/?s=96&d=mm&r=g","caption":"michael.merz"},"url":"https:\/\/www.organisator.ch\/it\/author\/michael-merz\/"}]}},"_links":{"self":[{"href":"https:\/\/www.organisator.ch\/it\/wp-json\/wp\/v2\/posts\/10199","targetHints":{"allow":["GET"]}}],"collection":[{"href":"https:\/\/www.organisator.ch\/it\/wp-json\/wp\/v2\/posts"}],"about":[{"href":"https:\/\/www.organisator.ch\/it\/wp-json\/wp\/v2\/types\/post"}],"author":[{"embeddable":true,"href":"https:\/\/www.organisator.ch\/it\/wp-json\/wp\/v2\/users\/5"}],"replies":[{"embeddable":true,"href":"https:\/\/www.organisator.ch\/it\/wp-json\/wp\/v2\/comments?post=10199"}],"version-history":[{"count":0,"href":"https:\/\/www.organisator.ch\/it\/wp-json\/wp\/v2\/posts\/10199\/revisions"}],"wp:featuredmedia":[{"embeddable":true,"href":"https:\/\/www.organisator.ch\/it\/wp-json\/wp\/v2\/media\/3298"}],"wp:attachment":[{"href":"https:\/\/www.organisator.ch\/it\/wp-json\/wp\/v2\/media?parent=10199"}],"wp:term":[{"taxonomy":"category","embeddable":true,"href":"https:\/\/www.organisator.ch\/it\/wp-json\/wp\/v2\/categories?post=10199"},{"taxonomy":"post_tag","embeddable":true,"href":"https:\/\/www.organisator.ch\/it\/wp-json\/wp\/v2\/tags?post=10199"}],"curies":[{"name":"wp","href":"https:\/\/api.w.org\/{rel}","templated":true}]}}