{"id":10204,"date":"2020-09-07T13:04:15","date_gmt":"2020-09-07T11:04:15","guid":{"rendered":"https:\/\/www.umweltperspektiven.ch\/?p=3332"},"modified":"2020-09-07T13:04:15","modified_gmt":"2020-09-07T11:04:15","slug":"nuovo-capo-societa-generale-responsabilita-sociale-delle-imprese","status":"publish","type":"post","link":"https:\/\/www.organisator.ch\/it\/allgemein\/2020-09-07\/neue-leiterin-fuer-soziale-verantwortung-von-unternehmen-fuer-societe-generale\/","title":{"rendered":"Nuovo responsabile della responsabilit\u00e0 sociale d'impresa per Societe Generale"},"content":{"rendered":"<figure id=\"attachment_3333\" aria-describedby=\"caption-attachment-3333\" style=\"width: 637px\" class=\"wp-caption alignnone\"><img loading=\"lazy\" decoding=\"async\" class=\"size-full wp-image-3333\" src=\"\/\/www.umweltperspektiven.ch\/wp-content\/uploads\/2020\/09\/Personalia-Doroth\u00e9e-Chapuis-UP-Umwelt-Perspektiven.jpg\" alt=\"\" width=\"637\" height=\"806\" \/><figcaption id=\"caption-attachment-3333\" class=\"wp-caption-text\">Doroth\u00e9e Chapuis \u00e8 stata nominata responsabile della CSR presso Societe Generale Private Banking Svizzera, Lussemburgo e Monaco nell'agosto 2020. (Immagine: Societe Generale)<\/figcaption><\/figure>\n<p>Nel suo nuovo ruolo per Societe Generale, Doroth\u00e9e Chapuis \u00e8 responsabile dello sviluppo di tutti i progetti di Responsabilit\u00e0 Sociale d'Impresa (RSI), un asse strategico per il Private Banking e per il Gruppo Societe Generale.<\/p>\n<p>In questo quadro, il suo ruolo \u00e8 quello di organizzare e ampliare la strategia di CSR della banca privata, coordinando iniziative e progetti relativi a soluzioni a valore aggiunto per i clienti. In particolare, continuer\u00e0 ad ampliare e promuovere la gamma di soluzioni sostenibili e positive sviluppate per gli investitori privati. Lavorer\u00e0 a stretto contatto con gli esperti di investimenti sostenibili e positivi del Gruppo in Svizzera e a livello internazionale.<\/p>\n<p>Il loro ruolo \u00e8 anche quello di contribuire all'attuazione della strategia di impegno dell'azienda per una banca privata pi\u00f9 responsabile.<\/p>\n<p>Con sede a Ginevra, assumer\u00e0 questa responsabilit\u00e0 in aggiunta alle sue attuali posizioni di Direttore Marketing per SGPB Svizzera e di Vice Direttore Marketing per il Private Banking in Lussemburgo e Monaco. Doroth\u00e9e Chapuis risponde ad Antoine Blouin, Head of Wealth Management Solutions di SGPB Svizzera, e a Christine Puente Castan, Marketing Director di SGPB Lussemburgo, Monaco e Svizzera.<\/p>\n<p>Doroth\u00e9e Chapuis si \u00e8 laureata presso la Scuola di ingegneria mineraria di Saint Etienne, in Francia. \u00c8 entrata a far parte del Gruppo Societe Generale nel 2001, inizialmente nel settore dell'asset management, dove ha ricoperto successivamente le posizioni di Head of Performance Analysis and Client Reporting e poi di Portfolio Manager.<\/p>\n<p><a href=\"\/\/www.socgen.com\">www.socgen.com<\/a><\/p>\n<p>&nbsp;<\/p>\n<p>&nbsp;<\/p>","protected":false},"excerpt":{"rendered":"<p>In ihrer neuen Funktion f\u00fcr Societe Generale ist Doroth\u00e9e Chapuis verantwortlich f\u00fcr die Entwicklung aller Projekte im Zusammenhang mit der sozialen Verantwortung der Unternehmen (Corporate Social Responsibility, CSR), einer strategischen Achse f\u00fcr das Private Banking und f\u00fcr die Gruppe Societe Generale. In diesem Rahmen besteht ihre Aufgabe darin, die CSR-Strategie der Privatbank zu organisieren und [&hellip;]<\/p>\n","protected":false},"author":5,"featured_media":9726,"comment_status":"closed","ping_status":"closed","sticky":false,"template":"","format":"standard","meta":{"_acf_changed":false,"_yoast_wpseo_focuskw":"Societe Generale","_yoast_wpseo_metadesc":"Societe Generale ernennt Doroth\u00e9e Chapuis zur Leiterin CSR der Societe Generale Private Banking (SGPB) Schweiz, Luxemburg und Monaco.","articlekey":"","footnotes":""},"categories":[1],"tags":[70,381,424,441],"class_list":["post-10204","post","type-post","status-publish","format-standard","has-post-thumbnail","hentry","category-allgemein","tag-banking","tag-personalia","tag-schweiz","tag-soziale-verantwortung"],"acf":[],"yoast_head":"<!-- This site is optimized with the Yoast SEO plugin v27.5 - https:\/\/yoast.com\/product\/yoast-seo-wordpress\/ -->\n<title>Neue Leiterin f\u00fcr Soziale Verantwortung von Unternehmen f\u00fcr Societe Generale - Organisator<\/title>\n<meta name=\"description\" content=\"Societe Generale ernennt Doroth\u00e9e Chapuis zur Leiterin CSR der Societe Generale Private Banking (SGPB) Schweiz, Luxemburg und Monaco.\" \/>\n<meta name=\"robots\" content=\"index, follow, max-snippet:-1, max-image-preview:large, max-video-preview:-1\" \/>\n<link rel=\"canonical\" href=\"https:\/\/www.organisator.ch\/it\/generale\/2020-09-07\/nuovo-capo-societa-generale-responsabilita-sociale-delle-imprese\/\" \/>\n<meta property=\"og:locale\" content=\"it_IT\" \/>\n<meta property=\"og:type\" content=\"article\" \/>\n<meta property=\"og:title\" content=\"Neue Leiterin f\u00fcr Soziale Verantwortung von Unternehmen f\u00fcr Societe Generale - Organisator\" \/>\n<meta property=\"og:description\" content=\"Societe Generale ernennt Doroth\u00e9e Chapuis zur Leiterin CSR der Societe Generale Private Banking (SGPB) Schweiz, Luxemburg und Monaco.\" \/>\n<meta property=\"og:url\" content=\"https:\/\/www.organisator.ch\/it\/generale\/2020-09-07\/nuovo-capo-societa-generale-responsabilita-sociale-delle-imprese\/\" \/>\n<meta property=\"og:site_name\" content=\"Organisator\" \/>\n<meta property=\"article:publisher\" content=\"https:\/\/www.facebook.com\/OrganisatorFachmagazin\" \/>\n<meta property=\"article:published_time\" content=\"2020-09-07T11:04:15+00:00\" \/>\n<meta property=\"og:image\" content=\"https:\/\/www.organisator.ch\/wp-content\/uploads\/2020\/09\/Personalia-Dorothee-Chapuis-UP-Umwelt-Perspektiven.jpg\" \/>\n\t<meta property=\"og:image:width\" content=\"637\" \/>\n\t<meta property=\"og:image:height\" content=\"806\" \/>\n\t<meta property=\"og:image:type\" content=\"image\/jpeg\" \/>\n<meta name=\"author\" content=\"michael.merz\" \/>\n<meta name=\"twitter:card\" content=\"summary_large_image\" \/>\n<script type=\"application\/ld+json\" class=\"yoast-schema-graph\">{\"@context\":\"https:\\\/\\\/schema.org\",\"@graph\":[{\"@type\":\"Article\",\"@id\":\"https:\\\/\\\/www.organisator.ch\\\/de\\\/allgemein\\\/2020-09-07\\\/neue-leiterin-fuer-soziale-verantwortung-von-unternehmen-fuer-societe-generale\\\/#article\",\"isPartOf\":{\"@id\":\"https:\\\/\\\/www.organisator.ch\\\/de\\\/allgemein\\\/2020-09-07\\\/neue-leiterin-fuer-soziale-verantwortung-von-unternehmen-fuer-societe-generale\\\/\"},\"author\":{\"name\":\"michael.merz\",\"@id\":\"https:\\\/\\\/www.organisator.ch\\\/#\\\/schema\\\/person\\\/134708ca9321c57b0362cceb7948ffbd\"},\"headline\":\"Neue Leiterin f\u00fcr Soziale Verantwortung von Unternehmen f\u00fcr Societe Generale\",\"datePublished\":\"2020-09-07T11:04:15+00:00\",\"mainEntityOfPage\":{\"@id\":\"https:\\\/\\\/www.organisator.ch\\\/de\\\/allgemein\\\/2020-09-07\\\/neue-leiterin-fuer-soziale-verantwortung-von-unternehmen-fuer-societe-generale\\\/\"},\"wordCount\":285,\"publisher\":{\"@id\":\"https:\\\/\\\/www.organisator.ch\\\/#organization\"},\"image\":{\"@id\":\"https:\\\/\\\/www.organisator.ch\\\/de\\\/allgemein\\\/2020-09-07\\\/neue-leiterin-fuer-soziale-verantwortung-von-unternehmen-fuer-societe-generale\\\/#primaryimage\"},\"thumbnailUrl\":\"https:\\\/\\\/www.organisator.ch\\\/wp-content\\\/uploads\\\/2020\\\/09\\\/Personalia-Dorothee-Chapuis-UP-Umwelt-Perspektiven.jpg\",\"keywords\":[\"Banking\",\"Personalia\",\"Schweiz\",\"Soziale Verantwortung\"],\"articleSection\":[\"Allgemein\"],\"inLanguage\":\"it-IT\"},{\"@type\":\"WebPage\",\"@id\":\"https:\\\/\\\/www.organisator.ch\\\/de\\\/allgemein\\\/2020-09-07\\\/neue-leiterin-fuer-soziale-verantwortung-von-unternehmen-fuer-societe-generale\\\/\",\"url\":\"https:\\\/\\\/www.organisator.ch\\\/de\\\/allgemein\\\/2020-09-07\\\/neue-leiterin-fuer-soziale-verantwortung-von-unternehmen-fuer-societe-generale\\\/\",\"name\":\"Neue Leiterin f\u00fcr Soziale Verantwortung von Unternehmen f\u00fcr Societe Generale - Organisator\",\"isPartOf\":{\"@id\":\"https:\\\/\\\/www.organisator.ch\\\/#website\"},\"primaryImageOfPage\":{\"@id\":\"https:\\\/\\\/www.organisator.ch\\\/de\\\/allgemein\\\/2020-09-07\\\/neue-leiterin-fuer-soziale-verantwortung-von-unternehmen-fuer-societe-generale\\\/#primaryimage\"},\"image\":{\"@id\":\"https:\\\/\\\/www.organisator.ch\\\/de\\\/allgemein\\\/2020-09-07\\\/neue-leiterin-fuer-soziale-verantwortung-von-unternehmen-fuer-societe-generale\\\/#primaryimage\"},\"thumbnailUrl\":\"https:\\\/\\\/www.organisator.ch\\\/wp-content\\\/uploads\\\/2020\\\/09\\\/Personalia-Dorothee-Chapuis-UP-Umwelt-Perspektiven.jpg\",\"datePublished\":\"2020-09-07T11:04:15+00:00\",\"description\":\"Societe Generale ernennt Doroth\u00e9e Chapuis zur Leiterin CSR der Societe Generale Private Banking (SGPB) Schweiz, Luxemburg und Monaco.\",\"breadcrumb\":{\"@id\":\"https:\\\/\\\/www.organisator.ch\\\/de\\\/allgemein\\\/2020-09-07\\\/neue-leiterin-fuer-soziale-verantwortung-von-unternehmen-fuer-societe-generale\\\/#breadcrumb\"},\"inLanguage\":\"it-IT\",\"potentialAction\":[{\"@type\":\"ReadAction\",\"target\":[\"https:\\\/\\\/www.organisator.ch\\\/de\\\/allgemein\\\/2020-09-07\\\/neue-leiterin-fuer-soziale-verantwortung-von-unternehmen-fuer-societe-generale\\\/\"]}]},{\"@type\":\"ImageObject\",\"inLanguage\":\"it-IT\",\"@id\":\"https:\\\/\\\/www.organisator.ch\\\/de\\\/allgemein\\\/2020-09-07\\\/neue-leiterin-fuer-soziale-verantwortung-von-unternehmen-fuer-societe-generale\\\/#primaryimage\",\"url\":\"https:\\\/\\\/www.organisator.ch\\\/wp-content\\\/uploads\\\/2020\\\/09\\\/Personalia-Dorothee-Chapuis-UP-Umwelt-Perspektiven.jpg\",\"contentUrl\":\"https:\\\/\\\/www.organisator.ch\\\/wp-content\\\/uploads\\\/2020\\\/09\\\/Personalia-Dorothee-Chapuis-UP-Umwelt-Perspektiven.jpg\",\"width\":637,\"height\":806,\"caption\":\"Doroth\u00e9e Chapuis wurde im August 2020 zur Leiterin CSR bei der Societe Generale Private Banking Schweiz, Luxemburg und Monaco ernannt\"},{\"@type\":\"BreadcrumbList\",\"@id\":\"https:\\\/\\\/www.organisator.ch\\\/de\\\/allgemein\\\/2020-09-07\\\/neue-leiterin-fuer-soziale-verantwortung-von-unternehmen-fuer-societe-generale\\\/#breadcrumb\",\"itemListElement\":[{\"@type\":\"ListItem\",\"position\":1,\"name\":\"Home\",\"item\":\"https:\\\/\\\/www.organisator.ch\\\/\"},{\"@type\":\"ListItem\",\"position\":2,\"name\":\"Neue Leiterin f\u00fcr Soziale Verantwortung von Unternehmen f\u00fcr Societe Generale\"}]},{\"@type\":\"WebSite\",\"@id\":\"https:\\\/\\\/www.organisator.ch\\\/#website\",\"url\":\"https:\\\/\\\/www.organisator.ch\\\/\",\"name\":\"Organisator\",\"description\":\"Kompetent. Praxisnah. Der ORGANISATOR bereitet in 10 Ausgaben pro Jahr die wesentlichen Themen f\u00fcr F\u00fchrungskr\u00e4fte von KMU auf.\",\"publisher\":{\"@id\":\"https:\\\/\\\/www.organisator.ch\\\/#organization\"},\"potentialAction\":[{\"@type\":\"SearchAction\",\"target\":{\"@type\":\"EntryPoint\",\"urlTemplate\":\"https:\\\/\\\/www.organisator.ch\\\/?s={search_term_string}\"},\"query-input\":{\"@type\":\"PropertyValueSpecification\",\"valueRequired\":true,\"valueName\":\"search_term_string\"}}],\"inLanguage\":\"it-IT\"},{\"@type\":\"Organization\",\"@id\":\"https:\\\/\\\/www.organisator.ch\\\/#organization\",\"name\":\"Organisator\",\"url\":\"https:\\\/\\\/www.organisator.ch\\\/\",\"logo\":{\"@type\":\"ImageObject\",\"inLanguage\":\"it-IT\",\"@id\":\"https:\\\/\\\/www.organisator.ch\\\/#\\\/schema\\\/logo\\\/image\\\/\",\"url\":\"https:\\\/\\\/www.organisator.ch\\\/wp-content\\\/uploads\\\/2022\\\/01\\\/Logo_Organisator_Website.png\",\"contentUrl\":\"https:\\\/\\\/www.organisator.ch\\\/wp-content\\\/uploads\\\/2022\\\/01\\\/Logo_Organisator_Website.png\",\"width\":800,\"height\":77,\"caption\":\"Organisator\"},\"image\":{\"@id\":\"https:\\\/\\\/www.organisator.ch\\\/#\\\/schema\\\/logo\\\/image\\\/\"},\"sameAs\":[\"https:\\\/\\\/www.facebook.com\\\/OrganisatorFachmagazin\",\"https:\\\/\\\/www.linkedin.com\\\/showcase\\\/organisator-das-magazin-fr-kmu\",\"https:\\\/\\\/www.xing.com\\\/news\\\/pages\\\/organisator-ch-695\",\"https:\\\/\\\/www.youtube.com\\\/channel\\\/UCGP2Sq0iWaZwT3BdIAQFYpw\"]},{\"@type\":\"Person\",\"@id\":\"https:\\\/\\\/www.organisator.ch\\\/#\\\/schema\\\/person\\\/134708ca9321c57b0362cceb7948ffbd\",\"name\":\"michael.merz\",\"image\":{\"@type\":\"ImageObject\",\"inLanguage\":\"it-IT\",\"@id\":\"https:\\\/\\\/secure.gravatar.com\\\/avatar\\\/?s=96&d=mm&r=g\",\"url\":\"https:\\\/\\\/secure.gravatar.com\\\/avatar\\\/?s=96&d=mm&r=g\",\"contentUrl\":\"https:\\\/\\\/secure.gravatar.com\\\/avatar\\\/?s=96&d=mm&r=g\",\"caption\":\"michael.merz\"},\"url\":\"https:\\\/\\\/www.organisator.ch\\\/it\\\/author\\\/michael-merz\\\/\"}]}<\/script>\n<!-- \/ Yoast SEO plugin. -->","yoast_head_json":{"title":"Nuovo responsabile della responsabilit\u00e0 sociale d'impresa per Societe Generale - Organizzatore","description":"Societe Generale nomina Doroth\u00e9e Chapuis responsabile della CSR di Societe Generale Private Banking (SGPB) Svizzera, Lussemburgo e Monaco.","robots":{"index":"index","follow":"follow","max-snippet":"max-snippet:-1","max-image-preview":"max-image-preview:large","max-video-preview":"max-video-preview:-1"},"canonical":"https:\/\/www.organisator.ch\/it\/generale\/2020-09-07\/nuovo-capo-societa-generale-responsabilita-sociale-delle-imprese\/","og_locale":"it_IT","og_type":"article","og_title":"Neue Leiterin f\u00fcr Soziale Verantwortung von Unternehmen f\u00fcr Societe Generale - Organisator","og_description":"Societe Generale ernennt Doroth\u00e9e Chapuis zur Leiterin CSR der Societe Generale Private Banking (SGPB) Schweiz, Luxemburg und Monaco.","og_url":"https:\/\/www.organisator.ch\/it\/generale\/2020-09-07\/nuovo-capo-societa-generale-responsabilita-sociale-delle-imprese\/","og_site_name":"Organisator","article_publisher":"https:\/\/www.facebook.com\/OrganisatorFachmagazin","article_published_time":"2020-09-07T11:04:15+00:00","og_image":[{"width":637,"height":806,"url":"https:\/\/www.organisator.ch\/wp-content\/uploads\/2020\/09\/Personalia-Dorothee-Chapuis-UP-Umwelt-Perspektiven.jpg","type":"image\/jpeg"}],"author":"michael.merz","twitter_card":"summary_large_image","schema":{"@context":"https:\/\/schema.org","@graph":[{"@type":"Article","@id":"https:\/\/www.organisator.ch\/de\/allgemein\/2020-09-07\/neue-leiterin-fuer-soziale-verantwortung-von-unternehmen-fuer-societe-generale\/#article","isPartOf":{"@id":"https:\/\/www.organisator.ch\/de\/allgemein\/2020-09-07\/neue-leiterin-fuer-soziale-verantwortung-von-unternehmen-fuer-societe-generale\/"},"author":{"name":"michael.merz","@id":"https:\/\/www.organisator.ch\/#\/schema\/person\/134708ca9321c57b0362cceb7948ffbd"},"headline":"Neue Leiterin f\u00fcr Soziale Verantwortung von Unternehmen f\u00fcr Societe Generale","datePublished":"2020-09-07T11:04:15+00:00","mainEntityOfPage":{"@id":"https:\/\/www.organisator.ch\/de\/allgemein\/2020-09-07\/neue-leiterin-fuer-soziale-verantwortung-von-unternehmen-fuer-societe-generale\/"},"wordCount":285,"publisher":{"@id":"https:\/\/www.organisator.ch\/#organization"},"image":{"@id":"https:\/\/www.organisator.ch\/de\/allgemein\/2020-09-07\/neue-leiterin-fuer-soziale-verantwortung-von-unternehmen-fuer-societe-generale\/#primaryimage"},"thumbnailUrl":"https:\/\/www.organisator.ch\/wp-content\/uploads\/2020\/09\/Personalia-Dorothee-Chapuis-UP-Umwelt-Perspektiven.jpg","keywords":["Banking","Personalia","Schweiz","Soziale Verantwortung"],"articleSection":["Allgemein"],"inLanguage":"it-IT"},{"@type":"WebPage","@id":"https:\/\/www.organisator.ch\/de\/allgemein\/2020-09-07\/neue-leiterin-fuer-soziale-verantwortung-von-unternehmen-fuer-societe-generale\/","url":"https:\/\/www.organisator.ch\/de\/allgemein\/2020-09-07\/neue-leiterin-fuer-soziale-verantwortung-von-unternehmen-fuer-societe-generale\/","name":"Nuovo responsabile della responsabilit\u00e0 sociale d'impresa per Societe Generale - Organizzatore","isPartOf":{"@id":"https:\/\/www.organisator.ch\/#website"},"primaryImageOfPage":{"@id":"https:\/\/www.organisator.ch\/de\/allgemein\/2020-09-07\/neue-leiterin-fuer-soziale-verantwortung-von-unternehmen-fuer-societe-generale\/#primaryimage"},"image":{"@id":"https:\/\/www.organisator.ch\/de\/allgemein\/2020-09-07\/neue-leiterin-fuer-soziale-verantwortung-von-unternehmen-fuer-societe-generale\/#primaryimage"},"thumbnailUrl":"https:\/\/www.organisator.ch\/wp-content\/uploads\/2020\/09\/Personalia-Dorothee-Chapuis-UP-Umwelt-Perspektiven.jpg","datePublished":"2020-09-07T11:04:15+00:00","description":"Societe Generale nomina Doroth\u00e9e Chapuis responsabile della CSR di Societe Generale Private Banking (SGPB) Svizzera, Lussemburgo e Monaco.","breadcrumb":{"@id":"https:\/\/www.organisator.ch\/de\/allgemein\/2020-09-07\/neue-leiterin-fuer-soziale-verantwortung-von-unternehmen-fuer-societe-generale\/#breadcrumb"},"inLanguage":"it-IT","potentialAction":[{"@type":"ReadAction","target":["https:\/\/www.organisator.ch\/de\/allgemein\/2020-09-07\/neue-leiterin-fuer-soziale-verantwortung-von-unternehmen-fuer-societe-generale\/"]}]},{"@type":"ImageObject","inLanguage":"it-IT","@id":"https:\/\/www.organisator.ch\/de\/allgemein\/2020-09-07\/neue-leiterin-fuer-soziale-verantwortung-von-unternehmen-fuer-societe-generale\/#primaryimage","url":"https:\/\/www.organisator.ch\/wp-content\/uploads\/2020\/09\/Personalia-Dorothee-Chapuis-UP-Umwelt-Perspektiven.jpg","contentUrl":"https:\/\/www.organisator.ch\/wp-content\/uploads\/2020\/09\/Personalia-Dorothee-Chapuis-UP-Umwelt-Perspektiven.jpg","width":637,"height":806,"caption":"Doroth\u00e9e Chapuis wurde im August 2020 zur Leiterin CSR bei der Societe Generale Private Banking Schweiz, Luxemburg und Monaco ernannt"},{"@type":"BreadcrumbList","@id":"https:\/\/www.organisator.ch\/de\/allgemein\/2020-09-07\/neue-leiterin-fuer-soziale-verantwortung-von-unternehmen-fuer-societe-generale\/#breadcrumb","itemListElement":[{"@type":"ListItem","position":1,"name":"Home","item":"https:\/\/www.organisator.ch\/"},{"@type":"ListItem","position":2,"name":"Neue Leiterin f\u00fcr Soziale Verantwortung von Unternehmen f\u00fcr Societe Generale"}]},{"@type":"WebSite","@id":"https:\/\/www.organisator.ch\/#website","url":"https:\/\/www.organisator.ch\/","name":"Organizzatore","description":"Competente. Pratico. In 10 numeri all'anno, ORGANISATOR presenta i temi essenziali per i manager delle PMI.","publisher":{"@id":"https:\/\/www.organisator.ch\/#organization"},"potentialAction":[{"@type":"SearchAction","target":{"@type":"EntryPoint","urlTemplate":"https:\/\/www.organisator.ch\/?s={search_term_string}"},"query-input":{"@type":"PropertyValueSpecification","valueRequired":true,"valueName":"search_term_string"}}],"inLanguage":"it-IT"},{"@type":"Organization","@id":"https:\/\/www.organisator.ch\/#organization","name":"Organizzatore","url":"https:\/\/www.organisator.ch\/","logo":{"@type":"ImageObject","inLanguage":"it-IT","@id":"https:\/\/www.organisator.ch\/#\/schema\/logo\/image\/","url":"https:\/\/www.organisator.ch\/wp-content\/uploads\/2022\/01\/Logo_Organisator_Website.png","contentUrl":"https:\/\/www.organisator.ch\/wp-content\/uploads\/2022\/01\/Logo_Organisator_Website.png","width":800,"height":77,"caption":"Organisator"},"image":{"@id":"https:\/\/www.organisator.ch\/#\/schema\/logo\/image\/"},"sameAs":["https:\/\/www.facebook.com\/OrganisatorFachmagazin","https:\/\/www.linkedin.com\/showcase\/organisator-das-magazin-fr-kmu","https:\/\/www.xing.com\/news\/pages\/organisator-ch-695","https:\/\/www.youtube.com\/channel\/UCGP2Sq0iWaZwT3BdIAQFYpw"]},{"@type":"Person","@id":"https:\/\/www.organisator.ch\/#\/schema\/person\/134708ca9321c57b0362cceb7948ffbd","name":"michael.merz","image":{"@type":"ImageObject","inLanguage":"it-IT","@id":"https:\/\/secure.gravatar.com\/avatar\/?s=96&d=mm&r=g","url":"https:\/\/secure.gravatar.com\/avatar\/?s=96&d=mm&r=g","contentUrl":"https:\/\/secure.gravatar.com\/avatar\/?s=96&d=mm&r=g","caption":"michael.merz"},"url":"https:\/\/www.organisator.ch\/it\/author\/michael-merz\/"}]}},"_links":{"self":[{"href":"https:\/\/www.organisator.ch\/it\/wp-json\/wp\/v2\/posts\/10204","targetHints":{"allow":["GET"]}}],"collection":[{"href":"https:\/\/www.organisator.ch\/it\/wp-json\/wp\/v2\/posts"}],"about":[{"href":"https:\/\/www.organisator.ch\/it\/wp-json\/wp\/v2\/types\/post"}],"author":[{"embeddable":true,"href":"https:\/\/www.organisator.ch\/it\/wp-json\/wp\/v2\/users\/5"}],"replies":[{"embeddable":true,"href":"https:\/\/www.organisator.ch\/it\/wp-json\/wp\/v2\/comments?post=10204"}],"version-history":[{"count":0,"href":"https:\/\/www.organisator.ch\/it\/wp-json\/wp\/v2\/posts\/10204\/revisions"}],"wp:featuredmedia":[{"embeddable":true,"href":"https:\/\/www.organisator.ch\/it\/wp-json\/wp\/v2\/media\/9726"}],"wp:attachment":[{"href":"https:\/\/www.organisator.ch\/it\/wp-json\/wp\/v2\/media?parent=10204"}],"wp:term":[{"taxonomy":"category","embeddable":true,"href":"https:\/\/www.organisator.ch\/it\/wp-json\/wp\/v2\/categories?post=10204"},{"taxonomy":"post_tag","embeddable":true,"href":"https:\/\/www.organisator.ch\/it\/wp-json\/wp\/v2\/tags?post=10204"}],"curies":[{"name":"wp","href":"https:\/\/api.w.org\/{rel}","templated":true}]}}