{"id":10205,"date":"2020-09-08T13:58:19","date_gmt":"2020-09-08T11:58:19","guid":{"rendered":"https:\/\/www.umweltperspektiven.ch\/?p=3336"},"modified":"2022-02-09T11:09:56","modified_gmt":"2022-02-09T10:09:56","slug":"veranstaltungshinweis-vegetarismus-und-umweltschutz","status":"publish","type":"post","link":"https:\/\/www.organisator.ch\/it\/sustainability\/2020-09-08\/veranstaltungshinweis-vegetarismus-und-umweltschutz\/","title":{"rendered":"Nota dell'evento: Vegetarismo e protezione dell'ambiente"},"content":{"rendered":"<figure id=\"attachment_3337\" aria-describedby=\"caption-attachment-3337\" style=\"width: 640px\" class=\"wp-caption alignnone\"><img loading=\"lazy\" decoding=\"async\" class=\"wp-image-3337 size-full\" src=\"\/\/www.umweltperspektiven.ch\/wp-content\/uploads\/2020\/09\/Veranstaltungshinweis-Vegetarismus-und-Umweltschutz-UP_Umwelt-Perspektiven.jpg\" alt=\"\" width=\"640\" height=\"438\" srcset=\"https:\/\/www.organisator.ch\/wp-content\/uploads\/2020\/09\/Veranstaltungshinweis-Vegetarismus-und-Umweltschutz-UP_Umwelt-Perspektiven.jpg 640w, https:\/\/www.organisator.ch\/wp-content\/uploads\/2020\/09\/Veranstaltungshinweis-Vegetarismus-und-Umweltschutz-UP_Umwelt-Perspektiven-18x12.jpg 18w, https:\/\/www.organisator.ch\/wp-content\/uploads\/2020\/09\/Veranstaltungshinweis-Vegetarismus-und-Umweltschutz-UP_Umwelt-Perspektiven-256x175.jpg 256w, https:\/\/www.organisator.ch\/wp-content\/uploads\/2020\/09\/Veranstaltungshinweis-Vegetarismus-und-Umweltschutz-UP_Umwelt-Perspektiven-511x350.jpg 511w, https:\/\/www.organisator.ch\/wp-content\/uploads\/2020\/09\/Veranstaltungshinweis-Vegetarismus-und-Umweltschutz-UP_Umwelt-Perspektiven-300x205.jpg 300w\" sizes=\"auto, (max-width: 640px) 100vw, 640px\" \/><figcaption id=\"caption-attachment-3337\" class=\"wp-caption-text\">Le nostre abitudini alimentari dovrebbero cambiare a favore delle considerazioni ambientali - o dovrebbero essere severamente limitate? Rolf Hiltl ci invita al dibattito. (Immagine: zVg)<\/figcaption><\/figure>\n<p>Uno sguardo pi\u00f9 attento mostra che ci sono argomenti seri per qualificare il vegetarismo e la protezione dell'ambiente. Nel 2019, per esempio, un gruppo internazionale di ricercatori interdisciplinari ha pubblicato sulla rivista \"The Lancet\" uno studio completo che raccomanda una \"Dieta Planetaria\" che proteggerebbe in modo sostenibile l'ambiente e manterrebbe in salute i 10 miliardi di persone che si prevede vivranno nel 2050 - una situazione senza precedenti per tutti, dato che almeno i mangiatori di carne non sono interamente tra i perdenti:<\/p>\n<p>Oltre al latte e alle uova, contiene anche pollame, carne di manzo e di maiale - naturalmente non si avvicina neanche lontanamente alla quantit\u00e0 che \u00e8 diventata standard per la popolazione delle moderne societ\u00e0 industriali e di servizi di tutto il mondo, ma non sono nemmeno completamente eliminati. Quindi non \u00e8 una dieta puramente vegetariana o anche vegana che mantiene il mondo in equilibrio, ma piuttosto una dieta mista; e il fatto che la salute umana fosse un obiettivo importante nel calcolo di questa dieta non \u00e8 assolutamente da interpretare come un difetto, ma piuttosto come una condizione limite che non pu\u00f2 essere tagliata fuori da qualsiasi equazione che metta al centro la preoccupazione per l'ambiente.<\/p>\n<p><strong>Prodotti individuali e buoni argomenti\u00a0<\/strong><\/p>\n<p>Un altro argomento contro il completo abbandono dei prodotti animali nell'alimentazione umana \u00e8 presentato dalla biologa Florianne Koechlin: in diversi articoli, tra cui uno per la \"NZZ am Sonntag\" nel 2019, ha argomentato contro un divieto morale di mangiare animali, sostenendo che questo sarebbe la campana a morto per il bestiame al pascolo: Non da ultimo per il bene del nostro ambiente e della biodiversit\u00e0, tuttavia, \u00e8 importante conservarli, perch\u00e9 il bestiame che mangia l'erba manterrebbe i pascoli aperti e liberi, evitando cos\u00ec che diventino troppo estesi. D'altra parte, non ci si pu\u00f2 aspettare che gli agricoltori si prendano cura dei loro animali per puro amore della natura.<\/p>\n<p>Se si prende sul serio questo argomento, ci sono anche solide ragioni ambientali a favore di un consumo moderato di carne; di nuovo, non nello stile dell'agricoltura industriale che stiamo vivendo attualmente, ma comunque includendo la possibilit\u00e0, come dice l'autore, di una \"produzione di carne rispettosa degli animali ed ecologica\".<\/p>\n<p>Oltre a queste considerazioni generali a favore di un'alimentazione mista, vengono alla ribalta sempre pi\u00f9 prodotti individuali che minacciano di limitare fortemente le abitudini alimentari vegetariane, anche dal punto di vista ambientale: per esempio, il bilancio di CO2 di certi prodotti caseari \u00e8 tutt'altro che inebriante. Se si crede alle liste corrispondenti, il consumo di burro, per esempio, \u00e8 spesso davanti al famigerato manzo - circa 24 grammi a circa 13\u00b0gr CO<sup>2<\/sup> \u00e8 il saldo per chilo qui.<\/p>\n<p>Queste considerazioni possono tentare di cambiare semplicemente marcia e rinunciare a tutti i prodotti animali. Ma anche qui ci sono pecore nere: per esempio, si sostiene che il bilancio del riso \u00e8 due volte peggiore di quello del maiale - tra l'altro perch\u00e9 dalle risaie allagate escono grandi quantit\u00e0 di metano estremamente dannoso per il clima.<\/p>\n<p>Naturalmente, tali esempi non sono sufficienti per rifiutare le diete a base vegetale in quanto tali, e non tutti i paragoni hanno senso: quando uno studio del 2015 della Carnergie Mellon University (Pennsylvania, USA) conclude che la lattuga rilascia nell'atmosfera non meno di tre volte pi\u00f9 emissioni di gas serra nel suo percorso verso il palato rispetto al maiale, vale la pena dare un'occhiata ai dettagli: Per esempio, il calcolo era basato sulla stessa quantit\u00e0 di energia di 1000 kcal che si deve ottenere da questi alimenti - ma chi mangia la quantit\u00e0 necessaria di cespi di lattuga in un pasto?<\/p>\n<p>Per evitare questi e simili malintesi, la discussione con Rolf Hiltl sar\u00e0 preceduta da un discorso introduttivo di Adrian M\u00fcller, un esperto dell'Istituto di ricerca sull'agricoltura biologica (FiBL). In un'incursione informativa attraverso la selva di metodi di coltivazione, etichette di sostenibilit\u00e0 e calcoli delle risorse, egli fornir\u00e0 al pubblico e ai partecipanti la base scientifica della discussione. Dopo, gli ospiti possono aspettarsi un aperitivo gustoso e sostenibile con le prelibatezze di Hiltl Catering.<\/p>\n<p><em>\u00c8 possibile iscriversi all'evento \"Salvare il clima, mangiare tofu? <a href=\"\/\/www.paulusakademie.ch\/programm\/?eid=16466&amp;event-title=Klima+retten%2C+Tofu+essen%3F+%E2%80%93+17.09.2020\">qui<\/a> registro.\u00a0<\/em><\/p>\n<p>Gio, 17 settembre, 19:00-20:30, Centro Eventi Paulus Akademie, Pfingstweidstrasse 28, 8005 Zurigo.<\/p>\n<p>(Costo: CHF 35.- incl. aperitivo; ridotto CHF 24.-).<\/p>\n<p>&nbsp;<\/p>","protected":false},"excerpt":{"rendered":"<p>Bei n\u00e4heren Blick zeigt sich n\u00e4mlich, dass es durchaus ernstzunehmende Argumente gibt, Vegetarismus und Umweltschutz zu qualifizieren. So hat eine international besetzte, interdisziplin\u00e4r arbeitende Forschergruppe 2019 im Fachmagazin \u00abThe Lancet\u00bb im Zuge einer umfangreichen Studie die Empfehlung f\u00fcr eine \u00abPlanetary Diet\u00bb erstellt, die sowohl die Umwelt nachhaltig sch\u00fctzen als auch die im Jahr 2050 erwarteten [&hellip;]<\/p>\n","protected":false},"author":5,"featured_media":3337,"comment_status":"closed","ping_status":"closed","sticky":false,"template":"","format":"standard","meta":{"_acf_changed":false,"_yoast_wpseo_focuskw":"Vegetarismus und Umweltschutz","_yoast_wpseo_metadesc":"Sch\u00fctzen Vegis auch wirklich vor Umwelt- und Gesundheitsrisiken? Schl\u00e4gt \u00ablokal\u00bb \u00abbio\u00bb? Ist Milch mies? Und jedes Steak eine Sauerei?","articlekey":"","footnotes":""},"categories":[580],"tags":[989,181,1191,1715,1722,2042,489,2430,2488],"class_list":["post-10205","post","type-post","status-publish","format-standard","has-post-thumbnail","hentry","category-sustainability","tag-diskussion","tag-ernaehrung","tag-fleisch","tag-milch","tag-mischernaehrung","tag-salat","tag-umweltschutz","tag-vegetarismus","tag-vortrag"],"acf":[],"yoast_head":"<!-- This site is optimized with the Yoast SEO plugin v27.4 - https:\/\/yoast.com\/product\/yoast-seo-wordpress\/ -->\n<title>Veranstaltungshinweis: Vegetarismus und Umweltschutz - Organisator<\/title>\n<meta name=\"description\" content=\"Sch\u00fctzen Vegis auch wirklich vor Umwelt- und Gesundheitsrisiken? Schl\u00e4gt \u00ablokal\u00bb \u00abbio\u00bb? Ist Milch mies? Und jedes Steak eine Sauerei?\" \/>\n<meta name=\"robots\" content=\"index, follow, max-snippet:-1, max-image-preview:large, max-video-preview:-1\" \/>\n<link rel=\"canonical\" href=\"https:\/\/www.organisator.ch\/it\/sostenibilita\/2020-09-08\/veranstaltungshinweis-vegetarismus-und-umweltschutz\/\" \/>\n<meta property=\"og:locale\" content=\"it_IT\" \/>\n<meta property=\"og:type\" content=\"article\" \/>\n<meta property=\"og:title\" content=\"Veranstaltungshinweis: Vegetarismus und Umweltschutz - Organisator\" \/>\n<meta property=\"og:description\" content=\"Sch\u00fctzen Vegis auch wirklich vor Umwelt- und Gesundheitsrisiken? Schl\u00e4gt \u00ablokal\u00bb \u00abbio\u00bb? Ist Milch mies? Und jedes Steak eine Sauerei?\" \/>\n<meta property=\"og:url\" content=\"https:\/\/www.organisator.ch\/it\/sostenibilita\/2020-09-08\/veranstaltungshinweis-vegetarismus-und-umweltschutz\/\" \/>\n<meta property=\"og:site_name\" content=\"Organisator\" \/>\n<meta property=\"article:publisher\" content=\"https:\/\/www.facebook.com\/OrganisatorFachmagazin\" \/>\n<meta property=\"article:published_time\" content=\"2020-09-08T11:58:19+00:00\" \/>\n<meta property=\"article:modified_time\" content=\"2022-02-09T10:09:56+00:00\" \/>\n<meta property=\"og:image\" content=\"https:\/\/www.organisator.ch\/wp-content\/uploads\/2020\/09\/Veranstaltungshinweis-Vegetarismus-und-Umweltschutz-UP_Umwelt-Perspektiven.jpg\" \/>\n\t<meta property=\"og:image:width\" content=\"640\" \/>\n\t<meta property=\"og:image:height\" content=\"438\" \/>\n\t<meta property=\"og:image:type\" content=\"image\/jpeg\" \/>\n<meta name=\"author\" content=\"michael.merz\" \/>\n<meta name=\"twitter:card\" content=\"summary_large_image\" \/>\n<script type=\"application\/ld+json\" class=\"yoast-schema-graph\">{\"@context\":\"https:\\\/\\\/schema.org\",\"@graph\":[{\"@type\":\"Article\",\"@id\":\"https:\\\/\\\/www.organisator.ch\\\/sustainability\\\/2020-09-08\\\/veranstaltungshinweis-vegetarismus-und-umweltschutz\\\/#article\",\"isPartOf\":{\"@id\":\"https:\\\/\\\/www.organisator.ch\\\/sustainability\\\/2020-09-08\\\/veranstaltungshinweis-vegetarismus-und-umweltschutz\\\/\"},\"author\":{\"name\":\"michael.merz\",\"@id\":\"https:\\\/\\\/www.organisator.ch\\\/#\\\/schema\\\/person\\\/134708ca9321c57b0362cceb7948ffbd\"},\"headline\":\"Veranstaltungshinweis: Vegetarismus und Umweltschutz\",\"datePublished\":\"2020-09-08T11:58:19+00:00\",\"dateModified\":\"2022-02-09T10:09:56+00:00\",\"mainEntityOfPage\":{\"@id\":\"https:\\\/\\\/www.organisator.ch\\\/sustainability\\\/2020-09-08\\\/veranstaltungshinweis-vegetarismus-und-umweltschutz\\\/\"},\"wordCount\":735,\"publisher\":{\"@id\":\"https:\\\/\\\/www.organisator.ch\\\/#organization\"},\"image\":{\"@id\":\"https:\\\/\\\/www.organisator.ch\\\/sustainability\\\/2020-09-08\\\/veranstaltungshinweis-vegetarismus-und-umweltschutz\\\/#primaryimage\"},\"thumbnailUrl\":\"https:\\\/\\\/www.organisator.ch\\\/wp-content\\\/uploads\\\/2020\\\/09\\\/Veranstaltungshinweis-Vegetarismus-und-Umweltschutz-UP_Umwelt-Perspektiven.jpg\",\"keywords\":[\"Diskussion\",\"Ern\u00e4hrung\",\"Fleisch\",\"Milch\",\"Mischern\u00e4hrung\",\"Salat\",\"Umweltschutz\",\"Vegetarismus\",\"Vortrag\"],\"articleSection\":[\"SUSTAINABILITY\"],\"inLanguage\":\"it-IT\"},{\"@type\":\"WebPage\",\"@id\":\"https:\\\/\\\/www.organisator.ch\\\/sustainability\\\/2020-09-08\\\/veranstaltungshinweis-vegetarismus-und-umweltschutz\\\/\",\"url\":\"https:\\\/\\\/www.organisator.ch\\\/sustainability\\\/2020-09-08\\\/veranstaltungshinweis-vegetarismus-und-umweltschutz\\\/\",\"name\":\"Veranstaltungshinweis: Vegetarismus und Umweltschutz - Organisator\",\"isPartOf\":{\"@id\":\"https:\\\/\\\/www.organisator.ch\\\/#website\"},\"primaryImageOfPage\":{\"@id\":\"https:\\\/\\\/www.organisator.ch\\\/sustainability\\\/2020-09-08\\\/veranstaltungshinweis-vegetarismus-und-umweltschutz\\\/#primaryimage\"},\"image\":{\"@id\":\"https:\\\/\\\/www.organisator.ch\\\/sustainability\\\/2020-09-08\\\/veranstaltungshinweis-vegetarismus-und-umweltschutz\\\/#primaryimage\"},\"thumbnailUrl\":\"https:\\\/\\\/www.organisator.ch\\\/wp-content\\\/uploads\\\/2020\\\/09\\\/Veranstaltungshinweis-Vegetarismus-und-Umweltschutz-UP_Umwelt-Perspektiven.jpg\",\"datePublished\":\"2020-09-08T11:58:19+00:00\",\"dateModified\":\"2022-02-09T10:09:56+00:00\",\"description\":\"Sch\u00fctzen Vegis auch wirklich vor Umwelt- und Gesundheitsrisiken? Schl\u00e4gt \u00ablokal\u00bb \u00abbio\u00bb? Ist Milch mies? Und jedes Steak eine Sauerei?\",\"breadcrumb\":{\"@id\":\"https:\\\/\\\/www.organisator.ch\\\/sustainability\\\/2020-09-08\\\/veranstaltungshinweis-vegetarismus-und-umweltschutz\\\/#breadcrumb\"},\"inLanguage\":\"it-IT\",\"potentialAction\":[{\"@type\":\"ReadAction\",\"target\":[\"https:\\\/\\\/www.organisator.ch\\\/sustainability\\\/2020-09-08\\\/veranstaltungshinweis-vegetarismus-und-umweltschutz\\\/\"]}]},{\"@type\":\"ImageObject\",\"inLanguage\":\"it-IT\",\"@id\":\"https:\\\/\\\/www.organisator.ch\\\/sustainability\\\/2020-09-08\\\/veranstaltungshinweis-vegetarismus-und-umweltschutz\\\/#primaryimage\",\"url\":\"https:\\\/\\\/www.organisator.ch\\\/wp-content\\\/uploads\\\/2020\\\/09\\\/Veranstaltungshinweis-Vegetarismus-und-Umweltschutz-UP_Umwelt-Perspektiven.jpg\",\"contentUrl\":\"https:\\\/\\\/www.organisator.ch\\\/wp-content\\\/uploads\\\/2020\\\/09\\\/Veranstaltungshinweis-Vegetarismus-und-Umweltschutz-UP_Umwelt-Perspektiven.jpg\",\"width\":640,\"height\":438},{\"@type\":\"BreadcrumbList\",\"@id\":\"https:\\\/\\\/www.organisator.ch\\\/sustainability\\\/2020-09-08\\\/veranstaltungshinweis-vegetarismus-und-umweltschutz\\\/#breadcrumb\",\"itemListElement\":[{\"@type\":\"ListItem\",\"position\":1,\"name\":\"Home\",\"item\":\"https:\\\/\\\/www.organisator.ch\\\/\"},{\"@type\":\"ListItem\",\"position\":2,\"name\":\"Veranstaltungshinweis: Vegetarismus und Umweltschutz\"}]},{\"@type\":\"WebSite\",\"@id\":\"https:\\\/\\\/www.organisator.ch\\\/#website\",\"url\":\"https:\\\/\\\/www.organisator.ch\\\/\",\"name\":\"Organisator\",\"description\":\"Kompetent. Praxisnah. Der ORGANISATOR bereitet in 10 Ausgaben pro Jahr die wesentlichen Themen f\u00fcr F\u00fchrungskr\u00e4fte von KMU auf.\",\"publisher\":{\"@id\":\"https:\\\/\\\/www.organisator.ch\\\/#organization\"},\"potentialAction\":[{\"@type\":\"SearchAction\",\"target\":{\"@type\":\"EntryPoint\",\"urlTemplate\":\"https:\\\/\\\/www.organisator.ch\\\/?s={search_term_string}\"},\"query-input\":{\"@type\":\"PropertyValueSpecification\",\"valueRequired\":true,\"valueName\":\"search_term_string\"}}],\"inLanguage\":\"it-IT\"},{\"@type\":\"Organization\",\"@id\":\"https:\\\/\\\/www.organisator.ch\\\/#organization\",\"name\":\"Organisator\",\"url\":\"https:\\\/\\\/www.organisator.ch\\\/\",\"logo\":{\"@type\":\"ImageObject\",\"inLanguage\":\"it-IT\",\"@id\":\"https:\\\/\\\/www.organisator.ch\\\/#\\\/schema\\\/logo\\\/image\\\/\",\"url\":\"https:\\\/\\\/www.organisator.ch\\\/wp-content\\\/uploads\\\/2022\\\/01\\\/Logo_Organisator_Website.png\",\"contentUrl\":\"https:\\\/\\\/www.organisator.ch\\\/wp-content\\\/uploads\\\/2022\\\/01\\\/Logo_Organisator_Website.png\",\"width\":800,\"height\":77,\"caption\":\"Organisator\"},\"image\":{\"@id\":\"https:\\\/\\\/www.organisator.ch\\\/#\\\/schema\\\/logo\\\/image\\\/\"},\"sameAs\":[\"https:\\\/\\\/www.facebook.com\\\/OrganisatorFachmagazin\",\"https:\\\/\\\/www.linkedin.com\\\/showcase\\\/organisator-das-magazin-fr-kmu\",\"https:\\\/\\\/www.xing.com\\\/news\\\/pages\\\/organisator-ch-695\",\"https:\\\/\\\/www.youtube.com\\\/channel\\\/UCGP2Sq0iWaZwT3BdIAQFYpw\"]},{\"@type\":\"Person\",\"@id\":\"https:\\\/\\\/www.organisator.ch\\\/#\\\/schema\\\/person\\\/134708ca9321c57b0362cceb7948ffbd\",\"name\":\"michael.merz\",\"image\":{\"@type\":\"ImageObject\",\"inLanguage\":\"it-IT\",\"@id\":\"https:\\\/\\\/secure.gravatar.com\\\/avatar\\\/?s=96&d=mm&r=g\",\"url\":\"https:\\\/\\\/secure.gravatar.com\\\/avatar\\\/?s=96&d=mm&r=g\",\"contentUrl\":\"https:\\\/\\\/secure.gravatar.com\\\/avatar\\\/?s=96&d=mm&r=g\",\"caption\":\"michael.merz\"},\"url\":\"https:\\\/\\\/www.organisator.ch\\\/it\\\/author\\\/michael-merz\\\/\"}]}<\/script>\n<!-- \/ Yoast SEO plugin. -->","yoast_head_json":{"title":"Nota dell'evento: Vegetarianismo e tutela dell'ambiente - Organizzatore","description":"I vegani proteggono davvero dai rischi ambientali e sanitari? Il termine \"locale\" batte il termine \"biologico\"? Il latte fa male? E ogni bistecca \u00e8 un disastro?","robots":{"index":"index","follow":"follow","max-snippet":"max-snippet:-1","max-image-preview":"max-image-preview:large","max-video-preview":"max-video-preview:-1"},"canonical":"https:\/\/www.organisator.ch\/it\/sostenibilita\/2020-09-08\/veranstaltungshinweis-vegetarismus-und-umweltschutz\/","og_locale":"it_IT","og_type":"article","og_title":"Veranstaltungshinweis: Vegetarismus und Umweltschutz - Organisator","og_description":"Sch\u00fctzen Vegis auch wirklich vor Umwelt- und Gesundheitsrisiken? Schl\u00e4gt \u00ablokal\u00bb \u00abbio\u00bb? Ist Milch mies? Und jedes Steak eine Sauerei?","og_url":"https:\/\/www.organisator.ch\/it\/sostenibilita\/2020-09-08\/veranstaltungshinweis-vegetarismus-und-umweltschutz\/","og_site_name":"Organisator","article_publisher":"https:\/\/www.facebook.com\/OrganisatorFachmagazin","article_published_time":"2020-09-08T11:58:19+00:00","article_modified_time":"2022-02-09T10:09:56+00:00","og_image":[{"width":640,"height":438,"url":"https:\/\/www.organisator.ch\/wp-content\/uploads\/2020\/09\/Veranstaltungshinweis-Vegetarismus-und-Umweltschutz-UP_Umwelt-Perspektiven.jpg","type":"image\/jpeg"}],"author":"michael.merz","twitter_card":"summary_large_image","schema":{"@context":"https:\/\/schema.org","@graph":[{"@type":"Article","@id":"https:\/\/www.organisator.ch\/sustainability\/2020-09-08\/veranstaltungshinweis-vegetarismus-und-umweltschutz\/#article","isPartOf":{"@id":"https:\/\/www.organisator.ch\/sustainability\/2020-09-08\/veranstaltungshinweis-vegetarismus-und-umweltschutz\/"},"author":{"name":"michael.merz","@id":"https:\/\/www.organisator.ch\/#\/schema\/person\/134708ca9321c57b0362cceb7948ffbd"},"headline":"Veranstaltungshinweis: Vegetarismus und Umweltschutz","datePublished":"2020-09-08T11:58:19+00:00","dateModified":"2022-02-09T10:09:56+00:00","mainEntityOfPage":{"@id":"https:\/\/www.organisator.ch\/sustainability\/2020-09-08\/veranstaltungshinweis-vegetarismus-und-umweltschutz\/"},"wordCount":735,"publisher":{"@id":"https:\/\/www.organisator.ch\/#organization"},"image":{"@id":"https:\/\/www.organisator.ch\/sustainability\/2020-09-08\/veranstaltungshinweis-vegetarismus-und-umweltschutz\/#primaryimage"},"thumbnailUrl":"https:\/\/www.organisator.ch\/wp-content\/uploads\/2020\/09\/Veranstaltungshinweis-Vegetarismus-und-Umweltschutz-UP_Umwelt-Perspektiven.jpg","keywords":["Diskussion","Ern\u00e4hrung","Fleisch","Milch","Mischern\u00e4hrung","Salat","Umweltschutz","Vegetarismus","Vortrag"],"articleSection":["SUSTAINABILITY"],"inLanguage":"it-IT"},{"@type":"WebPage","@id":"https:\/\/www.organisator.ch\/sustainability\/2020-09-08\/veranstaltungshinweis-vegetarismus-und-umweltschutz\/","url":"https:\/\/www.organisator.ch\/sustainability\/2020-09-08\/veranstaltungshinweis-vegetarismus-und-umweltschutz\/","name":"Nota dell'evento: Vegetarianismo e tutela dell'ambiente - Organizzatore","isPartOf":{"@id":"https:\/\/www.organisator.ch\/#website"},"primaryImageOfPage":{"@id":"https:\/\/www.organisator.ch\/sustainability\/2020-09-08\/veranstaltungshinweis-vegetarismus-und-umweltschutz\/#primaryimage"},"image":{"@id":"https:\/\/www.organisator.ch\/sustainability\/2020-09-08\/veranstaltungshinweis-vegetarismus-und-umweltschutz\/#primaryimage"},"thumbnailUrl":"https:\/\/www.organisator.ch\/wp-content\/uploads\/2020\/09\/Veranstaltungshinweis-Vegetarismus-und-Umweltschutz-UP_Umwelt-Perspektiven.jpg","datePublished":"2020-09-08T11:58:19+00:00","dateModified":"2022-02-09T10:09:56+00:00","description":"I vegani proteggono davvero dai rischi ambientali e sanitari? Il termine \"locale\" batte il termine \"biologico\"? Il latte fa male? E ogni bistecca \u00e8 un disastro?","breadcrumb":{"@id":"https:\/\/www.organisator.ch\/sustainability\/2020-09-08\/veranstaltungshinweis-vegetarismus-und-umweltschutz\/#breadcrumb"},"inLanguage":"it-IT","potentialAction":[{"@type":"ReadAction","target":["https:\/\/www.organisator.ch\/sustainability\/2020-09-08\/veranstaltungshinweis-vegetarismus-und-umweltschutz\/"]}]},{"@type":"ImageObject","inLanguage":"it-IT","@id":"https:\/\/www.organisator.ch\/sustainability\/2020-09-08\/veranstaltungshinweis-vegetarismus-und-umweltschutz\/#primaryimage","url":"https:\/\/www.organisator.ch\/wp-content\/uploads\/2020\/09\/Veranstaltungshinweis-Vegetarismus-und-Umweltschutz-UP_Umwelt-Perspektiven.jpg","contentUrl":"https:\/\/www.organisator.ch\/wp-content\/uploads\/2020\/09\/Veranstaltungshinweis-Vegetarismus-und-Umweltschutz-UP_Umwelt-Perspektiven.jpg","width":640,"height":438},{"@type":"BreadcrumbList","@id":"https:\/\/www.organisator.ch\/sustainability\/2020-09-08\/veranstaltungshinweis-vegetarismus-und-umweltschutz\/#breadcrumb","itemListElement":[{"@type":"ListItem","position":1,"name":"Home","item":"https:\/\/www.organisator.ch\/"},{"@type":"ListItem","position":2,"name":"Veranstaltungshinweis: Vegetarismus und Umweltschutz"}]},{"@type":"WebSite","@id":"https:\/\/www.organisator.ch\/#website","url":"https:\/\/www.organisator.ch\/","name":"Organizzatore","description":"Competente. Pratico. In 10 numeri all'anno, ORGANISATOR presenta i temi essenziali per i manager delle PMI.","publisher":{"@id":"https:\/\/www.organisator.ch\/#organization"},"potentialAction":[{"@type":"SearchAction","target":{"@type":"EntryPoint","urlTemplate":"https:\/\/www.organisator.ch\/?s={search_term_string}"},"query-input":{"@type":"PropertyValueSpecification","valueRequired":true,"valueName":"search_term_string"}}],"inLanguage":"it-IT"},{"@type":"Organization","@id":"https:\/\/www.organisator.ch\/#organization","name":"Organizzatore","url":"https:\/\/www.organisator.ch\/","logo":{"@type":"ImageObject","inLanguage":"it-IT","@id":"https:\/\/www.organisator.ch\/#\/schema\/logo\/image\/","url":"https:\/\/www.organisator.ch\/wp-content\/uploads\/2022\/01\/Logo_Organisator_Website.png","contentUrl":"https:\/\/www.organisator.ch\/wp-content\/uploads\/2022\/01\/Logo_Organisator_Website.png","width":800,"height":77,"caption":"Organisator"},"image":{"@id":"https:\/\/www.organisator.ch\/#\/schema\/logo\/image\/"},"sameAs":["https:\/\/www.facebook.com\/OrganisatorFachmagazin","https:\/\/www.linkedin.com\/showcase\/organisator-das-magazin-fr-kmu","https:\/\/www.xing.com\/news\/pages\/organisator-ch-695","https:\/\/www.youtube.com\/channel\/UCGP2Sq0iWaZwT3BdIAQFYpw"]},{"@type":"Person","@id":"https:\/\/www.organisator.ch\/#\/schema\/person\/134708ca9321c57b0362cceb7948ffbd","name":"michael.merz","image":{"@type":"ImageObject","inLanguage":"it-IT","@id":"https:\/\/secure.gravatar.com\/avatar\/?s=96&d=mm&r=g","url":"https:\/\/secure.gravatar.com\/avatar\/?s=96&d=mm&r=g","contentUrl":"https:\/\/secure.gravatar.com\/avatar\/?s=96&d=mm&r=g","caption":"michael.merz"},"url":"https:\/\/www.organisator.ch\/it\/author\/michael-merz\/"}]}},"_links":{"self":[{"href":"https:\/\/www.organisator.ch\/it\/wp-json\/wp\/v2\/posts\/10205","targetHints":{"allow":["GET"]}}],"collection":[{"href":"https:\/\/www.organisator.ch\/it\/wp-json\/wp\/v2\/posts"}],"about":[{"href":"https:\/\/www.organisator.ch\/it\/wp-json\/wp\/v2\/types\/post"}],"author":[{"embeddable":true,"href":"https:\/\/www.organisator.ch\/it\/wp-json\/wp\/v2\/users\/5"}],"replies":[{"embeddable":true,"href":"https:\/\/www.organisator.ch\/it\/wp-json\/wp\/v2\/comments?post=10205"}],"version-history":[{"count":1,"href":"https:\/\/www.organisator.ch\/it\/wp-json\/wp\/v2\/posts\/10205\/revisions"}],"predecessor-version":[{"id":10818,"href":"https:\/\/www.organisator.ch\/it\/wp-json\/wp\/v2\/posts\/10205\/revisions\/10818"}],"wp:featuredmedia":[{"embeddable":true,"href":"https:\/\/www.organisator.ch\/it\/wp-json\/wp\/v2\/media\/3337"}],"wp:attachment":[{"href":"https:\/\/www.organisator.ch\/it\/wp-json\/wp\/v2\/media?parent=10205"}],"wp:term":[{"taxonomy":"category","embeddable":true,"href":"https:\/\/www.organisator.ch\/it\/wp-json\/wp\/v2\/categories?post=10205"},{"taxonomy":"post_tag","embeddable":true,"href":"https:\/\/www.organisator.ch\/it\/wp-json\/wp\/v2\/tags?post=10205"}],"curies":[{"name":"wp","href":"https:\/\/api.w.org\/{rel}","templated":true}]}}