{"id":10208,"date":"2020-09-15T09:58:13","date_gmt":"2020-09-15T07:58:13","guid":{"rendered":"https:\/\/www.umweltperspektiven.ch\/?p=3348"},"modified":"2022-02-09T11:06:13","modified_gmt":"2022-02-09T10:06:13","slug":"rueckschau-auf-die-1-circular-economy-tagung-der-kyburz","status":"publish","type":"post","link":"https:\/\/www.organisator.ch\/it\/sustainability\/2020-09-15\/rueckschau-auf-die-1-circular-economy-tagung-der-kyburz\/","title":{"rendered":"Rassegna della 1a Conferenza Kyburz sull'economia circolare"},"content":{"rendered":"<p>&nbsp;<\/p>\n<figure id=\"attachment_3349\" aria-describedby=\"caption-attachment-3349\" style=\"width: 680px\" class=\"wp-caption alignnone\"><img loading=\"lazy\" decoding=\"async\" class=\"wp-image-3349 size-medium\" src=\"\/\/www.umweltperspektiven.ch\/wp-content\/uploads\/2020\/09\/Kyburz-UP-Umwelt-Perspektiven.jpg\" alt=\"\" width=\"680\" height=\"461\" srcset=\"https:\/\/www.organisator.ch\/wp-content\/uploads\/2020\/09\/Kyburz-UP-Umwelt-Perspektiven.jpg 744w, https:\/\/www.organisator.ch\/wp-content\/uploads\/2020\/09\/Kyburz-UP-Umwelt-Perspektiven-680x461.jpg 680w, https:\/\/www.organisator.ch\/wp-content\/uploads\/2020\/09\/Kyburz-UP-Umwelt-Perspektiven-18x12.jpg 18w, https:\/\/www.organisator.ch\/wp-content\/uploads\/2020\/09\/Kyburz-UP-Umwelt-Perspektiven-258x175.jpg 258w, https:\/\/www.organisator.ch\/wp-content\/uploads\/2020\/09\/Kyburz-UP-Umwelt-Perspektiven-517x350.jpg 517w, https:\/\/www.organisator.ch\/wp-content\/uploads\/2020\/09\/Kyburz-UP-Umwelt-Perspektiven-300x203.jpg 300w\" sizes=\"auto, (max-width: 680px) 100vw, 680px\" \/><figcaption id=\"caption-attachment-3349\" class=\"wp-caption-text\">Il rinomato medico e autore Christian Larsen ha trasferito le scoperte mediche all'ecosistema. (Immagine: Kyburz)<\/figcaption><\/figure>\n<p>La convinzione di Martin Kyburz, amministratore delegato di KYBURZ: \"I cambiamenti positivi verso l'economia circolare possono prevalere solo se le persone provenienti dai pi\u00f9 diversi percorsi di vita si riuniscono e discutono interrelazioni complesse attraverso le discipline\". Questo \u00e8 il motivo per cui Martin Kyburz ha creato la Circular Economy Conference.<\/p>\n<p>L'imprenditore vuole contribuire a una convivenza felice in un ambiente sano. L'evento interdisciplinare a Freienstein \u00e8 rivolto a tutti coloro che sono interessati alla vita sostenibile e a un'economia che conserva le risorse.<\/p>\n<p>Alla prima del 4 settembre, il numero di partecipanti \u00e8 stato limitato a 100 persone di diverse discipline a causa del virus corona.<\/p>\n<p><strong>L'efficacia batte l'efficienza<\/strong><\/p>\n<p>La prima presentazione della conferenza ha chiarito che sono necessarie misure radicali per un cambiamento positivo. Il rinomato medico e autore Christian Larsen ha trasferito le scoperte mediche all'ecosistema. \"Possiamo girare la ruota indietro, ma solo se le misure sono abbastanza radicali\", ha detto Larsen. Dal momento che non possiamo eseguire una chirurgia d'emergenza sul pianeta, \u00e8 giunto il momento di sviluppare metodi terapeutici per combattere il cambiamento climatico e ripristinare l'equilibrio, ha detto. Larsen ha sottolineato che l'efficacia ci porter\u00e0 pi\u00f9 lontano dell'efficienza. Non si tratta di fare il pi\u00f9 possibile nel minor tempo possibile, ma di fare la cosa giusta al momento giusto.<\/p>\n<p>Il chimico e ingegnere di processo Michael Braungart \u00e8 d'accordo con Christian Larsen su questo punto: \"La natura non \u00e8 efficiente, ma \u00e8 efficace\", ha detto lo scienziato svevo nella sua presentazione umoristica ma anche molto critica. Un ciliegio, per esempio, produce circa 100.000 fiori, di cui solo uno su cento diventa una ciliegia. Questo presunto rifiuto, tuttavia, \u00e8 incredibilmente utile: i fiori formano humus, permettono all'albero di crescere - e quindi contribuiscono molto al ciclo ecologico.<\/p>\n<p><strong>Il cambiamento inizia con l'individuo<\/strong><\/p>\n<p>\"Non abbiamo bisogno di soluzioni neutre per il clima, abbiamo bisogno di soluzioni che siano buone per il clima\", ha detto Michael Braungart. Molte iniziative sostenibili riguardano solo l'evitare i rifiuti, ma questo non basta. Piuttosto, i prodotti devono essere costantemente prodotti per cicli. Questa \u00e8 anche la spinta del principio cradle-to-cradle, che Braungart ha sviluppato alla fine degli anni 90. L'idea di fondo \u00e8 quella di restituire al ciclo il maggior numero possibile di materie prime come \"nutrienti\" biologici o tecnici. Oggi, tuttavia, questo \u00e8 raramente il caso: \"Le 46 leghe di acciaio di una Mercedes diventano semplice acciaio di rinforzo\", dice Braungart.<\/p>\n<p>L'autore di best-seller Matthias Binswanger ha poi messo in discussione il principio di successo della crescita. Il professore di economia ha indicato le forze motrici dell'economia capitalista. Le seguenti presentazioni hanno chiarito ancora una volta che il cambiamento per il meglio inizia con l'individuo: La nutrizionista Laura Koch ha dimostrato come influenziamo non solo la nostra salute ma anche quella del nostro pianeta con la nostra dieta. Lo psicologo dell'energia Reto Wyss ha dato al pubblico una ricetta per ridurre lo stress. Infine, Rolf Widmer e Marcel Gauch dei Laboratori federali svizzeri per la prova dei materiali e la ricerca (Empa) hanno fornito dati impressionanti sul consumo di materie prime e di energia nel trasporto individuale.<\/p>\n<p><strong>Ampia gamma di workshop<\/strong><\/p>\n<p>Nel pomeriggio, c'erano sette laboratori tra cui scegliere. Mentre alcuni partecipanti hanno costruito dei sensori per misurare le polveri sottili, altri hanno guidato gli scooter tricicli KYBURZ nel vigneto di Prisca e Andreas Schwarz per imparare di pi\u00f9 sulla viticoltura orientata alla natura. Lo chef di Gault-Millau David Kr\u00fcger ha introdotto gli appassionati di cucina al concetto di \"Age Food\", e il project manager di KYBURZ Olivier Groux ha inaugurato il nuovo impianto interno per il riciclaggio delle batterie agli ioni di litio.<\/p>\n<p>KYBURZ ha celebrato due prime nello stesso giorno: la prima edizione della Circular Economy Conference e il nuovo impianto di riciclaggio delle batterie. Sia l'organizzatore che i partecipanti si sono cos\u00ec avvicinati all'economia circolare.<\/p>\n<p><a href=\"\/\/kyburz-switzerland.ch\/\">kyburz-svizzera.ch<\/a><\/p>","protected":false},"excerpt":{"rendered":"<p>&nbsp; Die \u00dcberzeugung von Martin Kyburz, Gesch\u00e4ftsf\u00fchrer von KYBURZ: &#8222;Positive Ver\u00e4nderungen in Richtung Kreislaufwirtschaft k\u00f6nnen sich nur durchsetzen, wenn Menschen aus unterschiedlichsten Lebensbereichen zusammenkommen und komplexe Zusammenh\u00e4nge fach\u00fcbergreifend diskutieren.&#8220; Deshalb hat Martin Kyburz die\u00a0Circular Economy Tagung ins Leben gerufen. Der Unternehmer will einen Beitrag zu einem gl\u00fccklichen Zusammenleben in einer gesunden Umwelt leisten. Die interdisziplin\u00e4re [&hellip;]<\/p>\n","protected":false},"author":5,"featured_media":3349,"comment_status":"closed","ping_status":"closed","sticky":false,"template":"","format":"standard","meta":{"_acf_changed":false,"_yoast_wpseo_focuskw":"Kyburz","_yoast_wpseo_metadesc":"Veranstalter der Circular Economy Tagung ist Martin Kyburz, Gr\u00fcnder und CEO des Z\u00fcrcher Unterl\u00e4nder Elektromobilherstellers KYBURZ Switzerland AG","articlekey":"","footnotes":""},"categories":[580],"tags":[775,913,1555,594,1581,2035,424,2274],"class_list":["post-10208","post","type-post","status-publish","format-standard","has-post-thumbnail","hentry","category-sustainability","tag-batterie-recycling-anlage","tag-circular-economy","tag-kongress","tag-kreislaufwirtschaft","tag-kyburz","tag-rueckschau","tag-schweiz","tag-switzerland"],"acf":[],"yoast_head":"<!-- This site is optimized with the Yoast SEO plugin v27.5 - https:\/\/yoast.com\/product\/yoast-seo-wordpress\/ -->\n<title>R\u00fcckschau auf die 1. Circular Economy Tagung der Kyburz - Organisator<\/title>\n<meta name=\"description\" content=\"Veranstalter der Circular Economy Tagung ist Martin Kyburz, Gr\u00fcnder und CEO des Z\u00fcrcher Unterl\u00e4nder Elektromobilherstellers KYBURZ Switzerland AG\" \/>\n<meta name=\"robots\" content=\"index, follow, max-snippet:-1, max-image-preview:large, max-video-preview:-1\" \/>\n<link rel=\"canonical\" href=\"https:\/\/www.organisator.ch\/it\/sostenibilita\/2020-09-15\/rueckschau-auf-die-1-circular-economy-tagung-der-kyburz\/\" \/>\n<meta property=\"og:locale\" content=\"it_IT\" \/>\n<meta property=\"og:type\" content=\"article\" \/>\n<meta property=\"og:title\" content=\"R\u00fcckschau auf die 1. Circular Economy Tagung der Kyburz - Organisator\" \/>\n<meta property=\"og:description\" content=\"Veranstalter der Circular Economy Tagung ist Martin Kyburz, Gr\u00fcnder und CEO des Z\u00fcrcher Unterl\u00e4nder Elektromobilherstellers KYBURZ Switzerland AG\" \/>\n<meta property=\"og:url\" content=\"https:\/\/www.organisator.ch\/it\/sostenibilita\/2020-09-15\/rueckschau-auf-die-1-circular-economy-tagung-der-kyburz\/\" \/>\n<meta property=\"og:site_name\" content=\"Organisator\" \/>\n<meta property=\"article:publisher\" content=\"https:\/\/www.facebook.com\/OrganisatorFachmagazin\" \/>\n<meta property=\"article:published_time\" content=\"2020-09-15T07:58:13+00:00\" \/>\n<meta property=\"article:modified_time\" content=\"2022-02-09T10:06:13+00:00\" \/>\n<meta property=\"og:image\" content=\"https:\/\/www.organisator.ch\/wp-content\/uploads\/2020\/09\/Kyburz-UP-Umwelt-Perspektiven.jpg\" \/>\n\t<meta property=\"og:image:width\" content=\"744\" \/>\n\t<meta property=\"og:image:height\" content=\"504\" \/>\n\t<meta property=\"og:image:type\" content=\"image\/jpeg\" \/>\n<meta name=\"author\" content=\"michael.merz\" \/>\n<meta name=\"twitter:card\" content=\"summary_large_image\" \/>\n<script type=\"application\/ld+json\" class=\"yoast-schema-graph\">{\"@context\":\"https:\\\/\\\/schema.org\",\"@graph\":[{\"@type\":\"Article\",\"@id\":\"https:\\\/\\\/www.organisator.ch\\\/sustainability\\\/2020-09-15\\\/rueckschau-auf-die-1-circular-economy-tagung-der-kyburz\\\/#article\",\"isPartOf\":{\"@id\":\"https:\\\/\\\/www.organisator.ch\\\/sustainability\\\/2020-09-15\\\/rueckschau-auf-die-1-circular-economy-tagung-der-kyburz\\\/\"},\"author\":{\"name\":\"michael.merz\",\"@id\":\"https:\\\/\\\/www.organisator.ch\\\/#\\\/schema\\\/person\\\/134708ca9321c57b0362cceb7948ffbd\"},\"headline\":\"R\u00fcckschau auf die 1. Circular Economy Tagung der Kyburz\",\"datePublished\":\"2020-09-15T07:58:13+00:00\",\"dateModified\":\"2022-02-09T10:06:13+00:00\",\"mainEntityOfPage\":{\"@id\":\"https:\\\/\\\/www.organisator.ch\\\/sustainability\\\/2020-09-15\\\/rueckschau-auf-die-1-circular-economy-tagung-der-kyburz\\\/\"},\"wordCount\":642,\"publisher\":{\"@id\":\"https:\\\/\\\/www.organisator.ch\\\/#organization\"},\"image\":{\"@id\":\"https:\\\/\\\/www.organisator.ch\\\/sustainability\\\/2020-09-15\\\/rueckschau-auf-die-1-circular-economy-tagung-der-kyburz\\\/#primaryimage\"},\"thumbnailUrl\":\"https:\\\/\\\/www.organisator.ch\\\/wp-content\\\/uploads\\\/2020\\\/09\\\/Kyburz-UP-Umwelt-Perspektiven.jpg\",\"keywords\":[\"Batterie-Recycling-Anlage\",\"Circular Economy\",\"Kongress\",\"Kreislaufwirtschaft\",\"Kyburz\",\"R\u00fcckschau\",\"Schweiz\",\"Switzerland\"],\"articleSection\":[\"SUSTAINABILITY\"],\"inLanguage\":\"it-IT\"},{\"@type\":\"WebPage\",\"@id\":\"https:\\\/\\\/www.organisator.ch\\\/sustainability\\\/2020-09-15\\\/rueckschau-auf-die-1-circular-economy-tagung-der-kyburz\\\/\",\"url\":\"https:\\\/\\\/www.organisator.ch\\\/sustainability\\\/2020-09-15\\\/rueckschau-auf-die-1-circular-economy-tagung-der-kyburz\\\/\",\"name\":\"R\u00fcckschau auf die 1. Circular Economy Tagung der Kyburz - Organisator\",\"isPartOf\":{\"@id\":\"https:\\\/\\\/www.organisator.ch\\\/#website\"},\"primaryImageOfPage\":{\"@id\":\"https:\\\/\\\/www.organisator.ch\\\/sustainability\\\/2020-09-15\\\/rueckschau-auf-die-1-circular-economy-tagung-der-kyburz\\\/#primaryimage\"},\"image\":{\"@id\":\"https:\\\/\\\/www.organisator.ch\\\/sustainability\\\/2020-09-15\\\/rueckschau-auf-die-1-circular-economy-tagung-der-kyburz\\\/#primaryimage\"},\"thumbnailUrl\":\"https:\\\/\\\/www.organisator.ch\\\/wp-content\\\/uploads\\\/2020\\\/09\\\/Kyburz-UP-Umwelt-Perspektiven.jpg\",\"datePublished\":\"2020-09-15T07:58:13+00:00\",\"dateModified\":\"2022-02-09T10:06:13+00:00\",\"description\":\"Veranstalter der Circular Economy Tagung ist Martin Kyburz, Gr\u00fcnder und CEO des Z\u00fcrcher Unterl\u00e4nder Elektromobilherstellers KYBURZ Switzerland AG\",\"breadcrumb\":{\"@id\":\"https:\\\/\\\/www.organisator.ch\\\/sustainability\\\/2020-09-15\\\/rueckschau-auf-die-1-circular-economy-tagung-der-kyburz\\\/#breadcrumb\"},\"inLanguage\":\"it-IT\",\"potentialAction\":[{\"@type\":\"ReadAction\",\"target\":[\"https:\\\/\\\/www.organisator.ch\\\/sustainability\\\/2020-09-15\\\/rueckschau-auf-die-1-circular-economy-tagung-der-kyburz\\\/\"]}]},{\"@type\":\"ImageObject\",\"inLanguage\":\"it-IT\",\"@id\":\"https:\\\/\\\/www.organisator.ch\\\/sustainability\\\/2020-09-15\\\/rueckschau-auf-die-1-circular-economy-tagung-der-kyburz\\\/#primaryimage\",\"url\":\"https:\\\/\\\/www.organisator.ch\\\/wp-content\\\/uploads\\\/2020\\\/09\\\/Kyburz-UP-Umwelt-Perspektiven.jpg\",\"contentUrl\":\"https:\\\/\\\/www.organisator.ch\\\/wp-content\\\/uploads\\\/2020\\\/09\\\/Kyburz-UP-Umwelt-Perspektiven.jpg\",\"width\":744,\"height\":504},{\"@type\":\"BreadcrumbList\",\"@id\":\"https:\\\/\\\/www.organisator.ch\\\/sustainability\\\/2020-09-15\\\/rueckschau-auf-die-1-circular-economy-tagung-der-kyburz\\\/#breadcrumb\",\"itemListElement\":[{\"@type\":\"ListItem\",\"position\":1,\"name\":\"Home\",\"item\":\"https:\\\/\\\/www.organisator.ch\\\/\"},{\"@type\":\"ListItem\",\"position\":2,\"name\":\"R\u00fcckschau auf die 1. Circular Economy Tagung der Kyburz\"}]},{\"@type\":\"WebSite\",\"@id\":\"https:\\\/\\\/www.organisator.ch\\\/#website\",\"url\":\"https:\\\/\\\/www.organisator.ch\\\/\",\"name\":\"Organisator\",\"description\":\"Kompetent. Praxisnah. Der ORGANISATOR bereitet in 10 Ausgaben pro Jahr die wesentlichen Themen f\u00fcr F\u00fchrungskr\u00e4fte von KMU auf.\",\"publisher\":{\"@id\":\"https:\\\/\\\/www.organisator.ch\\\/#organization\"},\"potentialAction\":[{\"@type\":\"SearchAction\",\"target\":{\"@type\":\"EntryPoint\",\"urlTemplate\":\"https:\\\/\\\/www.organisator.ch\\\/?s={search_term_string}\"},\"query-input\":{\"@type\":\"PropertyValueSpecification\",\"valueRequired\":true,\"valueName\":\"search_term_string\"}}],\"inLanguage\":\"it-IT\"},{\"@type\":\"Organization\",\"@id\":\"https:\\\/\\\/www.organisator.ch\\\/#organization\",\"name\":\"Organisator\",\"url\":\"https:\\\/\\\/www.organisator.ch\\\/\",\"logo\":{\"@type\":\"ImageObject\",\"inLanguage\":\"it-IT\",\"@id\":\"https:\\\/\\\/www.organisator.ch\\\/#\\\/schema\\\/logo\\\/image\\\/\",\"url\":\"https:\\\/\\\/www.organisator.ch\\\/wp-content\\\/uploads\\\/2022\\\/01\\\/Logo_Organisator_Website.png\",\"contentUrl\":\"https:\\\/\\\/www.organisator.ch\\\/wp-content\\\/uploads\\\/2022\\\/01\\\/Logo_Organisator_Website.png\",\"width\":800,\"height\":77,\"caption\":\"Organisator\"},\"image\":{\"@id\":\"https:\\\/\\\/www.organisator.ch\\\/#\\\/schema\\\/logo\\\/image\\\/\"},\"sameAs\":[\"https:\\\/\\\/www.facebook.com\\\/OrganisatorFachmagazin\",\"https:\\\/\\\/www.linkedin.com\\\/showcase\\\/organisator-das-magazin-fr-kmu\",\"https:\\\/\\\/www.xing.com\\\/news\\\/pages\\\/organisator-ch-695\",\"https:\\\/\\\/www.youtube.com\\\/channel\\\/UCGP2Sq0iWaZwT3BdIAQFYpw\"]},{\"@type\":\"Person\",\"@id\":\"https:\\\/\\\/www.organisator.ch\\\/#\\\/schema\\\/person\\\/134708ca9321c57b0362cceb7948ffbd\",\"name\":\"michael.merz\",\"image\":{\"@type\":\"ImageObject\",\"inLanguage\":\"it-IT\",\"@id\":\"https:\\\/\\\/secure.gravatar.com\\\/avatar\\\/?s=96&d=mm&r=g\",\"url\":\"https:\\\/\\\/secure.gravatar.com\\\/avatar\\\/?s=96&d=mm&r=g\",\"contentUrl\":\"https:\\\/\\\/secure.gravatar.com\\\/avatar\\\/?s=96&d=mm&r=g\",\"caption\":\"michael.merz\"},\"url\":\"https:\\\/\\\/www.organisator.ch\\\/it\\\/author\\\/michael-merz\\\/\"}]}<\/script>\n<!-- \/ Yoast SEO plugin. -->","yoast_head_json":{"title":"Recensione della 1a Conferenza sull'economia circolare di Kyburz - Organizzatore","description":"L'organizzatore della Conferenza sull'economia circolare \u00e8 Martin Kyburz, fondatore e CEO di KYBURZ Switzerland AG, un produttore di veicoli elettrici con sede nella regione dell'Unterland di Zurigo.","robots":{"index":"index","follow":"follow","max-snippet":"max-snippet:-1","max-image-preview":"max-image-preview:large","max-video-preview":"max-video-preview:-1"},"canonical":"https:\/\/www.organisator.ch\/it\/sostenibilita\/2020-09-15\/rueckschau-auf-die-1-circular-economy-tagung-der-kyburz\/","og_locale":"it_IT","og_type":"article","og_title":"R\u00fcckschau auf die 1. Circular Economy Tagung der Kyburz - Organisator","og_description":"Veranstalter der Circular Economy Tagung ist Martin Kyburz, Gr\u00fcnder und CEO des Z\u00fcrcher Unterl\u00e4nder Elektromobilherstellers KYBURZ Switzerland AG","og_url":"https:\/\/www.organisator.ch\/it\/sostenibilita\/2020-09-15\/rueckschau-auf-die-1-circular-economy-tagung-der-kyburz\/","og_site_name":"Organisator","article_publisher":"https:\/\/www.facebook.com\/OrganisatorFachmagazin","article_published_time":"2020-09-15T07:58:13+00:00","article_modified_time":"2022-02-09T10:06:13+00:00","og_image":[{"width":744,"height":504,"url":"https:\/\/www.organisator.ch\/wp-content\/uploads\/2020\/09\/Kyburz-UP-Umwelt-Perspektiven.jpg","type":"image\/jpeg"}],"author":"michael.merz","twitter_card":"summary_large_image","schema":{"@context":"https:\/\/schema.org","@graph":[{"@type":"Article","@id":"https:\/\/www.organisator.ch\/sustainability\/2020-09-15\/rueckschau-auf-die-1-circular-economy-tagung-der-kyburz\/#article","isPartOf":{"@id":"https:\/\/www.organisator.ch\/sustainability\/2020-09-15\/rueckschau-auf-die-1-circular-economy-tagung-der-kyburz\/"},"author":{"name":"michael.merz","@id":"https:\/\/www.organisator.ch\/#\/schema\/person\/134708ca9321c57b0362cceb7948ffbd"},"headline":"R\u00fcckschau auf die 1. Circular Economy Tagung der Kyburz","datePublished":"2020-09-15T07:58:13+00:00","dateModified":"2022-02-09T10:06:13+00:00","mainEntityOfPage":{"@id":"https:\/\/www.organisator.ch\/sustainability\/2020-09-15\/rueckschau-auf-die-1-circular-economy-tagung-der-kyburz\/"},"wordCount":642,"publisher":{"@id":"https:\/\/www.organisator.ch\/#organization"},"image":{"@id":"https:\/\/www.organisator.ch\/sustainability\/2020-09-15\/rueckschau-auf-die-1-circular-economy-tagung-der-kyburz\/#primaryimage"},"thumbnailUrl":"https:\/\/www.organisator.ch\/wp-content\/uploads\/2020\/09\/Kyburz-UP-Umwelt-Perspektiven.jpg","keywords":["Batterie-Recycling-Anlage","Circular Economy","Kongress","Kreislaufwirtschaft","Kyburz","R\u00fcckschau","Schweiz","Switzerland"],"articleSection":["SUSTAINABILITY"],"inLanguage":"it-IT"},{"@type":"WebPage","@id":"https:\/\/www.organisator.ch\/sustainability\/2020-09-15\/rueckschau-auf-die-1-circular-economy-tagung-der-kyburz\/","url":"https:\/\/www.organisator.ch\/sustainability\/2020-09-15\/rueckschau-auf-die-1-circular-economy-tagung-der-kyburz\/","name":"Recensione della 1a Conferenza sull'economia circolare di Kyburz - Organizzatore","isPartOf":{"@id":"https:\/\/www.organisator.ch\/#website"},"primaryImageOfPage":{"@id":"https:\/\/www.organisator.ch\/sustainability\/2020-09-15\/rueckschau-auf-die-1-circular-economy-tagung-der-kyburz\/#primaryimage"},"image":{"@id":"https:\/\/www.organisator.ch\/sustainability\/2020-09-15\/rueckschau-auf-die-1-circular-economy-tagung-der-kyburz\/#primaryimage"},"thumbnailUrl":"https:\/\/www.organisator.ch\/wp-content\/uploads\/2020\/09\/Kyburz-UP-Umwelt-Perspektiven.jpg","datePublished":"2020-09-15T07:58:13+00:00","dateModified":"2022-02-09T10:06:13+00:00","description":"L'organizzatore della Conferenza sull'economia circolare \u00e8 Martin Kyburz, fondatore e CEO di KYBURZ Switzerland AG, un produttore di veicoli elettrici con sede nella regione dell'Unterland di Zurigo.","breadcrumb":{"@id":"https:\/\/www.organisator.ch\/sustainability\/2020-09-15\/rueckschau-auf-die-1-circular-economy-tagung-der-kyburz\/#breadcrumb"},"inLanguage":"it-IT","potentialAction":[{"@type":"ReadAction","target":["https:\/\/www.organisator.ch\/sustainability\/2020-09-15\/rueckschau-auf-die-1-circular-economy-tagung-der-kyburz\/"]}]},{"@type":"ImageObject","inLanguage":"it-IT","@id":"https:\/\/www.organisator.ch\/sustainability\/2020-09-15\/rueckschau-auf-die-1-circular-economy-tagung-der-kyburz\/#primaryimage","url":"https:\/\/www.organisator.ch\/wp-content\/uploads\/2020\/09\/Kyburz-UP-Umwelt-Perspektiven.jpg","contentUrl":"https:\/\/www.organisator.ch\/wp-content\/uploads\/2020\/09\/Kyburz-UP-Umwelt-Perspektiven.jpg","width":744,"height":504},{"@type":"BreadcrumbList","@id":"https:\/\/www.organisator.ch\/sustainability\/2020-09-15\/rueckschau-auf-die-1-circular-economy-tagung-der-kyburz\/#breadcrumb","itemListElement":[{"@type":"ListItem","position":1,"name":"Home","item":"https:\/\/www.organisator.ch\/"},{"@type":"ListItem","position":2,"name":"R\u00fcckschau auf die 1. Circular Economy Tagung der Kyburz"}]},{"@type":"WebSite","@id":"https:\/\/www.organisator.ch\/#website","url":"https:\/\/www.organisator.ch\/","name":"Organizzatore","description":"Competente. Pratico. In 10 numeri all'anno, ORGANISATOR presenta i temi essenziali per i manager delle PMI.","publisher":{"@id":"https:\/\/www.organisator.ch\/#organization"},"potentialAction":[{"@type":"SearchAction","target":{"@type":"EntryPoint","urlTemplate":"https:\/\/www.organisator.ch\/?s={search_term_string}"},"query-input":{"@type":"PropertyValueSpecification","valueRequired":true,"valueName":"search_term_string"}}],"inLanguage":"it-IT"},{"@type":"Organization","@id":"https:\/\/www.organisator.ch\/#organization","name":"Organizzatore","url":"https:\/\/www.organisator.ch\/","logo":{"@type":"ImageObject","inLanguage":"it-IT","@id":"https:\/\/www.organisator.ch\/#\/schema\/logo\/image\/","url":"https:\/\/www.organisator.ch\/wp-content\/uploads\/2022\/01\/Logo_Organisator_Website.png","contentUrl":"https:\/\/www.organisator.ch\/wp-content\/uploads\/2022\/01\/Logo_Organisator_Website.png","width":800,"height":77,"caption":"Organisator"},"image":{"@id":"https:\/\/www.organisator.ch\/#\/schema\/logo\/image\/"},"sameAs":["https:\/\/www.facebook.com\/OrganisatorFachmagazin","https:\/\/www.linkedin.com\/showcase\/organisator-das-magazin-fr-kmu","https:\/\/www.xing.com\/news\/pages\/organisator-ch-695","https:\/\/www.youtube.com\/channel\/UCGP2Sq0iWaZwT3BdIAQFYpw"]},{"@type":"Person","@id":"https:\/\/www.organisator.ch\/#\/schema\/person\/134708ca9321c57b0362cceb7948ffbd","name":"michael.merz","image":{"@type":"ImageObject","inLanguage":"it-IT","@id":"https:\/\/secure.gravatar.com\/avatar\/?s=96&d=mm&r=g","url":"https:\/\/secure.gravatar.com\/avatar\/?s=96&d=mm&r=g","contentUrl":"https:\/\/secure.gravatar.com\/avatar\/?s=96&d=mm&r=g","caption":"michael.merz"},"url":"https:\/\/www.organisator.ch\/it\/author\/michael-merz\/"}]}},"_links":{"self":[{"href":"https:\/\/www.organisator.ch\/it\/wp-json\/wp\/v2\/posts\/10208","targetHints":{"allow":["GET"]}}],"collection":[{"href":"https:\/\/www.organisator.ch\/it\/wp-json\/wp\/v2\/posts"}],"about":[{"href":"https:\/\/www.organisator.ch\/it\/wp-json\/wp\/v2\/types\/post"}],"author":[{"embeddable":true,"href":"https:\/\/www.organisator.ch\/it\/wp-json\/wp\/v2\/users\/5"}],"replies":[{"embeddable":true,"href":"https:\/\/www.organisator.ch\/it\/wp-json\/wp\/v2\/comments?post=10208"}],"version-history":[{"count":1,"href":"https:\/\/www.organisator.ch\/it\/wp-json\/wp\/v2\/posts\/10208\/revisions"}],"predecessor-version":[{"id":10518,"href":"https:\/\/www.organisator.ch\/it\/wp-json\/wp\/v2\/posts\/10208\/revisions\/10518"}],"wp:featuredmedia":[{"embeddable":true,"href":"https:\/\/www.organisator.ch\/it\/wp-json\/wp\/v2\/media\/3349"}],"wp:attachment":[{"href":"https:\/\/www.organisator.ch\/it\/wp-json\/wp\/v2\/media?parent=10208"}],"wp:term":[{"taxonomy":"category","embeddable":true,"href":"https:\/\/www.organisator.ch\/it\/wp-json\/wp\/v2\/categories?post=10208"},{"taxonomy":"post_tag","embeddable":true,"href":"https:\/\/www.organisator.ch\/it\/wp-json\/wp\/v2\/tags?post=10208"}],"curies":[{"name":"wp","href":"https:\/\/api.w.org\/{rel}","templated":true}]}}