{"id":10209,"date":"2020-09-15T10:23:55","date_gmt":"2020-09-15T08:23:55","guid":{"rendered":"https:\/\/www.umweltperspektiven.ch\/?p=3351"},"modified":"2024-11-07T05:13:37","modified_gmt":"2024-11-07T04:13:37","slug":"ubs-empfiehlt-kuenftig-nachhaltige-anlagen","status":"publish","type":"post","link":"https:\/\/www.organisator.ch\/it\/sustainability\/2020-09-15\/ubs-empfiehlt-kuenftig-nachhaltige-anlagen\/","title":{"rendered":"UBS raccomanda investimenti sostenibili per il futuro"},"content":{"rendered":"<header>\n<figure id=\"attachment_3352\" aria-describedby=\"caption-attachment-3352\" style=\"width: 680px\" class=\"wp-caption alignnone\"><img loading=\"lazy\" decoding=\"async\" class=\"wp-image-3352 size-medium\" src=\"https:\/\/www.organisator.ch\/wp-content\/uploads\/2020\/09\/UBS-Nachhaltig-Portfolio-UP_Umwelt-Perspektiven-680x454.jpg\" alt=\"Investimenti sostenibili UBS\" width=\"680\" height=\"454\" srcset=\"https:\/\/www.organisator.ch\/wp-content\/uploads\/2020\/09\/UBS-Nachhaltig-Portfolio-UP_Umwelt-Perspektiven-680x454.jpg 680w, https:\/\/www.organisator.ch\/wp-content\/uploads\/2020\/09\/UBS-Nachhaltig-Portfolio-UP_Umwelt-Perspektiven-1024x683.jpg 1024w, https:\/\/www.organisator.ch\/wp-content\/uploads\/2020\/09\/UBS-Nachhaltig-Portfolio-UP_Umwelt-Perspektiven-768x512.jpg 768w, https:\/\/www.organisator.ch\/wp-content\/uploads\/2020\/09\/UBS-Nachhaltig-Portfolio-UP_Umwelt-Perspektiven-1536x1024.jpg 1536w, https:\/\/www.organisator.ch\/wp-content\/uploads\/2020\/09\/UBS-Nachhaltig-Portfolio-UP_Umwelt-Perspektiven-2048x1366.jpg 2048w, https:\/\/www.organisator.ch\/wp-content\/uploads\/2020\/09\/UBS-Nachhaltig-Portfolio-UP_Umwelt-Perspektiven-18x12.jpg 18w, https:\/\/www.organisator.ch\/wp-content\/uploads\/2020\/09\/UBS-Nachhaltig-Portfolio-UP_Umwelt-Perspektiven-262x175.jpg 262w, https:\/\/www.organisator.ch\/wp-content\/uploads\/2020\/09\/UBS-Nachhaltig-Portfolio-UP_Umwelt-Perspektiven-525x350.jpg 525w, https:\/\/www.organisator.ch\/wp-content\/uploads\/2020\/09\/UBS-Nachhaltig-Portfolio-UP_Umwelt-Perspektiven-1199x800.jpg 1199w, https:\/\/www.organisator.ch\/wp-content\/uploads\/2020\/09\/UBS-Nachhaltig-Portfolio-UP_Umwelt-Perspektiven-920x614.jpg 920w, https:\/\/www.organisator.ch\/wp-content\/uploads\/2020\/09\/UBS-Nachhaltig-Portfolio-UP_Umwelt-Perspektiven-1400x934.jpg 1400w, https:\/\/www.organisator.ch\/wp-content\/uploads\/2020\/09\/UBS-Nachhaltig-Portfolio-UP_Umwelt-Perspektiven-300x200.jpg 300w\" sizes=\"auto, (max-width: 680px) 100vw, 680px\" \/><figcaption id=\"caption-attachment-3352\" class=\"wp-caption-text\">UBS vede rendimenti pi\u00f9 elevati nei portafogli sostenibili. (Immagine: Unsplash)<\/figcaption><\/figure><\/p>\n<p>UBS, il principale asset manager e gestore di investimenti sostenibili al mondo, ha annunciato oggi che d'ora in poi offrir\u00e0 investimenti sostenibili come soluzione privilegiata ai clienti che investono a livello globale. UBS gestisce investimenti sostenibili di base per un valore complessivo di 488 miliardi di dollari (fonte: UBS Sustainability Report 2019). Secondo un comunicato stampa del 10 settembre, si tratta della prima istituzione finanziaria leader a livello mondiale a formulare questa raccomandazione.<\/p>\n<p>e clienti che investono a livello globale offre una forte diversificazione, anche se gli investimenti tradizionali rimarranno la soluzione pi\u00f9 appropriata in determinate circostanze. Di conseguenza, i principali indici sostenibili hanno sovraperformato gli equivalenti tradizionali dall'inizio dell'anno.<\/p>\n<\/header>\n<div class=\"news-content\">\n<p><strong>Gli aspetti della sostenibilit\u00e0 non possono pi\u00f9 essere ignorati\u00a0<\/strong><\/p>\n<p>\"Lo spostamento delle preferenze verso prodotti e servizi sostenibili \u00e8 solo all'inizio\", ha dichiarato Iqbal Khan, co-presidente di UBS Global Wealth Management. \"Riteniamo che gli investimenti sostenibili si riveleranno una delle opportunit\u00e0 di investimento pi\u00f9 interessanti e a lungo termine per i clienti privati in questo decennio e per i decenni a venire\".<\/p>\n<p>COVID-19 ha \"messo un punto esclamativo dietro i cambiamenti pi\u00f9 significativi nel settore dei servizi finanziari di questa generazione\", commenta Tom Naratil, Co-Presidente di UBS Global Wealth Management e Presidente UBS Americas. \"La pandemia ha messo in luce la vulnerabilit\u00e0 e l'interconnessione delle nostre societ\u00e0 e industrie per gli investitori e ha dimostrato che le questioni di sostenibilit\u00e0 non possono essere ignorate in futuro\".<\/p>\n<p>UBS vuole aiutare i suoi clienti a \"cogliere nuove opportunit\u00e0 e a gestire in modo pi\u00f9 intelligente i rischi del XXI secolo\", afferma Huw van Steenis, Presidente del Comitato UBS per la Finanza Sostenibile e Senior Advisor del CEO. \"Le pratiche commerciali sostenibili sono ormai diventate la norma e sono una componente fondamentale delle opportunit\u00e0 di crescita strategica sia dei nostri clienti che di UBS.\"<\/p>\n<p><a href=\"\/\/www.ubs.com\">www.ubs.com<\/a><\/p>\n<\/div>","protected":false},"excerpt":{"rendered":"<p>UBS, weltweit f\u00fchrender Verm\u00f6gensverwalter und Verwalter nachhaltiger Anlagen, hat heute bekannt gegeben, fortan nachhaltige Investitionen als bevorzugte L\u00f6sung an global investierende Kunden weiterzugeben. UBS verwaltet nachhaltige Kernanlagen im Gesamtwert von 488 Milliarden USD (Quelle:\u00a02019 UBS Sustainability Report). Es sei, so heisst es in der Medienmitteilung vom 10. September, das erste global f\u00fchrende Finanzinstitut, welches diese [&hellip;]<\/p>\n","protected":false},"author":5,"featured_media":3352,"comment_status":"closed","ping_status":"closed","sticky":false,"template":"","format":"standard","meta":{"_acf_changed":false,"_yoast_wpseo_focuskw":"Nachhaltige Investitionen UBS","_yoast_wpseo_metadesc":"UBS sieht h\u00f6here Renditen bei nachhaltigen Portfolios und f\u00f6rdert nachhaltige Investitionen als bevorzugte L\u00f6sung.","articlekey":"","footnotes":""},"categories":[580],"tags":[1300,1755,1785,1936,2345],"class_list":["post-10209","post","type-post","status-publish","format-standard","has-post-thumbnail","hentry","category-sustainability","tag-global-investments","tag-nachhaltig-investieren","tag-nachhaltiges-wirtschaften","tag-portfolio","tag-ubs"],"acf":[],"yoast_head":"<!-- This site is optimized with the Yoast SEO plugin v27.4 - https:\/\/yoast.com\/product\/yoast-seo-wordpress\/ -->\n<title>UBS empfiehlt k\u00fcnftig nachhaltige Anlagen - Organisator<\/title>\n<meta name=\"description\" content=\"UBS sieht h\u00f6here Renditen bei nachhaltigen Portfolios und f\u00f6rdert nachhaltige Investitionen als bevorzugte L\u00f6sung.\" \/>\n<meta name=\"robots\" content=\"index, follow, max-snippet:-1, max-image-preview:large, max-video-preview:-1\" \/>\n<link rel=\"canonical\" href=\"https:\/\/www.organisator.ch\/it\/sostenibilita\/2020-09-15\/ubs-empfiehlt-kuenftig-nachhaltige-anlagen\/\" \/>\n<meta property=\"og:locale\" content=\"it_IT\" \/>\n<meta property=\"og:type\" content=\"article\" \/>\n<meta property=\"og:title\" content=\"UBS empfiehlt k\u00fcnftig nachhaltige Anlagen - Organisator\" \/>\n<meta property=\"og:description\" content=\"UBS sieht h\u00f6here Renditen bei nachhaltigen Portfolios und f\u00f6rdert nachhaltige Investitionen als bevorzugte L\u00f6sung.\" \/>\n<meta property=\"og:url\" content=\"https:\/\/www.organisator.ch\/it\/sostenibilita\/2020-09-15\/ubs-empfiehlt-kuenftig-nachhaltige-anlagen\/\" \/>\n<meta property=\"og:site_name\" content=\"Organisator\" \/>\n<meta property=\"article:publisher\" content=\"https:\/\/www.facebook.com\/OrganisatorFachmagazin\" \/>\n<meta property=\"article:published_time\" content=\"2020-09-15T08:23:55+00:00\" \/>\n<meta property=\"article:modified_time\" content=\"2024-11-07T04:13:37+00:00\" \/>\n<meta property=\"og:image\" content=\"https:\/\/www.organisator.ch\/wp-content\/uploads\/2020\/09\/UBS-Nachhaltig-Portfolio-UP_Umwelt-Perspektiven-scaled.jpg\" \/>\n\t<meta property=\"og:image:width\" content=\"2560\" \/>\n\t<meta property=\"og:image:height\" content=\"1707\" \/>\n\t<meta property=\"og:image:type\" content=\"image\/jpeg\" \/>\n<meta name=\"author\" content=\"michael.merz\" \/>\n<meta name=\"twitter:card\" content=\"summary_large_image\" \/>\n<script type=\"application\/ld+json\" class=\"yoast-schema-graph\">{\"@context\":\"https:\\\/\\\/schema.org\",\"@graph\":[{\"@type\":\"Article\",\"@id\":\"https:\\\/\\\/www.organisator.ch\\\/sustainability\\\/2020-09-15\\\/ubs-empfiehlt-kuenftig-nachhaltige-anlagen\\\/#article\",\"isPartOf\":{\"@id\":\"https:\\\/\\\/www.organisator.ch\\\/sustainability\\\/2020-09-15\\\/ubs-empfiehlt-kuenftig-nachhaltige-anlagen\\\/\"},\"author\":{\"name\":\"michael.merz\",\"@id\":\"https:\\\/\\\/www.organisator.ch\\\/#\\\/schema\\\/person\\\/134708ca9321c57b0362cceb7948ffbd\"},\"headline\":\"UBS empfiehlt k\u00fcnftig nachhaltige Anlagen\",\"datePublished\":\"2020-09-15T08:23:55+00:00\",\"dateModified\":\"2024-11-07T04:13:37+00:00\",\"mainEntityOfPage\":{\"@id\":\"https:\\\/\\\/www.organisator.ch\\\/sustainability\\\/2020-09-15\\\/ubs-empfiehlt-kuenftig-nachhaltige-anlagen\\\/\"},\"wordCount\":297,\"publisher\":{\"@id\":\"https:\\\/\\\/www.organisator.ch\\\/#organization\"},\"image\":{\"@id\":\"https:\\\/\\\/www.organisator.ch\\\/sustainability\\\/2020-09-15\\\/ubs-empfiehlt-kuenftig-nachhaltige-anlagen\\\/#primaryimage\"},\"thumbnailUrl\":\"https:\\\/\\\/www.organisator.ch\\\/wp-content\\\/uploads\\\/2020\\\/09\\\/UBS-Nachhaltig-Portfolio-UP_Umwelt-Perspektiven-scaled.jpg\",\"keywords\":[\"global investments\",\"Nachhaltig Investieren\",\"Nachhaltiges Wirtschaften\",\"Portfolio\",\"UBS\"],\"articleSection\":[\"SUSTAINABILITY\"],\"inLanguage\":\"it-IT\"},{\"@type\":\"WebPage\",\"@id\":\"https:\\\/\\\/www.organisator.ch\\\/sustainability\\\/2020-09-15\\\/ubs-empfiehlt-kuenftig-nachhaltige-anlagen\\\/\",\"url\":\"https:\\\/\\\/www.organisator.ch\\\/sustainability\\\/2020-09-15\\\/ubs-empfiehlt-kuenftig-nachhaltige-anlagen\\\/\",\"name\":\"UBS empfiehlt k\u00fcnftig nachhaltige Anlagen - Organisator\",\"isPartOf\":{\"@id\":\"https:\\\/\\\/www.organisator.ch\\\/#website\"},\"primaryImageOfPage\":{\"@id\":\"https:\\\/\\\/www.organisator.ch\\\/sustainability\\\/2020-09-15\\\/ubs-empfiehlt-kuenftig-nachhaltige-anlagen\\\/#primaryimage\"},\"image\":{\"@id\":\"https:\\\/\\\/www.organisator.ch\\\/sustainability\\\/2020-09-15\\\/ubs-empfiehlt-kuenftig-nachhaltige-anlagen\\\/#primaryimage\"},\"thumbnailUrl\":\"https:\\\/\\\/www.organisator.ch\\\/wp-content\\\/uploads\\\/2020\\\/09\\\/UBS-Nachhaltig-Portfolio-UP_Umwelt-Perspektiven-scaled.jpg\",\"datePublished\":\"2020-09-15T08:23:55+00:00\",\"dateModified\":\"2024-11-07T04:13:37+00:00\",\"description\":\"UBS sieht h\u00f6here Renditen bei nachhaltigen Portfolios und f\u00f6rdert nachhaltige Investitionen als bevorzugte L\u00f6sung.\",\"breadcrumb\":{\"@id\":\"https:\\\/\\\/www.organisator.ch\\\/sustainability\\\/2020-09-15\\\/ubs-empfiehlt-kuenftig-nachhaltige-anlagen\\\/#breadcrumb\"},\"inLanguage\":\"it-IT\",\"potentialAction\":[{\"@type\":\"ReadAction\",\"target\":[\"https:\\\/\\\/www.organisator.ch\\\/sustainability\\\/2020-09-15\\\/ubs-empfiehlt-kuenftig-nachhaltige-anlagen\\\/\"]}]},{\"@type\":\"ImageObject\",\"inLanguage\":\"it-IT\",\"@id\":\"https:\\\/\\\/www.organisator.ch\\\/sustainability\\\/2020-09-15\\\/ubs-empfiehlt-kuenftig-nachhaltige-anlagen\\\/#primaryimage\",\"url\":\"https:\\\/\\\/www.organisator.ch\\\/wp-content\\\/uploads\\\/2020\\\/09\\\/UBS-Nachhaltig-Portfolio-UP_Umwelt-Perspektiven-scaled.jpg\",\"contentUrl\":\"https:\\\/\\\/www.organisator.ch\\\/wp-content\\\/uploads\\\/2020\\\/09\\\/UBS-Nachhaltig-Portfolio-UP_Umwelt-Perspektiven-scaled.jpg\",\"width\":2560,\"height\":1707,\"caption\":\"UBS sieht h\u00f6here Renditen bei nachhaltigen Portfolios. (Bild: Unsplash)\"},{\"@type\":\"BreadcrumbList\",\"@id\":\"https:\\\/\\\/www.organisator.ch\\\/sustainability\\\/2020-09-15\\\/ubs-empfiehlt-kuenftig-nachhaltige-anlagen\\\/#breadcrumb\",\"itemListElement\":[{\"@type\":\"ListItem\",\"position\":1,\"name\":\"Home\",\"item\":\"https:\\\/\\\/www.organisator.ch\\\/\"},{\"@type\":\"ListItem\",\"position\":2,\"name\":\"UBS empfiehlt k\u00fcnftig nachhaltige Anlagen\"}]},{\"@type\":\"WebSite\",\"@id\":\"https:\\\/\\\/www.organisator.ch\\\/#website\",\"url\":\"https:\\\/\\\/www.organisator.ch\\\/\",\"name\":\"Organisator\",\"description\":\"Kompetent. Praxisnah. Der ORGANISATOR bereitet in 10 Ausgaben pro Jahr die wesentlichen Themen f\u00fcr F\u00fchrungskr\u00e4fte von KMU auf.\",\"publisher\":{\"@id\":\"https:\\\/\\\/www.organisator.ch\\\/#organization\"},\"potentialAction\":[{\"@type\":\"SearchAction\",\"target\":{\"@type\":\"EntryPoint\",\"urlTemplate\":\"https:\\\/\\\/www.organisator.ch\\\/?s={search_term_string}\"},\"query-input\":{\"@type\":\"PropertyValueSpecification\",\"valueRequired\":true,\"valueName\":\"search_term_string\"}}],\"inLanguage\":\"it-IT\"},{\"@type\":\"Organization\",\"@id\":\"https:\\\/\\\/www.organisator.ch\\\/#organization\",\"name\":\"Organisator\",\"url\":\"https:\\\/\\\/www.organisator.ch\\\/\",\"logo\":{\"@type\":\"ImageObject\",\"inLanguage\":\"it-IT\",\"@id\":\"https:\\\/\\\/www.organisator.ch\\\/#\\\/schema\\\/logo\\\/image\\\/\",\"url\":\"https:\\\/\\\/www.organisator.ch\\\/wp-content\\\/uploads\\\/2022\\\/01\\\/Logo_Organisator_Website.png\",\"contentUrl\":\"https:\\\/\\\/www.organisator.ch\\\/wp-content\\\/uploads\\\/2022\\\/01\\\/Logo_Organisator_Website.png\",\"width\":800,\"height\":77,\"caption\":\"Organisator\"},\"image\":{\"@id\":\"https:\\\/\\\/www.organisator.ch\\\/#\\\/schema\\\/logo\\\/image\\\/\"},\"sameAs\":[\"https:\\\/\\\/www.facebook.com\\\/OrganisatorFachmagazin\",\"https:\\\/\\\/www.linkedin.com\\\/showcase\\\/organisator-das-magazin-fr-kmu\",\"https:\\\/\\\/www.xing.com\\\/news\\\/pages\\\/organisator-ch-695\",\"https:\\\/\\\/www.youtube.com\\\/channel\\\/UCGP2Sq0iWaZwT3BdIAQFYpw\"]},{\"@type\":\"Person\",\"@id\":\"https:\\\/\\\/www.organisator.ch\\\/#\\\/schema\\\/person\\\/134708ca9321c57b0362cceb7948ffbd\",\"name\":\"michael.merz\",\"image\":{\"@type\":\"ImageObject\",\"inLanguage\":\"it-IT\",\"@id\":\"https:\\\/\\\/secure.gravatar.com\\\/avatar\\\/?s=96&d=mm&r=g\",\"url\":\"https:\\\/\\\/secure.gravatar.com\\\/avatar\\\/?s=96&d=mm&r=g\",\"contentUrl\":\"https:\\\/\\\/secure.gravatar.com\\\/avatar\\\/?s=96&d=mm&r=g\",\"caption\":\"michael.merz\"},\"url\":\"https:\\\/\\\/www.organisator.ch\\\/it\\\/author\\\/michael-merz\\\/\"}]}<\/script>\n<!-- \/ Yoast SEO plugin. -->","yoast_head_json":{"title":"UBS raccomanda investimenti sostenibili per il futuro - Organizzatore","description":"UBS vede rendimenti pi\u00f9 elevati nei portafogli sostenibili e promuove gli investimenti sostenibili come soluzione preferenziale.","robots":{"index":"index","follow":"follow","max-snippet":"max-snippet:-1","max-image-preview":"max-image-preview:large","max-video-preview":"max-video-preview:-1"},"canonical":"https:\/\/www.organisator.ch\/it\/sostenibilita\/2020-09-15\/ubs-empfiehlt-kuenftig-nachhaltige-anlagen\/","og_locale":"it_IT","og_type":"article","og_title":"UBS empfiehlt k\u00fcnftig nachhaltige Anlagen - Organisator","og_description":"UBS sieht h\u00f6here Renditen bei nachhaltigen Portfolios und f\u00f6rdert nachhaltige Investitionen als bevorzugte L\u00f6sung.","og_url":"https:\/\/www.organisator.ch\/it\/sostenibilita\/2020-09-15\/ubs-empfiehlt-kuenftig-nachhaltige-anlagen\/","og_site_name":"Organisator","article_publisher":"https:\/\/www.facebook.com\/OrganisatorFachmagazin","article_published_time":"2020-09-15T08:23:55+00:00","article_modified_time":"2024-11-07T04:13:37+00:00","og_image":[{"width":2560,"height":1707,"url":"https:\/\/www.organisator.ch\/wp-content\/uploads\/2020\/09\/UBS-Nachhaltig-Portfolio-UP_Umwelt-Perspektiven-scaled.jpg","type":"image\/jpeg"}],"author":"michael.merz","twitter_card":"summary_large_image","schema":{"@context":"https:\/\/schema.org","@graph":[{"@type":"Article","@id":"https:\/\/www.organisator.ch\/sustainability\/2020-09-15\/ubs-empfiehlt-kuenftig-nachhaltige-anlagen\/#article","isPartOf":{"@id":"https:\/\/www.organisator.ch\/sustainability\/2020-09-15\/ubs-empfiehlt-kuenftig-nachhaltige-anlagen\/"},"author":{"name":"michael.merz","@id":"https:\/\/www.organisator.ch\/#\/schema\/person\/134708ca9321c57b0362cceb7948ffbd"},"headline":"UBS empfiehlt k\u00fcnftig nachhaltige Anlagen","datePublished":"2020-09-15T08:23:55+00:00","dateModified":"2024-11-07T04:13:37+00:00","mainEntityOfPage":{"@id":"https:\/\/www.organisator.ch\/sustainability\/2020-09-15\/ubs-empfiehlt-kuenftig-nachhaltige-anlagen\/"},"wordCount":297,"publisher":{"@id":"https:\/\/www.organisator.ch\/#organization"},"image":{"@id":"https:\/\/www.organisator.ch\/sustainability\/2020-09-15\/ubs-empfiehlt-kuenftig-nachhaltige-anlagen\/#primaryimage"},"thumbnailUrl":"https:\/\/www.organisator.ch\/wp-content\/uploads\/2020\/09\/UBS-Nachhaltig-Portfolio-UP_Umwelt-Perspektiven-scaled.jpg","keywords":["global investments","Nachhaltig Investieren","Nachhaltiges Wirtschaften","Portfolio","UBS"],"articleSection":["SUSTAINABILITY"],"inLanguage":"it-IT"},{"@type":"WebPage","@id":"https:\/\/www.organisator.ch\/sustainability\/2020-09-15\/ubs-empfiehlt-kuenftig-nachhaltige-anlagen\/","url":"https:\/\/www.organisator.ch\/sustainability\/2020-09-15\/ubs-empfiehlt-kuenftig-nachhaltige-anlagen\/","name":"UBS raccomanda investimenti sostenibili per il futuro - Organizzatore","isPartOf":{"@id":"https:\/\/www.organisator.ch\/#website"},"primaryImageOfPage":{"@id":"https:\/\/www.organisator.ch\/sustainability\/2020-09-15\/ubs-empfiehlt-kuenftig-nachhaltige-anlagen\/#primaryimage"},"image":{"@id":"https:\/\/www.organisator.ch\/sustainability\/2020-09-15\/ubs-empfiehlt-kuenftig-nachhaltige-anlagen\/#primaryimage"},"thumbnailUrl":"https:\/\/www.organisator.ch\/wp-content\/uploads\/2020\/09\/UBS-Nachhaltig-Portfolio-UP_Umwelt-Perspektiven-scaled.jpg","datePublished":"2020-09-15T08:23:55+00:00","dateModified":"2024-11-07T04:13:37+00:00","description":"UBS vede rendimenti pi\u00f9 elevati nei portafogli sostenibili e promuove gli investimenti sostenibili come soluzione preferenziale.","breadcrumb":{"@id":"https:\/\/www.organisator.ch\/sustainability\/2020-09-15\/ubs-empfiehlt-kuenftig-nachhaltige-anlagen\/#breadcrumb"},"inLanguage":"it-IT","potentialAction":[{"@type":"ReadAction","target":["https:\/\/www.organisator.ch\/sustainability\/2020-09-15\/ubs-empfiehlt-kuenftig-nachhaltige-anlagen\/"]}]},{"@type":"ImageObject","inLanguage":"it-IT","@id":"https:\/\/www.organisator.ch\/sustainability\/2020-09-15\/ubs-empfiehlt-kuenftig-nachhaltige-anlagen\/#primaryimage","url":"https:\/\/www.organisator.ch\/wp-content\/uploads\/2020\/09\/UBS-Nachhaltig-Portfolio-UP_Umwelt-Perspektiven-scaled.jpg","contentUrl":"https:\/\/www.organisator.ch\/wp-content\/uploads\/2020\/09\/UBS-Nachhaltig-Portfolio-UP_Umwelt-Perspektiven-scaled.jpg","width":2560,"height":1707,"caption":"UBS sieht h\u00f6here Renditen bei nachhaltigen Portfolios. (Bild: Unsplash)"},{"@type":"BreadcrumbList","@id":"https:\/\/www.organisator.ch\/sustainability\/2020-09-15\/ubs-empfiehlt-kuenftig-nachhaltige-anlagen\/#breadcrumb","itemListElement":[{"@type":"ListItem","position":1,"name":"Home","item":"https:\/\/www.organisator.ch\/"},{"@type":"ListItem","position":2,"name":"UBS empfiehlt k\u00fcnftig nachhaltige Anlagen"}]},{"@type":"WebSite","@id":"https:\/\/www.organisator.ch\/#website","url":"https:\/\/www.organisator.ch\/","name":"Organizzatore","description":"Competente. Pratico. In 10 numeri all'anno, ORGANISATOR presenta i temi essenziali per i manager delle PMI.","publisher":{"@id":"https:\/\/www.organisator.ch\/#organization"},"potentialAction":[{"@type":"SearchAction","target":{"@type":"EntryPoint","urlTemplate":"https:\/\/www.organisator.ch\/?s={search_term_string}"},"query-input":{"@type":"PropertyValueSpecification","valueRequired":true,"valueName":"search_term_string"}}],"inLanguage":"it-IT"},{"@type":"Organization","@id":"https:\/\/www.organisator.ch\/#organization","name":"Organizzatore","url":"https:\/\/www.organisator.ch\/","logo":{"@type":"ImageObject","inLanguage":"it-IT","@id":"https:\/\/www.organisator.ch\/#\/schema\/logo\/image\/","url":"https:\/\/www.organisator.ch\/wp-content\/uploads\/2022\/01\/Logo_Organisator_Website.png","contentUrl":"https:\/\/www.organisator.ch\/wp-content\/uploads\/2022\/01\/Logo_Organisator_Website.png","width":800,"height":77,"caption":"Organisator"},"image":{"@id":"https:\/\/www.organisator.ch\/#\/schema\/logo\/image\/"},"sameAs":["https:\/\/www.facebook.com\/OrganisatorFachmagazin","https:\/\/www.linkedin.com\/showcase\/organisator-das-magazin-fr-kmu","https:\/\/www.xing.com\/news\/pages\/organisator-ch-695","https:\/\/www.youtube.com\/channel\/UCGP2Sq0iWaZwT3BdIAQFYpw"]},{"@type":"Person","@id":"https:\/\/www.organisator.ch\/#\/schema\/person\/134708ca9321c57b0362cceb7948ffbd","name":"michael.merz","image":{"@type":"ImageObject","inLanguage":"it-IT","@id":"https:\/\/secure.gravatar.com\/avatar\/?s=96&d=mm&r=g","url":"https:\/\/secure.gravatar.com\/avatar\/?s=96&d=mm&r=g","contentUrl":"https:\/\/secure.gravatar.com\/avatar\/?s=96&d=mm&r=g","caption":"michael.merz"},"url":"https:\/\/www.organisator.ch\/it\/author\/michael-merz\/"}]}},"_links":{"self":[{"href":"https:\/\/www.organisator.ch\/it\/wp-json\/wp\/v2\/posts\/10209","targetHints":{"allow":["GET"]}}],"collection":[{"href":"https:\/\/www.organisator.ch\/it\/wp-json\/wp\/v2\/posts"}],"about":[{"href":"https:\/\/www.organisator.ch\/it\/wp-json\/wp\/v2\/types\/post"}],"author":[{"embeddable":true,"href":"https:\/\/www.organisator.ch\/it\/wp-json\/wp\/v2\/users\/5"}],"replies":[{"embeddable":true,"href":"https:\/\/www.organisator.ch\/it\/wp-json\/wp\/v2\/comments?post=10209"}],"version-history":[{"count":3,"href":"https:\/\/www.organisator.ch\/it\/wp-json\/wp\/v2\/posts\/10209\/revisions"}],"predecessor-version":[{"id":31602,"href":"https:\/\/www.organisator.ch\/it\/wp-json\/wp\/v2\/posts\/10209\/revisions\/31602"}],"wp:featuredmedia":[{"embeddable":true,"href":"https:\/\/www.organisator.ch\/it\/wp-json\/wp\/v2\/media\/3352"}],"wp:attachment":[{"href":"https:\/\/www.organisator.ch\/it\/wp-json\/wp\/v2\/media?parent=10209"}],"wp:term":[{"taxonomy":"category","embeddable":true,"href":"https:\/\/www.organisator.ch\/it\/wp-json\/wp\/v2\/categories?post=10209"},{"taxonomy":"post_tag","embeddable":true,"href":"https:\/\/www.organisator.ch\/it\/wp-json\/wp\/v2\/tags?post=10209"}],"curies":[{"name":"wp","href":"https:\/\/api.w.org\/{rel}","templated":true}]}}