{"id":10210,"date":"2020-09-15T10:50:00","date_gmt":"2020-09-15T08:50:00","guid":{"rendered":"https:\/\/www.umweltperspektiven.ch\/?p=3354"},"modified":"2022-02-09T11:06:13","modified_gmt":"2022-02-09T10:06:13","slug":"schweizer-gebaeudeprogramm-spart-54-mia-kwh-und-12-mio-t-co2-ein","status":"publish","type":"post","link":"https:\/\/www.organisator.ch\/it\/sustainability\/2020-09-15\/schweizer-gebaeudeprogramm-spart-54-mia-kwh-und-12-mio-t-co2-ein\/","title":{"rendered":"Il programma edilizio svizzero risparmia 5,4 miliardi di kWh e 1,2 milioni di tonnellate di CO2"},"content":{"rendered":"<p>&nbsp;<\/p>\n<figure id=\"attachment_3355\" aria-describedby=\"caption-attachment-3355\" style=\"width: 680px\" class=\"wp-caption alignnone\"><img loading=\"lazy\" decoding=\"async\" class=\"size-medium wp-image-3355\" src=\"\/\/www.umweltperspektiven.ch\/wp-content\/uploads\/2020\/09\/Geb\u00e4udeprogramm_Schweiz_UP_Umwelt-Perspektiven.jpg\" alt=\"\" width=\"680\" height=\"510\" \/><figcaption id=\"caption-attachment-3355\" class=\"wp-caption-text\">Il Programma Edifici non solo motiva le persone a risparmiare energia. (Fonte: \"obs\/Das Geb\u00e4udeprogramm von Bund und Kantonen\")<\/figcaption><\/figure>\n<p>Il Programma Edifici ha nuovamente generato un effetto positivo sull'occupazione di 2100 equivalenti a tempo pieno e circa 82 milioni di franchi di valore aggiunto interno aggiuntivo nel 2019.<\/p>\n<p><span class=\"b\">La maggior parte dei contributi \u00e8 andata a progetti di isolamento termico (133 milioni di franchi). La crescita maggiore nell'anno in esame \u00e8 stata quella delle ristrutturazioni di impianti (+70 a 60 milioni di franchi). Nel corso della loro durata, le misure attuate nel 2019 grazie alle sovvenzioni ridurranno il consumo energetico del parco immobiliare svizzero di 5,4 miliardi di chilowattora e le emissioni di CO2 di circa 1,2 milioni di tonnellate.<\/span><\/p>\n<p><strong><span class=\"b\">Rinnovo dell'involucro dell'edificio e dei sistemi pi\u00f9 richiesti<\/span><\/strong><\/p>\n<p>Nell'anno in esame sono stati versati complessivamente circa 265 milioni di franchi di sovvenzioni (2018: 211 milioni di franchi). I progetti di isolamento termico hanno rappresentato la quota maggiore con 133 milioni di CHF. Le ristrutturazioni dei sistemi seguono al secondo posto con 60 milioni di franchi, dove il rinnovamento completo dell'involucro dell'edificio \u00e8 spesso accompagnato da un cambiamento del sistema di riscaldamento. I progetti di servizi per gli edifici, tra cui la sostituzione del sistema di riscaldamento, i sistemi solari e di ventilazione, sono stati sovvenzionati per 35 milioni di franchi svizzeri. 4.100 impianti fossili sono stati sostituiti da sistemi di riscaldamento con energia rinnovabile, pi\u00f9 frequentemente da una pompa di calore. Nell'anno in esame sono state promosse misure indirette nei settori dell'informazione\/comunicazione, della formazione e della garanzia della qualit\u00e0 con 10 milioni di franchi.<\/p>\n<p><strong><span class=\"b\">Riduzione del consumo energetico e delle emissioni di CO2<\/span><\/strong><\/p>\n<p>Le misure promosse nell'anno di riferimento fanno risparmiare 5,4 miliardi di kWh e 1,2 milioni di tonnellate di CO2 nel corso della loro vita. Con 205 Fr.\/t CO2, l'impatto ottenuto \u00e8 diminuito rispetto all'anno precedente (159 Fr\/t CO2). Questo \u00e8 in parte dovuto al fatto che dal 2019 sono stati concessi tassi di sovvenzione pi\u00f9 elevati per aumentare il tasso di rinnovamento attualmente basso. Un tasso di rinnovamento pi\u00f9 elevato \u00e8 necessario alla Svizzera per raggiungere i suoi obiettivi energetici e climatici nel settore dell'edilizia. Tuttavia, i tassi di sovvenzione pi\u00f9 alti riducono l'effetto per franco di sovvenzione nel corso della durata di una misura. Un'altra ragione \u00e8 l'aumento delle ristrutturazioni del sistema. A causa dei maggiori costi d'investimento, l'effetto dei rinnovamenti del sistema per franco di finanziamento \u00e8 inferiore a quello delle misure individuali. E infine, sono stati distribuiti pi\u00f9 sussidi per le misure indirette. Nessun effetto diretto pu\u00f2 essere calcolato per questi.<\/p>\n<p><em>I dettagli sui risultati e gli impatti del Programma Edifici nonch\u00e9 le distribuzioni nei singoli cantoni si trovano nel nuovo rapporto annuale 2019 all'indirizzo:\u00a0<a class=\"uri-ext outbound event-trigger\" href=\"\/\/www.dasgebaeudeprogramm.ch\/de\/publikationen-und-fotos\/berichte-und-statistiken\/\" target=\"_blank\" rel=\"noopener\" data-category=\"story-outlink\" data-label=\"100855497\" data-action=\"click\" data-callback=\"link\">www.dasgebaeudeprogramm.ch\/jahresbericht<\/a><\/em><\/p>\n<p>&nbsp;<\/p>\n<p><em><span class=\"b\">Il programma di costruzione<\/span><\/em><\/p>\n<p><em>Gli edifici sono responsabili di circa il 40% del consumo energetico della Svizzera e di un terzo delle emissioni di CO2. Pi\u00f9 di un milione di case non sono isolate o lo sono a malapena e quindi hanno urgente bisogno di un rinnovamento energetico. Inoltre, due terzi degli edifici svizzeri sono ancora riscaldati da combustibili fossili o elettricit\u00e0. Con il Programma Edifici, in vigore dal 2010, la Confederazione e i cantoni vogliono ridurre significativamente il consumo energetico e le emissioni di CO2 del patrimonio edilizio svizzero. Il Programma Edifici \u00e8 quindi un pilastro importante della politica energetica e climatica svizzera.<\/em><\/p>\n<p><em>Il Programma Edifici \u00e8 finanziato da fondi parzialmente stanziati dalla tassa sul CO2 e da sussidi cantonali. Sostiene misure per ridurre il consumo energetico o le emissioni di CO2 delle propriet\u00e0. Il finanziamento \u00e8 previsto, ad esempio, per l'isolamento termico dell'involucro dell'edificio, la sostituzione di sistemi di riscaldamento fossili o elettrici con sistemi di riscaldamento che utilizzano energie rinnovabili o il collegamento a una rete di riscaldamento, ristrutturazioni energeticamente efficienti complete o ristrutturazioni in fasi pi\u00f9 ampie, e nuovi edifici secondo lo standard Minergie-P.<\/em><\/p>\n<p><em>I cantoni determinano individualmente quali misure sostengono e a quali condizioni. La base \u00e8 il modello di finanziamento armonizzato dei cantoni (HFM 2015).<\/em><\/p>","protected":false},"excerpt":{"rendered":"<p>&nbsp; Das Geb\u00e4udeprogramm erzielte 2019 wiederum einen positiven Besch\u00e4ftigungseffekt von 2100 Vollzeit\u00e4quivalenten und etwa 82 Mio. Fr. zus\u00e4tzlicher inl\u00e4ndischer Wertsch\u00f6pfung. Am meisten Beitr\u00e4ge gingen an W\u00e4rmed\u00e4mmprojekte (133 Mio Fr). Das gr\u00f6sste Wachstum verzeichneten im Berichtsjahr Systemsanierungen (+70 auf 60 Mio. Fr.). \u00dcber ihre Lebensdauer reduzieren die im Jahr 2019 dank F\u00f6rdergeldern umgesetzten Massnahmen den Energieverbrauch [&hellip;]<\/p>\n","protected":false},"author":5,"featured_media":3355,"comment_status":"closed","ping_status":"closed","sticky":false,"template":"","format":"standard","meta":{"_acf_changed":false,"_yoast_wpseo_focuskw":"Geb\u00e4udeprogramm","_yoast_wpseo_metadesc":"","articlekey":"","footnotes":""},"categories":[580],"tags":[584,1212,1247,1252,596,424],"class_list":["post-10210","post","type-post","status-publish","format-standard","has-post-thumbnail","hentry","category-sustainability","tag-energie","tag-foerderprogramm","tag-gebaeude","tag-gebaeudeprogramm","tag-klima","tag-schweiz"],"acf":[],"yoast_head":"<!-- This site is optimized with the Yoast SEO plugin v27.4 - https:\/\/yoast.com\/product\/yoast-seo-wordpress\/ -->\n<title>Schweizer Geb\u00e4udeprogramm spart 5,4 Mia. kWh und 1,2 Mio. t CO2 ein - Organisator<\/title>\n<meta name=\"robots\" content=\"index, follow, max-snippet:-1, max-image-preview:large, max-video-preview:-1\" \/>\n<link rel=\"canonical\" href=\"https:\/\/www.organisator.ch\/it\/sostenibilita\/2020-09-15\/schweizer-gebaeudeprogramm-spart-54-mia-kwh-und-12-mio-t-co2-ein\/\" \/>\n<meta property=\"og:locale\" content=\"it_IT\" \/>\n<meta property=\"og:type\" content=\"article\" \/>\n<meta property=\"og:title\" content=\"Schweizer Geb\u00e4udeprogramm spart 5,4 Mia. kWh und 1,2 Mio. t CO2 ein - Organisator\" \/>\n<meta property=\"og:description\" content=\"&nbsp; Das Geb\u00e4udeprogramm erzielte 2019 wiederum einen positiven Besch\u00e4ftigungseffekt von 2100 Vollzeit\u00e4quivalenten und etwa 82 Mio. Fr. zus\u00e4tzlicher inl\u00e4ndischer Wertsch\u00f6pfung. Am meisten Beitr\u00e4ge gingen an W\u00e4rmed\u00e4mmprojekte (133 Mio Fr). Das gr\u00f6sste Wachstum verzeichneten im Berichtsjahr Systemsanierungen (+70 auf 60 Mio. Fr.). \u00dcber ihre Lebensdauer reduzieren die im Jahr 2019 dank F\u00f6rdergeldern umgesetzten Massnahmen den Energieverbrauch [&hellip;]\" \/>\n<meta property=\"og:url\" content=\"https:\/\/www.organisator.ch\/it\/sostenibilita\/2020-09-15\/schweizer-gebaeudeprogramm-spart-54-mia-kwh-und-12-mio-t-co2-ein\/\" \/>\n<meta property=\"og:site_name\" content=\"Organisator\" \/>\n<meta property=\"article:publisher\" content=\"https:\/\/www.facebook.com\/OrganisatorFachmagazin\" \/>\n<meta property=\"article:published_time\" content=\"2020-09-15T08:50:00+00:00\" \/>\n<meta property=\"article:modified_time\" content=\"2022-02-09T10:06:13+00:00\" \/>\n<meta property=\"og:image\" content=\"https:\/\/www.organisator.ch\/wp-content\/uploads\/2020\/09\/Gebaeudeprogramm_Schweiz_UP_Umwelt-Perspektiven-1024x768.jpg\" \/>\n\t<meta property=\"og:image:width\" content=\"1024\" \/>\n\t<meta property=\"og:image:height\" content=\"768\" \/>\n\t<meta property=\"og:image:type\" content=\"image\/jpeg\" \/>\n<meta name=\"author\" content=\"michael.merz\" \/>\n<meta name=\"twitter:card\" content=\"summary_large_image\" \/>\n<script type=\"application\/ld+json\" class=\"yoast-schema-graph\">{\"@context\":\"https:\\\/\\\/schema.org\",\"@graph\":[{\"@type\":\"Article\",\"@id\":\"https:\\\/\\\/www.organisator.ch\\\/sustainability\\\/2020-09-15\\\/schweizer-gebaeudeprogramm-spart-54-mia-kwh-und-12-mio-t-co2-ein\\\/#article\",\"isPartOf\":{\"@id\":\"https:\\\/\\\/www.organisator.ch\\\/sustainability\\\/2020-09-15\\\/schweizer-gebaeudeprogramm-spart-54-mia-kwh-und-12-mio-t-co2-ein\\\/\"},\"author\":{\"name\":\"michael.merz\",\"@id\":\"https:\\\/\\\/www.organisator.ch\\\/#\\\/schema\\\/person\\\/134708ca9321c57b0362cceb7948ffbd\"},\"headline\":\"Schweizer Geb\u00e4udeprogramm spart 5,4 Mia. kWh und 1,2 Mio. t CO2 ein\",\"datePublished\":\"2020-09-15T08:50:00+00:00\",\"dateModified\":\"2022-02-09T10:06:13+00:00\",\"mainEntityOfPage\":{\"@id\":\"https:\\\/\\\/www.organisator.ch\\\/sustainability\\\/2020-09-15\\\/schweizer-gebaeudeprogramm-spart-54-mia-kwh-und-12-mio-t-co2-ein\\\/\"},\"wordCount\":580,\"publisher\":{\"@id\":\"https:\\\/\\\/www.organisator.ch\\\/#organization\"},\"image\":{\"@id\":\"https:\\\/\\\/www.organisator.ch\\\/sustainability\\\/2020-09-15\\\/schweizer-gebaeudeprogramm-spart-54-mia-kwh-und-12-mio-t-co2-ein\\\/#primaryimage\"},\"thumbnailUrl\":\"https:\\\/\\\/www.organisator.ch\\\/wp-content\\\/uploads\\\/2020\\\/09\\\/Gebaeudeprogramm_Schweiz_UP_Umwelt-Perspektiven.jpg\",\"keywords\":[\"ENERGIE\",\"F\u00f6rderprogramm\",\"Geb\u00e4ude\",\"Geb\u00e4udeprogramm\",\"KLIMA\",\"Schweiz\"],\"articleSection\":[\"SUSTAINABILITY\"],\"inLanguage\":\"it-IT\"},{\"@type\":\"WebPage\",\"@id\":\"https:\\\/\\\/www.organisator.ch\\\/sustainability\\\/2020-09-15\\\/schweizer-gebaeudeprogramm-spart-54-mia-kwh-und-12-mio-t-co2-ein\\\/\",\"url\":\"https:\\\/\\\/www.organisator.ch\\\/sustainability\\\/2020-09-15\\\/schweizer-gebaeudeprogramm-spart-54-mia-kwh-und-12-mio-t-co2-ein\\\/\",\"name\":\"Schweizer Geb\u00e4udeprogramm spart 5,4 Mia. kWh und 1,2 Mio. t CO2 ein - Organisator\",\"isPartOf\":{\"@id\":\"https:\\\/\\\/www.organisator.ch\\\/#website\"},\"primaryImageOfPage\":{\"@id\":\"https:\\\/\\\/www.organisator.ch\\\/sustainability\\\/2020-09-15\\\/schweizer-gebaeudeprogramm-spart-54-mia-kwh-und-12-mio-t-co2-ein\\\/#primaryimage\"},\"image\":{\"@id\":\"https:\\\/\\\/www.organisator.ch\\\/sustainability\\\/2020-09-15\\\/schweizer-gebaeudeprogramm-spart-54-mia-kwh-und-12-mio-t-co2-ein\\\/#primaryimage\"},\"thumbnailUrl\":\"https:\\\/\\\/www.organisator.ch\\\/wp-content\\\/uploads\\\/2020\\\/09\\\/Gebaeudeprogramm_Schweiz_UP_Umwelt-Perspektiven.jpg\",\"datePublished\":\"2020-09-15T08:50:00+00:00\",\"dateModified\":\"2022-02-09T10:06:13+00:00\",\"breadcrumb\":{\"@id\":\"https:\\\/\\\/www.organisator.ch\\\/sustainability\\\/2020-09-15\\\/schweizer-gebaeudeprogramm-spart-54-mia-kwh-und-12-mio-t-co2-ein\\\/#breadcrumb\"},\"inLanguage\":\"it-IT\",\"potentialAction\":[{\"@type\":\"ReadAction\",\"target\":[\"https:\\\/\\\/www.organisator.ch\\\/sustainability\\\/2020-09-15\\\/schweizer-gebaeudeprogramm-spart-54-mia-kwh-und-12-mio-t-co2-ein\\\/\"]}]},{\"@type\":\"ImageObject\",\"inLanguage\":\"it-IT\",\"@id\":\"https:\\\/\\\/www.organisator.ch\\\/sustainability\\\/2020-09-15\\\/schweizer-gebaeudeprogramm-spart-54-mia-kwh-und-12-mio-t-co2-ein\\\/#primaryimage\",\"url\":\"https:\\\/\\\/www.organisator.ch\\\/wp-content\\\/uploads\\\/2020\\\/09\\\/Gebaeudeprogramm_Schweiz_UP_Umwelt-Perspektiven.jpg\",\"contentUrl\":\"https:\\\/\\\/www.organisator.ch\\\/wp-content\\\/uploads\\\/2020\\\/09\\\/Gebaeudeprogramm_Schweiz_UP_Umwelt-Perspektiven.jpg\",\"width\":2400,\"height\":1800,\"caption\":\"Das Geb\u00e4udeprogramm \\\/ Weiterer Text \u00fcber ots und www.presseportal.ch\\\/de\\\/nr\\\/100068906 \\\/ Die Verwendung dieses Bildes ist f\u00fcr redaktionelle Zwecke honorarfrei. Ver\u00f6ffentlichung bitte unter Quellenangabe: \\\"obs\\\/Das Geb\u00e4udeprogramm von Bund und Kantonen\\\"\"},{\"@type\":\"BreadcrumbList\",\"@id\":\"https:\\\/\\\/www.organisator.ch\\\/sustainability\\\/2020-09-15\\\/schweizer-gebaeudeprogramm-spart-54-mia-kwh-und-12-mio-t-co2-ein\\\/#breadcrumb\",\"itemListElement\":[{\"@type\":\"ListItem\",\"position\":1,\"name\":\"Home\",\"item\":\"https:\\\/\\\/www.organisator.ch\\\/\"},{\"@type\":\"ListItem\",\"position\":2,\"name\":\"Schweizer Geb\u00e4udeprogramm spart 5,4 Mia. kWh und 1,2 Mio. t CO2 ein\"}]},{\"@type\":\"WebSite\",\"@id\":\"https:\\\/\\\/www.organisator.ch\\\/#website\",\"url\":\"https:\\\/\\\/www.organisator.ch\\\/\",\"name\":\"Organisator\",\"description\":\"Kompetent. Praxisnah. Der ORGANISATOR bereitet in 10 Ausgaben pro Jahr die wesentlichen Themen f\u00fcr F\u00fchrungskr\u00e4fte von KMU auf.\",\"publisher\":{\"@id\":\"https:\\\/\\\/www.organisator.ch\\\/#organization\"},\"potentialAction\":[{\"@type\":\"SearchAction\",\"target\":{\"@type\":\"EntryPoint\",\"urlTemplate\":\"https:\\\/\\\/www.organisator.ch\\\/?s={search_term_string}\"},\"query-input\":{\"@type\":\"PropertyValueSpecification\",\"valueRequired\":true,\"valueName\":\"search_term_string\"}}],\"inLanguage\":\"it-IT\"},{\"@type\":\"Organization\",\"@id\":\"https:\\\/\\\/www.organisator.ch\\\/#organization\",\"name\":\"Organisator\",\"url\":\"https:\\\/\\\/www.organisator.ch\\\/\",\"logo\":{\"@type\":\"ImageObject\",\"inLanguage\":\"it-IT\",\"@id\":\"https:\\\/\\\/www.organisator.ch\\\/#\\\/schema\\\/logo\\\/image\\\/\",\"url\":\"https:\\\/\\\/www.organisator.ch\\\/wp-content\\\/uploads\\\/2022\\\/01\\\/Logo_Organisator_Website.png\",\"contentUrl\":\"https:\\\/\\\/www.organisator.ch\\\/wp-content\\\/uploads\\\/2022\\\/01\\\/Logo_Organisator_Website.png\",\"width\":800,\"height\":77,\"caption\":\"Organisator\"},\"image\":{\"@id\":\"https:\\\/\\\/www.organisator.ch\\\/#\\\/schema\\\/logo\\\/image\\\/\"},\"sameAs\":[\"https:\\\/\\\/www.facebook.com\\\/OrganisatorFachmagazin\",\"https:\\\/\\\/www.linkedin.com\\\/showcase\\\/organisator-das-magazin-fr-kmu\",\"https:\\\/\\\/www.xing.com\\\/news\\\/pages\\\/organisator-ch-695\",\"https:\\\/\\\/www.youtube.com\\\/channel\\\/UCGP2Sq0iWaZwT3BdIAQFYpw\"]},{\"@type\":\"Person\",\"@id\":\"https:\\\/\\\/www.organisator.ch\\\/#\\\/schema\\\/person\\\/134708ca9321c57b0362cceb7948ffbd\",\"name\":\"michael.merz\",\"image\":{\"@type\":\"ImageObject\",\"inLanguage\":\"it-IT\",\"@id\":\"https:\\\/\\\/secure.gravatar.com\\\/avatar\\\/?s=96&d=mm&r=g\",\"url\":\"https:\\\/\\\/secure.gravatar.com\\\/avatar\\\/?s=96&d=mm&r=g\",\"contentUrl\":\"https:\\\/\\\/secure.gravatar.com\\\/avatar\\\/?s=96&d=mm&r=g\",\"caption\":\"michael.merz\"},\"url\":\"https:\\\/\\\/www.organisator.ch\\\/it\\\/author\\\/michael-merz\\\/\"}]}<\/script>\n<!-- \/ Yoast SEO plugin. -->","yoast_head_json":{"title":"Il programma edilizio svizzero risparmia 5,4 miliardi di kWh e 1,2 milioni di tonnellate di CO2 - Organizzatore","robots":{"index":"index","follow":"follow","max-snippet":"max-snippet:-1","max-image-preview":"max-image-preview:large","max-video-preview":"max-video-preview:-1"},"canonical":"https:\/\/www.organisator.ch\/it\/sostenibilita\/2020-09-15\/schweizer-gebaeudeprogramm-spart-54-mia-kwh-und-12-mio-t-co2-ein\/","og_locale":"it_IT","og_type":"article","og_title":"Schweizer Geb\u00e4udeprogramm spart 5,4 Mia. kWh und 1,2 Mio. t CO2 ein - Organisator","og_description":"&nbsp; Das Geb\u00e4udeprogramm erzielte 2019 wiederum einen positiven Besch\u00e4ftigungseffekt von 2100 Vollzeit\u00e4quivalenten und etwa 82 Mio. Fr. zus\u00e4tzlicher inl\u00e4ndischer Wertsch\u00f6pfung. Am meisten Beitr\u00e4ge gingen an W\u00e4rmed\u00e4mmprojekte (133 Mio Fr). Das gr\u00f6sste Wachstum verzeichneten im Berichtsjahr Systemsanierungen (+70 auf 60 Mio. Fr.). \u00dcber ihre Lebensdauer reduzieren die im Jahr 2019 dank F\u00f6rdergeldern umgesetzten Massnahmen den Energieverbrauch [&hellip;]","og_url":"https:\/\/www.organisator.ch\/it\/sostenibilita\/2020-09-15\/schweizer-gebaeudeprogramm-spart-54-mia-kwh-und-12-mio-t-co2-ein\/","og_site_name":"Organisator","article_publisher":"https:\/\/www.facebook.com\/OrganisatorFachmagazin","article_published_time":"2020-09-15T08:50:00+00:00","article_modified_time":"2022-02-09T10:06:13+00:00","og_image":[{"width":1024,"height":768,"url":"https:\/\/www.organisator.ch\/wp-content\/uploads\/2020\/09\/Gebaeudeprogramm_Schweiz_UP_Umwelt-Perspektiven-1024x768.jpg","type":"image\/jpeg"}],"author":"michael.merz","twitter_card":"summary_large_image","schema":{"@context":"https:\/\/schema.org","@graph":[{"@type":"Article","@id":"https:\/\/www.organisator.ch\/sustainability\/2020-09-15\/schweizer-gebaeudeprogramm-spart-54-mia-kwh-und-12-mio-t-co2-ein\/#article","isPartOf":{"@id":"https:\/\/www.organisator.ch\/sustainability\/2020-09-15\/schweizer-gebaeudeprogramm-spart-54-mia-kwh-und-12-mio-t-co2-ein\/"},"author":{"name":"michael.merz","@id":"https:\/\/www.organisator.ch\/#\/schema\/person\/134708ca9321c57b0362cceb7948ffbd"},"headline":"Schweizer Geb\u00e4udeprogramm spart 5,4 Mia. kWh und 1,2 Mio. t CO2 ein","datePublished":"2020-09-15T08:50:00+00:00","dateModified":"2022-02-09T10:06:13+00:00","mainEntityOfPage":{"@id":"https:\/\/www.organisator.ch\/sustainability\/2020-09-15\/schweizer-gebaeudeprogramm-spart-54-mia-kwh-und-12-mio-t-co2-ein\/"},"wordCount":580,"publisher":{"@id":"https:\/\/www.organisator.ch\/#organization"},"image":{"@id":"https:\/\/www.organisator.ch\/sustainability\/2020-09-15\/schweizer-gebaeudeprogramm-spart-54-mia-kwh-und-12-mio-t-co2-ein\/#primaryimage"},"thumbnailUrl":"https:\/\/www.organisator.ch\/wp-content\/uploads\/2020\/09\/Gebaeudeprogramm_Schweiz_UP_Umwelt-Perspektiven.jpg","keywords":["ENERGIE","F\u00f6rderprogramm","Geb\u00e4ude","Geb\u00e4udeprogramm","KLIMA","Schweiz"],"articleSection":["SUSTAINABILITY"],"inLanguage":"it-IT"},{"@type":"WebPage","@id":"https:\/\/www.organisator.ch\/sustainability\/2020-09-15\/schweizer-gebaeudeprogramm-spart-54-mia-kwh-und-12-mio-t-co2-ein\/","url":"https:\/\/www.organisator.ch\/sustainability\/2020-09-15\/schweizer-gebaeudeprogramm-spart-54-mia-kwh-und-12-mio-t-co2-ein\/","name":"Il programma edilizio svizzero risparmia 5,4 miliardi di kWh e 1,2 milioni di tonnellate di CO2 - Organizzatore","isPartOf":{"@id":"https:\/\/www.organisator.ch\/#website"},"primaryImageOfPage":{"@id":"https:\/\/www.organisator.ch\/sustainability\/2020-09-15\/schweizer-gebaeudeprogramm-spart-54-mia-kwh-und-12-mio-t-co2-ein\/#primaryimage"},"image":{"@id":"https:\/\/www.organisator.ch\/sustainability\/2020-09-15\/schweizer-gebaeudeprogramm-spart-54-mia-kwh-und-12-mio-t-co2-ein\/#primaryimage"},"thumbnailUrl":"https:\/\/www.organisator.ch\/wp-content\/uploads\/2020\/09\/Gebaeudeprogramm_Schweiz_UP_Umwelt-Perspektiven.jpg","datePublished":"2020-09-15T08:50:00+00:00","dateModified":"2022-02-09T10:06:13+00:00","breadcrumb":{"@id":"https:\/\/www.organisator.ch\/sustainability\/2020-09-15\/schweizer-gebaeudeprogramm-spart-54-mia-kwh-und-12-mio-t-co2-ein\/#breadcrumb"},"inLanguage":"it-IT","potentialAction":[{"@type":"ReadAction","target":["https:\/\/www.organisator.ch\/sustainability\/2020-09-15\/schweizer-gebaeudeprogramm-spart-54-mia-kwh-und-12-mio-t-co2-ein\/"]}]},{"@type":"ImageObject","inLanguage":"it-IT","@id":"https:\/\/www.organisator.ch\/sustainability\/2020-09-15\/schweizer-gebaeudeprogramm-spart-54-mia-kwh-und-12-mio-t-co2-ein\/#primaryimage","url":"https:\/\/www.organisator.ch\/wp-content\/uploads\/2020\/09\/Gebaeudeprogramm_Schweiz_UP_Umwelt-Perspektiven.jpg","contentUrl":"https:\/\/www.organisator.ch\/wp-content\/uploads\/2020\/09\/Gebaeudeprogramm_Schweiz_UP_Umwelt-Perspektiven.jpg","width":2400,"height":1800,"caption":"Das Geb\u00e4udeprogramm \/ Weiterer Text \u00fcber ots und www.presseportal.ch\/de\/nr\/100068906 \/ Die Verwendung dieses Bildes ist f\u00fcr redaktionelle Zwecke honorarfrei. Ver\u00f6ffentlichung bitte unter Quellenangabe: \"obs\/Das Geb\u00e4udeprogramm von Bund und Kantonen\""},{"@type":"BreadcrumbList","@id":"https:\/\/www.organisator.ch\/sustainability\/2020-09-15\/schweizer-gebaeudeprogramm-spart-54-mia-kwh-und-12-mio-t-co2-ein\/#breadcrumb","itemListElement":[{"@type":"ListItem","position":1,"name":"Home","item":"https:\/\/www.organisator.ch\/"},{"@type":"ListItem","position":2,"name":"Schweizer Geb\u00e4udeprogramm spart 5,4 Mia. kWh und 1,2 Mio. t CO2 ein"}]},{"@type":"WebSite","@id":"https:\/\/www.organisator.ch\/#website","url":"https:\/\/www.organisator.ch\/","name":"Organizzatore","description":"Competente. Pratico. In 10 numeri all'anno, ORGANISATOR presenta i temi essenziali per i manager delle PMI.","publisher":{"@id":"https:\/\/www.organisator.ch\/#organization"},"potentialAction":[{"@type":"SearchAction","target":{"@type":"EntryPoint","urlTemplate":"https:\/\/www.organisator.ch\/?s={search_term_string}"},"query-input":{"@type":"PropertyValueSpecification","valueRequired":true,"valueName":"search_term_string"}}],"inLanguage":"it-IT"},{"@type":"Organization","@id":"https:\/\/www.organisator.ch\/#organization","name":"Organizzatore","url":"https:\/\/www.organisator.ch\/","logo":{"@type":"ImageObject","inLanguage":"it-IT","@id":"https:\/\/www.organisator.ch\/#\/schema\/logo\/image\/","url":"https:\/\/www.organisator.ch\/wp-content\/uploads\/2022\/01\/Logo_Organisator_Website.png","contentUrl":"https:\/\/www.organisator.ch\/wp-content\/uploads\/2022\/01\/Logo_Organisator_Website.png","width":800,"height":77,"caption":"Organisator"},"image":{"@id":"https:\/\/www.organisator.ch\/#\/schema\/logo\/image\/"},"sameAs":["https:\/\/www.facebook.com\/OrganisatorFachmagazin","https:\/\/www.linkedin.com\/showcase\/organisator-das-magazin-fr-kmu","https:\/\/www.xing.com\/news\/pages\/organisator-ch-695","https:\/\/www.youtube.com\/channel\/UCGP2Sq0iWaZwT3BdIAQFYpw"]},{"@type":"Person","@id":"https:\/\/www.organisator.ch\/#\/schema\/person\/134708ca9321c57b0362cceb7948ffbd","name":"michael.merz","image":{"@type":"ImageObject","inLanguage":"it-IT","@id":"https:\/\/secure.gravatar.com\/avatar\/?s=96&d=mm&r=g","url":"https:\/\/secure.gravatar.com\/avatar\/?s=96&d=mm&r=g","contentUrl":"https:\/\/secure.gravatar.com\/avatar\/?s=96&d=mm&r=g","caption":"michael.merz"},"url":"https:\/\/www.organisator.ch\/it\/author\/michael-merz\/"}]}},"_links":{"self":[{"href":"https:\/\/www.organisator.ch\/it\/wp-json\/wp\/v2\/posts\/10210","targetHints":{"allow":["GET"]}}],"collection":[{"href":"https:\/\/www.organisator.ch\/it\/wp-json\/wp\/v2\/posts"}],"about":[{"href":"https:\/\/www.organisator.ch\/it\/wp-json\/wp\/v2\/types\/post"}],"author":[{"embeddable":true,"href":"https:\/\/www.organisator.ch\/it\/wp-json\/wp\/v2\/users\/5"}],"replies":[{"embeddable":true,"href":"https:\/\/www.organisator.ch\/it\/wp-json\/wp\/v2\/comments?post=10210"}],"version-history":[{"count":1,"href":"https:\/\/www.organisator.ch\/it\/wp-json\/wp\/v2\/posts\/10210\/revisions"}],"predecessor-version":[{"id":10517,"href":"https:\/\/www.organisator.ch\/it\/wp-json\/wp\/v2\/posts\/10210\/revisions\/10517"}],"wp:featuredmedia":[{"embeddable":true,"href":"https:\/\/www.organisator.ch\/it\/wp-json\/wp\/v2\/media\/3355"}],"wp:attachment":[{"href":"https:\/\/www.organisator.ch\/it\/wp-json\/wp\/v2\/media?parent=10210"}],"wp:term":[{"taxonomy":"category","embeddable":true,"href":"https:\/\/www.organisator.ch\/it\/wp-json\/wp\/v2\/categories?post=10210"},{"taxonomy":"post_tag","embeddable":true,"href":"https:\/\/www.organisator.ch\/it\/wp-json\/wp\/v2\/tags?post=10210"}],"curies":[{"name":"wp","href":"https:\/\/api.w.org\/{rel}","templated":true}]}}