{"id":10212,"date":"2020-09-24T16:22:36","date_gmt":"2020-09-24T14:22:36","guid":{"rendered":"https:\/\/www.umweltperspektiven.ch\/?p=3374"},"modified":"2022-02-09T11:05:32","modified_gmt":"2022-02-09T10:05:32","slug":"rueckschau-zur-wastevision-2020-zum-thema-urban-mining-ressourcen-aus-abfall","status":"publish","type":"post","link":"https:\/\/www.organisator.ch\/it\/sustainability\/2020-09-24\/rueckschau-zur-wastevision-2020-zum-thema-urban-mining-ressourcen-aus-abfall\/","title":{"rendered":"Revisione della WASTEvision 2020 sul tema \"Urban Mining - Resources from Waste"},"content":{"rendered":"<figure id=\"attachment_3375\" aria-describedby=\"caption-attachment-3375\" style=\"width: 680px\" class=\"wp-caption alignnone\"><img loading=\"lazy\" decoding=\"async\" class=\"wp-image-3375 size-medium\" src=\"\/\/www.umweltperspektiven.ch\/wp-content\/uploads\/2020\/09\/Waste-Vision-Abfall-Umwelt-UP_Umwelt-Perspektiven.jpg\" alt=\"\" width=\"680\" height=\"418\" \/><figcaption id=\"caption-attachment-3375\" class=\"wp-caption-text\">Quest'anno, l'Eventhouse Rapperswil \u00e8 stata la sede di WASTEvision 2020. A causa delle misure prese contro COVID-19, il numero di partecipanti era limitato. (Immagine: zVg)<\/figcaption><\/figure>\n<p>Il 18 settembre 2020 la Umtec Technologie AG, in collaborazione con l'Istituto di ingegneria ambientale e di processo UMTEC della OST - Ostschweizer Fachhochschule, ha tenuto per la decima volta la WASTEvision 2020. Dopo una breve introduzione, Reto Vincenz, amministratore delegato di Umtec Technologie AG, ha dato la parola al primo oratore, Rainer Bunge, del dipartimento di materie prime e ingegneria di processo dell'istituto UMTEC. Ha spiegato dove esistono perdite evitabili e dove inevitabili di plastica nell'ambiente, basandosi sui flussi di massa di plastica in Svizzera. \u00c8 diventato chiaro che nel caso di queste perdite, si deve fare una distinzione tra \"fastidioso \/ antiestetico\" e \"tossicologicamente rilevante\".<\/p>\n<p><strong>Cause psicologiche del littering\u00a0<\/strong><\/p>\n<p>Ralph Hansmann, psicologo ambientale dell'ETH di Zurigo, ha poi fatto luce sul problema del littering e ha mostrato quanto siano complesse le cause psicologiche che lo determinano. Come misure contro il littering, le campagne umoristiche e orientate all'ambiente hanno un effetto molto migliore di quelle con contenuto autoritario.<\/p>\n<p>Dopo la pausa caff\u00e8, Dominik Egli, capo del dipartimento di igiene urbana di Basilea, ha fatto una presentazione sulla situazione quotidiana del littering negli hotspot della citt\u00e0 di Basilea. Anche se le quantit\u00e0 di rifiuti abbandonati possono essere molto grandi, il problema \u00e8 comunque gestibile per la Stadtreinigung, e l'indice di pulizia della citt\u00e0 di Basilea \u00e8 buono. C'\u00e8 per\u00f2 un conflitto di obiettivi nel caso dei rifiuti domestici illegali, alcuni dei quali vengono smaltiti in pubblico. Nora Steimer, amministratore delegato di IG Saubere Umwelt, ha spiegato come possono apparire le misure efficaci contro il littering.<\/p>\n<p>\u00c8 particolarmente efficace prendere misure pi\u00f9 volte, usando un mix appropriato di misure diverse. Richard Nyffeler di Entsorgung St. Gallen ha poi riferito sulla vita di un controllore dei rifiuti. Lo spettro delle sue esperienze spazia dai rifiuti domestici smaltiti consapevolmente o inconsapevolmente in modo scorretto allo scarico illegale nella natura. Come esperienze molto speciali, ha potuto riferire su una barca che era stata smaltita in un burrone della foresta e su un frigorifero che era stato appeso su un ponte dell'autostrada...<\/p>\n<p>La pausa pranzo non \u00e8 stata utilizzata solo per rinfrescarsi, ma anche per vivaci discussioni tra i partecipanti e i relatori, naturalmente tenendo conto del concetto di protezione COVID 19. Thomas Bucheli, capo del gruppo di ricerca sull'analisi ambientale di Agroscope, ha poi riferito sui flussi di plastica nell'agricoltura svizzera. Queste sono spesso applicazioni destinate con un beneficio aggiunto, in contrasto con la plastica sporca, che \u00e8 assolutamente indesiderabile.<\/p>\n<p>Le presentazioni sono state concluse da Andreas Utiger, amministratore delegato di Biomasse Suisse. Ha spiegato come la plastica entra nei nostri rifiuti organici e quali misure possono essere prese per aumentare la qualit\u00e0 dei rifiuti verdi. Gli interessanti contributi tecnici dei relatori hanno gettato le basi per una discussione impegnata che ha completato la conferenza. Varie domande dei partecipanti sono state discusse e hanno ricevuto risposta dagli esperti.<\/p>\n<p><em>WASTEvision 2020 \u00e8 stato un successo completo. Pertanto, gli organizzatori sono gi\u00e0 in attesa di WASTEvision 2021 il 24 settembre del prossimo anno.<\/em><\/p>\n<p><a href=\"\/\/www.wastevision.ch\">www.wastevision.ch<\/a><\/p>","protected":false},"excerpt":{"rendered":"<p>Am 18. September 2020 f\u00fchrte die Umtec Technologie AG in Zusammenarbeit mit dem Institut f\u00fcr Umwelt- und Verfahrenstechnik UMTEC der OST \u2013 Ostschweizer Fachhochschule die WASTEvision 2020 zum zehnten Mal durch.\u00a0Nach einer kurzen Einf\u00fchrung \u00fcbergab Reto Vincenz, Gesch\u00e4ftsf\u00fchrer der Umtec Technologie AG, das Wort an den ersten Referenten, Rainer Bunge, von der Fachstelle Rohstoffe und [&hellip;]<\/p>\n","protected":false},"author":5,"featured_media":9729,"comment_status":"closed","ping_status":"closed","sticky":false,"template":"","format":"standard","meta":{"_acf_changed":false,"_yoast_wpseo_focuskw":"WASTEvision","_yoast_wpseo_metadesc":"Am 18. September z\u00e4hlte die WASTEvision 2020 ein rundes Jubil\u00e4um, allerdings drehte an der Fachtagung einmal mehr um den Kern der Sache, um Abfall.","articlekey":"","footnotes":""},"categories":[580],"tags":[654,1430,1635,468,2381,2447,2533],"class_list":["post-10212","post","type-post","status-publish","format-standard","has-post-thumbnail","hentry","category-sustainability","tag-abfall","tag-institut-fuer-umwelt","tag-littering","tag-tagung","tag-umweltspsychologie","tag-verfahrenstechnik","tag-waste"],"acf":[],"yoast_head":"<!-- This site is optimized with the Yoast SEO plugin v27.4 - https:\/\/yoast.com\/product\/yoast-seo-wordpress\/ -->\n<title>R\u00fcckschau zur WASTEvision 2020 zum Thema \u201eUrban Mining \u2013 Ressourcen aus Abfall\u201c - Organisator<\/title>\n<meta name=\"description\" content=\"Am 18. September z\u00e4hlte die WASTEvision 2020 ein rundes Jubil\u00e4um, allerdings drehte an der Fachtagung einmal mehr um den Kern der Sache, um Abfall.\" \/>\n<meta name=\"robots\" content=\"index, follow, max-snippet:-1, max-image-preview:large, max-video-preview:-1\" \/>\n<link rel=\"canonical\" href=\"https:\/\/www.organisator.ch\/it\/sostenibilita\/2020-09-24\/rueckschau-zur-wastevision-2020-zum-thema-urban-mining-ressourcen-aus-abfall\/\" \/>\n<meta property=\"og:locale\" content=\"it_IT\" \/>\n<meta property=\"og:type\" content=\"article\" \/>\n<meta property=\"og:title\" content=\"R\u00fcckschau zur WASTEvision 2020 zum Thema \u201eUrban Mining \u2013 Ressourcen aus Abfall\u201c - Organisator\" \/>\n<meta property=\"og:description\" content=\"Am 18. September z\u00e4hlte die WASTEvision 2020 ein rundes Jubil\u00e4um, allerdings drehte an der Fachtagung einmal mehr um den Kern der Sache, um Abfall.\" \/>\n<meta property=\"og:url\" content=\"https:\/\/www.organisator.ch\/it\/sostenibilita\/2020-09-24\/rueckschau-zur-wastevision-2020-zum-thema-urban-mining-ressourcen-aus-abfall\/\" \/>\n<meta property=\"og:site_name\" content=\"Organisator\" \/>\n<meta property=\"article:publisher\" content=\"https:\/\/www.facebook.com\/OrganisatorFachmagazin\" \/>\n<meta property=\"article:published_time\" content=\"2020-09-24T14:22:36+00:00\" \/>\n<meta property=\"article:modified_time\" content=\"2022-02-09T10:05:32+00:00\" \/>\n<meta property=\"og:image\" content=\"https:\/\/www.organisator.ch\/wp-content\/uploads\/2020\/09\/Waste-Vision-Abfall-Umwelt-UP_Umwelt-Perspektiven.jpg\" \/>\n\t<meta property=\"og:image:width\" content=\"1430\" \/>\n\t<meta property=\"og:image:height\" content=\"878\" \/>\n\t<meta property=\"og:image:type\" content=\"image\/jpeg\" \/>\n<meta name=\"author\" content=\"michael.merz\" \/>\n<meta name=\"twitter:card\" content=\"summary_large_image\" \/>\n<script type=\"application\/ld+json\" class=\"yoast-schema-graph\">{\"@context\":\"https:\\\/\\\/schema.org\",\"@graph\":[{\"@type\":\"Article\",\"@id\":\"https:\\\/\\\/www.organisator.ch\\\/sustainability\\\/2020-09-24\\\/rueckschau-zur-wastevision-2020-zum-thema-urban-mining-ressourcen-aus-abfall\\\/#article\",\"isPartOf\":{\"@id\":\"https:\\\/\\\/www.organisator.ch\\\/sustainability\\\/2020-09-24\\\/rueckschau-zur-wastevision-2020-zum-thema-urban-mining-ressourcen-aus-abfall\\\/\"},\"author\":{\"name\":\"michael.merz\",\"@id\":\"https:\\\/\\\/www.organisator.ch\\\/#\\\/schema\\\/person\\\/134708ca9321c57b0362cceb7948ffbd\"},\"headline\":\"R\u00fcckschau zur WASTEvision 2020 zum Thema \u201eUrban Mining \u2013 Ressourcen aus Abfall\u201c\",\"datePublished\":\"2020-09-24T14:22:36+00:00\",\"dateModified\":\"2022-02-09T10:05:32+00:00\",\"mainEntityOfPage\":{\"@id\":\"https:\\\/\\\/www.organisator.ch\\\/sustainability\\\/2020-09-24\\\/rueckschau-zur-wastevision-2020-zum-thema-urban-mining-ressourcen-aus-abfall\\\/\"},\"wordCount\":530,\"publisher\":{\"@id\":\"https:\\\/\\\/www.organisator.ch\\\/#organization\"},\"image\":{\"@id\":\"https:\\\/\\\/www.organisator.ch\\\/sustainability\\\/2020-09-24\\\/rueckschau-zur-wastevision-2020-zum-thema-urban-mining-ressourcen-aus-abfall\\\/#primaryimage\"},\"thumbnailUrl\":\"https:\\\/\\\/www.organisator.ch\\\/wp-content\\\/uploads\\\/2020\\\/09\\\/Waste-Vision-Abfall-Umwelt-UP_Umwelt-Perspektiven.jpg\",\"keywords\":[\"Abfall\",\"Institut f\u00fcr Umwelt\",\"Littering\",\"Tagung\",\"Umweltspsychologie\",\"Verfahrenstechnik\",\"Waste\"],\"articleSection\":[\"SUSTAINABILITY\"],\"inLanguage\":\"it-IT\"},{\"@type\":\"WebPage\",\"@id\":\"https:\\\/\\\/www.organisator.ch\\\/sustainability\\\/2020-09-24\\\/rueckschau-zur-wastevision-2020-zum-thema-urban-mining-ressourcen-aus-abfall\\\/\",\"url\":\"https:\\\/\\\/www.organisator.ch\\\/sustainability\\\/2020-09-24\\\/rueckschau-zur-wastevision-2020-zum-thema-urban-mining-ressourcen-aus-abfall\\\/\",\"name\":\"R\u00fcckschau zur WASTEvision 2020 zum Thema \u201eUrban Mining \u2013 Ressourcen aus Abfall\u201c - Organisator\",\"isPartOf\":{\"@id\":\"https:\\\/\\\/www.organisator.ch\\\/#website\"},\"primaryImageOfPage\":{\"@id\":\"https:\\\/\\\/www.organisator.ch\\\/sustainability\\\/2020-09-24\\\/rueckschau-zur-wastevision-2020-zum-thema-urban-mining-ressourcen-aus-abfall\\\/#primaryimage\"},\"image\":{\"@id\":\"https:\\\/\\\/www.organisator.ch\\\/sustainability\\\/2020-09-24\\\/rueckschau-zur-wastevision-2020-zum-thema-urban-mining-ressourcen-aus-abfall\\\/#primaryimage\"},\"thumbnailUrl\":\"https:\\\/\\\/www.organisator.ch\\\/wp-content\\\/uploads\\\/2020\\\/09\\\/Waste-Vision-Abfall-Umwelt-UP_Umwelt-Perspektiven.jpg\",\"datePublished\":\"2020-09-24T14:22:36+00:00\",\"dateModified\":\"2022-02-09T10:05:32+00:00\",\"description\":\"Am 18. September z\u00e4hlte die WASTEvision 2020 ein rundes Jubil\u00e4um, allerdings drehte an der Fachtagung einmal mehr um den Kern der Sache, um Abfall.\",\"breadcrumb\":{\"@id\":\"https:\\\/\\\/www.organisator.ch\\\/sustainability\\\/2020-09-24\\\/rueckschau-zur-wastevision-2020-zum-thema-urban-mining-ressourcen-aus-abfall\\\/#breadcrumb\"},\"inLanguage\":\"it-IT\",\"potentialAction\":[{\"@type\":\"ReadAction\",\"target\":[\"https:\\\/\\\/www.organisator.ch\\\/sustainability\\\/2020-09-24\\\/rueckschau-zur-wastevision-2020-zum-thema-urban-mining-ressourcen-aus-abfall\\\/\"]}]},{\"@type\":\"ImageObject\",\"inLanguage\":\"it-IT\",\"@id\":\"https:\\\/\\\/www.organisator.ch\\\/sustainability\\\/2020-09-24\\\/rueckschau-zur-wastevision-2020-zum-thema-urban-mining-ressourcen-aus-abfall\\\/#primaryimage\",\"url\":\"https:\\\/\\\/www.organisator.ch\\\/wp-content\\\/uploads\\\/2020\\\/09\\\/Waste-Vision-Abfall-Umwelt-UP_Umwelt-Perspektiven.jpg\",\"contentUrl\":\"https:\\\/\\\/www.organisator.ch\\\/wp-content\\\/uploads\\\/2020\\\/09\\\/Waste-Vision-Abfall-Umwelt-UP_Umwelt-Perspektiven.jpg\",\"width\":1430,\"height\":878},{\"@type\":\"BreadcrumbList\",\"@id\":\"https:\\\/\\\/www.organisator.ch\\\/sustainability\\\/2020-09-24\\\/rueckschau-zur-wastevision-2020-zum-thema-urban-mining-ressourcen-aus-abfall\\\/#breadcrumb\",\"itemListElement\":[{\"@type\":\"ListItem\",\"position\":1,\"name\":\"Home\",\"item\":\"https:\\\/\\\/www.organisator.ch\\\/\"},{\"@type\":\"ListItem\",\"position\":2,\"name\":\"R\u00fcckschau zur WASTEvision 2020 zum Thema \u201eUrban Mining \u2013 Ressourcen aus Abfall\u201c\"}]},{\"@type\":\"WebSite\",\"@id\":\"https:\\\/\\\/www.organisator.ch\\\/#website\",\"url\":\"https:\\\/\\\/www.organisator.ch\\\/\",\"name\":\"Organisator\",\"description\":\"Kompetent. Praxisnah. Der ORGANISATOR bereitet in 10 Ausgaben pro Jahr die wesentlichen Themen f\u00fcr F\u00fchrungskr\u00e4fte von KMU auf.\",\"publisher\":{\"@id\":\"https:\\\/\\\/www.organisator.ch\\\/#organization\"},\"potentialAction\":[{\"@type\":\"SearchAction\",\"target\":{\"@type\":\"EntryPoint\",\"urlTemplate\":\"https:\\\/\\\/www.organisator.ch\\\/?s={search_term_string}\"},\"query-input\":{\"@type\":\"PropertyValueSpecification\",\"valueRequired\":true,\"valueName\":\"search_term_string\"}}],\"inLanguage\":\"it-IT\"},{\"@type\":\"Organization\",\"@id\":\"https:\\\/\\\/www.organisator.ch\\\/#organization\",\"name\":\"Organisator\",\"url\":\"https:\\\/\\\/www.organisator.ch\\\/\",\"logo\":{\"@type\":\"ImageObject\",\"inLanguage\":\"it-IT\",\"@id\":\"https:\\\/\\\/www.organisator.ch\\\/#\\\/schema\\\/logo\\\/image\\\/\",\"url\":\"https:\\\/\\\/www.organisator.ch\\\/wp-content\\\/uploads\\\/2022\\\/01\\\/Logo_Organisator_Website.png\",\"contentUrl\":\"https:\\\/\\\/www.organisator.ch\\\/wp-content\\\/uploads\\\/2022\\\/01\\\/Logo_Organisator_Website.png\",\"width\":800,\"height\":77,\"caption\":\"Organisator\"},\"image\":{\"@id\":\"https:\\\/\\\/www.organisator.ch\\\/#\\\/schema\\\/logo\\\/image\\\/\"},\"sameAs\":[\"https:\\\/\\\/www.facebook.com\\\/OrganisatorFachmagazin\",\"https:\\\/\\\/www.linkedin.com\\\/showcase\\\/organisator-das-magazin-fr-kmu\",\"https:\\\/\\\/www.xing.com\\\/news\\\/pages\\\/organisator-ch-695\",\"https:\\\/\\\/www.youtube.com\\\/channel\\\/UCGP2Sq0iWaZwT3BdIAQFYpw\"]},{\"@type\":\"Person\",\"@id\":\"https:\\\/\\\/www.organisator.ch\\\/#\\\/schema\\\/person\\\/134708ca9321c57b0362cceb7948ffbd\",\"name\":\"michael.merz\",\"image\":{\"@type\":\"ImageObject\",\"inLanguage\":\"it-IT\",\"@id\":\"https:\\\/\\\/secure.gravatar.com\\\/avatar\\\/?s=96&d=mm&r=g\",\"url\":\"https:\\\/\\\/secure.gravatar.com\\\/avatar\\\/?s=96&d=mm&r=g\",\"contentUrl\":\"https:\\\/\\\/secure.gravatar.com\\\/avatar\\\/?s=96&d=mm&r=g\",\"caption\":\"michael.merz\"},\"url\":\"https:\\\/\\\/www.organisator.ch\\\/it\\\/author\\\/michael-merz\\\/\"}]}<\/script>\n<!-- \/ Yoast SEO plugin. -->","yoast_head_json":{"title":"Revisione di WASTEvision 2020 su \"Urban Mining - Risorse dai rifiuti\" - Organizzatore","description":"Il 18 settembre WASTEvision 2020 ha celebrato un anniversario rotondo, ma il simposio ha ruotato ancora una volta intorno al nocciolo della questione, i rifiuti.","robots":{"index":"index","follow":"follow","max-snippet":"max-snippet:-1","max-image-preview":"max-image-preview:large","max-video-preview":"max-video-preview:-1"},"canonical":"https:\/\/www.organisator.ch\/it\/sostenibilita\/2020-09-24\/rueckschau-zur-wastevision-2020-zum-thema-urban-mining-ressourcen-aus-abfall\/","og_locale":"it_IT","og_type":"article","og_title":"R\u00fcckschau zur WASTEvision 2020 zum Thema \u201eUrban Mining \u2013 Ressourcen aus Abfall\u201c - Organisator","og_description":"Am 18. September z\u00e4hlte die WASTEvision 2020 ein rundes Jubil\u00e4um, allerdings drehte an der Fachtagung einmal mehr um den Kern der Sache, um Abfall.","og_url":"https:\/\/www.organisator.ch\/it\/sostenibilita\/2020-09-24\/rueckschau-zur-wastevision-2020-zum-thema-urban-mining-ressourcen-aus-abfall\/","og_site_name":"Organisator","article_publisher":"https:\/\/www.facebook.com\/OrganisatorFachmagazin","article_published_time":"2020-09-24T14:22:36+00:00","article_modified_time":"2022-02-09T10:05:32+00:00","og_image":[{"width":1430,"height":878,"url":"https:\/\/www.organisator.ch\/wp-content\/uploads\/2020\/09\/Waste-Vision-Abfall-Umwelt-UP_Umwelt-Perspektiven.jpg","type":"image\/jpeg"}],"author":"michael.merz","twitter_card":"summary_large_image","schema":{"@context":"https:\/\/schema.org","@graph":[{"@type":"Article","@id":"https:\/\/www.organisator.ch\/sustainability\/2020-09-24\/rueckschau-zur-wastevision-2020-zum-thema-urban-mining-ressourcen-aus-abfall\/#article","isPartOf":{"@id":"https:\/\/www.organisator.ch\/sustainability\/2020-09-24\/rueckschau-zur-wastevision-2020-zum-thema-urban-mining-ressourcen-aus-abfall\/"},"author":{"name":"michael.merz","@id":"https:\/\/www.organisator.ch\/#\/schema\/person\/134708ca9321c57b0362cceb7948ffbd"},"headline":"R\u00fcckschau zur WASTEvision 2020 zum Thema \u201eUrban Mining \u2013 Ressourcen aus Abfall\u201c","datePublished":"2020-09-24T14:22:36+00:00","dateModified":"2022-02-09T10:05:32+00:00","mainEntityOfPage":{"@id":"https:\/\/www.organisator.ch\/sustainability\/2020-09-24\/rueckschau-zur-wastevision-2020-zum-thema-urban-mining-ressourcen-aus-abfall\/"},"wordCount":530,"publisher":{"@id":"https:\/\/www.organisator.ch\/#organization"},"image":{"@id":"https:\/\/www.organisator.ch\/sustainability\/2020-09-24\/rueckschau-zur-wastevision-2020-zum-thema-urban-mining-ressourcen-aus-abfall\/#primaryimage"},"thumbnailUrl":"https:\/\/www.organisator.ch\/wp-content\/uploads\/2020\/09\/Waste-Vision-Abfall-Umwelt-UP_Umwelt-Perspektiven.jpg","keywords":["Abfall","Institut f\u00fcr Umwelt","Littering","Tagung","Umweltspsychologie","Verfahrenstechnik","Waste"],"articleSection":["SUSTAINABILITY"],"inLanguage":"it-IT"},{"@type":"WebPage","@id":"https:\/\/www.organisator.ch\/sustainability\/2020-09-24\/rueckschau-zur-wastevision-2020-zum-thema-urban-mining-ressourcen-aus-abfall\/","url":"https:\/\/www.organisator.ch\/sustainability\/2020-09-24\/rueckschau-zur-wastevision-2020-zum-thema-urban-mining-ressourcen-aus-abfall\/","name":"Revisione di WASTEvision 2020 su \"Urban Mining - Risorse dai rifiuti\" - Organizzatore","isPartOf":{"@id":"https:\/\/www.organisator.ch\/#website"},"primaryImageOfPage":{"@id":"https:\/\/www.organisator.ch\/sustainability\/2020-09-24\/rueckschau-zur-wastevision-2020-zum-thema-urban-mining-ressourcen-aus-abfall\/#primaryimage"},"image":{"@id":"https:\/\/www.organisator.ch\/sustainability\/2020-09-24\/rueckschau-zur-wastevision-2020-zum-thema-urban-mining-ressourcen-aus-abfall\/#primaryimage"},"thumbnailUrl":"https:\/\/www.organisator.ch\/wp-content\/uploads\/2020\/09\/Waste-Vision-Abfall-Umwelt-UP_Umwelt-Perspektiven.jpg","datePublished":"2020-09-24T14:22:36+00:00","dateModified":"2022-02-09T10:05:32+00:00","description":"Il 18 settembre WASTEvision 2020 ha celebrato un anniversario rotondo, ma il simposio ha ruotato ancora una volta intorno al nocciolo della questione, i rifiuti.","breadcrumb":{"@id":"https:\/\/www.organisator.ch\/sustainability\/2020-09-24\/rueckschau-zur-wastevision-2020-zum-thema-urban-mining-ressourcen-aus-abfall\/#breadcrumb"},"inLanguage":"it-IT","potentialAction":[{"@type":"ReadAction","target":["https:\/\/www.organisator.ch\/sustainability\/2020-09-24\/rueckschau-zur-wastevision-2020-zum-thema-urban-mining-ressourcen-aus-abfall\/"]}]},{"@type":"ImageObject","inLanguage":"it-IT","@id":"https:\/\/www.organisator.ch\/sustainability\/2020-09-24\/rueckschau-zur-wastevision-2020-zum-thema-urban-mining-ressourcen-aus-abfall\/#primaryimage","url":"https:\/\/www.organisator.ch\/wp-content\/uploads\/2020\/09\/Waste-Vision-Abfall-Umwelt-UP_Umwelt-Perspektiven.jpg","contentUrl":"https:\/\/www.organisator.ch\/wp-content\/uploads\/2020\/09\/Waste-Vision-Abfall-Umwelt-UP_Umwelt-Perspektiven.jpg","width":1430,"height":878},{"@type":"BreadcrumbList","@id":"https:\/\/www.organisator.ch\/sustainability\/2020-09-24\/rueckschau-zur-wastevision-2020-zum-thema-urban-mining-ressourcen-aus-abfall\/#breadcrumb","itemListElement":[{"@type":"ListItem","position":1,"name":"Home","item":"https:\/\/www.organisator.ch\/"},{"@type":"ListItem","position":2,"name":"R\u00fcckschau zur WASTEvision 2020 zum Thema \u201eUrban Mining \u2013 Ressourcen aus Abfall\u201c"}]},{"@type":"WebSite","@id":"https:\/\/www.organisator.ch\/#website","url":"https:\/\/www.organisator.ch\/","name":"Organizzatore","description":"Competente. Pratico. In 10 numeri all'anno, ORGANISATOR presenta i temi essenziali per i manager delle PMI.","publisher":{"@id":"https:\/\/www.organisator.ch\/#organization"},"potentialAction":[{"@type":"SearchAction","target":{"@type":"EntryPoint","urlTemplate":"https:\/\/www.organisator.ch\/?s={search_term_string}"},"query-input":{"@type":"PropertyValueSpecification","valueRequired":true,"valueName":"search_term_string"}}],"inLanguage":"it-IT"},{"@type":"Organization","@id":"https:\/\/www.organisator.ch\/#organization","name":"Organizzatore","url":"https:\/\/www.organisator.ch\/","logo":{"@type":"ImageObject","inLanguage":"it-IT","@id":"https:\/\/www.organisator.ch\/#\/schema\/logo\/image\/","url":"https:\/\/www.organisator.ch\/wp-content\/uploads\/2022\/01\/Logo_Organisator_Website.png","contentUrl":"https:\/\/www.organisator.ch\/wp-content\/uploads\/2022\/01\/Logo_Organisator_Website.png","width":800,"height":77,"caption":"Organisator"},"image":{"@id":"https:\/\/www.organisator.ch\/#\/schema\/logo\/image\/"},"sameAs":["https:\/\/www.facebook.com\/OrganisatorFachmagazin","https:\/\/www.linkedin.com\/showcase\/organisator-das-magazin-fr-kmu","https:\/\/www.xing.com\/news\/pages\/organisator-ch-695","https:\/\/www.youtube.com\/channel\/UCGP2Sq0iWaZwT3BdIAQFYpw"]},{"@type":"Person","@id":"https:\/\/www.organisator.ch\/#\/schema\/person\/134708ca9321c57b0362cceb7948ffbd","name":"michael.merz","image":{"@type":"ImageObject","inLanguage":"it-IT","@id":"https:\/\/secure.gravatar.com\/avatar\/?s=96&d=mm&r=g","url":"https:\/\/secure.gravatar.com\/avatar\/?s=96&d=mm&r=g","contentUrl":"https:\/\/secure.gravatar.com\/avatar\/?s=96&d=mm&r=g","caption":"michael.merz"},"url":"https:\/\/www.organisator.ch\/it\/author\/michael-merz\/"}]}},"_links":{"self":[{"href":"https:\/\/www.organisator.ch\/it\/wp-json\/wp\/v2\/posts\/10212","targetHints":{"allow":["GET"]}}],"collection":[{"href":"https:\/\/www.organisator.ch\/it\/wp-json\/wp\/v2\/posts"}],"about":[{"href":"https:\/\/www.organisator.ch\/it\/wp-json\/wp\/v2\/types\/post"}],"author":[{"embeddable":true,"href":"https:\/\/www.organisator.ch\/it\/wp-json\/wp\/v2\/users\/5"}],"replies":[{"embeddable":true,"href":"https:\/\/www.organisator.ch\/it\/wp-json\/wp\/v2\/comments?post=10212"}],"version-history":[{"count":1,"href":"https:\/\/www.organisator.ch\/it\/wp-json\/wp\/v2\/posts\/10212\/revisions"}],"predecessor-version":[{"id":10385,"href":"https:\/\/www.organisator.ch\/it\/wp-json\/wp\/v2\/posts\/10212\/revisions\/10385"}],"wp:featuredmedia":[{"embeddable":true,"href":"https:\/\/www.organisator.ch\/it\/wp-json\/wp\/v2\/media\/9729"}],"wp:attachment":[{"href":"https:\/\/www.organisator.ch\/it\/wp-json\/wp\/v2\/media?parent=10212"}],"wp:term":[{"taxonomy":"category","embeddable":true,"href":"https:\/\/www.organisator.ch\/it\/wp-json\/wp\/v2\/categories?post=10212"},{"taxonomy":"post_tag","embeddable":true,"href":"https:\/\/www.organisator.ch\/it\/wp-json\/wp\/v2\/tags?post=10212"}],"curies":[{"name":"wp","href":"https:\/\/api.w.org\/{rel}","templated":true}]}}