{"id":10214,"date":"2020-10-07T12:17:19","date_gmt":"2020-10-07T10:17:19","guid":{"rendered":"https:\/\/www.umweltperspektiven.ch\/?p=3402"},"modified":"2022-02-09T11:09:55","modified_gmt":"2022-02-09T10:09:55","slug":"open-days-und-climate-show-die-schweiz-pulsiert-fuer-das-klima","status":"publish","type":"post","link":"https:\/\/www.organisator.ch\/it\/sustainability\/2020-10-07\/open-days-und-climate-show-die-schweiz-pulsiert-fuer-das-klima\/","title":{"rendered":"Open Days e Climate Show: la Svizzera pulsa per il clima"},"content":{"rendered":"<p>&nbsp;<\/p>\n<p><strong><img loading=\"lazy\" decoding=\"async\" class=\"alignnone size-medium wp-image-3403\" src=\"\/\/www.umweltperspektiven.ch\/wp-content\/uploads\/2020\/10\/Climate-Show_UP_Umwelt-Perspektiven.jpg\" alt=\"\" width=\"680\" height=\"471\" srcset=\"https:\/\/www.organisator.ch\/wp-content\/uploads\/2020\/10\/Climate-Show_UP_Umwelt-Perspektiven.jpg 2217w, https:\/\/www.organisator.ch\/wp-content\/uploads\/2020\/10\/Climate-Show_UP_Umwelt-Perspektiven-680x471.jpg 680w, https:\/\/www.organisator.ch\/wp-content\/uploads\/2020\/10\/Climate-Show_UP_Umwelt-Perspektiven-1024x710.jpg 1024w, https:\/\/www.organisator.ch\/wp-content\/uploads\/2020\/10\/Climate-Show_UP_Umwelt-Perspektiven-768x532.jpg 768w, https:\/\/www.organisator.ch\/wp-content\/uploads\/2020\/10\/Climate-Show_UP_Umwelt-Perspektiven-1536x1065.jpg 1536w, https:\/\/www.organisator.ch\/wp-content\/uploads\/2020\/10\/Climate-Show_UP_Umwelt-Perspektiven-2048x1420.jpg 2048w, https:\/\/www.organisator.ch\/wp-content\/uploads\/2020\/10\/Climate-Show_UP_Umwelt-Perspektiven-18x12.jpg 18w, https:\/\/www.organisator.ch\/wp-content\/uploads\/2020\/10\/Climate-Show_UP_Umwelt-Perspektiven-252x175.jpg 252w, https:\/\/www.organisator.ch\/wp-content\/uploads\/2020\/10\/Climate-Show_UP_Umwelt-Perspektiven-505x350.jpg 505w, https:\/\/www.organisator.ch\/wp-content\/uploads\/2020\/10\/Climate-Show_UP_Umwelt-Perspektiven-1154x800.jpg 1154w, https:\/\/www.organisator.ch\/wp-content\/uploads\/2020\/10\/Climate-Show_UP_Umwelt-Perspektiven-920x638.jpg 920w, https:\/\/www.organisator.ch\/wp-content\/uploads\/2020\/10\/Climate-Show_UP_Umwelt-Perspektiven-1400x971.jpg 1400w, https:\/\/www.organisator.ch\/wp-content\/uploads\/2020\/10\/Climate-Show_UP_Umwelt-Perspektiven-2019x1400.jpg 2019w, https:\/\/www.organisator.ch\/wp-content\/uploads\/2020\/10\/Climate-Show_UP_Umwelt-Perspektiven-300x208.jpg 300w\" sizes=\"auto, (max-width: 680px) 100vw, 680px\" \/><\/strong><\/p>\n<p>Con il <a href=\"\/\/climateshowmarket.com\/\">Giornate aperte per soluzioni e innovazioni sostenibili per la protezione del clima<\/a> (Giornate aperte) offre la <a href=\"\/\/www.climateshow.ch\/\">Mostra del clima<\/a> un'alternativa unica alle fiere annullate quest'anno a causa della pandemia. All'insegna del motto \"La Svizzera pulsa per il clima\", il 30 e 31 ottobre 2020 si terranno per la prima volta gli Open Day svizzeri per le soluzioni e le innovazioni sostenibili per la protezione del clima. L'obiettivo degli Open Days \u00e8 quello di sostenere le aziende svizzere attive nel campo della sostenibilit\u00e0 e di offrire al pubblico in generale, ai professionisti e ai media l'opportunit\u00e0 di scoprire progetti innovativi nella loro regione. Sono gi\u00e0 100 le aziende che partecipano all'evento, organizzato, tra gli altri, dall'associazione <a href=\"\/\/www.klimastiftung.ch\/de\/\">Fondazione per il clima Svizzera<\/a>, il <a href=\"\/\/www.vevey.ch\/\">Citt\u00e0 di Vevey<\/a> e <a href=\"\/\/www.cleantech-alps.com\/de\/\">CleantechAlps<\/a> \u00e8 supportato.<\/p>\n<p>Con questa offerta di eventi alternativi, il Salone del Clima segue il suo concetto globale di sostenibilit\u00e0, che mira a consentire alle aziende svizzere di portare pi\u00f9 rapidamente sul mercato le loro soluzioni sostenibili.<\/p>\n<p><strong>Altri eventi previsti per novembre e marzo\u00a0\u00a0<\/strong><\/p>\n<p>Dopo gli Open Days, il 4 e l'11 novembre 2020 si svolger\u00e0 il concorso \"Catwalk\" per le innovazioni sostenibili 2020. In collaborazione con il <a href=\"\/\/www.bafu.admin.ch\/bafu\/de\/home.html\">Ufficio federale dell'ambiente<\/a> e CleantechAlps (CTAlps), il Salone del Clima organizza la seconda edizione della passerella, che si concentra sulle aziende innovative impegnate nella protezione del clima. Il concorso si svolger\u00e0 a Losanna in due turni, il 4 e l'11 novembre. I sei partner del Climate Show sono invitati a selezionare tre aziende che, a loro avviso, offrono soluzioni sostenibili con un impatto reale sull'ecologia e sul riscaldamento globale.<\/p>\n<p>La giuria della passerella \u00e8 composta da almeno tre imprenditori di livello mondiale, investitori<br \/>\no giornalisti, che giudicano i partecipanti sulla base delle loro proposte e delle loro risposte alla successiva sessione di domande e risposte.<\/p>\n<p>Le squadre sono distribuite come segue:<\/p>\n<p>- Squadra 1: Ufficio federale dell'ambiente (UFAM)<\/p>\n<p>- Squadra 2: Fondazione svizzera per il clima (FSC)<\/p>\n<p>- Squadra 3: CleantechAlps (CTAlps)<\/p>\n<p>- Squadra 4: Loomish<\/p>\n<p>- Squadra 5: Giovent\u00f9 svizzera per il clima (SYFC)<\/p>\n<p>- Squadra 6: Mostra sul clima<\/p>\n<p>Al termine della seconda fase, l'azienda vincitrice sar\u00e0 premiata con il \"Sylvester Cat Award\". Tutte le informazioni sul concorso, i criteri e i dettagli della procedura su <a href=\"\/\/www.climateshowmarket.com\/catwalk\/\">www.climateshowmarket.com\/catwalk\/<\/a><\/p>\n<p>Le esposizioni del Climate Show, rinviate a causa della pandemia, si terranno dal 10 al 14 marzo 2021 al Palexpo di Ginevra e dall'1 al 3 dicembre 2021 a Montreux.<\/p>\n<p><strong>Immergetevi nel mondo delle aziende sostenibili <\/strong><\/p>\n<p>PMI, start-up, liberi professionisti e imprenditori attivi nel campo della sostenibilit\u00e0, in collaborazione con varie associazioni, organizzazioni e fondazioni, apriranno le porte ai visitatori il 30 e 31 ottobre 2020 per presentare le loro soluzioni e innovazioni sostenibili in workshop e\/o presentazioni. \"Per noi gli Open Day rappresentano un'opportunit\u00e0 ideale per conoscere le soluzioni sostenibili e stabilire uno scambio con investitori, partner e altre parti interessate. Qui al Technopark di Zurigo, i visitatori possono sperimentare dal vivo la nostra \"illuminazione del futuro\"\", spiega Sina Ungewitter della <a href=\"\/\/ledcity.ch\/\">LEDCity AG<\/a>cosa attende gli interessati.<\/p>\n<p>100 aziende si sono gi\u00e0 registrate; il loro spettro spazia dalle energie rinnovabili e dalla mobilit\u00e0 rispettosa del clima all'agricoltura sostenibile e copre pi\u00f9 di 158 categorie e sottocategorie direttamente collegate alla sostenibilit\u00e0 e al clima. Sibylle Duttwiler di <a href=\"\/\/fahrbiogas.ch\/\">fahrBiogas<\/a> a Flurlingen: \"Durante gli Open Days, potrete sperimentare come guidare un'auto con i rifiuti. Le aziende mostrano i loro modelli di veicoli e raccontano le esperienze positive nella vita di tutti i giorni\".<\/p>\n<p><strong>\u00a0<\/strong><strong>Sostegno proattivo alle PMI<\/strong><\/p>\n<p>Open Days 2020 \u00e8 fondamentale per le piccole e medie imprese che offrono soluzioni rispettose del clima e\/o sostenibili. La pandemia COVID 19 ha lasciato molti di loro in difficolt\u00e0 economiche e commerciali. Con gli Open Days, il Climate Show e i suoi partner rispondono alla richiesta mirata di alcune di queste aziende e forniscono loro una piattaforma di presentazione alternativa e gratuita. Questo offre al pubblico e ai professionisti di tutta la Svizzera l'opportunit\u00e0 di scoprire soluzioni sostenibili e innovative.<\/p>\n<p>\"L'obiettivo degli Open Days \u00e8 stimolare collettivamente le attivit\u00e0 sostenibili e promuovere le attivit\u00e0 commerciali di aziende e imprenditori, in particolare quelli colpiti dalla crisi del Covid 19\", spiega Nadia Plata, fondatrice e direttrice del Climate Show.<\/p>\n<p>Anche il settore alberghiero e della ristorazione, gravemente colpito dalla pandemia, beneficer\u00e0 dello slancio di questa iniziativa. L'organizzazione simultanea dell'evento nella Svizzera francese, tedesca e italiana \u00e8 accompagnata da un programma di benvenuto per i visitatori degli altri cantoni. Questo include visite a progetti sostenibili, tra cui alloggi e catering ecologici.<\/p>\n<p>Per gli Open Days, il Salone del Clima pu\u00f2 contare su partner preziosi come CleantechAlps, <a href=\"\/\/www.unil.ch\/researcher\/en\/home\/menuguid\/entrepreneuriat.html\">Unil Hub Imprenditorialit\u00e0 e innovazione<\/a>la Fondazione svizzera per il clima, <a href=\"\/\/www.syfc.ch\/\">Giovani svizzeri per il clima<\/a> e la citt\u00e0 di Vevey.<\/p>\n<p>&nbsp;<\/p>\n<p><em>La partecipazione agli Open Days \u00e8 gratuita per le aziende e i visitatori. \u00c8 richiesta solo la registrazione a <a href=\"\/\/www.climateshowmarket.com\">www.climateshowmarket.com<\/a> .<\/em><\/p>\n<p><strong>\u00a0<\/strong><\/p>\n<p>&nbsp;<\/p>","protected":false},"excerpt":{"rendered":"<p>&nbsp; Mit den Open Days f\u00fcr nachhaltige L\u00f6sungen und Innovationen zum Klimaschutz (Open Days) bietet die Climate Show eine einzigartige Alternative zu ihren in diesem Jahr pandemiebedingt abgesagten Messen. Unter dem Motto \u00abDie Schweiz pulsiert f\u00fcr das Klima\u00bb finden erstmals am 30. und 31. Oktober 2020 schweizweite Tage der offenen T\u00fcr f\u00fcr nachhaltige L\u00f6sungen und [&hellip;]<\/p>\n","protected":false},"author":5,"featured_media":3403,"comment_status":"closed","ping_status":"closed","sticky":false,"template":"","format":"standard","meta":{"_acf_changed":false,"_yoast_wpseo_focuskw":"Open Days","_yoast_wpseo_metadesc":"Erstmals finden am 30. und 31. Oktober schweizweit Open Days f\u00fcr nachhaltige L\u00f6sungen und Innovationen zum Klimaschutz statt.","articlekey":"","footnotes":""},"categories":[580],"tags":[900,942,188,1757,1772,1876,424],"class_list":["post-10214","post","type-post","status-publish","format-standard","has-post-thumbnail","hentry","category-sustainability","tag-catwalks","tag-competition","tag-events","tag-nachhaltige-berufe","tag-nachhaltige-start-ups","tag-open-days","tag-schweiz"],"acf":[],"yoast_head":"<!-- This site is optimized with the Yoast SEO plugin v27.5 - https:\/\/yoast.com\/product\/yoast-seo-wordpress\/ -->\n<title>Open Days und Climate Show: Die Schweiz pulsiert f\u00fcr das Klima - Organisator<\/title>\n<meta name=\"description\" content=\"Erstmals finden am 30. und 31. Oktober schweizweit Open Days f\u00fcr nachhaltige L\u00f6sungen und Innovationen zum Klimaschutz statt.\" \/>\n<meta name=\"robots\" content=\"index, follow, max-snippet:-1, max-image-preview:large, max-video-preview:-1\" \/>\n<link rel=\"canonical\" href=\"https:\/\/www.organisator.ch\/it\/sostenibilita\/2020-10-07\/open-days-und-climate-show-die-schweiz-pulsiert-fuer-das-klima\/\" \/>\n<meta property=\"og:locale\" content=\"it_IT\" \/>\n<meta property=\"og:type\" content=\"article\" \/>\n<meta property=\"og:title\" content=\"Open Days und Climate Show: Die Schweiz pulsiert f\u00fcr das Klima - Organisator\" \/>\n<meta property=\"og:description\" content=\"Erstmals finden am 30. und 31. Oktober schweizweit Open Days f\u00fcr nachhaltige L\u00f6sungen und Innovationen zum Klimaschutz statt.\" \/>\n<meta property=\"og:url\" content=\"https:\/\/www.organisator.ch\/it\/sostenibilita\/2020-10-07\/open-days-und-climate-show-die-schweiz-pulsiert-fuer-das-klima\/\" \/>\n<meta property=\"og:site_name\" content=\"Organisator\" \/>\n<meta property=\"article:publisher\" content=\"https:\/\/www.facebook.com\/OrganisatorFachmagazin\" \/>\n<meta property=\"article:published_time\" content=\"2020-10-07T10:17:19+00:00\" \/>\n<meta property=\"article:modified_time\" content=\"2022-02-09T10:09:55+00:00\" \/>\n<meta property=\"og:image\" content=\"https:\/\/www.organisator.ch\/wp-content\/uploads\/2020\/10\/Climate-Show_UP_Umwelt-Perspektiven.jpg\" \/>\n\t<meta property=\"og:image:width\" content=\"2217\" \/>\n\t<meta property=\"og:image:height\" content=\"1537\" \/>\n\t<meta property=\"og:image:type\" content=\"image\/jpeg\" \/>\n<meta name=\"author\" content=\"michael.merz\" \/>\n<meta name=\"twitter:card\" content=\"summary_large_image\" \/>\n<script type=\"application\/ld+json\" class=\"yoast-schema-graph\">{\"@context\":\"https:\\\/\\\/schema.org\",\"@graph\":[{\"@type\":\"Article\",\"@id\":\"https:\\\/\\\/www.organisator.ch\\\/sustainability\\\/2020-10-07\\\/open-days-und-climate-show-die-schweiz-pulsiert-fuer-das-klima\\\/#article\",\"isPartOf\":{\"@id\":\"https:\\\/\\\/www.organisator.ch\\\/sustainability\\\/2020-10-07\\\/open-days-und-climate-show-die-schweiz-pulsiert-fuer-das-klima\\\/\"},\"author\":{\"name\":\"michael.merz\",\"@id\":\"https:\\\/\\\/www.organisator.ch\\\/#\\\/schema\\\/person\\\/134708ca9321c57b0362cceb7948ffbd\"},\"headline\":\"Open Days und Climate Show: Die Schweiz pulsiert f\u00fcr das Klima\",\"datePublished\":\"2020-10-07T10:17:19+00:00\",\"dateModified\":\"2022-02-09T10:09:55+00:00\",\"mainEntityOfPage\":{\"@id\":\"https:\\\/\\\/www.organisator.ch\\\/sustainability\\\/2020-10-07\\\/open-days-und-climate-show-die-schweiz-pulsiert-fuer-das-klima\\\/\"},\"wordCount\":817,\"publisher\":{\"@id\":\"https:\\\/\\\/www.organisator.ch\\\/#organization\"},\"image\":{\"@id\":\"https:\\\/\\\/www.organisator.ch\\\/sustainability\\\/2020-10-07\\\/open-days-und-climate-show-die-schweiz-pulsiert-fuer-das-klima\\\/#primaryimage\"},\"thumbnailUrl\":\"https:\\\/\\\/www.organisator.ch\\\/wp-content\\\/uploads\\\/2020\\\/10\\\/Climate-Show_UP_Umwelt-Perspektiven.jpg\",\"keywords\":[\"Catwalks\",\"Competition\",\"Events\",\"Nachhaltige Berufe\",\"Nachhaltige Start-ups\",\"Open Days\",\"Schweiz\"],\"articleSection\":[\"SUSTAINABILITY\"],\"inLanguage\":\"it-IT\"},{\"@type\":\"WebPage\",\"@id\":\"https:\\\/\\\/www.organisator.ch\\\/sustainability\\\/2020-10-07\\\/open-days-und-climate-show-die-schweiz-pulsiert-fuer-das-klima\\\/\",\"url\":\"https:\\\/\\\/www.organisator.ch\\\/sustainability\\\/2020-10-07\\\/open-days-und-climate-show-die-schweiz-pulsiert-fuer-das-klima\\\/\",\"name\":\"Open Days und Climate Show: Die Schweiz pulsiert f\u00fcr das Klima - Organisator\",\"isPartOf\":{\"@id\":\"https:\\\/\\\/www.organisator.ch\\\/#website\"},\"primaryImageOfPage\":{\"@id\":\"https:\\\/\\\/www.organisator.ch\\\/sustainability\\\/2020-10-07\\\/open-days-und-climate-show-die-schweiz-pulsiert-fuer-das-klima\\\/#primaryimage\"},\"image\":{\"@id\":\"https:\\\/\\\/www.organisator.ch\\\/sustainability\\\/2020-10-07\\\/open-days-und-climate-show-die-schweiz-pulsiert-fuer-das-klima\\\/#primaryimage\"},\"thumbnailUrl\":\"https:\\\/\\\/www.organisator.ch\\\/wp-content\\\/uploads\\\/2020\\\/10\\\/Climate-Show_UP_Umwelt-Perspektiven.jpg\",\"datePublished\":\"2020-10-07T10:17:19+00:00\",\"dateModified\":\"2022-02-09T10:09:55+00:00\",\"description\":\"Erstmals finden am 30. und 31. Oktober schweizweit Open Days f\u00fcr nachhaltige L\u00f6sungen und Innovationen zum Klimaschutz statt.\",\"breadcrumb\":{\"@id\":\"https:\\\/\\\/www.organisator.ch\\\/sustainability\\\/2020-10-07\\\/open-days-und-climate-show-die-schweiz-pulsiert-fuer-das-klima\\\/#breadcrumb\"},\"inLanguage\":\"it-IT\",\"potentialAction\":[{\"@type\":\"ReadAction\",\"target\":[\"https:\\\/\\\/www.organisator.ch\\\/sustainability\\\/2020-10-07\\\/open-days-und-climate-show-die-schweiz-pulsiert-fuer-das-klima\\\/\"]}]},{\"@type\":\"ImageObject\",\"inLanguage\":\"it-IT\",\"@id\":\"https:\\\/\\\/www.organisator.ch\\\/sustainability\\\/2020-10-07\\\/open-days-und-climate-show-die-schweiz-pulsiert-fuer-das-klima\\\/#primaryimage\",\"url\":\"https:\\\/\\\/www.organisator.ch\\\/wp-content\\\/uploads\\\/2020\\\/10\\\/Climate-Show_UP_Umwelt-Perspektiven.jpg\",\"contentUrl\":\"https:\\\/\\\/www.organisator.ch\\\/wp-content\\\/uploads\\\/2020\\\/10\\\/Climate-Show_UP_Umwelt-Perspektiven.jpg\",\"width\":2217,\"height\":1537},{\"@type\":\"BreadcrumbList\",\"@id\":\"https:\\\/\\\/www.organisator.ch\\\/sustainability\\\/2020-10-07\\\/open-days-und-climate-show-die-schweiz-pulsiert-fuer-das-klima\\\/#breadcrumb\",\"itemListElement\":[{\"@type\":\"ListItem\",\"position\":1,\"name\":\"Home\",\"item\":\"https:\\\/\\\/www.organisator.ch\\\/\"},{\"@type\":\"ListItem\",\"position\":2,\"name\":\"Open Days und Climate Show: Die Schweiz pulsiert f\u00fcr das Klima\"}]},{\"@type\":\"WebSite\",\"@id\":\"https:\\\/\\\/www.organisator.ch\\\/#website\",\"url\":\"https:\\\/\\\/www.organisator.ch\\\/\",\"name\":\"Organisator\",\"description\":\"Kompetent. Praxisnah. Der ORGANISATOR bereitet in 10 Ausgaben pro Jahr die wesentlichen Themen f\u00fcr F\u00fchrungskr\u00e4fte von KMU auf.\",\"publisher\":{\"@id\":\"https:\\\/\\\/www.organisator.ch\\\/#organization\"},\"potentialAction\":[{\"@type\":\"SearchAction\",\"target\":{\"@type\":\"EntryPoint\",\"urlTemplate\":\"https:\\\/\\\/www.organisator.ch\\\/?s={search_term_string}\"},\"query-input\":{\"@type\":\"PropertyValueSpecification\",\"valueRequired\":true,\"valueName\":\"search_term_string\"}}],\"inLanguage\":\"it-IT\"},{\"@type\":\"Organization\",\"@id\":\"https:\\\/\\\/www.organisator.ch\\\/#organization\",\"name\":\"Organisator\",\"url\":\"https:\\\/\\\/www.organisator.ch\\\/\",\"logo\":{\"@type\":\"ImageObject\",\"inLanguage\":\"it-IT\",\"@id\":\"https:\\\/\\\/www.organisator.ch\\\/#\\\/schema\\\/logo\\\/image\\\/\",\"url\":\"https:\\\/\\\/www.organisator.ch\\\/wp-content\\\/uploads\\\/2022\\\/01\\\/Logo_Organisator_Website.png\",\"contentUrl\":\"https:\\\/\\\/www.organisator.ch\\\/wp-content\\\/uploads\\\/2022\\\/01\\\/Logo_Organisator_Website.png\",\"width\":800,\"height\":77,\"caption\":\"Organisator\"},\"image\":{\"@id\":\"https:\\\/\\\/www.organisator.ch\\\/#\\\/schema\\\/logo\\\/image\\\/\"},\"sameAs\":[\"https:\\\/\\\/www.facebook.com\\\/OrganisatorFachmagazin\",\"https:\\\/\\\/www.linkedin.com\\\/showcase\\\/organisator-das-magazin-fr-kmu\",\"https:\\\/\\\/www.xing.com\\\/news\\\/pages\\\/organisator-ch-695\",\"https:\\\/\\\/www.youtube.com\\\/channel\\\/UCGP2Sq0iWaZwT3BdIAQFYpw\"]},{\"@type\":\"Person\",\"@id\":\"https:\\\/\\\/www.organisator.ch\\\/#\\\/schema\\\/person\\\/134708ca9321c57b0362cceb7948ffbd\",\"name\":\"michael.merz\",\"image\":{\"@type\":\"ImageObject\",\"inLanguage\":\"it-IT\",\"@id\":\"https:\\\/\\\/secure.gravatar.com\\\/avatar\\\/?s=96&d=mm&r=g\",\"url\":\"https:\\\/\\\/secure.gravatar.com\\\/avatar\\\/?s=96&d=mm&r=g\",\"contentUrl\":\"https:\\\/\\\/secure.gravatar.com\\\/avatar\\\/?s=96&d=mm&r=g\",\"caption\":\"michael.merz\"},\"url\":\"https:\\\/\\\/www.organisator.ch\\\/it\\\/author\\\/michael-merz\\\/\"}]}<\/script>\n<!-- \/ Yoast SEO plugin. -->","yoast_head_json":{"title":"Open Days e Climate Show: la Svizzera pulsa per il clima - Organizzatore","description":"Per la prima volta, il 30 e 31 ottobre si terranno in tutta la Svizzera gli Open Days per le soluzioni e le innovazioni sostenibili per la protezione del clima.","robots":{"index":"index","follow":"follow","max-snippet":"max-snippet:-1","max-image-preview":"max-image-preview:large","max-video-preview":"max-video-preview:-1"},"canonical":"https:\/\/www.organisator.ch\/it\/sostenibilita\/2020-10-07\/open-days-und-climate-show-die-schweiz-pulsiert-fuer-das-klima\/","og_locale":"it_IT","og_type":"article","og_title":"Open Days und Climate Show: Die Schweiz pulsiert f\u00fcr das Klima - Organisator","og_description":"Erstmals finden am 30. und 31. Oktober schweizweit Open Days f\u00fcr nachhaltige L\u00f6sungen und Innovationen zum Klimaschutz statt.","og_url":"https:\/\/www.organisator.ch\/it\/sostenibilita\/2020-10-07\/open-days-und-climate-show-die-schweiz-pulsiert-fuer-das-klima\/","og_site_name":"Organisator","article_publisher":"https:\/\/www.facebook.com\/OrganisatorFachmagazin","article_published_time":"2020-10-07T10:17:19+00:00","article_modified_time":"2022-02-09T10:09:55+00:00","og_image":[{"width":2217,"height":1537,"url":"https:\/\/www.organisator.ch\/wp-content\/uploads\/2020\/10\/Climate-Show_UP_Umwelt-Perspektiven.jpg","type":"image\/jpeg"}],"author":"michael.merz","twitter_card":"summary_large_image","schema":{"@context":"https:\/\/schema.org","@graph":[{"@type":"Article","@id":"https:\/\/www.organisator.ch\/sustainability\/2020-10-07\/open-days-und-climate-show-die-schweiz-pulsiert-fuer-das-klima\/#article","isPartOf":{"@id":"https:\/\/www.organisator.ch\/sustainability\/2020-10-07\/open-days-und-climate-show-die-schweiz-pulsiert-fuer-das-klima\/"},"author":{"name":"michael.merz","@id":"https:\/\/www.organisator.ch\/#\/schema\/person\/134708ca9321c57b0362cceb7948ffbd"},"headline":"Open Days und Climate Show: Die Schweiz pulsiert f\u00fcr das Klima","datePublished":"2020-10-07T10:17:19+00:00","dateModified":"2022-02-09T10:09:55+00:00","mainEntityOfPage":{"@id":"https:\/\/www.organisator.ch\/sustainability\/2020-10-07\/open-days-und-climate-show-die-schweiz-pulsiert-fuer-das-klima\/"},"wordCount":817,"publisher":{"@id":"https:\/\/www.organisator.ch\/#organization"},"image":{"@id":"https:\/\/www.organisator.ch\/sustainability\/2020-10-07\/open-days-und-climate-show-die-schweiz-pulsiert-fuer-das-klima\/#primaryimage"},"thumbnailUrl":"https:\/\/www.organisator.ch\/wp-content\/uploads\/2020\/10\/Climate-Show_UP_Umwelt-Perspektiven.jpg","keywords":["Catwalks","Competition","Events","Nachhaltige Berufe","Nachhaltige Start-ups","Open Days","Schweiz"],"articleSection":["SUSTAINABILITY"],"inLanguage":"it-IT"},{"@type":"WebPage","@id":"https:\/\/www.organisator.ch\/sustainability\/2020-10-07\/open-days-und-climate-show-die-schweiz-pulsiert-fuer-das-klima\/","url":"https:\/\/www.organisator.ch\/sustainability\/2020-10-07\/open-days-und-climate-show-die-schweiz-pulsiert-fuer-das-klima\/","name":"Open Days e Climate Show: la Svizzera pulsa per il clima - Organizzatore","isPartOf":{"@id":"https:\/\/www.organisator.ch\/#website"},"primaryImageOfPage":{"@id":"https:\/\/www.organisator.ch\/sustainability\/2020-10-07\/open-days-und-climate-show-die-schweiz-pulsiert-fuer-das-klima\/#primaryimage"},"image":{"@id":"https:\/\/www.organisator.ch\/sustainability\/2020-10-07\/open-days-und-climate-show-die-schweiz-pulsiert-fuer-das-klima\/#primaryimage"},"thumbnailUrl":"https:\/\/www.organisator.ch\/wp-content\/uploads\/2020\/10\/Climate-Show_UP_Umwelt-Perspektiven.jpg","datePublished":"2020-10-07T10:17:19+00:00","dateModified":"2022-02-09T10:09:55+00:00","description":"Per la prima volta, il 30 e 31 ottobre si terranno in tutta la Svizzera gli Open Days per le soluzioni e le innovazioni sostenibili per la protezione del clima.","breadcrumb":{"@id":"https:\/\/www.organisator.ch\/sustainability\/2020-10-07\/open-days-und-climate-show-die-schweiz-pulsiert-fuer-das-klima\/#breadcrumb"},"inLanguage":"it-IT","potentialAction":[{"@type":"ReadAction","target":["https:\/\/www.organisator.ch\/sustainability\/2020-10-07\/open-days-und-climate-show-die-schweiz-pulsiert-fuer-das-klima\/"]}]},{"@type":"ImageObject","inLanguage":"it-IT","@id":"https:\/\/www.organisator.ch\/sustainability\/2020-10-07\/open-days-und-climate-show-die-schweiz-pulsiert-fuer-das-klima\/#primaryimage","url":"https:\/\/www.organisator.ch\/wp-content\/uploads\/2020\/10\/Climate-Show_UP_Umwelt-Perspektiven.jpg","contentUrl":"https:\/\/www.organisator.ch\/wp-content\/uploads\/2020\/10\/Climate-Show_UP_Umwelt-Perspektiven.jpg","width":2217,"height":1537},{"@type":"BreadcrumbList","@id":"https:\/\/www.organisator.ch\/sustainability\/2020-10-07\/open-days-und-climate-show-die-schweiz-pulsiert-fuer-das-klima\/#breadcrumb","itemListElement":[{"@type":"ListItem","position":1,"name":"Home","item":"https:\/\/www.organisator.ch\/"},{"@type":"ListItem","position":2,"name":"Open Days und Climate Show: Die Schweiz pulsiert f\u00fcr das Klima"}]},{"@type":"WebSite","@id":"https:\/\/www.organisator.ch\/#website","url":"https:\/\/www.organisator.ch\/","name":"Organizzatore","description":"Competente. Pratico. In 10 numeri all'anno, ORGANISATOR presenta i temi essenziali per i manager delle PMI.","publisher":{"@id":"https:\/\/www.organisator.ch\/#organization"},"potentialAction":[{"@type":"SearchAction","target":{"@type":"EntryPoint","urlTemplate":"https:\/\/www.organisator.ch\/?s={search_term_string}"},"query-input":{"@type":"PropertyValueSpecification","valueRequired":true,"valueName":"search_term_string"}}],"inLanguage":"it-IT"},{"@type":"Organization","@id":"https:\/\/www.organisator.ch\/#organization","name":"Organizzatore","url":"https:\/\/www.organisator.ch\/","logo":{"@type":"ImageObject","inLanguage":"it-IT","@id":"https:\/\/www.organisator.ch\/#\/schema\/logo\/image\/","url":"https:\/\/www.organisator.ch\/wp-content\/uploads\/2022\/01\/Logo_Organisator_Website.png","contentUrl":"https:\/\/www.organisator.ch\/wp-content\/uploads\/2022\/01\/Logo_Organisator_Website.png","width":800,"height":77,"caption":"Organisator"},"image":{"@id":"https:\/\/www.organisator.ch\/#\/schema\/logo\/image\/"},"sameAs":["https:\/\/www.facebook.com\/OrganisatorFachmagazin","https:\/\/www.linkedin.com\/showcase\/organisator-das-magazin-fr-kmu","https:\/\/www.xing.com\/news\/pages\/organisator-ch-695","https:\/\/www.youtube.com\/channel\/UCGP2Sq0iWaZwT3BdIAQFYpw"]},{"@type":"Person","@id":"https:\/\/www.organisator.ch\/#\/schema\/person\/134708ca9321c57b0362cceb7948ffbd","name":"michael.merz","image":{"@type":"ImageObject","inLanguage":"it-IT","@id":"https:\/\/secure.gravatar.com\/avatar\/?s=96&d=mm&r=g","url":"https:\/\/secure.gravatar.com\/avatar\/?s=96&d=mm&r=g","contentUrl":"https:\/\/secure.gravatar.com\/avatar\/?s=96&d=mm&r=g","caption":"michael.merz"},"url":"https:\/\/www.organisator.ch\/it\/author\/michael-merz\/"}]}},"_links":{"self":[{"href":"https:\/\/www.organisator.ch\/it\/wp-json\/wp\/v2\/posts\/10214","targetHints":{"allow":["GET"]}}],"collection":[{"href":"https:\/\/www.organisator.ch\/it\/wp-json\/wp\/v2\/posts"}],"about":[{"href":"https:\/\/www.organisator.ch\/it\/wp-json\/wp\/v2\/types\/post"}],"author":[{"embeddable":true,"href":"https:\/\/www.organisator.ch\/it\/wp-json\/wp\/v2\/users\/5"}],"replies":[{"embeddable":true,"href":"https:\/\/www.organisator.ch\/it\/wp-json\/wp\/v2\/comments?post=10214"}],"version-history":[{"count":1,"href":"https:\/\/www.organisator.ch\/it\/wp-json\/wp\/v2\/posts\/10214\/revisions"}],"predecessor-version":[{"id":10813,"href":"https:\/\/www.organisator.ch\/it\/wp-json\/wp\/v2\/posts\/10214\/revisions\/10813"}],"wp:featuredmedia":[{"embeddable":true,"href":"https:\/\/www.organisator.ch\/it\/wp-json\/wp\/v2\/media\/3403"}],"wp:attachment":[{"href":"https:\/\/www.organisator.ch\/it\/wp-json\/wp\/v2\/media?parent=10214"}],"wp:term":[{"taxonomy":"category","embeddable":true,"href":"https:\/\/www.organisator.ch\/it\/wp-json\/wp\/v2\/categories?post=10214"},{"taxonomy":"post_tag","embeddable":true,"href":"https:\/\/www.organisator.ch\/it\/wp-json\/wp\/v2\/tags?post=10214"}],"curies":[{"name":"wp","href":"https:\/\/api.w.org\/{rel}","templated":true}]}}