{"id":10219,"date":"2020-10-27T11:55:12","date_gmt":"2020-10-27T10:55:12","guid":{"rendered":"https:\/\/www.umweltperspektiven.ch\/?p=3440"},"modified":"2022-02-09T11:06:12","modified_gmt":"2022-02-09T10:06:12","slug":"stade-de-geneve-erzeugt-buergerstrom","status":"publish","type":"post","link":"https:\/\/www.organisator.ch\/it\/sustainability\/2020-10-27\/stade-de-geneve-erzeugt-buergerstrom\/","title":{"rendered":"Lo Stade de Gen\u00e8ve genera elettricit\u00e0 civica"},"content":{"rendered":"<figure id=\"attachment_3441\" aria-describedby=\"caption-attachment-3441\" style=\"width: 680px\" class=\"wp-caption alignnone\"><img loading=\"lazy\" decoding=\"async\" class=\"size-medium wp-image-3441\" src=\"\/\/www.umweltperspektiven.ch\/wp-content\/uploads\/2020\/10\/DJI_0005.jpg\" alt=\"\" width=\"680\" height=\"383\" \/><figcaption id=\"caption-attachment-3441\" class=\"wp-caption-text\">La centrale fotovoltaica dello Stade de Gen\u00e8ve, entrata in funzione lo scorso febbraio, produce 1 GWh all'anno, equivalente al consumo annuale di 367 famiglie ginevrine. (Immagine: zVg)<\/figcaption><\/figure>\n<p>Il Consigliere di Stato Antonio Hodgers ha inaugurato la centrale solare partecipativa allo Stade de Gen\u00e8ve. La costruzione dell'impianto permette a 2.100 abitanti di Ginevra di partecipare alla centrale fotovoltaica. Il nuovo impianto produce circa 1 GWh e d\u00e0 cos\u00ec il suo contributo alla politica energetica del Cantone di Ginevra e alla Strategia energetica 2050, che \u00e8 stata approvata dalla popolazione ginevrina.<\/p>\n<p><strong>Voci di partner\u00a0<\/strong><\/p>\n<p>\"Il successo di questa centrale solare partecipativa dimostra che l'economia circolare funziona. Su iniziativa di SIG, questo finanziamento partecipativo da parte dei nostri clienti crea un circolo virtuoso per il cambiamento ecologico in questo tempo di cambiamento climatico\", dice Christian Brunier, CEO di SIG.<\/p>\n<p>Lo Stade de Gen\u00e8ve utilizza il 100% di elettricit\u00e0 rinnovabile, un terzo della quale viene prodotta sul suo tetto: \"Siamo lieti della recente ripresa dei giochi allo Stade de Gen\u00e8ve, che sono ora di nuovo in fiamme grazie all'energia verde prodotta sui nostri impianti\", dice Jean-Marc Guinchard, presidente della Fondazione Stade de Gen\u00e8ve.<\/p>\n<p>\"Ogni pannello solare \u00e8 importante per affrontare l'emergenza climatica e permetterci di raggiungere l'obiettivo di produrre 150 GWh di elettricit\u00e0 fotovoltaica a Ginevra entro il 2025\", sottolinea Antonio Hodgers, il consigliere dipartimentale responsabile del territorio.<\/p>\n<p>La produzione locale di energia \u00e8 migliorata attraverso una gestione intelligente del consumo. \"Una citt\u00e0 intelligente \u00e8 una citt\u00e0 che produce e consuma in modo responsabile e il pi\u00f9 possibile locale. Coinvolge i cittadini e usa la tecnologia digitale. Un progetto partecipativo di centrale solare \u00e8 un esempio concreto di citt\u00e0 intelligente\", dice Patricia Solioz Mathys, direttore di Smart City a SIG.<\/p>\n<p>SIG ha una flotta di 59 impianti solari che producono quasi 15 GWh, equivalenti al consumo annuale di elettricit\u00e0 di 5.000 famiglie. SIG contribuisce cos\u00ec al raggiungimento degli obiettivi cantonali per la produzione locale di energia rinnovabile.<\/p>\n<p><strong>La formula partecipativa a Ginevra\u00a0<\/strong><\/p>\n<p>L'inaugurazione della centrale solare partecipativa allo Stade de Gen\u00e8ve ha avuto luogo nel rigoroso rispetto delle misure sanitarie recentemente adottate dal Consiglio di Stato per combattere il COVID-19. La centrale fotovoltaica allo Stade de Gen\u00e8ve, entrata in funzione lo scorso febbraio, produce 1 GWh all'anno, equivalente al consumo annuale di 367 famiglie ginevrine. Consiste in 3.064 pannelli solari. Lo stadio consuma il 30 per cento della produzione, il restante 70 per cento \u00e8 stato commercializzato in modo partecipativo attraverso l'operazione \"Mon m2 solaire\".<\/p>\n<p>Quasi 2.100 abitanti di Ginevra hanno acquistato azioni con esso. Ogni azione costa 330 franchi e garantisce 100 kWh di elettricit\u00e0 solare all'anno per 20 anni. Questo rende possibile, per esempio, caricare una e-bike per un anno.<\/p>\n<p><a href=\"\/\/ww2.sig-ge.ch\/actualites\/inauguration-de-la-centrale-solaire-participative-du-stade-de-geneve\"><em>Questo testo \u00e8 stato tradotto dal comunicato stampa francese<\/em><\/a><\/p>","protected":false},"excerpt":{"rendered":"<p>Staatsrat Antonio Hodgers weihte das partizipative Solarkraftwerk im Stade de Gen\u00e8ve ein. Der Bau der Anlage erm\u00f6glicht es 2&#8217;100 Genfer Einwohnern, sich am photovoltaischen Kraftwerk zu beteiligen. Die neue Anlage produziert rund 1 GWh und leistet damit ihren Beitrag zur Energiepolitik des Kantons Genf und zur Energiestrategie 2050, die von der Genfer Bev\u00f6lkerung gutgeheissen wurde. [&hellip;]<\/p>\n","protected":false},"author":5,"featured_media":3441,"comment_status":"closed","ping_status":"closed","sticky":false,"template":"","format":"standard","meta":{"_acf_changed":false,"_yoast_wpseo_focuskw":"Stade de Gen\u00e8ve","_yoast_wpseo_metadesc":"Insgesamt 2100 Genferinnen und Genfer haben sich an der Solaranlage auf dem Dach des Stade de Gen\u00e8ve durch den Kauf von Aktien beteiligt.","articlekey":"","footnotes":""},"categories":[580],"tags":[1267,2128,2143,2180],"class_list":["post-10219","post","type-post","status-publish","format-standard","has-post-thumbnail","hentry","category-sustainability","tag-genf","tag-smart-city","tag-solarenergie","tag-stade-de-geneve"],"acf":[],"yoast_head":"<!-- This site is optimized with the Yoast SEO plugin v27.4 - https:\/\/yoast.com\/product\/yoast-seo-wordpress\/ -->\n<title>Stade de Gen\u00e8ve erzeugt B\u00fcrgerstrom - Organisator<\/title>\n<meta name=\"description\" content=\"Insgesamt 2100 Genferinnen und Genfer haben sich an der Solaranlage auf dem Dach des Stade de Gen\u00e8ve durch den Kauf von Aktien beteiligt.\" \/>\n<meta name=\"robots\" content=\"index, follow, max-snippet:-1, max-image-preview:large, max-video-preview:-1\" \/>\n<link rel=\"canonical\" href=\"https:\/\/www.organisator.ch\/it\/sostenibilita\/2020-10-27\/stade-de-geneve-erzeugt-buergerstrom\/\" \/>\n<meta property=\"og:locale\" content=\"it_IT\" \/>\n<meta property=\"og:type\" content=\"article\" \/>\n<meta property=\"og:title\" content=\"Stade de Gen\u00e8ve erzeugt B\u00fcrgerstrom - Organisator\" \/>\n<meta property=\"og:description\" content=\"Insgesamt 2100 Genferinnen und Genfer haben sich an der Solaranlage auf dem Dach des Stade de Gen\u00e8ve durch den Kauf von Aktien beteiligt.\" \/>\n<meta property=\"og:url\" content=\"https:\/\/www.organisator.ch\/it\/sostenibilita\/2020-10-27\/stade-de-geneve-erzeugt-buergerstrom\/\" \/>\n<meta property=\"og:site_name\" content=\"Organisator\" \/>\n<meta property=\"article:publisher\" content=\"https:\/\/www.facebook.com\/OrganisatorFachmagazin\" \/>\n<meta property=\"article:published_time\" content=\"2020-10-27T10:55:12+00:00\" \/>\n<meta property=\"article:modified_time\" content=\"2022-02-09T10:06:12+00:00\" \/>\n<meta property=\"og:image\" content=\"https:\/\/www.organisator.ch\/wp-content\/uploads\/2020\/10\/DJI_0005-scaled.jpg\" \/>\n\t<meta property=\"og:image:width\" content=\"2560\" \/>\n\t<meta property=\"og:image:height\" content=\"1440\" \/>\n\t<meta property=\"og:image:type\" content=\"image\/jpeg\" \/>\n<meta name=\"author\" content=\"michael.merz\" \/>\n<meta name=\"twitter:card\" content=\"summary_large_image\" \/>\n<script type=\"application\/ld+json\" class=\"yoast-schema-graph\">{\"@context\":\"https:\\\/\\\/schema.org\",\"@graph\":[{\"@type\":\"Article\",\"@id\":\"https:\\\/\\\/www.organisator.ch\\\/sustainability\\\/2020-10-27\\\/stade-de-geneve-erzeugt-buergerstrom\\\/#article\",\"isPartOf\":{\"@id\":\"https:\\\/\\\/www.organisator.ch\\\/sustainability\\\/2020-10-27\\\/stade-de-geneve-erzeugt-buergerstrom\\\/\"},\"author\":{\"name\":\"michael.merz\",\"@id\":\"https:\\\/\\\/www.organisator.ch\\\/#\\\/schema\\\/person\\\/134708ca9321c57b0362cceb7948ffbd\"},\"headline\":\"Stade de Gen\u00e8ve erzeugt B\u00fcrgerstrom\",\"datePublished\":\"2020-10-27T10:55:12+00:00\",\"dateModified\":\"2022-02-09T10:06:12+00:00\",\"mainEntityOfPage\":{\"@id\":\"https:\\\/\\\/www.organisator.ch\\\/sustainability\\\/2020-10-27\\\/stade-de-geneve-erzeugt-buergerstrom\\\/\"},\"wordCount\":459,\"publisher\":{\"@id\":\"https:\\\/\\\/www.organisator.ch\\\/#organization\"},\"image\":{\"@id\":\"https:\\\/\\\/www.organisator.ch\\\/sustainability\\\/2020-10-27\\\/stade-de-geneve-erzeugt-buergerstrom\\\/#primaryimage\"},\"thumbnailUrl\":\"https:\\\/\\\/www.organisator.ch\\\/wp-content\\\/uploads\\\/2020\\\/10\\\/DJI_0005-scaled.jpg\",\"keywords\":[\"Genf\",\"Smart City\",\"Solarenergie\",\"Stade de Gen\u00e8ve\"],\"articleSection\":[\"SUSTAINABILITY\"],\"inLanguage\":\"it-IT\"},{\"@type\":\"WebPage\",\"@id\":\"https:\\\/\\\/www.organisator.ch\\\/sustainability\\\/2020-10-27\\\/stade-de-geneve-erzeugt-buergerstrom\\\/\",\"url\":\"https:\\\/\\\/www.organisator.ch\\\/sustainability\\\/2020-10-27\\\/stade-de-geneve-erzeugt-buergerstrom\\\/\",\"name\":\"Stade de Gen\u00e8ve erzeugt B\u00fcrgerstrom - Organisator\",\"isPartOf\":{\"@id\":\"https:\\\/\\\/www.organisator.ch\\\/#website\"},\"primaryImageOfPage\":{\"@id\":\"https:\\\/\\\/www.organisator.ch\\\/sustainability\\\/2020-10-27\\\/stade-de-geneve-erzeugt-buergerstrom\\\/#primaryimage\"},\"image\":{\"@id\":\"https:\\\/\\\/www.organisator.ch\\\/sustainability\\\/2020-10-27\\\/stade-de-geneve-erzeugt-buergerstrom\\\/#primaryimage\"},\"thumbnailUrl\":\"https:\\\/\\\/www.organisator.ch\\\/wp-content\\\/uploads\\\/2020\\\/10\\\/DJI_0005-scaled.jpg\",\"datePublished\":\"2020-10-27T10:55:12+00:00\",\"dateModified\":\"2022-02-09T10:06:12+00:00\",\"description\":\"Insgesamt 2100 Genferinnen und Genfer haben sich an der Solaranlage auf dem Dach des Stade de Gen\u00e8ve durch den Kauf von Aktien beteiligt.\",\"breadcrumb\":{\"@id\":\"https:\\\/\\\/www.organisator.ch\\\/sustainability\\\/2020-10-27\\\/stade-de-geneve-erzeugt-buergerstrom\\\/#breadcrumb\"},\"inLanguage\":\"it-IT\",\"potentialAction\":[{\"@type\":\"ReadAction\",\"target\":[\"https:\\\/\\\/www.organisator.ch\\\/sustainability\\\/2020-10-27\\\/stade-de-geneve-erzeugt-buergerstrom\\\/\"]}]},{\"@type\":\"ImageObject\",\"inLanguage\":\"it-IT\",\"@id\":\"https:\\\/\\\/www.organisator.ch\\\/sustainability\\\/2020-10-27\\\/stade-de-geneve-erzeugt-buergerstrom\\\/#primaryimage\",\"url\":\"https:\\\/\\\/www.organisator.ch\\\/wp-content\\\/uploads\\\/2020\\\/10\\\/DJI_0005-scaled.jpg\",\"contentUrl\":\"https:\\\/\\\/www.organisator.ch\\\/wp-content\\\/uploads\\\/2020\\\/10\\\/DJI_0005-scaled.jpg\",\"width\":2560,\"height\":1440,\"caption\":\"DCIM101MEDIADJI_0005.JPG\"},{\"@type\":\"BreadcrumbList\",\"@id\":\"https:\\\/\\\/www.organisator.ch\\\/sustainability\\\/2020-10-27\\\/stade-de-geneve-erzeugt-buergerstrom\\\/#breadcrumb\",\"itemListElement\":[{\"@type\":\"ListItem\",\"position\":1,\"name\":\"Home\",\"item\":\"https:\\\/\\\/www.organisator.ch\\\/\"},{\"@type\":\"ListItem\",\"position\":2,\"name\":\"Stade de Gen\u00e8ve erzeugt B\u00fcrgerstrom\"}]},{\"@type\":\"WebSite\",\"@id\":\"https:\\\/\\\/www.organisator.ch\\\/#website\",\"url\":\"https:\\\/\\\/www.organisator.ch\\\/\",\"name\":\"Organisator\",\"description\":\"Kompetent. Praxisnah. Der ORGANISATOR bereitet in 10 Ausgaben pro Jahr die wesentlichen Themen f\u00fcr F\u00fchrungskr\u00e4fte von KMU auf.\",\"publisher\":{\"@id\":\"https:\\\/\\\/www.organisator.ch\\\/#organization\"},\"potentialAction\":[{\"@type\":\"SearchAction\",\"target\":{\"@type\":\"EntryPoint\",\"urlTemplate\":\"https:\\\/\\\/www.organisator.ch\\\/?s={search_term_string}\"},\"query-input\":{\"@type\":\"PropertyValueSpecification\",\"valueRequired\":true,\"valueName\":\"search_term_string\"}}],\"inLanguage\":\"it-IT\"},{\"@type\":\"Organization\",\"@id\":\"https:\\\/\\\/www.organisator.ch\\\/#organization\",\"name\":\"Organisator\",\"url\":\"https:\\\/\\\/www.organisator.ch\\\/\",\"logo\":{\"@type\":\"ImageObject\",\"inLanguage\":\"it-IT\",\"@id\":\"https:\\\/\\\/www.organisator.ch\\\/#\\\/schema\\\/logo\\\/image\\\/\",\"url\":\"https:\\\/\\\/www.organisator.ch\\\/wp-content\\\/uploads\\\/2022\\\/01\\\/Logo_Organisator_Website.png\",\"contentUrl\":\"https:\\\/\\\/www.organisator.ch\\\/wp-content\\\/uploads\\\/2022\\\/01\\\/Logo_Organisator_Website.png\",\"width\":800,\"height\":77,\"caption\":\"Organisator\"},\"image\":{\"@id\":\"https:\\\/\\\/www.organisator.ch\\\/#\\\/schema\\\/logo\\\/image\\\/\"},\"sameAs\":[\"https:\\\/\\\/www.facebook.com\\\/OrganisatorFachmagazin\",\"https:\\\/\\\/www.linkedin.com\\\/showcase\\\/organisator-das-magazin-fr-kmu\",\"https:\\\/\\\/www.xing.com\\\/news\\\/pages\\\/organisator-ch-695\",\"https:\\\/\\\/www.youtube.com\\\/channel\\\/UCGP2Sq0iWaZwT3BdIAQFYpw\"]},{\"@type\":\"Person\",\"@id\":\"https:\\\/\\\/www.organisator.ch\\\/#\\\/schema\\\/person\\\/134708ca9321c57b0362cceb7948ffbd\",\"name\":\"michael.merz\",\"image\":{\"@type\":\"ImageObject\",\"inLanguage\":\"it-IT\",\"@id\":\"https:\\\/\\\/secure.gravatar.com\\\/avatar\\\/?s=96&d=mm&r=g\",\"url\":\"https:\\\/\\\/secure.gravatar.com\\\/avatar\\\/?s=96&d=mm&r=g\",\"contentUrl\":\"https:\\\/\\\/secure.gravatar.com\\\/avatar\\\/?s=96&d=mm&r=g\",\"caption\":\"michael.merz\"},\"url\":\"https:\\\/\\\/www.organisator.ch\\\/it\\\/author\\\/michael-merz\\\/\"}]}<\/script>\n<!-- \/ Yoast SEO plugin. -->","yoast_head_json":{"title":"Lo Stade de Gen\u00e8ve genera elettricit\u00e0 civica - Organizzatore","description":"Un totale di 2100 ginevrini ha partecipato all'installazione solare sul tetto dello Stade de Gen\u00e8ve acquistando azioni.","robots":{"index":"index","follow":"follow","max-snippet":"max-snippet:-1","max-image-preview":"max-image-preview:large","max-video-preview":"max-video-preview:-1"},"canonical":"https:\/\/www.organisator.ch\/it\/sostenibilita\/2020-10-27\/stade-de-geneve-erzeugt-buergerstrom\/","og_locale":"it_IT","og_type":"article","og_title":"Stade de Gen\u00e8ve erzeugt B\u00fcrgerstrom - Organisator","og_description":"Insgesamt 2100 Genferinnen und Genfer haben sich an der Solaranlage auf dem Dach des Stade de Gen\u00e8ve durch den Kauf von Aktien beteiligt.","og_url":"https:\/\/www.organisator.ch\/it\/sostenibilita\/2020-10-27\/stade-de-geneve-erzeugt-buergerstrom\/","og_site_name":"Organisator","article_publisher":"https:\/\/www.facebook.com\/OrganisatorFachmagazin","article_published_time":"2020-10-27T10:55:12+00:00","article_modified_time":"2022-02-09T10:06:12+00:00","og_image":[{"width":2560,"height":1440,"url":"https:\/\/www.organisator.ch\/wp-content\/uploads\/2020\/10\/DJI_0005-scaled.jpg","type":"image\/jpeg"}],"author":"michael.merz","twitter_card":"summary_large_image","schema":{"@context":"https:\/\/schema.org","@graph":[{"@type":"Article","@id":"https:\/\/www.organisator.ch\/sustainability\/2020-10-27\/stade-de-geneve-erzeugt-buergerstrom\/#article","isPartOf":{"@id":"https:\/\/www.organisator.ch\/sustainability\/2020-10-27\/stade-de-geneve-erzeugt-buergerstrom\/"},"author":{"name":"michael.merz","@id":"https:\/\/www.organisator.ch\/#\/schema\/person\/134708ca9321c57b0362cceb7948ffbd"},"headline":"Stade de Gen\u00e8ve erzeugt B\u00fcrgerstrom","datePublished":"2020-10-27T10:55:12+00:00","dateModified":"2022-02-09T10:06:12+00:00","mainEntityOfPage":{"@id":"https:\/\/www.organisator.ch\/sustainability\/2020-10-27\/stade-de-geneve-erzeugt-buergerstrom\/"},"wordCount":459,"publisher":{"@id":"https:\/\/www.organisator.ch\/#organization"},"image":{"@id":"https:\/\/www.organisator.ch\/sustainability\/2020-10-27\/stade-de-geneve-erzeugt-buergerstrom\/#primaryimage"},"thumbnailUrl":"https:\/\/www.organisator.ch\/wp-content\/uploads\/2020\/10\/DJI_0005-scaled.jpg","keywords":["Genf","Smart City","Solarenergie","Stade de Gen\u00e8ve"],"articleSection":["SUSTAINABILITY"],"inLanguage":"it-IT"},{"@type":"WebPage","@id":"https:\/\/www.organisator.ch\/sustainability\/2020-10-27\/stade-de-geneve-erzeugt-buergerstrom\/","url":"https:\/\/www.organisator.ch\/sustainability\/2020-10-27\/stade-de-geneve-erzeugt-buergerstrom\/","name":"Lo Stade de Gen\u00e8ve genera elettricit\u00e0 civica - Organizzatore","isPartOf":{"@id":"https:\/\/www.organisator.ch\/#website"},"primaryImageOfPage":{"@id":"https:\/\/www.organisator.ch\/sustainability\/2020-10-27\/stade-de-geneve-erzeugt-buergerstrom\/#primaryimage"},"image":{"@id":"https:\/\/www.organisator.ch\/sustainability\/2020-10-27\/stade-de-geneve-erzeugt-buergerstrom\/#primaryimage"},"thumbnailUrl":"https:\/\/www.organisator.ch\/wp-content\/uploads\/2020\/10\/DJI_0005-scaled.jpg","datePublished":"2020-10-27T10:55:12+00:00","dateModified":"2022-02-09T10:06:12+00:00","description":"Un totale di 2100 ginevrini ha partecipato all'installazione solare sul tetto dello Stade de Gen\u00e8ve acquistando azioni.","breadcrumb":{"@id":"https:\/\/www.organisator.ch\/sustainability\/2020-10-27\/stade-de-geneve-erzeugt-buergerstrom\/#breadcrumb"},"inLanguage":"it-IT","potentialAction":[{"@type":"ReadAction","target":["https:\/\/www.organisator.ch\/sustainability\/2020-10-27\/stade-de-geneve-erzeugt-buergerstrom\/"]}]},{"@type":"ImageObject","inLanguage":"it-IT","@id":"https:\/\/www.organisator.ch\/sustainability\/2020-10-27\/stade-de-geneve-erzeugt-buergerstrom\/#primaryimage","url":"https:\/\/www.organisator.ch\/wp-content\/uploads\/2020\/10\/DJI_0005-scaled.jpg","contentUrl":"https:\/\/www.organisator.ch\/wp-content\/uploads\/2020\/10\/DJI_0005-scaled.jpg","width":2560,"height":1440,"caption":"DCIM101MEDIADJI_0005.JPG"},{"@type":"BreadcrumbList","@id":"https:\/\/www.organisator.ch\/sustainability\/2020-10-27\/stade-de-geneve-erzeugt-buergerstrom\/#breadcrumb","itemListElement":[{"@type":"ListItem","position":1,"name":"Home","item":"https:\/\/www.organisator.ch\/"},{"@type":"ListItem","position":2,"name":"Stade de Gen\u00e8ve erzeugt B\u00fcrgerstrom"}]},{"@type":"WebSite","@id":"https:\/\/www.organisator.ch\/#website","url":"https:\/\/www.organisator.ch\/","name":"Organizzatore","description":"Competente. Pratico. In 10 numeri all'anno, ORGANISATOR presenta i temi essenziali per i manager delle PMI.","publisher":{"@id":"https:\/\/www.organisator.ch\/#organization"},"potentialAction":[{"@type":"SearchAction","target":{"@type":"EntryPoint","urlTemplate":"https:\/\/www.organisator.ch\/?s={search_term_string}"},"query-input":{"@type":"PropertyValueSpecification","valueRequired":true,"valueName":"search_term_string"}}],"inLanguage":"it-IT"},{"@type":"Organization","@id":"https:\/\/www.organisator.ch\/#organization","name":"Organizzatore","url":"https:\/\/www.organisator.ch\/","logo":{"@type":"ImageObject","inLanguage":"it-IT","@id":"https:\/\/www.organisator.ch\/#\/schema\/logo\/image\/","url":"https:\/\/www.organisator.ch\/wp-content\/uploads\/2022\/01\/Logo_Organisator_Website.png","contentUrl":"https:\/\/www.organisator.ch\/wp-content\/uploads\/2022\/01\/Logo_Organisator_Website.png","width":800,"height":77,"caption":"Organisator"},"image":{"@id":"https:\/\/www.organisator.ch\/#\/schema\/logo\/image\/"},"sameAs":["https:\/\/www.facebook.com\/OrganisatorFachmagazin","https:\/\/www.linkedin.com\/showcase\/organisator-das-magazin-fr-kmu","https:\/\/www.xing.com\/news\/pages\/organisator-ch-695","https:\/\/www.youtube.com\/channel\/UCGP2Sq0iWaZwT3BdIAQFYpw"]},{"@type":"Person","@id":"https:\/\/www.organisator.ch\/#\/schema\/person\/134708ca9321c57b0362cceb7948ffbd","name":"michael.merz","image":{"@type":"ImageObject","inLanguage":"it-IT","@id":"https:\/\/secure.gravatar.com\/avatar\/?s=96&d=mm&r=g","url":"https:\/\/secure.gravatar.com\/avatar\/?s=96&d=mm&r=g","contentUrl":"https:\/\/secure.gravatar.com\/avatar\/?s=96&d=mm&r=g","caption":"michael.merz"},"url":"https:\/\/www.organisator.ch\/it\/author\/michael-merz\/"}]}},"_links":{"self":[{"href":"https:\/\/www.organisator.ch\/it\/wp-json\/wp\/v2\/posts\/10219","targetHints":{"allow":["GET"]}}],"collection":[{"href":"https:\/\/www.organisator.ch\/it\/wp-json\/wp\/v2\/posts"}],"about":[{"href":"https:\/\/www.organisator.ch\/it\/wp-json\/wp\/v2\/types\/post"}],"author":[{"embeddable":true,"href":"https:\/\/www.organisator.ch\/it\/wp-json\/wp\/v2\/users\/5"}],"replies":[{"embeddable":true,"href":"https:\/\/www.organisator.ch\/it\/wp-json\/wp\/v2\/comments?post=10219"}],"version-history":[{"count":1,"href":"https:\/\/www.organisator.ch\/it\/wp-json\/wp\/v2\/posts\/10219\/revisions"}],"predecessor-version":[{"id":10515,"href":"https:\/\/www.organisator.ch\/it\/wp-json\/wp\/v2\/posts\/10219\/revisions\/10515"}],"wp:featuredmedia":[{"embeddable":true,"href":"https:\/\/www.organisator.ch\/it\/wp-json\/wp\/v2\/media\/3441"}],"wp:attachment":[{"href":"https:\/\/www.organisator.ch\/it\/wp-json\/wp\/v2\/media?parent=10219"}],"wp:term":[{"taxonomy":"category","embeddable":true,"href":"https:\/\/www.organisator.ch\/it\/wp-json\/wp\/v2\/categories?post=10219"},{"taxonomy":"post_tag","embeddable":true,"href":"https:\/\/www.organisator.ch\/it\/wp-json\/wp\/v2\/tags?post=10219"}],"curies":[{"name":"wp","href":"https:\/\/api.w.org\/{rel}","templated":true}]}}