{"id":10222,"date":"2020-11-10T14:21:32","date_gmt":"2020-11-10T13:21:32","guid":{"rendered":"https:\/\/www.umweltperspektiven.ch\/?p=3473"},"modified":"2022-02-09T11:06:12","modified_gmt":"2022-02-09T10:06:12","slug":"landwirtschaftliches-zentrum-salez-gewinnt-architekturpreis","status":"publish","type":"post","link":"https:\/\/www.organisator.ch\/it\/sustainability\/2020-11-10\/landwirtschaftliches-zentrum-salez-gewinnt-architekturpreis\/","title":{"rendered":"Il centro agricolo di Salez vince il premio di architettura"},"content":{"rendered":"<figure id=\"attachment_3474\" aria-describedby=\"caption-attachment-3474\" style=\"width: 680px\" class=\"wp-caption alignnone\"><img loading=\"lazy\" decoding=\"async\" class=\"size-medium wp-image-3474\" src=\"\/\/www.umweltperspektiven.ch\/wp-content\/uploads\/2020\/11\/Landwirtschaftliches-Zentrum-Salez-Architekturpreis-UP_Umwelt-Perspektiven.jpg\" alt=\"\" width=\"680\" height=\"452\" srcset=\"https:\/\/www.organisator.ch\/wp-content\/uploads\/2020\/11\/Landwirtschaftliches-Zentrum-Salez-Architekturpreis-UP_Umwelt-Perspektiven.jpg 1024w, https:\/\/www.organisator.ch\/wp-content\/uploads\/2020\/11\/Landwirtschaftliches-Zentrum-Salez-Architekturpreis-UP_Umwelt-Perspektiven-680x452.jpg 680w, https:\/\/www.organisator.ch\/wp-content\/uploads\/2020\/11\/Landwirtschaftliches-Zentrum-Salez-Architekturpreis-UP_Umwelt-Perspektiven-768x511.jpg 768w, https:\/\/www.organisator.ch\/wp-content\/uploads\/2020\/11\/Landwirtschaftliches-Zentrum-Salez-Architekturpreis-UP_Umwelt-Perspektiven-18x12.jpg 18w, https:\/\/www.organisator.ch\/wp-content\/uploads\/2020\/11\/Landwirtschaftliches-Zentrum-Salez-Architekturpreis-UP_Umwelt-Perspektiven-263x175.jpg 263w, https:\/\/www.organisator.ch\/wp-content\/uploads\/2020\/11\/Landwirtschaftliches-Zentrum-Salez-Architekturpreis-UP_Umwelt-Perspektiven-526x350.jpg 526w, https:\/\/www.organisator.ch\/wp-content\/uploads\/2020\/11\/Landwirtschaftliches-Zentrum-Salez-Architekturpreis-UP_Umwelt-Perspektiven-920x612.jpg 920w, https:\/\/www.organisator.ch\/wp-content\/uploads\/2020\/11\/Landwirtschaftliches-Zentrum-Salez-Architekturpreis-UP_Umwelt-Perspektiven-300x200.jpg 300w\" sizes=\"auto, (max-width: 680px) 100vw, 680px\" \/><figcaption id=\"caption-attachment-3474\" class=\"wp-caption-text\">Il centro agricolo di Salez \u00e8 stato costruito secondo il principio della bassa tecnologia. \u00c8 stato equipaggiato con la minor tecnologia possibile; per esempio, gli utenti possono ventilare l'edificio meccanicamente e a mano. (Foto: Seraina Wirz)<\/figcaption><\/figure>\n<p>La Svizzera e il Liechtenstein hanno assegnato il premio di architettura Constructive Alps a Salez. Il premio si \u00e8 tenuto per la quinta volta. Un totale di quasi 330 progetti sono stati presentati. Una giuria ha selezionato dieci lavori tra questi, di cui i primi tre riceveranno un totale di 50.000 CHF. Il Centro agricolo di Salez ha vinto il primo posto.<\/p>\n<p><strong>Centro agricolo Salez<\/strong><\/p>\n<p>Il Centro Agricolo Salez \u00e8 composto da un centro congressi, una tenuta, un vigneto statale e un frutteto. Insieme ai campi di prova a Flawil, \u00e8 gestito dal centro agricolo SG (LZSG). Questo ha anche centri di consulenza a Kaltbrunn e Sargans.<\/p>\n<p>Il cantone di San Gallo, insieme all'architetto Andy Senn, ha stabilito nuovi standard di efficienza climatica, secondo la giuria. Il nuovo edificio ha convinto la giuria perch\u00e9 \"porta avanti in modo coerente e intelligente il principio del 'low-tech', un metodo di costruzione il pi\u00f9 semplice possibile per una lunga durata\".<\/p>\n<p>L'edificio \u00e8 riscaldato con un sistema a cippato che utilizza materie prime sostenibili della regione. L'impianto di riscaldamento fornisce anche l'energia di riscaldamento per l'istituto penale cantonale Saxerriet e il centro scolastico superiore T\u00fcrggenau del comune di Sennwald attraverso una conduttura a lunga distanza.<\/p>\n<p>Un impianto fotovoltaico \u00e8 installato sul tetto piatto del nuovo edificio. Copre circa il 60 per cento della domanda di elettricit\u00e0.<\/p>\n<p><strong>\"Alpi costruttive\" di Salez convince\u00a0<\/strong><\/p>\n<p>Constructive Alps viene assegnato a progetti che sono convincenti in termini di costruzione e ristrutturazione sostenibile nelle Alpi. La Svizzera e il Liechtenstein hanno assegnato questo premio per la quinta volta, come dichiarato in un\u00a0<a href=\"\/\/www.are.admin.ch\/are\/de\/home\/medien-und-publikationen\/medienmitteilungen\/medienmitteilungen-im-dienst.msg-id-81021.html\"><strong>Comunicato stampa<\/strong><\/a>\u00a0significa.<\/p>\n<p>2Il centro agricolo di Salez \u00e8 quindi uno dei progetti che dimostrano che l'architettura pu\u00f2 combinare estetica e ragione climatica, secondo un comunicato dell'Ufficio federale dello sviluppo territoriale (ARE). L'edificio del centro \u00e8 stato progettato per essere il pi\u00f9 semplice possibile e per avere una lunga durata. Il cantone e l'architetto Andy Senn hanno cos\u00ec stabilito nuovi standard in termini di efficienza climatica.<\/p>\n<p><strong>Altri progetti vincenti\u00a0<\/strong><\/p>\n<p>Il nuovo edificio del centro agricolo di San Gallo a Salez \u00e8 stato inaugurato nel maggio 2019 dopo soli due anni di costruzione. Una sala di montaggio nel Vorarlberg e una locanda di montagna a Glarona sono arrivate al secondo e terzo posto. Oltre ai sette premi di riconoscimento, per la prima volta \u00e8 stato determinato anche un premio del pubblico.<\/p>\n<p><em>Per saperne di pi\u00f9 sul Constructive Alps Architecture Award <a href=\"\/\/www.constructivealps.net\/\">qui\u00a0<\/a><\/em><\/p>\n<p>&nbsp;<\/p>\n<p>&nbsp;<\/p>\n<p>&nbsp;<\/p>","protected":false},"excerpt":{"rendered":"<p>Die Schweiz und Liechtenstein haben den Architekturpreis Constructive Alps nach Salez vergeben. Der Preis wurde bereits zum f\u00fcnften Mal durchgef\u00fchrt. Insgesamt sind knapp 330 Projekte eingereicht worden. Eine Jury hat daraus zehn Beitr\u00e4ge ausgew\u00e4hlt, von denen die ersten drei insgesamt 50&#8217;000 Franken erhalten. Das\u00a0Landwirtschaftliche Zentrum Salez\u00a0hat den ersten Platz erreicht. Landwirtschaftliche Zentrum Salez Das Landwirtschaftliche [&hellip;]<\/p>\n","protected":false},"author":5,"featured_media":3474,"comment_status":"closed","ping_status":"closed","sticky":false,"template":"","format":"standard","meta":{"_acf_changed":false,"_yoast_wpseo_focuskw":"Salez","_yoast_wpseo_metadesc":"Das Landwirtschaftliche Zentrum St. Gallen in Salez wurde anfangs November 2020 mit dem Architekturpreis Constructive Alps ausgezeichnet.","articlekey":"","footnotes":""},"categories":[580],"tags":[725,943,1374,1592,1626,1643,424],"class_list":["post-10222","post","type-post","status-publish","format-standard","has-post-thumbnail","hentry","category-sustainability","tag-architekturpreis","tag-constructive-alps","tag-holzschnitzelanlage","tag-landwirtschaft","tag-liechtenstein","tag-low-tech","tag-schweiz"],"acf":[],"yoast_head":"<!-- This site is optimized with the Yoast SEO plugin v27.4 - https:\/\/yoast.com\/product\/yoast-seo-wordpress\/ -->\n<title>Landwirtschaftliches Zentrum Salez gewinnt Architekturpreis - Organisator<\/title>\n<meta name=\"description\" content=\"Das Landwirtschaftliche Zentrum St. Gallen in Salez wurde anfangs November 2020 mit dem Architekturpreis Constructive Alps ausgezeichnet.\" \/>\n<meta name=\"robots\" content=\"index, follow, max-snippet:-1, max-image-preview:large, max-video-preview:-1\" \/>\n<link rel=\"canonical\" href=\"https:\/\/www.organisator.ch\/it\/sostenibilita\/2020-11-10\/landwirtschaftliches-zentrum-salez-gewinnt-architekturpreis\/\" \/>\n<meta property=\"og:locale\" content=\"it_IT\" \/>\n<meta property=\"og:type\" content=\"article\" \/>\n<meta property=\"og:title\" content=\"Landwirtschaftliches Zentrum Salez gewinnt Architekturpreis - Organisator\" \/>\n<meta property=\"og:description\" content=\"Das Landwirtschaftliche Zentrum St. Gallen in Salez wurde anfangs November 2020 mit dem Architekturpreis Constructive Alps ausgezeichnet.\" \/>\n<meta property=\"og:url\" content=\"https:\/\/www.organisator.ch\/it\/sostenibilita\/2020-11-10\/landwirtschaftliches-zentrum-salez-gewinnt-architekturpreis\/\" \/>\n<meta property=\"og:site_name\" content=\"Organisator\" \/>\n<meta property=\"article:publisher\" content=\"https:\/\/www.facebook.com\/OrganisatorFachmagazin\" \/>\n<meta property=\"article:published_time\" content=\"2020-11-10T13:21:32+00:00\" \/>\n<meta property=\"article:modified_time\" content=\"2022-02-09T10:06:12+00:00\" \/>\n<meta property=\"og:image\" content=\"https:\/\/www.organisator.ch\/wp-content\/uploads\/2020\/11\/Landwirtschaftliches-Zentrum-Salez-Architekturpreis-UP_Umwelt-Perspektiven.jpg\" \/>\n\t<meta property=\"og:image:width\" content=\"1024\" \/>\n\t<meta property=\"og:image:height\" content=\"681\" \/>\n\t<meta property=\"og:image:type\" content=\"image\/jpeg\" \/>\n<meta name=\"author\" content=\"michael.merz\" \/>\n<meta name=\"twitter:card\" content=\"summary_large_image\" \/>\n<script type=\"application\/ld+json\" class=\"yoast-schema-graph\">{\"@context\":\"https:\\\/\\\/schema.org\",\"@graph\":[{\"@type\":\"Article\",\"@id\":\"https:\\\/\\\/www.organisator.ch\\\/sustainability\\\/2020-11-10\\\/landwirtschaftliches-zentrum-salez-gewinnt-architekturpreis\\\/#article\",\"isPartOf\":{\"@id\":\"https:\\\/\\\/www.organisator.ch\\\/sustainability\\\/2020-11-10\\\/landwirtschaftliches-zentrum-salez-gewinnt-architekturpreis\\\/\"},\"author\":{\"name\":\"michael.merz\",\"@id\":\"https:\\\/\\\/www.organisator.ch\\\/#\\\/schema\\\/person\\\/134708ca9321c57b0362cceb7948ffbd\"},\"headline\":\"Landwirtschaftliches Zentrum Salez gewinnt Architekturpreis\",\"datePublished\":\"2020-11-10T13:21:32+00:00\",\"dateModified\":\"2022-02-09T10:06:12+00:00\",\"mainEntityOfPage\":{\"@id\":\"https:\\\/\\\/www.organisator.ch\\\/sustainability\\\/2020-11-10\\\/landwirtschaftliches-zentrum-salez-gewinnt-architekturpreis\\\/\"},\"wordCount\":410,\"publisher\":{\"@id\":\"https:\\\/\\\/www.organisator.ch\\\/#organization\"},\"image\":{\"@id\":\"https:\\\/\\\/www.organisator.ch\\\/sustainability\\\/2020-11-10\\\/landwirtschaftliches-zentrum-salez-gewinnt-architekturpreis\\\/#primaryimage\"},\"thumbnailUrl\":\"https:\\\/\\\/www.organisator.ch\\\/wp-content\\\/uploads\\\/2020\\\/11\\\/Landwirtschaftliches-Zentrum-Salez-Architekturpreis-UP_Umwelt-Perspektiven.jpg\",\"keywords\":[\"Architekturpreis\",\"Constructive Alps\",\"Holzschnitzelanlage\",\"Landwirtschaft\",\"Liechtenstein\",\"Low Tech\",\"Schweiz\"],\"articleSection\":[\"SUSTAINABILITY\"],\"inLanguage\":\"it-IT\"},{\"@type\":\"WebPage\",\"@id\":\"https:\\\/\\\/www.organisator.ch\\\/sustainability\\\/2020-11-10\\\/landwirtschaftliches-zentrum-salez-gewinnt-architekturpreis\\\/\",\"url\":\"https:\\\/\\\/www.organisator.ch\\\/sustainability\\\/2020-11-10\\\/landwirtschaftliches-zentrum-salez-gewinnt-architekturpreis\\\/\",\"name\":\"Landwirtschaftliches Zentrum Salez gewinnt Architekturpreis - Organisator\",\"isPartOf\":{\"@id\":\"https:\\\/\\\/www.organisator.ch\\\/#website\"},\"primaryImageOfPage\":{\"@id\":\"https:\\\/\\\/www.organisator.ch\\\/sustainability\\\/2020-11-10\\\/landwirtschaftliches-zentrum-salez-gewinnt-architekturpreis\\\/#primaryimage\"},\"image\":{\"@id\":\"https:\\\/\\\/www.organisator.ch\\\/sustainability\\\/2020-11-10\\\/landwirtschaftliches-zentrum-salez-gewinnt-architekturpreis\\\/#primaryimage\"},\"thumbnailUrl\":\"https:\\\/\\\/www.organisator.ch\\\/wp-content\\\/uploads\\\/2020\\\/11\\\/Landwirtschaftliches-Zentrum-Salez-Architekturpreis-UP_Umwelt-Perspektiven.jpg\",\"datePublished\":\"2020-11-10T13:21:32+00:00\",\"dateModified\":\"2022-02-09T10:06:12+00:00\",\"description\":\"Das Landwirtschaftliche Zentrum St. Gallen in Salez wurde anfangs November 2020 mit dem Architekturpreis Constructive Alps ausgezeichnet.\",\"breadcrumb\":{\"@id\":\"https:\\\/\\\/www.organisator.ch\\\/sustainability\\\/2020-11-10\\\/landwirtschaftliches-zentrum-salez-gewinnt-architekturpreis\\\/#breadcrumb\"},\"inLanguage\":\"it-IT\",\"potentialAction\":[{\"@type\":\"ReadAction\",\"target\":[\"https:\\\/\\\/www.organisator.ch\\\/sustainability\\\/2020-11-10\\\/landwirtschaftliches-zentrum-salez-gewinnt-architekturpreis\\\/\"]}]},{\"@type\":\"ImageObject\",\"inLanguage\":\"it-IT\",\"@id\":\"https:\\\/\\\/www.organisator.ch\\\/sustainability\\\/2020-11-10\\\/landwirtschaftliches-zentrum-salez-gewinnt-architekturpreis\\\/#primaryimage\",\"url\":\"https:\\\/\\\/www.organisator.ch\\\/wp-content\\\/uploads\\\/2020\\\/11\\\/Landwirtschaftliches-Zentrum-Salez-Architekturpreis-UP_Umwelt-Perspektiven.jpg\",\"contentUrl\":\"https:\\\/\\\/www.organisator.ch\\\/wp-content\\\/uploads\\\/2020\\\/11\\\/Landwirtschaftliches-Zentrum-Salez-Architekturpreis-UP_Umwelt-Perspektiven.jpg\",\"width\":1024,\"height\":681,\"caption\":\"Das Landwirtschafts-Geb\u00e4ude in Salez ist gem\u00e4ss dem Low-Tech-Prinzip gebaut worden. Dabei wurde es mit m\u00f6glichst wenig Technik ausgestattet; zum Beispiel k\u00f6nnen die Nutzerinnen und Nutzer das Geb\u00e4ude mechanisch und von Hand l\u00fcften. (Bild: Seraina Wirz)\"},{\"@type\":\"BreadcrumbList\",\"@id\":\"https:\\\/\\\/www.organisator.ch\\\/sustainability\\\/2020-11-10\\\/landwirtschaftliches-zentrum-salez-gewinnt-architekturpreis\\\/#breadcrumb\",\"itemListElement\":[{\"@type\":\"ListItem\",\"position\":1,\"name\":\"Home\",\"item\":\"https:\\\/\\\/www.organisator.ch\\\/\"},{\"@type\":\"ListItem\",\"position\":2,\"name\":\"Landwirtschaftliches Zentrum Salez gewinnt Architekturpreis\"}]},{\"@type\":\"WebSite\",\"@id\":\"https:\\\/\\\/www.organisator.ch\\\/#website\",\"url\":\"https:\\\/\\\/www.organisator.ch\\\/\",\"name\":\"Organisator\",\"description\":\"Kompetent. Praxisnah. Der ORGANISATOR bereitet in 10 Ausgaben pro Jahr die wesentlichen Themen f\u00fcr F\u00fchrungskr\u00e4fte von KMU auf.\",\"publisher\":{\"@id\":\"https:\\\/\\\/www.organisator.ch\\\/#organization\"},\"potentialAction\":[{\"@type\":\"SearchAction\",\"target\":{\"@type\":\"EntryPoint\",\"urlTemplate\":\"https:\\\/\\\/www.organisator.ch\\\/?s={search_term_string}\"},\"query-input\":{\"@type\":\"PropertyValueSpecification\",\"valueRequired\":true,\"valueName\":\"search_term_string\"}}],\"inLanguage\":\"it-IT\"},{\"@type\":\"Organization\",\"@id\":\"https:\\\/\\\/www.organisator.ch\\\/#organization\",\"name\":\"Organisator\",\"url\":\"https:\\\/\\\/www.organisator.ch\\\/\",\"logo\":{\"@type\":\"ImageObject\",\"inLanguage\":\"it-IT\",\"@id\":\"https:\\\/\\\/www.organisator.ch\\\/#\\\/schema\\\/logo\\\/image\\\/\",\"url\":\"https:\\\/\\\/www.organisator.ch\\\/wp-content\\\/uploads\\\/2022\\\/01\\\/Logo_Organisator_Website.png\",\"contentUrl\":\"https:\\\/\\\/www.organisator.ch\\\/wp-content\\\/uploads\\\/2022\\\/01\\\/Logo_Organisator_Website.png\",\"width\":800,\"height\":77,\"caption\":\"Organisator\"},\"image\":{\"@id\":\"https:\\\/\\\/www.organisator.ch\\\/#\\\/schema\\\/logo\\\/image\\\/\"},\"sameAs\":[\"https:\\\/\\\/www.facebook.com\\\/OrganisatorFachmagazin\",\"https:\\\/\\\/www.linkedin.com\\\/showcase\\\/organisator-das-magazin-fr-kmu\",\"https:\\\/\\\/www.xing.com\\\/news\\\/pages\\\/organisator-ch-695\",\"https:\\\/\\\/www.youtube.com\\\/channel\\\/UCGP2Sq0iWaZwT3BdIAQFYpw\"]},{\"@type\":\"Person\",\"@id\":\"https:\\\/\\\/www.organisator.ch\\\/#\\\/schema\\\/person\\\/134708ca9321c57b0362cceb7948ffbd\",\"name\":\"michael.merz\",\"image\":{\"@type\":\"ImageObject\",\"inLanguage\":\"it-IT\",\"@id\":\"https:\\\/\\\/secure.gravatar.com\\\/avatar\\\/?s=96&d=mm&r=g\",\"url\":\"https:\\\/\\\/secure.gravatar.com\\\/avatar\\\/?s=96&d=mm&r=g\",\"contentUrl\":\"https:\\\/\\\/secure.gravatar.com\\\/avatar\\\/?s=96&d=mm&r=g\",\"caption\":\"michael.merz\"},\"url\":\"https:\\\/\\\/www.organisator.ch\\\/it\\\/author\\\/michael-merz\\\/\"}]}<\/script>\n<!-- \/ Yoast SEO plugin. -->","yoast_head_json":{"title":"Il Centro agricolo di Salez vince il premio di architettura - Organizzatore","description":"Il Centro agricolo di San Gallo a Salez ha ricevuto il premio di architettura Constructive Alps all'inizio di novembre 2020.","robots":{"index":"index","follow":"follow","max-snippet":"max-snippet:-1","max-image-preview":"max-image-preview:large","max-video-preview":"max-video-preview:-1"},"canonical":"https:\/\/www.organisator.ch\/it\/sostenibilita\/2020-11-10\/landwirtschaftliches-zentrum-salez-gewinnt-architekturpreis\/","og_locale":"it_IT","og_type":"article","og_title":"Landwirtschaftliches Zentrum Salez gewinnt Architekturpreis - Organisator","og_description":"Das Landwirtschaftliche Zentrum St. Gallen in Salez wurde anfangs November 2020 mit dem Architekturpreis Constructive Alps ausgezeichnet.","og_url":"https:\/\/www.organisator.ch\/it\/sostenibilita\/2020-11-10\/landwirtschaftliches-zentrum-salez-gewinnt-architekturpreis\/","og_site_name":"Organisator","article_publisher":"https:\/\/www.facebook.com\/OrganisatorFachmagazin","article_published_time":"2020-11-10T13:21:32+00:00","article_modified_time":"2022-02-09T10:06:12+00:00","og_image":[{"width":1024,"height":681,"url":"https:\/\/www.organisator.ch\/wp-content\/uploads\/2020\/11\/Landwirtschaftliches-Zentrum-Salez-Architekturpreis-UP_Umwelt-Perspektiven.jpg","type":"image\/jpeg"}],"author":"michael.merz","twitter_card":"summary_large_image","schema":{"@context":"https:\/\/schema.org","@graph":[{"@type":"Article","@id":"https:\/\/www.organisator.ch\/sustainability\/2020-11-10\/landwirtschaftliches-zentrum-salez-gewinnt-architekturpreis\/#article","isPartOf":{"@id":"https:\/\/www.organisator.ch\/sustainability\/2020-11-10\/landwirtschaftliches-zentrum-salez-gewinnt-architekturpreis\/"},"author":{"name":"michael.merz","@id":"https:\/\/www.organisator.ch\/#\/schema\/person\/134708ca9321c57b0362cceb7948ffbd"},"headline":"Landwirtschaftliches Zentrum Salez gewinnt Architekturpreis","datePublished":"2020-11-10T13:21:32+00:00","dateModified":"2022-02-09T10:06:12+00:00","mainEntityOfPage":{"@id":"https:\/\/www.organisator.ch\/sustainability\/2020-11-10\/landwirtschaftliches-zentrum-salez-gewinnt-architekturpreis\/"},"wordCount":410,"publisher":{"@id":"https:\/\/www.organisator.ch\/#organization"},"image":{"@id":"https:\/\/www.organisator.ch\/sustainability\/2020-11-10\/landwirtschaftliches-zentrum-salez-gewinnt-architekturpreis\/#primaryimage"},"thumbnailUrl":"https:\/\/www.organisator.ch\/wp-content\/uploads\/2020\/11\/Landwirtschaftliches-Zentrum-Salez-Architekturpreis-UP_Umwelt-Perspektiven.jpg","keywords":["Architekturpreis","Constructive Alps","Holzschnitzelanlage","Landwirtschaft","Liechtenstein","Low Tech","Schweiz"],"articleSection":["SUSTAINABILITY"],"inLanguage":"it-IT"},{"@type":"WebPage","@id":"https:\/\/www.organisator.ch\/sustainability\/2020-11-10\/landwirtschaftliches-zentrum-salez-gewinnt-architekturpreis\/","url":"https:\/\/www.organisator.ch\/sustainability\/2020-11-10\/landwirtschaftliches-zentrum-salez-gewinnt-architekturpreis\/","name":"Il Centro agricolo di Salez vince il premio di architettura - Organizzatore","isPartOf":{"@id":"https:\/\/www.organisator.ch\/#website"},"primaryImageOfPage":{"@id":"https:\/\/www.organisator.ch\/sustainability\/2020-11-10\/landwirtschaftliches-zentrum-salez-gewinnt-architekturpreis\/#primaryimage"},"image":{"@id":"https:\/\/www.organisator.ch\/sustainability\/2020-11-10\/landwirtschaftliches-zentrum-salez-gewinnt-architekturpreis\/#primaryimage"},"thumbnailUrl":"https:\/\/www.organisator.ch\/wp-content\/uploads\/2020\/11\/Landwirtschaftliches-Zentrum-Salez-Architekturpreis-UP_Umwelt-Perspektiven.jpg","datePublished":"2020-11-10T13:21:32+00:00","dateModified":"2022-02-09T10:06:12+00:00","description":"Il Centro agricolo di San Gallo a Salez ha ricevuto il premio di architettura Constructive Alps all'inizio di novembre 2020.","breadcrumb":{"@id":"https:\/\/www.organisator.ch\/sustainability\/2020-11-10\/landwirtschaftliches-zentrum-salez-gewinnt-architekturpreis\/#breadcrumb"},"inLanguage":"it-IT","potentialAction":[{"@type":"ReadAction","target":["https:\/\/www.organisator.ch\/sustainability\/2020-11-10\/landwirtschaftliches-zentrum-salez-gewinnt-architekturpreis\/"]}]},{"@type":"ImageObject","inLanguage":"it-IT","@id":"https:\/\/www.organisator.ch\/sustainability\/2020-11-10\/landwirtschaftliches-zentrum-salez-gewinnt-architekturpreis\/#primaryimage","url":"https:\/\/www.organisator.ch\/wp-content\/uploads\/2020\/11\/Landwirtschaftliches-Zentrum-Salez-Architekturpreis-UP_Umwelt-Perspektiven.jpg","contentUrl":"https:\/\/www.organisator.ch\/wp-content\/uploads\/2020\/11\/Landwirtschaftliches-Zentrum-Salez-Architekturpreis-UP_Umwelt-Perspektiven.jpg","width":1024,"height":681,"caption":"Das Landwirtschafts-Geb\u00e4ude in Salez ist gem\u00e4ss dem Low-Tech-Prinzip gebaut worden. Dabei wurde es mit m\u00f6glichst wenig Technik ausgestattet; zum Beispiel k\u00f6nnen die Nutzerinnen und Nutzer das Geb\u00e4ude mechanisch und von Hand l\u00fcften. (Bild: Seraina Wirz)"},{"@type":"BreadcrumbList","@id":"https:\/\/www.organisator.ch\/sustainability\/2020-11-10\/landwirtschaftliches-zentrum-salez-gewinnt-architekturpreis\/#breadcrumb","itemListElement":[{"@type":"ListItem","position":1,"name":"Home","item":"https:\/\/www.organisator.ch\/"},{"@type":"ListItem","position":2,"name":"Landwirtschaftliches Zentrum Salez gewinnt Architekturpreis"}]},{"@type":"WebSite","@id":"https:\/\/www.organisator.ch\/#website","url":"https:\/\/www.organisator.ch\/","name":"Organizzatore","description":"Competente. Pratico. In 10 numeri all'anno, ORGANISATOR presenta i temi essenziali per i manager delle PMI.","publisher":{"@id":"https:\/\/www.organisator.ch\/#organization"},"potentialAction":[{"@type":"SearchAction","target":{"@type":"EntryPoint","urlTemplate":"https:\/\/www.organisator.ch\/?s={search_term_string}"},"query-input":{"@type":"PropertyValueSpecification","valueRequired":true,"valueName":"search_term_string"}}],"inLanguage":"it-IT"},{"@type":"Organization","@id":"https:\/\/www.organisator.ch\/#organization","name":"Organizzatore","url":"https:\/\/www.organisator.ch\/","logo":{"@type":"ImageObject","inLanguage":"it-IT","@id":"https:\/\/www.organisator.ch\/#\/schema\/logo\/image\/","url":"https:\/\/www.organisator.ch\/wp-content\/uploads\/2022\/01\/Logo_Organisator_Website.png","contentUrl":"https:\/\/www.organisator.ch\/wp-content\/uploads\/2022\/01\/Logo_Organisator_Website.png","width":800,"height":77,"caption":"Organisator"},"image":{"@id":"https:\/\/www.organisator.ch\/#\/schema\/logo\/image\/"},"sameAs":["https:\/\/www.facebook.com\/OrganisatorFachmagazin","https:\/\/www.linkedin.com\/showcase\/organisator-das-magazin-fr-kmu","https:\/\/www.xing.com\/news\/pages\/organisator-ch-695","https:\/\/www.youtube.com\/channel\/UCGP2Sq0iWaZwT3BdIAQFYpw"]},{"@type":"Person","@id":"https:\/\/www.organisator.ch\/#\/schema\/person\/134708ca9321c57b0362cceb7948ffbd","name":"michael.merz","image":{"@type":"ImageObject","inLanguage":"it-IT","@id":"https:\/\/secure.gravatar.com\/avatar\/?s=96&d=mm&r=g","url":"https:\/\/secure.gravatar.com\/avatar\/?s=96&d=mm&r=g","contentUrl":"https:\/\/secure.gravatar.com\/avatar\/?s=96&d=mm&r=g","caption":"michael.merz"},"url":"https:\/\/www.organisator.ch\/it\/author\/michael-merz\/"}]}},"_links":{"self":[{"href":"https:\/\/www.organisator.ch\/it\/wp-json\/wp\/v2\/posts\/10222","targetHints":{"allow":["GET"]}}],"collection":[{"href":"https:\/\/www.organisator.ch\/it\/wp-json\/wp\/v2\/posts"}],"about":[{"href":"https:\/\/www.organisator.ch\/it\/wp-json\/wp\/v2\/types\/post"}],"author":[{"embeddable":true,"href":"https:\/\/www.organisator.ch\/it\/wp-json\/wp\/v2\/users\/5"}],"replies":[{"embeddable":true,"href":"https:\/\/www.organisator.ch\/it\/wp-json\/wp\/v2\/comments?post=10222"}],"version-history":[{"count":1,"href":"https:\/\/www.organisator.ch\/it\/wp-json\/wp\/v2\/posts\/10222\/revisions"}],"predecessor-version":[{"id":10513,"href":"https:\/\/www.organisator.ch\/it\/wp-json\/wp\/v2\/posts\/10222\/revisions\/10513"}],"wp:featuredmedia":[{"embeddable":true,"href":"https:\/\/www.organisator.ch\/it\/wp-json\/wp\/v2\/media\/3474"}],"wp:attachment":[{"href":"https:\/\/www.organisator.ch\/it\/wp-json\/wp\/v2\/media?parent=10222"}],"wp:term":[{"taxonomy":"category","embeddable":true,"href":"https:\/\/www.organisator.ch\/it\/wp-json\/wp\/v2\/categories?post=10222"},{"taxonomy":"post_tag","embeddable":true,"href":"https:\/\/www.organisator.ch\/it\/wp-json\/wp\/v2\/tags?post=10222"}],"curies":[{"name":"wp","href":"https:\/\/api.w.org\/{rel}","templated":true}]}}