{"id":10226,"date":"2020-11-24T13:08:40","date_gmt":"2020-11-24T12:08:40","guid":{"rendered":"https:\/\/www.umweltperspektiven.ch\/?p=3527"},"modified":"2022-02-09T11:06:48","modified_gmt":"2022-02-09T10:06:48","slug":"neutronen-weisen-luftverschmutzung-nach","status":"publish","type":"post","link":"https:\/\/www.organisator.ch\/it\/sustainability\/2020-11-24\/neutronen-weisen-luftverschmutzung-nach\/","title":{"rendered":"I neutroni rilevano l'inquinamento dell'aria"},"content":{"rendered":"<figure id=\"attachment_3528\" aria-describedby=\"caption-attachment-3528\" style=\"width: 680px\" class=\"wp-caption alignnone\"><img loading=\"lazy\" decoding=\"async\" class=\"size-medium wp-image-3528\" src=\"\/\/www.umweltperspektiven.ch\/wp-content\/uploads\/2020\/11\/olivenbaum_UP_Umwelt-Perspektiven.jpg\" alt=\"\" width=\"680\" height=\"440\" srcset=\"https:\/\/www.organisator.ch\/wp-content\/uploads\/2020\/11\/olivenbaum_UP_Umwelt-Perspektiven.jpg 1626w, https:\/\/www.organisator.ch\/wp-content\/uploads\/2020\/11\/olivenbaum_UP_Umwelt-Perspektiven-680x440.jpg 680w, https:\/\/www.organisator.ch\/wp-content\/uploads\/2020\/11\/olivenbaum_UP_Umwelt-Perspektiven-1024x663.jpg 1024w, https:\/\/www.organisator.ch\/wp-content\/uploads\/2020\/11\/olivenbaum_UP_Umwelt-Perspektiven-768x497.jpg 768w, https:\/\/www.organisator.ch\/wp-content\/uploads\/2020\/11\/olivenbaum_UP_Umwelt-Perspektiven-1536x994.jpg 1536w, https:\/\/www.organisator.ch\/wp-content\/uploads\/2020\/11\/olivenbaum_UP_Umwelt-Perspektiven-18x12.jpg 18w, https:\/\/www.organisator.ch\/wp-content\/uploads\/2020\/11\/olivenbaum_UP_Umwelt-Perspektiven-270x175.jpg 270w, https:\/\/www.organisator.ch\/wp-content\/uploads\/2020\/11\/olivenbaum_UP_Umwelt-Perspektiven-541x350.jpg 541w, https:\/\/www.organisator.ch\/wp-content\/uploads\/2020\/11\/olivenbaum_UP_Umwelt-Perspektiven-1237x800.jpg 1237w, https:\/\/www.organisator.ch\/wp-content\/uploads\/2020\/11\/olivenbaum_UP_Umwelt-Perspektiven-920x595.jpg 920w, https:\/\/www.organisator.ch\/wp-content\/uploads\/2020\/11\/olivenbaum_UP_Umwelt-Perspektiven-1400x906.jpg 1400w, https:\/\/www.organisator.ch\/wp-content\/uploads\/2020\/11\/olivenbaum_UP_Umwelt-Perspektiven-300x194.jpg 300w\" sizes=\"auto, (max-width: 680px) 100vw, 680px\" \/><figcaption id=\"caption-attachment-3528\" class=\"wp-caption-text\">Licheni su un tronco d'ulivo - fotografato vicino a Ponte de Sor (Contea di Portalegre, Portogallo). (Copyrights: Dr. Nuno Canha \/ Univ. Lisabon - via TU Muenchen, FRM 2, MLZ)\u00a0<\/figcaption><\/figure>\n<p>Tradizione contro inquinamento dell'aria: nella regione intorno a Ponte de Sor (contea di Portalegre, Portogallo), il carbone di legna \u00e8 stato prodotto per secoli facendo bruciare la legna nelle carbonaie. Ma la produzione tradizionale di carbone di legna non solo fornisce posti di lavoro, ma anche aria cattiva.<\/p>\n<p>Lamentele sull'odore, nuvole di fumo in inverno, rapporti di asma e altre malattie respiratorie non sono rare, dice il chimico Dr Nuno Canha dell'Instituto Superior T\u00e9cnico dell'Universit\u00e0 di Lisbona. Tuttavia, non ci sono state finora misurazioni ufficiali della qualit\u00e0 dell'aria.<\/p>\n<p><strong>I licheni assorbono le sostanze inquinanti dall'aria<\/strong><\/p>\n<p>Alla ricerca di un metodo per misurare la qualit\u00e0 dell'aria in modo indiretto, il dottor Nuno Canha si \u00e8 imbattuto nella prompt gamma activation analysis (PGAA), che \u00e8 possibile grazie ai neutroni dell'FRM II di Garching. Qui, i neutroni attivano le tracce di inquinanti, che sono poi ancora rilevabili anche nelle pi\u00f9 piccole concentrazioni.<\/p>\n<p>Per il suo studio, il dottor Canha ha raccolto i licheni che crescono sui tronchi d'ulivo nella zona delle carbonaie. I licheni sono una comunit\u00e0 di funghi e alghe senza radici. \"Poich\u00e9 assorbono tutte le loro sostanze nutritive attraverso l'aria, sono eccellenti indicatori della qualit\u00e0 dell'aria\", dice Nuno Canha. Ha raccolto un lotto in primavera e l'altro in autunno per escludere le differenze stagionali.<\/p>\n<p><strong>Pi\u00f9 stress vicino alle cataste di carbone<\/strong><\/p>\n<p>Un indicatore dell'esposizione dei licheni agli inquinanti atmosferici \u00e8 la loro conduttivit\u00e0, perch\u00e9 le sottili membrane cellulari si rompono sotto stress estremo, il che aumenta la conduttivit\u00e0 dei licheni.<\/p>\n<p>Nuno Canha ha scoperto che i licheni nelle immediate vicinanze dei forni per la produzione di carbone avevano il doppio della conducibilit\u00e0 in autunno rispetto ai licheni pi\u00f9 lontani dai forni. In primavera, questa differenza tra i singoli siti non era cos\u00ec evidente.<\/p>\n<p>Lo scienziato sospetta che questo sia dovuto al precedente periodo piovoso prima della raccolta dei licheni in primavera, che abbassa il livello di stress delle creature, mentre era piuttosto secco prima della raccolta in autunno.<\/p>\n<p><strong>Altre fonti di inquinamento in autunno e primavera<\/strong><\/p>\n<p>Insieme a TUM scienziati Dr Zsolt R\u00e9vay e Dr Christian Stieghorst, Nuno Canha rilevato 22 elementi nei licheni utilizzando l'analisi di attivazione gamma prompt.<\/p>\n<p>Le concentrazioni degli elementi fosforo (P) e zolfo (S), che sono presenti nel fumo della legna che brucia, erano particolarmente diverse in autunno. I licheni raccolti da Canha nelle immediate vicinanze delle carbonaie contenevano pi\u00f9 del doppio di P e le pi\u00f9 alte concentrazioni di S in autunno, rispetto a tutti gli altri luoghi.<\/p>\n<p>\"Questo si adatta bene alle misure di conducibilit\u00e0, che attestano anche un maggiore stress per i licheni in autunno direttamente accanto alle fornaci\", dice Canha. Al contrario, in primavera erano soprattutto i licheni vicino a una zona popolata con poco traffico a contenere pi\u00f9 zolfo e fosforo. Nuno Canha lo attribuisce ai fumi di scarico delle stufe a legna private e alle influenze meteorologiche.<\/p>\n<p>Nuno Canha spera che lo studio porter\u00e0 l'impatto della produzione di carbone tradizionale sulla qualit\u00e0 dell'aria pi\u00f9 al centro dell'attenzione delle autorit\u00e0. Per esempio, i filtri dell'aria potrebbero rimuovere gli inquinanti dal gas di scarico.<\/p>\n<p><em>Pubblicazione:<\/em><\/p>\n<p><em>Nuno Canha, Ana Rita Justino, Catarina Galinha, Joana Lage, Christian Stieghorst, Zsolt Revay, C\u00e9lia Alves, Susana Marta Almeida-<\/em><br \/>\n<em>Caratterizzazione elementare di licheni nativi raccolti in un'area interessata dalla produzione tradizionale di carbone di legna<\/em><br \/>\n<em>Journal of Radioanalytical and Nuclear Chemistry 325:293-302 (2020)<\/em><br \/>\n<em><a href=\"\/\/link.springer.com\/article\/10.1007\/s10967-020-07224-3\">https:\/\/link.springer.com\/article\/10.1007\/s10967-020-07224-3<\/a><\/em><\/p>\n<p><strong>Pi\u00f9 informazioni:<\/strong><\/p>\n<p>Il lavoro \u00e8 stato finanziato dalla Funda\u00e7\u00e3o para a Ci\u00eancia e a Tecnologia portoghese.<br \/>\nFonte di neutroni di ricerca Heinz Maier-Leibnitz: <a href=\"\/\/www.frm2.tum.de\">https:\/\/www.frm2.tum.de<\/a><\/p>\n<p>Centro Heinz Maier-Leibnitz: <a href=\"\/\/mlz-garching.de\/pgaa\/de\">https:\/\/mlz-garching.de\/pgaa\/de<\/a><\/p>\n<p>T\u00e9cnico Lisboa: <a href=\"\/\/tecnico.ulisboa.pt\/en\/\">https:\/\/tecnico.ulisboa.pt\/en\/<\/a><\/p>\n<p>&nbsp;<\/p>","protected":false},"excerpt":{"rendered":"<p>Tradition versus Luftverschmutzung: In der Region um Ponte de Sor (Landkreis Portalegre, Portugal) wird seit Jahrhunderten Kohle durch Verschwelen von Holz in Kohlenmeilern hergestellt. Doch die traditionelle Holzkohleherstellung sorgt nicht nur f\u00fcr Arbeitspl\u00e4tze, sondern auch f\u00fcr schlechte Luft. Klagen \u00fcber den Geruch, Rauchschwaden im Winter, Berichte von Asthma und anderen Atemwegserkrankungen seien keine Seltenheit, sagt [&hellip;]<\/p>\n","protected":false},"author":5,"featured_media":3528,"comment_status":"closed","ping_status":"closed","sticky":false,"template":"","format":"standard","meta":{"_acf_changed":false,"_yoast_wpseo_focuskw":"Luftverschmutzung","_yoast_wpseo_metadesc":"Portugiesische Wissenschaftler untersuchen mit Hilfe der Forschungs-Neutronenquelle Heinz Maier-Leibnitz (FRM II) die Luftverschmutzung.","articlekey":"","footnotes":""},"categories":[580],"tags":[1189,1544,1653,1834,1937,2059,460],"class_list":["post-10226","post","type-post","status-publish","format-standard","has-post-thumbnail","hentry","category-sustainability","tag-flechten","tag-kohlestaub","tag-luftverschmutzung","tag-neutronen","tag-portugal","tag-schadstoffe","tag-studien"],"acf":[],"yoast_head":"<!-- This site is optimized with the Yoast SEO plugin v27.4 - https:\/\/yoast.com\/product\/yoast-seo-wordpress\/ -->\n<title>Neutronen weisen Luftverschmutzung nach - Organisator<\/title>\n<meta name=\"description\" content=\"Portugiesische Wissenschaftler untersuchen mit Hilfe der Forschungs-Neutronenquelle Heinz Maier-Leibnitz (FRM II) die Luftverschmutzung.\" \/>\n<meta name=\"robots\" content=\"index, follow, max-snippet:-1, max-image-preview:large, max-video-preview:-1\" \/>\n<link rel=\"canonical\" href=\"https:\/\/www.organisator.ch\/it\/sostenibilita\/2020-11-24\/neutronen-weisen-luftverschmutzung-nach\/\" \/>\n<meta property=\"og:locale\" content=\"it_IT\" \/>\n<meta property=\"og:type\" content=\"article\" \/>\n<meta property=\"og:title\" content=\"Neutronen weisen Luftverschmutzung nach - Organisator\" \/>\n<meta property=\"og:description\" content=\"Portugiesische Wissenschaftler untersuchen mit Hilfe der Forschungs-Neutronenquelle Heinz Maier-Leibnitz (FRM II) die Luftverschmutzung.\" \/>\n<meta property=\"og:url\" content=\"https:\/\/www.organisator.ch\/it\/sostenibilita\/2020-11-24\/neutronen-weisen-luftverschmutzung-nach\/\" \/>\n<meta property=\"og:site_name\" content=\"Organisator\" \/>\n<meta property=\"article:publisher\" content=\"https:\/\/www.facebook.com\/OrganisatorFachmagazin\" \/>\n<meta property=\"article:published_time\" content=\"2020-11-24T12:08:40+00:00\" \/>\n<meta property=\"article:modified_time\" content=\"2022-02-09T10:06:48+00:00\" \/>\n<meta property=\"og:image\" content=\"https:\/\/www.organisator.ch\/wp-content\/uploads\/2020\/11\/olivenbaum_UP_Umwelt-Perspektiven.jpg\" \/>\n\t<meta property=\"og:image:width\" content=\"1626\" \/>\n\t<meta property=\"og:image:height\" content=\"1052\" \/>\n\t<meta property=\"og:image:type\" content=\"image\/jpeg\" \/>\n<meta name=\"author\" content=\"michael.merz\" \/>\n<meta name=\"twitter:card\" content=\"summary_large_image\" \/>\n<script type=\"application\/ld+json\" class=\"yoast-schema-graph\">{\"@context\":\"https:\\\/\\\/schema.org\",\"@graph\":[{\"@type\":\"Article\",\"@id\":\"https:\\\/\\\/www.organisator.ch\\\/sustainability\\\/2020-11-24\\\/neutronen-weisen-luftverschmutzung-nach\\\/#article\",\"isPartOf\":{\"@id\":\"https:\\\/\\\/www.organisator.ch\\\/sustainability\\\/2020-11-24\\\/neutronen-weisen-luftverschmutzung-nach\\\/\"},\"author\":{\"name\":\"michael.merz\",\"@id\":\"https:\\\/\\\/www.organisator.ch\\\/#\\\/schema\\\/person\\\/134708ca9321c57b0362cceb7948ffbd\"},\"headline\":\"Neutronen weisen Luftverschmutzung nach\",\"datePublished\":\"2020-11-24T12:08:40+00:00\",\"dateModified\":\"2022-02-09T10:06:48+00:00\",\"mainEntityOfPage\":{\"@id\":\"https:\\\/\\\/www.organisator.ch\\\/sustainability\\\/2020-11-24\\\/neutronen-weisen-luftverschmutzung-nach\\\/\"},\"wordCount\":645,\"publisher\":{\"@id\":\"https:\\\/\\\/www.organisator.ch\\\/#organization\"},\"image\":{\"@id\":\"https:\\\/\\\/www.organisator.ch\\\/sustainability\\\/2020-11-24\\\/neutronen-weisen-luftverschmutzung-nach\\\/#primaryimage\"},\"thumbnailUrl\":\"https:\\\/\\\/www.organisator.ch\\\/wp-content\\\/uploads\\\/2020\\\/11\\\/olivenbaum_UP_Umwelt-Perspektiven.jpg\",\"keywords\":[\"Flechten\",\"Kohlestaub\",\"Luftverschmutzung\",\"Neutronen\",\"Portugal\",\"Schadstoffe\",\"Studien\"],\"articleSection\":[\"SUSTAINABILITY\"],\"inLanguage\":\"it-IT\"},{\"@type\":\"WebPage\",\"@id\":\"https:\\\/\\\/www.organisator.ch\\\/sustainability\\\/2020-11-24\\\/neutronen-weisen-luftverschmutzung-nach\\\/\",\"url\":\"https:\\\/\\\/www.organisator.ch\\\/sustainability\\\/2020-11-24\\\/neutronen-weisen-luftverschmutzung-nach\\\/\",\"name\":\"Neutronen weisen Luftverschmutzung nach - Organisator\",\"isPartOf\":{\"@id\":\"https:\\\/\\\/www.organisator.ch\\\/#website\"},\"primaryImageOfPage\":{\"@id\":\"https:\\\/\\\/www.organisator.ch\\\/sustainability\\\/2020-11-24\\\/neutronen-weisen-luftverschmutzung-nach\\\/#primaryimage\"},\"image\":{\"@id\":\"https:\\\/\\\/www.organisator.ch\\\/sustainability\\\/2020-11-24\\\/neutronen-weisen-luftverschmutzung-nach\\\/#primaryimage\"},\"thumbnailUrl\":\"https:\\\/\\\/www.organisator.ch\\\/wp-content\\\/uploads\\\/2020\\\/11\\\/olivenbaum_UP_Umwelt-Perspektiven.jpg\",\"datePublished\":\"2020-11-24T12:08:40+00:00\",\"dateModified\":\"2022-02-09T10:06:48+00:00\",\"description\":\"Portugiesische Wissenschaftler untersuchen mit Hilfe der Forschungs-Neutronenquelle Heinz Maier-Leibnitz (FRM II) die Luftverschmutzung.\",\"breadcrumb\":{\"@id\":\"https:\\\/\\\/www.organisator.ch\\\/sustainability\\\/2020-11-24\\\/neutronen-weisen-luftverschmutzung-nach\\\/#breadcrumb\"},\"inLanguage\":\"it-IT\",\"potentialAction\":[{\"@type\":\"ReadAction\",\"target\":[\"https:\\\/\\\/www.organisator.ch\\\/sustainability\\\/2020-11-24\\\/neutronen-weisen-luftverschmutzung-nach\\\/\"]}]},{\"@type\":\"ImageObject\",\"inLanguage\":\"it-IT\",\"@id\":\"https:\\\/\\\/www.organisator.ch\\\/sustainability\\\/2020-11-24\\\/neutronen-weisen-luftverschmutzung-nach\\\/#primaryimage\",\"url\":\"https:\\\/\\\/www.organisator.ch\\\/wp-content\\\/uploads\\\/2020\\\/11\\\/olivenbaum_UP_Umwelt-Perspektiven.jpg\",\"contentUrl\":\"https:\\\/\\\/www.organisator.ch\\\/wp-content\\\/uploads\\\/2020\\\/11\\\/olivenbaum_UP_Umwelt-Perspektiven.jpg\",\"width\":1626,\"height\":1052,\"caption\":\"Flechten an einem Olivenbaumstamm - aufgenommen in der N\u00e4he von Ponte de Sor (Kreis Portalegre, Portugal) Lichen on an olive tree trunk - taken near Ponte de Sor (Portalegre County, Portugal) Dr. Nuno Canha \\\/ Univ. Lisabon - frei fuer Berichterstattung ueber TU Muenchen, FRM 2, MLZ\"},{\"@type\":\"BreadcrumbList\",\"@id\":\"https:\\\/\\\/www.organisator.ch\\\/sustainability\\\/2020-11-24\\\/neutronen-weisen-luftverschmutzung-nach\\\/#breadcrumb\",\"itemListElement\":[{\"@type\":\"ListItem\",\"position\":1,\"name\":\"Home\",\"item\":\"https:\\\/\\\/www.organisator.ch\\\/\"},{\"@type\":\"ListItem\",\"position\":2,\"name\":\"Neutronen weisen Luftverschmutzung nach\"}]},{\"@type\":\"WebSite\",\"@id\":\"https:\\\/\\\/www.organisator.ch\\\/#website\",\"url\":\"https:\\\/\\\/www.organisator.ch\\\/\",\"name\":\"Organisator\",\"description\":\"Kompetent. Praxisnah. Der ORGANISATOR bereitet in 10 Ausgaben pro Jahr die wesentlichen Themen f\u00fcr F\u00fchrungskr\u00e4fte von KMU auf.\",\"publisher\":{\"@id\":\"https:\\\/\\\/www.organisator.ch\\\/#organization\"},\"potentialAction\":[{\"@type\":\"SearchAction\",\"target\":{\"@type\":\"EntryPoint\",\"urlTemplate\":\"https:\\\/\\\/www.organisator.ch\\\/?s={search_term_string}\"},\"query-input\":{\"@type\":\"PropertyValueSpecification\",\"valueRequired\":true,\"valueName\":\"search_term_string\"}}],\"inLanguage\":\"it-IT\"},{\"@type\":\"Organization\",\"@id\":\"https:\\\/\\\/www.organisator.ch\\\/#organization\",\"name\":\"Organisator\",\"url\":\"https:\\\/\\\/www.organisator.ch\\\/\",\"logo\":{\"@type\":\"ImageObject\",\"inLanguage\":\"it-IT\",\"@id\":\"https:\\\/\\\/www.organisator.ch\\\/#\\\/schema\\\/logo\\\/image\\\/\",\"url\":\"https:\\\/\\\/www.organisator.ch\\\/wp-content\\\/uploads\\\/2022\\\/01\\\/Logo_Organisator_Website.png\",\"contentUrl\":\"https:\\\/\\\/www.organisator.ch\\\/wp-content\\\/uploads\\\/2022\\\/01\\\/Logo_Organisator_Website.png\",\"width\":800,\"height\":77,\"caption\":\"Organisator\"},\"image\":{\"@id\":\"https:\\\/\\\/www.organisator.ch\\\/#\\\/schema\\\/logo\\\/image\\\/\"},\"sameAs\":[\"https:\\\/\\\/www.facebook.com\\\/OrganisatorFachmagazin\",\"https:\\\/\\\/www.linkedin.com\\\/showcase\\\/organisator-das-magazin-fr-kmu\",\"https:\\\/\\\/www.xing.com\\\/news\\\/pages\\\/organisator-ch-695\",\"https:\\\/\\\/www.youtube.com\\\/channel\\\/UCGP2Sq0iWaZwT3BdIAQFYpw\"]},{\"@type\":\"Person\",\"@id\":\"https:\\\/\\\/www.organisator.ch\\\/#\\\/schema\\\/person\\\/134708ca9321c57b0362cceb7948ffbd\",\"name\":\"michael.merz\",\"image\":{\"@type\":\"ImageObject\",\"inLanguage\":\"it-IT\",\"@id\":\"https:\\\/\\\/secure.gravatar.com\\\/avatar\\\/?s=96&d=mm&r=g\",\"url\":\"https:\\\/\\\/secure.gravatar.com\\\/avatar\\\/?s=96&d=mm&r=g\",\"contentUrl\":\"https:\\\/\\\/secure.gravatar.com\\\/avatar\\\/?s=96&d=mm&r=g\",\"caption\":\"michael.merz\"},\"url\":\"https:\\\/\\\/www.organisator.ch\\\/it\\\/author\\\/michael-merz\\\/\"}]}<\/script>\n<!-- \/ Yoast SEO plugin. -->","yoast_head_json":{"title":"I neutroni rilevano l'inquinamento atmosferico - Organizzatore","description":"Gli scienziati portoghesi stanno studiando l'inquinamento atmosferico con l'aiuto della sorgente di neutroni di ricerca Heinz Maier-Leibnitz (FRM II).","robots":{"index":"index","follow":"follow","max-snippet":"max-snippet:-1","max-image-preview":"max-image-preview:large","max-video-preview":"max-video-preview:-1"},"canonical":"https:\/\/www.organisator.ch\/it\/sostenibilita\/2020-11-24\/neutronen-weisen-luftverschmutzung-nach\/","og_locale":"it_IT","og_type":"article","og_title":"Neutronen weisen Luftverschmutzung nach - Organisator","og_description":"Portugiesische Wissenschaftler untersuchen mit Hilfe der Forschungs-Neutronenquelle Heinz Maier-Leibnitz (FRM II) die Luftverschmutzung.","og_url":"https:\/\/www.organisator.ch\/it\/sostenibilita\/2020-11-24\/neutronen-weisen-luftverschmutzung-nach\/","og_site_name":"Organisator","article_publisher":"https:\/\/www.facebook.com\/OrganisatorFachmagazin","article_published_time":"2020-11-24T12:08:40+00:00","article_modified_time":"2022-02-09T10:06:48+00:00","og_image":[{"width":1626,"height":1052,"url":"https:\/\/www.organisator.ch\/wp-content\/uploads\/2020\/11\/olivenbaum_UP_Umwelt-Perspektiven.jpg","type":"image\/jpeg"}],"author":"michael.merz","twitter_card":"summary_large_image","schema":{"@context":"https:\/\/schema.org","@graph":[{"@type":"Article","@id":"https:\/\/www.organisator.ch\/sustainability\/2020-11-24\/neutronen-weisen-luftverschmutzung-nach\/#article","isPartOf":{"@id":"https:\/\/www.organisator.ch\/sustainability\/2020-11-24\/neutronen-weisen-luftverschmutzung-nach\/"},"author":{"name":"michael.merz","@id":"https:\/\/www.organisator.ch\/#\/schema\/person\/134708ca9321c57b0362cceb7948ffbd"},"headline":"Neutronen weisen Luftverschmutzung nach","datePublished":"2020-11-24T12:08:40+00:00","dateModified":"2022-02-09T10:06:48+00:00","mainEntityOfPage":{"@id":"https:\/\/www.organisator.ch\/sustainability\/2020-11-24\/neutronen-weisen-luftverschmutzung-nach\/"},"wordCount":645,"publisher":{"@id":"https:\/\/www.organisator.ch\/#organization"},"image":{"@id":"https:\/\/www.organisator.ch\/sustainability\/2020-11-24\/neutronen-weisen-luftverschmutzung-nach\/#primaryimage"},"thumbnailUrl":"https:\/\/www.organisator.ch\/wp-content\/uploads\/2020\/11\/olivenbaum_UP_Umwelt-Perspektiven.jpg","keywords":["Flechten","Kohlestaub","Luftverschmutzung","Neutronen","Portugal","Schadstoffe","Studien"],"articleSection":["SUSTAINABILITY"],"inLanguage":"it-IT"},{"@type":"WebPage","@id":"https:\/\/www.organisator.ch\/sustainability\/2020-11-24\/neutronen-weisen-luftverschmutzung-nach\/","url":"https:\/\/www.organisator.ch\/sustainability\/2020-11-24\/neutronen-weisen-luftverschmutzung-nach\/","name":"I neutroni rilevano l'inquinamento atmosferico - Organizzatore","isPartOf":{"@id":"https:\/\/www.organisator.ch\/#website"},"primaryImageOfPage":{"@id":"https:\/\/www.organisator.ch\/sustainability\/2020-11-24\/neutronen-weisen-luftverschmutzung-nach\/#primaryimage"},"image":{"@id":"https:\/\/www.organisator.ch\/sustainability\/2020-11-24\/neutronen-weisen-luftverschmutzung-nach\/#primaryimage"},"thumbnailUrl":"https:\/\/www.organisator.ch\/wp-content\/uploads\/2020\/11\/olivenbaum_UP_Umwelt-Perspektiven.jpg","datePublished":"2020-11-24T12:08:40+00:00","dateModified":"2022-02-09T10:06:48+00:00","description":"Gli scienziati portoghesi stanno studiando l'inquinamento atmosferico con l'aiuto della sorgente di neutroni di ricerca Heinz Maier-Leibnitz (FRM II).","breadcrumb":{"@id":"https:\/\/www.organisator.ch\/sustainability\/2020-11-24\/neutronen-weisen-luftverschmutzung-nach\/#breadcrumb"},"inLanguage":"it-IT","potentialAction":[{"@type":"ReadAction","target":["https:\/\/www.organisator.ch\/sustainability\/2020-11-24\/neutronen-weisen-luftverschmutzung-nach\/"]}]},{"@type":"ImageObject","inLanguage":"it-IT","@id":"https:\/\/www.organisator.ch\/sustainability\/2020-11-24\/neutronen-weisen-luftverschmutzung-nach\/#primaryimage","url":"https:\/\/www.organisator.ch\/wp-content\/uploads\/2020\/11\/olivenbaum_UP_Umwelt-Perspektiven.jpg","contentUrl":"https:\/\/www.organisator.ch\/wp-content\/uploads\/2020\/11\/olivenbaum_UP_Umwelt-Perspektiven.jpg","width":1626,"height":1052,"caption":"Flechten an einem Olivenbaumstamm - aufgenommen in der N\u00e4he von Ponte de Sor (Kreis Portalegre, Portugal) Lichen on an olive tree trunk - taken near Ponte de Sor (Portalegre County, Portugal) Dr. Nuno Canha \/ Univ. Lisabon - frei fuer Berichterstattung ueber TU Muenchen, FRM 2, MLZ"},{"@type":"BreadcrumbList","@id":"https:\/\/www.organisator.ch\/sustainability\/2020-11-24\/neutronen-weisen-luftverschmutzung-nach\/#breadcrumb","itemListElement":[{"@type":"ListItem","position":1,"name":"Home","item":"https:\/\/www.organisator.ch\/"},{"@type":"ListItem","position":2,"name":"Neutronen weisen Luftverschmutzung nach"}]},{"@type":"WebSite","@id":"https:\/\/www.organisator.ch\/#website","url":"https:\/\/www.organisator.ch\/","name":"Organizzatore","description":"Competente. Pratico. In 10 numeri all'anno, ORGANISATOR presenta i temi essenziali per i manager delle PMI.","publisher":{"@id":"https:\/\/www.organisator.ch\/#organization"},"potentialAction":[{"@type":"SearchAction","target":{"@type":"EntryPoint","urlTemplate":"https:\/\/www.organisator.ch\/?s={search_term_string}"},"query-input":{"@type":"PropertyValueSpecification","valueRequired":true,"valueName":"search_term_string"}}],"inLanguage":"it-IT"},{"@type":"Organization","@id":"https:\/\/www.organisator.ch\/#organization","name":"Organizzatore","url":"https:\/\/www.organisator.ch\/","logo":{"@type":"ImageObject","inLanguage":"it-IT","@id":"https:\/\/www.organisator.ch\/#\/schema\/logo\/image\/","url":"https:\/\/www.organisator.ch\/wp-content\/uploads\/2022\/01\/Logo_Organisator_Website.png","contentUrl":"https:\/\/www.organisator.ch\/wp-content\/uploads\/2022\/01\/Logo_Organisator_Website.png","width":800,"height":77,"caption":"Organisator"},"image":{"@id":"https:\/\/www.organisator.ch\/#\/schema\/logo\/image\/"},"sameAs":["https:\/\/www.facebook.com\/OrganisatorFachmagazin","https:\/\/www.linkedin.com\/showcase\/organisator-das-magazin-fr-kmu","https:\/\/www.xing.com\/news\/pages\/organisator-ch-695","https:\/\/www.youtube.com\/channel\/UCGP2Sq0iWaZwT3BdIAQFYpw"]},{"@type":"Person","@id":"https:\/\/www.organisator.ch\/#\/schema\/person\/134708ca9321c57b0362cceb7948ffbd","name":"michael.merz","image":{"@type":"ImageObject","inLanguage":"it-IT","@id":"https:\/\/secure.gravatar.com\/avatar\/?s=96&d=mm&r=g","url":"https:\/\/secure.gravatar.com\/avatar\/?s=96&d=mm&r=g","contentUrl":"https:\/\/secure.gravatar.com\/avatar\/?s=96&d=mm&r=g","caption":"michael.merz"},"url":"https:\/\/www.organisator.ch\/it\/author\/michael-merz\/"}]}},"_links":{"self":[{"href":"https:\/\/www.organisator.ch\/it\/wp-json\/wp\/v2\/posts\/10226","targetHints":{"allow":["GET"]}}],"collection":[{"href":"https:\/\/www.organisator.ch\/it\/wp-json\/wp\/v2\/posts"}],"about":[{"href":"https:\/\/www.organisator.ch\/it\/wp-json\/wp\/v2\/types\/post"}],"author":[{"embeddable":true,"href":"https:\/\/www.organisator.ch\/it\/wp-json\/wp\/v2\/users\/5"}],"replies":[{"embeddable":true,"href":"https:\/\/www.organisator.ch\/it\/wp-json\/wp\/v2\/comments?post=10226"}],"version-history":[{"count":1,"href":"https:\/\/www.organisator.ch\/it\/wp-json\/wp\/v2\/posts\/10226\/revisions"}],"predecessor-version":[{"id":10665,"href":"https:\/\/www.organisator.ch\/it\/wp-json\/wp\/v2\/posts\/10226\/revisions\/10665"}],"wp:featuredmedia":[{"embeddable":true,"href":"https:\/\/www.organisator.ch\/it\/wp-json\/wp\/v2\/media\/3528"}],"wp:attachment":[{"href":"https:\/\/www.organisator.ch\/it\/wp-json\/wp\/v2\/media?parent=10226"}],"wp:term":[{"taxonomy":"category","embeddable":true,"href":"https:\/\/www.organisator.ch\/it\/wp-json\/wp\/v2\/categories?post=10226"},{"taxonomy":"post_tag","embeddable":true,"href":"https:\/\/www.organisator.ch\/it\/wp-json\/wp\/v2\/tags?post=10226"}],"curies":[{"name":"wp","href":"https:\/\/api.w.org\/{rel}","templated":true}]}}