{"id":10228,"date":"2020-12-05T12:00:00","date_gmt":"2020-12-05T11:00:00","guid":{"rendered":"https:\/\/www.umweltperspektiven.ch\/?p=3561"},"modified":"2020-12-05T12:00:00","modified_gmt":"2020-12-05T11:00:00","slug":"buendner-paerke-und-den-jurapark-aargau-entdecken","status":"publish","type":"post","link":"https:\/\/www.organisator.ch\/it\/allgemein\/2020-12-05\/buendner-paerke-und-den-jurapark-aargau-entdecken\/","title":{"rendered":"Scoprire i parchi dei Grigioni e il parco giurassico di Argovia"},"content":{"rendered":"<figure id=\"attachment_3562\" aria-describedby=\"caption-attachment-3562\" style=\"width: 680px\" class=\"wp-caption alignnone\"><img loading=\"lazy\" decoding=\"async\" class=\"size-medium wp-image-3562\" src=\"\/\/www.umweltperspektiven.ch\/wp-content\/uploads\/2020\/12\/B\u00fcndner-P\u00e4rke.jpg\" alt=\"\" width=\"680\" height=\"500\" \/><figcaption id=\"caption-attachment-3562\" class=\"wp-caption-text\">\u00a9 Ambiente Arena Svizzera<\/figcaption><\/figure>\n<p>I parchi, per quanto diversi, hanno tutti lo stesso obiettivo: preservare habitat e paesaggi eccezionali, promuovendo al contempo uno sviluppo economico sostenibile. I parchi non comprendono solo paesaggi eccezionali, ma anche la vita e la cultura delle persone che vi abitano.<\/p>\n<p>&nbsp;<\/p>\n<p>La mostra speciale porta i visitatori in un emozionante tour di scoperta. I visitatori dell'Environment Arena esplorano il Parco Nazionale Svizzero con un puzzle da toccare, sentire e vedere; un'immagine a oggetti nascosti spiega la lavorazione dei vecchi tipi di grano nella <strong>Parco naturale della Biosfera<\/strong> in Val M\u00fcstair; il <strong>Parco Ela<\/strong> \u00e8 avvicinato allo spettatore dagli attuali abitanti del parco, che interpretano in brevi filmati le citazioni dell'artista Giovanni Segantini; un pannello di controllo spiega chi pu\u00f2 beneficiare dell'elettricit\u00e0 del primo skilift solare al mondo \"Tenna\" nel <strong>Parco naturale di Beverin<\/strong> benefici; tutti i sensi hanno bisogno di visitatori nel <strong>Parco Val Calanca<\/strong>. Chi \u00e8 interessato al sovrascorrimento degli strati rocciosi pu\u00f2 trovare maggiori informazioni nel <strong>Arena tettonica Sardona<\/strong>, patrimonio mondiale dell'Unesco, nel posto giusto. Proprio alle porte di casa nostra, alle porte di Zurigo e Basilea, c'\u00e8 il tesoro verde che \u00e8 la riserva regionale <strong>Parco naturale \"Jurapark Aargau<\/strong>.<\/p>\n<p>Con l'aiuto di una mappa del tesoro, grandi e piccini possono fare una caccia al tesoro attraverso i parchi, partecipare a un concorso e, con un po' di fortuna, vincere un cesto di prodotti dei Graub\u00fcnden Parks. Se non vuoi aspettare tanto per un tesoro dei parchi grigionesi, puoi trovare il miele biologico del parco naturale di Beverin nel negozio Umwelt Arena. Martina e Bruno Walder M\u00e4ndli gestiscono l'apicoltura biologica Viamala con grande impegno. In 25 anni, un piccolo sciame si \u00e8 sviluppato in un'azienda apicola con quasi 100 colonie.<\/p>\n<p>Annettina Herren, collaboratrice dell'Associazione dei parchi grigionesi: \"Siamo lieti di poter mostrare i sette parchi grigionesi, tra cui per la prima volta il nuovo e unico parco di lingua italiana in Svizzera, il Parco Val Calanca, a un vasto pubblico nella Umwelt Arena Schweiz\".<\/p>\n<p><em>Comunicato stampa <a href=\"\/\/www.umweltarena.ch\/\">Ambiente Arena Svizzera<\/a><\/em><\/p>\n<p>&nbsp;<\/p>","protected":false},"excerpt":{"rendered":"<p>Die P\u00e4rke \u2013 so unterschiedlich sie sind \u2013 haben alle das gleiche Ziel: aussergew\u00f6hnliche Lebensr\u00e4ume und Landschaften zu erhalten und gleichzeitig eine nachhaltige wirtschaftliche Entwicklung zu f\u00f6rdern. Zu den P\u00e4rken geh\u00f6ren nicht nur herausragende Landschaften, sondern auch Leben und Kultur der Menschen, die darin wohnen. &nbsp; Die Sonderausstellung f\u00fchrt auf eine spannende Entdeckungstour. Mit einem [&hellip;]<\/p>\n","protected":false},"author":6,"featured_media":3562,"comment_status":"closed","ping_status":"closed","sticky":false,"template":"","format":"standard","meta":{"_acf_changed":false,"_yoast_wpseo_focuskw":"https:\/\/www.umweltarena.ch\/","_yoast_wpseo_metadesc":"Die Sonderausstellung \u00abB\u00fcndner P\u00e4rke und Jurapark Aargau\u00bb ist bis am 11. April 2021 zu Gast in der Umwelt Arena Schweiz.","articlekey":"","footnotes":""},"categories":[1],"tags":[742,1814,1816,2353],"class_list":["post-10228","post","type-post","status-publish","format-standard","has-post-thumbnail","hentry","category-allgemein","tag-ausstellung","tag-naturpark","tag-naturpaerke","tag-umwelt-arena-schweiz"],"acf":[],"yoast_head":"<!-- This site is optimized with the Yoast SEO plugin v27.4 - https:\/\/yoast.com\/product\/yoast-seo-wordpress\/ -->\n<title>B\u00fcndner P\u00e4rke und den Jurapark Aargau entdecken - Organisator<\/title>\n<meta name=\"description\" content=\"Die Sonderausstellung \u00abB\u00fcndner P\u00e4rke und Jurapark Aargau\u00bb ist bis am 11. April 2021 zu Gast in der Umwelt Arena Schweiz.\" \/>\n<meta name=\"robots\" content=\"index, follow, max-snippet:-1, max-image-preview:large, max-video-preview:-1\" \/>\n<link rel=\"canonical\" href=\"https:\/\/www.organisator.ch\/it\/generale\/2020-12-05\/buendner-paerke-und-den-jurapark-aargau-entdecken\/\" \/>\n<meta property=\"og:locale\" content=\"it_IT\" \/>\n<meta property=\"og:type\" content=\"article\" \/>\n<meta property=\"og:title\" content=\"B\u00fcndner P\u00e4rke und den Jurapark Aargau entdecken - Organisator\" \/>\n<meta property=\"og:description\" content=\"Die Sonderausstellung \u00abB\u00fcndner P\u00e4rke und Jurapark Aargau\u00bb ist bis am 11. April 2021 zu Gast in der Umwelt Arena Schweiz.\" \/>\n<meta property=\"og:url\" content=\"https:\/\/www.organisator.ch\/it\/generale\/2020-12-05\/buendner-paerke-und-den-jurapark-aargau-entdecken\/\" \/>\n<meta property=\"og:site_name\" content=\"Organisator\" \/>\n<meta property=\"article:publisher\" content=\"https:\/\/www.facebook.com\/OrganisatorFachmagazin\" \/>\n<meta property=\"article:published_time\" content=\"2020-12-05T11:00:00+00:00\" \/>\n<meta property=\"og:image\" content=\"https:\/\/www.organisator.ch\/wp-content\/uploads\/2020\/12\/Buendner-Paerke-scaled.jpg\" \/>\n\t<meta property=\"og:image:width\" content=\"2560\" \/>\n\t<meta property=\"og:image:height\" content=\"1882\" \/>\n\t<meta property=\"og:image:type\" content=\"image\/jpeg\" \/>\n<meta name=\"author\" content=\"roger.straessle\" \/>\n<meta name=\"twitter:card\" content=\"summary_large_image\" \/>\n<script type=\"application\/ld+json\" class=\"yoast-schema-graph\">{\"@context\":\"https:\\\/\\\/schema.org\",\"@graph\":[{\"@type\":\"Article\",\"@id\":\"https:\\\/\\\/www.organisator.ch\\\/it\\\/generale\\\/2020-12-05\\\/buendner-paerke-und-den-jurapark-aargau-entdecken\\\/#article\",\"isPartOf\":{\"@id\":\"https:\\\/\\\/www.organisator.ch\\\/it\\\/generale\\\/2020-12-05\\\/buendner-paerke-und-den-jurapark-aargau-entdecken\\\/\"},\"author\":{\"name\":\"roger.straessle\",\"@id\":\"https:\\\/\\\/www.organisator.ch\\\/#\\\/schema\\\/person\\\/a800b8c54e208b160517a7dcc323161d\"},\"headline\":\"B\u00fcndner P\u00e4rke und den Jurapark Aargau entdecken\",\"datePublished\":\"2020-12-05T11:00:00+00:00\",\"mainEntityOfPage\":{\"@id\":\"https:\\\/\\\/www.organisator.ch\\\/it\\\/generale\\\/2020-12-05\\\/buendner-paerke-und-den-jurapark-aargau-entdecken\\\/\"},\"wordCount\":331,\"publisher\":{\"@id\":\"https:\\\/\\\/www.organisator.ch\\\/#organization\"},\"image\":{\"@id\":\"https:\\\/\\\/www.organisator.ch\\\/it\\\/generale\\\/2020-12-05\\\/buendner-paerke-und-den-jurapark-aargau-entdecken\\\/#primaryimage\"},\"thumbnailUrl\":\"https:\\\/\\\/www.organisator.ch\\\/wp-content\\\/uploads\\\/2020\\\/12\\\/Buendner-Paerke-scaled.jpg\",\"keywords\":[\"Ausstellung\",\"Naturpark\",\"Naturp\u00e4rke\",\"Umwelt Arena Schweiz\"],\"articleSection\":[\"Allgemein\"],\"inLanguage\":\"it-IT\"},{\"@type\":\"WebPage\",\"@id\":\"https:\\\/\\\/www.organisator.ch\\\/it\\\/generale\\\/2020-12-05\\\/buendner-paerke-und-den-jurapark-aargau-entdecken\\\/\",\"url\":\"https:\\\/\\\/www.organisator.ch\\\/it\\\/generale\\\/2020-12-05\\\/buendner-paerke-und-den-jurapark-aargau-entdecken\\\/\",\"name\":\"B\u00fcndner P\u00e4rke und den Jurapark Aargau entdecken - Organisator\",\"isPartOf\":{\"@id\":\"https:\\\/\\\/www.organisator.ch\\\/#website\"},\"primaryImageOfPage\":{\"@id\":\"https:\\\/\\\/www.organisator.ch\\\/it\\\/generale\\\/2020-12-05\\\/buendner-paerke-und-den-jurapark-aargau-entdecken\\\/#primaryimage\"},\"image\":{\"@id\":\"https:\\\/\\\/www.organisator.ch\\\/it\\\/generale\\\/2020-12-05\\\/buendner-paerke-und-den-jurapark-aargau-entdecken\\\/#primaryimage\"},\"thumbnailUrl\":\"https:\\\/\\\/www.organisator.ch\\\/wp-content\\\/uploads\\\/2020\\\/12\\\/Buendner-Paerke-scaled.jpg\",\"datePublished\":\"2020-12-05T11:00:00+00:00\",\"description\":\"Die Sonderausstellung \u00abB\u00fcndner P\u00e4rke und Jurapark Aargau\u00bb ist bis am 11. April 2021 zu Gast in der Umwelt Arena Schweiz.\",\"breadcrumb\":{\"@id\":\"https:\\\/\\\/www.organisator.ch\\\/it\\\/generale\\\/2020-12-05\\\/buendner-paerke-und-den-jurapark-aargau-entdecken\\\/#breadcrumb\"},\"inLanguage\":\"it-IT\",\"potentialAction\":[{\"@type\":\"ReadAction\",\"target\":[\"https:\\\/\\\/www.organisator.ch\\\/it\\\/generale\\\/2020-12-05\\\/buendner-paerke-und-den-jurapark-aargau-entdecken\\\/\"]}]},{\"@type\":\"ImageObject\",\"inLanguage\":\"it-IT\",\"@id\":\"https:\\\/\\\/www.organisator.ch\\\/it\\\/generale\\\/2020-12-05\\\/buendner-paerke-und-den-jurapark-aargau-entdecken\\\/#primaryimage\",\"url\":\"https:\\\/\\\/www.organisator.ch\\\/wp-content\\\/uploads\\\/2020\\\/12\\\/Buendner-Paerke-scaled.jpg\",\"contentUrl\":\"https:\\\/\\\/www.organisator.ch\\\/wp-content\\\/uploads\\\/2020\\\/12\\\/Buendner-Paerke-scaled.jpg\",\"width\":2560,\"height\":1882,\"caption\":\"\u00a9 Umwelt Arena Schweiz\"},{\"@type\":\"BreadcrumbList\",\"@id\":\"https:\\\/\\\/www.organisator.ch\\\/it\\\/generale\\\/2020-12-05\\\/buendner-paerke-und-den-jurapark-aargau-entdecken\\\/#breadcrumb\",\"itemListElement\":[{\"@type\":\"ListItem\",\"position\":1,\"name\":\"Home\",\"item\":\"https:\\\/\\\/www.organisator.ch\\\/\"},{\"@type\":\"ListItem\",\"position\":2,\"name\":\"B\u00fcndner P\u00e4rke und den Jurapark Aargau entdecken\"}]},{\"@type\":\"WebSite\",\"@id\":\"https:\\\/\\\/www.organisator.ch\\\/#website\",\"url\":\"https:\\\/\\\/www.organisator.ch\\\/\",\"name\":\"Organisator\",\"description\":\"Kompetent. Praxisnah. Der ORGANISATOR bereitet in 10 Ausgaben pro Jahr die wesentlichen Themen f\u00fcr F\u00fchrungskr\u00e4fte von KMU auf.\",\"publisher\":{\"@id\":\"https:\\\/\\\/www.organisator.ch\\\/#organization\"},\"potentialAction\":[{\"@type\":\"SearchAction\",\"target\":{\"@type\":\"EntryPoint\",\"urlTemplate\":\"https:\\\/\\\/www.organisator.ch\\\/?s={search_term_string}\"},\"query-input\":{\"@type\":\"PropertyValueSpecification\",\"valueRequired\":true,\"valueName\":\"search_term_string\"}}],\"inLanguage\":\"it-IT\"},{\"@type\":\"Organization\",\"@id\":\"https:\\\/\\\/www.organisator.ch\\\/#organization\",\"name\":\"Organisator\",\"url\":\"https:\\\/\\\/www.organisator.ch\\\/\",\"logo\":{\"@type\":\"ImageObject\",\"inLanguage\":\"it-IT\",\"@id\":\"https:\\\/\\\/www.organisator.ch\\\/#\\\/schema\\\/logo\\\/image\\\/\",\"url\":\"https:\\\/\\\/www.organisator.ch\\\/wp-content\\\/uploads\\\/2022\\\/01\\\/Logo_Organisator_Website.png\",\"contentUrl\":\"https:\\\/\\\/www.organisator.ch\\\/wp-content\\\/uploads\\\/2022\\\/01\\\/Logo_Organisator_Website.png\",\"width\":800,\"height\":77,\"caption\":\"Organisator\"},\"image\":{\"@id\":\"https:\\\/\\\/www.organisator.ch\\\/#\\\/schema\\\/logo\\\/image\\\/\"},\"sameAs\":[\"https:\\\/\\\/www.facebook.com\\\/OrganisatorFachmagazin\",\"https:\\\/\\\/www.linkedin.com\\\/showcase\\\/organisator-das-magazin-fr-kmu\",\"https:\\\/\\\/www.xing.com\\\/news\\\/pages\\\/organisator-ch-695\",\"https:\\\/\\\/www.youtube.com\\\/channel\\\/UCGP2Sq0iWaZwT3BdIAQFYpw\"]},{\"@type\":\"Person\",\"@id\":\"https:\\\/\\\/www.organisator.ch\\\/#\\\/schema\\\/person\\\/a800b8c54e208b160517a7dcc323161d\",\"name\":\"roger.straessle\",\"image\":{\"@type\":\"ImageObject\",\"inLanguage\":\"it-IT\",\"@id\":\"https:\\\/\\\/secure.gravatar.com\\\/avatar\\\/?s=96&d=mm&r=g\",\"url\":\"https:\\\/\\\/secure.gravatar.com\\\/avatar\\\/?s=96&d=mm&r=g\",\"contentUrl\":\"https:\\\/\\\/secure.gravatar.com\\\/avatar\\\/?s=96&d=mm&r=g\",\"caption\":\"roger.straessle\"},\"url\":\"https:\\\/\\\/www.organisator.ch\\\/it\\\/author\\\/roger-straessle\\\/\"}]}<\/script>\n<!-- \/ Yoast SEO plugin. -->","yoast_head_json":{"title":"Scoprire i parchi dei Grigioni e il Jurapark Aargau - Organizzatore","description":"La mostra speciale \"B\u00fcndner P\u00e4rke und Jurapark Aargau\" \u00e8 in programma all'Umwelt Arena Schweiz fino all'11 aprile 2021.","robots":{"index":"index","follow":"follow","max-snippet":"max-snippet:-1","max-image-preview":"max-image-preview:large","max-video-preview":"max-video-preview:-1"},"canonical":"https:\/\/www.organisator.ch\/it\/generale\/2020-12-05\/buendner-paerke-und-den-jurapark-aargau-entdecken\/","og_locale":"it_IT","og_type":"article","og_title":"B\u00fcndner P\u00e4rke und den Jurapark Aargau entdecken - Organisator","og_description":"Die Sonderausstellung \u00abB\u00fcndner P\u00e4rke und Jurapark Aargau\u00bb ist bis am 11. April 2021 zu Gast in der Umwelt Arena Schweiz.","og_url":"https:\/\/www.organisator.ch\/it\/generale\/2020-12-05\/buendner-paerke-und-den-jurapark-aargau-entdecken\/","og_site_name":"Organisator","article_publisher":"https:\/\/www.facebook.com\/OrganisatorFachmagazin","article_published_time":"2020-12-05T11:00:00+00:00","og_image":[{"width":2560,"height":1882,"url":"https:\/\/www.organisator.ch\/wp-content\/uploads\/2020\/12\/Buendner-Paerke-scaled.jpg","type":"image\/jpeg"}],"author":"roger.straessle","twitter_card":"summary_large_image","schema":{"@context":"https:\/\/schema.org","@graph":[{"@type":"Article","@id":"https:\/\/www.organisator.ch\/it\/generale\/2020-12-05\/buendner-paerke-und-den-jurapark-aargau-entdecken\/#article","isPartOf":{"@id":"https:\/\/www.organisator.ch\/it\/generale\/2020-12-05\/buendner-paerke-und-den-jurapark-aargau-entdecken\/"},"author":{"name":"roger.straessle","@id":"https:\/\/www.organisator.ch\/#\/schema\/person\/a800b8c54e208b160517a7dcc323161d"},"headline":"B\u00fcndner P\u00e4rke und den Jurapark Aargau entdecken","datePublished":"2020-12-05T11:00:00+00:00","mainEntityOfPage":{"@id":"https:\/\/www.organisator.ch\/it\/generale\/2020-12-05\/buendner-paerke-und-den-jurapark-aargau-entdecken\/"},"wordCount":331,"publisher":{"@id":"https:\/\/www.organisator.ch\/#organization"},"image":{"@id":"https:\/\/www.organisator.ch\/it\/generale\/2020-12-05\/buendner-paerke-und-den-jurapark-aargau-entdecken\/#primaryimage"},"thumbnailUrl":"https:\/\/www.organisator.ch\/wp-content\/uploads\/2020\/12\/Buendner-Paerke-scaled.jpg","keywords":["Ausstellung","Naturpark","Naturp\u00e4rke","Umwelt Arena Schweiz"],"articleSection":["Allgemein"],"inLanguage":"it-IT"},{"@type":"WebPage","@id":"https:\/\/www.organisator.ch\/it\/generale\/2020-12-05\/buendner-paerke-und-den-jurapark-aargau-entdecken\/","url":"https:\/\/www.organisator.ch\/it\/generale\/2020-12-05\/buendner-paerke-und-den-jurapark-aargau-entdecken\/","name":"Scoprire i parchi dei Grigioni e il Jurapark Aargau - Organizzatore","isPartOf":{"@id":"https:\/\/www.organisator.ch\/#website"},"primaryImageOfPage":{"@id":"https:\/\/www.organisator.ch\/it\/generale\/2020-12-05\/buendner-paerke-und-den-jurapark-aargau-entdecken\/#primaryimage"},"image":{"@id":"https:\/\/www.organisator.ch\/it\/generale\/2020-12-05\/buendner-paerke-und-den-jurapark-aargau-entdecken\/#primaryimage"},"thumbnailUrl":"https:\/\/www.organisator.ch\/wp-content\/uploads\/2020\/12\/Buendner-Paerke-scaled.jpg","datePublished":"2020-12-05T11:00:00+00:00","description":"La mostra speciale \"B\u00fcndner P\u00e4rke und Jurapark Aargau\" \u00e8 in programma all'Umwelt Arena Schweiz fino all'11 aprile 2021.","breadcrumb":{"@id":"https:\/\/www.organisator.ch\/it\/generale\/2020-12-05\/buendner-paerke-und-den-jurapark-aargau-entdecken\/#breadcrumb"},"inLanguage":"it-IT","potentialAction":[{"@type":"ReadAction","target":["https:\/\/www.organisator.ch\/it\/generale\/2020-12-05\/buendner-paerke-und-den-jurapark-aargau-entdecken\/"]}]},{"@type":"ImageObject","inLanguage":"it-IT","@id":"https:\/\/www.organisator.ch\/it\/generale\/2020-12-05\/buendner-paerke-und-den-jurapark-aargau-entdecken\/#primaryimage","url":"https:\/\/www.organisator.ch\/wp-content\/uploads\/2020\/12\/Buendner-Paerke-scaled.jpg","contentUrl":"https:\/\/www.organisator.ch\/wp-content\/uploads\/2020\/12\/Buendner-Paerke-scaled.jpg","width":2560,"height":1882,"caption":"\u00a9 Umwelt Arena Schweiz"},{"@type":"BreadcrumbList","@id":"https:\/\/www.organisator.ch\/it\/generale\/2020-12-05\/buendner-paerke-und-den-jurapark-aargau-entdecken\/#breadcrumb","itemListElement":[{"@type":"ListItem","position":1,"name":"Home","item":"https:\/\/www.organisator.ch\/"},{"@type":"ListItem","position":2,"name":"B\u00fcndner P\u00e4rke und den Jurapark Aargau entdecken"}]},{"@type":"WebSite","@id":"https:\/\/www.organisator.ch\/#website","url":"https:\/\/www.organisator.ch\/","name":"Organizzatore","description":"Competente. Pratico. In 10 numeri all'anno, ORGANISATOR presenta i temi essenziali per i manager delle PMI.","publisher":{"@id":"https:\/\/www.organisator.ch\/#organization"},"potentialAction":[{"@type":"SearchAction","target":{"@type":"EntryPoint","urlTemplate":"https:\/\/www.organisator.ch\/?s={search_term_string}"},"query-input":{"@type":"PropertyValueSpecification","valueRequired":true,"valueName":"search_term_string"}}],"inLanguage":"it-IT"},{"@type":"Organization","@id":"https:\/\/www.organisator.ch\/#organization","name":"Organizzatore","url":"https:\/\/www.organisator.ch\/","logo":{"@type":"ImageObject","inLanguage":"it-IT","@id":"https:\/\/www.organisator.ch\/#\/schema\/logo\/image\/","url":"https:\/\/www.organisator.ch\/wp-content\/uploads\/2022\/01\/Logo_Organisator_Website.png","contentUrl":"https:\/\/www.organisator.ch\/wp-content\/uploads\/2022\/01\/Logo_Organisator_Website.png","width":800,"height":77,"caption":"Organisator"},"image":{"@id":"https:\/\/www.organisator.ch\/#\/schema\/logo\/image\/"},"sameAs":["https:\/\/www.facebook.com\/OrganisatorFachmagazin","https:\/\/www.linkedin.com\/showcase\/organisator-das-magazin-fr-kmu","https:\/\/www.xing.com\/news\/pages\/organisator-ch-695","https:\/\/www.youtube.com\/channel\/UCGP2Sq0iWaZwT3BdIAQFYpw"]},{"@type":"Person","@id":"https:\/\/www.organisator.ch\/#\/schema\/person\/a800b8c54e208b160517a7dcc323161d","name":"roger.straessle","image":{"@type":"ImageObject","inLanguage":"it-IT","@id":"https:\/\/secure.gravatar.com\/avatar\/?s=96&d=mm&r=g","url":"https:\/\/secure.gravatar.com\/avatar\/?s=96&d=mm&r=g","contentUrl":"https:\/\/secure.gravatar.com\/avatar\/?s=96&d=mm&r=g","caption":"roger.straessle"},"url":"https:\/\/www.organisator.ch\/it\/author\/roger-straessle\/"}]}},"_links":{"self":[{"href":"https:\/\/www.organisator.ch\/it\/wp-json\/wp\/v2\/posts\/10228","targetHints":{"allow":["GET"]}}],"collection":[{"href":"https:\/\/www.organisator.ch\/it\/wp-json\/wp\/v2\/posts"}],"about":[{"href":"https:\/\/www.organisator.ch\/it\/wp-json\/wp\/v2\/types\/post"}],"author":[{"embeddable":true,"href":"https:\/\/www.organisator.ch\/it\/wp-json\/wp\/v2\/users\/6"}],"replies":[{"embeddable":true,"href":"https:\/\/www.organisator.ch\/it\/wp-json\/wp\/v2\/comments?post=10228"}],"version-history":[{"count":0,"href":"https:\/\/www.organisator.ch\/it\/wp-json\/wp\/v2\/posts\/10228\/revisions"}],"wp:featuredmedia":[{"embeddable":true,"href":"https:\/\/www.organisator.ch\/it\/wp-json\/wp\/v2\/media\/3562"}],"wp:attachment":[{"href":"https:\/\/www.organisator.ch\/it\/wp-json\/wp\/v2\/media?parent=10228"}],"wp:term":[{"taxonomy":"category","embeddable":true,"href":"https:\/\/www.organisator.ch\/it\/wp-json\/wp\/v2\/categories?post=10228"},{"taxonomy":"post_tag","embeddable":true,"href":"https:\/\/www.organisator.ch\/it\/wp-json\/wp\/v2\/tags?post=10228"}],"curies":[{"name":"wp","href":"https:\/\/api.w.org\/{rel}","templated":true}]}}