{"id":10230,"date":"2020-12-17T14:22:32","date_gmt":"2020-12-17T13:22:32","guid":{"rendered":"https:\/\/www.umweltperspektiven.ch\/?p=3590"},"modified":"2022-02-09T11:05:32","modified_gmt":"2022-02-09T10:05:32","slug":"zuercher-kva-das-aus-fuer-stofflich-verwertbare-kunststoffabfaelle","status":"publish","type":"post","link":"https:\/\/www.organisator.ch\/it\/sustainability\/2020-12-17\/zuercher-kva-das-aus-fuer-stofflich-verwertbare-kunststoffabfaelle\/","title":{"rendered":"Z\u00fcrcher KVA: la fine per i rifiuti di plastica riciclabili"},"content":{"rendered":"<figure id=\"attachment_4211\" aria-describedby=\"caption-attachment-4211\" style=\"width: 680px\" class=\"wp-caption aligncenter\"><img loading=\"lazy\" decoding=\"async\" class=\"wp-image-4211 size-medium\" src=\"\/\/www.umweltperspektiven.ch\/wp-content\/uploads\/2020\/12\/28_KVA_Entsorgung_Bild_1-1.jpg\" alt=\"Rifiuti di plastica\" width=\"680\" height=\"510\" \/><figcaption id=\"caption-attachment-4211\" class=\"wp-caption-text\">Foto: R. Str\u00e4ssle<\/figcaption><\/figure>\n<p>&nbsp;<\/p>\n<p>\"Vogliamo promuovere il riciclaggio dei rifiuti di plastica\", afferma Alfred Rudin, amministratore delegato di Z\u00fcrcher Abfallverwertungs AG, in breve ZAV. Tutti e cinque gli impianti di incenerimento dei rifiuti di Zurigo (KVA) di Dietikon, Hinwil, Horgen, Winterthur e della citt\u00e0 di Zurigo appartengono a questa societ\u00e0. Dal 1\u00b0 gennaio 2021, la ZAV \u00e8 soggetta a uno stop all'accettazione: le aziende non possono pi\u00f9 consegnare rifiuti in plastica. Con questo passo, i gestori degli impianti di incenerimento dei rifiuti stanno facendo un lavoro pionieristico per aumentare il potenziale dei rifiuti di plastica riciclabili provenienti dal commercio, dall'industria e dall'edilizia. \u00c8 una buona cosa, perch\u00e9 il riciclaggio della plastica \u00e8 ancora agli inizi in questo Paese. Per Rudin \u00e8 chiaro: \"Tali frazioni di rifiuti, soprattutto se si tratta di mono-lotti non miscelati e non inquinati o di quantit\u00e0 provenienti da raccolte, non appartengono al PAMM\".<\/p>\n<p>Cosa dice l'Ufficio federale dell'ambiente (UFAM) dell'approccio di Zurigo? Secondo la Divisione Rifiuti e Materie Prime dell'Ufficio Federale per l'Ambiente, non c'\u00e8 nulla da obiettare a questo stop alla raccolta. Tuttavia, \u00e8 necessario assicurarsi che la plastica raccolta separatamente venga effettivamente riciclata. \"Se le frazioni di rifiuti provenienti dal commercio, dall'industria e dall'edilizia vengono raccolte insieme ed esportate all'estero, \u00e8 necessaria un'autorizzazione dell'UFAM. Inoltre, deve essere dimostrato dove vengono esportati i rifiuti e a quale scopo\", ricorda Isabel Junker del Bafu.<\/p>\n<h2><strong>I campioni vengono prelevati<\/strong><\/h2>\n<p>Ci si chiede come gli operatori della MSWI di Zurigo controllino la fermata di accettazione. Secondo Rudin, il personale competente del MWIP deve prestare particolare attenzione a garantire che nessuna frazione di plastica riciclabile finisca nello smaltimento termico. In media, circa 3.000 tonnellate di rifiuti combustibili vengono consegnate ogni giorno ai cinque centri di raccolta differenziata di Zurigo. Rudin parla di circa 1.000 controlli a campione di routine necessari per controllare questi quantitativi.<strong>\u00a0<\/strong><\/p>\n<h2><strong>Manca il carburante MWIP?<\/strong><\/h2>\n<p>Gli impianti di trattamento dei rifiuti solidi urbani di Zurigo non solo bruciano i loro rifiuti, ma forniscono anche molta energia sotto forma di elettricit\u00e0 e di teleriscaldamento. I rifiuti di plastica sono noti per essere un buon combustibile. Con l'eliminazione della frazione, gli RSU perdono tra le 10.000 e le 15.000 tonnellate di materiale combustibile all'anno, stima l'amministratore delegato della ZAV.<\/p>\n<p>Cosa significa questo per la fornitura di teleriscaldamento, soprattutto nella stagione del riscaldamento? Rudin fa finta di niente, perch\u00e9 ha preso provvedimenti e si \u00e8 assicurato un \"carburante\" di oltre 6.000 tonnellate all'anno. Gli operatori del MWIP ricorrono al \"rifiuto antico\". Questo proviene dallo smantellamento della discarica di rifiuti domestici Tambrig a Obfelden, nel Canton Zurigo.\u00a0<strong>\u00a0<\/strong><\/p>\n<h2><strong>Esiste un mercato per il riciclaggio?<\/strong><\/h2>\n<p>La chiusura dei cicli dei materiali \u00e8 all'ordine del giorno. Ma esiste un mercato per i rifiuti di plastica riciclabili? Secondo l'amministratore delegato della ZAV, per i rifiuti di buona qualit\u00e0 e monovarietali vengono pagati fino a 100 franchi a tonnellata. Il prezzo \u00e8 diverso per le frazioni miste, che devono prima passare attraverso un impianto di selezione, che non \u00e8 gratuito. Va notato che anche lo smaltimento nell'impianto di incenerimento dei rifiuti ha il suo prezzo: per una tonnellata si pagano circa 150 franchi.<strong>\u00a0<\/strong><\/p>\n<h2><strong>Potenziale dormiente<\/strong><\/h2>\n<p>Ogni anno in Svizzera si consuma circa un milione di tonnellate di plastica. Circa un quarto di questi viene utilizzato per prodotti durevoli come i telai delle finestre. Secondo i dati dell'Ufficio Federale per l'Ambiente (Bafu), ogni anno vengono prodotte circa 780.000 tonnellate di rifiuti plastici, di cui circa 650.000 tonnellate vengono utilizzate a fini energetici negli impianti di smaltimento dei rifiuti solidi urbani e un buon 6% nei cementifici. In totale, pi\u00f9 dell'80% viene smaltito termicamente.<\/p>\n<h2><strong>Focus su commercio e industria<\/strong><\/h2>\n<p>Le maggiori quantit\u00e0 di rifiuti in plastica in Svizzera provengono dal commercio e dall'industria. Per questo motivo Z\u00fcrcher Abfallverwertungs AG vuole fare leva su questo settore con la sua fermata di accettazione: Il riciclaggio di pi\u00f9 materiali plastici \u00e8 molto efficace in questi settori e comporta un grande risparmio di risorse primarie con uno sforzo giustificato. Anche la cernita nei cosiddetti impianti di selezione dei rifiuti edili ingombranti \u00e8 espressamente desiderata. Affinch\u00e9 l'economia del riciclo delle plastiche riciclabili funzioni, sono necessarie quantit\u00e0 sufficientemente grandi, afferma Rudin.<\/p>\n<p>Secondo lui, ZAV vuole rafforzare la partnership con le aziende di riciclaggio in futuro: Gli impianti di trattamento dei rifiuti solidi urbani acquisterebbero da queste aziende i residui di cernita che non possono essere riciclati, per smaltirli termicamente.<\/p>","protected":false},"excerpt":{"rendered":"<p>&nbsp; \u00abWir wollen das stoffliche Recycling von Kunststoffabf\u00e4llen f\u00f6rdern\u00bb, sagt Alfred Rudin, Gesch\u00e4ftsf\u00fchrer der Z\u00fcrcher Abfallverwertungs AG, kurz ZAV. Ihr geh\u00f6ren alle f\u00fcnf Z\u00fcrcher Kehrichtverbrennungsanlagen (KVA) in Dietikon, Hinwil, Horgen, Winterthur und der Stadt Z\u00fcrich an. Bei der ZAV gilt seit dem 1. Januar 2021 ein Annahmestopp \u2013 Unternehmen d\u00fcrfen Kunststoffabf\u00e4lle nicht mehr anliefern. Mit [&hellip;]<\/p>\n","protected":false},"author":6,"featured_media":4211,"comment_status":"closed","ping_status":"closed","sticky":false,"template":"","format":"standard","meta":{"_acf_changed":false,"_yoast_wpseo_focuskw":"Kunststoffabf\u00e4lle","_yoast_wpseo_metadesc":"Die f\u00fcnf Z\u00fcrcher KVA nehmen ab 2021 keine stofflich rezyklierbaren Kunststofffraktionen aus Gewerbe, Industrie und Bau an.","articlekey":"","footnotes":""},"categories":[580],"tags":[1578,1580,2591,2611],"class_list":["post-10230","post","type-post","status-publish","format-standard","has-post-thumbnail","hentry","category-sustainability","tag-kunststoffabfall","tag-kva","tag-zav","tag-zuercher-abfallverwertungs-ag"],"acf":[],"yoast_head":"<!-- This site is optimized with the Yoast SEO plugin v27.5 - https:\/\/yoast.com\/product\/yoast-seo-wordpress\/ -->\n<title>Kunststoffabf\u00e4lle_Stopp_Z\u00fcrich<\/title>\n<meta name=\"description\" content=\"Die f\u00fcnf Z\u00fcrcher KVA nehmen ab 2021 keine stofflich rezyklierbaren Kunststofffraktionen aus Gewerbe, Industrie und Bau an.\" \/>\n<meta name=\"robots\" content=\"index, follow, max-snippet:-1, max-image-preview:large, max-video-preview:-1\" \/>\n<link rel=\"canonical\" href=\"https:\/\/www.organisator.ch\/it\/sostenibilita\/2020-12-17\/zuercher-kva-das-aus-fuer-stofflich-verwertbare-kunststoffabfaelle\/\" \/>\n<meta property=\"og:locale\" content=\"it_IT\" \/>\n<meta property=\"og:type\" content=\"article\" \/>\n<meta property=\"og:title\" content=\"Kunststoffabf\u00e4lle_Stopp_Z\u00fcrich\" \/>\n<meta property=\"og:description\" content=\"Die f\u00fcnf Z\u00fcrcher KVA nehmen ab 2021 keine stofflich rezyklierbaren Kunststofffraktionen aus Gewerbe, Industrie und Bau an.\" \/>\n<meta property=\"og:url\" content=\"https:\/\/www.organisator.ch\/it\/sostenibilita\/2020-12-17\/zuercher-kva-das-aus-fuer-stofflich-verwertbare-kunststoffabfaelle\/\" \/>\n<meta property=\"og:site_name\" content=\"Organisator\" \/>\n<meta property=\"article:publisher\" content=\"https:\/\/www.facebook.com\/OrganisatorFachmagazin\" \/>\n<meta property=\"article:published_time\" content=\"2020-12-17T13:22:32+00:00\" \/>\n<meta property=\"article:modified_time\" content=\"2022-02-09T10:05:32+00:00\" \/>\n<meta property=\"og:image\" content=\"https:\/\/www.organisator.ch\/wp-content\/uploads\/2020\/12\/28_KVA_Entsorgung_Bild_1-1-scaled.jpg\" \/>\n\t<meta property=\"og:image:width\" content=\"2560\" \/>\n\t<meta property=\"og:image:height\" content=\"1920\" \/>\n\t<meta property=\"og:image:type\" content=\"image\/jpeg\" \/>\n<meta name=\"author\" content=\"roger.straessle\" \/>\n<meta name=\"twitter:card\" content=\"summary_large_image\" \/>\n<script type=\"application\/ld+json\" class=\"yoast-schema-graph\">{\"@context\":\"https:\\\/\\\/schema.org\",\"@graph\":[{\"@type\":\"Article\",\"@id\":\"https:\\\/\\\/www.organisator.ch\\\/sustainability\\\/2020-12-17\\\/zuercher-kva-das-aus-fuer-stofflich-verwertbare-kunststoffabfaelle\\\/#article\",\"isPartOf\":{\"@id\":\"https:\\\/\\\/www.organisator.ch\\\/sustainability\\\/2020-12-17\\\/zuercher-kva-das-aus-fuer-stofflich-verwertbare-kunststoffabfaelle\\\/\"},\"author\":{\"name\":\"roger.straessle\",\"@id\":\"https:\\\/\\\/www.organisator.ch\\\/#\\\/schema\\\/person\\\/a800b8c54e208b160517a7dcc323161d\"},\"headline\":\"Z\u00fcrcher KVA: Das Aus f\u00fcr stofflich verwertbare Kunststoffabf\u00e4lle\",\"datePublished\":\"2020-12-17T13:22:32+00:00\",\"dateModified\":\"2022-02-09T10:05:32+00:00\",\"mainEntityOfPage\":{\"@id\":\"https:\\\/\\\/www.organisator.ch\\\/sustainability\\\/2020-12-17\\\/zuercher-kva-das-aus-fuer-stofflich-verwertbare-kunststoffabfaelle\\\/\"},\"wordCount\":661,\"publisher\":{\"@id\":\"https:\\\/\\\/www.organisator.ch\\\/#organization\"},\"image\":{\"@id\":\"https:\\\/\\\/www.organisator.ch\\\/sustainability\\\/2020-12-17\\\/zuercher-kva-das-aus-fuer-stofflich-verwertbare-kunststoffabfaelle\\\/#primaryimage\"},\"thumbnailUrl\":\"https:\\\/\\\/www.organisator.ch\\\/wp-content\\\/uploads\\\/2020\\\/12\\\/28_KVA_Entsorgung_Bild_1-1-scaled.jpg\",\"keywords\":[\"Kunststoffabfall\",\"KVA\",\"ZAV\",\"Z\u00fcrcher Abfallverwertungs AG\"],\"articleSection\":[\"SUSTAINABILITY\"],\"inLanguage\":\"it-IT\"},{\"@type\":\"WebPage\",\"@id\":\"https:\\\/\\\/www.organisator.ch\\\/sustainability\\\/2020-12-17\\\/zuercher-kva-das-aus-fuer-stofflich-verwertbare-kunststoffabfaelle\\\/\",\"url\":\"https:\\\/\\\/www.organisator.ch\\\/sustainability\\\/2020-12-17\\\/zuercher-kva-das-aus-fuer-stofflich-verwertbare-kunststoffabfaelle\\\/\",\"name\":\"Kunststoffabf\u00e4lle_Stopp_Z\u00fcrich\",\"isPartOf\":{\"@id\":\"https:\\\/\\\/www.organisator.ch\\\/#website\"},\"primaryImageOfPage\":{\"@id\":\"https:\\\/\\\/www.organisator.ch\\\/sustainability\\\/2020-12-17\\\/zuercher-kva-das-aus-fuer-stofflich-verwertbare-kunststoffabfaelle\\\/#primaryimage\"},\"image\":{\"@id\":\"https:\\\/\\\/www.organisator.ch\\\/sustainability\\\/2020-12-17\\\/zuercher-kva-das-aus-fuer-stofflich-verwertbare-kunststoffabfaelle\\\/#primaryimage\"},\"thumbnailUrl\":\"https:\\\/\\\/www.organisator.ch\\\/wp-content\\\/uploads\\\/2020\\\/12\\\/28_KVA_Entsorgung_Bild_1-1-scaled.jpg\",\"datePublished\":\"2020-12-17T13:22:32+00:00\",\"dateModified\":\"2022-02-09T10:05:32+00:00\",\"description\":\"Die f\u00fcnf Z\u00fcrcher KVA nehmen ab 2021 keine stofflich rezyklierbaren Kunststofffraktionen aus Gewerbe, Industrie und Bau an.\",\"breadcrumb\":{\"@id\":\"https:\\\/\\\/www.organisator.ch\\\/sustainability\\\/2020-12-17\\\/zuercher-kva-das-aus-fuer-stofflich-verwertbare-kunststoffabfaelle\\\/#breadcrumb\"},\"inLanguage\":\"it-IT\",\"potentialAction\":[{\"@type\":\"ReadAction\",\"target\":[\"https:\\\/\\\/www.organisator.ch\\\/sustainability\\\/2020-12-17\\\/zuercher-kva-das-aus-fuer-stofflich-verwertbare-kunststoffabfaelle\\\/\"]}]},{\"@type\":\"ImageObject\",\"inLanguage\":\"it-IT\",\"@id\":\"https:\\\/\\\/www.organisator.ch\\\/sustainability\\\/2020-12-17\\\/zuercher-kva-das-aus-fuer-stofflich-verwertbare-kunststoffabfaelle\\\/#primaryimage\",\"url\":\"https:\\\/\\\/www.organisator.ch\\\/wp-content\\\/uploads\\\/2020\\\/12\\\/28_KVA_Entsorgung_Bild_1-1-scaled.jpg\",\"contentUrl\":\"https:\\\/\\\/www.organisator.ch\\\/wp-content\\\/uploads\\\/2020\\\/12\\\/28_KVA_Entsorgung_Bild_1-1-scaled.jpg\",\"width\":2560,\"height\":1920,\"caption\":\"Foto: R. Str\u00e4ssle\"},{\"@type\":\"BreadcrumbList\",\"@id\":\"https:\\\/\\\/www.organisator.ch\\\/sustainability\\\/2020-12-17\\\/zuercher-kva-das-aus-fuer-stofflich-verwertbare-kunststoffabfaelle\\\/#breadcrumb\",\"itemListElement\":[{\"@type\":\"ListItem\",\"position\":1,\"name\":\"Home\",\"item\":\"https:\\\/\\\/www.organisator.ch\\\/\"},{\"@type\":\"ListItem\",\"position\":2,\"name\":\"Z\u00fcrcher KVA: Das Aus f\u00fcr stofflich verwertbare Kunststoffabf\u00e4lle\"}]},{\"@type\":\"WebSite\",\"@id\":\"https:\\\/\\\/www.organisator.ch\\\/#website\",\"url\":\"https:\\\/\\\/www.organisator.ch\\\/\",\"name\":\"Organisator\",\"description\":\"Kompetent. Praxisnah. Der ORGANISATOR bereitet in 10 Ausgaben pro Jahr die wesentlichen Themen f\u00fcr F\u00fchrungskr\u00e4fte von KMU auf.\",\"publisher\":{\"@id\":\"https:\\\/\\\/www.organisator.ch\\\/#organization\"},\"potentialAction\":[{\"@type\":\"SearchAction\",\"target\":{\"@type\":\"EntryPoint\",\"urlTemplate\":\"https:\\\/\\\/www.organisator.ch\\\/?s={search_term_string}\"},\"query-input\":{\"@type\":\"PropertyValueSpecification\",\"valueRequired\":true,\"valueName\":\"search_term_string\"}}],\"inLanguage\":\"it-IT\"},{\"@type\":\"Organization\",\"@id\":\"https:\\\/\\\/www.organisator.ch\\\/#organization\",\"name\":\"Organisator\",\"url\":\"https:\\\/\\\/www.organisator.ch\\\/\",\"logo\":{\"@type\":\"ImageObject\",\"inLanguage\":\"it-IT\",\"@id\":\"https:\\\/\\\/www.organisator.ch\\\/#\\\/schema\\\/logo\\\/image\\\/\",\"url\":\"https:\\\/\\\/www.organisator.ch\\\/wp-content\\\/uploads\\\/2022\\\/01\\\/Logo_Organisator_Website.png\",\"contentUrl\":\"https:\\\/\\\/www.organisator.ch\\\/wp-content\\\/uploads\\\/2022\\\/01\\\/Logo_Organisator_Website.png\",\"width\":800,\"height\":77,\"caption\":\"Organisator\"},\"image\":{\"@id\":\"https:\\\/\\\/www.organisator.ch\\\/#\\\/schema\\\/logo\\\/image\\\/\"},\"sameAs\":[\"https:\\\/\\\/www.facebook.com\\\/OrganisatorFachmagazin\",\"https:\\\/\\\/www.linkedin.com\\\/showcase\\\/organisator-das-magazin-fr-kmu\",\"https:\\\/\\\/www.xing.com\\\/news\\\/pages\\\/organisator-ch-695\",\"https:\\\/\\\/www.youtube.com\\\/channel\\\/UCGP2Sq0iWaZwT3BdIAQFYpw\"]},{\"@type\":\"Person\",\"@id\":\"https:\\\/\\\/www.organisator.ch\\\/#\\\/schema\\\/person\\\/a800b8c54e208b160517a7dcc323161d\",\"name\":\"roger.straessle\",\"image\":{\"@type\":\"ImageObject\",\"inLanguage\":\"it-IT\",\"@id\":\"https:\\\/\\\/secure.gravatar.com\\\/avatar\\\/?s=96&d=mm&r=g\",\"url\":\"https:\\\/\\\/secure.gravatar.com\\\/avatar\\\/?s=96&d=mm&r=g\",\"contentUrl\":\"https:\\\/\\\/secure.gravatar.com\\\/avatar\\\/?s=96&d=mm&r=g\",\"caption\":\"roger.straessle\"},\"url\":\"https:\\\/\\\/www.organisator.ch\\\/it\\\/author\\\/roger-straessle\\\/\"}]}<\/script>\n<!-- \/ Yoast SEO plugin. -->","yoast_head_json":{"title":"Stop_ai_rifiuti_di_plastica_Zurigo","description":"A partire dal 2021, i cinque impianti di incenerimento dei rifiuti di Zurigo non accetteranno pi\u00f9 le frazioni di plastica riciclabile provenienti dal commercio, dall'industria e dall'edilizia.","robots":{"index":"index","follow":"follow","max-snippet":"max-snippet:-1","max-image-preview":"max-image-preview:large","max-video-preview":"max-video-preview:-1"},"canonical":"https:\/\/www.organisator.ch\/it\/sostenibilita\/2020-12-17\/zuercher-kva-das-aus-fuer-stofflich-verwertbare-kunststoffabfaelle\/","og_locale":"it_IT","og_type":"article","og_title":"Kunststoffabf\u00e4lle_Stopp_Z\u00fcrich","og_description":"Die f\u00fcnf Z\u00fcrcher KVA nehmen ab 2021 keine stofflich rezyklierbaren Kunststofffraktionen aus Gewerbe, Industrie und Bau an.","og_url":"https:\/\/www.organisator.ch\/it\/sostenibilita\/2020-12-17\/zuercher-kva-das-aus-fuer-stofflich-verwertbare-kunststoffabfaelle\/","og_site_name":"Organisator","article_publisher":"https:\/\/www.facebook.com\/OrganisatorFachmagazin","article_published_time":"2020-12-17T13:22:32+00:00","article_modified_time":"2022-02-09T10:05:32+00:00","og_image":[{"width":2560,"height":1920,"url":"https:\/\/www.organisator.ch\/wp-content\/uploads\/2020\/12\/28_KVA_Entsorgung_Bild_1-1-scaled.jpg","type":"image\/jpeg"}],"author":"roger.straessle","twitter_card":"summary_large_image","schema":{"@context":"https:\/\/schema.org","@graph":[{"@type":"Article","@id":"https:\/\/www.organisator.ch\/sustainability\/2020-12-17\/zuercher-kva-das-aus-fuer-stofflich-verwertbare-kunststoffabfaelle\/#article","isPartOf":{"@id":"https:\/\/www.organisator.ch\/sustainability\/2020-12-17\/zuercher-kva-das-aus-fuer-stofflich-verwertbare-kunststoffabfaelle\/"},"author":{"name":"roger.straessle","@id":"https:\/\/www.organisator.ch\/#\/schema\/person\/a800b8c54e208b160517a7dcc323161d"},"headline":"Z\u00fcrcher KVA: Das Aus f\u00fcr stofflich verwertbare Kunststoffabf\u00e4lle","datePublished":"2020-12-17T13:22:32+00:00","dateModified":"2022-02-09T10:05:32+00:00","mainEntityOfPage":{"@id":"https:\/\/www.organisator.ch\/sustainability\/2020-12-17\/zuercher-kva-das-aus-fuer-stofflich-verwertbare-kunststoffabfaelle\/"},"wordCount":661,"publisher":{"@id":"https:\/\/www.organisator.ch\/#organization"},"image":{"@id":"https:\/\/www.organisator.ch\/sustainability\/2020-12-17\/zuercher-kva-das-aus-fuer-stofflich-verwertbare-kunststoffabfaelle\/#primaryimage"},"thumbnailUrl":"https:\/\/www.organisator.ch\/wp-content\/uploads\/2020\/12\/28_KVA_Entsorgung_Bild_1-1-scaled.jpg","keywords":["Kunststoffabfall","KVA","ZAV","Z\u00fcrcher Abfallverwertungs AG"],"articleSection":["SUSTAINABILITY"],"inLanguage":"it-IT"},{"@type":"WebPage","@id":"https:\/\/www.organisator.ch\/sustainability\/2020-12-17\/zuercher-kva-das-aus-fuer-stofflich-verwertbare-kunststoffabfaelle\/","url":"https:\/\/www.organisator.ch\/sustainability\/2020-12-17\/zuercher-kva-das-aus-fuer-stofflich-verwertbare-kunststoffabfaelle\/","name":"Stop_ai_rifiuti_di_plastica_Zurigo","isPartOf":{"@id":"https:\/\/www.organisator.ch\/#website"},"primaryImageOfPage":{"@id":"https:\/\/www.organisator.ch\/sustainability\/2020-12-17\/zuercher-kva-das-aus-fuer-stofflich-verwertbare-kunststoffabfaelle\/#primaryimage"},"image":{"@id":"https:\/\/www.organisator.ch\/sustainability\/2020-12-17\/zuercher-kva-das-aus-fuer-stofflich-verwertbare-kunststoffabfaelle\/#primaryimage"},"thumbnailUrl":"https:\/\/www.organisator.ch\/wp-content\/uploads\/2020\/12\/28_KVA_Entsorgung_Bild_1-1-scaled.jpg","datePublished":"2020-12-17T13:22:32+00:00","dateModified":"2022-02-09T10:05:32+00:00","description":"A partire dal 2021, i cinque impianti di incenerimento dei rifiuti di Zurigo non accetteranno pi\u00f9 le frazioni di plastica riciclabile provenienti dal commercio, dall'industria e dall'edilizia.","breadcrumb":{"@id":"https:\/\/www.organisator.ch\/sustainability\/2020-12-17\/zuercher-kva-das-aus-fuer-stofflich-verwertbare-kunststoffabfaelle\/#breadcrumb"},"inLanguage":"it-IT","potentialAction":[{"@type":"ReadAction","target":["https:\/\/www.organisator.ch\/sustainability\/2020-12-17\/zuercher-kva-das-aus-fuer-stofflich-verwertbare-kunststoffabfaelle\/"]}]},{"@type":"ImageObject","inLanguage":"it-IT","@id":"https:\/\/www.organisator.ch\/sustainability\/2020-12-17\/zuercher-kva-das-aus-fuer-stofflich-verwertbare-kunststoffabfaelle\/#primaryimage","url":"https:\/\/www.organisator.ch\/wp-content\/uploads\/2020\/12\/28_KVA_Entsorgung_Bild_1-1-scaled.jpg","contentUrl":"https:\/\/www.organisator.ch\/wp-content\/uploads\/2020\/12\/28_KVA_Entsorgung_Bild_1-1-scaled.jpg","width":2560,"height":1920,"caption":"Foto: R. Str\u00e4ssle"},{"@type":"BreadcrumbList","@id":"https:\/\/www.organisator.ch\/sustainability\/2020-12-17\/zuercher-kva-das-aus-fuer-stofflich-verwertbare-kunststoffabfaelle\/#breadcrumb","itemListElement":[{"@type":"ListItem","position":1,"name":"Home","item":"https:\/\/www.organisator.ch\/"},{"@type":"ListItem","position":2,"name":"Z\u00fcrcher KVA: Das Aus f\u00fcr stofflich verwertbare Kunststoffabf\u00e4lle"}]},{"@type":"WebSite","@id":"https:\/\/www.organisator.ch\/#website","url":"https:\/\/www.organisator.ch\/","name":"Organizzatore","description":"Competente. Pratico. In 10 numeri all'anno, ORGANISATOR presenta i temi essenziali per i manager delle PMI.","publisher":{"@id":"https:\/\/www.organisator.ch\/#organization"},"potentialAction":[{"@type":"SearchAction","target":{"@type":"EntryPoint","urlTemplate":"https:\/\/www.organisator.ch\/?s={search_term_string}"},"query-input":{"@type":"PropertyValueSpecification","valueRequired":true,"valueName":"search_term_string"}}],"inLanguage":"it-IT"},{"@type":"Organization","@id":"https:\/\/www.organisator.ch\/#organization","name":"Organizzatore","url":"https:\/\/www.organisator.ch\/","logo":{"@type":"ImageObject","inLanguage":"it-IT","@id":"https:\/\/www.organisator.ch\/#\/schema\/logo\/image\/","url":"https:\/\/www.organisator.ch\/wp-content\/uploads\/2022\/01\/Logo_Organisator_Website.png","contentUrl":"https:\/\/www.organisator.ch\/wp-content\/uploads\/2022\/01\/Logo_Organisator_Website.png","width":800,"height":77,"caption":"Organisator"},"image":{"@id":"https:\/\/www.organisator.ch\/#\/schema\/logo\/image\/"},"sameAs":["https:\/\/www.facebook.com\/OrganisatorFachmagazin","https:\/\/www.linkedin.com\/showcase\/organisator-das-magazin-fr-kmu","https:\/\/www.xing.com\/news\/pages\/organisator-ch-695","https:\/\/www.youtube.com\/channel\/UCGP2Sq0iWaZwT3BdIAQFYpw"]},{"@type":"Person","@id":"https:\/\/www.organisator.ch\/#\/schema\/person\/a800b8c54e208b160517a7dcc323161d","name":"roger.straessle","image":{"@type":"ImageObject","inLanguage":"it-IT","@id":"https:\/\/secure.gravatar.com\/avatar\/?s=96&d=mm&r=g","url":"https:\/\/secure.gravatar.com\/avatar\/?s=96&d=mm&r=g","contentUrl":"https:\/\/secure.gravatar.com\/avatar\/?s=96&d=mm&r=g","caption":"roger.straessle"},"url":"https:\/\/www.organisator.ch\/it\/author\/roger-straessle\/"}]}},"_links":{"self":[{"href":"https:\/\/www.organisator.ch\/it\/wp-json\/wp\/v2\/posts\/10230","targetHints":{"allow":["GET"]}}],"collection":[{"href":"https:\/\/www.organisator.ch\/it\/wp-json\/wp\/v2\/posts"}],"about":[{"href":"https:\/\/www.organisator.ch\/it\/wp-json\/wp\/v2\/types\/post"}],"author":[{"embeddable":true,"href":"https:\/\/www.organisator.ch\/it\/wp-json\/wp\/v2\/users\/6"}],"replies":[{"embeddable":true,"href":"https:\/\/www.organisator.ch\/it\/wp-json\/wp\/v2\/comments?post=10230"}],"version-history":[{"count":1,"href":"https:\/\/www.organisator.ch\/it\/wp-json\/wp\/v2\/posts\/10230\/revisions"}],"predecessor-version":[{"id":10382,"href":"https:\/\/www.organisator.ch\/it\/wp-json\/wp\/v2\/posts\/10230\/revisions\/10382"}],"wp:featuredmedia":[{"embeddable":true,"href":"https:\/\/www.organisator.ch\/it\/wp-json\/wp\/v2\/media\/4211"}],"wp:attachment":[{"href":"https:\/\/www.organisator.ch\/it\/wp-json\/wp\/v2\/media?parent=10230"}],"wp:term":[{"taxonomy":"category","embeddable":true,"href":"https:\/\/www.organisator.ch\/it\/wp-json\/wp\/v2\/categories?post=10230"},{"taxonomy":"post_tag","embeddable":true,"href":"https:\/\/www.organisator.ch\/it\/wp-json\/wp\/v2\/tags?post=10230"}],"curies":[{"name":"wp","href":"https:\/\/api.w.org\/{rel}","templated":true}]}}