{"id":10233,"date":"2021-01-07T06:02:23","date_gmt":"2021-01-07T05:02:23","guid":{"rendered":"https:\/\/www.umweltperspektiven.ch\/?p=3641"},"modified":"2022-02-09T11:06:11","modified_gmt":"2022-02-09T10:06:11","slug":"ausgezeichnete-energieprojekte","status":"publish","type":"post","link":"https:\/\/www.organisator.ch\/it\/sustainability\/2021-01-07\/ausgezeichnete-energieprojekte\/","title":{"rendered":"Progetti energetici premiati"},"content":{"rendered":"<figure id=\"attachment_3642\" aria-describedby=\"caption-attachment-3642\" style=\"width: 680px\" class=\"wp-caption aligncenter\"><img loading=\"lazy\" decoding=\"async\" class=\"wp-image-3642 size-medium\" src=\"\/\/www.umweltperspektiven.ch\/wp-content\/uploads\/2021\/01\/hydrospider.jpg\" alt=\"Watt d&#039;Or\" width=\"680\" height=\"476\" \/><figcaption id=\"caption-attachment-3642\" class=\"wp-caption-text\">Diverse aziende stanno costruendo il primo ciclo commerciale al mondo per l'idrogeno rinnovabile in Svizzera. Questo gli ha fatto guadagnare il Watt d'Or nella categoria della mobilit\u00e0 ad alta efficienza energetica. Fonte: Hydrospider<\/figcaption><\/figure>\n<p>Per la quattordicesima volta, l'Ufficio federale dell'energia ha assegnato oggi il prestigioso premio dell'energia. Per il Watt d'Or di quest'anno, sono state presentate 64 candidature e 24 voci sono state nominate per la fase finale. Da questi, la giuria ha selezionato i progetti vincitori nelle quattro categorie:<\/p>\n<p><strong><em>Categoria Tecnologie energetiche:<\/em><\/strong> Il percorso verso una Svizzera neutrale per il clima passa attraverso una forte elettrificazione, la decentralizzazione e anche attraverso una crescente digitalizzazione del sistema di approvvigionamento energetico. Le reti di distribuzione giocano un ruolo importante in questo. La rete di trasmissione globale con le grandi centrali elettriche, ma anche sempre pi\u00f9 impianti solari, stazioni di ricarica elettrica, pompe di calore e infine anche le prese di corrente dei consumatori si \"appendono\" ad esse. La soluzione classica per questo \u00e8 stata finora la costante e costosa espansione delle reti di distribuzione. Lo spin-off dell'ETH Adaptricity offre una soluzione migliore, pi\u00f9 economica e pi\u00f9 sicura. Con le sue soluzioni software, fornisce risposte intelligenti per la pianificazione e il monitoraggio trasparente delle reti e rende cos\u00ec le reti di distribuzione adatte al futuro dell'energia climatica e rinnovabile.<\/p>\n<p><strong><em>Categoria Energie Rinnovabili:<\/em><\/strong> In alto, sulle Alpi svizzere, l'atmosfera \u00e8 pi\u00f9 sottile, la radiazione solare pi\u00f9 forte e la neve riflette la luce in inverno. Condizioni ideali per la produzione di energia solare, soprattutto in inverno. Romande Energie, l'azienda di approvvigionamento energetico per la Svizzera occidentale, sta approfittando delle buone condizioni alpine per espandere ulteriormente la sua produzione di elettricit\u00e0 rinnovabile e avanzare la strategia energetica della Svizzera. Sul bacino del Lac des Toules nel Vallese, a 1.800 metri di altitudine, ha quindi creato un \"sito di potenza\". Oltre all'energia da energia idroelettrica, il bacino ora fornisce anche energia solare da una centrale solare alpina galleggiante. Romande Energie, insieme ad ABB Svizzera, ha risolto con successo molti problemi tecnici per l'impianto, che \u00e8 unico al mondo a questa altezza. Con un tale successo, infatti, che altre aziende di approvvigionamento energetico in Svizzera e all'estero sono gi\u00e0 interessate.<\/p>\n<p><strong><em>Categoria mobilit\u00e0 ad alta efficienza energetica:<\/em><\/strong> L'idrogeno giocher\u00e0 un ruolo importante nell'approvvigionamento energetico mondiale a impatto zero sul clima. Questo \u00e8 ormai indiscusso. Molti paesi e anche l'UE sono quindi in procinto di definire strategie globali per l'idrogeno. Non si tratta solo di sicurezza di approvvigionamento senza CO2, ma anche di un mercato che vale miliardi per l'idrogeno e altre tecnologie rispettose del clima. Grazie a un'iniziativa unica, la Svizzera gioca nella Champions League dell'idrogeno. Hydrospider AG, Hyundai Hydrogen Mobility AG, H2 Energy AG e la F\u00f6rderverein H2 Mobilit\u00e4t Schweiz stanno costruendo il primo ciclo commerciale di idrogeno rinnovabile in Svizzera. Questa rete fortemente impegnata di aziende sta guidando l'offerta e la domanda di idrogeno rinnovabile in parallelo, interamente senza sussidi governativi. Il modello di business comprende autocarri a idrogeno, stazioni di rifornimento di idrogeno, nonch\u00e9 la produzione e la logistica dell'idrogeno rinnovabile. Oggi ci sono circa 50 camion a idrogeno in Svizzera, presto dovrebbero essere pi\u00f9 di 1.000. Anche i paesi stranieri stanno osservando questo sviluppo con grande interesse.<\/p>\n<p><strong><em>Categoria Edifici e spazio<\/em><\/strong> (due vincitori):<\/p>\n<p>Nella loro nuova costruzione a M\u00e4nnedorf, Walter Schmid, pioniere dell'energia e presidente della fondazione Umwelt Arena Schweiz, e suo figlio, l'architetto Ren\u00e9 Schmid della Ren\u00e9 Schmid Architekten AG di Zurigo, puntano sull'autosufficienza energetica in una rete. L'intero fabbisogno energetico annuale del complesso \u00e8 prodotto da sistemi fotovoltaici sulle facciate e sul tetto e inoltre da turbine eoliche. Tuttavia, gli edifici non sono autosufficienti dal punto di vista energetico, ma sono collegati alla rete elettrica e del gas. La met\u00e0 dell'elettricit\u00e0 autoprodotta viene consumata dagli inquilini direttamente sul posto. Il resto viene trasportato nella rete elettrica a un impianto power-to-gas, convertito in gas rinnovabile e immagazzinato nella rete del gas naturale per la produzione di elettricit\u00e0 e calore in inverno. Le reti interconnesse forniscono cos\u00ec uno stoccaggio stagionale per l'energia autoprodotta. Un concetto che permette una fornitura di energia completamente rinnovabile e senza CO2 e che contribuisce attivamente a ridurre il gap elettrico invernale.<\/p>\n<p>La maggior parte dei vecchi edifici per uffici in Svizzera sono dei divoratori di energia. Le ristrutturazioni energeticamente efficienti costano molti soldi, spesso richiedono molto tempo e i complicati servizi di costruzione fanno sentire i proprietari degli edifici insicuri. A San Gallo, c'\u00e8 un edificio per uffici degli anni '60 appena ristrutturato che dissipa queste preoccupazioni. Qui, il concetto energetico di Beat Kegel - in breve \"la regola di Kegel\" - \u00e8 stato implementato insieme alla societ\u00e0 immobiliare sangallese Mettiss AG. In questo modo, la ristrutturazione ha potuto essere realizzata molto rapidamente e in modo economico, e l'edificio ha raggiunto facilmente lo standard di casa passiva. Questo grazie a un sistema di ventilazione e riscaldamento low-tech ed economico con elementi prefabbricati a parapetto e ventilatori composti nelle porte. Il nuovo inquilino, l'Universit\u00e0 di San Gallo, \u00e8 molto soddisfatto del clima interno e dei costi energetici. La \"regola di Kegel\" potrebbe essere usata nella ristrutturazione di altri edifici per uffici, cos\u00ec come nella costruzione residenziale e nei nuovi edifici.<\/p>\n<p><em>A causa della situazione pandemica, la cerimonia di premiazione del Watt d'Or avr\u00e0 luogo su scala molto ridotta. Tuttavia, sar\u00e0 trasmesso in streaming dal vivo su internet (<a href=\"\/\/www.bfe.admin.ch\/bfe\/de\/home\/das-bfe\/watt-d-or.html\">www.wattdor.ch<\/a>) trasferito.<\/em><\/p>","protected":false},"excerpt":{"rendered":"<p>Bereits zum vierzehnten Mal hat das Bundesamt f\u00fcr Energie heute den renommierten Energiepreis verliehen. F\u00fcr den diesj\u00e4hrigen Watt d\u2019Or wurden 64 Bewerbungen eingereicht und daraus 24 Beitr\u00e4ge f\u00fcr die Endrunde nominiert. Daraus hat die Jury die Siegerprojekte in den vier Kategorien gek\u00fcrt: Kategorie Energietechnologien: Der Weg zu einer klimaneutralen Schweiz f\u00fchrt \u00fcber eine starke Elektrifizierung, [&hellip;]<\/p>\n","protected":false},"author":6,"featured_media":9750,"comment_status":"closed","ping_status":"closed","sticky":false,"template":"","format":"standard","meta":{"_acf_changed":false,"_yoast_wpseo_focuskw":"Watt d'Or","_yoast_wpseo_metadesc":"Das Bundesamt f\u00fcr Energie hat den Schweizer Energiepreis Watt d'Or 2021 vergeben. Die goldenen Gewinner des Jahres 2021 im Umwelt Perspektiven.","articlekey":"","footnotes":""},"categories":[580],"tags":[672,884,1216,1342,1387,1389,1705,2007,2032,2537],"class_list":["post-10233","post","type-post","status-publish","format-standard","has-post-thumbnail","hentry","category-sustainability","tag-adaptricity","tag-bundesamt-fuer-energie","tag-foerderverein-h2-mobilitaet-schweiz","tag-h2-energy-ag","tag-hydrospider-ag","tag-hyundai-hydrogen-mobility-ag","tag-mettiss-ag","tag-rene-schmid-architekten-ag","tag-romande-energie","tag-watt-dor"],"acf":[],"yoast_head":"<!-- This site is optimized with the Yoast SEO plugin v27.4 - https:\/\/yoast.com\/product\/yoast-seo-wordpress\/ -->\n<title>Ausgezeichnete Energieprojekte - Organisator<\/title>\n<meta name=\"description\" content=\"Das Bundesamt f\u00fcr Energie hat den Schweizer Energiepreis Watt d&#039;Or 2021 vergeben. Die goldenen Gewinner des Jahres 2021 im Umwelt Perspektiven.\" \/>\n<meta name=\"robots\" content=\"index, follow, max-snippet:-1, max-image-preview:large, max-video-preview:-1\" \/>\n<link rel=\"canonical\" href=\"https:\/\/www.organisator.ch\/it\/sostenibilita\/2021-01-07\/ausgezeichnete-energieprojekte\/\" \/>\n<meta property=\"og:locale\" content=\"it_IT\" \/>\n<meta property=\"og:type\" content=\"article\" \/>\n<meta property=\"og:title\" content=\"Ausgezeichnete Energieprojekte - Organisator\" \/>\n<meta property=\"og:description\" content=\"Das Bundesamt f\u00fcr Energie hat den Schweizer Energiepreis Watt d&#039;Or 2021 vergeben. Die goldenen Gewinner des Jahres 2021 im Umwelt Perspektiven.\" \/>\n<meta property=\"og:url\" content=\"https:\/\/www.organisator.ch\/it\/sostenibilita\/2021-01-07\/ausgezeichnete-energieprojekte\/\" \/>\n<meta property=\"og:site_name\" content=\"Organisator\" \/>\n<meta property=\"article:publisher\" content=\"https:\/\/www.facebook.com\/OrganisatorFachmagazin\" \/>\n<meta property=\"article:published_time\" content=\"2021-01-07T05:02:23+00:00\" \/>\n<meta property=\"article:modified_time\" content=\"2022-02-09T10:06:11+00:00\" \/>\n<meta property=\"og:image\" content=\"https:\/\/www.organisator.ch\/wp-content\/uploads\/2021\/01\/hydrospider.jpg\" \/>\n\t<meta property=\"og:image:width\" content=\"848\" \/>\n\t<meta property=\"og:image:height\" content=\"593\" \/>\n\t<meta property=\"og:image:type\" content=\"image\/jpeg\" \/>\n<meta name=\"author\" content=\"roger.straessle\" \/>\n<meta name=\"twitter:card\" content=\"summary_large_image\" \/>\n<script type=\"application\/ld+json\" class=\"yoast-schema-graph\">{\"@context\":\"https:\\\/\\\/schema.org\",\"@graph\":[{\"@type\":\"Article\",\"@id\":\"https:\\\/\\\/www.organisator.ch\\\/sustainability\\\/2021-01-07\\\/ausgezeichnete-energieprojekte\\\/#article\",\"isPartOf\":{\"@id\":\"https:\\\/\\\/www.organisator.ch\\\/sustainability\\\/2021-01-07\\\/ausgezeichnete-energieprojekte\\\/\"},\"author\":{\"name\":\"roger.straessle\",\"@id\":\"https:\\\/\\\/www.organisator.ch\\\/#\\\/schema\\\/person\\\/a800b8c54e208b160517a7dcc323161d\"},\"headline\":\"Ausgezeichnete Energieprojekte\",\"datePublished\":\"2021-01-07T05:02:23+00:00\",\"dateModified\":\"2022-02-09T10:06:11+00:00\",\"mainEntityOfPage\":{\"@id\":\"https:\\\/\\\/www.organisator.ch\\\/sustainability\\\/2021-01-07\\\/ausgezeichnete-energieprojekte\\\/\"},\"wordCount\":805,\"publisher\":{\"@id\":\"https:\\\/\\\/www.organisator.ch\\\/#organization\"},\"image\":{\"@id\":\"https:\\\/\\\/www.organisator.ch\\\/sustainability\\\/2021-01-07\\\/ausgezeichnete-energieprojekte\\\/#primaryimage\"},\"thumbnailUrl\":\"https:\\\/\\\/www.organisator.ch\\\/wp-content\\\/uploads\\\/2021\\\/01\\\/hydrospider.jpg\",\"keywords\":[\"Adaptricity\",\"Bundesamt f\u00fcr Energie\",\"F\u00f6rderverein H2 Mobilit\u00e4t Schweiz\",\"H2 Energy AG\",\"Hydrospider AG\",\"Hyundai Hydrogen Mobility AG\",\"Mettiss AG\",\"Ren\u00e9 Schmid Architekten AG\",\"Romande Energie\",\"Watt d'Or\"],\"articleSection\":[\"SUSTAINABILITY\"],\"inLanguage\":\"it-IT\"},{\"@type\":\"WebPage\",\"@id\":\"https:\\\/\\\/www.organisator.ch\\\/sustainability\\\/2021-01-07\\\/ausgezeichnete-energieprojekte\\\/\",\"url\":\"https:\\\/\\\/www.organisator.ch\\\/sustainability\\\/2021-01-07\\\/ausgezeichnete-energieprojekte\\\/\",\"name\":\"Ausgezeichnete Energieprojekte - Organisator\",\"isPartOf\":{\"@id\":\"https:\\\/\\\/www.organisator.ch\\\/#website\"},\"primaryImageOfPage\":{\"@id\":\"https:\\\/\\\/www.organisator.ch\\\/sustainability\\\/2021-01-07\\\/ausgezeichnete-energieprojekte\\\/#primaryimage\"},\"image\":{\"@id\":\"https:\\\/\\\/www.organisator.ch\\\/sustainability\\\/2021-01-07\\\/ausgezeichnete-energieprojekte\\\/#primaryimage\"},\"thumbnailUrl\":\"https:\\\/\\\/www.organisator.ch\\\/wp-content\\\/uploads\\\/2021\\\/01\\\/hydrospider.jpg\",\"datePublished\":\"2021-01-07T05:02:23+00:00\",\"dateModified\":\"2022-02-09T10:06:11+00:00\",\"description\":\"Das Bundesamt f\u00fcr Energie hat den Schweizer Energiepreis Watt d'Or 2021 vergeben. Die goldenen Gewinner des Jahres 2021 im Umwelt Perspektiven.\",\"breadcrumb\":{\"@id\":\"https:\\\/\\\/www.organisator.ch\\\/sustainability\\\/2021-01-07\\\/ausgezeichnete-energieprojekte\\\/#breadcrumb\"},\"inLanguage\":\"it-IT\",\"potentialAction\":[{\"@type\":\"ReadAction\",\"target\":[\"https:\\\/\\\/www.organisator.ch\\\/sustainability\\\/2021-01-07\\\/ausgezeichnete-energieprojekte\\\/\"]}]},{\"@type\":\"ImageObject\",\"inLanguage\":\"it-IT\",\"@id\":\"https:\\\/\\\/www.organisator.ch\\\/sustainability\\\/2021-01-07\\\/ausgezeichnete-energieprojekte\\\/#primaryimage\",\"url\":\"https:\\\/\\\/www.organisator.ch\\\/wp-content\\\/uploads\\\/2021\\\/01\\\/hydrospider.jpg\",\"contentUrl\":\"https:\\\/\\\/www.organisator.ch\\\/wp-content\\\/uploads\\\/2021\\\/01\\\/hydrospider.jpg\",\"width\":848,\"height\":593,\"caption\":\"Verschiedene Unternehmen bauen in der Schweiz den weltweit ersten kommerziellen Kreislauf f\u00fcr erneuerbaren Wasserstoff auf. Daf\u00fcr gibt\u2019s den Watt d\u2019Or. Quelle: Hydrospider\"},{\"@type\":\"BreadcrumbList\",\"@id\":\"https:\\\/\\\/www.organisator.ch\\\/sustainability\\\/2021-01-07\\\/ausgezeichnete-energieprojekte\\\/#breadcrumb\",\"itemListElement\":[{\"@type\":\"ListItem\",\"position\":1,\"name\":\"Home\",\"item\":\"https:\\\/\\\/www.organisator.ch\\\/\"},{\"@type\":\"ListItem\",\"position\":2,\"name\":\"Ausgezeichnete Energieprojekte\"}]},{\"@type\":\"WebSite\",\"@id\":\"https:\\\/\\\/www.organisator.ch\\\/#website\",\"url\":\"https:\\\/\\\/www.organisator.ch\\\/\",\"name\":\"Organisator\",\"description\":\"Kompetent. Praxisnah. Der ORGANISATOR bereitet in 10 Ausgaben pro Jahr die wesentlichen Themen f\u00fcr F\u00fchrungskr\u00e4fte von KMU auf.\",\"publisher\":{\"@id\":\"https:\\\/\\\/www.organisator.ch\\\/#organization\"},\"potentialAction\":[{\"@type\":\"SearchAction\",\"target\":{\"@type\":\"EntryPoint\",\"urlTemplate\":\"https:\\\/\\\/www.organisator.ch\\\/?s={search_term_string}\"},\"query-input\":{\"@type\":\"PropertyValueSpecification\",\"valueRequired\":true,\"valueName\":\"search_term_string\"}}],\"inLanguage\":\"it-IT\"},{\"@type\":\"Organization\",\"@id\":\"https:\\\/\\\/www.organisator.ch\\\/#organization\",\"name\":\"Organisator\",\"url\":\"https:\\\/\\\/www.organisator.ch\\\/\",\"logo\":{\"@type\":\"ImageObject\",\"inLanguage\":\"it-IT\",\"@id\":\"https:\\\/\\\/www.organisator.ch\\\/#\\\/schema\\\/logo\\\/image\\\/\",\"url\":\"https:\\\/\\\/www.organisator.ch\\\/wp-content\\\/uploads\\\/2022\\\/01\\\/Logo_Organisator_Website.png\",\"contentUrl\":\"https:\\\/\\\/www.organisator.ch\\\/wp-content\\\/uploads\\\/2022\\\/01\\\/Logo_Organisator_Website.png\",\"width\":800,\"height\":77,\"caption\":\"Organisator\"},\"image\":{\"@id\":\"https:\\\/\\\/www.organisator.ch\\\/#\\\/schema\\\/logo\\\/image\\\/\"},\"sameAs\":[\"https:\\\/\\\/www.facebook.com\\\/OrganisatorFachmagazin\",\"https:\\\/\\\/www.linkedin.com\\\/showcase\\\/organisator-das-magazin-fr-kmu\",\"https:\\\/\\\/www.xing.com\\\/news\\\/pages\\\/organisator-ch-695\",\"https:\\\/\\\/www.youtube.com\\\/channel\\\/UCGP2Sq0iWaZwT3BdIAQFYpw\"]},{\"@type\":\"Person\",\"@id\":\"https:\\\/\\\/www.organisator.ch\\\/#\\\/schema\\\/person\\\/a800b8c54e208b160517a7dcc323161d\",\"name\":\"roger.straessle\",\"image\":{\"@type\":\"ImageObject\",\"inLanguage\":\"it-IT\",\"@id\":\"https:\\\/\\\/secure.gravatar.com\\\/avatar\\\/?s=96&d=mm&r=g\",\"url\":\"https:\\\/\\\/secure.gravatar.com\\\/avatar\\\/?s=96&d=mm&r=g\",\"contentUrl\":\"https:\\\/\\\/secure.gravatar.com\\\/avatar\\\/?s=96&d=mm&r=g\",\"caption\":\"roger.straessle\"},\"url\":\"https:\\\/\\\/www.organisator.ch\\\/it\\\/author\\\/roger-straessle\\\/\"}]}<\/script>\n<!-- \/ Yoast SEO plugin. -->","yoast_head_json":{"title":"Progetti energetici premiati - Organizzatore","description":"L'Ufficio federale dell'energia ha assegnato il Premio svizzero dell'energia Watt d'Or 2021. I vincitori d'oro dell'anno 2021 in Environmental Perspectives.","robots":{"index":"index","follow":"follow","max-snippet":"max-snippet:-1","max-image-preview":"max-image-preview:large","max-video-preview":"max-video-preview:-1"},"canonical":"https:\/\/www.organisator.ch\/it\/sostenibilita\/2021-01-07\/ausgezeichnete-energieprojekte\/","og_locale":"it_IT","og_type":"article","og_title":"Ausgezeichnete Energieprojekte - Organisator","og_description":"Das Bundesamt f\u00fcr Energie hat den Schweizer Energiepreis Watt d'Or 2021 vergeben. Die goldenen Gewinner des Jahres 2021 im Umwelt Perspektiven.","og_url":"https:\/\/www.organisator.ch\/it\/sostenibilita\/2021-01-07\/ausgezeichnete-energieprojekte\/","og_site_name":"Organisator","article_publisher":"https:\/\/www.facebook.com\/OrganisatorFachmagazin","article_published_time":"2021-01-07T05:02:23+00:00","article_modified_time":"2022-02-09T10:06:11+00:00","og_image":[{"width":848,"height":593,"url":"https:\/\/www.organisator.ch\/wp-content\/uploads\/2021\/01\/hydrospider.jpg","type":"image\/jpeg"}],"author":"roger.straessle","twitter_card":"summary_large_image","schema":{"@context":"https:\/\/schema.org","@graph":[{"@type":"Article","@id":"https:\/\/www.organisator.ch\/sustainability\/2021-01-07\/ausgezeichnete-energieprojekte\/#article","isPartOf":{"@id":"https:\/\/www.organisator.ch\/sustainability\/2021-01-07\/ausgezeichnete-energieprojekte\/"},"author":{"name":"roger.straessle","@id":"https:\/\/www.organisator.ch\/#\/schema\/person\/a800b8c54e208b160517a7dcc323161d"},"headline":"Ausgezeichnete Energieprojekte","datePublished":"2021-01-07T05:02:23+00:00","dateModified":"2022-02-09T10:06:11+00:00","mainEntityOfPage":{"@id":"https:\/\/www.organisator.ch\/sustainability\/2021-01-07\/ausgezeichnete-energieprojekte\/"},"wordCount":805,"publisher":{"@id":"https:\/\/www.organisator.ch\/#organization"},"image":{"@id":"https:\/\/www.organisator.ch\/sustainability\/2021-01-07\/ausgezeichnete-energieprojekte\/#primaryimage"},"thumbnailUrl":"https:\/\/www.organisator.ch\/wp-content\/uploads\/2021\/01\/hydrospider.jpg","keywords":["Adaptricity","Bundesamt f\u00fcr Energie","F\u00f6rderverein H2 Mobilit\u00e4t Schweiz","H2 Energy AG","Hydrospider AG","Hyundai Hydrogen Mobility AG","Mettiss AG","Ren\u00e9 Schmid Architekten AG","Romande Energie","Watt d'Or"],"articleSection":["SUSTAINABILITY"],"inLanguage":"it-IT"},{"@type":"WebPage","@id":"https:\/\/www.organisator.ch\/sustainability\/2021-01-07\/ausgezeichnete-energieprojekte\/","url":"https:\/\/www.organisator.ch\/sustainability\/2021-01-07\/ausgezeichnete-energieprojekte\/","name":"Progetti energetici premiati - Organizzatore","isPartOf":{"@id":"https:\/\/www.organisator.ch\/#website"},"primaryImageOfPage":{"@id":"https:\/\/www.organisator.ch\/sustainability\/2021-01-07\/ausgezeichnete-energieprojekte\/#primaryimage"},"image":{"@id":"https:\/\/www.organisator.ch\/sustainability\/2021-01-07\/ausgezeichnete-energieprojekte\/#primaryimage"},"thumbnailUrl":"https:\/\/www.organisator.ch\/wp-content\/uploads\/2021\/01\/hydrospider.jpg","datePublished":"2021-01-07T05:02:23+00:00","dateModified":"2022-02-09T10:06:11+00:00","description":"L'Ufficio federale dell'energia ha assegnato il Premio svizzero dell'energia Watt d'Or 2021. I vincitori d'oro dell'anno 2021 in Environmental Perspectives.","breadcrumb":{"@id":"https:\/\/www.organisator.ch\/sustainability\/2021-01-07\/ausgezeichnete-energieprojekte\/#breadcrumb"},"inLanguage":"it-IT","potentialAction":[{"@type":"ReadAction","target":["https:\/\/www.organisator.ch\/sustainability\/2021-01-07\/ausgezeichnete-energieprojekte\/"]}]},{"@type":"ImageObject","inLanguage":"it-IT","@id":"https:\/\/www.organisator.ch\/sustainability\/2021-01-07\/ausgezeichnete-energieprojekte\/#primaryimage","url":"https:\/\/www.organisator.ch\/wp-content\/uploads\/2021\/01\/hydrospider.jpg","contentUrl":"https:\/\/www.organisator.ch\/wp-content\/uploads\/2021\/01\/hydrospider.jpg","width":848,"height":593,"caption":"Verschiedene Unternehmen bauen in der Schweiz den weltweit ersten kommerziellen Kreislauf f\u00fcr erneuerbaren Wasserstoff auf. Daf\u00fcr gibt\u2019s den Watt d\u2019Or. Quelle: Hydrospider"},{"@type":"BreadcrumbList","@id":"https:\/\/www.organisator.ch\/sustainability\/2021-01-07\/ausgezeichnete-energieprojekte\/#breadcrumb","itemListElement":[{"@type":"ListItem","position":1,"name":"Home","item":"https:\/\/www.organisator.ch\/"},{"@type":"ListItem","position":2,"name":"Ausgezeichnete Energieprojekte"}]},{"@type":"WebSite","@id":"https:\/\/www.organisator.ch\/#website","url":"https:\/\/www.organisator.ch\/","name":"Organizzatore","description":"Competente. Pratico. In 10 numeri all'anno, ORGANISATOR presenta i temi essenziali per i manager delle PMI.","publisher":{"@id":"https:\/\/www.organisator.ch\/#organization"},"potentialAction":[{"@type":"SearchAction","target":{"@type":"EntryPoint","urlTemplate":"https:\/\/www.organisator.ch\/?s={search_term_string}"},"query-input":{"@type":"PropertyValueSpecification","valueRequired":true,"valueName":"search_term_string"}}],"inLanguage":"it-IT"},{"@type":"Organization","@id":"https:\/\/www.organisator.ch\/#organization","name":"Organizzatore","url":"https:\/\/www.organisator.ch\/","logo":{"@type":"ImageObject","inLanguage":"it-IT","@id":"https:\/\/www.organisator.ch\/#\/schema\/logo\/image\/","url":"https:\/\/www.organisator.ch\/wp-content\/uploads\/2022\/01\/Logo_Organisator_Website.png","contentUrl":"https:\/\/www.organisator.ch\/wp-content\/uploads\/2022\/01\/Logo_Organisator_Website.png","width":800,"height":77,"caption":"Organisator"},"image":{"@id":"https:\/\/www.organisator.ch\/#\/schema\/logo\/image\/"},"sameAs":["https:\/\/www.facebook.com\/OrganisatorFachmagazin","https:\/\/www.linkedin.com\/showcase\/organisator-das-magazin-fr-kmu","https:\/\/www.xing.com\/news\/pages\/organisator-ch-695","https:\/\/www.youtube.com\/channel\/UCGP2Sq0iWaZwT3BdIAQFYpw"]},{"@type":"Person","@id":"https:\/\/www.organisator.ch\/#\/schema\/person\/a800b8c54e208b160517a7dcc323161d","name":"roger.straessle","image":{"@type":"ImageObject","inLanguage":"it-IT","@id":"https:\/\/secure.gravatar.com\/avatar\/?s=96&d=mm&r=g","url":"https:\/\/secure.gravatar.com\/avatar\/?s=96&d=mm&r=g","contentUrl":"https:\/\/secure.gravatar.com\/avatar\/?s=96&d=mm&r=g","caption":"roger.straessle"},"url":"https:\/\/www.organisator.ch\/it\/author\/roger-straessle\/"}]}},"_links":{"self":[{"href":"https:\/\/www.organisator.ch\/it\/wp-json\/wp\/v2\/posts\/10233","targetHints":{"allow":["GET"]}}],"collection":[{"href":"https:\/\/www.organisator.ch\/it\/wp-json\/wp\/v2\/posts"}],"about":[{"href":"https:\/\/www.organisator.ch\/it\/wp-json\/wp\/v2\/types\/post"}],"author":[{"embeddable":true,"href":"https:\/\/www.organisator.ch\/it\/wp-json\/wp\/v2\/users\/6"}],"replies":[{"embeddable":true,"href":"https:\/\/www.organisator.ch\/it\/wp-json\/wp\/v2\/comments?post=10233"}],"version-history":[{"count":1,"href":"https:\/\/www.organisator.ch\/it\/wp-json\/wp\/v2\/posts\/10233\/revisions"}],"predecessor-version":[{"id":10504,"href":"https:\/\/www.organisator.ch\/it\/wp-json\/wp\/v2\/posts\/10233\/revisions\/10504"}],"wp:featuredmedia":[{"embeddable":true,"href":"https:\/\/www.organisator.ch\/it\/wp-json\/wp\/v2\/media\/9750"}],"wp:attachment":[{"href":"https:\/\/www.organisator.ch\/it\/wp-json\/wp\/v2\/media?parent=10233"}],"wp:term":[{"taxonomy":"category","embeddable":true,"href":"https:\/\/www.organisator.ch\/it\/wp-json\/wp\/v2\/categories?post=10233"},{"taxonomy":"post_tag","embeddable":true,"href":"https:\/\/www.organisator.ch\/it\/wp-json\/wp\/v2\/tags?post=10233"}],"curies":[{"name":"wp","href":"https:\/\/api.w.org\/{rel}","templated":true}]}}