{"id":10254,"date":"2021-03-08T10:10:39","date_gmt":"2021-03-08T09:10:39","guid":{"rendered":"https:\/\/www.umweltperspektiven.ch\/?p=3891"},"modified":"2022-02-09T11:06:10","modified_gmt":"2022-02-09T10:06:10","slug":"netto-null-ziel-erfordert-einschneidende-massnahmen","status":"publish","type":"post","link":"https:\/\/www.organisator.ch\/it\/sustainability\/2021-03-08\/netto-null-ziel-erfordert-einschneidende-massnahmen\/","title":{"rendered":"L'obiettivo netto zero richiede misure drastiche"},"content":{"rendered":"<figure id=\"attachment_3892\" aria-describedby=\"caption-attachment-3892\" style=\"width: 680px\" class=\"wp-caption alignnone\"><img loading=\"lazy\" decoding=\"async\" class=\"wp-image-3892 size-medium\" src=\"\/\/www.umweltperspektiven.ch\/wp-content\/uploads\/2021\/03\/20210302_kober-panos_0041.jpg\" alt=\"Transizione energetica\" width=\"680\" height=\"453\" \/><figcaption id=\"caption-attachment-3892\" class=\"wp-caption-text\">L'elettromobilit\u00e0 avr\u00e0 un ruolo importante nella transizione energetica, sanno gli autori dello studio Evangelos Panos (a sinistra) e Tom Kober. (Foto: Istituto Paul Scherrer\/Mahir Dzambegovic)<\/figcaption><\/figure>\n<p>Nell'agosto 2019, il Consiglio federale ha adottato un obiettivo ambizioso per limitare il cambiamento climatico: A partire dall'anno 2050, la Svizzera non dovrebbe pi\u00f9 emettere emissioni di gas a effetto serra a conti fatti. Ci\u00f2 significa che la Svizzera \u00e8 in linea con l'obiettivo concordato a livello internazionale di limitare il riscaldamento globale a un massimo di 1,5 \u00b0C rispetto ai tempi preindustriali.<\/p>\n<p>Uno studio condotto dall'Istituto Paul Scherrer (PSI) nell'ambito della Joint Activity \"Scenarios and Modelling\" degli 8 centri di competenza svizzeri per la ricerca sull'energia (SCCER) sta esplorando le possibilit\u00e0 di raggiungere questo obiettivo nel settore energetico.<\/p>\n<p>\"L'obiettivo di raggiungere zero emissioni di anidride carbonica nel 2050 richiede drastiche trasformazioni nella fornitura e nel consumo di energia in quasi tutti i settori\", riassume Tom Kober, capo dell'Energy Economics Research Group del PSI e uno degli autori principali dello studio.<\/p>\n<p>Nelle loro analisi, i ricercatori hanno preso in considerazione le emissioni di anidride carbonica legate all'energia e le emissioni di anidride carbonica dei processi industriali. Queste emissioni rappresentano attualmente circa l'80 per cento dell'inventario totale dei gas serra svizzeri. Non sono stati inclusi nei calcoli: le emissioni dell'aviazione internazionale, l'agricoltura - ad eccezione delle emissioni dalla combustione di combustibili -, l'uso del suolo, il cambiamento di uso del suolo e la silvicoltura, e i rifiuti - ad eccezione delle emissioni dall'incenerimento dei rifiuti. Anche le emissioni all'estero che sono legate al consumo di beni in Svizzera non sono state incluse nell'analisi.<\/p>\n<p><strong>L'elettricit\u00e0 dal fotovoltaico deve raddoppiare almeno ogni decennio<\/strong><\/p>\n<p>Le conclusioni dello studio sono: La capacit\u00e0 installata dei sistemi fotovoltaici deve raddoppiare almeno ogni decennio fino al 2050, in modo che i sistemi fotovoltaici con 26 terawattora di produzione nel 2050 diventino il secondo gruppo tecnologico pi\u00f9 grande accanto all'energia idroelettrica (circa 38 terawattora nel 2050). Inoltre, le centrali elettriche con generazione combinata di calore ed energia, cos\u00ec come le centrali eoliche, le celle a combustibile a idrogeno e le importazioni di elettricit\u00e0 contribuiscono a soddisfare la domanda di elettricit\u00e0. Nello scenario principale per raggiungere l'obiettivo di emissioni nette zero, la produzione complessiva di elettricit\u00e0 dalle centrali elettriche e dagli impianti di stoccaggio in Svizzera aumenta di circa un quinto rispetto al livello attuale, fino a 83 terawattora nel 2050. Lo studio presuppone che le centrali nucleari svizzere saranno smantellate entro il 2045. Il parco auto privato dovrebbe essere in gran parte basato su unit\u00e0 elettriche entro il 2050. Entro il 2030, una macchina nuova su tre dovrebbe essere completamente elettrica. Inoltre, l'uso delle pompe di calore nel settore terziario e residenziale dovrebbe essere accelerato significativamente, in modo che entro il 2050 quasi tre quarti della domanda di riscaldamento e acqua calda siano coperti da esse. Allo stesso tempo, sarebbe necessario ottenere risparmi energetici significativi attraverso ristrutturazioni accelerate di edifici residenziali.<\/p>\n<p><strong>Aumento significativo del consumo di elettricit\u00e0<\/strong><\/p>\n<p>Se la Svizzera vuole raggiungere l'obiettivo delle emissioni nette zero, ci si deve aspettare un aumento significativo del consumo di elettricit\u00e0. Cos\u00ec, nel 2050, il consumo di elettricit\u00e0 potrebbe essere di 20 terawattora superiore al livello attuale. Uno dei principali motori di questa crescita \u00e8 l'uso dell'elettricit\u00e0 per alimentare automobili, autobus e camion, sia direttamente tramite veicoli elettrici a batteria sia indirettamente tramite l'idrogeno o i cosiddetti e-fuels, cio\u00e8 i carburanti sintetici prodotti usando l'elettricit\u00e0 dall'idrogeno e dall'anidride carbonica (CO<sub>2<\/sub>) sar\u00e0 prodotto. Nei settori stazionari, l'elettricit\u00e0 sar\u00e0 sempre pi\u00f9 consumata dall'aumento dell'uso delle pompe di calore. Tuttavia, questo maggiore consumo di elettricit\u00e0 pu\u00f2 essere compensato se si ottengono i necessari guadagni di efficienza nel riscaldamento e nella fornitura di acqua calda. Allora i settori stazionari potrebbero raggiungere un consumo di elettricit\u00e0 quasi costante.<\/p>\n<p>Oltre all'energia elettrica, altre forme di energia avranno un ruolo. Per esempio, il trasporto a lunga distanza e il trasporto merci, cos\u00ec come l'industria ad alta intensit\u00e0 energetica, offrono prospettive per nuove applicazioni dell'idrogeno. Per produrre l'idrogeno necessario con emissioni basse o nulle, sarebbe necessaria una quantit\u00e0 considerevole di elettricit\u00e0 generata in modo sostenibile (9 terawattora nel 2050).<\/p>\n<p><strong>Senza CO<sub>2<\/sub>-la separazione probabilmente non funzioner\u00e0<\/strong><\/p>\n<p>\"Se la Svizzera vuole raggiungere l'obiettivo delle emissioni zero entro il 2050, il CO<sub>2<\/sub>-Le emissioni saranno ridotte da uno a un milione e mezzo di tonnellate in media ogni anno in futuro rispetto all'anno precedente\", dice Evangelos Panos, autore principale dello studio. \"Le variazioni di CO<sub>2<\/sub>-Abbiamo visto emissioni di questa portata nel periodo dal 1950 al 1980, ma nella direzione opposta: allora sono aumentate in modo massiccio\". Al fine di realizzare riduzioni di emissioni in modo efficace dal punto di vista dei costi, l'uso di tecnologie con il cosiddetto CO<sub>2<\/sub>-la cattura dovrebbe essere presa in considerazione. In questo modo, sarebbe persino possibile raggiungere un bilancio negativo di CO<sub>2<\/sub>-emissioni. Questo \u00e8 il caso, per esempio, se la biomassa \u00e8 usata come fonte di energia e la CO<sub>2<\/sub> ma catturarlo e conservarlo sottoterra. Se questo non \u00e8 possibile in Svizzera - per esempio a causa del rifiuto da parte della popolazione o a causa delle limitate emissioni di CO<sub>2<\/sub> siti di stoccaggio -, il networking internazionale e lo stoccaggio all'estero potrebbero offrire una via d'uscita. Nel loro studio, i ricercatori ipotizzano un totale di poco meno di 9 milioni di tonnellate di CO<sub>2<\/sub> che verrebbero separati in Svizzera.<\/p>\n<p>\"Pi\u00f9 di due terzi delle riduzioni di emissioni necessarie per l'obiettivo di emissioni nette zero sono raggiungibili con tecnologie che sono gi\u00e0 disponibili in commercio o in fase di dimostrazione\", riassume Panos. Il sistema energetico decarbonizzato del futuro \u00e8 realizzabile, ma richiede fonti di energia senza carbonio, per esempio elettricit\u00e0 generata in modo appropriato, biocarburanti ed e-carburanti, accesso all'infrastruttura di trasporto e distribuzione appropriata, e la capacit\u00e0 di importare carburanti ed elettricit\u00e0 puliti.<\/p>\n<p><strong>I costi sono difficili da stimare<\/strong><\/p>\n<p>I ricercatori del sistema energetico sono cauti sui costi. \"I costi sono molto difficili da stimare perch\u00e9 un numero enorme di componenti gioca un ruolo\", dice Kober. Nello scenario principale netto-zero ipotizzato nello studio, i costi aggiuntivi medi attualizzati dello scenario di protezione del clima per il periodo fino al 2050 sarebbero pi\u00f9 alti dello scenario di riferimento con protezione del clima moderata (-40 % CO<sub>2<\/sub>-nel 2050 rispetto al 1990) in Svizzera ammontano a circa 330 CHF per persona e anno (base: 2010). Se guardiamo tutti gli scenari esaminati, vediamo una gamma di costi medi tra 200 e 860 franchi per persona all'anno, che in definitiva riflette i diversi sviluppi delle tecnologie energetiche, la disponibilit\u00e0 delle risorse, l'integrazione del mercato, l'accettazione delle tecnologie e le preferenze per la sicurezza dell'approvvigionamento. L'andamento dei costi mostra soprattutto un aumento a lungo termine, per cui ci si pu\u00f2 aspettare costi relativamente alti anche dopo il 2050.<\/p>\n<p>Lo studio si basa su calcoli con lo Swiss TIMES Energy System Model (STEM) del PSI, che mappa l'intero sistema energetico della Svizzera con le varie interazioni tra tecnologie e settori. STEM combina un orizzonte temporale a lungo termine con un'alta risoluzione temporale durante l'anno e calcola le configurazioni a costo minimo del sistema energetico e il raggiungimento di vari obiettivi di politica energetica e climatica per varie ipotesi di quadro futuro. Il modello \u00e8 stato notevolmente sviluppato nell'ambito del progetto di ricerca, soprattutto per quanto riguarda le opzioni per il raggiungimento di emissioni nette di CO<sub>2<\/sub>-scenari di emissioni. Il modello \u00e8 usato per calcolare scenari che non sono assolutamente da intendere come previsioni, ma piuttosto forniscono intuizioni sulle diverse interazioni nel sistema energetico e quindi contribuiscono al supporto decisionale nella politica, nell'industria e nella societ\u00e0. In particolare, in questo studio sono stati esaminati tre scenari principali che, oltre allo scenario di riferimento, includono uno scenario a zero emissioni di CO<sub>2<\/sub>-e uno scenario che assume gli obiettivi della Strategia energetica svizzera per il 2050 senza definire esplicitamente uno scenario di riduzione delle emissioni di CO<sub>2<\/sub>-obiettivo di riduzione. Inoltre, sono state analizzate sette diverse varianti degli scenari principali, come una variante con un alto potenziale di innovazione tecnologica e una variante per ridurre la dipendenza dalle importazioni di energia.<\/p>\n<p><em>Oltre al PSI, le seguenti istituzioni sono coinvolte nella collaborazione nel quadro della SCCER Joint Activity Scenarios and Modelling: Empa, EPFL, ETH Zurigo, Scuola universitaria professionale di Lucerna, Universit\u00e0 di Basilea, Universit\u00e0 di Ginevra e WSL. Lo studio \u00e8 stato finanziato da Innosuisse - Agenzia svizzera per l'innovazione.<\/em><\/p>\n<p><em>Pubblicazione originale: Panos, E.; Kober, T.; Ramachandran, K.; Hirschberg, S. (2021): Long-Term Energy Transformation Pathways - Integrated Scenario Analysis with the Swiss TIMES Energy systems Model; Report of the Joint Activity Scenarios and Modelling of the Swiss Competence Centers for Energy Research. <\/em><\/p>\n<p><a href=\"\/\/sccer-jasm.ch\/JASMpapers\/JASM_results_stem.pdf\"><em>Scarica la versione PDF\u00a0 <\/em><\/a><\/p>\n<p>&nbsp;<\/p>\n<p><em>\u00a0<\/em><\/p>\n<p>&nbsp;<\/p>","protected":false},"excerpt":{"rendered":"<p>Der Bundesrat hat im August 2019 ein ehrgeiziges Ziel zur Begrenzung des Klimawandels beschlossen: Ab dem Jahr 2050 soll die Schweiz unter dem Strich keine Treibhausgasemissionen mehr ausstossen. Damit entspricht die Schweiz dem international vereinbarten Ziel, die globale Klimaerw\u00e4rmung auf maximal 1,5 \u00b0C gegen\u00fcber der vorindustriellen Zeit zu begrenzen. Welche M\u00f6glichkeiten zur Erreichung dieses Zieles [&hellip;]<\/p>\n","protected":false},"author":6,"featured_media":9771,"comment_status":"closed","ping_status":"closed","sticky":false,"template":"","format":"standard","meta":{"_acf_changed":false,"_yoast_wpseo_focuskw":"Energiewende","_yoast_wpseo_metadesc":"Energiewende: Das Paul Scherrer Institut hat untersucht, welche Massnahmen daf\u00fcr notwendig w\u00e4ren und wie viel das pro Kopf kosten k\u00f6nnte.","articlekey":"","footnotes":""},"categories":[580],"tags":[930,1095,1541,602,1908,1957,460],"class_list":["post-10254","post","type-post","status-publish","format-standard","has-post-thumbnail","hentry","category-sustainability","tag-co2-abscheidung","tag-energiewende","tag-kohlendioxid-emissionen","tag-netto-null-ziel","tag-photovoltaik","tag-psi-studie","tag-studien"],"acf":[],"yoast_head":"<!-- This site is optimized with the Yoast SEO plugin v27.5 - https:\/\/yoast.com\/product\/yoast-seo-wordpress\/ -->\n<title>Netto-Null-Ziel erfordert einschneidende Massnahmen - Organisator<\/title>\n<meta name=\"description\" content=\"Energiewende: Das Paul Scherrer Institut hat untersucht, welche Massnahmen daf\u00fcr notwendig w\u00e4ren und wie viel das pro Kopf kosten k\u00f6nnte.\" \/>\n<meta name=\"robots\" content=\"index, follow, max-snippet:-1, max-image-preview:large, max-video-preview:-1\" \/>\n<link rel=\"canonical\" href=\"https:\/\/www.organisator.ch\/it\/sostenibilita\/2021-03-08\/netto-null-ziel-erfordert-einschneidende-massnahmen\/\" \/>\n<meta property=\"og:locale\" content=\"it_IT\" \/>\n<meta property=\"og:type\" content=\"article\" \/>\n<meta property=\"og:title\" content=\"Netto-Null-Ziel erfordert einschneidende Massnahmen - Organisator\" \/>\n<meta property=\"og:description\" content=\"Energiewende: Das Paul Scherrer Institut hat untersucht, welche Massnahmen daf\u00fcr notwendig w\u00e4ren und wie viel das pro Kopf kosten k\u00f6nnte.\" \/>\n<meta property=\"og:url\" content=\"https:\/\/www.organisator.ch\/it\/sostenibilita\/2021-03-08\/netto-null-ziel-erfordert-einschneidende-massnahmen\/\" \/>\n<meta property=\"og:site_name\" content=\"Organisator\" \/>\n<meta property=\"article:publisher\" content=\"https:\/\/www.facebook.com\/OrganisatorFachmagazin\" \/>\n<meta property=\"article:published_time\" content=\"2021-03-08T09:10:39+00:00\" \/>\n<meta property=\"article:modified_time\" content=\"2022-02-09T10:06:10+00:00\" \/>\n<meta property=\"og:image\" content=\"https:\/\/www.organisator.ch\/wp-content\/uploads\/2021\/03\/20210302_kober-panos_0041-scaled.jpg\" \/>\n\t<meta property=\"og:image:width\" content=\"2560\" \/>\n\t<meta property=\"og:image:height\" content=\"1707\" \/>\n\t<meta property=\"og:image:type\" content=\"image\/jpeg\" \/>\n<meta name=\"author\" content=\"roger.straessle\" \/>\n<meta name=\"twitter:card\" content=\"summary_large_image\" \/>\n<script type=\"application\/ld+json\" class=\"yoast-schema-graph\">{\"@context\":\"https:\\\/\\\/schema.org\",\"@graph\":[{\"@type\":\"Article\",\"@id\":\"https:\\\/\\\/www.organisator.ch\\\/sustainability\\\/2021-03-08\\\/netto-null-ziel-erfordert-einschneidende-massnahmen\\\/#article\",\"isPartOf\":{\"@id\":\"https:\\\/\\\/www.organisator.ch\\\/sustainability\\\/2021-03-08\\\/netto-null-ziel-erfordert-einschneidende-massnahmen\\\/\"},\"author\":{\"name\":\"roger.straessle\",\"@id\":\"https:\\\/\\\/www.organisator.ch\\\/#\\\/schema\\\/person\\\/a800b8c54e208b160517a7dcc323161d\"},\"headline\":\"Netto-Null-Ziel erfordert einschneidende Massnahmen\",\"datePublished\":\"2021-03-08T09:10:39+00:00\",\"dateModified\":\"2022-02-09T10:06:10+00:00\",\"mainEntityOfPage\":{\"@id\":\"https:\\\/\\\/www.organisator.ch\\\/sustainability\\\/2021-03-08\\\/netto-null-ziel-erfordert-einschneidende-massnahmen\\\/\"},\"wordCount\":1266,\"publisher\":{\"@id\":\"https:\\\/\\\/www.organisator.ch\\\/#organization\"},\"image\":{\"@id\":\"https:\\\/\\\/www.organisator.ch\\\/sustainability\\\/2021-03-08\\\/netto-null-ziel-erfordert-einschneidende-massnahmen\\\/#primaryimage\"},\"thumbnailUrl\":\"https:\\\/\\\/www.organisator.ch\\\/wp-content\\\/uploads\\\/2021\\\/03\\\/20210302_kober-panos_0041-scaled.jpg\",\"keywords\":[\"CO2-Abscheidung\",\"Energiewende\",\"Kohlendioxid-Emissionen\",\"Netto-Null-Ziel\",\"Photovoltaik\",\"PSI-Studie\",\"Studien\"],\"articleSection\":[\"SUSTAINABILITY\"],\"inLanguage\":\"it-IT\"},{\"@type\":\"WebPage\",\"@id\":\"https:\\\/\\\/www.organisator.ch\\\/sustainability\\\/2021-03-08\\\/netto-null-ziel-erfordert-einschneidende-massnahmen\\\/\",\"url\":\"https:\\\/\\\/www.organisator.ch\\\/sustainability\\\/2021-03-08\\\/netto-null-ziel-erfordert-einschneidende-massnahmen\\\/\",\"name\":\"Netto-Null-Ziel erfordert einschneidende Massnahmen - Organisator\",\"isPartOf\":{\"@id\":\"https:\\\/\\\/www.organisator.ch\\\/#website\"},\"primaryImageOfPage\":{\"@id\":\"https:\\\/\\\/www.organisator.ch\\\/sustainability\\\/2021-03-08\\\/netto-null-ziel-erfordert-einschneidende-massnahmen\\\/#primaryimage\"},\"image\":{\"@id\":\"https:\\\/\\\/www.organisator.ch\\\/sustainability\\\/2021-03-08\\\/netto-null-ziel-erfordert-einschneidende-massnahmen\\\/#primaryimage\"},\"thumbnailUrl\":\"https:\\\/\\\/www.organisator.ch\\\/wp-content\\\/uploads\\\/2021\\\/03\\\/20210302_kober-panos_0041-scaled.jpg\",\"datePublished\":\"2021-03-08T09:10:39+00:00\",\"dateModified\":\"2022-02-09T10:06:10+00:00\",\"description\":\"Energiewende: Das Paul Scherrer Institut hat untersucht, welche Massnahmen daf\u00fcr notwendig w\u00e4ren und wie viel das pro Kopf kosten k\u00f6nnte.\",\"breadcrumb\":{\"@id\":\"https:\\\/\\\/www.organisator.ch\\\/sustainability\\\/2021-03-08\\\/netto-null-ziel-erfordert-einschneidende-massnahmen\\\/#breadcrumb\"},\"inLanguage\":\"it-IT\",\"potentialAction\":[{\"@type\":\"ReadAction\",\"target\":[\"https:\\\/\\\/www.organisator.ch\\\/sustainability\\\/2021-03-08\\\/netto-null-ziel-erfordert-einschneidende-massnahmen\\\/\"]}]},{\"@type\":\"ImageObject\",\"inLanguage\":\"it-IT\",\"@id\":\"https:\\\/\\\/www.organisator.ch\\\/sustainability\\\/2021-03-08\\\/netto-null-ziel-erfordert-einschneidende-massnahmen\\\/#primaryimage\",\"url\":\"https:\\\/\\\/www.organisator.ch\\\/wp-content\\\/uploads\\\/2021\\\/03\\\/20210302_kober-panos_0041-scaled.jpg\",\"contentUrl\":\"https:\\\/\\\/www.organisator.ch\\\/wp-content\\\/uploads\\\/2021\\\/03\\\/20210302_kober-panos_0041-scaled.jpg\",\"width\":2560,\"height\":1707,\"caption\":\"Elektromobilit\u00e4t wird bei der Energiewende eine wichtige Rolle spielen, wissen die Studienautoren Evangelos Panos (links) und Tom Kober. (Foto: Paul Scherrer Institut\\\/Mahir Dzambegovic)\"},{\"@type\":\"BreadcrumbList\",\"@id\":\"https:\\\/\\\/www.organisator.ch\\\/sustainability\\\/2021-03-08\\\/netto-null-ziel-erfordert-einschneidende-massnahmen\\\/#breadcrumb\",\"itemListElement\":[{\"@type\":\"ListItem\",\"position\":1,\"name\":\"Home\",\"item\":\"https:\\\/\\\/www.organisator.ch\\\/\"},{\"@type\":\"ListItem\",\"position\":2,\"name\":\"Netto-Null-Ziel erfordert einschneidende Massnahmen\"}]},{\"@type\":\"WebSite\",\"@id\":\"https:\\\/\\\/www.organisator.ch\\\/#website\",\"url\":\"https:\\\/\\\/www.organisator.ch\\\/\",\"name\":\"Organisator\",\"description\":\"Kompetent. Praxisnah. Der ORGANISATOR bereitet in 10 Ausgaben pro Jahr die wesentlichen Themen f\u00fcr F\u00fchrungskr\u00e4fte von KMU auf.\",\"publisher\":{\"@id\":\"https:\\\/\\\/www.organisator.ch\\\/#organization\"},\"potentialAction\":[{\"@type\":\"SearchAction\",\"target\":{\"@type\":\"EntryPoint\",\"urlTemplate\":\"https:\\\/\\\/www.organisator.ch\\\/?s={search_term_string}\"},\"query-input\":{\"@type\":\"PropertyValueSpecification\",\"valueRequired\":true,\"valueName\":\"search_term_string\"}}],\"inLanguage\":\"it-IT\"},{\"@type\":\"Organization\",\"@id\":\"https:\\\/\\\/www.organisator.ch\\\/#organization\",\"name\":\"Organisator\",\"url\":\"https:\\\/\\\/www.organisator.ch\\\/\",\"logo\":{\"@type\":\"ImageObject\",\"inLanguage\":\"it-IT\",\"@id\":\"https:\\\/\\\/www.organisator.ch\\\/#\\\/schema\\\/logo\\\/image\\\/\",\"url\":\"https:\\\/\\\/www.organisator.ch\\\/wp-content\\\/uploads\\\/2022\\\/01\\\/Logo_Organisator_Website.png\",\"contentUrl\":\"https:\\\/\\\/www.organisator.ch\\\/wp-content\\\/uploads\\\/2022\\\/01\\\/Logo_Organisator_Website.png\",\"width\":800,\"height\":77,\"caption\":\"Organisator\"},\"image\":{\"@id\":\"https:\\\/\\\/www.organisator.ch\\\/#\\\/schema\\\/logo\\\/image\\\/\"},\"sameAs\":[\"https:\\\/\\\/www.facebook.com\\\/OrganisatorFachmagazin\",\"https:\\\/\\\/www.linkedin.com\\\/showcase\\\/organisator-das-magazin-fr-kmu\",\"https:\\\/\\\/www.xing.com\\\/news\\\/pages\\\/organisator-ch-695\",\"https:\\\/\\\/www.youtube.com\\\/channel\\\/UCGP2Sq0iWaZwT3BdIAQFYpw\"]},{\"@type\":\"Person\",\"@id\":\"https:\\\/\\\/www.organisator.ch\\\/#\\\/schema\\\/person\\\/a800b8c54e208b160517a7dcc323161d\",\"name\":\"roger.straessle\",\"image\":{\"@type\":\"ImageObject\",\"inLanguage\":\"it-IT\",\"@id\":\"https:\\\/\\\/secure.gravatar.com\\\/avatar\\\/?s=96&d=mm&r=g\",\"url\":\"https:\\\/\\\/secure.gravatar.com\\\/avatar\\\/?s=96&d=mm&r=g\",\"contentUrl\":\"https:\\\/\\\/secure.gravatar.com\\\/avatar\\\/?s=96&d=mm&r=g\",\"caption\":\"roger.straessle\"},\"url\":\"https:\\\/\\\/www.organisator.ch\\\/it\\\/author\\\/roger-straessle\\\/\"}]}<\/script>\n<!-- \/ Yoast SEO plugin. -->","yoast_head_json":{"title":"L'obiettivo \"zero netto\" richiede misure drastiche - Organizzatore","description":"Transizione energetica: L'Istituto Paul Scherrer ha studiato quali misure sarebbero necessarie a tal fine e quanto potrebbe costare pro capite.","robots":{"index":"index","follow":"follow","max-snippet":"max-snippet:-1","max-image-preview":"max-image-preview:large","max-video-preview":"max-video-preview:-1"},"canonical":"https:\/\/www.organisator.ch\/it\/sostenibilita\/2021-03-08\/netto-null-ziel-erfordert-einschneidende-massnahmen\/","og_locale":"it_IT","og_type":"article","og_title":"Netto-Null-Ziel erfordert einschneidende Massnahmen - Organisator","og_description":"Energiewende: Das Paul Scherrer Institut hat untersucht, welche Massnahmen daf\u00fcr notwendig w\u00e4ren und wie viel das pro Kopf kosten k\u00f6nnte.","og_url":"https:\/\/www.organisator.ch\/it\/sostenibilita\/2021-03-08\/netto-null-ziel-erfordert-einschneidende-massnahmen\/","og_site_name":"Organisator","article_publisher":"https:\/\/www.facebook.com\/OrganisatorFachmagazin","article_published_time":"2021-03-08T09:10:39+00:00","article_modified_time":"2022-02-09T10:06:10+00:00","og_image":[{"width":2560,"height":1707,"url":"https:\/\/www.organisator.ch\/wp-content\/uploads\/2021\/03\/20210302_kober-panos_0041-scaled.jpg","type":"image\/jpeg"}],"author":"roger.straessle","twitter_card":"summary_large_image","schema":{"@context":"https:\/\/schema.org","@graph":[{"@type":"Article","@id":"https:\/\/www.organisator.ch\/sustainability\/2021-03-08\/netto-null-ziel-erfordert-einschneidende-massnahmen\/#article","isPartOf":{"@id":"https:\/\/www.organisator.ch\/sustainability\/2021-03-08\/netto-null-ziel-erfordert-einschneidende-massnahmen\/"},"author":{"name":"roger.straessle","@id":"https:\/\/www.organisator.ch\/#\/schema\/person\/a800b8c54e208b160517a7dcc323161d"},"headline":"Netto-Null-Ziel erfordert einschneidende Massnahmen","datePublished":"2021-03-08T09:10:39+00:00","dateModified":"2022-02-09T10:06:10+00:00","mainEntityOfPage":{"@id":"https:\/\/www.organisator.ch\/sustainability\/2021-03-08\/netto-null-ziel-erfordert-einschneidende-massnahmen\/"},"wordCount":1266,"publisher":{"@id":"https:\/\/www.organisator.ch\/#organization"},"image":{"@id":"https:\/\/www.organisator.ch\/sustainability\/2021-03-08\/netto-null-ziel-erfordert-einschneidende-massnahmen\/#primaryimage"},"thumbnailUrl":"https:\/\/www.organisator.ch\/wp-content\/uploads\/2021\/03\/20210302_kober-panos_0041-scaled.jpg","keywords":["CO2-Abscheidung","Energiewende","Kohlendioxid-Emissionen","Netto-Null-Ziel","Photovoltaik","PSI-Studie","Studien"],"articleSection":["SUSTAINABILITY"],"inLanguage":"it-IT"},{"@type":"WebPage","@id":"https:\/\/www.organisator.ch\/sustainability\/2021-03-08\/netto-null-ziel-erfordert-einschneidende-massnahmen\/","url":"https:\/\/www.organisator.ch\/sustainability\/2021-03-08\/netto-null-ziel-erfordert-einschneidende-massnahmen\/","name":"L'obiettivo \"zero netto\" richiede misure drastiche - Organizzatore","isPartOf":{"@id":"https:\/\/www.organisator.ch\/#website"},"primaryImageOfPage":{"@id":"https:\/\/www.organisator.ch\/sustainability\/2021-03-08\/netto-null-ziel-erfordert-einschneidende-massnahmen\/#primaryimage"},"image":{"@id":"https:\/\/www.organisator.ch\/sustainability\/2021-03-08\/netto-null-ziel-erfordert-einschneidende-massnahmen\/#primaryimage"},"thumbnailUrl":"https:\/\/www.organisator.ch\/wp-content\/uploads\/2021\/03\/20210302_kober-panos_0041-scaled.jpg","datePublished":"2021-03-08T09:10:39+00:00","dateModified":"2022-02-09T10:06:10+00:00","description":"Transizione energetica: L'Istituto Paul Scherrer ha studiato quali misure sarebbero necessarie a tal fine e quanto potrebbe costare pro capite.","breadcrumb":{"@id":"https:\/\/www.organisator.ch\/sustainability\/2021-03-08\/netto-null-ziel-erfordert-einschneidende-massnahmen\/#breadcrumb"},"inLanguage":"it-IT","potentialAction":[{"@type":"ReadAction","target":["https:\/\/www.organisator.ch\/sustainability\/2021-03-08\/netto-null-ziel-erfordert-einschneidende-massnahmen\/"]}]},{"@type":"ImageObject","inLanguage":"it-IT","@id":"https:\/\/www.organisator.ch\/sustainability\/2021-03-08\/netto-null-ziel-erfordert-einschneidende-massnahmen\/#primaryimage","url":"https:\/\/www.organisator.ch\/wp-content\/uploads\/2021\/03\/20210302_kober-panos_0041-scaled.jpg","contentUrl":"https:\/\/www.organisator.ch\/wp-content\/uploads\/2021\/03\/20210302_kober-panos_0041-scaled.jpg","width":2560,"height":1707,"caption":"Elektromobilit\u00e4t wird bei der Energiewende eine wichtige Rolle spielen, wissen die Studienautoren Evangelos Panos (links) und Tom Kober. (Foto: Paul Scherrer Institut\/Mahir Dzambegovic)"},{"@type":"BreadcrumbList","@id":"https:\/\/www.organisator.ch\/sustainability\/2021-03-08\/netto-null-ziel-erfordert-einschneidende-massnahmen\/#breadcrumb","itemListElement":[{"@type":"ListItem","position":1,"name":"Home","item":"https:\/\/www.organisator.ch\/"},{"@type":"ListItem","position":2,"name":"Netto-Null-Ziel erfordert einschneidende Massnahmen"}]},{"@type":"WebSite","@id":"https:\/\/www.organisator.ch\/#website","url":"https:\/\/www.organisator.ch\/","name":"Organizzatore","description":"Competente. Pratico. In 10 numeri all'anno, ORGANISATOR presenta i temi essenziali per i manager delle PMI.","publisher":{"@id":"https:\/\/www.organisator.ch\/#organization"},"potentialAction":[{"@type":"SearchAction","target":{"@type":"EntryPoint","urlTemplate":"https:\/\/www.organisator.ch\/?s={search_term_string}"},"query-input":{"@type":"PropertyValueSpecification","valueRequired":true,"valueName":"search_term_string"}}],"inLanguage":"it-IT"},{"@type":"Organization","@id":"https:\/\/www.organisator.ch\/#organization","name":"Organizzatore","url":"https:\/\/www.organisator.ch\/","logo":{"@type":"ImageObject","inLanguage":"it-IT","@id":"https:\/\/www.organisator.ch\/#\/schema\/logo\/image\/","url":"https:\/\/www.organisator.ch\/wp-content\/uploads\/2022\/01\/Logo_Organisator_Website.png","contentUrl":"https:\/\/www.organisator.ch\/wp-content\/uploads\/2022\/01\/Logo_Organisator_Website.png","width":800,"height":77,"caption":"Organisator"},"image":{"@id":"https:\/\/www.organisator.ch\/#\/schema\/logo\/image\/"},"sameAs":["https:\/\/www.facebook.com\/OrganisatorFachmagazin","https:\/\/www.linkedin.com\/showcase\/organisator-das-magazin-fr-kmu","https:\/\/www.xing.com\/news\/pages\/organisator-ch-695","https:\/\/www.youtube.com\/channel\/UCGP2Sq0iWaZwT3BdIAQFYpw"]},{"@type":"Person","@id":"https:\/\/www.organisator.ch\/#\/schema\/person\/a800b8c54e208b160517a7dcc323161d","name":"roger.straessle","image":{"@type":"ImageObject","inLanguage":"it-IT","@id":"https:\/\/secure.gravatar.com\/avatar\/?s=96&d=mm&r=g","url":"https:\/\/secure.gravatar.com\/avatar\/?s=96&d=mm&r=g","contentUrl":"https:\/\/secure.gravatar.com\/avatar\/?s=96&d=mm&r=g","caption":"roger.straessle"},"url":"https:\/\/www.organisator.ch\/it\/author\/roger-straessle\/"}]}},"_links":{"self":[{"href":"https:\/\/www.organisator.ch\/it\/wp-json\/wp\/v2\/posts\/10254","targetHints":{"allow":["GET"]}}],"collection":[{"href":"https:\/\/www.organisator.ch\/it\/wp-json\/wp\/v2\/posts"}],"about":[{"href":"https:\/\/www.organisator.ch\/it\/wp-json\/wp\/v2\/types\/post"}],"author":[{"embeddable":true,"href":"https:\/\/www.organisator.ch\/it\/wp-json\/wp\/v2\/users\/6"}],"replies":[{"embeddable":true,"href":"https:\/\/www.organisator.ch\/it\/wp-json\/wp\/v2\/comments?post=10254"}],"version-history":[{"count":1,"href":"https:\/\/www.organisator.ch\/it\/wp-json\/wp\/v2\/posts\/10254\/revisions"}],"predecessor-version":[{"id":10495,"href":"https:\/\/www.organisator.ch\/it\/wp-json\/wp\/v2\/posts\/10254\/revisions\/10495"}],"wp:featuredmedia":[{"embeddable":true,"href":"https:\/\/www.organisator.ch\/it\/wp-json\/wp\/v2\/media\/9771"}],"wp:attachment":[{"href":"https:\/\/www.organisator.ch\/it\/wp-json\/wp\/v2\/media?parent=10254"}],"wp:term":[{"taxonomy":"category","embeddable":true,"href":"https:\/\/www.organisator.ch\/it\/wp-json\/wp\/v2\/categories?post=10254"},{"taxonomy":"post_tag","embeddable":true,"href":"https:\/\/www.organisator.ch\/it\/wp-json\/wp\/v2\/tags?post=10254"}],"curies":[{"name":"wp","href":"https:\/\/api.w.org\/{rel}","templated":true}]}}