{"id":10255,"date":"2021-03-09T14:00:03","date_gmt":"2021-03-09T13:00:03","guid":{"rendered":"https:\/\/www.umweltperspektiven.ch\/?p=3895"},"modified":"2022-02-09T11:06:10","modified_gmt":"2022-02-09T10:06:10","slug":"trendmonitor-zeigt-auf-klimafreundliche-heizsysteme","status":"publish","type":"post","link":"https:\/\/www.organisator.ch\/it\/sustainability\/2021-03-09\/trendmonitor-zeigt-auf-klimafreundliche-heizsysteme\/","title":{"rendered":"Trend Monitor punta a sistemi di riscaldamento rispettosi del clima"},"content":{"rendered":"<figure id=\"attachment_3896\" aria-describedby=\"caption-attachment-3896\" style=\"width: 680px\" class=\"wp-caption aligncenter\"><img loading=\"lazy\" decoding=\"async\" class=\"wp-image-3896 size-medium\" src=\"\/\/www.umweltperspektiven.ch\/wp-content\/uploads\/2021\/03\/FotoStiebelEltron.jpg\" alt=\"Monitoraggio delle tendenze energetiche\" width=\"680\" height=\"453\" \/><figcaption id=\"caption-attachment-3896\" class=\"wp-caption-text\">\u00a9 Stiebel Eltron<\/figcaption><\/figure>\n<p>Il piano del Consiglio federale per il clima prevede di rendere la Svizzera neutrale per il clima entro il 2050, data in cui il bilancio dei gas a effetto serra deve essere raggiunto. L'Energy Trend Monitor 2021 mostra che la maggioranza degli svizzeri vuole accelerare la transizione energetica. Le recenti esperienze pandemiche giocano apparentemente un ruolo significativo in questo: il 56% prende pi\u00f9 seriamente le conseguenze del cambiamento climatico dopo Covid-19 e una netta maggioranza vorrebbe passare a sistemi di riscaldamento rispettosi del clima nelle proprie case (62%). Questo secondo l'ultimo monitoraggio delle tendenze, per il quale 1.000 consumatori sono stati intervistati a febbraio da un istituto di ricerche di mercato per conto di Stiebel Eltron.<\/p>\n<p>\"La vite di regolazione pi\u00f9 importante per le famiglie private per ridurre la propria impronta di CO2 \u00e8 nella stanza della caldaia\", dice Patrick Drack, amministratore delegato di Stiebel Eltron Svizzera. Anche la stragrande maggioranza della popolazione lo ha riconosciuto: il 77% considera importante la protezione del clima nel riscaldamento. Tuttavia, allo stesso tempo il 73% dice che gli svizzeri non sono abbastanza informati sul riscaldamento rispettoso del clima.<\/p>\n<p><strong>Il riscaldamento ecologico utilizza l'energia della terra, dell'acqua o dell'aria<\/strong><\/p>\n<p>\"Ci sono gi\u00e0 tecnologie di riscaldamento molto sofisticate per passare a un funzionamento rispettoso del clima\", dice Drack. \"Le massime prestazioni in termini di efficienza sono fornite dai sistemi di riscaldamento a pompa di calore, che funzionano come un \"frigorifero al contrario\" e convertono l'energia del suolo, dell'acqua freatica o dell'aria ambiente in calore per questo scopo. Tre quarti dell'elettricit\u00e0 necessaria per alimentarli sono gi\u00e0 oggi prodotti da fonti di energia rinnovabile in Svizzera\".<\/p>\n<p><strong>La legge sul CO2 limita le emissioni degli edifici<\/strong><\/p>\n<p>L'orologio della transizione energetica sta ticchettando: Rigorosi limiti vincolanti per i nuovi edifici saranno applicati a livello nazionale dal 2023 - le emissioni di CO2 non possono pi\u00f9 essere causate. Gli edifici esistenti possono emettere gas a effetto serra - ma i bruciatori a gas e a olio saranno inseriti nella lista rossa quando si cambiano i sistemi di riscaldamento. Allo stesso tempo, molti cantoni sostengono la conversione a sistemi di riscaldamento rispettosi del clima con programmi di sovvenzioni.<\/p>\n<p><em>\u00a0<\/em><em>Comunicato stampa <a href=\"\/\/www.stiebel-eltron.ch\">Stiebel Eltron<\/a><\/em><\/p>\n<p>&nbsp;<\/p>","protected":false},"excerpt":{"rendered":"<p>Der Klimaplan des Bundesrats sieht vor, die Schweiz bis 2050 klimaneutral zu machen \u2013 bis dahin soll die Null-Treibhausgas-Bilanz erreicht sein. Der Energie-Trendmonitor 2021 zeigt, dass die Mehrheit der Schweizerinnen und Schweizer die Energiewende beschleunigen will. Eine bedeutende Rolle spielen dabei offenbar die j\u00fcngsten Pandemie-Erfahrungen: 56 Prozent nehmen die Folgen des Klimawandels seit Covid-19 ernster [&hellip;]<\/p>\n","protected":false},"author":6,"featured_media":9772,"comment_status":"closed","ping_status":"closed","sticky":false,"template":"","format":"standard","meta":{"_acf_changed":false,"_yoast_wpseo_focuskw":"Energie-Trendmonitor","_yoast_wpseo_metadesc":"Gem\u00e4ss \u00abEnergie-Trendmonitor Schweiz 2021\u00bb w\u00fcnschen sich 55 Prozent der Befragten einer Studie bis 2030 eine klimaneutrale Schweiz.","articlekey":"","footnotes":""},"categories":[580],"tags":[1061,1512,341,2203,487],"class_list":["post-10255","post","type-post","status-publish","format-standard","has-post-thumbnail","hentry","category-sustainability","tag-energie-trendmonitor","tag-klimafreundliche-heizsysteme","tag-marktforschung","tag-stiebel-eltron","tag-umfrage"],"acf":[],"yoast_head":"<!-- This site is optimized with the Yoast SEO plugin v27.5 - https:\/\/yoast.com\/product\/yoast-seo-wordpress\/ -->\n<title>Trendmonitor zeigt auf klimafreundliche Heizsysteme - Organisator<\/title>\n<meta name=\"description\" content=\"Gem\u00e4ss \u00abEnergie-Trendmonitor Schweiz 2021\u00bb w\u00fcnschen sich 55 Prozent der Befragten einer Studie bis 2030 eine klimaneutrale Schweiz.\" \/>\n<meta name=\"robots\" content=\"index, follow, max-snippet:-1, max-image-preview:large, max-video-preview:-1\" \/>\n<link rel=\"canonical\" href=\"https:\/\/www.organisator.ch\/it\/sostenibilita\/2021-03-09\/trendmonitor-zeigt-auf-klimafreundliche-heizsysteme\/\" \/>\n<meta property=\"og:locale\" content=\"it_IT\" \/>\n<meta property=\"og:type\" content=\"article\" \/>\n<meta property=\"og:title\" content=\"Trendmonitor zeigt auf klimafreundliche Heizsysteme - Organisator\" \/>\n<meta property=\"og:description\" content=\"Gem\u00e4ss \u00abEnergie-Trendmonitor Schweiz 2021\u00bb w\u00fcnschen sich 55 Prozent der Befragten einer Studie bis 2030 eine klimaneutrale Schweiz.\" \/>\n<meta property=\"og:url\" content=\"https:\/\/www.organisator.ch\/it\/sostenibilita\/2021-03-09\/trendmonitor-zeigt-auf-klimafreundliche-heizsysteme\/\" \/>\n<meta property=\"og:site_name\" content=\"Organisator\" \/>\n<meta property=\"article:publisher\" content=\"https:\/\/www.facebook.com\/OrganisatorFachmagazin\" \/>\n<meta property=\"article:published_time\" content=\"2021-03-09T13:00:03+00:00\" \/>\n<meta property=\"article:modified_time\" content=\"2022-02-09T10:06:10+00:00\" \/>\n<meta property=\"og:image\" content=\"https:\/\/www.organisator.ch\/wp-content\/uploads\/2021\/03\/FotoStiebelEltron.jpg\" \/>\n\t<meta property=\"og:image:width\" content=\"1620\" \/>\n\t<meta property=\"og:image:height\" content=\"1080\" \/>\n\t<meta property=\"og:image:type\" content=\"image\/jpeg\" \/>\n<meta name=\"author\" content=\"roger.straessle\" \/>\n<meta name=\"twitter:card\" content=\"summary_large_image\" \/>\n<script type=\"application\/ld+json\" class=\"yoast-schema-graph\">{\"@context\":\"https:\\\/\\\/schema.org\",\"@graph\":[{\"@type\":\"Article\",\"@id\":\"https:\\\/\\\/www.organisator.ch\\\/sustainability\\\/2021-03-09\\\/trendmonitor-zeigt-auf-klimafreundliche-heizsysteme\\\/#article\",\"isPartOf\":{\"@id\":\"https:\\\/\\\/www.organisator.ch\\\/sustainability\\\/2021-03-09\\\/trendmonitor-zeigt-auf-klimafreundliche-heizsysteme\\\/\"},\"author\":{\"name\":\"roger.straessle\",\"@id\":\"https:\\\/\\\/www.organisator.ch\\\/#\\\/schema\\\/person\\\/a800b8c54e208b160517a7dcc323161d\"},\"headline\":\"Trendmonitor zeigt auf klimafreundliche Heizsysteme\",\"datePublished\":\"2021-03-09T13:00:03+00:00\",\"dateModified\":\"2022-02-09T10:06:10+00:00\",\"mainEntityOfPage\":{\"@id\":\"https:\\\/\\\/www.organisator.ch\\\/sustainability\\\/2021-03-09\\\/trendmonitor-zeigt-auf-klimafreundliche-heizsysteme\\\/\"},\"wordCount\":308,\"publisher\":{\"@id\":\"https:\\\/\\\/www.organisator.ch\\\/#organization\"},\"image\":{\"@id\":\"https:\\\/\\\/www.organisator.ch\\\/sustainability\\\/2021-03-09\\\/trendmonitor-zeigt-auf-klimafreundliche-heizsysteme\\\/#primaryimage\"},\"thumbnailUrl\":\"https:\\\/\\\/www.organisator.ch\\\/wp-content\\\/uploads\\\/2021\\\/03\\\/FotoStiebelEltron.jpg\",\"keywords\":[\"Energie-Trendmonitor\",\"klimafreundliche Heizsysteme\",\"Marktforschung\",\"Stiebel Eltron\",\"Umfrage\"],\"articleSection\":[\"SUSTAINABILITY\"],\"inLanguage\":\"it-IT\"},{\"@type\":\"WebPage\",\"@id\":\"https:\\\/\\\/www.organisator.ch\\\/sustainability\\\/2021-03-09\\\/trendmonitor-zeigt-auf-klimafreundliche-heizsysteme\\\/\",\"url\":\"https:\\\/\\\/www.organisator.ch\\\/sustainability\\\/2021-03-09\\\/trendmonitor-zeigt-auf-klimafreundliche-heizsysteme\\\/\",\"name\":\"Trendmonitor zeigt auf klimafreundliche Heizsysteme - Organisator\",\"isPartOf\":{\"@id\":\"https:\\\/\\\/www.organisator.ch\\\/#website\"},\"primaryImageOfPage\":{\"@id\":\"https:\\\/\\\/www.organisator.ch\\\/sustainability\\\/2021-03-09\\\/trendmonitor-zeigt-auf-klimafreundliche-heizsysteme\\\/#primaryimage\"},\"image\":{\"@id\":\"https:\\\/\\\/www.organisator.ch\\\/sustainability\\\/2021-03-09\\\/trendmonitor-zeigt-auf-klimafreundliche-heizsysteme\\\/#primaryimage\"},\"thumbnailUrl\":\"https:\\\/\\\/www.organisator.ch\\\/wp-content\\\/uploads\\\/2021\\\/03\\\/FotoStiebelEltron.jpg\",\"datePublished\":\"2021-03-09T13:00:03+00:00\",\"dateModified\":\"2022-02-09T10:06:10+00:00\",\"description\":\"Gem\u00e4ss \u00abEnergie-Trendmonitor Schweiz 2021\u00bb w\u00fcnschen sich 55 Prozent der Befragten einer Studie bis 2030 eine klimaneutrale Schweiz.\",\"breadcrumb\":{\"@id\":\"https:\\\/\\\/www.organisator.ch\\\/sustainability\\\/2021-03-09\\\/trendmonitor-zeigt-auf-klimafreundliche-heizsysteme\\\/#breadcrumb\"},\"inLanguage\":\"it-IT\",\"potentialAction\":[{\"@type\":\"ReadAction\",\"target\":[\"https:\\\/\\\/www.organisator.ch\\\/sustainability\\\/2021-03-09\\\/trendmonitor-zeigt-auf-klimafreundliche-heizsysteme\\\/\"]}]},{\"@type\":\"ImageObject\",\"inLanguage\":\"it-IT\",\"@id\":\"https:\\\/\\\/www.organisator.ch\\\/sustainability\\\/2021-03-09\\\/trendmonitor-zeigt-auf-klimafreundliche-heizsysteme\\\/#primaryimage\",\"url\":\"https:\\\/\\\/www.organisator.ch\\\/wp-content\\\/uploads\\\/2021\\\/03\\\/FotoStiebelEltron.jpg\",\"contentUrl\":\"https:\\\/\\\/www.organisator.ch\\\/wp-content\\\/uploads\\\/2021\\\/03\\\/FotoStiebelEltron.jpg\",\"width\":1620,\"height\":1080,\"caption\":\"\u00a9 Stiebel Eltron\"},{\"@type\":\"BreadcrumbList\",\"@id\":\"https:\\\/\\\/www.organisator.ch\\\/sustainability\\\/2021-03-09\\\/trendmonitor-zeigt-auf-klimafreundliche-heizsysteme\\\/#breadcrumb\",\"itemListElement\":[{\"@type\":\"ListItem\",\"position\":1,\"name\":\"Home\",\"item\":\"https:\\\/\\\/www.organisator.ch\\\/\"},{\"@type\":\"ListItem\",\"position\":2,\"name\":\"Trendmonitor zeigt auf klimafreundliche Heizsysteme\"}]},{\"@type\":\"WebSite\",\"@id\":\"https:\\\/\\\/www.organisator.ch\\\/#website\",\"url\":\"https:\\\/\\\/www.organisator.ch\\\/\",\"name\":\"Organisator\",\"description\":\"Kompetent. Praxisnah. Der ORGANISATOR bereitet in 10 Ausgaben pro Jahr die wesentlichen Themen f\u00fcr F\u00fchrungskr\u00e4fte von KMU auf.\",\"publisher\":{\"@id\":\"https:\\\/\\\/www.organisator.ch\\\/#organization\"},\"potentialAction\":[{\"@type\":\"SearchAction\",\"target\":{\"@type\":\"EntryPoint\",\"urlTemplate\":\"https:\\\/\\\/www.organisator.ch\\\/?s={search_term_string}\"},\"query-input\":{\"@type\":\"PropertyValueSpecification\",\"valueRequired\":true,\"valueName\":\"search_term_string\"}}],\"inLanguage\":\"it-IT\"},{\"@type\":\"Organization\",\"@id\":\"https:\\\/\\\/www.organisator.ch\\\/#organization\",\"name\":\"Organisator\",\"url\":\"https:\\\/\\\/www.organisator.ch\\\/\",\"logo\":{\"@type\":\"ImageObject\",\"inLanguage\":\"it-IT\",\"@id\":\"https:\\\/\\\/www.organisator.ch\\\/#\\\/schema\\\/logo\\\/image\\\/\",\"url\":\"https:\\\/\\\/www.organisator.ch\\\/wp-content\\\/uploads\\\/2022\\\/01\\\/Logo_Organisator_Website.png\",\"contentUrl\":\"https:\\\/\\\/www.organisator.ch\\\/wp-content\\\/uploads\\\/2022\\\/01\\\/Logo_Organisator_Website.png\",\"width\":800,\"height\":77,\"caption\":\"Organisator\"},\"image\":{\"@id\":\"https:\\\/\\\/www.organisator.ch\\\/#\\\/schema\\\/logo\\\/image\\\/\"},\"sameAs\":[\"https:\\\/\\\/www.facebook.com\\\/OrganisatorFachmagazin\",\"https:\\\/\\\/www.linkedin.com\\\/showcase\\\/organisator-das-magazin-fr-kmu\",\"https:\\\/\\\/www.xing.com\\\/news\\\/pages\\\/organisator-ch-695\",\"https:\\\/\\\/www.youtube.com\\\/channel\\\/UCGP2Sq0iWaZwT3BdIAQFYpw\"]},{\"@type\":\"Person\",\"@id\":\"https:\\\/\\\/www.organisator.ch\\\/#\\\/schema\\\/person\\\/a800b8c54e208b160517a7dcc323161d\",\"name\":\"roger.straessle\",\"image\":{\"@type\":\"ImageObject\",\"inLanguage\":\"it-IT\",\"@id\":\"https:\\\/\\\/secure.gravatar.com\\\/avatar\\\/?s=96&d=mm&r=g\",\"url\":\"https:\\\/\\\/secure.gravatar.com\\\/avatar\\\/?s=96&d=mm&r=g\",\"contentUrl\":\"https:\\\/\\\/secure.gravatar.com\\\/avatar\\\/?s=96&d=mm&r=g\",\"caption\":\"roger.straessle\"},\"url\":\"https:\\\/\\\/www.organisator.ch\\\/it\\\/author\\\/roger-straessle\\\/\"}]}<\/script>\n<!-- \/ Yoast SEO plugin. -->","yoast_head_json":{"title":"Trendmonitor indica sistemi di riscaldamento rispettosi del clima - Organizzatore","description":"Secondo il \"Monitor delle tendenze energetiche in Svizzera 2021\", il 55% degli intervistati in uno studio vorrebbe una Svizzera neutrale dal punto di vista climatico entro il 2030.","robots":{"index":"index","follow":"follow","max-snippet":"max-snippet:-1","max-image-preview":"max-image-preview:large","max-video-preview":"max-video-preview:-1"},"canonical":"https:\/\/www.organisator.ch\/it\/sostenibilita\/2021-03-09\/trendmonitor-zeigt-auf-klimafreundliche-heizsysteme\/","og_locale":"it_IT","og_type":"article","og_title":"Trendmonitor zeigt auf klimafreundliche Heizsysteme - Organisator","og_description":"Gem\u00e4ss \u00abEnergie-Trendmonitor Schweiz 2021\u00bb w\u00fcnschen sich 55 Prozent der Befragten einer Studie bis 2030 eine klimaneutrale Schweiz.","og_url":"https:\/\/www.organisator.ch\/it\/sostenibilita\/2021-03-09\/trendmonitor-zeigt-auf-klimafreundliche-heizsysteme\/","og_site_name":"Organisator","article_publisher":"https:\/\/www.facebook.com\/OrganisatorFachmagazin","article_published_time":"2021-03-09T13:00:03+00:00","article_modified_time":"2022-02-09T10:06:10+00:00","og_image":[{"width":1620,"height":1080,"url":"https:\/\/www.organisator.ch\/wp-content\/uploads\/2021\/03\/FotoStiebelEltron.jpg","type":"image\/jpeg"}],"author":"roger.straessle","twitter_card":"summary_large_image","schema":{"@context":"https:\/\/schema.org","@graph":[{"@type":"Article","@id":"https:\/\/www.organisator.ch\/sustainability\/2021-03-09\/trendmonitor-zeigt-auf-klimafreundliche-heizsysteme\/#article","isPartOf":{"@id":"https:\/\/www.organisator.ch\/sustainability\/2021-03-09\/trendmonitor-zeigt-auf-klimafreundliche-heizsysteme\/"},"author":{"name":"roger.straessle","@id":"https:\/\/www.organisator.ch\/#\/schema\/person\/a800b8c54e208b160517a7dcc323161d"},"headline":"Trendmonitor zeigt auf klimafreundliche Heizsysteme","datePublished":"2021-03-09T13:00:03+00:00","dateModified":"2022-02-09T10:06:10+00:00","mainEntityOfPage":{"@id":"https:\/\/www.organisator.ch\/sustainability\/2021-03-09\/trendmonitor-zeigt-auf-klimafreundliche-heizsysteme\/"},"wordCount":308,"publisher":{"@id":"https:\/\/www.organisator.ch\/#organization"},"image":{"@id":"https:\/\/www.organisator.ch\/sustainability\/2021-03-09\/trendmonitor-zeigt-auf-klimafreundliche-heizsysteme\/#primaryimage"},"thumbnailUrl":"https:\/\/www.organisator.ch\/wp-content\/uploads\/2021\/03\/FotoStiebelEltron.jpg","keywords":["Energie-Trendmonitor","klimafreundliche Heizsysteme","Marktforschung","Stiebel Eltron","Umfrage"],"articleSection":["SUSTAINABILITY"],"inLanguage":"it-IT"},{"@type":"WebPage","@id":"https:\/\/www.organisator.ch\/sustainability\/2021-03-09\/trendmonitor-zeigt-auf-klimafreundliche-heizsysteme\/","url":"https:\/\/www.organisator.ch\/sustainability\/2021-03-09\/trendmonitor-zeigt-auf-klimafreundliche-heizsysteme\/","name":"Trendmonitor indica sistemi di riscaldamento rispettosi del clima - Organizzatore","isPartOf":{"@id":"https:\/\/www.organisator.ch\/#website"},"primaryImageOfPage":{"@id":"https:\/\/www.organisator.ch\/sustainability\/2021-03-09\/trendmonitor-zeigt-auf-klimafreundliche-heizsysteme\/#primaryimage"},"image":{"@id":"https:\/\/www.organisator.ch\/sustainability\/2021-03-09\/trendmonitor-zeigt-auf-klimafreundliche-heizsysteme\/#primaryimage"},"thumbnailUrl":"https:\/\/www.organisator.ch\/wp-content\/uploads\/2021\/03\/FotoStiebelEltron.jpg","datePublished":"2021-03-09T13:00:03+00:00","dateModified":"2022-02-09T10:06:10+00:00","description":"Secondo il \"Monitor delle tendenze energetiche in Svizzera 2021\", il 55% degli intervistati in uno studio vorrebbe una Svizzera neutrale dal punto di vista climatico entro il 2030.","breadcrumb":{"@id":"https:\/\/www.organisator.ch\/sustainability\/2021-03-09\/trendmonitor-zeigt-auf-klimafreundliche-heizsysteme\/#breadcrumb"},"inLanguage":"it-IT","potentialAction":[{"@type":"ReadAction","target":["https:\/\/www.organisator.ch\/sustainability\/2021-03-09\/trendmonitor-zeigt-auf-klimafreundliche-heizsysteme\/"]}]},{"@type":"ImageObject","inLanguage":"it-IT","@id":"https:\/\/www.organisator.ch\/sustainability\/2021-03-09\/trendmonitor-zeigt-auf-klimafreundliche-heizsysteme\/#primaryimage","url":"https:\/\/www.organisator.ch\/wp-content\/uploads\/2021\/03\/FotoStiebelEltron.jpg","contentUrl":"https:\/\/www.organisator.ch\/wp-content\/uploads\/2021\/03\/FotoStiebelEltron.jpg","width":1620,"height":1080,"caption":"\u00a9 Stiebel Eltron"},{"@type":"BreadcrumbList","@id":"https:\/\/www.organisator.ch\/sustainability\/2021-03-09\/trendmonitor-zeigt-auf-klimafreundliche-heizsysteme\/#breadcrumb","itemListElement":[{"@type":"ListItem","position":1,"name":"Home","item":"https:\/\/www.organisator.ch\/"},{"@type":"ListItem","position":2,"name":"Trendmonitor zeigt auf klimafreundliche Heizsysteme"}]},{"@type":"WebSite","@id":"https:\/\/www.organisator.ch\/#website","url":"https:\/\/www.organisator.ch\/","name":"Organizzatore","description":"Competente. Pratico. In 10 numeri all'anno, ORGANISATOR presenta i temi essenziali per i manager delle PMI.","publisher":{"@id":"https:\/\/www.organisator.ch\/#organization"},"potentialAction":[{"@type":"SearchAction","target":{"@type":"EntryPoint","urlTemplate":"https:\/\/www.organisator.ch\/?s={search_term_string}"},"query-input":{"@type":"PropertyValueSpecification","valueRequired":true,"valueName":"search_term_string"}}],"inLanguage":"it-IT"},{"@type":"Organization","@id":"https:\/\/www.organisator.ch\/#organization","name":"Organizzatore","url":"https:\/\/www.organisator.ch\/","logo":{"@type":"ImageObject","inLanguage":"it-IT","@id":"https:\/\/www.organisator.ch\/#\/schema\/logo\/image\/","url":"https:\/\/www.organisator.ch\/wp-content\/uploads\/2022\/01\/Logo_Organisator_Website.png","contentUrl":"https:\/\/www.organisator.ch\/wp-content\/uploads\/2022\/01\/Logo_Organisator_Website.png","width":800,"height":77,"caption":"Organisator"},"image":{"@id":"https:\/\/www.organisator.ch\/#\/schema\/logo\/image\/"},"sameAs":["https:\/\/www.facebook.com\/OrganisatorFachmagazin","https:\/\/www.linkedin.com\/showcase\/organisator-das-magazin-fr-kmu","https:\/\/www.xing.com\/news\/pages\/organisator-ch-695","https:\/\/www.youtube.com\/channel\/UCGP2Sq0iWaZwT3BdIAQFYpw"]},{"@type":"Person","@id":"https:\/\/www.organisator.ch\/#\/schema\/person\/a800b8c54e208b160517a7dcc323161d","name":"roger.straessle","image":{"@type":"ImageObject","inLanguage":"it-IT","@id":"https:\/\/secure.gravatar.com\/avatar\/?s=96&d=mm&r=g","url":"https:\/\/secure.gravatar.com\/avatar\/?s=96&d=mm&r=g","contentUrl":"https:\/\/secure.gravatar.com\/avatar\/?s=96&d=mm&r=g","caption":"roger.straessle"},"url":"https:\/\/www.organisator.ch\/it\/author\/roger-straessle\/"}]}},"_links":{"self":[{"href":"https:\/\/www.organisator.ch\/it\/wp-json\/wp\/v2\/posts\/10255","targetHints":{"allow":["GET"]}}],"collection":[{"href":"https:\/\/www.organisator.ch\/it\/wp-json\/wp\/v2\/posts"}],"about":[{"href":"https:\/\/www.organisator.ch\/it\/wp-json\/wp\/v2\/types\/post"}],"author":[{"embeddable":true,"href":"https:\/\/www.organisator.ch\/it\/wp-json\/wp\/v2\/users\/6"}],"replies":[{"embeddable":true,"href":"https:\/\/www.organisator.ch\/it\/wp-json\/wp\/v2\/comments?post=10255"}],"version-history":[{"count":1,"href":"https:\/\/www.organisator.ch\/it\/wp-json\/wp\/v2\/posts\/10255\/revisions"}],"predecessor-version":[{"id":10494,"href":"https:\/\/www.organisator.ch\/it\/wp-json\/wp\/v2\/posts\/10255\/revisions\/10494"}],"wp:featuredmedia":[{"embeddable":true,"href":"https:\/\/www.organisator.ch\/it\/wp-json\/wp\/v2\/media\/9772"}],"wp:attachment":[{"href":"https:\/\/www.organisator.ch\/it\/wp-json\/wp\/v2\/media?parent=10255"}],"wp:term":[{"taxonomy":"category","embeddable":true,"href":"https:\/\/www.organisator.ch\/it\/wp-json\/wp\/v2\/categories?post=10255"},{"taxonomy":"post_tag","embeddable":true,"href":"https:\/\/www.organisator.ch\/it\/wp-json\/wp\/v2\/tags?post=10255"}],"curies":[{"name":"wp","href":"https:\/\/api.w.org\/{rel}","templated":true}]}}