{"id":10257,"date":"2021-03-11T11:33:49","date_gmt":"2021-03-11T10:33:49","guid":{"rendered":"https:\/\/www.umweltperspektiven.ch\/?p=3914"},"modified":"2022-02-09T11:10:37","modified_gmt":"2022-02-09T10:10:37","slug":"ernaehrung-wie-die-umweltbelastung-reduziert-werden-kann","status":"publish","type":"post","link":"https:\/\/www.organisator.ch\/it\/sustainability\/2021-03-11\/ernaehrung-wie-die-umweltbelastung-reduziert-werden-kann\/","title":{"rendered":"Come si pu\u00f2 ridurre l'impatto ambientale del cibo?"},"content":{"rendered":"<figure id=\"attachment_3915\" aria-describedby=\"caption-attachment-3915\" style=\"width: 680px\" class=\"wp-caption alignnone\"><img loading=\"lazy\" decoding=\"async\" class=\"size-medium wp-image-3915\" src=\"\/\/www.umweltperspektiven.ch\/wp-content\/uploads\/2021\/03\/Depositphotos_106133260_s-2019.jpg\" alt=\"\" width=\"680\" height=\"454\" \/><figcaption id=\"caption-attachment-3915\" class=\"wp-caption-text\">\u00a9 Depositphotos, Wavebreakmedia<\/figcaption><\/figure>\n<p>Le importazioni di cibo hanno un impatto significativo sull'ambiente. Se l'agricoltura svizzera riduce la sua produzione mentre il consumo rimane lo stesso e quindi deve importare di pi\u00f9, l'impatto ambientale complessivo aumenta. Questo perch\u00e9 i migliori impatti ambientali all'interno della Svizzera spesso portano a impatti pi\u00f9 negativi nei paesi di origine delle importazioni. Questo \u00e8 particolarmente vero se le condizioni di produzione in altri paesi sono meno favorevoli che in Svizzera, per esempio a causa della scarsit\u00e0 d'acqua o della deforestazione.<\/p>\n<p><strong>Due misure di miglioramento analizzate<\/strong><\/p>\n<p>Tuttavia, ci sono modi per ridurre gli impatti ambientali indesiderati del paniere svizzero di prodotti agricoli. I ricercatori di Agroscope hanno studiato due misure in modo pi\u00f9 dettagliato:<\/p>\n<ul>\n<li>In primo luogo, la scelta di specifici paesi di origine delle importazioni in cui la produzione agricola \u00e8 particolarmente rispettosa dell'ambiente.<\/li>\n<li>In secondo luogo, evitare le perdite e gli sprechi di cibo lungo la catena del valore fino al consumo, portando a meno importazioni.<\/li>\n<\/ul>\n<p>Oltre alla ricerca in letteratura, i ricercatori hanno usato due scenari per calcolare quanto cambierebbero gli impatti ambientali a seguito di queste due misure. Il primo scenario continua con l'attuale certificato di prestazione ecologica (\u00d6LN) e il sistema di pagamento diretto fino al 2025. Il secondo scenario modella un'agricoltura svizzera pi\u00f9 estensiva con una produzione pi\u00f9 bassa, in cui i pesticidi sono ampiamente dispensati e il numero di animali \u00e8 inferiore a quello attuale. In entrambi gli scenari, i 25% meno favorevoli dei prodotti importati sono stati sostituiti da alternative provenienti da altri paesi d'origine e le perdite e i rifiuti alimentari sono stati ridotti al minimo.<\/p>\n<p><strong>Le condizioni geografiche e le leggi sono importanti per le importazioni<\/strong><\/p>\n<p>Lo studio conferma che entrambe le misure hanno un impatto positivo sull'impatto ambientale della nutrizione. Tuttavia, la loro efficacia \u00e8 diversa. L'ottimizzazione dei paesi d'origine delle importazioni ha un effetto positivo soprattutto sugli impatti ambientali dipendenti dall'ubicazione. Le condizioni geografiche come la disponibilit\u00e0 di acqua o la misura in cui la biodiversit\u00e0 \u00e8 in pericolo sono particolarmente importanti. Qui, a seconda dello scenario, l'inquinamento pu\u00f2 essere ridotto da 16 a 27%. Per altri impatti ambientali, e specialmente per gli alimenti di origine animale, questa misura ha un effetto meno significativo. Il grado di compatibilit\u00e0 ambientale di un paese d'origine importatore \u00e8 determinato anche dalla sua legislazione. Questo regola, tra le altre cose, quali prodotti fitosanitari possono essere utilizzati.<\/p>\n<p><strong>Meno rifiuti alimentari hanno sempre un effetto positivo<\/strong><\/p>\n<p>Evitare le perdite e gli sprechi di cibo, d'altra parte, \u00e8 una misura che ha sempre un effetto positivo. Riduce l'impatto ambientale del paniere svizzero di prodotti agricoli da 11 a 38%, nel caso della deforestazione anche fino a 87%, senza effetti collaterali indesiderati. Una minore quantit\u00e0 di rifiuti alimentari per i prodotti animali riduce l'impatto ambientale pi\u00f9 che per i prodotti vegetali. Il comportamento di consumo ha quindi anche un'influenza sull'impatto ambientale della nostra dieta.<\/p>\n<p><strong>I responsabili politici e i consumatori sono chiamati a<\/strong><\/p>\n<p>Lo studio di Agroscope mostra inoltre che anche se le due misure sono implementate, l'agricoltura estensiva con una produzione interna inferiore peggiora la maggior parte degli impatti ambientali dell'alimentazione svizzera. E si dimostra che i possibili miglioramenti dipendono fortemente dalle condizioni quadro politiche e dal comportamento dei consumatori. Evitare lo spreco di cibo, per esempio, \u00e8 possibile lungo tutta la catena del valore: tutti possono dare un contributo in questo senso.<\/p>\n<p><em>Comunicato stampa Agroscope<\/em><\/p>\n<p><a href=\"\/\/www.newsd.admin.ch\/newsd\/message\/attachments\/65658.pdf\"><em>Clicca qui per lo studio:\u00a0<\/em><\/a><em>\"Influenza dei paesi d'origine delle importazioni e delle perdite alimentari sull'impatto ambientale del settore agricolo svizzero\".<\/em><\/p>\n<p>&nbsp;<\/p>\n<p>&nbsp;<\/p>\n<p>&nbsp;<\/p>\n<p>&nbsp;<\/p>\n<p>&nbsp;<\/p>","protected":false},"excerpt":{"rendered":"<p>Nahrungsmittelimporte haben einen bedeutenden Einfluss auf die Umwelt. Wenn die Schweizer Landwirtschaft bei gleichbleibendem Konsum ihre Produktion senkt und deswegen mehr importiert werden muss, nimmt die Umweltbelastung insgesamt zu. Dies, weil die besseren Umweltwirkungen innerhalb der Schweiz oft zu negativeren in den Herkunftsl\u00e4ndern der Importe f\u00fchren. Das trifft vor allem dann zu, wenn die Voraussetzungen [&hellip;]<\/p>\n","protected":false},"author":6,"featured_media":9773,"comment_status":"closed","ping_status":"closed","sticky":false,"template":"","format":"standard","meta":{"_acf_changed":false,"_yoast_wpseo_focuskw":"Ern\u00e4hrung","_yoast_wpseo_metadesc":"Ern\u00e4hrung: Agroscope hat untersucht, wie die Umweltbelastung reduziert werden kann.","articlekey":"","footnotes":""},"categories":[580],"tags":[181,1209,1400,1557,590,2360,2390],"class_list":["post-10257","post","type-post","status-publish","format-standard","has-post-thumbnail","hentry","category-sustainability","tag-ernaehrung","tag-foodwaste","tag-importe","tag-konsumenten","tag-nahrungsmittel","tag-umweltbelastung","tag-umweltwirkung"],"acf":[],"yoast_head":"<!-- This site is optimized with the Yoast SEO plugin v27.4 - https:\/\/yoast.com\/product\/yoast-seo-wordpress\/ -->\n<title>Wie kann die Umweltbelastung der Ern\u00e4hrung reduziert werden? - Organisator<\/title>\n<meta name=\"description\" content=\"Ern\u00e4hrung: Agroscope hat untersucht, wie die Umweltbelastung reduziert werden kann.\" \/>\n<meta name=\"robots\" content=\"index, follow, max-snippet:-1, max-image-preview:large, max-video-preview:-1\" \/>\n<link rel=\"canonical\" href=\"https:\/\/www.organisator.ch\/it\/sostenibilita\/2021-03-11\/ernaehrung-wie-die-umweltbelastung-reduziert-werden-kann\/\" \/>\n<meta property=\"og:locale\" content=\"it_IT\" \/>\n<meta property=\"og:type\" content=\"article\" \/>\n<meta property=\"og:title\" content=\"Wie kann die Umweltbelastung der Ern\u00e4hrung reduziert werden? - Organisator\" \/>\n<meta property=\"og:description\" content=\"Ern\u00e4hrung: Agroscope hat untersucht, wie die Umweltbelastung reduziert werden kann.\" \/>\n<meta property=\"og:url\" content=\"https:\/\/www.organisator.ch\/it\/sostenibilita\/2021-03-11\/ernaehrung-wie-die-umweltbelastung-reduziert-werden-kann\/\" \/>\n<meta property=\"og:site_name\" content=\"Organisator\" \/>\n<meta property=\"article:publisher\" content=\"https:\/\/www.facebook.com\/OrganisatorFachmagazin\" \/>\n<meta property=\"article:published_time\" content=\"2021-03-11T10:33:49+00:00\" \/>\n<meta property=\"article:modified_time\" content=\"2022-02-09T10:10:37+00:00\" \/>\n<meta property=\"og:image\" content=\"https:\/\/www.organisator.ch\/wp-content\/uploads\/2021\/03\/Depositphotos_106133260_s-2019.jpg\" \/>\n\t<meta property=\"og:image:width\" content=\"1000\" \/>\n\t<meta property=\"og:image:height\" content=\"667\" \/>\n\t<meta property=\"og:image:type\" content=\"image\/jpeg\" \/>\n<meta name=\"author\" content=\"roger.straessle\" \/>\n<meta name=\"twitter:card\" content=\"summary_large_image\" \/>\n<script type=\"application\/ld+json\" class=\"yoast-schema-graph\">{\"@context\":\"https:\\\/\\\/schema.org\",\"@graph\":[{\"@type\":\"Article\",\"@id\":\"https:\\\/\\\/www.organisator.ch\\\/sustainability\\\/2021-03-11\\\/ernaehrung-wie-die-umweltbelastung-reduziert-werden-kann\\\/#article\",\"isPartOf\":{\"@id\":\"https:\\\/\\\/www.organisator.ch\\\/sustainability\\\/2021-03-11\\\/ernaehrung-wie-die-umweltbelastung-reduziert-werden-kann\\\/\"},\"author\":{\"name\":\"roger.straessle\",\"@id\":\"https:\\\/\\\/www.organisator.ch\\\/#\\\/schema\\\/person\\\/a800b8c54e208b160517a7dcc323161d\"},\"headline\":\"Wie kann die Umweltbelastung der Ern\u00e4hrung reduziert werden?\",\"datePublished\":\"2021-03-11T10:33:49+00:00\",\"dateModified\":\"2022-02-09T10:10:37+00:00\",\"mainEntityOfPage\":{\"@id\":\"https:\\\/\\\/www.organisator.ch\\\/sustainability\\\/2021-03-11\\\/ernaehrung-wie-die-umweltbelastung-reduziert-werden-kann\\\/\"},\"wordCount\":516,\"publisher\":{\"@id\":\"https:\\\/\\\/www.organisator.ch\\\/#organization\"},\"image\":{\"@id\":\"https:\\\/\\\/www.organisator.ch\\\/sustainability\\\/2021-03-11\\\/ernaehrung-wie-die-umweltbelastung-reduziert-werden-kann\\\/#primaryimage\"},\"thumbnailUrl\":\"https:\\\/\\\/www.organisator.ch\\\/wp-content\\\/uploads\\\/2021\\\/03\\\/Depositphotos_106133260_s-2019.jpg\",\"keywords\":[\"Ern\u00e4hrung\",\"Foodwaste\",\"Importe\",\"Konsumenten\",\"Nahrungsmittel\",\"Umweltbelastung\",\"Umweltwirkung\"],\"articleSection\":[\"SUSTAINABILITY\"],\"inLanguage\":\"it-IT\"},{\"@type\":\"WebPage\",\"@id\":\"https:\\\/\\\/www.organisator.ch\\\/sustainability\\\/2021-03-11\\\/ernaehrung-wie-die-umweltbelastung-reduziert-werden-kann\\\/\",\"url\":\"https:\\\/\\\/www.organisator.ch\\\/sustainability\\\/2021-03-11\\\/ernaehrung-wie-die-umweltbelastung-reduziert-werden-kann\\\/\",\"name\":\"Wie kann die Umweltbelastung der Ern\u00e4hrung reduziert werden? - Organisator\",\"isPartOf\":{\"@id\":\"https:\\\/\\\/www.organisator.ch\\\/#website\"},\"primaryImageOfPage\":{\"@id\":\"https:\\\/\\\/www.organisator.ch\\\/sustainability\\\/2021-03-11\\\/ernaehrung-wie-die-umweltbelastung-reduziert-werden-kann\\\/#primaryimage\"},\"image\":{\"@id\":\"https:\\\/\\\/www.organisator.ch\\\/sustainability\\\/2021-03-11\\\/ernaehrung-wie-die-umweltbelastung-reduziert-werden-kann\\\/#primaryimage\"},\"thumbnailUrl\":\"https:\\\/\\\/www.organisator.ch\\\/wp-content\\\/uploads\\\/2021\\\/03\\\/Depositphotos_106133260_s-2019.jpg\",\"datePublished\":\"2021-03-11T10:33:49+00:00\",\"dateModified\":\"2022-02-09T10:10:37+00:00\",\"description\":\"Ern\u00e4hrung: Agroscope hat untersucht, wie die Umweltbelastung reduziert werden kann.\",\"breadcrumb\":{\"@id\":\"https:\\\/\\\/www.organisator.ch\\\/sustainability\\\/2021-03-11\\\/ernaehrung-wie-die-umweltbelastung-reduziert-werden-kann\\\/#breadcrumb\"},\"inLanguage\":\"it-IT\",\"potentialAction\":[{\"@type\":\"ReadAction\",\"target\":[\"https:\\\/\\\/www.organisator.ch\\\/sustainability\\\/2021-03-11\\\/ernaehrung-wie-die-umweltbelastung-reduziert-werden-kann\\\/\"]}]},{\"@type\":\"ImageObject\",\"inLanguage\":\"it-IT\",\"@id\":\"https:\\\/\\\/www.organisator.ch\\\/sustainability\\\/2021-03-11\\\/ernaehrung-wie-die-umweltbelastung-reduziert-werden-kann\\\/#primaryimage\",\"url\":\"https:\\\/\\\/www.organisator.ch\\\/wp-content\\\/uploads\\\/2021\\\/03\\\/Depositphotos_106133260_s-2019.jpg\",\"contentUrl\":\"https:\\\/\\\/www.organisator.ch\\\/wp-content\\\/uploads\\\/2021\\\/03\\\/Depositphotos_106133260_s-2019.jpg\",\"width\":1000,\"height\":667,\"caption\":\"\u00a9 Depositphotos, Wavebreakmedia\"},{\"@type\":\"BreadcrumbList\",\"@id\":\"https:\\\/\\\/www.organisator.ch\\\/sustainability\\\/2021-03-11\\\/ernaehrung-wie-die-umweltbelastung-reduziert-werden-kann\\\/#breadcrumb\",\"itemListElement\":[{\"@type\":\"ListItem\",\"position\":1,\"name\":\"Home\",\"item\":\"https:\\\/\\\/www.organisator.ch\\\/\"},{\"@type\":\"ListItem\",\"position\":2,\"name\":\"Wie kann die Umweltbelastung der Ern\u00e4hrung reduziert werden?\"}]},{\"@type\":\"WebSite\",\"@id\":\"https:\\\/\\\/www.organisator.ch\\\/#website\",\"url\":\"https:\\\/\\\/www.organisator.ch\\\/\",\"name\":\"Organisator\",\"description\":\"Kompetent. Praxisnah. Der ORGANISATOR bereitet in 10 Ausgaben pro Jahr die wesentlichen Themen f\u00fcr F\u00fchrungskr\u00e4fte von KMU auf.\",\"publisher\":{\"@id\":\"https:\\\/\\\/www.organisator.ch\\\/#organization\"},\"potentialAction\":[{\"@type\":\"SearchAction\",\"target\":{\"@type\":\"EntryPoint\",\"urlTemplate\":\"https:\\\/\\\/www.organisator.ch\\\/?s={search_term_string}\"},\"query-input\":{\"@type\":\"PropertyValueSpecification\",\"valueRequired\":true,\"valueName\":\"search_term_string\"}}],\"inLanguage\":\"it-IT\"},{\"@type\":\"Organization\",\"@id\":\"https:\\\/\\\/www.organisator.ch\\\/#organization\",\"name\":\"Organisator\",\"url\":\"https:\\\/\\\/www.organisator.ch\\\/\",\"logo\":{\"@type\":\"ImageObject\",\"inLanguage\":\"it-IT\",\"@id\":\"https:\\\/\\\/www.organisator.ch\\\/#\\\/schema\\\/logo\\\/image\\\/\",\"url\":\"https:\\\/\\\/www.organisator.ch\\\/wp-content\\\/uploads\\\/2022\\\/01\\\/Logo_Organisator_Website.png\",\"contentUrl\":\"https:\\\/\\\/www.organisator.ch\\\/wp-content\\\/uploads\\\/2022\\\/01\\\/Logo_Organisator_Website.png\",\"width\":800,\"height\":77,\"caption\":\"Organisator\"},\"image\":{\"@id\":\"https:\\\/\\\/www.organisator.ch\\\/#\\\/schema\\\/logo\\\/image\\\/\"},\"sameAs\":[\"https:\\\/\\\/www.facebook.com\\\/OrganisatorFachmagazin\",\"https:\\\/\\\/www.linkedin.com\\\/showcase\\\/organisator-das-magazin-fr-kmu\",\"https:\\\/\\\/www.xing.com\\\/news\\\/pages\\\/organisator-ch-695\",\"https:\\\/\\\/www.youtube.com\\\/channel\\\/UCGP2Sq0iWaZwT3BdIAQFYpw\"]},{\"@type\":\"Person\",\"@id\":\"https:\\\/\\\/www.organisator.ch\\\/#\\\/schema\\\/person\\\/a800b8c54e208b160517a7dcc323161d\",\"name\":\"roger.straessle\",\"image\":{\"@type\":\"ImageObject\",\"inLanguage\":\"it-IT\",\"@id\":\"https:\\\/\\\/secure.gravatar.com\\\/avatar\\\/?s=96&d=mm&r=g\",\"url\":\"https:\\\/\\\/secure.gravatar.com\\\/avatar\\\/?s=96&d=mm&r=g\",\"contentUrl\":\"https:\\\/\\\/secure.gravatar.com\\\/avatar\\\/?s=96&d=mm&r=g\",\"caption\":\"roger.straessle\"},\"url\":\"https:\\\/\\\/www.organisator.ch\\\/it\\\/author\\\/roger-straessle\\\/\"}]}<\/script>\n<!-- \/ Yoast SEO plugin. -->","yoast_head_json":{"title":"Come si pu\u00f2 ridurre l'impatto ambientale degli alimenti? - Organizzatore","description":"Nutrizione: Agroscope ha studiato come ridurre l'impatto ambientale.","robots":{"index":"index","follow":"follow","max-snippet":"max-snippet:-1","max-image-preview":"max-image-preview:large","max-video-preview":"max-video-preview:-1"},"canonical":"https:\/\/www.organisator.ch\/it\/sostenibilita\/2021-03-11\/ernaehrung-wie-die-umweltbelastung-reduziert-werden-kann\/","og_locale":"it_IT","og_type":"article","og_title":"Wie kann die Umweltbelastung der Ern\u00e4hrung reduziert werden? - Organisator","og_description":"Ern\u00e4hrung: Agroscope hat untersucht, wie die Umweltbelastung reduziert werden kann.","og_url":"https:\/\/www.organisator.ch\/it\/sostenibilita\/2021-03-11\/ernaehrung-wie-die-umweltbelastung-reduziert-werden-kann\/","og_site_name":"Organisator","article_publisher":"https:\/\/www.facebook.com\/OrganisatorFachmagazin","article_published_time":"2021-03-11T10:33:49+00:00","article_modified_time":"2022-02-09T10:10:37+00:00","og_image":[{"width":1000,"height":667,"url":"https:\/\/www.organisator.ch\/wp-content\/uploads\/2021\/03\/Depositphotos_106133260_s-2019.jpg","type":"image\/jpeg"}],"author":"roger.straessle","twitter_card":"summary_large_image","schema":{"@context":"https:\/\/schema.org","@graph":[{"@type":"Article","@id":"https:\/\/www.organisator.ch\/sustainability\/2021-03-11\/ernaehrung-wie-die-umweltbelastung-reduziert-werden-kann\/#article","isPartOf":{"@id":"https:\/\/www.organisator.ch\/sustainability\/2021-03-11\/ernaehrung-wie-die-umweltbelastung-reduziert-werden-kann\/"},"author":{"name":"roger.straessle","@id":"https:\/\/www.organisator.ch\/#\/schema\/person\/a800b8c54e208b160517a7dcc323161d"},"headline":"Wie kann die Umweltbelastung der Ern\u00e4hrung reduziert werden?","datePublished":"2021-03-11T10:33:49+00:00","dateModified":"2022-02-09T10:10:37+00:00","mainEntityOfPage":{"@id":"https:\/\/www.organisator.ch\/sustainability\/2021-03-11\/ernaehrung-wie-die-umweltbelastung-reduziert-werden-kann\/"},"wordCount":516,"publisher":{"@id":"https:\/\/www.organisator.ch\/#organization"},"image":{"@id":"https:\/\/www.organisator.ch\/sustainability\/2021-03-11\/ernaehrung-wie-die-umweltbelastung-reduziert-werden-kann\/#primaryimage"},"thumbnailUrl":"https:\/\/www.organisator.ch\/wp-content\/uploads\/2021\/03\/Depositphotos_106133260_s-2019.jpg","keywords":["Ern\u00e4hrung","Foodwaste","Importe","Konsumenten","Nahrungsmittel","Umweltbelastung","Umweltwirkung"],"articleSection":["SUSTAINABILITY"],"inLanguage":"it-IT"},{"@type":"WebPage","@id":"https:\/\/www.organisator.ch\/sustainability\/2021-03-11\/ernaehrung-wie-die-umweltbelastung-reduziert-werden-kann\/","url":"https:\/\/www.organisator.ch\/sustainability\/2021-03-11\/ernaehrung-wie-die-umweltbelastung-reduziert-werden-kann\/","name":"Come si pu\u00f2 ridurre l'impatto ambientale degli alimenti? - Organizzatore","isPartOf":{"@id":"https:\/\/www.organisator.ch\/#website"},"primaryImageOfPage":{"@id":"https:\/\/www.organisator.ch\/sustainability\/2021-03-11\/ernaehrung-wie-die-umweltbelastung-reduziert-werden-kann\/#primaryimage"},"image":{"@id":"https:\/\/www.organisator.ch\/sustainability\/2021-03-11\/ernaehrung-wie-die-umweltbelastung-reduziert-werden-kann\/#primaryimage"},"thumbnailUrl":"https:\/\/www.organisator.ch\/wp-content\/uploads\/2021\/03\/Depositphotos_106133260_s-2019.jpg","datePublished":"2021-03-11T10:33:49+00:00","dateModified":"2022-02-09T10:10:37+00:00","description":"Nutrizione: Agroscope ha studiato come ridurre l'impatto ambientale.","breadcrumb":{"@id":"https:\/\/www.organisator.ch\/sustainability\/2021-03-11\/ernaehrung-wie-die-umweltbelastung-reduziert-werden-kann\/#breadcrumb"},"inLanguage":"it-IT","potentialAction":[{"@type":"ReadAction","target":["https:\/\/www.organisator.ch\/sustainability\/2021-03-11\/ernaehrung-wie-die-umweltbelastung-reduziert-werden-kann\/"]}]},{"@type":"ImageObject","inLanguage":"it-IT","@id":"https:\/\/www.organisator.ch\/sustainability\/2021-03-11\/ernaehrung-wie-die-umweltbelastung-reduziert-werden-kann\/#primaryimage","url":"https:\/\/www.organisator.ch\/wp-content\/uploads\/2021\/03\/Depositphotos_106133260_s-2019.jpg","contentUrl":"https:\/\/www.organisator.ch\/wp-content\/uploads\/2021\/03\/Depositphotos_106133260_s-2019.jpg","width":1000,"height":667,"caption":"\u00a9 Depositphotos, Wavebreakmedia"},{"@type":"BreadcrumbList","@id":"https:\/\/www.organisator.ch\/sustainability\/2021-03-11\/ernaehrung-wie-die-umweltbelastung-reduziert-werden-kann\/#breadcrumb","itemListElement":[{"@type":"ListItem","position":1,"name":"Home","item":"https:\/\/www.organisator.ch\/"},{"@type":"ListItem","position":2,"name":"Wie kann die Umweltbelastung der Ern\u00e4hrung reduziert werden?"}]},{"@type":"WebSite","@id":"https:\/\/www.organisator.ch\/#website","url":"https:\/\/www.organisator.ch\/","name":"Organizzatore","description":"Competente. Pratico. In 10 numeri all'anno, ORGANISATOR presenta i temi essenziali per i manager delle PMI.","publisher":{"@id":"https:\/\/www.organisator.ch\/#organization"},"potentialAction":[{"@type":"SearchAction","target":{"@type":"EntryPoint","urlTemplate":"https:\/\/www.organisator.ch\/?s={search_term_string}"},"query-input":{"@type":"PropertyValueSpecification","valueRequired":true,"valueName":"search_term_string"}}],"inLanguage":"it-IT"},{"@type":"Organization","@id":"https:\/\/www.organisator.ch\/#organization","name":"Organizzatore","url":"https:\/\/www.organisator.ch\/","logo":{"@type":"ImageObject","inLanguage":"it-IT","@id":"https:\/\/www.organisator.ch\/#\/schema\/logo\/image\/","url":"https:\/\/www.organisator.ch\/wp-content\/uploads\/2022\/01\/Logo_Organisator_Website.png","contentUrl":"https:\/\/www.organisator.ch\/wp-content\/uploads\/2022\/01\/Logo_Organisator_Website.png","width":800,"height":77,"caption":"Organisator"},"image":{"@id":"https:\/\/www.organisator.ch\/#\/schema\/logo\/image\/"},"sameAs":["https:\/\/www.facebook.com\/OrganisatorFachmagazin","https:\/\/www.linkedin.com\/showcase\/organisator-das-magazin-fr-kmu","https:\/\/www.xing.com\/news\/pages\/organisator-ch-695","https:\/\/www.youtube.com\/channel\/UCGP2Sq0iWaZwT3BdIAQFYpw"]},{"@type":"Person","@id":"https:\/\/www.organisator.ch\/#\/schema\/person\/a800b8c54e208b160517a7dcc323161d","name":"roger.straessle","image":{"@type":"ImageObject","inLanguage":"it-IT","@id":"https:\/\/secure.gravatar.com\/avatar\/?s=96&d=mm&r=g","url":"https:\/\/secure.gravatar.com\/avatar\/?s=96&d=mm&r=g","contentUrl":"https:\/\/secure.gravatar.com\/avatar\/?s=96&d=mm&r=g","caption":"roger.straessle"},"url":"https:\/\/www.organisator.ch\/it\/author\/roger-straessle\/"}]}},"_links":{"self":[{"href":"https:\/\/www.organisator.ch\/it\/wp-json\/wp\/v2\/posts\/10257","targetHints":{"allow":["GET"]}}],"collection":[{"href":"https:\/\/www.organisator.ch\/it\/wp-json\/wp\/v2\/posts"}],"about":[{"href":"https:\/\/www.organisator.ch\/it\/wp-json\/wp\/v2\/types\/post"}],"author":[{"embeddable":true,"href":"https:\/\/www.organisator.ch\/it\/wp-json\/wp\/v2\/users\/6"}],"replies":[{"embeddable":true,"href":"https:\/\/www.organisator.ch\/it\/wp-json\/wp\/v2\/comments?post=10257"}],"version-history":[{"count":1,"href":"https:\/\/www.organisator.ch\/it\/wp-json\/wp\/v2\/posts\/10257\/revisions"}],"predecessor-version":[{"id":10980,"href":"https:\/\/www.organisator.ch\/it\/wp-json\/wp\/v2\/posts\/10257\/revisions\/10980"}],"wp:featuredmedia":[{"embeddable":true,"href":"https:\/\/www.organisator.ch\/it\/wp-json\/wp\/v2\/media\/9773"}],"wp:attachment":[{"href":"https:\/\/www.organisator.ch\/it\/wp-json\/wp\/v2\/media?parent=10257"}],"wp:term":[{"taxonomy":"category","embeddable":true,"href":"https:\/\/www.organisator.ch\/it\/wp-json\/wp\/v2\/categories?post=10257"},{"taxonomy":"post_tag","embeddable":true,"href":"https:\/\/www.organisator.ch\/it\/wp-json\/wp\/v2\/tags?post=10257"}],"curies":[{"name":"wp","href":"https:\/\/api.w.org\/{rel}","templated":true}]}}