{"id":10260,"date":"2021-03-19T08:00:44","date_gmt":"2021-03-19T07:00:44","guid":{"rendered":"https:\/\/www.umweltperspektiven.ch\/?p=3958"},"modified":"2022-02-09T11:06:10","modified_gmt":"2022-02-09T10:06:10","slug":"gesucht-schlaue-solarprojekte","status":"publish","type":"post","link":"https:\/\/www.organisator.ch\/it\/sustainability\/2021-03-19\/gesucht-schlaue-solarprojekte\/","title":{"rendered":"Cercasi: progetti solari intelligenti"},"content":{"rendered":"<figure id=\"attachment_3960\" aria-describedby=\"caption-attachment-3960\" style=\"width: 513px\" class=\"wp-caption aligncenter\"><img loading=\"lazy\" decoding=\"async\" class=\"wp-image-3960 size-full\" src=\"\/\/www.umweltperspektiven.ch\/wp-content\/uploads\/2021\/03\/Solarpreis.jpg\" alt=\"Premio solare 2021\" width=\"513\" height=\"325\" srcset=\"https:\/\/www.organisator.ch\/wp-content\/uploads\/2021\/03\/Solarpreis.jpg 513w, https:\/\/www.organisator.ch\/wp-content\/uploads\/2021\/03\/Solarpreis-18x12.jpg 18w, https:\/\/www.organisator.ch\/wp-content\/uploads\/2021\/03\/Solarpreis-276x175.jpg 276w, https:\/\/www.organisator.ch\/wp-content\/uploads\/2021\/03\/Solarpreis-300x190.jpg 300w\" sizes=\"auto, (max-width: 513px) 100vw, 513px\" \/><figcaption id=\"caption-attachment-3960\" class=\"wp-caption-text\">\u00a9 Agenzia solare svizzera<\/figcaption><\/figure>\n<p>In Svizzera si costruiscono sempre pi\u00f9 edifici Plus-Energy-Buildings (PEB) e case plurifamiliari PEB. Grazie a metodi di costruzione efficienti e a tetti e facciate ad uso solare, coprono da soli l'intera domanda annuale di energia per acqua calda, riscaldamento ed elettricit\u00e0. Inoltre, generano ulteriori surplus di energia solare senza CO2 che confluiscono nella rete pubblica o sono utilizzati per caricare i veicoli elettrici. Negli ultimi anni, i PEB residenziali e commerciali con una fornitura di auto-energia senza CO2 di oltre 500% fino a 800% sono stati ripetutamente premiati con il Solar Prize. Questa figura illustra l'enorme potenziale energetico che pu\u00f2 essere sfruttato grazie alla tecnologia d'avanguardia nel settore dell'edilizia e in particolare nei condomini.<\/p>\n<p><strong>Presentare la domanda entro met\u00e0 aprile<\/strong><\/p>\n<p>Gli edifici e gli impianti solari innovativi, cos\u00ec come le persone e le istituzioni particolarmente impegnate nelle energie rinnovabili possono ancora essere registrati fino al 15 aprile 2021. Possono partecipare gli edifici e gli impianti ad alta efficienza energetica (energia solare, legno e biomassa) che sono stati o saranno messi in funzione tra il 1\u00b0 gennaio 2019 e il 15 aprile 2021. Il PlusEnergieBauten\u00ae pi\u00f9 bello sar\u00e0 premiato con il rinomato Norman Foster Solar Award ed eventualmente con l'European Solar Prize.<\/p>\n<p>Il Premio solare svizzero 2021 sar\u00e0 assegnato nelle seguenti tre categorie nell'autunno 2021 a Ginevra:<\/p>\n<ul>\n<li>Persone\/istituzioni: persone fisiche\/giuridiche, societ\u00e0, comuni\/cantoni, istituzioni pubbliche<\/li>\n<li>Edifici: nuovi edifici, ristrutturazioni ed edifici plus-energy - specialmente case plurifamiliari PEB<\/li>\n<li>Sistemi: collettori solari termici, sistemi fotovoltaici, biomassa e sistemi di calore ambientale<\/li>\n<\/ul>\n<p>Il periodo di applicazione per il Premio Solare 2021 va fino a <strong>15 aprile 2021<\/strong>.<\/p>\n<p><em>La registrazione\/partecipazione \u00e8 gratuita. I moduli di registrazione, le condizioni di partecipazione e il regolamento del Premio Solare e del PEB possono essere trovati qui:\u00a0<a href=\"\/\/www.solaragentur.ch\">www.solaragentur.ch<\/a><\/em><\/p>\n<p><em>Per ulteriori informazioni: Gallus Cadonau, direttore generale SAS, Renate Fleiner e Selina Jung, personale SAS, Tel. 044 252 40 04, info@solaragentur.ch<\/em><\/p>","protected":false},"excerpt":{"rendered":"<p>In der Schweiz werden immer mehr Plus-Energie-Bauten (PEB) und PEB-Mehrfamilienh\u00e4user erstellt. Dank effizienter Bauweise und solargenutzten D\u00e4chern und Fassaden decken sie den gesamten Jahresenergiebedarf f\u00fcr Warmwasser, Heizung und Strom selbst. Dazu erzeugen sie zus\u00e4tzliche CO2-freie Solarstrom\u00fcbersch\u00fcsse, die ins \u00f6ffentliche Stromnetz fliessen oder zum Aufladen der Elektrofahrzeuge genutzt werden. In den letzten Jahren wurden immer wieder [&hellip;]<\/p>\n","protected":false},"author":6,"featured_media":3960,"comment_status":"closed","ping_status":"closed","sticky":false,"template":"","format":"standard","meta":{"_acf_changed":false,"_yoast_wpseo_focuskw":"Solarpreis 2021","_yoast_wpseo_metadesc":"Bewerbungen f\u00fcr den renommierten Schweizer Solarpreis 2021 nimmt die Solar Agentur Schweiz noch bis am 15. April entgegen.","articlekey":"","footnotes":""},"categories":[580],"tags":[1931,2139,2142,2148],"class_list":["post-10260","post","type-post","status-publish","format-standard","has-post-thumbnail","hentry","category-sustainability","tag-plusenergiebauten","tag-solar-agentur-schweiz","tag-solaranlagen","tag-solarpreis-2021"],"acf":[],"yoast_head":"<!-- This site is optimized with the Yoast SEO plugin v27.4 - https:\/\/yoast.com\/product\/yoast-seo-wordpress\/ -->\n<title>Gesucht: schlaue Solarprojekte - Organisator<\/title>\n<meta name=\"description\" content=\"Bewerbungen f\u00fcr den renommierten Schweizer Solarpreis 2021 nimmt die Solar Agentur Schweiz noch bis am 15. April entgegen.\" \/>\n<meta name=\"robots\" content=\"index, follow, max-snippet:-1, max-image-preview:large, max-video-preview:-1\" \/>\n<link rel=\"canonical\" href=\"https:\/\/www.organisator.ch\/it\/sostenibilita\/2021-03-19\/gesucht-schlaue-solarprojekte\/\" \/>\n<meta property=\"og:locale\" content=\"it_IT\" \/>\n<meta property=\"og:type\" content=\"article\" \/>\n<meta property=\"og:title\" content=\"Gesucht: schlaue Solarprojekte - Organisator\" \/>\n<meta property=\"og:description\" content=\"Bewerbungen f\u00fcr den renommierten Schweizer Solarpreis 2021 nimmt die Solar Agentur Schweiz noch bis am 15. April entgegen.\" \/>\n<meta property=\"og:url\" content=\"https:\/\/www.organisator.ch\/it\/sostenibilita\/2021-03-19\/gesucht-schlaue-solarprojekte\/\" \/>\n<meta property=\"og:site_name\" content=\"Organisator\" \/>\n<meta property=\"article:publisher\" content=\"https:\/\/www.facebook.com\/OrganisatorFachmagazin\" \/>\n<meta property=\"article:published_time\" content=\"2021-03-19T07:00:44+00:00\" \/>\n<meta property=\"article:modified_time\" content=\"2022-02-09T10:06:10+00:00\" \/>\n<meta property=\"og:image\" content=\"https:\/\/www.organisator.ch\/wp-content\/uploads\/2021\/03\/Solarpreis.jpg\" \/>\n\t<meta property=\"og:image:width\" content=\"513\" \/>\n\t<meta property=\"og:image:height\" content=\"325\" \/>\n\t<meta property=\"og:image:type\" content=\"image\/jpeg\" \/>\n<meta name=\"author\" content=\"roger.straessle\" \/>\n<meta name=\"twitter:card\" content=\"summary_large_image\" \/>\n<script type=\"application\/ld+json\" class=\"yoast-schema-graph\">{\"@context\":\"https:\\\/\\\/schema.org\",\"@graph\":[{\"@type\":\"Article\",\"@id\":\"https:\\\/\\\/www.organisator.ch\\\/sustainability\\\/2021-03-19\\\/gesucht-schlaue-solarprojekte\\\/#article\",\"isPartOf\":{\"@id\":\"https:\\\/\\\/www.organisator.ch\\\/sustainability\\\/2021-03-19\\\/gesucht-schlaue-solarprojekte\\\/\"},\"author\":{\"name\":\"roger.straessle\",\"@id\":\"https:\\\/\\\/www.organisator.ch\\\/#\\\/schema\\\/person\\\/a800b8c54e208b160517a7dcc323161d\"},\"headline\":\"Gesucht: schlaue Solarprojekte\",\"datePublished\":\"2021-03-19T07:00:44+00:00\",\"dateModified\":\"2022-02-09T10:06:10+00:00\",\"mainEntityOfPage\":{\"@id\":\"https:\\\/\\\/www.organisator.ch\\\/sustainability\\\/2021-03-19\\\/gesucht-schlaue-solarprojekte\\\/\"},\"wordCount\":283,\"publisher\":{\"@id\":\"https:\\\/\\\/www.organisator.ch\\\/#organization\"},\"image\":{\"@id\":\"https:\\\/\\\/www.organisator.ch\\\/sustainability\\\/2021-03-19\\\/gesucht-schlaue-solarprojekte\\\/#primaryimage\"},\"thumbnailUrl\":\"https:\\\/\\\/www.organisator.ch\\\/wp-content\\\/uploads\\\/2021\\\/03\\\/Solarpreis.jpg\",\"keywords\":[\"PlusEnergieBauten\",\"Solar Agentur Schweiz\",\"Solaranlagen\",\"Solarpreis 2021\"],\"articleSection\":[\"SUSTAINABILITY\"],\"inLanguage\":\"it-IT\"},{\"@type\":\"WebPage\",\"@id\":\"https:\\\/\\\/www.organisator.ch\\\/sustainability\\\/2021-03-19\\\/gesucht-schlaue-solarprojekte\\\/\",\"url\":\"https:\\\/\\\/www.organisator.ch\\\/sustainability\\\/2021-03-19\\\/gesucht-schlaue-solarprojekte\\\/\",\"name\":\"Gesucht: schlaue Solarprojekte - Organisator\",\"isPartOf\":{\"@id\":\"https:\\\/\\\/www.organisator.ch\\\/#website\"},\"primaryImageOfPage\":{\"@id\":\"https:\\\/\\\/www.organisator.ch\\\/sustainability\\\/2021-03-19\\\/gesucht-schlaue-solarprojekte\\\/#primaryimage\"},\"image\":{\"@id\":\"https:\\\/\\\/www.organisator.ch\\\/sustainability\\\/2021-03-19\\\/gesucht-schlaue-solarprojekte\\\/#primaryimage\"},\"thumbnailUrl\":\"https:\\\/\\\/www.organisator.ch\\\/wp-content\\\/uploads\\\/2021\\\/03\\\/Solarpreis.jpg\",\"datePublished\":\"2021-03-19T07:00:44+00:00\",\"dateModified\":\"2022-02-09T10:06:10+00:00\",\"description\":\"Bewerbungen f\u00fcr den renommierten Schweizer Solarpreis 2021 nimmt die Solar Agentur Schweiz noch bis am 15. April entgegen.\",\"breadcrumb\":{\"@id\":\"https:\\\/\\\/www.organisator.ch\\\/sustainability\\\/2021-03-19\\\/gesucht-schlaue-solarprojekte\\\/#breadcrumb\"},\"inLanguage\":\"it-IT\",\"potentialAction\":[{\"@type\":\"ReadAction\",\"target\":[\"https:\\\/\\\/www.organisator.ch\\\/sustainability\\\/2021-03-19\\\/gesucht-schlaue-solarprojekte\\\/\"]}]},{\"@type\":\"ImageObject\",\"inLanguage\":\"it-IT\",\"@id\":\"https:\\\/\\\/www.organisator.ch\\\/sustainability\\\/2021-03-19\\\/gesucht-schlaue-solarprojekte\\\/#primaryimage\",\"url\":\"https:\\\/\\\/www.organisator.ch\\\/wp-content\\\/uploads\\\/2021\\\/03\\\/Solarpreis.jpg\",\"contentUrl\":\"https:\\\/\\\/www.organisator.ch\\\/wp-content\\\/uploads\\\/2021\\\/03\\\/Solarpreis.jpg\",\"width\":513,\"height\":325,\"caption\":\"\u00a9 Solar Agentur Schweiz\"},{\"@type\":\"BreadcrumbList\",\"@id\":\"https:\\\/\\\/www.organisator.ch\\\/sustainability\\\/2021-03-19\\\/gesucht-schlaue-solarprojekte\\\/#breadcrumb\",\"itemListElement\":[{\"@type\":\"ListItem\",\"position\":1,\"name\":\"Home\",\"item\":\"https:\\\/\\\/www.organisator.ch\\\/\"},{\"@type\":\"ListItem\",\"position\":2,\"name\":\"Gesucht: schlaue Solarprojekte\"}]},{\"@type\":\"WebSite\",\"@id\":\"https:\\\/\\\/www.organisator.ch\\\/#website\",\"url\":\"https:\\\/\\\/www.organisator.ch\\\/\",\"name\":\"Organisator\",\"description\":\"Kompetent. Praxisnah. Der ORGANISATOR bereitet in 10 Ausgaben pro Jahr die wesentlichen Themen f\u00fcr F\u00fchrungskr\u00e4fte von KMU auf.\",\"publisher\":{\"@id\":\"https:\\\/\\\/www.organisator.ch\\\/#organization\"},\"potentialAction\":[{\"@type\":\"SearchAction\",\"target\":{\"@type\":\"EntryPoint\",\"urlTemplate\":\"https:\\\/\\\/www.organisator.ch\\\/?s={search_term_string}\"},\"query-input\":{\"@type\":\"PropertyValueSpecification\",\"valueRequired\":true,\"valueName\":\"search_term_string\"}}],\"inLanguage\":\"it-IT\"},{\"@type\":\"Organization\",\"@id\":\"https:\\\/\\\/www.organisator.ch\\\/#organization\",\"name\":\"Organisator\",\"url\":\"https:\\\/\\\/www.organisator.ch\\\/\",\"logo\":{\"@type\":\"ImageObject\",\"inLanguage\":\"it-IT\",\"@id\":\"https:\\\/\\\/www.organisator.ch\\\/#\\\/schema\\\/logo\\\/image\\\/\",\"url\":\"https:\\\/\\\/www.organisator.ch\\\/wp-content\\\/uploads\\\/2022\\\/01\\\/Logo_Organisator_Website.png\",\"contentUrl\":\"https:\\\/\\\/www.organisator.ch\\\/wp-content\\\/uploads\\\/2022\\\/01\\\/Logo_Organisator_Website.png\",\"width\":800,\"height\":77,\"caption\":\"Organisator\"},\"image\":{\"@id\":\"https:\\\/\\\/www.organisator.ch\\\/#\\\/schema\\\/logo\\\/image\\\/\"},\"sameAs\":[\"https:\\\/\\\/www.facebook.com\\\/OrganisatorFachmagazin\",\"https:\\\/\\\/www.linkedin.com\\\/showcase\\\/organisator-das-magazin-fr-kmu\",\"https:\\\/\\\/www.xing.com\\\/news\\\/pages\\\/organisator-ch-695\",\"https:\\\/\\\/www.youtube.com\\\/channel\\\/UCGP2Sq0iWaZwT3BdIAQFYpw\"]},{\"@type\":\"Person\",\"@id\":\"https:\\\/\\\/www.organisator.ch\\\/#\\\/schema\\\/person\\\/a800b8c54e208b160517a7dcc323161d\",\"name\":\"roger.straessle\",\"image\":{\"@type\":\"ImageObject\",\"inLanguage\":\"it-IT\",\"@id\":\"https:\\\/\\\/secure.gravatar.com\\\/avatar\\\/?s=96&d=mm&r=g\",\"url\":\"https:\\\/\\\/secure.gravatar.com\\\/avatar\\\/?s=96&d=mm&r=g\",\"contentUrl\":\"https:\\\/\\\/secure.gravatar.com\\\/avatar\\\/?s=96&d=mm&r=g\",\"caption\":\"roger.straessle\"},\"url\":\"https:\\\/\\\/www.organisator.ch\\\/it\\\/author\\\/roger-straessle\\\/\"}]}<\/script>\n<!-- \/ Yoast SEO plugin. -->","yoast_head_json":{"title":"Cercasi organizzatore di progetti solari intelligenti","description":"L'Agenzia solare svizzera accetta fino al 15 aprile le candidature per il prestigioso Premio solare svizzero 2021.","robots":{"index":"index","follow":"follow","max-snippet":"max-snippet:-1","max-image-preview":"max-image-preview:large","max-video-preview":"max-video-preview:-1"},"canonical":"https:\/\/www.organisator.ch\/it\/sostenibilita\/2021-03-19\/gesucht-schlaue-solarprojekte\/","og_locale":"it_IT","og_type":"article","og_title":"Gesucht: schlaue Solarprojekte - Organisator","og_description":"Bewerbungen f\u00fcr den renommierten Schweizer Solarpreis 2021 nimmt die Solar Agentur Schweiz noch bis am 15. April entgegen.","og_url":"https:\/\/www.organisator.ch\/it\/sostenibilita\/2021-03-19\/gesucht-schlaue-solarprojekte\/","og_site_name":"Organisator","article_publisher":"https:\/\/www.facebook.com\/OrganisatorFachmagazin","article_published_time":"2021-03-19T07:00:44+00:00","article_modified_time":"2022-02-09T10:06:10+00:00","og_image":[{"width":513,"height":325,"url":"https:\/\/www.organisator.ch\/wp-content\/uploads\/2021\/03\/Solarpreis.jpg","type":"image\/jpeg"}],"author":"roger.straessle","twitter_card":"summary_large_image","schema":{"@context":"https:\/\/schema.org","@graph":[{"@type":"Article","@id":"https:\/\/www.organisator.ch\/sustainability\/2021-03-19\/gesucht-schlaue-solarprojekte\/#article","isPartOf":{"@id":"https:\/\/www.organisator.ch\/sustainability\/2021-03-19\/gesucht-schlaue-solarprojekte\/"},"author":{"name":"roger.straessle","@id":"https:\/\/www.organisator.ch\/#\/schema\/person\/a800b8c54e208b160517a7dcc323161d"},"headline":"Gesucht: schlaue Solarprojekte","datePublished":"2021-03-19T07:00:44+00:00","dateModified":"2022-02-09T10:06:10+00:00","mainEntityOfPage":{"@id":"https:\/\/www.organisator.ch\/sustainability\/2021-03-19\/gesucht-schlaue-solarprojekte\/"},"wordCount":283,"publisher":{"@id":"https:\/\/www.organisator.ch\/#organization"},"image":{"@id":"https:\/\/www.organisator.ch\/sustainability\/2021-03-19\/gesucht-schlaue-solarprojekte\/#primaryimage"},"thumbnailUrl":"https:\/\/www.organisator.ch\/wp-content\/uploads\/2021\/03\/Solarpreis.jpg","keywords":["PlusEnergieBauten","Solar Agentur Schweiz","Solaranlagen","Solarpreis 2021"],"articleSection":["SUSTAINABILITY"],"inLanguage":"it-IT"},{"@type":"WebPage","@id":"https:\/\/www.organisator.ch\/sustainability\/2021-03-19\/gesucht-schlaue-solarprojekte\/","url":"https:\/\/www.organisator.ch\/sustainability\/2021-03-19\/gesucht-schlaue-solarprojekte\/","name":"Cercasi organizzatore di progetti solari intelligenti","isPartOf":{"@id":"https:\/\/www.organisator.ch\/#website"},"primaryImageOfPage":{"@id":"https:\/\/www.organisator.ch\/sustainability\/2021-03-19\/gesucht-schlaue-solarprojekte\/#primaryimage"},"image":{"@id":"https:\/\/www.organisator.ch\/sustainability\/2021-03-19\/gesucht-schlaue-solarprojekte\/#primaryimage"},"thumbnailUrl":"https:\/\/www.organisator.ch\/wp-content\/uploads\/2021\/03\/Solarpreis.jpg","datePublished":"2021-03-19T07:00:44+00:00","dateModified":"2022-02-09T10:06:10+00:00","description":"L'Agenzia solare svizzera accetta fino al 15 aprile le candidature per il prestigioso Premio solare svizzero 2021.","breadcrumb":{"@id":"https:\/\/www.organisator.ch\/sustainability\/2021-03-19\/gesucht-schlaue-solarprojekte\/#breadcrumb"},"inLanguage":"it-IT","potentialAction":[{"@type":"ReadAction","target":["https:\/\/www.organisator.ch\/sustainability\/2021-03-19\/gesucht-schlaue-solarprojekte\/"]}]},{"@type":"ImageObject","inLanguage":"it-IT","@id":"https:\/\/www.organisator.ch\/sustainability\/2021-03-19\/gesucht-schlaue-solarprojekte\/#primaryimage","url":"https:\/\/www.organisator.ch\/wp-content\/uploads\/2021\/03\/Solarpreis.jpg","contentUrl":"https:\/\/www.organisator.ch\/wp-content\/uploads\/2021\/03\/Solarpreis.jpg","width":513,"height":325,"caption":"\u00a9 Solar Agentur Schweiz"},{"@type":"BreadcrumbList","@id":"https:\/\/www.organisator.ch\/sustainability\/2021-03-19\/gesucht-schlaue-solarprojekte\/#breadcrumb","itemListElement":[{"@type":"ListItem","position":1,"name":"Home","item":"https:\/\/www.organisator.ch\/"},{"@type":"ListItem","position":2,"name":"Gesucht: schlaue Solarprojekte"}]},{"@type":"WebSite","@id":"https:\/\/www.organisator.ch\/#website","url":"https:\/\/www.organisator.ch\/","name":"Organizzatore","description":"Competente. Pratico. In 10 numeri all'anno, ORGANISATOR presenta i temi essenziali per i manager delle PMI.","publisher":{"@id":"https:\/\/www.organisator.ch\/#organization"},"potentialAction":[{"@type":"SearchAction","target":{"@type":"EntryPoint","urlTemplate":"https:\/\/www.organisator.ch\/?s={search_term_string}"},"query-input":{"@type":"PropertyValueSpecification","valueRequired":true,"valueName":"search_term_string"}}],"inLanguage":"it-IT"},{"@type":"Organization","@id":"https:\/\/www.organisator.ch\/#organization","name":"Organizzatore","url":"https:\/\/www.organisator.ch\/","logo":{"@type":"ImageObject","inLanguage":"it-IT","@id":"https:\/\/www.organisator.ch\/#\/schema\/logo\/image\/","url":"https:\/\/www.organisator.ch\/wp-content\/uploads\/2022\/01\/Logo_Organisator_Website.png","contentUrl":"https:\/\/www.organisator.ch\/wp-content\/uploads\/2022\/01\/Logo_Organisator_Website.png","width":800,"height":77,"caption":"Organisator"},"image":{"@id":"https:\/\/www.organisator.ch\/#\/schema\/logo\/image\/"},"sameAs":["https:\/\/www.facebook.com\/OrganisatorFachmagazin","https:\/\/www.linkedin.com\/showcase\/organisator-das-magazin-fr-kmu","https:\/\/www.xing.com\/news\/pages\/organisator-ch-695","https:\/\/www.youtube.com\/channel\/UCGP2Sq0iWaZwT3BdIAQFYpw"]},{"@type":"Person","@id":"https:\/\/www.organisator.ch\/#\/schema\/person\/a800b8c54e208b160517a7dcc323161d","name":"roger.straessle","image":{"@type":"ImageObject","inLanguage":"it-IT","@id":"https:\/\/secure.gravatar.com\/avatar\/?s=96&d=mm&r=g","url":"https:\/\/secure.gravatar.com\/avatar\/?s=96&d=mm&r=g","contentUrl":"https:\/\/secure.gravatar.com\/avatar\/?s=96&d=mm&r=g","caption":"roger.straessle"},"url":"https:\/\/www.organisator.ch\/it\/author\/roger-straessle\/"}]}},"_links":{"self":[{"href":"https:\/\/www.organisator.ch\/it\/wp-json\/wp\/v2\/posts\/10260","targetHints":{"allow":["GET"]}}],"collection":[{"href":"https:\/\/www.organisator.ch\/it\/wp-json\/wp\/v2\/posts"}],"about":[{"href":"https:\/\/www.organisator.ch\/it\/wp-json\/wp\/v2\/types\/post"}],"author":[{"embeddable":true,"href":"https:\/\/www.organisator.ch\/it\/wp-json\/wp\/v2\/users\/6"}],"replies":[{"embeddable":true,"href":"https:\/\/www.organisator.ch\/it\/wp-json\/wp\/v2\/comments?post=10260"}],"version-history":[{"count":1,"href":"https:\/\/www.organisator.ch\/it\/wp-json\/wp\/v2\/posts\/10260\/revisions"}],"predecessor-version":[{"id":10493,"href":"https:\/\/www.organisator.ch\/it\/wp-json\/wp\/v2\/posts\/10260\/revisions\/10493"}],"wp:featuredmedia":[{"embeddable":true,"href":"https:\/\/www.organisator.ch\/it\/wp-json\/wp\/v2\/media\/3960"}],"wp:attachment":[{"href":"https:\/\/www.organisator.ch\/it\/wp-json\/wp\/v2\/media?parent=10260"}],"wp:term":[{"taxonomy":"category","embeddable":true,"href":"https:\/\/www.organisator.ch\/it\/wp-json\/wp\/v2\/categories?post=10260"},{"taxonomy":"post_tag","embeddable":true,"href":"https:\/\/www.organisator.ch\/it\/wp-json\/wp\/v2\/tags?post=10260"}],"curies":[{"name":"wp","href":"https:\/\/api.w.org\/{rel}","templated":true}]}}