{"id":10261,"date":"2021-03-19T09:06:11","date_gmt":"2021-03-19T08:06:11","guid":{"rendered":"https:\/\/www.umweltperspektiven.ch\/?p=3968"},"modified":"2022-02-09T11:06:10","modified_gmt":"2022-02-09T10:06:10","slug":"kilometerkosten-e-autos-guenstiger-als-verbrenner","status":"publish","type":"post","link":"https:\/\/www.organisator.ch\/it\/sustainability\/2021-03-19\/kilometerkosten-e-autos-guenstiger-als-verbrenner\/","title":{"rendered":"Costi chilometrici: le auto elettriche sono pi\u00f9 economiche dei motori a combustione"},"content":{"rendered":"<figure id=\"attachment_3969\" aria-describedby=\"caption-attachment-3969\" style=\"width: 680px\" class=\"wp-caption aligncenter\"><img loading=\"lazy\" decoding=\"async\" class=\"size-medium wp-image-3969\" src=\"\/\/www.umweltperspektiven.ch\/wp-content\/uploads\/2021\/03\/Auto.jpg\" alt=\"\" width=\"680\" height=\"475\" \/><figcaption id=\"caption-attachment-3969\" class=\"wp-caption-text\">\u00a9 TCS<\/figcaption><\/figure>\n<p>I costi chilometrici per il veicolo medio del TCS (motore a benzina, prezzo d'acquisto 35'000 Fr. e 15'000 chilometri di percorrenza annuale) diminuiranno di un centesimo nel 2021 rispetto all'anno precedente e saranno di 70 centesimi per chilometro. Questo \u00e8 dimostrato dal calcolo annuale dei costi chilometrici del TCS.<\/p>\n<p><strong>I veicoli elettrici sono utili<\/strong><\/p>\n<p>I minori costi di carburante e di servizio dei veicoli elettrici, accumulati in dieci anni di utilizzo, compensano i prezzi nuovi un po' pi\u00f9 alti per gli e-veicoli sopra un certo chilometraggio, come scrive il TCS. Pi\u00f9 alto \u00e8 il chilometraggio, maggiore \u00e8 il potenziale di risparmio nei costi del carburante per i veicoli elettrici. Rispetto all'anno precedente, questa differenza \u00e8 minore,<\/p>\n<ul>\n<li>poich\u00e9 con costi di elettricit\u00e0 di 0,2 Fr.\/kWh (anno precedente 0,15 Fr.\/kWh),<\/li>\n<li>Costo della benzina di 1,45 Fr.\/litro (anno precedente 1,61 Fr.\/litro),<\/li>\n<li>Costi del gasolio di Fr.1.53\/litro (anno precedente Fr.1.73\/litro)<\/li>\n<\/ul>\n<p>\u00e8 stato calcolato.<\/p>\n<p><em>Qui potete trovare i costi totali (calcolo del TCO, cio\u00e8 il costo totale di propriet\u00e0) delle cinque auto con motore a combustione pi\u00f9 vendute e delle auto elettriche del 2020 (calcolo per 75.000, 150.000 e 300.000 km):\u00a0<a href=\"\/\/www.umweltperspektiven.ch\/wp-content\/uploads\/2021\/03\/tab-top-5.pdf\">tab-top-5<\/a><\/em><\/p>\n<p><em>Il costo approssimativo per chilometro nel 2021 per qualsiasi veicolo pu\u00f2 essere trovato su\u00a0<a href=\"\/\/www.tcs.ch\/mam\/Digital-Media\/PDF\/Booklets\/kilometerkosten.pdf\">www.tcs.ch<\/a>\u00a0Visto o collegato con il\u00a0<a href=\"\/\/www.tcs.ch\/de\/testberichte-ratgeber\/ratgeber\/fahrzeug-kaufen-verkaufen\/autosuche-vergleich.php\">Ricerca auto TCS<\/a>\u00a0essere calcolato.<\/em><\/p>\n<p><em>Clicca qui per la lista dell'ambiente auto VCS: <a href=\"\/\/www.autoumweltliste.ch\">www.autoumweltliste.ch<\/a><\/em><\/p>\n<p><em>Altri argomenti sull'elettromobilit\u00e0 qui:\u00a0<\/em><em><a href=\"\/\/www.umweltperspektiven.ch\/roadmap-elektromobilitaet-ch-drei-vorschlaege\/\">Roadmap Elettromobilit\u00e0 CH: tre proposte<\/a><\/em><\/p>\n<p>&nbsp;<\/p>\n<blockquote><p>Dati in tempo reale da www.ich-tanke-strom.ch<\/p>\n<p>L'infrastruttura pubblica di ricarica per i veicoli elettrici in Svizzera viene costantemente ampliata. Per documentare questo sviluppo, l'Ufficio federale dell'energia valuta regolarmente i dati in tempo reale di www.ich-tanke-strom.ch e ricava le cifre chiave sull'infrastruttura di ricarica pubblica in Svizzera. Queste cifre chiave sono ora liberamente disponibili come dati aperti e possono essere visualizzate come una visualizzazione di dati su <a href=\"\/\/www.ich-tanke-strom.ch\/kennzahlen\">www.ich-tanke-strom.ch\/kennzahlen<\/a> come scrive l'Ufficio federale dell'energia.<\/p><\/blockquote>\n<p>&nbsp;<\/p>\n<p>&nbsp;<\/p>","protected":false},"excerpt":{"rendered":"<p>Die Kilometerkosten f\u00fcr das TCS-Durchschnittsfahrzeug (Benziner, Kaufpreis 35\u2018000 Fr. und 15\u2018000 Kilometer Jahreslaufleistung) sinken 2021 um einen Rappen gegen\u00fcber dem Vorjahr und liegen bei 70 Rappen pro Kilometer. Dies zeigt die j\u00e4hrliche Kilometerkostenberechnung des TCS. Elektrofahrzeuge lohnen sich Die geringeren Treibstoff- und Servicekosten der Elektrofahrzeuge, kumuliert \u00fcber zehn Jahre Nutzungsdauer, kompensieren ab einer gewissen Kilometerleistung [&hellip;]<\/p>\n","protected":false},"author":6,"featured_media":9777,"comment_status":"closed","ping_status":"closed","sticky":false,"template":"","format":"standard","meta":{"_acf_changed":false,"_yoast_wpseo_focuskw":"Kilometerkosten","_yoast_wpseo_metadesc":"Die durchschnittlichen Kilometerkosten liegen gem\u00e4ss TCS-Berechnung 2021 pro Kilometer um einen Rappen tiefer als im Vorjahr","articlekey":"","footnotes":""},"categories":[580],"tags":[1035,354,2287],"class_list":["post-10261","post","type-post","status-publish","format-standard","has-post-thumbnail","hentry","category-sustainability","tag-elektrofahrzeug","tag-mobilitaet","tag-tcs"],"acf":[],"yoast_head":"<!-- This site is optimized with the Yoast SEO plugin v27.5 - https:\/\/yoast.com\/product\/yoast-seo-wordpress\/ -->\n<title>Km-Kosten: Elektroautos g\u00fcnstiger als Verbrenner - Organisator<\/title>\n<meta name=\"description\" content=\"Die durchschnittlichen Kilometerkosten liegen gem\u00e4ss TCS-Berechnung 2021 pro Kilometer um einen Rappen tiefer als im Vorjahr\" \/>\n<meta name=\"robots\" content=\"index, follow, max-snippet:-1, max-image-preview:large, max-video-preview:-1\" \/>\n<link rel=\"canonical\" href=\"https:\/\/www.organisator.ch\/it\/sostenibilita\/2021-03-19\/kilometerkosten-e-autos-guenstiger-als-verbrenner\/\" \/>\n<meta property=\"og:locale\" content=\"it_IT\" \/>\n<meta property=\"og:type\" content=\"article\" \/>\n<meta property=\"og:title\" content=\"Km-Kosten: Elektroautos g\u00fcnstiger als Verbrenner - Organisator\" \/>\n<meta property=\"og:description\" content=\"Die durchschnittlichen Kilometerkosten liegen gem\u00e4ss TCS-Berechnung 2021 pro Kilometer um einen Rappen tiefer als im Vorjahr\" \/>\n<meta property=\"og:url\" content=\"https:\/\/www.organisator.ch\/it\/sostenibilita\/2021-03-19\/kilometerkosten-e-autos-guenstiger-als-verbrenner\/\" \/>\n<meta property=\"og:site_name\" content=\"Organisator\" \/>\n<meta property=\"article:publisher\" content=\"https:\/\/www.facebook.com\/OrganisatorFachmagazin\" \/>\n<meta property=\"article:published_time\" content=\"2021-03-19T08:06:11+00:00\" \/>\n<meta property=\"article:modified_time\" content=\"2022-02-09T10:06:10+00:00\" \/>\n<meta property=\"og:image\" content=\"https:\/\/www.organisator.ch\/wp-content\/uploads\/2021\/03\/Auto.jpg\" \/>\n\t<meta property=\"og:image:width\" content=\"803\" \/>\n\t<meta property=\"og:image:height\" content=\"561\" \/>\n\t<meta property=\"og:image:type\" content=\"image\/jpeg\" \/>\n<meta name=\"author\" content=\"roger.straessle\" \/>\n<meta name=\"twitter:card\" content=\"summary_large_image\" \/>\n<script type=\"application\/ld+json\" class=\"yoast-schema-graph\">{\"@context\":\"https:\\\/\\\/schema.org\",\"@graph\":[{\"@type\":\"Article\",\"@id\":\"https:\\\/\\\/www.organisator.ch\\\/sustainability\\\/2021-03-19\\\/kilometerkosten-e-autos-guenstiger-als-verbrenner\\\/#article\",\"isPartOf\":{\"@id\":\"https:\\\/\\\/www.organisator.ch\\\/sustainability\\\/2021-03-19\\\/kilometerkosten-e-autos-guenstiger-als-verbrenner\\\/\"},\"author\":{\"name\":\"roger.straessle\",\"@id\":\"https:\\\/\\\/www.organisator.ch\\\/#\\\/schema\\\/person\\\/a800b8c54e208b160517a7dcc323161d\"},\"headline\":\"Km-Kosten: Elektroautos g\u00fcnstiger als Verbrenner\",\"datePublished\":\"2021-03-19T08:06:11+00:00\",\"dateModified\":\"2022-02-09T10:06:10+00:00\",\"mainEntityOfPage\":{\"@id\":\"https:\\\/\\\/www.organisator.ch\\\/sustainability\\\/2021-03-19\\\/kilometerkosten-e-autos-guenstiger-als-verbrenner\\\/\"},\"wordCount\":286,\"publisher\":{\"@id\":\"https:\\\/\\\/www.organisator.ch\\\/#organization\"},\"image\":{\"@id\":\"https:\\\/\\\/www.organisator.ch\\\/sustainability\\\/2021-03-19\\\/kilometerkosten-e-autos-guenstiger-als-verbrenner\\\/#primaryimage\"},\"thumbnailUrl\":\"https:\\\/\\\/www.organisator.ch\\\/wp-content\\\/uploads\\\/2021\\\/03\\\/Auto.jpg\",\"keywords\":[\"Elektrofahrzeug\",\"Mobilit\u00e4t\",\"TCS\"],\"articleSection\":[\"SUSTAINABILITY\"],\"inLanguage\":\"it-IT\"},{\"@type\":\"WebPage\",\"@id\":\"https:\\\/\\\/www.organisator.ch\\\/sustainability\\\/2021-03-19\\\/kilometerkosten-e-autos-guenstiger-als-verbrenner\\\/\",\"url\":\"https:\\\/\\\/www.organisator.ch\\\/sustainability\\\/2021-03-19\\\/kilometerkosten-e-autos-guenstiger-als-verbrenner\\\/\",\"name\":\"Km-Kosten: Elektroautos g\u00fcnstiger als Verbrenner - Organisator\",\"isPartOf\":{\"@id\":\"https:\\\/\\\/www.organisator.ch\\\/#website\"},\"primaryImageOfPage\":{\"@id\":\"https:\\\/\\\/www.organisator.ch\\\/sustainability\\\/2021-03-19\\\/kilometerkosten-e-autos-guenstiger-als-verbrenner\\\/#primaryimage\"},\"image\":{\"@id\":\"https:\\\/\\\/www.organisator.ch\\\/sustainability\\\/2021-03-19\\\/kilometerkosten-e-autos-guenstiger-als-verbrenner\\\/#primaryimage\"},\"thumbnailUrl\":\"https:\\\/\\\/www.organisator.ch\\\/wp-content\\\/uploads\\\/2021\\\/03\\\/Auto.jpg\",\"datePublished\":\"2021-03-19T08:06:11+00:00\",\"dateModified\":\"2022-02-09T10:06:10+00:00\",\"description\":\"Die durchschnittlichen Kilometerkosten liegen gem\u00e4ss TCS-Berechnung 2021 pro Kilometer um einen Rappen tiefer als im Vorjahr\",\"breadcrumb\":{\"@id\":\"https:\\\/\\\/www.organisator.ch\\\/sustainability\\\/2021-03-19\\\/kilometerkosten-e-autos-guenstiger-als-verbrenner\\\/#breadcrumb\"},\"inLanguage\":\"it-IT\",\"potentialAction\":[{\"@type\":\"ReadAction\",\"target\":[\"https:\\\/\\\/www.organisator.ch\\\/sustainability\\\/2021-03-19\\\/kilometerkosten-e-autos-guenstiger-als-verbrenner\\\/\"]}]},{\"@type\":\"ImageObject\",\"inLanguage\":\"it-IT\",\"@id\":\"https:\\\/\\\/www.organisator.ch\\\/sustainability\\\/2021-03-19\\\/kilometerkosten-e-autos-guenstiger-als-verbrenner\\\/#primaryimage\",\"url\":\"https:\\\/\\\/www.organisator.ch\\\/wp-content\\\/uploads\\\/2021\\\/03\\\/Auto.jpg\",\"contentUrl\":\"https:\\\/\\\/www.organisator.ch\\\/wp-content\\\/uploads\\\/2021\\\/03\\\/Auto.jpg\",\"width\":803,\"height\":561,\"caption\":\"\u00a9 TCS\"},{\"@type\":\"BreadcrumbList\",\"@id\":\"https:\\\/\\\/www.organisator.ch\\\/sustainability\\\/2021-03-19\\\/kilometerkosten-e-autos-guenstiger-als-verbrenner\\\/#breadcrumb\",\"itemListElement\":[{\"@type\":\"ListItem\",\"position\":1,\"name\":\"Home\",\"item\":\"https:\\\/\\\/www.organisator.ch\\\/\"},{\"@type\":\"ListItem\",\"position\":2,\"name\":\"Km-Kosten: Elektroautos g\u00fcnstiger als Verbrenner\"}]},{\"@type\":\"WebSite\",\"@id\":\"https:\\\/\\\/www.organisator.ch\\\/#website\",\"url\":\"https:\\\/\\\/www.organisator.ch\\\/\",\"name\":\"Organisator\",\"description\":\"Kompetent. Praxisnah. Der ORGANISATOR bereitet in 10 Ausgaben pro Jahr die wesentlichen Themen f\u00fcr F\u00fchrungskr\u00e4fte von KMU auf.\",\"publisher\":{\"@id\":\"https:\\\/\\\/www.organisator.ch\\\/#organization\"},\"potentialAction\":[{\"@type\":\"SearchAction\",\"target\":{\"@type\":\"EntryPoint\",\"urlTemplate\":\"https:\\\/\\\/www.organisator.ch\\\/?s={search_term_string}\"},\"query-input\":{\"@type\":\"PropertyValueSpecification\",\"valueRequired\":true,\"valueName\":\"search_term_string\"}}],\"inLanguage\":\"it-IT\"},{\"@type\":\"Organization\",\"@id\":\"https:\\\/\\\/www.organisator.ch\\\/#organization\",\"name\":\"Organisator\",\"url\":\"https:\\\/\\\/www.organisator.ch\\\/\",\"logo\":{\"@type\":\"ImageObject\",\"inLanguage\":\"it-IT\",\"@id\":\"https:\\\/\\\/www.organisator.ch\\\/#\\\/schema\\\/logo\\\/image\\\/\",\"url\":\"https:\\\/\\\/www.organisator.ch\\\/wp-content\\\/uploads\\\/2022\\\/01\\\/Logo_Organisator_Website.png\",\"contentUrl\":\"https:\\\/\\\/www.organisator.ch\\\/wp-content\\\/uploads\\\/2022\\\/01\\\/Logo_Organisator_Website.png\",\"width\":800,\"height\":77,\"caption\":\"Organisator\"},\"image\":{\"@id\":\"https:\\\/\\\/www.organisator.ch\\\/#\\\/schema\\\/logo\\\/image\\\/\"},\"sameAs\":[\"https:\\\/\\\/www.facebook.com\\\/OrganisatorFachmagazin\",\"https:\\\/\\\/www.linkedin.com\\\/showcase\\\/organisator-das-magazin-fr-kmu\",\"https:\\\/\\\/www.xing.com\\\/news\\\/pages\\\/organisator-ch-695\",\"https:\\\/\\\/www.youtube.com\\\/channel\\\/UCGP2Sq0iWaZwT3BdIAQFYpw\"]},{\"@type\":\"Person\",\"@id\":\"https:\\\/\\\/www.organisator.ch\\\/#\\\/schema\\\/person\\\/a800b8c54e208b160517a7dcc323161d\",\"name\":\"roger.straessle\",\"image\":{\"@type\":\"ImageObject\",\"inLanguage\":\"it-IT\",\"@id\":\"https:\\\/\\\/secure.gravatar.com\\\/avatar\\\/?s=96&d=mm&r=g\",\"url\":\"https:\\\/\\\/secure.gravatar.com\\\/avatar\\\/?s=96&d=mm&r=g\",\"contentUrl\":\"https:\\\/\\\/secure.gravatar.com\\\/avatar\\\/?s=96&d=mm&r=g\",\"caption\":\"roger.straessle\"},\"url\":\"https:\\\/\\\/www.organisator.ch\\\/it\\\/author\\\/roger-straessle\\\/\"}]}<\/script>\n<!-- \/ Yoast SEO plugin. -->","yoast_head_json":{"title":"Costi al km: le auto elettriche sono pi\u00f9 economiche di quelle a combustione - Organizzatore","description":"Secondo i calcoli del TCS, nel 2021 il costo medio per chilometro sar\u00e0 inferiore di un centesimo rispetto all'anno precedente.","robots":{"index":"index","follow":"follow","max-snippet":"max-snippet:-1","max-image-preview":"max-image-preview:large","max-video-preview":"max-video-preview:-1"},"canonical":"https:\/\/www.organisator.ch\/it\/sostenibilita\/2021-03-19\/kilometerkosten-e-autos-guenstiger-als-verbrenner\/","og_locale":"it_IT","og_type":"article","og_title":"Km-Kosten: Elektroautos g\u00fcnstiger als Verbrenner - Organisator","og_description":"Die durchschnittlichen Kilometerkosten liegen gem\u00e4ss TCS-Berechnung 2021 pro Kilometer um einen Rappen tiefer als im Vorjahr","og_url":"https:\/\/www.organisator.ch\/it\/sostenibilita\/2021-03-19\/kilometerkosten-e-autos-guenstiger-als-verbrenner\/","og_site_name":"Organisator","article_publisher":"https:\/\/www.facebook.com\/OrganisatorFachmagazin","article_published_time":"2021-03-19T08:06:11+00:00","article_modified_time":"2022-02-09T10:06:10+00:00","og_image":[{"width":803,"height":561,"url":"https:\/\/www.organisator.ch\/wp-content\/uploads\/2021\/03\/Auto.jpg","type":"image\/jpeg"}],"author":"roger.straessle","twitter_card":"summary_large_image","schema":{"@context":"https:\/\/schema.org","@graph":[{"@type":"Article","@id":"https:\/\/www.organisator.ch\/sustainability\/2021-03-19\/kilometerkosten-e-autos-guenstiger-als-verbrenner\/#article","isPartOf":{"@id":"https:\/\/www.organisator.ch\/sustainability\/2021-03-19\/kilometerkosten-e-autos-guenstiger-als-verbrenner\/"},"author":{"name":"roger.straessle","@id":"https:\/\/www.organisator.ch\/#\/schema\/person\/a800b8c54e208b160517a7dcc323161d"},"headline":"Km-Kosten: Elektroautos g\u00fcnstiger als Verbrenner","datePublished":"2021-03-19T08:06:11+00:00","dateModified":"2022-02-09T10:06:10+00:00","mainEntityOfPage":{"@id":"https:\/\/www.organisator.ch\/sustainability\/2021-03-19\/kilometerkosten-e-autos-guenstiger-als-verbrenner\/"},"wordCount":286,"publisher":{"@id":"https:\/\/www.organisator.ch\/#organization"},"image":{"@id":"https:\/\/www.organisator.ch\/sustainability\/2021-03-19\/kilometerkosten-e-autos-guenstiger-als-verbrenner\/#primaryimage"},"thumbnailUrl":"https:\/\/www.organisator.ch\/wp-content\/uploads\/2021\/03\/Auto.jpg","keywords":["Elektrofahrzeug","Mobilit\u00e4t","TCS"],"articleSection":["SUSTAINABILITY"],"inLanguage":"it-IT"},{"@type":"WebPage","@id":"https:\/\/www.organisator.ch\/sustainability\/2021-03-19\/kilometerkosten-e-autos-guenstiger-als-verbrenner\/","url":"https:\/\/www.organisator.ch\/sustainability\/2021-03-19\/kilometerkosten-e-autos-guenstiger-als-verbrenner\/","name":"Costi al km: le auto elettriche sono pi\u00f9 economiche di quelle a combustione - Organizzatore","isPartOf":{"@id":"https:\/\/www.organisator.ch\/#website"},"primaryImageOfPage":{"@id":"https:\/\/www.organisator.ch\/sustainability\/2021-03-19\/kilometerkosten-e-autos-guenstiger-als-verbrenner\/#primaryimage"},"image":{"@id":"https:\/\/www.organisator.ch\/sustainability\/2021-03-19\/kilometerkosten-e-autos-guenstiger-als-verbrenner\/#primaryimage"},"thumbnailUrl":"https:\/\/www.organisator.ch\/wp-content\/uploads\/2021\/03\/Auto.jpg","datePublished":"2021-03-19T08:06:11+00:00","dateModified":"2022-02-09T10:06:10+00:00","description":"Secondo i calcoli del TCS, nel 2021 il costo medio per chilometro sar\u00e0 inferiore di un centesimo rispetto all'anno precedente.","breadcrumb":{"@id":"https:\/\/www.organisator.ch\/sustainability\/2021-03-19\/kilometerkosten-e-autos-guenstiger-als-verbrenner\/#breadcrumb"},"inLanguage":"it-IT","potentialAction":[{"@type":"ReadAction","target":["https:\/\/www.organisator.ch\/sustainability\/2021-03-19\/kilometerkosten-e-autos-guenstiger-als-verbrenner\/"]}]},{"@type":"ImageObject","inLanguage":"it-IT","@id":"https:\/\/www.organisator.ch\/sustainability\/2021-03-19\/kilometerkosten-e-autos-guenstiger-als-verbrenner\/#primaryimage","url":"https:\/\/www.organisator.ch\/wp-content\/uploads\/2021\/03\/Auto.jpg","contentUrl":"https:\/\/www.organisator.ch\/wp-content\/uploads\/2021\/03\/Auto.jpg","width":803,"height":561,"caption":"\u00a9 TCS"},{"@type":"BreadcrumbList","@id":"https:\/\/www.organisator.ch\/sustainability\/2021-03-19\/kilometerkosten-e-autos-guenstiger-als-verbrenner\/#breadcrumb","itemListElement":[{"@type":"ListItem","position":1,"name":"Home","item":"https:\/\/www.organisator.ch\/"},{"@type":"ListItem","position":2,"name":"Km-Kosten: Elektroautos g\u00fcnstiger als Verbrenner"}]},{"@type":"WebSite","@id":"https:\/\/www.organisator.ch\/#website","url":"https:\/\/www.organisator.ch\/","name":"Organizzatore","description":"Competente. Pratico. In 10 numeri all'anno, ORGANISATOR presenta i temi essenziali per i manager delle PMI.","publisher":{"@id":"https:\/\/www.organisator.ch\/#organization"},"potentialAction":[{"@type":"SearchAction","target":{"@type":"EntryPoint","urlTemplate":"https:\/\/www.organisator.ch\/?s={search_term_string}"},"query-input":{"@type":"PropertyValueSpecification","valueRequired":true,"valueName":"search_term_string"}}],"inLanguage":"it-IT"},{"@type":"Organization","@id":"https:\/\/www.organisator.ch\/#organization","name":"Organizzatore","url":"https:\/\/www.organisator.ch\/","logo":{"@type":"ImageObject","inLanguage":"it-IT","@id":"https:\/\/www.organisator.ch\/#\/schema\/logo\/image\/","url":"https:\/\/www.organisator.ch\/wp-content\/uploads\/2022\/01\/Logo_Organisator_Website.png","contentUrl":"https:\/\/www.organisator.ch\/wp-content\/uploads\/2022\/01\/Logo_Organisator_Website.png","width":800,"height":77,"caption":"Organisator"},"image":{"@id":"https:\/\/www.organisator.ch\/#\/schema\/logo\/image\/"},"sameAs":["https:\/\/www.facebook.com\/OrganisatorFachmagazin","https:\/\/www.linkedin.com\/showcase\/organisator-das-magazin-fr-kmu","https:\/\/www.xing.com\/news\/pages\/organisator-ch-695","https:\/\/www.youtube.com\/channel\/UCGP2Sq0iWaZwT3BdIAQFYpw"]},{"@type":"Person","@id":"https:\/\/www.organisator.ch\/#\/schema\/person\/a800b8c54e208b160517a7dcc323161d","name":"roger.straessle","image":{"@type":"ImageObject","inLanguage":"it-IT","@id":"https:\/\/secure.gravatar.com\/avatar\/?s=96&d=mm&r=g","url":"https:\/\/secure.gravatar.com\/avatar\/?s=96&d=mm&r=g","contentUrl":"https:\/\/secure.gravatar.com\/avatar\/?s=96&d=mm&r=g","caption":"roger.straessle"},"url":"https:\/\/www.organisator.ch\/it\/author\/roger-straessle\/"}]}},"_links":{"self":[{"href":"https:\/\/www.organisator.ch\/it\/wp-json\/wp\/v2\/posts\/10261","targetHints":{"allow":["GET"]}}],"collection":[{"href":"https:\/\/www.organisator.ch\/it\/wp-json\/wp\/v2\/posts"}],"about":[{"href":"https:\/\/www.organisator.ch\/it\/wp-json\/wp\/v2\/types\/post"}],"author":[{"embeddable":true,"href":"https:\/\/www.organisator.ch\/it\/wp-json\/wp\/v2\/users\/6"}],"replies":[{"embeddable":true,"href":"https:\/\/www.organisator.ch\/it\/wp-json\/wp\/v2\/comments?post=10261"}],"version-history":[{"count":1,"href":"https:\/\/www.organisator.ch\/it\/wp-json\/wp\/v2\/posts\/10261\/revisions"}],"predecessor-version":[{"id":10492,"href":"https:\/\/www.organisator.ch\/it\/wp-json\/wp\/v2\/posts\/10261\/revisions\/10492"}],"wp:featuredmedia":[{"embeddable":true,"href":"https:\/\/www.organisator.ch\/it\/wp-json\/wp\/v2\/media\/9777"}],"wp:attachment":[{"href":"https:\/\/www.organisator.ch\/it\/wp-json\/wp\/v2\/media?parent=10261"}],"wp:term":[{"taxonomy":"category","embeddable":true,"href":"https:\/\/www.organisator.ch\/it\/wp-json\/wp\/v2\/categories?post=10261"},{"taxonomy":"post_tag","embeddable":true,"href":"https:\/\/www.organisator.ch\/it\/wp-json\/wp\/v2\/tags?post=10261"}],"curies":[{"name":"wp","href":"https:\/\/api.w.org\/{rel}","templated":true}]}}