{"id":10263,"date":"2021-03-23T09:29:39","date_gmt":"2021-03-23T08:29:39","guid":{"rendered":"https:\/\/www.umweltperspektiven.ch\/?p=3985"},"modified":"2022-02-09T11:06:09","modified_gmt":"2022-02-09T10:06:09","slug":"energieschweiz-neue-website-und-neues-erscheinungsbild","status":"publish","type":"post","link":"https:\/\/www.organisator.ch\/it\/sustainability\/2021-03-23\/energieschweiz-neue-website-und-neues-erscheinungsbild\/","title":{"rendered":"SwissEnergy: nuovo sito web e nuova immagine"},"content":{"rendered":"<figure id=\"attachment_3986\" aria-describedby=\"caption-attachment-3986\" style=\"width: 680px\" class=\"wp-caption aligncenter\"><img loading=\"lazy\" decoding=\"async\" class=\"size-medium wp-image-3986\" src=\"\/\/www.umweltperspektiven.ch\/wp-content\/uploads\/2021\/03\/EnergieSchweiz.jpg\" alt=\"SwissEnergy\" width=\"680\" height=\"437\" \/><figcaption id=\"caption-attachment-3986\" class=\"wp-caption-text\">I singoli argomenti possono essere trovati rapidamente sul nuovo sito web. \u00a9 SwissEnergy<\/figcaption><\/figure>\n<p>Il nuovo sito web <a href=\"\/\/www.energieschweiz.ch\">www.energieschweiz.ch<\/a> \u00e8 la pi\u00f9 importante piattaforma di pubblicazione di SwissEnergy. Contiene informazioni e consigli per i privati, le aziende e il settore pubblico sulla loro strada verso un uso efficiente e sostenibile dell'energia. Secondo l'Ufficio federale dell'energia, il nuovo sito web guida gli utenti in modo intuitivo attraverso i vari argomenti (vedi illustrazione).<\/p>\n<p><strong>Design ridotto<\/strong><\/p>\n<p>La nuova immagine \u00e8 ridotta, uniforme e rigorosa, scrive l'UFE. Trasmette i valori del marchio SwissEnergy di neutralit\u00e0, fiducia, professionalit\u00e0 e pertinenza. L'implementazione visiva si basa sui \"principi guida\" di personale, innovativo, dinamico e sostenibile.<\/p>\n<p><strong>Strategia del programma dal 2021 al 2030<\/strong><\/p>\n<p>Con la strategia di programma per il nuovo decennio 2021-2030, il programma SvizzeraEnergia pu\u00f2 essere gestito in modo pi\u00f9 flessibile e quindi adattarsi meglio alle maggiori dinamiche del mercato energetico, come sottolinea l'UFE. Il contenuto sar\u00e0 focalizzato e le precedenti priorit\u00e0 saranno sostituite da tre campi d'azione prioritari:<\/p>\n<ul>\n<li>Efficienza degli edifici ed energie rinnovabili per le famiglie<br \/>\n(cfr. capitolo 3 della strategia del programma)<\/li>\n<li>Mobilit\u00e0 delle famiglie e delle imprese private<br \/>\n(cfr. capitolo 4 della strategia del programma)<\/li>\n<li>Impianti e processi nell'industria e nei servizi<br \/>\n(cfr. capitolo 5 della strategia del programma)<\/li>\n<\/ul>\n<p>Secondo l'UFE, queste tre aree sono responsabili del 74% del consumo finale di energia della Svizzera. Almeno tre quarti del budget totale di SvizzeraEnergia dovrebbero essere utilizzati per misure in questi tre campi d'azione. Nel 2021, il budget totale \u00e8 di 43,5 milioni di franchi svizzeri.<\/p>\n<p>Oltre ai campi d'azione prioritari, ci sono altri campi d'azione e questioni trasversali. Questi includono, tra gli altri, i settori delle reti e dello stoccaggio, dell'educazione e della formazione, delle citt\u00e0 e dei comuni, della comunicazione, della cooperazione con il programma climatico dell'Ufficio federale dell'ambiente e della digitalizzazione, conclude il comunicato stampa.<\/p>\n<p><em>Fonte: UFE<\/em><\/p>\n<p>&nbsp;<\/p>\n<p>&nbsp;<\/p>","protected":false},"excerpt":{"rendered":"<p>Die neue Website www.energieschweiz.ch ist die wichtigste Publikationsplattform von EnergieSchweiz. Sie enth\u00e4lt Informationen und Beratungsangebote f\u00fcr Privatpersonen, Unternehmen und die \u00f6ffentliche Hand auf ihrem Weg zu einem effizienten und nachhaltigen Umgang mit Energie. Die neue Website f\u00fchre die Nutzerinnen und Nutzer intuitiv durch die verschiedenen Themen, so das Bundesamt f\u00fcr Energie (siehe Abbildung). Reduziertes Design [&hellip;]<\/p>\n","protected":false},"author":6,"featured_media":9780,"comment_status":"closed","ping_status":"closed","sticky":false,"template":"","format":"standard","meta":{"_acf_changed":false,"_yoast_wpseo_focuskw":"EnergieSchweiz","_yoast_wpseo_metadesc":"EnergieSchweiz startet eine neue Programmstrategie, eine neue, benutzerfreundliche Website und ein frisches Erscheinungsbild.","articlekey":"","footnotes":""},"categories":[580],"tags":[1082,1829],"class_list":["post-10263","post","type-post","status-publish","format-standard","has-post-thumbnail","hentry","category-sustainability","tag-energieschweiz","tag-neue-website"],"acf":[],"yoast_head":"<!-- This site is optimized with the Yoast SEO plugin v27.5 - https:\/\/yoast.com\/product\/yoast-seo-wordpress\/ -->\n<title>EnergieSchweiz: neue Website und neues Erscheinungsbild - Organisator<\/title>\n<meta name=\"description\" content=\"EnergieSchweiz startet eine neue Programmstrategie, eine neue, benutzerfreundliche Website und ein frisches Erscheinungsbild.\" \/>\n<meta name=\"robots\" content=\"index, follow, max-snippet:-1, max-image-preview:large, max-video-preview:-1\" \/>\n<link rel=\"canonical\" href=\"https:\/\/www.organisator.ch\/it\/sostenibilita\/2021-03-23\/energieschweiz-neue-website-und-neues-erscheinungsbild\/\" \/>\n<meta property=\"og:locale\" content=\"it_IT\" \/>\n<meta property=\"og:type\" content=\"article\" \/>\n<meta property=\"og:title\" content=\"EnergieSchweiz: neue Website und neues Erscheinungsbild - Organisator\" \/>\n<meta property=\"og:description\" content=\"EnergieSchweiz startet eine neue Programmstrategie, eine neue, benutzerfreundliche Website und ein frisches Erscheinungsbild.\" \/>\n<meta property=\"og:url\" content=\"https:\/\/www.organisator.ch\/it\/sostenibilita\/2021-03-23\/energieschweiz-neue-website-und-neues-erscheinungsbild\/\" \/>\n<meta property=\"og:site_name\" content=\"Organisator\" \/>\n<meta property=\"article:publisher\" content=\"https:\/\/www.facebook.com\/OrganisatorFachmagazin\" \/>\n<meta property=\"article:published_time\" content=\"2021-03-23T08:29:39+00:00\" \/>\n<meta property=\"article:modified_time\" content=\"2022-02-09T10:06:09+00:00\" \/>\n<meta property=\"og:image\" content=\"https:\/\/www.organisator.ch\/wp-content\/uploads\/2021\/03\/EnergieSchweiz.jpg\" \/>\n\t<meta property=\"og:image:width\" content=\"1083\" \/>\n\t<meta property=\"og:image:height\" content=\"696\" \/>\n\t<meta property=\"og:image:type\" content=\"image\/jpeg\" \/>\n<meta name=\"author\" content=\"roger.straessle\" \/>\n<meta name=\"twitter:card\" content=\"summary_large_image\" \/>\n<script type=\"application\/ld+json\" class=\"yoast-schema-graph\">{\"@context\":\"https:\\\/\\\/schema.org\",\"@graph\":[{\"@type\":\"Article\",\"@id\":\"https:\\\/\\\/www.organisator.ch\\\/sustainability\\\/2021-03-23\\\/energieschweiz-neue-website-und-neues-erscheinungsbild\\\/#article\",\"isPartOf\":{\"@id\":\"https:\\\/\\\/www.organisator.ch\\\/sustainability\\\/2021-03-23\\\/energieschweiz-neue-website-und-neues-erscheinungsbild\\\/\"},\"author\":{\"name\":\"roger.straessle\",\"@id\":\"https:\\\/\\\/www.organisator.ch\\\/#\\\/schema\\\/person\\\/a800b8c54e208b160517a7dcc323161d\"},\"headline\":\"EnergieSchweiz: neue Website und neues Erscheinungsbild\",\"datePublished\":\"2021-03-23T08:29:39+00:00\",\"dateModified\":\"2022-02-09T10:06:09+00:00\",\"mainEntityOfPage\":{\"@id\":\"https:\\\/\\\/www.organisator.ch\\\/sustainability\\\/2021-03-23\\\/energieschweiz-neue-website-und-neues-erscheinungsbild\\\/\"},\"wordCount\":301,\"publisher\":{\"@id\":\"https:\\\/\\\/www.organisator.ch\\\/#organization\"},\"image\":{\"@id\":\"https:\\\/\\\/www.organisator.ch\\\/sustainability\\\/2021-03-23\\\/energieschweiz-neue-website-und-neues-erscheinungsbild\\\/#primaryimage\"},\"thumbnailUrl\":\"https:\\\/\\\/www.organisator.ch\\\/wp-content\\\/uploads\\\/2021\\\/03\\\/EnergieSchweiz.jpg\",\"keywords\":[\"EnergieSchweiz\",\"neue Website\"],\"articleSection\":[\"SUSTAINABILITY\"],\"inLanguage\":\"it-IT\"},{\"@type\":\"WebPage\",\"@id\":\"https:\\\/\\\/www.organisator.ch\\\/sustainability\\\/2021-03-23\\\/energieschweiz-neue-website-und-neues-erscheinungsbild\\\/\",\"url\":\"https:\\\/\\\/www.organisator.ch\\\/sustainability\\\/2021-03-23\\\/energieschweiz-neue-website-und-neues-erscheinungsbild\\\/\",\"name\":\"EnergieSchweiz: neue Website und neues Erscheinungsbild - Organisator\",\"isPartOf\":{\"@id\":\"https:\\\/\\\/www.organisator.ch\\\/#website\"},\"primaryImageOfPage\":{\"@id\":\"https:\\\/\\\/www.organisator.ch\\\/sustainability\\\/2021-03-23\\\/energieschweiz-neue-website-und-neues-erscheinungsbild\\\/#primaryimage\"},\"image\":{\"@id\":\"https:\\\/\\\/www.organisator.ch\\\/sustainability\\\/2021-03-23\\\/energieschweiz-neue-website-und-neues-erscheinungsbild\\\/#primaryimage\"},\"thumbnailUrl\":\"https:\\\/\\\/www.organisator.ch\\\/wp-content\\\/uploads\\\/2021\\\/03\\\/EnergieSchweiz.jpg\",\"datePublished\":\"2021-03-23T08:29:39+00:00\",\"dateModified\":\"2022-02-09T10:06:09+00:00\",\"description\":\"EnergieSchweiz startet eine neue Programmstrategie, eine neue, benutzerfreundliche Website und ein frisches Erscheinungsbild.\",\"breadcrumb\":{\"@id\":\"https:\\\/\\\/www.organisator.ch\\\/sustainability\\\/2021-03-23\\\/energieschweiz-neue-website-und-neues-erscheinungsbild\\\/#breadcrumb\"},\"inLanguage\":\"it-IT\",\"potentialAction\":[{\"@type\":\"ReadAction\",\"target\":[\"https:\\\/\\\/www.organisator.ch\\\/sustainability\\\/2021-03-23\\\/energieschweiz-neue-website-und-neues-erscheinungsbild\\\/\"]}]},{\"@type\":\"ImageObject\",\"inLanguage\":\"it-IT\",\"@id\":\"https:\\\/\\\/www.organisator.ch\\\/sustainability\\\/2021-03-23\\\/energieschweiz-neue-website-und-neues-erscheinungsbild\\\/#primaryimage\",\"url\":\"https:\\\/\\\/www.organisator.ch\\\/wp-content\\\/uploads\\\/2021\\\/03\\\/EnergieSchweiz.jpg\",\"contentUrl\":\"https:\\\/\\\/www.organisator.ch\\\/wp-content\\\/uploads\\\/2021\\\/03\\\/EnergieSchweiz.jpg\",\"width\":1083,\"height\":696,\"caption\":\"Die verschiedenen Themen sind auf der neuen Website schnell gefunden. \u00a9 EnergieSchweiz\"},{\"@type\":\"BreadcrumbList\",\"@id\":\"https:\\\/\\\/www.organisator.ch\\\/sustainability\\\/2021-03-23\\\/energieschweiz-neue-website-und-neues-erscheinungsbild\\\/#breadcrumb\",\"itemListElement\":[{\"@type\":\"ListItem\",\"position\":1,\"name\":\"Home\",\"item\":\"https:\\\/\\\/www.organisator.ch\\\/\"},{\"@type\":\"ListItem\",\"position\":2,\"name\":\"EnergieSchweiz: neue Website und neues Erscheinungsbild\"}]},{\"@type\":\"WebSite\",\"@id\":\"https:\\\/\\\/www.organisator.ch\\\/#website\",\"url\":\"https:\\\/\\\/www.organisator.ch\\\/\",\"name\":\"Organisator\",\"description\":\"Kompetent. Praxisnah. Der ORGANISATOR bereitet in 10 Ausgaben pro Jahr die wesentlichen Themen f\u00fcr F\u00fchrungskr\u00e4fte von KMU auf.\",\"publisher\":{\"@id\":\"https:\\\/\\\/www.organisator.ch\\\/#organization\"},\"potentialAction\":[{\"@type\":\"SearchAction\",\"target\":{\"@type\":\"EntryPoint\",\"urlTemplate\":\"https:\\\/\\\/www.organisator.ch\\\/?s={search_term_string}\"},\"query-input\":{\"@type\":\"PropertyValueSpecification\",\"valueRequired\":true,\"valueName\":\"search_term_string\"}}],\"inLanguage\":\"it-IT\"},{\"@type\":\"Organization\",\"@id\":\"https:\\\/\\\/www.organisator.ch\\\/#organization\",\"name\":\"Organisator\",\"url\":\"https:\\\/\\\/www.organisator.ch\\\/\",\"logo\":{\"@type\":\"ImageObject\",\"inLanguage\":\"it-IT\",\"@id\":\"https:\\\/\\\/www.organisator.ch\\\/#\\\/schema\\\/logo\\\/image\\\/\",\"url\":\"https:\\\/\\\/www.organisator.ch\\\/wp-content\\\/uploads\\\/2022\\\/01\\\/Logo_Organisator_Website.png\",\"contentUrl\":\"https:\\\/\\\/www.organisator.ch\\\/wp-content\\\/uploads\\\/2022\\\/01\\\/Logo_Organisator_Website.png\",\"width\":800,\"height\":77,\"caption\":\"Organisator\"},\"image\":{\"@id\":\"https:\\\/\\\/www.organisator.ch\\\/#\\\/schema\\\/logo\\\/image\\\/\"},\"sameAs\":[\"https:\\\/\\\/www.facebook.com\\\/OrganisatorFachmagazin\",\"https:\\\/\\\/www.linkedin.com\\\/showcase\\\/organisator-das-magazin-fr-kmu\",\"https:\\\/\\\/www.xing.com\\\/news\\\/pages\\\/organisator-ch-695\",\"https:\\\/\\\/www.youtube.com\\\/channel\\\/UCGP2Sq0iWaZwT3BdIAQFYpw\"]},{\"@type\":\"Person\",\"@id\":\"https:\\\/\\\/www.organisator.ch\\\/#\\\/schema\\\/person\\\/a800b8c54e208b160517a7dcc323161d\",\"name\":\"roger.straessle\",\"image\":{\"@type\":\"ImageObject\",\"inLanguage\":\"it-IT\",\"@id\":\"https:\\\/\\\/secure.gravatar.com\\\/avatar\\\/?s=96&d=mm&r=g\",\"url\":\"https:\\\/\\\/secure.gravatar.com\\\/avatar\\\/?s=96&d=mm&r=g\",\"contentUrl\":\"https:\\\/\\\/secure.gravatar.com\\\/avatar\\\/?s=96&d=mm&r=g\",\"caption\":\"roger.straessle\"},\"url\":\"https:\\\/\\\/www.organisator.ch\\\/it\\\/author\\\/roger-straessle\\\/\"}]}<\/script>\n<!-- \/ Yoast SEO plugin. -->","yoast_head_json":{"title":"SwissEnergy: nuovo sito web e nuova immagine - Organizzatore","description":"SwissEnergy lancia una nuova strategia di programma, un nuovo sito web di facile consultazione e una nuova immagine.","robots":{"index":"index","follow":"follow","max-snippet":"max-snippet:-1","max-image-preview":"max-image-preview:large","max-video-preview":"max-video-preview:-1"},"canonical":"https:\/\/www.organisator.ch\/it\/sostenibilita\/2021-03-23\/energieschweiz-neue-website-und-neues-erscheinungsbild\/","og_locale":"it_IT","og_type":"article","og_title":"EnergieSchweiz: neue Website und neues Erscheinungsbild - Organisator","og_description":"EnergieSchweiz startet eine neue Programmstrategie, eine neue, benutzerfreundliche Website und ein frisches Erscheinungsbild.","og_url":"https:\/\/www.organisator.ch\/it\/sostenibilita\/2021-03-23\/energieschweiz-neue-website-und-neues-erscheinungsbild\/","og_site_name":"Organisator","article_publisher":"https:\/\/www.facebook.com\/OrganisatorFachmagazin","article_published_time":"2021-03-23T08:29:39+00:00","article_modified_time":"2022-02-09T10:06:09+00:00","og_image":[{"width":1083,"height":696,"url":"https:\/\/www.organisator.ch\/wp-content\/uploads\/2021\/03\/EnergieSchweiz.jpg","type":"image\/jpeg"}],"author":"roger.straessle","twitter_card":"summary_large_image","schema":{"@context":"https:\/\/schema.org","@graph":[{"@type":"Article","@id":"https:\/\/www.organisator.ch\/sustainability\/2021-03-23\/energieschweiz-neue-website-und-neues-erscheinungsbild\/#article","isPartOf":{"@id":"https:\/\/www.organisator.ch\/sustainability\/2021-03-23\/energieschweiz-neue-website-und-neues-erscheinungsbild\/"},"author":{"name":"roger.straessle","@id":"https:\/\/www.organisator.ch\/#\/schema\/person\/a800b8c54e208b160517a7dcc323161d"},"headline":"EnergieSchweiz: neue Website und neues Erscheinungsbild","datePublished":"2021-03-23T08:29:39+00:00","dateModified":"2022-02-09T10:06:09+00:00","mainEntityOfPage":{"@id":"https:\/\/www.organisator.ch\/sustainability\/2021-03-23\/energieschweiz-neue-website-und-neues-erscheinungsbild\/"},"wordCount":301,"publisher":{"@id":"https:\/\/www.organisator.ch\/#organization"},"image":{"@id":"https:\/\/www.organisator.ch\/sustainability\/2021-03-23\/energieschweiz-neue-website-und-neues-erscheinungsbild\/#primaryimage"},"thumbnailUrl":"https:\/\/www.organisator.ch\/wp-content\/uploads\/2021\/03\/EnergieSchweiz.jpg","keywords":["EnergieSchweiz","neue Website"],"articleSection":["SUSTAINABILITY"],"inLanguage":"it-IT"},{"@type":"WebPage","@id":"https:\/\/www.organisator.ch\/sustainability\/2021-03-23\/energieschweiz-neue-website-und-neues-erscheinungsbild\/","url":"https:\/\/www.organisator.ch\/sustainability\/2021-03-23\/energieschweiz-neue-website-und-neues-erscheinungsbild\/","name":"SwissEnergy: nuovo sito web e nuova immagine - Organizzatore","isPartOf":{"@id":"https:\/\/www.organisator.ch\/#website"},"primaryImageOfPage":{"@id":"https:\/\/www.organisator.ch\/sustainability\/2021-03-23\/energieschweiz-neue-website-und-neues-erscheinungsbild\/#primaryimage"},"image":{"@id":"https:\/\/www.organisator.ch\/sustainability\/2021-03-23\/energieschweiz-neue-website-und-neues-erscheinungsbild\/#primaryimage"},"thumbnailUrl":"https:\/\/www.organisator.ch\/wp-content\/uploads\/2021\/03\/EnergieSchweiz.jpg","datePublished":"2021-03-23T08:29:39+00:00","dateModified":"2022-02-09T10:06:09+00:00","description":"SwissEnergy lancia una nuova strategia di programma, un nuovo sito web di facile consultazione e una nuova immagine.","breadcrumb":{"@id":"https:\/\/www.organisator.ch\/sustainability\/2021-03-23\/energieschweiz-neue-website-und-neues-erscheinungsbild\/#breadcrumb"},"inLanguage":"it-IT","potentialAction":[{"@type":"ReadAction","target":["https:\/\/www.organisator.ch\/sustainability\/2021-03-23\/energieschweiz-neue-website-und-neues-erscheinungsbild\/"]}]},{"@type":"ImageObject","inLanguage":"it-IT","@id":"https:\/\/www.organisator.ch\/sustainability\/2021-03-23\/energieschweiz-neue-website-und-neues-erscheinungsbild\/#primaryimage","url":"https:\/\/www.organisator.ch\/wp-content\/uploads\/2021\/03\/EnergieSchweiz.jpg","contentUrl":"https:\/\/www.organisator.ch\/wp-content\/uploads\/2021\/03\/EnergieSchweiz.jpg","width":1083,"height":696,"caption":"Die verschiedenen Themen sind auf der neuen Website schnell gefunden. \u00a9 EnergieSchweiz"},{"@type":"BreadcrumbList","@id":"https:\/\/www.organisator.ch\/sustainability\/2021-03-23\/energieschweiz-neue-website-und-neues-erscheinungsbild\/#breadcrumb","itemListElement":[{"@type":"ListItem","position":1,"name":"Home","item":"https:\/\/www.organisator.ch\/"},{"@type":"ListItem","position":2,"name":"EnergieSchweiz: neue Website und neues Erscheinungsbild"}]},{"@type":"WebSite","@id":"https:\/\/www.organisator.ch\/#website","url":"https:\/\/www.organisator.ch\/","name":"Organizzatore","description":"Competente. Pratico. In 10 numeri all'anno, ORGANISATOR presenta i temi essenziali per i manager delle PMI.","publisher":{"@id":"https:\/\/www.organisator.ch\/#organization"},"potentialAction":[{"@type":"SearchAction","target":{"@type":"EntryPoint","urlTemplate":"https:\/\/www.organisator.ch\/?s={search_term_string}"},"query-input":{"@type":"PropertyValueSpecification","valueRequired":true,"valueName":"search_term_string"}}],"inLanguage":"it-IT"},{"@type":"Organization","@id":"https:\/\/www.organisator.ch\/#organization","name":"Organizzatore","url":"https:\/\/www.organisator.ch\/","logo":{"@type":"ImageObject","inLanguage":"it-IT","@id":"https:\/\/www.organisator.ch\/#\/schema\/logo\/image\/","url":"https:\/\/www.organisator.ch\/wp-content\/uploads\/2022\/01\/Logo_Organisator_Website.png","contentUrl":"https:\/\/www.organisator.ch\/wp-content\/uploads\/2022\/01\/Logo_Organisator_Website.png","width":800,"height":77,"caption":"Organisator"},"image":{"@id":"https:\/\/www.organisator.ch\/#\/schema\/logo\/image\/"},"sameAs":["https:\/\/www.facebook.com\/OrganisatorFachmagazin","https:\/\/www.linkedin.com\/showcase\/organisator-das-magazin-fr-kmu","https:\/\/www.xing.com\/news\/pages\/organisator-ch-695","https:\/\/www.youtube.com\/channel\/UCGP2Sq0iWaZwT3BdIAQFYpw"]},{"@type":"Person","@id":"https:\/\/www.organisator.ch\/#\/schema\/person\/a800b8c54e208b160517a7dcc323161d","name":"roger.straessle","image":{"@type":"ImageObject","inLanguage":"it-IT","@id":"https:\/\/secure.gravatar.com\/avatar\/?s=96&d=mm&r=g","url":"https:\/\/secure.gravatar.com\/avatar\/?s=96&d=mm&r=g","contentUrl":"https:\/\/secure.gravatar.com\/avatar\/?s=96&d=mm&r=g","caption":"roger.straessle"},"url":"https:\/\/www.organisator.ch\/it\/author\/roger-straessle\/"}]}},"_links":{"self":[{"href":"https:\/\/www.organisator.ch\/it\/wp-json\/wp\/v2\/posts\/10263","targetHints":{"allow":["GET"]}}],"collection":[{"href":"https:\/\/www.organisator.ch\/it\/wp-json\/wp\/v2\/posts"}],"about":[{"href":"https:\/\/www.organisator.ch\/it\/wp-json\/wp\/v2\/types\/post"}],"author":[{"embeddable":true,"href":"https:\/\/www.organisator.ch\/it\/wp-json\/wp\/v2\/users\/6"}],"replies":[{"embeddable":true,"href":"https:\/\/www.organisator.ch\/it\/wp-json\/wp\/v2\/comments?post=10263"}],"version-history":[{"count":1,"href":"https:\/\/www.organisator.ch\/it\/wp-json\/wp\/v2\/posts\/10263\/revisions"}],"predecessor-version":[{"id":10491,"href":"https:\/\/www.organisator.ch\/it\/wp-json\/wp\/v2\/posts\/10263\/revisions\/10491"}],"wp:featuredmedia":[{"embeddable":true,"href":"https:\/\/www.organisator.ch\/it\/wp-json\/wp\/v2\/media\/9780"}],"wp:attachment":[{"href":"https:\/\/www.organisator.ch\/it\/wp-json\/wp\/v2\/media?parent=10263"}],"wp:term":[{"taxonomy":"category","embeddable":true,"href":"https:\/\/www.organisator.ch\/it\/wp-json\/wp\/v2\/categories?post=10263"},{"taxonomy":"post_tag","embeddable":true,"href":"https:\/\/www.organisator.ch\/it\/wp-json\/wp\/v2\/tags?post=10263"}],"curies":[{"name":"wp","href":"https:\/\/api.w.org\/{rel}","templated":true}]}}