{"id":10265,"date":"2021-04-06T18:09:27","date_gmt":"2021-04-06T16:09:27","guid":{"rendered":"https:\/\/www.umweltperspektiven.ch\/?p=4038"},"modified":"2022-02-09T11:06:09","modified_gmt":"2022-02-09T10:06:09","slug":"rekordzuwachs-bei-strom-aus-erneuerbaren","status":"publish","type":"post","link":"https:\/\/www.organisator.ch\/it\/sustainability\/2021-04-06\/rekordzuwachs-bei-strom-aus-erneuerbaren\/","title":{"rendered":"Crescita record dell'elettricit\u00e0 da fonti rinnovabili"},"content":{"rendered":"<figure id=\"attachment_4039\" aria-describedby=\"caption-attachment-4039\" style=\"width: 680px\" class=\"wp-caption aligncenter\"><img loading=\"lazy\" decoding=\"async\" class=\"size-medium wp-image-4039\" src=\"\/\/www.umweltperspektiven.ch\/wp-content\/uploads\/2021\/04\/Depositphotos_12736170_s-2019.jpg\" alt=\"\" width=\"680\" height=\"468\" srcset=\"https:\/\/www.organisator.ch\/wp-content\/uploads\/2021\/04\/Depositphotos_12736170_s-2019.jpg 999w, https:\/\/www.organisator.ch\/wp-content\/uploads\/2021\/04\/Depositphotos_12736170_s-2019-680x468.jpg 680w, https:\/\/www.organisator.ch\/wp-content\/uploads\/2021\/04\/Depositphotos_12736170_s-2019-768x529.jpg 768w, https:\/\/www.organisator.ch\/wp-content\/uploads\/2021\/04\/Depositphotos_12736170_s-2019-18x12.jpg 18w, https:\/\/www.organisator.ch\/wp-content\/uploads\/2021\/04\/Depositphotos_12736170_s-2019-254x175.jpg 254w, https:\/\/www.organisator.ch\/wp-content\/uploads\/2021\/04\/Depositphotos_12736170_s-2019-508x350.jpg 508w, https:\/\/www.organisator.ch\/wp-content\/uploads\/2021\/04\/Depositphotos_12736170_s-2019-920x634.jpg 920w, https:\/\/www.organisator.ch\/wp-content\/uploads\/2021\/04\/Depositphotos_12736170_s-2019-300x207.jpg 300w\" sizes=\"auto, (max-width: 680px) 100vw, 680px\" \/><figcaption id=\"caption-attachment-4039\" class=\"wp-caption-text\">\u00a9 Depositphotos, eyematrix<\/figcaption><\/figure>\n<p>&nbsp;<\/p>\n<p>La crescita della capacit\u00e0 globale di energia rinnovabile nel 2020 ha superato le stime precedenti e tutti i record precedenti, nonostante la recessione economica causata dalla pandemia del Covid 19. Questo secondo l'Agenzia internazionale per le energie rinnovabili (IRENA). Secondo i dati che ha appena pubblicato, pi\u00f9 di 260 gigawatt (GW) di capacit\u00e0 di energia rinnovabile sono stati aggiunti in tutto il mondo l'anno scorso. Ci\u00f2 significa che l'aumento di capacit\u00e0 nel 2019 \u00e8 stato superato di quasi 50 %.<\/p>\n<p><strong>91% sono rappresentati dall'energia solare ed eolica<\/strong><\/p>\n<p>Dall'annuale <a href=\"\/\/u7061146.ct.sendgrid.net\/ls\/click?upn=4tNED-2FM8iDZJQyQ53jATUfAopayHhXixSfKYFDzK2Zn0byucDD7NKAcaXIX6Sxx3ELybTA0un02EBnpgMN7eZhV7lVHWBlyzL2RuaIMhaSDPB3wdDF6HgAMhbGaCugwlHq-U_TCZ3FQTm-2Beo2X3vwx2Homw0sknNUn-2FwGk1O82R6mTjIPU7SqLnHq6oRVyM-2BfOgUa8C3IEWoqyr6yhYGbya6mHAB2tS3-2BESi0d2psRhpbS9h99f0vMr-2FzAogOqu3e-2FQPBAXsdzXbPtNgqV-2F9nRWBRGsh2NlJrnRGr7E7ai0lc40SO4FphthWAJ-2B1jhp2zH6bAEv0PAPoQLvx00e3BZd-2BSad3e3SS9TQPIB6L-2BryD8bJXecpG0RQcvekJuQDWO3omqAvd7Eee3kR4prPkRbnhBz5JqXaJR25aCGZ46BwAkBozxKrWEAY3OiU8S8e7q2aQgAICqeneUR4Qwi1-2BvtgWAy-2F2sYyaY8xqenwSUew01IVw-3D\">Statistiche sulla capacit\u00e0 rinnovabile 2021<\/a> dall'IRENA mostra che la quota di energie rinnovabili nel totale della nuova capacit\u00e0 di generazione di energia \u00e8 aumentata significativamente per il secondo anno di fila. Pi\u00f9 di 80% di nuova capacit\u00e0 elettrica aggiunta l'anno scorso proveniva dalle rinnovabili, con 91% di quella proveniente dal solare e dal vento, dice.<\/p>\n<p>La quota crescente delle rinnovabili \u00e8 in parte dovuta ai ritiri netti della produzione di combustibili fossili in Europa, Nord America e, per la prima volta, in Eurasia (Armenia, Azerbaijan, Georgia, Federazione Russa e Turchia). Le aggiunte totali dai combustibili fossili sono scese da 64 GW nell'anno precedente a 60 GW nel 2020, illustrando la continua tendenza al ribasso dei combustibili fossili.<\/p>\n<p>\"Nonostante i tempi difficili, il 2020 segna l'inizio del decennio delle energie rinnovabili\", ha detto il direttore generale di IRENA Francesco La Camera. \"I costi stanno scendendo, i mercati delle tecnologie pulite stanno crescendo e i benefici della transizione energetica non sono mai stati cos\u00ec chiari. La tendenza \u00e8 inarrestabile, ma come l'anteprima del nostro <a href=\"\/\/u7061146.ct.sendgrid.net\/ls\/click?upn=4tNED-2FM8iDZJQyQ53jATUSB66QhSS2jxwDmITfXwDY0Olu72v7LHEyiwlSoJvlohidT2UReHPDA5sI0TObE9r2Tf4cmyQByGisQjs5-2FQGv0YQvLRz7-2BK5EmaaMrByzxAB15y_TCZ3FQTm-2Beo2X3vwx2Homw0sknNUn-2FwGk1O82R6mTjIPU7SqLnHq6oRVyM-2BfOgUa8C3IEWoqyr6yhYGbya6mHAB2tS3-2BESi0d2psRhpbS9h99f0vMr-2FzAogOqu3e-2FQPBAXsdzXbPtNgqV-2F9nRWBRGsh2NlJrnRGr7E7ai0lc40SO4FphthWAJ-2B1jhp2zH6bAEv0PAPoQLvx00e3BZd-2BSaVgHQZAyJ0RA-2BKk07PGwtII-2FrmQf8AdFj44gi4iAEZJaQkMGprsnHXo1Uc-2FGwaSI9Wo27tGi3tzX9ZidjFrWjzJ-2BxGc59mv6S5MPoPlUhUGx5yxaqE7aDEFZY0OLkzr0y4xH08ue9s-2BErgyiQFRFxgI-3D\">Prospettive delle transizioni energetiche mondiali<\/a> ha dimostrato che c'\u00e8 ancora molto da fare. La nostra previsione di 1,5 gradi Celsius mostra che i significativi investimenti energetici pianificati devono essere reindirizzati per sostenere la transizione energetica e raggiungere gli obiettivi del 2050. In questo decennio critico di azione, la comunit\u00e0 internazionale deve guardare a questa tendenza per ispirarsi ad andare avanti\".<\/p>\n<p><strong>Nel complesso, l'energia idroelettrica domina ancora<\/strong><\/p>\n<p>L'aumento di 10,3% nella capacit\u00e0 installata rappresenta un'espansione che supera la tendenza a lungo termine di una crescita annuale pi\u00f9 moderata, scrive l'agenzia dell'energia nel suo comunicato stampa. Alla fine del 2020, la capacit\u00e0 globale di generazione da energie rinnovabili ammonterebbe a 2.799 GW. L'energia idroelettrica rappresenta ancora la quota maggiore (1.211 GW), anche se l'energia solare ed eolica stanno recuperando velocemente. Le due fonti variabili di energia rinnovabile dominano le aggiunte di capacit\u00e0 nel 2020, con 127 GW e 111 GW di nuovi impianti solari ed eolici, rispettivamente.<\/p>\n<p>La Cina e gli Stati Uniti sono stati i due mercati in crescita nel 2020, scrive ancora IRENA. La Cina, gi\u00e0 il pi\u00f9 grande mercato di energia rinnovabile del mondo, ha aggiunto 136 GW l'anno scorso, con 72 GW di vento e 49 GW di energia solare che rappresentano la maggior parte, ha detto. Ha detto che gli Stati Uniti hanno installato 29GW di energie rinnovabili l'anno scorso, quasi 80% in pi\u00f9 rispetto al 2019, compresi 15GW di solare e circa 14GW di eolico. L'Africa ha visto un'espansione costante con un aumento di 2,6 GW, leggermente superiore a quello del 2019, mentre l'Oceania \u00e8 rimasta la regione in pi\u00f9 rapida crescita (+18,4 %), anche se la sua quota di capacit\u00e0 globale era piccola e l'espansione era quasi interamente guidata dall'Australia.<\/p>\n<p><strong>Dati chiave per tecnologia<\/strong><\/p>\n<p><strong><em>Energia idroelettrica:<\/em><\/strong> La crescita dell'energia idroelettrica si \u00e8 ripresa nel 2020 dopo che la messa in servizio di diversi grandi progetti \u00e8 stata ritardata nel 2019. La Cina ha aggiunto 12 GW, seguita dalla Turchia con 2,5 GW.<\/p>\n<p>Energia eolica: le aggiunte di capacit\u00e0 eolica sono quasi raddoppiate nel 2020 rispetto al 2019 (111 GW rispetto ai 58 GW dell'anno scorso). La Cina ha aggiunto 72 GW, seguita dagli Stati Uniti (14 GW). Altri dieci paesi hanno aumentato la loro capacit\u00e0 eolica di pi\u00f9 di 1 GW nel 2020. La quota di turbine eoliche offshore nella capacit\u00e0 eolica totale \u00e8 aumentata a circa 5 % nel 2020.<\/p>\n<p><strong><em>Energia solare:<\/em><\/strong> La capacit\u00e0 totale dell'energia solare \u00e8 ora approssimativamente alla pari con l'energia eolica, soprattutto a causa dell'espansione in Asia (78 GW) nel 2020. I maggiori aumenti di capacit\u00e0 sono stati visti in Cina (49 GW) e Vietnam (11 GW). Anche il Giappone \u00e8 aumentato di pi\u00f9 di 5 GW e l'India e la Repubblica di Corea hanno aumentato la loro capacit\u00e0 di energia solare di pi\u00f9 di 4 GW. Gli Stati Uniti sono aumentati di 15 GW.<\/p>\n<p><strong><em>Bioenergia:<\/em><\/strong> Le aggiunte nette di capacit\u00e0 sono diminuite della met\u00e0 nel 2020 (2,5 GW rispetto a 6,4 GW nel 2019). La Cina ha ampliato la sua capacit\u00e0 di bioenergia di oltre 2 GW. L'Europa, l'unica altra regione con un'espansione significativa nel 2020, ha aggiunto 1,2 GW di capacit\u00e0 bioenergetica, simile al 2019.<\/p>\n<p>Geotermico: espansione della capacit\u00e0 molto piccola nel 2020. La Turchia ha aumentato la sua capacit\u00e0 di 99 MW. Espansioni minori in Nuova Zelanda, Stati Uniti e Italia.<\/p>\n<p><strong><em>Alimentazione off-grid:<\/em><\/strong> La capacit\u00e0 off-grid \u00e8 cresciuta di 365 MW (2 %) nel 2020, raggiungendo 10,6 GW. L'energia solare \u00e8 cresciuta di 250 MW a 4,3 GW e l'energia idroelettrica \u00e8 rimasta ferma a circa 1,8 GW.<\/p>\n<p><em>Fonte: <a href=\"\/\/www.irena.org\">IRENA<\/a><\/em><\/p>\n<p>&nbsp;<\/p>\n<blockquote><p><strong>Record solare in Svizzera<\/strong><\/p>\n<p>Swissolar, l'associazione svizzera per l'energia solare, si aspetta un nuovo record nella costruzione di impianti fotovoltaici nel 2020. Rispetto all'anno precedente, la crescita sar\u00e0 almeno 30%, secondo l'associazione. Tuttavia, per raggiungere gli obiettivi di politica climatica ed energetica della Svizzera, l'espansione deve essere aumentata di un fattore 4 nei prossimi anni. Per raggiungere questo obiettivo, sono necessari adeguamenti delle sovvenzioni, l'obbligo di utilizzare la propria elettricit\u00e0 nei nuovi edifici e semplificazioni nella pianificazione territoriale per gli impianti a terra, soprattutto sulle infrastrutture, sottolinea Swissolar nel suo comunicato stampa.<\/p>\n<p>(Le statistiche ufficiali per le aggiunte di energia solare nel 2020 saranno disponibili nel luglio 2021).<\/p>\n<p><a href=\"\/\/www.swissolar.ch\"><em>www.swissolar.ch<\/em><\/a><\/p><\/blockquote>\n<p>&nbsp;<\/p>\n<blockquote><p><strong>Tutti gli impianti di produzione CH per clic<\/strong><\/p>\n<p>La strategia energetica 2050 prevede una trasformazione graduale del sistema energetico svizzero. Uno dei pilastri principali \u00e8 l'espansione delle energie rinnovabili. Questo pu\u00f2 ora essere presentato in modo trasparente e analizzato spazialmente usando il geodato \"impianti di produzione di elettricit\u00e0\". Su <a href=\"\/\/www.uvek-gis.admin.ch\/BFE\/storymaps\/EE_Elektrizitaetsproduktionsanlagen\/\">bfe.admin.ch\/power-production<\/a> l'Ufficio federale dell'energia mostra quindi pi\u00f9 di 110.000 impianti di produzione di elettricit\u00e0 in Svizzera. Oltre alla posizione dell'impianto, i dati mostrano anche la potenza in kilowatt (kW) e la data di messa in funzione.<\/p>\n<p>Il comune e i cantoni possono usare i dati del geobase per tracciare le aggiunte locali rispetto al loro potenziale e, se necessario, prendere misure per accelerarle.<\/p>\n<p><em>Fonte: UFE<\/em><\/p><\/blockquote>","protected":false},"excerpt":{"rendered":"<p>&nbsp; Der weltweite Kapazit\u00e4tszuwachs aus erneuerbaren Energien im Jahr 2020 \u00fcbertraf fr\u00fchere Sch\u00e4tzungen und alle bisherigen Rekorde, trotz des Konjunkturabschwungs infolge der Covid-19-Pandemie. Dies schreibt die Internationale Agentur f\u00fcr Erneuerbare Energien (IRENA). Nach den von ihr soeben ver\u00f6ffentlichten Daten wurde im vergangenen Jahr weltweit ein Kapazit\u00e4tszuwachs von mehr als 260 Gigawatt (GW) aus erneuerbaren Energien [&hellip;]<\/p>\n","protected":false},"author":6,"featured_media":4039,"comment_status":"closed","ping_status":"closed","sticky":false,"template":"","format":"standard","meta":{"_acf_changed":false,"_yoast_wpseo_focuskw":"erneuerbaren Energien","_yoast_wpseo_metadesc":"Die Kapazit\u00e4t aus erneuerbaren Energien 2020 \u00fcbertrifft global gesehen den bisherigen Rekord um fast 50 Prozent, wie die Energieagentur IRENA schreibt.","articlekey":"","footnotes":""},"categories":[580],"tags":[832,1120,1447,2143,2271,2519,2569],"class_list":["post-10265","post","type-post","status-publish","format-standard","has-post-thumbnail","hentry","category-sustainability","tag-bioenergie","tag-erneuerbare-energien","tag-irena","tag-solarenergie","tag-swissolar","tag-wasserkraft","tag-windenergie"],"acf":[],"yoast_head":"<!-- This site is optimized with the Yoast SEO plugin v27.5 - https:\/\/yoast.com\/product\/yoast-seo-wordpress\/ -->\n<title>Rekordzuwachs bei Strom aus Erneuerbaren - Organisator<\/title>\n<meta name=\"description\" content=\"Die Kapazit\u00e4t aus erneuerbaren Energien 2020 \u00fcbertrifft global gesehen den bisherigen Rekord um fast 50 Prozent, wie die Energieagentur IRENA schreibt.\" \/>\n<meta name=\"robots\" content=\"index, follow, max-snippet:-1, max-image-preview:large, max-video-preview:-1\" \/>\n<link rel=\"canonical\" href=\"https:\/\/www.organisator.ch\/it\/sostenibilita\/2021-04-06\/rekordzuwachs-bei-strom-aus-erneuerbaren\/\" \/>\n<meta property=\"og:locale\" content=\"it_IT\" \/>\n<meta property=\"og:type\" content=\"article\" \/>\n<meta property=\"og:title\" content=\"Rekordzuwachs bei Strom aus Erneuerbaren - Organisator\" \/>\n<meta property=\"og:description\" content=\"Die Kapazit\u00e4t aus erneuerbaren Energien 2020 \u00fcbertrifft global gesehen den bisherigen Rekord um fast 50 Prozent, wie die Energieagentur IRENA schreibt.\" \/>\n<meta property=\"og:url\" content=\"https:\/\/www.organisator.ch\/it\/sostenibilita\/2021-04-06\/rekordzuwachs-bei-strom-aus-erneuerbaren\/\" \/>\n<meta property=\"og:site_name\" content=\"Organisator\" \/>\n<meta property=\"article:publisher\" content=\"https:\/\/www.facebook.com\/OrganisatorFachmagazin\" \/>\n<meta property=\"article:published_time\" content=\"2021-04-06T16:09:27+00:00\" \/>\n<meta property=\"article:modified_time\" content=\"2022-02-09T10:06:09+00:00\" \/>\n<meta property=\"og:image\" content=\"https:\/\/www.organisator.ch\/wp-content\/uploads\/2021\/04\/Depositphotos_12736170_s-2019.jpg\" \/>\n\t<meta property=\"og:image:width\" content=\"999\" \/>\n\t<meta property=\"og:image:height\" content=\"688\" \/>\n\t<meta property=\"og:image:type\" content=\"image\/jpeg\" \/>\n<meta name=\"author\" content=\"roger.straessle\" \/>\n<meta name=\"twitter:card\" content=\"summary_large_image\" \/>\n<script type=\"application\/ld+json\" class=\"yoast-schema-graph\">{\"@context\":\"https:\\\/\\\/schema.org\",\"@graph\":[{\"@type\":\"Article\",\"@id\":\"https:\\\/\\\/www.organisator.ch\\\/sustainability\\\/2021-04-06\\\/rekordzuwachs-bei-strom-aus-erneuerbaren\\\/#article\",\"isPartOf\":{\"@id\":\"https:\\\/\\\/www.organisator.ch\\\/sustainability\\\/2021-04-06\\\/rekordzuwachs-bei-strom-aus-erneuerbaren\\\/\"},\"author\":{\"name\":\"roger.straessle\",\"@id\":\"https:\\\/\\\/www.organisator.ch\\\/#\\\/schema\\\/person\\\/a800b8c54e208b160517a7dcc323161d\"},\"headline\":\"Rekordzuwachs bei Strom aus Erneuerbaren\",\"datePublished\":\"2021-04-06T16:09:27+00:00\",\"dateModified\":\"2022-02-09T10:06:09+00:00\",\"mainEntityOfPage\":{\"@id\":\"https:\\\/\\\/www.organisator.ch\\\/sustainability\\\/2021-04-06\\\/rekordzuwachs-bei-strom-aus-erneuerbaren\\\/\"},\"wordCount\":990,\"publisher\":{\"@id\":\"https:\\\/\\\/www.organisator.ch\\\/#organization\"},\"image\":{\"@id\":\"https:\\\/\\\/www.organisator.ch\\\/sustainability\\\/2021-04-06\\\/rekordzuwachs-bei-strom-aus-erneuerbaren\\\/#primaryimage\"},\"thumbnailUrl\":\"https:\\\/\\\/www.organisator.ch\\\/wp-content\\\/uploads\\\/2021\\\/04\\\/Depositphotos_12736170_s-2019.jpg\",\"keywords\":[\"Bioenergie\",\"erneuerbare Energien\",\"IRENA\",\"Solarenergie\",\"Swissolar\",\"Wasserkraft\",\"Windenergie\"],\"articleSection\":[\"SUSTAINABILITY\"],\"inLanguage\":\"it-IT\"},{\"@type\":\"WebPage\",\"@id\":\"https:\\\/\\\/www.organisator.ch\\\/sustainability\\\/2021-04-06\\\/rekordzuwachs-bei-strom-aus-erneuerbaren\\\/\",\"url\":\"https:\\\/\\\/www.organisator.ch\\\/sustainability\\\/2021-04-06\\\/rekordzuwachs-bei-strom-aus-erneuerbaren\\\/\",\"name\":\"Rekordzuwachs bei Strom aus Erneuerbaren - Organisator\",\"isPartOf\":{\"@id\":\"https:\\\/\\\/www.organisator.ch\\\/#website\"},\"primaryImageOfPage\":{\"@id\":\"https:\\\/\\\/www.organisator.ch\\\/sustainability\\\/2021-04-06\\\/rekordzuwachs-bei-strom-aus-erneuerbaren\\\/#primaryimage\"},\"image\":{\"@id\":\"https:\\\/\\\/www.organisator.ch\\\/sustainability\\\/2021-04-06\\\/rekordzuwachs-bei-strom-aus-erneuerbaren\\\/#primaryimage\"},\"thumbnailUrl\":\"https:\\\/\\\/www.organisator.ch\\\/wp-content\\\/uploads\\\/2021\\\/04\\\/Depositphotos_12736170_s-2019.jpg\",\"datePublished\":\"2021-04-06T16:09:27+00:00\",\"dateModified\":\"2022-02-09T10:06:09+00:00\",\"description\":\"Die Kapazit\u00e4t aus erneuerbaren Energien 2020 \u00fcbertrifft global gesehen den bisherigen Rekord um fast 50 Prozent, wie die Energieagentur IRENA schreibt.\",\"breadcrumb\":{\"@id\":\"https:\\\/\\\/www.organisator.ch\\\/sustainability\\\/2021-04-06\\\/rekordzuwachs-bei-strom-aus-erneuerbaren\\\/#breadcrumb\"},\"inLanguage\":\"it-IT\",\"potentialAction\":[{\"@type\":\"ReadAction\",\"target\":[\"https:\\\/\\\/www.organisator.ch\\\/sustainability\\\/2021-04-06\\\/rekordzuwachs-bei-strom-aus-erneuerbaren\\\/\"]}]},{\"@type\":\"ImageObject\",\"inLanguage\":\"it-IT\",\"@id\":\"https:\\\/\\\/www.organisator.ch\\\/sustainability\\\/2021-04-06\\\/rekordzuwachs-bei-strom-aus-erneuerbaren\\\/#primaryimage\",\"url\":\"https:\\\/\\\/www.organisator.ch\\\/wp-content\\\/uploads\\\/2021\\\/04\\\/Depositphotos_12736170_s-2019.jpg\",\"contentUrl\":\"https:\\\/\\\/www.organisator.ch\\\/wp-content\\\/uploads\\\/2021\\\/04\\\/Depositphotos_12736170_s-2019.jpg\",\"width\":999,\"height\":688,\"caption\":\"\u00a9 Depositphotos, eyematrix\"},{\"@type\":\"BreadcrumbList\",\"@id\":\"https:\\\/\\\/www.organisator.ch\\\/sustainability\\\/2021-04-06\\\/rekordzuwachs-bei-strom-aus-erneuerbaren\\\/#breadcrumb\",\"itemListElement\":[{\"@type\":\"ListItem\",\"position\":1,\"name\":\"Home\",\"item\":\"https:\\\/\\\/www.organisator.ch\\\/\"},{\"@type\":\"ListItem\",\"position\":2,\"name\":\"Rekordzuwachs bei Strom aus Erneuerbaren\"}]},{\"@type\":\"WebSite\",\"@id\":\"https:\\\/\\\/www.organisator.ch\\\/#website\",\"url\":\"https:\\\/\\\/www.organisator.ch\\\/\",\"name\":\"Organisator\",\"description\":\"Kompetent. Praxisnah. Der ORGANISATOR bereitet in 10 Ausgaben pro Jahr die wesentlichen Themen f\u00fcr F\u00fchrungskr\u00e4fte von KMU auf.\",\"publisher\":{\"@id\":\"https:\\\/\\\/www.organisator.ch\\\/#organization\"},\"potentialAction\":[{\"@type\":\"SearchAction\",\"target\":{\"@type\":\"EntryPoint\",\"urlTemplate\":\"https:\\\/\\\/www.organisator.ch\\\/?s={search_term_string}\"},\"query-input\":{\"@type\":\"PropertyValueSpecification\",\"valueRequired\":true,\"valueName\":\"search_term_string\"}}],\"inLanguage\":\"it-IT\"},{\"@type\":\"Organization\",\"@id\":\"https:\\\/\\\/www.organisator.ch\\\/#organization\",\"name\":\"Organisator\",\"url\":\"https:\\\/\\\/www.organisator.ch\\\/\",\"logo\":{\"@type\":\"ImageObject\",\"inLanguage\":\"it-IT\",\"@id\":\"https:\\\/\\\/www.organisator.ch\\\/#\\\/schema\\\/logo\\\/image\\\/\",\"url\":\"https:\\\/\\\/www.organisator.ch\\\/wp-content\\\/uploads\\\/2022\\\/01\\\/Logo_Organisator_Website.png\",\"contentUrl\":\"https:\\\/\\\/www.organisator.ch\\\/wp-content\\\/uploads\\\/2022\\\/01\\\/Logo_Organisator_Website.png\",\"width\":800,\"height\":77,\"caption\":\"Organisator\"},\"image\":{\"@id\":\"https:\\\/\\\/www.organisator.ch\\\/#\\\/schema\\\/logo\\\/image\\\/\"},\"sameAs\":[\"https:\\\/\\\/www.facebook.com\\\/OrganisatorFachmagazin\",\"https:\\\/\\\/www.linkedin.com\\\/showcase\\\/organisator-das-magazin-fr-kmu\",\"https:\\\/\\\/www.xing.com\\\/news\\\/pages\\\/organisator-ch-695\",\"https:\\\/\\\/www.youtube.com\\\/channel\\\/UCGP2Sq0iWaZwT3BdIAQFYpw\"]},{\"@type\":\"Person\",\"@id\":\"https:\\\/\\\/www.organisator.ch\\\/#\\\/schema\\\/person\\\/a800b8c54e208b160517a7dcc323161d\",\"name\":\"roger.straessle\",\"image\":{\"@type\":\"ImageObject\",\"inLanguage\":\"it-IT\",\"@id\":\"https:\\\/\\\/secure.gravatar.com\\\/avatar\\\/?s=96&d=mm&r=g\",\"url\":\"https:\\\/\\\/secure.gravatar.com\\\/avatar\\\/?s=96&d=mm&r=g\",\"contentUrl\":\"https:\\\/\\\/secure.gravatar.com\\\/avatar\\\/?s=96&d=mm&r=g\",\"caption\":\"roger.straessle\"},\"url\":\"https:\\\/\\\/www.organisator.ch\\\/it\\\/author\\\/roger-straessle\\\/\"}]}<\/script>\n<!-- \/ Yoast SEO plugin. -->","yoast_head_json":{"title":"Crescita record dell'elettricit\u00e0 da fonti rinnovabili - Organizzatore","description":"A livello globale, la capacit\u00e0 delle energie rinnovabili nel 2020 superer\u00e0 il record precedente di quasi il 50%, come scrive l'agenzia per l'energia IRENA.","robots":{"index":"index","follow":"follow","max-snippet":"max-snippet:-1","max-image-preview":"max-image-preview:large","max-video-preview":"max-video-preview:-1"},"canonical":"https:\/\/www.organisator.ch\/it\/sostenibilita\/2021-04-06\/rekordzuwachs-bei-strom-aus-erneuerbaren\/","og_locale":"it_IT","og_type":"article","og_title":"Rekordzuwachs bei Strom aus Erneuerbaren - Organisator","og_description":"Die Kapazit\u00e4t aus erneuerbaren Energien 2020 \u00fcbertrifft global gesehen den bisherigen Rekord um fast 50 Prozent, wie die Energieagentur IRENA schreibt.","og_url":"https:\/\/www.organisator.ch\/it\/sostenibilita\/2021-04-06\/rekordzuwachs-bei-strom-aus-erneuerbaren\/","og_site_name":"Organisator","article_publisher":"https:\/\/www.facebook.com\/OrganisatorFachmagazin","article_published_time":"2021-04-06T16:09:27+00:00","article_modified_time":"2022-02-09T10:06:09+00:00","og_image":[{"width":999,"height":688,"url":"https:\/\/www.organisator.ch\/wp-content\/uploads\/2021\/04\/Depositphotos_12736170_s-2019.jpg","type":"image\/jpeg"}],"author":"roger.straessle","twitter_card":"summary_large_image","schema":{"@context":"https:\/\/schema.org","@graph":[{"@type":"Article","@id":"https:\/\/www.organisator.ch\/sustainability\/2021-04-06\/rekordzuwachs-bei-strom-aus-erneuerbaren\/#article","isPartOf":{"@id":"https:\/\/www.organisator.ch\/sustainability\/2021-04-06\/rekordzuwachs-bei-strom-aus-erneuerbaren\/"},"author":{"name":"roger.straessle","@id":"https:\/\/www.organisator.ch\/#\/schema\/person\/a800b8c54e208b160517a7dcc323161d"},"headline":"Rekordzuwachs bei Strom aus Erneuerbaren","datePublished":"2021-04-06T16:09:27+00:00","dateModified":"2022-02-09T10:06:09+00:00","mainEntityOfPage":{"@id":"https:\/\/www.organisator.ch\/sustainability\/2021-04-06\/rekordzuwachs-bei-strom-aus-erneuerbaren\/"},"wordCount":990,"publisher":{"@id":"https:\/\/www.organisator.ch\/#organization"},"image":{"@id":"https:\/\/www.organisator.ch\/sustainability\/2021-04-06\/rekordzuwachs-bei-strom-aus-erneuerbaren\/#primaryimage"},"thumbnailUrl":"https:\/\/www.organisator.ch\/wp-content\/uploads\/2021\/04\/Depositphotos_12736170_s-2019.jpg","keywords":["Bioenergie","erneuerbare Energien","IRENA","Solarenergie","Swissolar","Wasserkraft","Windenergie"],"articleSection":["SUSTAINABILITY"],"inLanguage":"it-IT"},{"@type":"WebPage","@id":"https:\/\/www.organisator.ch\/sustainability\/2021-04-06\/rekordzuwachs-bei-strom-aus-erneuerbaren\/","url":"https:\/\/www.organisator.ch\/sustainability\/2021-04-06\/rekordzuwachs-bei-strom-aus-erneuerbaren\/","name":"Crescita record dell'elettricit\u00e0 da fonti rinnovabili - Organizzatore","isPartOf":{"@id":"https:\/\/www.organisator.ch\/#website"},"primaryImageOfPage":{"@id":"https:\/\/www.organisator.ch\/sustainability\/2021-04-06\/rekordzuwachs-bei-strom-aus-erneuerbaren\/#primaryimage"},"image":{"@id":"https:\/\/www.organisator.ch\/sustainability\/2021-04-06\/rekordzuwachs-bei-strom-aus-erneuerbaren\/#primaryimage"},"thumbnailUrl":"https:\/\/www.organisator.ch\/wp-content\/uploads\/2021\/04\/Depositphotos_12736170_s-2019.jpg","datePublished":"2021-04-06T16:09:27+00:00","dateModified":"2022-02-09T10:06:09+00:00","description":"A livello globale, la capacit\u00e0 delle energie rinnovabili nel 2020 superer\u00e0 il record precedente di quasi il 50%, come scrive l'agenzia per l'energia IRENA.","breadcrumb":{"@id":"https:\/\/www.organisator.ch\/sustainability\/2021-04-06\/rekordzuwachs-bei-strom-aus-erneuerbaren\/#breadcrumb"},"inLanguage":"it-IT","potentialAction":[{"@type":"ReadAction","target":["https:\/\/www.organisator.ch\/sustainability\/2021-04-06\/rekordzuwachs-bei-strom-aus-erneuerbaren\/"]}]},{"@type":"ImageObject","inLanguage":"it-IT","@id":"https:\/\/www.organisator.ch\/sustainability\/2021-04-06\/rekordzuwachs-bei-strom-aus-erneuerbaren\/#primaryimage","url":"https:\/\/www.organisator.ch\/wp-content\/uploads\/2021\/04\/Depositphotos_12736170_s-2019.jpg","contentUrl":"https:\/\/www.organisator.ch\/wp-content\/uploads\/2021\/04\/Depositphotos_12736170_s-2019.jpg","width":999,"height":688,"caption":"\u00a9 Depositphotos, eyematrix"},{"@type":"BreadcrumbList","@id":"https:\/\/www.organisator.ch\/sustainability\/2021-04-06\/rekordzuwachs-bei-strom-aus-erneuerbaren\/#breadcrumb","itemListElement":[{"@type":"ListItem","position":1,"name":"Home","item":"https:\/\/www.organisator.ch\/"},{"@type":"ListItem","position":2,"name":"Rekordzuwachs bei Strom aus Erneuerbaren"}]},{"@type":"WebSite","@id":"https:\/\/www.organisator.ch\/#website","url":"https:\/\/www.organisator.ch\/","name":"Organizzatore","description":"Competente. Pratico. In 10 numeri all'anno, ORGANISATOR presenta i temi essenziali per i manager delle PMI.","publisher":{"@id":"https:\/\/www.organisator.ch\/#organization"},"potentialAction":[{"@type":"SearchAction","target":{"@type":"EntryPoint","urlTemplate":"https:\/\/www.organisator.ch\/?s={search_term_string}"},"query-input":{"@type":"PropertyValueSpecification","valueRequired":true,"valueName":"search_term_string"}}],"inLanguage":"it-IT"},{"@type":"Organization","@id":"https:\/\/www.organisator.ch\/#organization","name":"Organizzatore","url":"https:\/\/www.organisator.ch\/","logo":{"@type":"ImageObject","inLanguage":"it-IT","@id":"https:\/\/www.organisator.ch\/#\/schema\/logo\/image\/","url":"https:\/\/www.organisator.ch\/wp-content\/uploads\/2022\/01\/Logo_Organisator_Website.png","contentUrl":"https:\/\/www.organisator.ch\/wp-content\/uploads\/2022\/01\/Logo_Organisator_Website.png","width":800,"height":77,"caption":"Organisator"},"image":{"@id":"https:\/\/www.organisator.ch\/#\/schema\/logo\/image\/"},"sameAs":["https:\/\/www.facebook.com\/OrganisatorFachmagazin","https:\/\/www.linkedin.com\/showcase\/organisator-das-magazin-fr-kmu","https:\/\/www.xing.com\/news\/pages\/organisator-ch-695","https:\/\/www.youtube.com\/channel\/UCGP2Sq0iWaZwT3BdIAQFYpw"]},{"@type":"Person","@id":"https:\/\/www.organisator.ch\/#\/schema\/person\/a800b8c54e208b160517a7dcc323161d","name":"roger.straessle","image":{"@type":"ImageObject","inLanguage":"it-IT","@id":"https:\/\/secure.gravatar.com\/avatar\/?s=96&d=mm&r=g","url":"https:\/\/secure.gravatar.com\/avatar\/?s=96&d=mm&r=g","contentUrl":"https:\/\/secure.gravatar.com\/avatar\/?s=96&d=mm&r=g","caption":"roger.straessle"},"url":"https:\/\/www.organisator.ch\/it\/author\/roger-straessle\/"}]}},"_links":{"self":[{"href":"https:\/\/www.organisator.ch\/it\/wp-json\/wp\/v2\/posts\/10265","targetHints":{"allow":["GET"]}}],"collection":[{"href":"https:\/\/www.organisator.ch\/it\/wp-json\/wp\/v2\/posts"}],"about":[{"href":"https:\/\/www.organisator.ch\/it\/wp-json\/wp\/v2\/types\/post"}],"author":[{"embeddable":true,"href":"https:\/\/www.organisator.ch\/it\/wp-json\/wp\/v2\/users\/6"}],"replies":[{"embeddable":true,"href":"https:\/\/www.organisator.ch\/it\/wp-json\/wp\/v2\/comments?post=10265"}],"version-history":[{"count":1,"href":"https:\/\/www.organisator.ch\/it\/wp-json\/wp\/v2\/posts\/10265\/revisions"}],"predecessor-version":[{"id":10488,"href":"https:\/\/www.organisator.ch\/it\/wp-json\/wp\/v2\/posts\/10265\/revisions\/10488"}],"wp:featuredmedia":[{"embeddable":true,"href":"https:\/\/www.organisator.ch\/it\/wp-json\/wp\/v2\/media\/4039"}],"wp:attachment":[{"href":"https:\/\/www.organisator.ch\/it\/wp-json\/wp\/v2\/media?parent=10265"}],"wp:term":[{"taxonomy":"category","embeddable":true,"href":"https:\/\/www.organisator.ch\/it\/wp-json\/wp\/v2\/categories?post=10265"},{"taxonomy":"post_tag","embeddable":true,"href":"https:\/\/www.organisator.ch\/it\/wp-json\/wp\/v2\/tags?post=10265"}],"curies":[{"name":"wp","href":"https:\/\/api.w.org\/{rel}","templated":true}]}}