{"id":10267,"date":"2021-04-07T17:39:07","date_gmt":"2021-04-07T15:39:07","guid":{"rendered":"https:\/\/www.umweltperspektiven.ch\/?p=4044"},"modified":"2022-02-09T11:06:09","modified_gmt":"2022-02-09T10:06:09","slug":"breite-akzeptanz-fuer-energiewende","status":"publish","type":"post","link":"https:\/\/www.organisator.ch\/it\/sustainability\/2021-04-07\/breite-akzeptanz-fuer-energiewende\/","title":{"rendered":"Ampia accettazione della transizione energetica"},"content":{"rendered":"<figure id=\"attachment_4045\" aria-describedby=\"caption-attachment-4045\" style=\"width: 436px\" class=\"wp-caption alignleft\"><img loading=\"lazy\" decoding=\"async\" class=\"wp-image-4045\" src=\"\/\/www.umweltperspektiven.ch\/wp-content\/uploads\/2021\/04\/energiewende.jpg\" alt=\"Transizione energetica\" width=\"436\" height=\"336\" srcset=\"https:\/\/www.organisator.ch\/wp-content\/uploads\/2021\/04\/energiewende.jpg 662w, https:\/\/www.organisator.ch\/wp-content\/uploads\/2021\/04\/energiewende-16x12.jpg 16w, https:\/\/www.organisator.ch\/wp-content\/uploads\/2021\/04\/energiewende-227x175.jpg 227w, https:\/\/www.organisator.ch\/wp-content\/uploads\/2021\/04\/energiewende-454x350.jpg 454w, https:\/\/www.organisator.ch\/wp-content\/uploads\/2021\/04\/energiewende-300x231.jpg 300w\" sizes=\"auto, (max-width: 436px) 100vw, 436px\" \/><figcaption id=\"caption-attachment-4045\" class=\"wp-caption-text\">S\u00ec (79%), piuttosto s\u00ec (17%), piuttosto no (2%), no (1%), non so \/ nessuna risposta (1%). \u00a9 SES<\/figcaption><\/figure>\n<p>Un sondaggio rappresentativo della popolazione condotto da gfs-z\u00fcrich nel novembre 2020 tra pi\u00f9 di mille persone fornisce risultati impressionanti sull'accettazione della transizione energetica in Svizzera: il 96% degli intervistati sostiene l'obiettivo di coprire in futuro il fabbisogno di elettricit\u00e0 con energie rinnovabili (<a href=\"\/\/energiestiftung.us13.list-manage.com\/track\/click?u=d1ad6c3b7dc6d759ffbd1b2cc&amp;id=9d73998168&amp;e=ac8f50b0ff\">Diagramma 1<\/a>). L'89,5% \u00e8 dell'opinione che le energie rinnovabili dovrebbero essere prodotte a livello nazionale (<a href=\"\/\/energiestiftung.us13.list-manage.com\/track\/click?u=d1ad6c3b7dc6d759ffbd1b2cc&amp;id=4c1661b16a&amp;e=ac8f50b0ff\">Diagramma 2<\/a>). Il 93% \u00e8 dell'opinione che l'elettricit\u00e0 dovrebbe essere prodotta tenendo conto della conservazione della natura (<a href=\"\/\/energiestiftung.us13.list-manage.com\/track\/click?u=d1ad6c3b7dc6d759ffbd1b2cc&amp;id=b363e69fa6&amp;e=ac8f50b0ff\">Diagramma 3<\/a>). Al contrario, il fatto che l'elettricit\u00e0 provenga da fonti a basso costo \u00e8 un obiettivo desiderabile per \"solo\" il 65,5% (<a href=\"\/\/energiestiftung.us13.list-manage.com\/track\/click?u=d1ad6c3b7dc6d759ffbd1b2cc&amp;id=1873c02a11&amp;e=ac8f50b0ff\">Diagramma 4<\/a>).<\/p>\n<p>I sostenitori della transizione energetica stanno spingendo per una rapida attuazione. Alla domanda per quanti anni la fornitura di elettricit\u00e0 dovrebbe essere rinnovabile, gli intervistati hanno risposto in media (mediana) con 18 anni (<a href=\"\/\/energiestiftung.us13.list-manage.com\/track\/click?u=d1ad6c3b7dc6d759ffbd1b2cc&amp;id=0beab84422&amp;e=ac8f50b0ff\">Diagramma 5<\/a>), che corrisponde a un orizzonte temporale fino al 2038. Per quanto riguarda un'alimentazione basata sulle energie domestiche, la mediana \u00e8 di 15 anni, cio\u00e8 nell'orizzonte temporale fino al 2035 (<a href=\"\/\/energiestiftung.us13.list-manage.com\/track\/click?u=d1ad6c3b7dc6d759ffbd1b2cc&amp;id=44317b5414&amp;e=ac8f50b0ff\">Diagramma 6<\/a>).<\/p>\n<p><strong>I costi aggiuntivi sono accettati<\/strong><\/p>\n<p>La maggioranza degli intervistati crede che un approvvigionamento energetico sostenibile dovrebbe anche costare qualcosa. Oggi, una famiglia media di quattro persone paga 40 franchi all'anno per l'espansione delle energie rinnovabili attraverso il supplemento di rete. Il 78% sarebbe disposto a pagare di pi\u00f9 per promuovere l'espansione delle energie rinnovabili nazionali (<a href=\"\/\/energiestiftung.us13.list-manage.com\/track\/click?u=d1ad6c3b7dc6d759ffbd1b2cc&amp;id=b5939fe7b4&amp;e=ac8f50b0ff\">Diagramma 7<\/a>). Per quanto riguarda la classe di reddito, l'indagine non ha rivelato differenze significative. Questo significa che in tutte le classi sociali c'\u00e8 la volont\u00e0 di sostenere finanziariamente la transizione energetica. Nel complesso, gli intervistati sono disposti a pagare una mediana di 95 franchi in pi\u00f9 all'anno (<a href=\"\/\/energiestiftung.us13.list-manage.com\/track\/click?u=d1ad6c3b7dc6d759ffbd1b2cc&amp;id=312e5f6b46&amp;e=ac8f50b0ff\">Diagramma 8<\/a>).<\/p>\n<p><strong>La politica deve creare il quadro necessario<\/strong><\/p>\n<p>Il sondaggio mostra che l'accettazione della transizione energetica \u00e8 molto alta tra la popolazione svizzera, scrive il <strong>Fondazione svizzera per l'energia (<\/strong>SES) nel suo comunicato stampa. \"La fornitura di elettricit\u00e0 dovrebbe essere domestica, rinnovabile e conveniente e tenere conto anche della conservazione della natura\", riassume Felix Nipkow, responsabile delle energie rinnovabili alla SES. I politici devono ora definire il quadro giuridico appropriato, cosa che sar\u00e0 fatta con la revisione della legge sull'energia (\"<a href=\"\/\/energiestiftung.us13.list-manage.com\/track\/click?u=d1ad6c3b7dc6d759ffbd1b2cc&amp;id=8d1d0f359e&amp;e=ac8f50b0ff\">Legge federale sull'approvvigionamento elettrico sicuro con le energie rinnovabili<\/a>\") sar\u00e0 possibile quest'anno. Le tecnologie sono disponibili, e il fotovoltaico in particolare soddisfa tutte queste condizioni e ha anche il potenziale necessario in Svizzera. \"Il sondaggio mostra che la popolazione vuole che la transizione energetica avvenga rapidamente ed \u00e8 anche pronta a investire in essa\", continua Nipkow. \"I politici dovrebbero prendere sul serio questo segnale. <em>Comunicato stampa SES<\/em><\/p>\n<p><em>Il sondaggio \u00e8 stato condotto per conto della Fondazione svizzera per l'energia SES (<a href=\"\/\/energiestiftung.ch\/files\/energiestiftung\/fliesstextbilder\/Studien\/2020%20gfs%20Umfrage%20Akzeptanz\/Faktenblatt_Gfs_Umfrage_2020_def.pdf\">vedere informazioni dettagliate sui diagrammi<\/a>).<\/em><\/p>\n<p>&nbsp;<\/p>\n<p><strong><em>Altri contributi sull'argomento:<\/em><\/strong><\/p>\n<p><em><a href=\"\/\/www.umweltperspektiven.ch\/trendmonitor-zeigt-auf-klimafreundliche-heizsysteme\/\">Trend Monitor punta a sistemi di riscaldamento rispettosi del clima<\/a><\/em><\/p>\n<p><a href=\"\/\/www.umweltperspektiven.ch\/netto-null-ziel-erfordert-einschneidende-massnahmen\/\"><em>L'obiettivo netto zero richiede misure drastiche<\/em><\/a><\/p>","protected":false},"excerpt":{"rendered":"<p>Eine repr\u00e4sentative Bev\u00f6lkerungsumfrage, welche gfs-z\u00fcrich im November 2020 bei \u00fcber tausend Personen durchgef\u00fchrt hat, liefert eindr\u00fcckliche Erkenntnisse zur Akzeptanz der Energiewende in der Schweiz: 96 Prozent der Befragten bef\u00fcrworten das Ziel, den Strombedarf zuk\u00fcnftig mit erneuerbaren Energien zu decken (Diagramm 1). 89,5 Prozent sind der Meinung, die erneuerbaren Energien sollen im Inland produziert werden (Diagramm [&hellip;]<\/p>\n","protected":false},"author":6,"featured_media":4045,"comment_status":"closed","ping_status":"closed","sticky":false,"template":"","format":"standard","meta":{"_acf_changed":false,"_yoast_wpseo_focuskw":"Energiewende","_yoast_wpseo_metadesc":"","articlekey":"","footnotes":""},"categories":[580],"tags":[1095,1908,2088,2121,487],"class_list":["post-10267","post","type-post","status-publish","format-standard","has-post-thumbnail","hentry","category-sustainability","tag-energiewende","tag-photovoltaik","tag-schweizerische-energie-stiftung-ses","tag-sichere-stromversorgung","tag-umfrage"],"acf":[],"yoast_head":"<!-- This site is optimized with the Yoast SEO plugin v27.4 - https:\/\/yoast.com\/product\/yoast-seo-wordpress\/ -->\n<title>Breite Akzeptanz f\u00fcr Energiewende - Organisator<\/title>\n<meta name=\"robots\" content=\"index, follow, max-snippet:-1, max-image-preview:large, max-video-preview:-1\" \/>\n<link rel=\"canonical\" href=\"https:\/\/www.organisator.ch\/it\/sostenibilita\/2021-04-07\/breite-akzeptanz-fuer-energiewende\/\" \/>\n<meta property=\"og:locale\" content=\"it_IT\" \/>\n<meta property=\"og:type\" content=\"article\" \/>\n<meta property=\"og:title\" content=\"Breite Akzeptanz f\u00fcr Energiewende - Organisator\" \/>\n<meta property=\"og:description\" content=\"Eine repr\u00e4sentative Bev\u00f6lkerungsumfrage, welche gfs-z\u00fcrich im November 2020 bei \u00fcber tausend Personen durchgef\u00fchrt hat, liefert eindr\u00fcckliche Erkenntnisse zur Akzeptanz der Energiewende in der Schweiz: 96 Prozent der Befragten bef\u00fcrworten das Ziel, den Strombedarf zuk\u00fcnftig mit erneuerbaren Energien zu decken (Diagramm 1). 89,5 Prozent sind der Meinung, die erneuerbaren Energien sollen im Inland produziert werden (Diagramm [&hellip;]\" \/>\n<meta property=\"og:url\" content=\"https:\/\/www.organisator.ch\/it\/sostenibilita\/2021-04-07\/breite-akzeptanz-fuer-energiewende\/\" \/>\n<meta property=\"og:site_name\" content=\"Organisator\" \/>\n<meta property=\"article:publisher\" content=\"https:\/\/www.facebook.com\/OrganisatorFachmagazin\" \/>\n<meta property=\"article:published_time\" content=\"2021-04-07T15:39:07+00:00\" \/>\n<meta property=\"article:modified_time\" content=\"2022-02-09T10:06:09+00:00\" \/>\n<meta property=\"og:image\" content=\"https:\/\/www.organisator.ch\/wp-content\/uploads\/2021\/04\/energiewende.jpg\" \/>\n\t<meta property=\"og:image:width\" content=\"662\" \/>\n\t<meta property=\"og:image:height\" content=\"510\" \/>\n\t<meta property=\"og:image:type\" content=\"image\/jpeg\" \/>\n<meta name=\"author\" content=\"roger.straessle\" \/>\n<meta name=\"twitter:card\" content=\"summary_large_image\" \/>\n<script type=\"application\/ld+json\" class=\"yoast-schema-graph\">{\"@context\":\"https:\\\/\\\/schema.org\",\"@graph\":[{\"@type\":\"Article\",\"@id\":\"https:\\\/\\\/www.organisator.ch\\\/sustainability\\\/2021-04-07\\\/breite-akzeptanz-fuer-energiewende\\\/#article\",\"isPartOf\":{\"@id\":\"https:\\\/\\\/www.organisator.ch\\\/sustainability\\\/2021-04-07\\\/breite-akzeptanz-fuer-energiewende\\\/\"},\"author\":{\"name\":\"roger.straessle\",\"@id\":\"https:\\\/\\\/www.organisator.ch\\\/#\\\/schema\\\/person\\\/a800b8c54e208b160517a7dcc323161d\"},\"headline\":\"Breite Akzeptanz f\u00fcr Energiewende\",\"datePublished\":\"2021-04-07T15:39:07+00:00\",\"dateModified\":\"2022-02-09T10:06:09+00:00\",\"mainEntityOfPage\":{\"@id\":\"https:\\\/\\\/www.organisator.ch\\\/sustainability\\\/2021-04-07\\\/breite-akzeptanz-fuer-energiewende\\\/\"},\"wordCount\":445,\"publisher\":{\"@id\":\"https:\\\/\\\/www.organisator.ch\\\/#organization\"},\"image\":{\"@id\":\"https:\\\/\\\/www.organisator.ch\\\/sustainability\\\/2021-04-07\\\/breite-akzeptanz-fuer-energiewende\\\/#primaryimage\"},\"thumbnailUrl\":\"https:\\\/\\\/www.organisator.ch\\\/wp-content\\\/uploads\\\/2021\\\/04\\\/energiewende.jpg\",\"keywords\":[\"Energiewende\",\"Photovoltaik\",\"Schweizerische Energie-Stiftung SES\",\"sichere Stromversorgung\",\"Umfrage\"],\"articleSection\":[\"SUSTAINABILITY\"],\"inLanguage\":\"it-IT\"},{\"@type\":\"WebPage\",\"@id\":\"https:\\\/\\\/www.organisator.ch\\\/sustainability\\\/2021-04-07\\\/breite-akzeptanz-fuer-energiewende\\\/\",\"url\":\"https:\\\/\\\/www.organisator.ch\\\/sustainability\\\/2021-04-07\\\/breite-akzeptanz-fuer-energiewende\\\/\",\"name\":\"Breite Akzeptanz f\u00fcr Energiewende - Organisator\",\"isPartOf\":{\"@id\":\"https:\\\/\\\/www.organisator.ch\\\/#website\"},\"primaryImageOfPage\":{\"@id\":\"https:\\\/\\\/www.organisator.ch\\\/sustainability\\\/2021-04-07\\\/breite-akzeptanz-fuer-energiewende\\\/#primaryimage\"},\"image\":{\"@id\":\"https:\\\/\\\/www.organisator.ch\\\/sustainability\\\/2021-04-07\\\/breite-akzeptanz-fuer-energiewende\\\/#primaryimage\"},\"thumbnailUrl\":\"https:\\\/\\\/www.organisator.ch\\\/wp-content\\\/uploads\\\/2021\\\/04\\\/energiewende.jpg\",\"datePublished\":\"2021-04-07T15:39:07+00:00\",\"dateModified\":\"2022-02-09T10:06:09+00:00\",\"breadcrumb\":{\"@id\":\"https:\\\/\\\/www.organisator.ch\\\/sustainability\\\/2021-04-07\\\/breite-akzeptanz-fuer-energiewende\\\/#breadcrumb\"},\"inLanguage\":\"it-IT\",\"potentialAction\":[{\"@type\":\"ReadAction\",\"target\":[\"https:\\\/\\\/www.organisator.ch\\\/sustainability\\\/2021-04-07\\\/breite-akzeptanz-fuer-energiewende\\\/\"]}]},{\"@type\":\"ImageObject\",\"inLanguage\":\"it-IT\",\"@id\":\"https:\\\/\\\/www.organisator.ch\\\/sustainability\\\/2021-04-07\\\/breite-akzeptanz-fuer-energiewende\\\/#primaryimage\",\"url\":\"https:\\\/\\\/www.organisator.ch\\\/wp-content\\\/uploads\\\/2021\\\/04\\\/energiewende.jpg\",\"contentUrl\":\"https:\\\/\\\/www.organisator.ch\\\/wp-content\\\/uploads\\\/2021\\\/04\\\/energiewende.jpg\",\"width\":662,\"height\":510,\"caption\":\"Ja (79%), eher Ja (17%), eher Nein (2%), Nein (1%), weiss nicht \\\/ keine Antwort (1%). \u00a9 SES\"},{\"@type\":\"BreadcrumbList\",\"@id\":\"https:\\\/\\\/www.organisator.ch\\\/sustainability\\\/2021-04-07\\\/breite-akzeptanz-fuer-energiewende\\\/#breadcrumb\",\"itemListElement\":[{\"@type\":\"ListItem\",\"position\":1,\"name\":\"Home\",\"item\":\"https:\\\/\\\/www.organisator.ch\\\/\"},{\"@type\":\"ListItem\",\"position\":2,\"name\":\"Breite Akzeptanz f\u00fcr Energiewende\"}]},{\"@type\":\"WebSite\",\"@id\":\"https:\\\/\\\/www.organisator.ch\\\/#website\",\"url\":\"https:\\\/\\\/www.organisator.ch\\\/\",\"name\":\"Organisator\",\"description\":\"Kompetent. Praxisnah. Der ORGANISATOR bereitet in 10 Ausgaben pro Jahr die wesentlichen Themen f\u00fcr F\u00fchrungskr\u00e4fte von KMU auf.\",\"publisher\":{\"@id\":\"https:\\\/\\\/www.organisator.ch\\\/#organization\"},\"potentialAction\":[{\"@type\":\"SearchAction\",\"target\":{\"@type\":\"EntryPoint\",\"urlTemplate\":\"https:\\\/\\\/www.organisator.ch\\\/?s={search_term_string}\"},\"query-input\":{\"@type\":\"PropertyValueSpecification\",\"valueRequired\":true,\"valueName\":\"search_term_string\"}}],\"inLanguage\":\"it-IT\"},{\"@type\":\"Organization\",\"@id\":\"https:\\\/\\\/www.organisator.ch\\\/#organization\",\"name\":\"Organisator\",\"url\":\"https:\\\/\\\/www.organisator.ch\\\/\",\"logo\":{\"@type\":\"ImageObject\",\"inLanguage\":\"it-IT\",\"@id\":\"https:\\\/\\\/www.organisator.ch\\\/#\\\/schema\\\/logo\\\/image\\\/\",\"url\":\"https:\\\/\\\/www.organisator.ch\\\/wp-content\\\/uploads\\\/2022\\\/01\\\/Logo_Organisator_Website.png\",\"contentUrl\":\"https:\\\/\\\/www.organisator.ch\\\/wp-content\\\/uploads\\\/2022\\\/01\\\/Logo_Organisator_Website.png\",\"width\":800,\"height\":77,\"caption\":\"Organisator\"},\"image\":{\"@id\":\"https:\\\/\\\/www.organisator.ch\\\/#\\\/schema\\\/logo\\\/image\\\/\"},\"sameAs\":[\"https:\\\/\\\/www.facebook.com\\\/OrganisatorFachmagazin\",\"https:\\\/\\\/www.linkedin.com\\\/showcase\\\/organisator-das-magazin-fr-kmu\",\"https:\\\/\\\/www.xing.com\\\/news\\\/pages\\\/organisator-ch-695\",\"https:\\\/\\\/www.youtube.com\\\/channel\\\/UCGP2Sq0iWaZwT3BdIAQFYpw\"]},{\"@type\":\"Person\",\"@id\":\"https:\\\/\\\/www.organisator.ch\\\/#\\\/schema\\\/person\\\/a800b8c54e208b160517a7dcc323161d\",\"name\":\"roger.straessle\",\"image\":{\"@type\":\"ImageObject\",\"inLanguage\":\"it-IT\",\"@id\":\"https:\\\/\\\/secure.gravatar.com\\\/avatar\\\/?s=96&d=mm&r=g\",\"url\":\"https:\\\/\\\/secure.gravatar.com\\\/avatar\\\/?s=96&d=mm&r=g\",\"contentUrl\":\"https:\\\/\\\/secure.gravatar.com\\\/avatar\\\/?s=96&d=mm&r=g\",\"caption\":\"roger.straessle\"},\"url\":\"https:\\\/\\\/www.organisator.ch\\\/it\\\/author\\\/roger-straessle\\\/\"}]}<\/script>\n<!-- \/ Yoast SEO plugin. -->","yoast_head_json":{"title":"Ampio consenso per la transizione energetica - Organizzatore","robots":{"index":"index","follow":"follow","max-snippet":"max-snippet:-1","max-image-preview":"max-image-preview:large","max-video-preview":"max-video-preview:-1"},"canonical":"https:\/\/www.organisator.ch\/it\/sostenibilita\/2021-04-07\/breite-akzeptanz-fuer-energiewende\/","og_locale":"it_IT","og_type":"article","og_title":"Breite Akzeptanz f\u00fcr Energiewende - Organisator","og_description":"Eine repr\u00e4sentative Bev\u00f6lkerungsumfrage, welche gfs-z\u00fcrich im November 2020 bei \u00fcber tausend Personen durchgef\u00fchrt hat, liefert eindr\u00fcckliche Erkenntnisse zur Akzeptanz der Energiewende in der Schweiz: 96 Prozent der Befragten bef\u00fcrworten das Ziel, den Strombedarf zuk\u00fcnftig mit erneuerbaren Energien zu decken (Diagramm 1). 89,5 Prozent sind der Meinung, die erneuerbaren Energien sollen im Inland produziert werden (Diagramm [&hellip;]","og_url":"https:\/\/www.organisator.ch\/it\/sostenibilita\/2021-04-07\/breite-akzeptanz-fuer-energiewende\/","og_site_name":"Organisator","article_publisher":"https:\/\/www.facebook.com\/OrganisatorFachmagazin","article_published_time":"2021-04-07T15:39:07+00:00","article_modified_time":"2022-02-09T10:06:09+00:00","og_image":[{"width":662,"height":510,"url":"https:\/\/www.organisator.ch\/wp-content\/uploads\/2021\/04\/energiewende.jpg","type":"image\/jpeg"}],"author":"roger.straessle","twitter_card":"summary_large_image","schema":{"@context":"https:\/\/schema.org","@graph":[{"@type":"Article","@id":"https:\/\/www.organisator.ch\/sustainability\/2021-04-07\/breite-akzeptanz-fuer-energiewende\/#article","isPartOf":{"@id":"https:\/\/www.organisator.ch\/sustainability\/2021-04-07\/breite-akzeptanz-fuer-energiewende\/"},"author":{"name":"roger.straessle","@id":"https:\/\/www.organisator.ch\/#\/schema\/person\/a800b8c54e208b160517a7dcc323161d"},"headline":"Breite Akzeptanz f\u00fcr Energiewende","datePublished":"2021-04-07T15:39:07+00:00","dateModified":"2022-02-09T10:06:09+00:00","mainEntityOfPage":{"@id":"https:\/\/www.organisator.ch\/sustainability\/2021-04-07\/breite-akzeptanz-fuer-energiewende\/"},"wordCount":445,"publisher":{"@id":"https:\/\/www.organisator.ch\/#organization"},"image":{"@id":"https:\/\/www.organisator.ch\/sustainability\/2021-04-07\/breite-akzeptanz-fuer-energiewende\/#primaryimage"},"thumbnailUrl":"https:\/\/www.organisator.ch\/wp-content\/uploads\/2021\/04\/energiewende.jpg","keywords":["Energiewende","Photovoltaik","Schweizerische Energie-Stiftung SES","sichere Stromversorgung","Umfrage"],"articleSection":["SUSTAINABILITY"],"inLanguage":"it-IT"},{"@type":"WebPage","@id":"https:\/\/www.organisator.ch\/sustainability\/2021-04-07\/breite-akzeptanz-fuer-energiewende\/","url":"https:\/\/www.organisator.ch\/sustainability\/2021-04-07\/breite-akzeptanz-fuer-energiewende\/","name":"Ampio consenso per la transizione energetica - Organizzatore","isPartOf":{"@id":"https:\/\/www.organisator.ch\/#website"},"primaryImageOfPage":{"@id":"https:\/\/www.organisator.ch\/sustainability\/2021-04-07\/breite-akzeptanz-fuer-energiewende\/#primaryimage"},"image":{"@id":"https:\/\/www.organisator.ch\/sustainability\/2021-04-07\/breite-akzeptanz-fuer-energiewende\/#primaryimage"},"thumbnailUrl":"https:\/\/www.organisator.ch\/wp-content\/uploads\/2021\/04\/energiewende.jpg","datePublished":"2021-04-07T15:39:07+00:00","dateModified":"2022-02-09T10:06:09+00:00","breadcrumb":{"@id":"https:\/\/www.organisator.ch\/sustainability\/2021-04-07\/breite-akzeptanz-fuer-energiewende\/#breadcrumb"},"inLanguage":"it-IT","potentialAction":[{"@type":"ReadAction","target":["https:\/\/www.organisator.ch\/sustainability\/2021-04-07\/breite-akzeptanz-fuer-energiewende\/"]}]},{"@type":"ImageObject","inLanguage":"it-IT","@id":"https:\/\/www.organisator.ch\/sustainability\/2021-04-07\/breite-akzeptanz-fuer-energiewende\/#primaryimage","url":"https:\/\/www.organisator.ch\/wp-content\/uploads\/2021\/04\/energiewende.jpg","contentUrl":"https:\/\/www.organisator.ch\/wp-content\/uploads\/2021\/04\/energiewende.jpg","width":662,"height":510,"caption":"Ja (79%), eher Ja (17%), eher Nein (2%), Nein (1%), weiss nicht \/ keine Antwort (1%). \u00a9 SES"},{"@type":"BreadcrumbList","@id":"https:\/\/www.organisator.ch\/sustainability\/2021-04-07\/breite-akzeptanz-fuer-energiewende\/#breadcrumb","itemListElement":[{"@type":"ListItem","position":1,"name":"Home","item":"https:\/\/www.organisator.ch\/"},{"@type":"ListItem","position":2,"name":"Breite Akzeptanz f\u00fcr Energiewende"}]},{"@type":"WebSite","@id":"https:\/\/www.organisator.ch\/#website","url":"https:\/\/www.organisator.ch\/","name":"Organizzatore","description":"Competente. Pratico. In 10 numeri all'anno, ORGANISATOR presenta i temi essenziali per i manager delle PMI.","publisher":{"@id":"https:\/\/www.organisator.ch\/#organization"},"potentialAction":[{"@type":"SearchAction","target":{"@type":"EntryPoint","urlTemplate":"https:\/\/www.organisator.ch\/?s={search_term_string}"},"query-input":{"@type":"PropertyValueSpecification","valueRequired":true,"valueName":"search_term_string"}}],"inLanguage":"it-IT"},{"@type":"Organization","@id":"https:\/\/www.organisator.ch\/#organization","name":"Organizzatore","url":"https:\/\/www.organisator.ch\/","logo":{"@type":"ImageObject","inLanguage":"it-IT","@id":"https:\/\/www.organisator.ch\/#\/schema\/logo\/image\/","url":"https:\/\/www.organisator.ch\/wp-content\/uploads\/2022\/01\/Logo_Organisator_Website.png","contentUrl":"https:\/\/www.organisator.ch\/wp-content\/uploads\/2022\/01\/Logo_Organisator_Website.png","width":800,"height":77,"caption":"Organisator"},"image":{"@id":"https:\/\/www.organisator.ch\/#\/schema\/logo\/image\/"},"sameAs":["https:\/\/www.facebook.com\/OrganisatorFachmagazin","https:\/\/www.linkedin.com\/showcase\/organisator-das-magazin-fr-kmu","https:\/\/www.xing.com\/news\/pages\/organisator-ch-695","https:\/\/www.youtube.com\/channel\/UCGP2Sq0iWaZwT3BdIAQFYpw"]},{"@type":"Person","@id":"https:\/\/www.organisator.ch\/#\/schema\/person\/a800b8c54e208b160517a7dcc323161d","name":"roger.straessle","image":{"@type":"ImageObject","inLanguage":"it-IT","@id":"https:\/\/secure.gravatar.com\/avatar\/?s=96&d=mm&r=g","url":"https:\/\/secure.gravatar.com\/avatar\/?s=96&d=mm&r=g","contentUrl":"https:\/\/secure.gravatar.com\/avatar\/?s=96&d=mm&r=g","caption":"roger.straessle"},"url":"https:\/\/www.organisator.ch\/it\/author\/roger-straessle\/"}]}},"_links":{"self":[{"href":"https:\/\/www.organisator.ch\/it\/wp-json\/wp\/v2\/posts\/10267","targetHints":{"allow":["GET"]}}],"collection":[{"href":"https:\/\/www.organisator.ch\/it\/wp-json\/wp\/v2\/posts"}],"about":[{"href":"https:\/\/www.organisator.ch\/it\/wp-json\/wp\/v2\/types\/post"}],"author":[{"embeddable":true,"href":"https:\/\/www.organisator.ch\/it\/wp-json\/wp\/v2\/users\/6"}],"replies":[{"embeddable":true,"href":"https:\/\/www.organisator.ch\/it\/wp-json\/wp\/v2\/comments?post=10267"}],"version-history":[{"count":1,"href":"https:\/\/www.organisator.ch\/it\/wp-json\/wp\/v2\/posts\/10267\/revisions"}],"predecessor-version":[{"id":10487,"href":"https:\/\/www.organisator.ch\/it\/wp-json\/wp\/v2\/posts\/10267\/revisions\/10487"}],"wp:featuredmedia":[{"embeddable":true,"href":"https:\/\/www.organisator.ch\/it\/wp-json\/wp\/v2\/media\/4045"}],"wp:attachment":[{"href":"https:\/\/www.organisator.ch\/it\/wp-json\/wp\/v2\/media?parent=10267"}],"wp:term":[{"taxonomy":"category","embeddable":true,"href":"https:\/\/www.organisator.ch\/it\/wp-json\/wp\/v2\/categories?post=10267"},{"taxonomy":"post_tag","embeddable":true,"href":"https:\/\/www.organisator.ch\/it\/wp-json\/wp\/v2\/tags?post=10267"}],"curies":[{"name":"wp","href":"https:\/\/api.w.org\/{rel}","templated":true}]}}