{"id":10269,"date":"2021-04-15T06:29:42","date_gmt":"2021-04-15T04:29:42","guid":{"rendered":"https:\/\/www.umweltperspektiven.ch\/?p=4100"},"modified":"2022-02-09T11:10:48","modified_gmt":"2022-02-09T10:10:48","slug":"hochwasserschutz-den-neuen-gefahren-anpassen-vernehmlassung","status":"publish","type":"post","link":"https:\/\/www.organisator.ch\/it\/sustainability\/2021-04-15\/hochwasserschutz-den-neuen-gefahren-anpassen-vernehmlassung\/","title":{"rendered":"Adattare la protezione dalle inondazioni ai nuovi pericoli - processo di consultazione"},"content":{"rendered":"<figure id=\"attachment_4101\" aria-describedby=\"caption-attachment-4101\" style=\"width: 680px\" class=\"wp-caption aligncenter\"><img loading=\"lazy\" decoding=\"async\" class=\"size-medium wp-image-4101\" src=\"\/\/www.umweltperspektiven.ch\/wp-content\/uploads\/2021\/04\/Depositphotos_26333359_s-2019.jpg\" alt=\"Protezione dalle inondazioni\" width=\"680\" height=\"454\" \/><figcaption id=\"caption-attachment-4101\" class=\"wp-caption-text\">\u00a9 Depositphotos, Chalabala<\/figcaption><\/figure>\n<p>La legge federale sull'ingegneria idraulica (WBG) risale al 1991 e non \u00e8 pi\u00f9 adeguata alle conoscenze e agli sviluppi avvenuti da allora, secondo la comunicazione del Consiglio federale. Poich\u00e9 i rischi stanno aumentando con il cambiamento climatico e la crescita della popolazione, l'attenzione \u00e8 cambiata dalla prevenzione dei pericoli alla gestione integrale dei rischi. Si tratta di limitare i rischi di inondazione con misure di pianificazione, organizzative, biologiche e tecniche. Secondo il Consiglio federale, la gestione integrale dei rischi dovrebbe ora essere ancorata nella legge e permettere cos\u00ec alla Confederazione, ai cantoni e ai comuni di mantenere a lungo termine la sicurezza della Svizzera come spazio vitale ed economico.<\/p>\n<p>L'ingegneria idraulica e i rischi naturali sono regolati in varie leggi a livello federale. Per garantire che siano allo stesso livello, il Consiglio federale propone anche delle modifiche selettive della legge sulle foreste e della legge sulla protezione delle acque. Inoltre, il nome \"Legge sull'ingegneria idraulica\" verrebbe cambiato in \"Legge sulla protezione dalle inondazioni\" in conformit\u00e0 con lo scopo della legge.<\/p>\n<p><strong>Si prevede un aumento dei rischi di inondazione<\/strong><\/p>\n<p>I rischi di inondazione sono gi\u00e0 alti oggi e probabilmente aumenteranno ulteriormente con il continuo sviluppo degli insediamenti e il cambiamento climatico. Questo comporterebbe eventi pi\u00f9 gravi. Oltre a una valutazione completa della situazione di rischio, sono necessarie strutture di protezione, la manutenzione del bosco di protezione e la pianificazione spaziale e misure organizzative come la pianificazione di emergenza.<\/p>\n<p>I cantoni dovrebbero creare nuove basi attraverso la modifica della legge, come le panoramiche dei rischi, che porterebbero a bassi costi finanziari e di personale aggiuntivi. Tuttavia, la Confederazione contribuirebbe a questi costi attraverso sovvenzioni. Oltre alla manutenzione periodica delle opere di protezione, la Confederazione partecipa ora anche ai lavori di manutenzione ordinaria, che prima erano finanziati esclusivamente dai Cantoni.<strong>\u00a0<\/strong><\/p>\n<p><strong>Combinazione di misure pi\u00f9 efficace dal punto di vista dei costi<\/strong><\/p>\n<p>Grazie alla combinazione di misure nell'ambito della gestione integrale dei rischi, le costose strutture di protezione possono essere parzialmente evitate o ridotte, come scrive il Consiglio federale nel suo comunicato stampa. Le spese per le strutture di protezione sarebbero cos\u00ec pi\u00f9 basse per il governo federale e i cantoni. Tuttavia, poich\u00e9 i rischi aumenterebbero nonostante gli sforzi di protezione, questi risparmi probabilmente diminuirebbero nel tempo. La revisione del WBG crea il presupposto per mantenere l'attuale livello di protezione a medio termine con le risorse attuali nonostante l'aumento del rischio, conclude.<\/p>\n<p><em>Fonte: Confederazione<\/em><\/p>\n<p><em><a href=\"\/\/www.newsd.admin.ch\/newsd\/message\/attachments\/66093.pdf\">Progetto di revisione della legge sull'ingegneria idraulica<\/a><\/em><\/p>\n<p><em><a href=\"\/\/www.newsd.admin.ch\/newsd\/message\/attachments\/66094.pdf\">Rapporto esplicativo<\/a><\/em><\/p>\n<p><em>Altri articoli sul tema dei rischi naturali:\u00a0<a href=\"\/\/www.umweltperspektiven.ch\/ein-naturgefahren-check-lohnt-sich\/\">Chi costruisce e ristruttura pianifica per i rischi naturali<\/a><\/em><\/p>","protected":false},"excerpt":{"rendered":"<p>Das Bundesgesetz \u00fcber den Wasserbau (WBG) stammt aus dem Jahr 1991. Es gen\u00fcge den seither gewonnenen Erkenntnissen und Entwicklungen nicht mehr, heisst es in der bundesr\u00e4tlichen Mitteilung. Da mit dem Klimawandel und der wachsenden Besiedlung die Risiken steigen w\u00fcrden, habe sich der Fokus von der Gefahrenabwehr hin zu einem integralen Risikomanagement gewandelt. Dabei w\u00fcrden die [&hellip;]<\/p>\n","protected":false},"author":6,"featured_media":9787,"comment_status":"closed","ping_status":"closed","sticky":false,"template":"","format":"standard","meta":{"_acf_changed":false,"_yoast_wpseo_focuskw":"Hochwasserschutz","_yoast_wpseo_metadesc":"Die Bundesgesetz \u00fcber den Wasserbau (WBG) wird neu geregelt. Der Bundesrat hat es am 14. April 2021 in Vernehmlassung geschickt.","articlekey":"","footnotes":""},"categories":[580],"tags":[1367,1368,1809,1847,418,2073,2515],"class_list":["post-10269","post","type-post","status-publish","format-standard","has-post-thumbnail","hentry","category-sustainability","tag-hochwasserschutz","tag-hochwasserschutzgesetz","tag-naturgefahr","tag-notfallplanung","tag-risikomanagement","tag-schutzwald","tag-wasserbaugesetz"],"acf":[],"yoast_head":"<!-- This site is optimized with the Yoast SEO plugin v27.5 - https:\/\/yoast.com\/product\/yoast-seo-wordpress\/ -->\n<title>Hochwasserschutz den neuen Gefahren anpassen \u2013 Vernehmlassung - Organisator<\/title>\n<meta name=\"description\" content=\"Die Bundesgesetz \u00fcber den Wasserbau (WBG) wird neu geregelt. Der Bundesrat hat es am 14. April 2021 in Vernehmlassung geschickt.\" \/>\n<meta name=\"robots\" content=\"index, follow, max-snippet:-1, max-image-preview:large, max-video-preview:-1\" \/>\n<link rel=\"canonical\" href=\"https:\/\/www.organisator.ch\/it\/sostenibilita\/2021-04-15\/hochwasserschutz-den-neuen-gefahren-anpassen-vernehmlassung\/\" \/>\n<meta property=\"og:locale\" content=\"it_IT\" \/>\n<meta property=\"og:type\" content=\"article\" \/>\n<meta property=\"og:title\" content=\"Hochwasserschutz den neuen Gefahren anpassen \u2013 Vernehmlassung - Organisator\" \/>\n<meta property=\"og:description\" content=\"Die Bundesgesetz \u00fcber den Wasserbau (WBG) wird neu geregelt. Der Bundesrat hat es am 14. April 2021 in Vernehmlassung geschickt.\" \/>\n<meta property=\"og:url\" content=\"https:\/\/www.organisator.ch\/it\/sostenibilita\/2021-04-15\/hochwasserschutz-den-neuen-gefahren-anpassen-vernehmlassung\/\" \/>\n<meta property=\"og:site_name\" content=\"Organisator\" \/>\n<meta property=\"article:publisher\" content=\"https:\/\/www.facebook.com\/OrganisatorFachmagazin\" \/>\n<meta property=\"article:published_time\" content=\"2021-04-15T04:29:42+00:00\" \/>\n<meta property=\"article:modified_time\" content=\"2022-02-09T10:10:48+00:00\" \/>\n<meta property=\"og:image\" content=\"https:\/\/www.organisator.ch\/wp-content\/uploads\/2021\/04\/Depositphotos_26333359_s-2019.jpg\" \/>\n\t<meta property=\"og:image:width\" content=\"1000\" \/>\n\t<meta property=\"og:image:height\" content=\"667\" \/>\n\t<meta property=\"og:image:type\" content=\"image\/jpeg\" \/>\n<meta name=\"author\" content=\"roger.straessle\" \/>\n<meta name=\"twitter:card\" content=\"summary_large_image\" \/>\n<script type=\"application\/ld+json\" class=\"yoast-schema-graph\">{\"@context\":\"https:\\\/\\\/schema.org\",\"@graph\":[{\"@type\":\"Article\",\"@id\":\"https:\\\/\\\/www.organisator.ch\\\/sustainability\\\/2021-04-15\\\/hochwasserschutz-den-neuen-gefahren-anpassen-vernehmlassung\\\/#article\",\"isPartOf\":{\"@id\":\"https:\\\/\\\/www.organisator.ch\\\/sustainability\\\/2021-04-15\\\/hochwasserschutz-den-neuen-gefahren-anpassen-vernehmlassung\\\/\"},\"author\":{\"name\":\"roger.straessle\",\"@id\":\"https:\\\/\\\/www.organisator.ch\\\/#\\\/schema\\\/person\\\/a800b8c54e208b160517a7dcc323161d\"},\"headline\":\"Hochwasserschutz den neuen Gefahren anpassen \u2013 Vernehmlassung\",\"datePublished\":\"2021-04-15T04:29:42+00:00\",\"dateModified\":\"2022-02-09T10:10:48+00:00\",\"mainEntityOfPage\":{\"@id\":\"https:\\\/\\\/www.organisator.ch\\\/sustainability\\\/2021-04-15\\\/hochwasserschutz-den-neuen-gefahren-anpassen-vernehmlassung\\\/\"},\"wordCount\":368,\"publisher\":{\"@id\":\"https:\\\/\\\/www.organisator.ch\\\/#organization\"},\"image\":{\"@id\":\"https:\\\/\\\/www.organisator.ch\\\/sustainability\\\/2021-04-15\\\/hochwasserschutz-den-neuen-gefahren-anpassen-vernehmlassung\\\/#primaryimage\"},\"thumbnailUrl\":\"https:\\\/\\\/www.organisator.ch\\\/wp-content\\\/uploads\\\/2021\\\/04\\\/Depositphotos_26333359_s-2019.jpg\",\"keywords\":[\"Hochwasserschutz\",\"Hochwasserschutzgesetz\",\"Naturgefahr\",\"Notfallplanung\",\"Risikomanagement\",\"Schutzwald\",\"Wasserbaugesetz\"],\"articleSection\":[\"SUSTAINABILITY\"],\"inLanguage\":\"it-IT\"},{\"@type\":\"WebPage\",\"@id\":\"https:\\\/\\\/www.organisator.ch\\\/sustainability\\\/2021-04-15\\\/hochwasserschutz-den-neuen-gefahren-anpassen-vernehmlassung\\\/\",\"url\":\"https:\\\/\\\/www.organisator.ch\\\/sustainability\\\/2021-04-15\\\/hochwasserschutz-den-neuen-gefahren-anpassen-vernehmlassung\\\/\",\"name\":\"Hochwasserschutz den neuen Gefahren anpassen \u2013 Vernehmlassung - Organisator\",\"isPartOf\":{\"@id\":\"https:\\\/\\\/www.organisator.ch\\\/#website\"},\"primaryImageOfPage\":{\"@id\":\"https:\\\/\\\/www.organisator.ch\\\/sustainability\\\/2021-04-15\\\/hochwasserschutz-den-neuen-gefahren-anpassen-vernehmlassung\\\/#primaryimage\"},\"image\":{\"@id\":\"https:\\\/\\\/www.organisator.ch\\\/sustainability\\\/2021-04-15\\\/hochwasserschutz-den-neuen-gefahren-anpassen-vernehmlassung\\\/#primaryimage\"},\"thumbnailUrl\":\"https:\\\/\\\/www.organisator.ch\\\/wp-content\\\/uploads\\\/2021\\\/04\\\/Depositphotos_26333359_s-2019.jpg\",\"datePublished\":\"2021-04-15T04:29:42+00:00\",\"dateModified\":\"2022-02-09T10:10:48+00:00\",\"description\":\"Die Bundesgesetz \u00fcber den Wasserbau (WBG) wird neu geregelt. Der Bundesrat hat es am 14. April 2021 in Vernehmlassung geschickt.\",\"breadcrumb\":{\"@id\":\"https:\\\/\\\/www.organisator.ch\\\/sustainability\\\/2021-04-15\\\/hochwasserschutz-den-neuen-gefahren-anpassen-vernehmlassung\\\/#breadcrumb\"},\"inLanguage\":\"it-IT\",\"potentialAction\":[{\"@type\":\"ReadAction\",\"target\":[\"https:\\\/\\\/www.organisator.ch\\\/sustainability\\\/2021-04-15\\\/hochwasserschutz-den-neuen-gefahren-anpassen-vernehmlassung\\\/\"]}]},{\"@type\":\"ImageObject\",\"inLanguage\":\"it-IT\",\"@id\":\"https:\\\/\\\/www.organisator.ch\\\/sustainability\\\/2021-04-15\\\/hochwasserschutz-den-neuen-gefahren-anpassen-vernehmlassung\\\/#primaryimage\",\"url\":\"https:\\\/\\\/www.organisator.ch\\\/wp-content\\\/uploads\\\/2021\\\/04\\\/Depositphotos_26333359_s-2019.jpg\",\"contentUrl\":\"https:\\\/\\\/www.organisator.ch\\\/wp-content\\\/uploads\\\/2021\\\/04\\\/Depositphotos_26333359_s-2019.jpg\",\"width\":1000,\"height\":667,\"caption\":\"\u00a9 Depositphotos, Chalabala\"},{\"@type\":\"BreadcrumbList\",\"@id\":\"https:\\\/\\\/www.organisator.ch\\\/sustainability\\\/2021-04-15\\\/hochwasserschutz-den-neuen-gefahren-anpassen-vernehmlassung\\\/#breadcrumb\",\"itemListElement\":[{\"@type\":\"ListItem\",\"position\":1,\"name\":\"Home\",\"item\":\"https:\\\/\\\/www.organisator.ch\\\/\"},{\"@type\":\"ListItem\",\"position\":2,\"name\":\"Hochwasserschutz den neuen Gefahren anpassen \u2013 Vernehmlassung\"}]},{\"@type\":\"WebSite\",\"@id\":\"https:\\\/\\\/www.organisator.ch\\\/#website\",\"url\":\"https:\\\/\\\/www.organisator.ch\\\/\",\"name\":\"Organisator\",\"description\":\"Kompetent. Praxisnah. Der ORGANISATOR bereitet in 10 Ausgaben pro Jahr die wesentlichen Themen f\u00fcr F\u00fchrungskr\u00e4fte von KMU auf.\",\"publisher\":{\"@id\":\"https:\\\/\\\/www.organisator.ch\\\/#organization\"},\"potentialAction\":[{\"@type\":\"SearchAction\",\"target\":{\"@type\":\"EntryPoint\",\"urlTemplate\":\"https:\\\/\\\/www.organisator.ch\\\/?s={search_term_string}\"},\"query-input\":{\"@type\":\"PropertyValueSpecification\",\"valueRequired\":true,\"valueName\":\"search_term_string\"}}],\"inLanguage\":\"it-IT\"},{\"@type\":\"Organization\",\"@id\":\"https:\\\/\\\/www.organisator.ch\\\/#organization\",\"name\":\"Organisator\",\"url\":\"https:\\\/\\\/www.organisator.ch\\\/\",\"logo\":{\"@type\":\"ImageObject\",\"inLanguage\":\"it-IT\",\"@id\":\"https:\\\/\\\/www.organisator.ch\\\/#\\\/schema\\\/logo\\\/image\\\/\",\"url\":\"https:\\\/\\\/www.organisator.ch\\\/wp-content\\\/uploads\\\/2022\\\/01\\\/Logo_Organisator_Website.png\",\"contentUrl\":\"https:\\\/\\\/www.organisator.ch\\\/wp-content\\\/uploads\\\/2022\\\/01\\\/Logo_Organisator_Website.png\",\"width\":800,\"height\":77,\"caption\":\"Organisator\"},\"image\":{\"@id\":\"https:\\\/\\\/www.organisator.ch\\\/#\\\/schema\\\/logo\\\/image\\\/\"},\"sameAs\":[\"https:\\\/\\\/www.facebook.com\\\/OrganisatorFachmagazin\",\"https:\\\/\\\/www.linkedin.com\\\/showcase\\\/organisator-das-magazin-fr-kmu\",\"https:\\\/\\\/www.xing.com\\\/news\\\/pages\\\/organisator-ch-695\",\"https:\\\/\\\/www.youtube.com\\\/channel\\\/UCGP2Sq0iWaZwT3BdIAQFYpw\"]},{\"@type\":\"Person\",\"@id\":\"https:\\\/\\\/www.organisator.ch\\\/#\\\/schema\\\/person\\\/a800b8c54e208b160517a7dcc323161d\",\"name\":\"roger.straessle\",\"image\":{\"@type\":\"ImageObject\",\"inLanguage\":\"it-IT\",\"@id\":\"https:\\\/\\\/secure.gravatar.com\\\/avatar\\\/?s=96&d=mm&r=g\",\"url\":\"https:\\\/\\\/secure.gravatar.com\\\/avatar\\\/?s=96&d=mm&r=g\",\"contentUrl\":\"https:\\\/\\\/secure.gravatar.com\\\/avatar\\\/?s=96&d=mm&r=g\",\"caption\":\"roger.straessle\"},\"url\":\"https:\\\/\\\/www.organisator.ch\\\/it\\\/author\\\/roger-straessle\\\/\"}]}<\/script>\n<!-- \/ Yoast SEO plugin. -->","yoast_head_json":{"title":"Adattare la protezione dalle inondazioni ai nuovi pericoli - Consultazione - Organizzatore","description":"La legge federale sull'ingegneria idraulica (WBG) \u00e8 in fase di revisione. Il Consiglio federale lo ha inviato in consultazione il 14 aprile 2021.","robots":{"index":"index","follow":"follow","max-snippet":"max-snippet:-1","max-image-preview":"max-image-preview:large","max-video-preview":"max-video-preview:-1"},"canonical":"https:\/\/www.organisator.ch\/it\/sostenibilita\/2021-04-15\/hochwasserschutz-den-neuen-gefahren-anpassen-vernehmlassung\/","og_locale":"it_IT","og_type":"article","og_title":"Hochwasserschutz den neuen Gefahren anpassen \u2013 Vernehmlassung - Organisator","og_description":"Die Bundesgesetz \u00fcber den Wasserbau (WBG) wird neu geregelt. Der Bundesrat hat es am 14. April 2021 in Vernehmlassung geschickt.","og_url":"https:\/\/www.organisator.ch\/it\/sostenibilita\/2021-04-15\/hochwasserschutz-den-neuen-gefahren-anpassen-vernehmlassung\/","og_site_name":"Organisator","article_publisher":"https:\/\/www.facebook.com\/OrganisatorFachmagazin","article_published_time":"2021-04-15T04:29:42+00:00","article_modified_time":"2022-02-09T10:10:48+00:00","og_image":[{"width":1000,"height":667,"url":"https:\/\/www.organisator.ch\/wp-content\/uploads\/2021\/04\/Depositphotos_26333359_s-2019.jpg","type":"image\/jpeg"}],"author":"roger.straessle","twitter_card":"summary_large_image","schema":{"@context":"https:\/\/schema.org","@graph":[{"@type":"Article","@id":"https:\/\/www.organisator.ch\/sustainability\/2021-04-15\/hochwasserschutz-den-neuen-gefahren-anpassen-vernehmlassung\/#article","isPartOf":{"@id":"https:\/\/www.organisator.ch\/sustainability\/2021-04-15\/hochwasserschutz-den-neuen-gefahren-anpassen-vernehmlassung\/"},"author":{"name":"roger.straessle","@id":"https:\/\/www.organisator.ch\/#\/schema\/person\/a800b8c54e208b160517a7dcc323161d"},"headline":"Hochwasserschutz den neuen Gefahren anpassen \u2013 Vernehmlassung","datePublished":"2021-04-15T04:29:42+00:00","dateModified":"2022-02-09T10:10:48+00:00","mainEntityOfPage":{"@id":"https:\/\/www.organisator.ch\/sustainability\/2021-04-15\/hochwasserschutz-den-neuen-gefahren-anpassen-vernehmlassung\/"},"wordCount":368,"publisher":{"@id":"https:\/\/www.organisator.ch\/#organization"},"image":{"@id":"https:\/\/www.organisator.ch\/sustainability\/2021-04-15\/hochwasserschutz-den-neuen-gefahren-anpassen-vernehmlassung\/#primaryimage"},"thumbnailUrl":"https:\/\/www.organisator.ch\/wp-content\/uploads\/2021\/04\/Depositphotos_26333359_s-2019.jpg","keywords":["Hochwasserschutz","Hochwasserschutzgesetz","Naturgefahr","Notfallplanung","Risikomanagement","Schutzwald","Wasserbaugesetz"],"articleSection":["SUSTAINABILITY"],"inLanguage":"it-IT"},{"@type":"WebPage","@id":"https:\/\/www.organisator.ch\/sustainability\/2021-04-15\/hochwasserschutz-den-neuen-gefahren-anpassen-vernehmlassung\/","url":"https:\/\/www.organisator.ch\/sustainability\/2021-04-15\/hochwasserschutz-den-neuen-gefahren-anpassen-vernehmlassung\/","name":"Adattare la protezione dalle inondazioni ai nuovi pericoli - Consultazione - Organizzatore","isPartOf":{"@id":"https:\/\/www.organisator.ch\/#website"},"primaryImageOfPage":{"@id":"https:\/\/www.organisator.ch\/sustainability\/2021-04-15\/hochwasserschutz-den-neuen-gefahren-anpassen-vernehmlassung\/#primaryimage"},"image":{"@id":"https:\/\/www.organisator.ch\/sustainability\/2021-04-15\/hochwasserschutz-den-neuen-gefahren-anpassen-vernehmlassung\/#primaryimage"},"thumbnailUrl":"https:\/\/www.organisator.ch\/wp-content\/uploads\/2021\/04\/Depositphotos_26333359_s-2019.jpg","datePublished":"2021-04-15T04:29:42+00:00","dateModified":"2022-02-09T10:10:48+00:00","description":"La legge federale sull'ingegneria idraulica (WBG) \u00e8 in fase di revisione. Il Consiglio federale lo ha inviato in consultazione il 14 aprile 2021.","breadcrumb":{"@id":"https:\/\/www.organisator.ch\/sustainability\/2021-04-15\/hochwasserschutz-den-neuen-gefahren-anpassen-vernehmlassung\/#breadcrumb"},"inLanguage":"it-IT","potentialAction":[{"@type":"ReadAction","target":["https:\/\/www.organisator.ch\/sustainability\/2021-04-15\/hochwasserschutz-den-neuen-gefahren-anpassen-vernehmlassung\/"]}]},{"@type":"ImageObject","inLanguage":"it-IT","@id":"https:\/\/www.organisator.ch\/sustainability\/2021-04-15\/hochwasserschutz-den-neuen-gefahren-anpassen-vernehmlassung\/#primaryimage","url":"https:\/\/www.organisator.ch\/wp-content\/uploads\/2021\/04\/Depositphotos_26333359_s-2019.jpg","contentUrl":"https:\/\/www.organisator.ch\/wp-content\/uploads\/2021\/04\/Depositphotos_26333359_s-2019.jpg","width":1000,"height":667,"caption":"\u00a9 Depositphotos, Chalabala"},{"@type":"BreadcrumbList","@id":"https:\/\/www.organisator.ch\/sustainability\/2021-04-15\/hochwasserschutz-den-neuen-gefahren-anpassen-vernehmlassung\/#breadcrumb","itemListElement":[{"@type":"ListItem","position":1,"name":"Home","item":"https:\/\/www.organisator.ch\/"},{"@type":"ListItem","position":2,"name":"Hochwasserschutz den neuen Gefahren anpassen \u2013 Vernehmlassung"}]},{"@type":"WebSite","@id":"https:\/\/www.organisator.ch\/#website","url":"https:\/\/www.organisator.ch\/","name":"Organizzatore","description":"Competente. Pratico. In 10 numeri all'anno, ORGANISATOR presenta i temi essenziali per i manager delle PMI.","publisher":{"@id":"https:\/\/www.organisator.ch\/#organization"},"potentialAction":[{"@type":"SearchAction","target":{"@type":"EntryPoint","urlTemplate":"https:\/\/www.organisator.ch\/?s={search_term_string}"},"query-input":{"@type":"PropertyValueSpecification","valueRequired":true,"valueName":"search_term_string"}}],"inLanguage":"it-IT"},{"@type":"Organization","@id":"https:\/\/www.organisator.ch\/#organization","name":"Organizzatore","url":"https:\/\/www.organisator.ch\/","logo":{"@type":"ImageObject","inLanguage":"it-IT","@id":"https:\/\/www.organisator.ch\/#\/schema\/logo\/image\/","url":"https:\/\/www.organisator.ch\/wp-content\/uploads\/2022\/01\/Logo_Organisator_Website.png","contentUrl":"https:\/\/www.organisator.ch\/wp-content\/uploads\/2022\/01\/Logo_Organisator_Website.png","width":800,"height":77,"caption":"Organisator"},"image":{"@id":"https:\/\/www.organisator.ch\/#\/schema\/logo\/image\/"},"sameAs":["https:\/\/www.facebook.com\/OrganisatorFachmagazin","https:\/\/www.linkedin.com\/showcase\/organisator-das-magazin-fr-kmu","https:\/\/www.xing.com\/news\/pages\/organisator-ch-695","https:\/\/www.youtube.com\/channel\/UCGP2Sq0iWaZwT3BdIAQFYpw"]},{"@type":"Person","@id":"https:\/\/www.organisator.ch\/#\/schema\/person\/a800b8c54e208b160517a7dcc323161d","name":"roger.straessle","image":{"@type":"ImageObject","inLanguage":"it-IT","@id":"https:\/\/secure.gravatar.com\/avatar\/?s=96&d=mm&r=g","url":"https:\/\/secure.gravatar.com\/avatar\/?s=96&d=mm&r=g","contentUrl":"https:\/\/secure.gravatar.com\/avatar\/?s=96&d=mm&r=g","caption":"roger.straessle"},"url":"https:\/\/www.organisator.ch\/it\/author\/roger-straessle\/"}]}},"_links":{"self":[{"href":"https:\/\/www.organisator.ch\/it\/wp-json\/wp\/v2\/posts\/10269","targetHints":{"allow":["GET"]}}],"collection":[{"href":"https:\/\/www.organisator.ch\/it\/wp-json\/wp\/v2\/posts"}],"about":[{"href":"https:\/\/www.organisator.ch\/it\/wp-json\/wp\/v2\/types\/post"}],"author":[{"embeddable":true,"href":"https:\/\/www.organisator.ch\/it\/wp-json\/wp\/v2\/users\/6"}],"replies":[{"embeddable":true,"href":"https:\/\/www.organisator.ch\/it\/wp-json\/wp\/v2\/comments?post=10269"}],"version-history":[{"count":1,"href":"https:\/\/www.organisator.ch\/it\/wp-json\/wp\/v2\/posts\/10269\/revisions"}],"predecessor-version":[{"id":10990,"href":"https:\/\/www.organisator.ch\/it\/wp-json\/wp\/v2\/posts\/10269\/revisions\/10990"}],"wp:featuredmedia":[{"embeddable":true,"href":"https:\/\/www.organisator.ch\/it\/wp-json\/wp\/v2\/media\/9787"}],"wp:attachment":[{"href":"https:\/\/www.organisator.ch\/it\/wp-json\/wp\/v2\/media?parent=10269"}],"wp:term":[{"taxonomy":"category","embeddable":true,"href":"https:\/\/www.organisator.ch\/it\/wp-json\/wp\/v2\/categories?post=10269"},{"taxonomy":"post_tag","embeddable":true,"href":"https:\/\/www.organisator.ch\/it\/wp-json\/wp\/v2\/tags?post=10269"}],"curies":[{"name":"wp","href":"https:\/\/api.w.org\/{rel}","templated":true}]}}