{"id":1027,"date":"2016-08-09T08:44:59","date_gmt":"2016-08-09T06:44:59","guid":{"rendered":"http:\/\/dev.organisator.ch\/?p=1027"},"modified":"2016-08-09T08:44:59","modified_gmt":"2016-08-09T06:44:59","slug":"unternehmen-im-preiskrieg-sieben-strategische-massnahmen","status":"publish","type":"post","link":"https:\/\/www.organisator.ch\/it\/management\/2016-08-09\/unternehmen-im-preiskrieg-sieben-strategische-massnahmen\/","title":{"rendered":"Aziende nella guerra dei prezzi: sette misure strategiche"},"content":{"rendered":"<figure id=\"attachment_1028\" aria-describedby=\"caption-attachment-1028\" style=\"width: 480px\" class=\"wp-caption alignnone\"><img loading=\"lazy\" decoding=\"async\" class=\"size-full wp-image-1028\" src=\"https:\/\/www.organisator.ch\/wp-content\/uploads\/2016\/12\/Unternehmen-im-Preiskrieg-Sieben-strategische-Massnahmen-organisator.jpg\" alt=\"\" width=\"480\" height=\"480\" srcset=\"https:\/\/www.organisator.ch\/wp-content\/uploads\/2016\/12\/Unternehmen-im-Preiskrieg-Sieben-strategische-Massnahmen-organisator.jpg 480w, https:\/\/www.organisator.ch\/wp-content\/uploads\/2016\/12\/Unternehmen-im-Preiskrieg-Sieben-strategische-Massnahmen-organisator-150x150.jpg 150w, https:\/\/www.organisator.ch\/wp-content\/uploads\/2016\/12\/Unternehmen-im-Preiskrieg-Sieben-strategische-Massnahmen-organisator-12x12.jpg 12w, https:\/\/www.organisator.ch\/wp-content\/uploads\/2016\/12\/Unternehmen-im-Preiskrieg-Sieben-strategische-Massnahmen-organisator-175x175.jpg 175w, https:\/\/www.organisator.ch\/wp-content\/uploads\/2016\/12\/Unternehmen-im-Preiskrieg-Sieben-strategische-Massnahmen-organisator-350x350.jpg 350w, https:\/\/www.organisator.ch\/wp-content\/uploads\/2016\/12\/Unternehmen-im-Preiskrieg-Sieben-strategische-Massnahmen-organisator-250x250.jpg 250w, https:\/\/www.organisator.ch\/wp-content\/uploads\/2016\/12\/Unternehmen-im-Preiskrieg-Sieben-strategische-Massnahmen-organisator-300x300.jpg 300w, https:\/\/www.organisator.ch\/wp-content\/uploads\/2016\/12\/Unternehmen-im-Preiskrieg-Sieben-strategische-Massnahmen-organisator-100x100.jpg 100w\" sizes=\"auto, (max-width: 480px) 100vw, 480px\" \/><figcaption id=\"caption-attachment-1028\" class=\"wp-caption-text\">Una battaglia di sconti senza fine: molte aziende si trovano in una vera e propria guerra dei prezzi. (Immagine: Fotolia.com)<\/figcaption><\/figure>\n<p>L'ultimo indice nazionale dei prezzi al consumo riporta un'inflazione in calo: in Svizzera, lo shopping - per esempio per vestiti e scarpe - \u00e8 diventato di nuovo pi\u00f9 economico il mese scorso, dello 0,4 per cento. Mentre i consumatori sono felici di questo, le aziende non hanno niente di cui sorridere, come mostra l'ultimo studio globale sui prezzi della societ\u00e0 di consulenza Simon Kucher &amp; Partners: Otto aziende su dieci lamentano una crescente pressione sui prezzi in tutti i settori. Una maggioranza (49%) si vede addirittura in una guerra dei prezzi. Questo \u00e8 il risultato di un sondaggio su circa 2.200 manager con posizioni di rilievo in aziende di tutti i settori in pi\u00f9 di 40 paesi.<\/p>\n<p><strong>Il margine continua a diminuire nel 2016<\/strong><\/p>\n<p>Come ragione pi\u00f9 importante per l'aumento della pressione sui prezzi, gli intervistati nominano la concorrenza pi\u00f9 forte con i fornitori a basso prezzo e il maggiore potere contrattuale dei clienti. Di conseguenza, \u00e8 attualmente molto difficile migliorare i margini di profitto. Solo sei aziende su dieci nello studio dicono di aver aumentato i loro margini rispetto all'anno precedente. \"Il problema peggiorer\u00e0, perch\u00e9 gli aumenti salariali portano ad aumenti dei costi fino al tre per cento in molti settori\", dice il dottor Georg Tacke, CEO di Simon-Kucher &amp; Partners, \"il che continua a intaccare i profitti\". Le aziende tedesche, per esempio, parlano di un calo dei margini dello 0,7%.<\/p>\n<p><strong>Le aziende di maggior successo sono anche pi\u00f9 professionali quando si tratta di prezzi.<\/strong><\/p>\n<p>In questo contesto, la maggior parte delle aziende ammette di aver investito troppo poco nella loro gestione dei prezzi finora. L'87% degli intervistati vede una significativa necessit\u00e0 di miglioramento nella strategia dei prezzi, nel controllo dei prezzi e negli strumenti di supporto. Che questo valga decisamente la pena \u00e8 dimostrato dal 'meglio' del Global Pricing Study, al quale appartiene il 13% delle aziende. Investendo nella loro gestione dei prezzi, sono in una posizione molto migliore dei loro concorrenti. Misurati in termini di margine EBITDA, i loro profitti sono circa un quarto (27%) pi\u00f9 alti di quelli del \"resto\". I migliori sono pi\u00f9 professionali in quasi tutte le aree di prezzo. Per esempio, organizzano aumenti regolari dei prezzi come progetti interfunzionali. Di conseguenza, il tasso di applicazione dei prezzi \u00e8 del 38% pi\u00f9 alto che per il 'resto'\".<\/p>\n<p><strong>Nuovi prodotti e migliore comunicazione del valore contro la pressione dei prezzi<\/strong><\/p>\n<p>La buona notizia: secondo lo studio, quasi tutte le aziende - non solo le migliori - hanno ormai capito che devono difendersi sistematicamente dalla crescente pressione sui prezzi. Due terzi delle aziende (66%) si affidano a nuovi prodotti per sfuggire alla pressione dei prezzi. Per la met\u00e0 degli intervistati (50%), una migliore comunicazione del valore dei prodotti \u00e8 l'opzione pi\u00f9 appropriata. \"Questi sono primi passi importanti. Ma per raggiungere il livello dei migliori, sono necessari da tre a cinque anni di duro lavoro\", sa Tacke.<\/p>\n<p><strong>Sette misure immediate a livello strategico<\/strong><\/p>\n<p>Come conseguenza dei risultati del sondaggio, gli autori dello studio raccomandano sette misure strategiche che dirigenti e manager possono applicare per sfuggire alla pressione dei prezzi e aumentare i profitti:<strong>\u00a0<\/strong><\/p>\n<ol>\n<li><strong>Priorit\u00e0:<\/strong> Fate della strategia e della gestione dei prezzi la vostra priorit\u00e0 assoluta: nessun taglio dei prezzi senza un esame dettagliato<\/li>\n<li><strong>Ambizione:<\/strong> Fissare obiettivi di prezzo pi\u00f9 ambiziosi<\/li>\n<li><strong>Gestione dei prezzi su misura:<\/strong> Sviluppare strategie di prezzo specifiche invece di affidarsi a soluzioni standard<\/li>\n<li><strong>Set di incentivi:<\/strong> Gli aumenti di prezzo comportano spesso rischi di vendita e viceversa. Assicuratevi che i vostri schemi di incentivi ricompensino lo sviluppo positivo dei prezzi oltre alle vendite.<\/li>\n<li><strong>Personale e organizzazione:<\/strong> Investire nella costruzione di un dipartimento di pricing e di competenze di pricing, definire ruoli e responsabilit\u00e0 nel processo di pricing<\/li>\n<li><strong>Leadership:<\/strong> Mettere regolarmente all'ordine del giorno delle riunioni del consiglio di amministrazione le decisioni sulla strategia dei prezzi.<\/li>\n<li><strong>\"Pronto per il digitale\":<\/strong> Controlla se il tuo modello di prezzi \u00e8 pronto per l'era digitale<\/li>\n<\/ol>\n<p><em>Fonte: <a href=\"http:\/\/www.simon-kucher.com\" target=\"_blank\" rel=\"noreferrer noopener\" data-cke-saved-href=\"http:\/\/www.simon-kucher.com\">Simon Kucher &amp; Partner<\/a><\/em><\/p>","protected":false},"excerpt":{"rendered":"<p>Der j\u00fcngste Landesindex der Konsumentenpreise vermeldet eine sinkende Teuerung: In der Schweiz wurde Einkaufen &#8211; etwa von Kleidern und Schuhen &#8211; im letzten Monat erneut g\u00fcnstiger, und zwar um 0,4 Prozent. W\u00e4hrend dies die Konsumenten freut, haben Unternehmen nichts zu lachen, wie die j\u00fcngste Global Pricing Studie des Beratungsunternehmens Simon Kucher &amp; Partners zeigt: Acht [&hellip;]<\/p>\n","protected":false},"author":1,"featured_media":1028,"comment_status":"open","ping_status":"open","sticky":false,"template":"","format":"standard","meta":{"_acf_changed":false,"_yoast_wpseo_focuskw":"Preiskrieg","_yoast_wpseo_metadesc":"Mehr Niedrigpreiswettbewerb und gr\u00f6\u00dfere Verhandlungsmacht der Kunden \u2013 das sind nur zwei Gr\u00fcnde f\u00fcr den zunehmenden Preisdruck.","articlekey":"","footnotes":""},"categories":[28],"tags":[335],"class_list":["post-1027","post","type-post","status-publish","format-standard","has-post-thumbnail","hentry","category-management","tag-management-und-unternehmensfuehrung"],"acf":[],"yoast_head":"<!-- This site is optimized with the Yoast SEO plugin v27.5 - https:\/\/yoast.com\/product\/yoast-seo-wordpress\/ -->\n<title>Unternehmen im Preiskrieg: Sieben strategische Massnahmen - Organisator<\/title>\n<meta name=\"description\" content=\"Mehr Niedrigpreiswettbewerb und gr\u00f6\u00dfere Verhandlungsmacht der Kunden \u2013 das sind nur zwei Gr\u00fcnde f\u00fcr den zunehmenden Preisdruck.\" \/>\n<meta name=\"robots\" content=\"index, follow, max-snippet:-1, max-image-preview:large, max-video-preview:-1\" \/>\n<link rel=\"canonical\" href=\"https:\/\/www.organisator.ch\/it\/gestione-2\/2016-08-09\/unternehmen-im-preiskrieg-sieben-strategische-massnahmen\/\" \/>\n<meta property=\"og:locale\" content=\"it_IT\" \/>\n<meta property=\"og:type\" content=\"article\" \/>\n<meta property=\"og:title\" content=\"Unternehmen im Preiskrieg: Sieben strategische Massnahmen\" \/>\n<meta property=\"og:description\" content=\"Mehr Niedrigpreiswettbewerb und gr\u00f6\u00dfere Verhandlungsmacht der Kunden \u2013 das sind nur zwei Gr\u00fcnde f\u00fcr den zunehmenden Preisdruck. Unternehmen k\u00f6nnen gegensteuern, wenn sie auf das richtige Preismanagement setzen.\" \/>\n<meta property=\"og:url\" content=\"https:\/\/www.organisator.ch\/it\/gestione-2\/2016-08-09\/unternehmen-im-preiskrieg-sieben-strategische-massnahmen\/\" \/>\n<meta property=\"og:site_name\" content=\"Organisator\" \/>\n<meta property=\"article:publisher\" content=\"https:\/\/www.facebook.com\/OrganisatorFachmagazin\" \/>\n<meta property=\"article:published_time\" content=\"2016-08-09T06:44:59+00:00\" \/>\n<meta name=\"author\" content=\"admin\" \/>\n<meta name=\"twitter:card\" content=\"summary_large_image\" \/>\n<meta name=\"twitter:image\" content=\"https:\/\/www.organisator.ch\/wp-content\/uploads\/2016\/12\/Unternehmen-im-Preiskrieg-Sieben-strategische-Massnahmen-organisator.jpg\" \/>\n<script type=\"application\/ld+json\" class=\"yoast-schema-graph\">{\"@context\":\"https:\\\/\\\/schema.org\",\"@graph\":[{\"@type\":\"Article\",\"@id\":\"https:\\\/\\\/www.organisator.ch\\\/management\\\/2016-08-09\\\/unternehmen-im-preiskrieg-sieben-strategische-massnahmen\\\/#article\",\"isPartOf\":{\"@id\":\"https:\\\/\\\/www.organisator.ch\\\/management\\\/2016-08-09\\\/unternehmen-im-preiskrieg-sieben-strategische-massnahmen\\\/\"},\"author\":{\"name\":\"admin\",\"@id\":\"https:\\\/\\\/www.organisator.ch\\\/#\\\/schema\\\/person\\\/aa2bace6c5c5aad60102004a50c4eb1c\"},\"headline\":\"Unternehmen im Preiskrieg: Sieben strategische Massnahmen\",\"datePublished\":\"2016-08-09T06:44:59+00:00\",\"mainEntityOfPage\":{\"@id\":\"https:\\\/\\\/www.organisator.ch\\\/management\\\/2016-08-09\\\/unternehmen-im-preiskrieg-sieben-strategische-massnahmen\\\/\"},\"wordCount\":604,\"commentCount\":0,\"publisher\":{\"@id\":\"https:\\\/\\\/www.organisator.ch\\\/#organization\"},\"image\":{\"@id\":\"https:\\\/\\\/www.organisator.ch\\\/management\\\/2016-08-09\\\/unternehmen-im-preiskrieg-sieben-strategische-massnahmen\\\/#primaryimage\"},\"thumbnailUrl\":\"https:\\\/\\\/www.organisator.ch\\\/wp-content\\\/uploads\\\/2016\\\/12\\\/Unternehmen-im-Preiskrieg-Sieben-strategische-Massnahmen-organisator.jpg\",\"keywords\":[\"Management und Unternehmensf\u00fchrung\"],\"articleSection\":[\"MANAGEMENT\"],\"inLanguage\":\"it-IT\"},{\"@type\":\"WebPage\",\"@id\":\"https:\\\/\\\/www.organisator.ch\\\/management\\\/2016-08-09\\\/unternehmen-im-preiskrieg-sieben-strategische-massnahmen\\\/\",\"url\":\"https:\\\/\\\/www.organisator.ch\\\/management\\\/2016-08-09\\\/unternehmen-im-preiskrieg-sieben-strategische-massnahmen\\\/\",\"name\":\"Unternehmen im Preiskrieg: Sieben strategische Massnahmen - Organisator\",\"isPartOf\":{\"@id\":\"https:\\\/\\\/www.organisator.ch\\\/#website\"},\"primaryImageOfPage\":{\"@id\":\"https:\\\/\\\/www.organisator.ch\\\/management\\\/2016-08-09\\\/unternehmen-im-preiskrieg-sieben-strategische-massnahmen\\\/#primaryimage\"},\"image\":{\"@id\":\"https:\\\/\\\/www.organisator.ch\\\/management\\\/2016-08-09\\\/unternehmen-im-preiskrieg-sieben-strategische-massnahmen\\\/#primaryimage\"},\"thumbnailUrl\":\"https:\\\/\\\/www.organisator.ch\\\/wp-content\\\/uploads\\\/2016\\\/12\\\/Unternehmen-im-Preiskrieg-Sieben-strategische-Massnahmen-organisator.jpg\",\"datePublished\":\"2016-08-09T06:44:59+00:00\",\"description\":\"Mehr Niedrigpreiswettbewerb und gr\u00f6\u00dfere Verhandlungsmacht der Kunden \u2013 das sind nur zwei Gr\u00fcnde f\u00fcr den zunehmenden Preisdruck.\",\"breadcrumb\":{\"@id\":\"https:\\\/\\\/www.organisator.ch\\\/management\\\/2016-08-09\\\/unternehmen-im-preiskrieg-sieben-strategische-massnahmen\\\/#breadcrumb\"},\"inLanguage\":\"it-IT\",\"potentialAction\":[{\"@type\":\"ReadAction\",\"target\":[\"https:\\\/\\\/www.organisator.ch\\\/management\\\/2016-08-09\\\/unternehmen-im-preiskrieg-sieben-strategische-massnahmen\\\/\"]}]},{\"@type\":\"ImageObject\",\"inLanguage\":\"it-IT\",\"@id\":\"https:\\\/\\\/www.organisator.ch\\\/management\\\/2016-08-09\\\/unternehmen-im-preiskrieg-sieben-strategische-massnahmen\\\/#primaryimage\",\"url\":\"https:\\\/\\\/www.organisator.ch\\\/wp-content\\\/uploads\\\/2016\\\/12\\\/Unternehmen-im-Preiskrieg-Sieben-strategische-Massnahmen-organisator.jpg\",\"contentUrl\":\"https:\\\/\\\/www.organisator.ch\\\/wp-content\\\/uploads\\\/2016\\\/12\\\/Unternehmen-im-Preiskrieg-Sieben-strategische-Massnahmen-organisator.jpg\",\"width\":480,\"height\":480,\"caption\":\"Rabattschlacht ohne Ende: Viele Unternehmen sehen sich in einem veritablen Preiskrieg. (Bild: Fotolia.com)\"},{\"@type\":\"BreadcrumbList\",\"@id\":\"https:\\\/\\\/www.organisator.ch\\\/management\\\/2016-08-09\\\/unternehmen-im-preiskrieg-sieben-strategische-massnahmen\\\/#breadcrumb\",\"itemListElement\":[{\"@type\":\"ListItem\",\"position\":1,\"name\":\"Home\",\"item\":\"https:\\\/\\\/www.organisator.ch\\\/\"},{\"@type\":\"ListItem\",\"position\":2,\"name\":\"Unternehmen im Preiskrieg: Sieben strategische Massnahmen\"}]},{\"@type\":\"WebSite\",\"@id\":\"https:\\\/\\\/www.organisator.ch\\\/#website\",\"url\":\"https:\\\/\\\/www.organisator.ch\\\/\",\"name\":\"Organisator\",\"description\":\"Kompetent. Praxisnah. Der ORGANISATOR bereitet in 10 Ausgaben pro Jahr die wesentlichen Themen f\u00fcr F\u00fchrungskr\u00e4fte von KMU auf.\",\"publisher\":{\"@id\":\"https:\\\/\\\/www.organisator.ch\\\/#organization\"},\"potentialAction\":[{\"@type\":\"SearchAction\",\"target\":{\"@type\":\"EntryPoint\",\"urlTemplate\":\"https:\\\/\\\/www.organisator.ch\\\/?s={search_term_string}\"},\"query-input\":{\"@type\":\"PropertyValueSpecification\",\"valueRequired\":true,\"valueName\":\"search_term_string\"}}],\"inLanguage\":\"it-IT\"},{\"@type\":\"Organization\",\"@id\":\"https:\\\/\\\/www.organisator.ch\\\/#organization\",\"name\":\"Organisator\",\"url\":\"https:\\\/\\\/www.organisator.ch\\\/\",\"logo\":{\"@type\":\"ImageObject\",\"inLanguage\":\"it-IT\",\"@id\":\"https:\\\/\\\/www.organisator.ch\\\/#\\\/schema\\\/logo\\\/image\\\/\",\"url\":\"https:\\\/\\\/www.organisator.ch\\\/wp-content\\\/uploads\\\/2022\\\/01\\\/Logo_Organisator_Website.png\",\"contentUrl\":\"https:\\\/\\\/www.organisator.ch\\\/wp-content\\\/uploads\\\/2022\\\/01\\\/Logo_Organisator_Website.png\",\"width\":800,\"height\":77,\"caption\":\"Organisator\"},\"image\":{\"@id\":\"https:\\\/\\\/www.organisator.ch\\\/#\\\/schema\\\/logo\\\/image\\\/\"},\"sameAs\":[\"https:\\\/\\\/www.facebook.com\\\/OrganisatorFachmagazin\",\"https:\\\/\\\/www.linkedin.com\\\/showcase\\\/organisator-das-magazin-fr-kmu\",\"https:\\\/\\\/www.xing.com\\\/news\\\/pages\\\/organisator-ch-695\",\"https:\\\/\\\/www.youtube.com\\\/channel\\\/UCGP2Sq0iWaZwT3BdIAQFYpw\"]},{\"@type\":\"Person\",\"@id\":\"https:\\\/\\\/www.organisator.ch\\\/#\\\/schema\\\/person\\\/aa2bace6c5c5aad60102004a50c4eb1c\",\"name\":\"admin\",\"image\":{\"@type\":\"ImageObject\",\"inLanguage\":\"it-IT\",\"@id\":\"https:\\\/\\\/secure.gravatar.com\\\/avatar\\\/ae2f4d718e6c49043e314ce431e7e645d646302a24a5ef5a8bc8e3f5a032e319?s=96&d=mm&r=g\",\"url\":\"https:\\\/\\\/secure.gravatar.com\\\/avatar\\\/ae2f4d718e6c49043e314ce431e7e645d646302a24a5ef5a8bc8e3f5a032e319?s=96&d=mm&r=g\",\"contentUrl\":\"https:\\\/\\\/secure.gravatar.com\\\/avatar\\\/ae2f4d718e6c49043e314ce431e7e645d646302a24a5ef5a8bc8e3f5a032e319?s=96&d=mm&r=g\",\"caption\":\"admin\"},\"sameAs\":[\"https:\\\/\\\/www.organisator.ch\"],\"url\":\"https:\\\/\\\/www.organisator.ch\\\/it\\\/author\\\/admin\\\/\"}]}<\/script>\n<!-- \/ Yoast SEO plugin. -->","yoast_head_json":{"title":"Le aziende nella guerra dei prezzi: sette misure strategiche - Organizzatore","description":"Maggiore concorrenza a basso prezzo e maggiore potere contrattuale dei clienti: queste sono solo due delle ragioni della crescente pressione sui prezzi.","robots":{"index":"index","follow":"follow","max-snippet":"max-snippet:-1","max-image-preview":"max-image-preview:large","max-video-preview":"max-video-preview:-1"},"canonical":"https:\/\/www.organisator.ch\/it\/gestione-2\/2016-08-09\/unternehmen-im-preiskrieg-sieben-strategische-massnahmen\/","og_locale":"it_IT","og_type":"article","og_title":"Unternehmen im Preiskrieg: Sieben strategische Massnahmen","og_description":"Mehr Niedrigpreiswettbewerb und gr\u00f6\u00dfere Verhandlungsmacht der Kunden \u2013 das sind nur zwei Gr\u00fcnde f\u00fcr den zunehmenden Preisdruck. Unternehmen k\u00f6nnen gegensteuern, wenn sie auf das richtige Preismanagement setzen.","og_url":"https:\/\/www.organisator.ch\/it\/gestione-2\/2016-08-09\/unternehmen-im-preiskrieg-sieben-strategische-massnahmen\/","og_site_name":"Organisator","article_publisher":"https:\/\/www.facebook.com\/OrganisatorFachmagazin","article_published_time":"2016-08-09T06:44:59+00:00","author":"admin","twitter_card":"summary_large_image","twitter_image":"https:\/\/www.organisator.ch\/wp-content\/uploads\/2016\/12\/Unternehmen-im-Preiskrieg-Sieben-strategische-Massnahmen-organisator.jpg","schema":{"@context":"https:\/\/schema.org","@graph":[{"@type":"Article","@id":"https:\/\/www.organisator.ch\/management\/2016-08-09\/unternehmen-im-preiskrieg-sieben-strategische-massnahmen\/#article","isPartOf":{"@id":"https:\/\/www.organisator.ch\/management\/2016-08-09\/unternehmen-im-preiskrieg-sieben-strategische-massnahmen\/"},"author":{"name":"admin","@id":"https:\/\/www.organisator.ch\/#\/schema\/person\/aa2bace6c5c5aad60102004a50c4eb1c"},"headline":"Unternehmen im Preiskrieg: Sieben strategische Massnahmen","datePublished":"2016-08-09T06:44:59+00:00","mainEntityOfPage":{"@id":"https:\/\/www.organisator.ch\/management\/2016-08-09\/unternehmen-im-preiskrieg-sieben-strategische-massnahmen\/"},"wordCount":604,"commentCount":0,"publisher":{"@id":"https:\/\/www.organisator.ch\/#organization"},"image":{"@id":"https:\/\/www.organisator.ch\/management\/2016-08-09\/unternehmen-im-preiskrieg-sieben-strategische-massnahmen\/#primaryimage"},"thumbnailUrl":"https:\/\/www.organisator.ch\/wp-content\/uploads\/2016\/12\/Unternehmen-im-Preiskrieg-Sieben-strategische-Massnahmen-organisator.jpg","keywords":["Management und Unternehmensf\u00fchrung"],"articleSection":["MANAGEMENT"],"inLanguage":"it-IT"},{"@type":"WebPage","@id":"https:\/\/www.organisator.ch\/management\/2016-08-09\/unternehmen-im-preiskrieg-sieben-strategische-massnahmen\/","url":"https:\/\/www.organisator.ch\/management\/2016-08-09\/unternehmen-im-preiskrieg-sieben-strategische-massnahmen\/","name":"Le aziende nella guerra dei prezzi: sette misure strategiche - Organizzatore","isPartOf":{"@id":"https:\/\/www.organisator.ch\/#website"},"primaryImageOfPage":{"@id":"https:\/\/www.organisator.ch\/management\/2016-08-09\/unternehmen-im-preiskrieg-sieben-strategische-massnahmen\/#primaryimage"},"image":{"@id":"https:\/\/www.organisator.ch\/management\/2016-08-09\/unternehmen-im-preiskrieg-sieben-strategische-massnahmen\/#primaryimage"},"thumbnailUrl":"https:\/\/www.organisator.ch\/wp-content\/uploads\/2016\/12\/Unternehmen-im-Preiskrieg-Sieben-strategische-Massnahmen-organisator.jpg","datePublished":"2016-08-09T06:44:59+00:00","description":"Maggiore concorrenza a basso prezzo e maggiore potere contrattuale dei clienti: queste sono solo due delle ragioni della crescente pressione sui prezzi.","breadcrumb":{"@id":"https:\/\/www.organisator.ch\/management\/2016-08-09\/unternehmen-im-preiskrieg-sieben-strategische-massnahmen\/#breadcrumb"},"inLanguage":"it-IT","potentialAction":[{"@type":"ReadAction","target":["https:\/\/www.organisator.ch\/management\/2016-08-09\/unternehmen-im-preiskrieg-sieben-strategische-massnahmen\/"]}]},{"@type":"ImageObject","inLanguage":"it-IT","@id":"https:\/\/www.organisator.ch\/management\/2016-08-09\/unternehmen-im-preiskrieg-sieben-strategische-massnahmen\/#primaryimage","url":"https:\/\/www.organisator.ch\/wp-content\/uploads\/2016\/12\/Unternehmen-im-Preiskrieg-Sieben-strategische-Massnahmen-organisator.jpg","contentUrl":"https:\/\/www.organisator.ch\/wp-content\/uploads\/2016\/12\/Unternehmen-im-Preiskrieg-Sieben-strategische-Massnahmen-organisator.jpg","width":480,"height":480,"caption":"Rabattschlacht ohne Ende: Viele Unternehmen sehen sich in einem veritablen Preiskrieg. (Bild: Fotolia.com)"},{"@type":"BreadcrumbList","@id":"https:\/\/www.organisator.ch\/management\/2016-08-09\/unternehmen-im-preiskrieg-sieben-strategische-massnahmen\/#breadcrumb","itemListElement":[{"@type":"ListItem","position":1,"name":"Home","item":"https:\/\/www.organisator.ch\/"},{"@type":"ListItem","position":2,"name":"Unternehmen im Preiskrieg: Sieben strategische Massnahmen"}]},{"@type":"WebSite","@id":"https:\/\/www.organisator.ch\/#website","url":"https:\/\/www.organisator.ch\/","name":"Organizzatore","description":"Competente. Pratico. In 10 numeri all'anno, ORGANISATOR presenta i temi essenziali per i manager delle PMI.","publisher":{"@id":"https:\/\/www.organisator.ch\/#organization"},"potentialAction":[{"@type":"SearchAction","target":{"@type":"EntryPoint","urlTemplate":"https:\/\/www.organisator.ch\/?s={search_term_string}"},"query-input":{"@type":"PropertyValueSpecification","valueRequired":true,"valueName":"search_term_string"}}],"inLanguage":"it-IT"},{"@type":"Organization","@id":"https:\/\/www.organisator.ch\/#organization","name":"Organizzatore","url":"https:\/\/www.organisator.ch\/","logo":{"@type":"ImageObject","inLanguage":"it-IT","@id":"https:\/\/www.organisator.ch\/#\/schema\/logo\/image\/","url":"https:\/\/www.organisator.ch\/wp-content\/uploads\/2022\/01\/Logo_Organisator_Website.png","contentUrl":"https:\/\/www.organisator.ch\/wp-content\/uploads\/2022\/01\/Logo_Organisator_Website.png","width":800,"height":77,"caption":"Organisator"},"image":{"@id":"https:\/\/www.organisator.ch\/#\/schema\/logo\/image\/"},"sameAs":["https:\/\/www.facebook.com\/OrganisatorFachmagazin","https:\/\/www.linkedin.com\/showcase\/organisator-das-magazin-fr-kmu","https:\/\/www.xing.com\/news\/pages\/organisator-ch-695","https:\/\/www.youtube.com\/channel\/UCGP2Sq0iWaZwT3BdIAQFYpw"]},{"@type":"Person","@id":"https:\/\/www.organisator.ch\/#\/schema\/person\/aa2bace6c5c5aad60102004a50c4eb1c","name":"amministratore","image":{"@type":"ImageObject","inLanguage":"it-IT","@id":"https:\/\/secure.gravatar.com\/avatar\/ae2f4d718e6c49043e314ce431e7e645d646302a24a5ef5a8bc8e3f5a032e319?s=96&d=mm&r=g","url":"https:\/\/secure.gravatar.com\/avatar\/ae2f4d718e6c49043e314ce431e7e645d646302a24a5ef5a8bc8e3f5a032e319?s=96&d=mm&r=g","contentUrl":"https:\/\/secure.gravatar.com\/avatar\/ae2f4d718e6c49043e314ce431e7e645d646302a24a5ef5a8bc8e3f5a032e319?s=96&d=mm&r=g","caption":"admin"},"sameAs":["https:\/\/www.organisator.ch"],"url":"https:\/\/www.organisator.ch\/it\/author\/admin\/"}]}},"_links":{"self":[{"href":"https:\/\/www.organisator.ch\/it\/wp-json\/wp\/v2\/posts\/1027","targetHints":{"allow":["GET"]}}],"collection":[{"href":"https:\/\/www.organisator.ch\/it\/wp-json\/wp\/v2\/posts"}],"about":[{"href":"https:\/\/www.organisator.ch\/it\/wp-json\/wp\/v2\/types\/post"}],"author":[{"embeddable":true,"href":"https:\/\/www.organisator.ch\/it\/wp-json\/wp\/v2\/users\/1"}],"replies":[{"embeddable":true,"href":"https:\/\/www.organisator.ch\/it\/wp-json\/wp\/v2\/comments?post=1027"}],"version-history":[{"count":0,"href":"https:\/\/www.organisator.ch\/it\/wp-json\/wp\/v2\/posts\/1027\/revisions"}],"wp:featuredmedia":[{"embeddable":true,"href":"https:\/\/www.organisator.ch\/it\/wp-json\/wp\/v2\/media\/1028"}],"wp:attachment":[{"href":"https:\/\/www.organisator.ch\/it\/wp-json\/wp\/v2\/media?parent=1027"}],"wp:term":[{"taxonomy":"category","embeddable":true,"href":"https:\/\/www.organisator.ch\/it\/wp-json\/wp\/v2\/categories?post=1027"},{"taxonomy":"post_tag","embeddable":true,"href":"https:\/\/www.organisator.ch\/it\/wp-json\/wp\/v2\/tags?post=1027"}],"curies":[{"name":"wp","href":"https:\/\/api.w.org\/{rel}","templated":true}]}}