{"id":10275,"date":"2021-05-17T10:07:12","date_gmt":"2021-05-17T08:07:12","guid":{"rendered":"https:\/\/www.umweltperspektiven.ch\/?p=4218"},"modified":"2022-02-09T11:06:08","modified_gmt":"2022-02-09T10:06:08","slug":"demand-side-management-im-kuenftigen-stromsystem-schweiz","status":"publish","type":"post","link":"https:\/\/www.organisator.ch\/it\/sustainability\/2021-05-17\/demand-side-management-im-kuenftigen-stromsystem-schweiz\/","title":{"rendered":"La gestione della domanda nel futuro sistema elettrico svizzero"},"content":{"rendered":"<figure id=\"attachment_4219\" aria-describedby=\"caption-attachment-4219\" style=\"width: 680px\" class=\"wp-caption aligncenter\"><img loading=\"lazy\" decoding=\"async\" class=\"size-medium wp-image-4219\" src=\"\/\/www.umweltperspektiven.ch\/wp-content\/uploads\/2021\/05\/Energie.jpg\" alt=\"Gestione della domanda \" width=\"680\" height=\"510\" srcset=\"https:\/\/www.organisator.ch\/wp-content\/uploads\/2021\/05\/Energie.jpg 1280w, https:\/\/www.organisator.ch\/wp-content\/uploads\/2021\/05\/Energie-680x510.jpg 680w, https:\/\/www.organisator.ch\/wp-content\/uploads\/2021\/05\/Energie-1024x768.jpg 1024w, https:\/\/www.organisator.ch\/wp-content\/uploads\/2021\/05\/Energie-768x576.jpg 768w, https:\/\/www.organisator.ch\/wp-content\/uploads\/2021\/05\/Energie-16x12.jpg 16w, https:\/\/www.organisator.ch\/wp-content\/uploads\/2021\/05\/Energie-233x175.jpg 233w, https:\/\/www.organisator.ch\/wp-content\/uploads\/2021\/05\/Energie-467x350.jpg 467w, https:\/\/www.organisator.ch\/wp-content\/uploads\/2021\/05\/Energie-1067x800.jpg 1067w, https:\/\/www.organisator.ch\/wp-content\/uploads\/2021\/05\/Energie-920x690.jpg 920w, https:\/\/www.organisator.ch\/wp-content\/uploads\/2021\/05\/Energie-300x225.jpg 300w\" sizes=\"auto, (max-width: 680px) 100vw, 680px\" \/><figcaption id=\"caption-attachment-4219\" class=\"wp-caption-text\">Foto: R. Str\u00e4ssle<\/figcaption><\/figure>\n<p>Il rapporto \u00e8 stato preparato in adempimento del postulato del consigliere nazionale J\u00fcrg Grossen del 2016 (16.3890 \"Consumo di elettricit\u00e0. A quanto ammonta il consumo annuale di elettricit\u00e0 per i consumatori controllati dalle compagnie elettriche, come le caldaie elettriche, i riscaldatori ad accumulo, le pompe di calore, gli accumulatori a pompa, ecc. in Svizzera?\"). Il postulato chiede cifre sulla domanda incontrollata di elettricit\u00e0 di oggi in periodi di tempo tipici. Vuole anche informazioni sulle opportunit\u00e0, i rischi e le possibili misure se ci fosse meno elettricit\u00e0 a nastro nella rete elettrica svizzera dopo la chiusura delle centrali nucleari.<\/p>\n<h2><strong>Gestione della domanda<\/strong><\/h2>\n<p>La gestione della domanda include misure per ottimizzare un sistema energetico che sono portate direttamente o indirettamente da terzi. Un esempio sono i sistemi di controllo delle ondulazioni che le aziende di fornitura di energia usano oggi per controllare gli accumulatori elettrici, le caldaie elettriche o le pompe di calore. In questo modo, possono ridurre il carico di punta e bilanciare la distribuzione del carico.<strong>\u00a0<\/strong><\/p>\n<h2><strong>Quanto \u00e8 grande il potenziale di spostamento del carico?<br \/>\n<\/strong><\/h2>\n<p>Quanto sono grandi i potenziali del DSM in Svizzera che possono essere utilizzati oggi e che vengono effettivamente utilizzati? L'Ufficio federale dell'energia (UFE) ha commissionato uno studio su questo argomento (vedi link). L'analisi dei dati \u00e8 stata completata con indagini presso le aziende fornitrici di energia. I risultati mostrano che la quantit\u00e0 di carichi spostati oggi non pu\u00f2 essere determinata con precisione perch\u00e9 la base di dati \u00e8 insufficiente per questo.<\/p>\n<p>Con analisi di statistiche e rapporti, lo studio ha cercato di stimare il potenziale del DSM. Si tratta di circa 530 a 870 megawatt (MW) per lo spegnimento e circa 590 MW a 960 MW per l'accensione delle applicazioni di consumo. Nel caso dei clienti domestici, c'\u00e8 un potenziale per il riscaldamento degli spazi, specialmente durante il giorno in inverno. Nei settori dell'industria e dei servizi, il potenziale \u00e8 anche disponibile principalmente durante il giorno, ma \u00e8 distribuito pi\u00f9 uniformemente durante le stagioni.<\/p>\n<p><strong>La gestione della domanda \u00e8 ancora poco utilizzata<\/strong><\/p>\n<p>La domanda di DSM \u00e8 ancora oggi bassa in Svizzera. Una ragione di ci\u00f2 \u00e8 che le capacit\u00e0 di produzione di elettricit\u00e0 hanno un grado di flessibilit\u00e0 sufficientemente alto. Di conseguenza, mancano gli incentivi economici per rendere le applicazioni di consumo di elettricit\u00e0 disponibili per il DSM. Ma ci sono anche altri ostacoli. Questi includono una mancanza di conoscenza dei vantaggi del DSM. Inoltre, le tariffe di utilizzo della rete possono essere rese flessibili solo in misura molto limitata oggi, e non ci sono opportunit\u00e0 di commercializzazione nel mercato elettrico solo parzialmente aperto. Infine, la mancanza di standard di comunicazione e di standardizzazione dell'infrastruttura tecnica rende anche difficile il richiamo del DSM.<\/p>\n<h2><strong>Gli ostacoli devono essere smantellati<br \/>\n<\/strong><\/h2>\n<p>La mancanza di conoscenza tra le parti interessate pu\u00f2 essere affrontata fornendo informazioni e diffondendo i risultati della ricerca. Anche la possibilit\u00e0 di tariffe di utilizzo della rete pi\u00f9 flessibili pu\u00f2 contribuire alla diffusione del DSM. La legge federale sull'approvvigionamento elettrico sicuro con le energie rinnovabili prevede tali rilassamenti. La completa apertura del mercato creer\u00e0 anche opportunit\u00e0 di marketing per la flessibilit\u00e0. La prevista creazione di un'infrastruttura di dati con un hub di dati crea anche condizioni pi\u00f9 vantaggiose per il DSM migliorando la disponibilit\u00e0, lo scambio e l'accesso ai dati. Questo \u00e8 importante anche in vista del futuro, quando arriveranno altri potenziali fornitori di flessibilit\u00e0, per esempio l'elettromobilit\u00e0. L'apertura dei potenziali fornitori sar\u00e0 poi sostenuta anche dall'ulteriore diffusione di contatori intelligenti, sistemi di regolazione e controllo.<\/p>\n<h2><strong>Altre soluzioni<\/strong><\/h2>\n<p>Oltre al DSM, ci sono altri modi per integrare meglio le nuove rinnovabili e adattare il sistema energetico alla perdita di energia di banda dalle centrali nucleari.<\/p>\n<ul>\n<li>Attraverso l'accoppiamento settoriale, i settori dell'elettricit\u00e0, del calore e della mobilit\u00e0 sono accoppiati tra loro e possono essere controllati in modo intelligente a beneficio dell'intero sistema energetico. L'UFE sta gi\u00e0 lavorando su idrogeno, calore e mobilit\u00e0.<\/li>\n<li>Il fotovoltaico ha un grande potenziale in Svizzera, ma \u00e8 irregolare. Consumando pi\u00f9 elettricit\u00e0 possibile direttamente nel punto di produzione (alto autoconsumo), si possono evitare i picchi di carico nella rete. L'autoconsumo pu\u00f2 essere massimizzato combinando gestori energetici intelligenti, consumatori controllabili e stoccaggio domestico decentralizzato.<\/li>\n<li>In futuro, gli impianti di cogenerazione (CHP) possono anche aiutare a garantire la sicurezza dell'approvvigionamento. Anche l'UFE sta lavorando su questo in modo pi\u00f9 approfondito.<\/li>\n<li>In Svizzera esiste un potenziale di efficienza energetica che \u00e8 ancora troppo poco sfruttato. Gli strumenti di efficienza esistenti nella legge sull'energia dovrebbero essere rafforzati con misure aggiuntive nella legge federale su un approvvigionamento elettrico sicuro con energie rinnovabili e nella legge sul CO2 totalmente rivista.<\/li>\n<\/ul>\n<p><em>Comunicato stampa <a href=\"\/\/www.bfe.admin.ch\/bfe\/de\/home.html\">SFOE<\/a><\/em><\/p>\n<p><em>\u00a0<\/em><em>Clicca qui per lo studio <\/em><a href=\"\/\/www.newsd.admin.ch\/newsd\/message\/attachments\/66522.pdf\">\"Potenziale gestione della domanda in Svizzera<\/a><\/p>\n<p><em>e al rapporto <a href=\"\/\/www.newsd.admin.ch\/newsd\/message\/attachments\/66609.pdf\">\"Consumo di energia\"<\/a><\/em><\/p>\n<p>&nbsp;<\/p>","protected":false},"excerpt":{"rendered":"<p>Der Bericht\u00a0wurde in Erf\u00fcllung des Postulats von Nationalrat J\u00fcrg Grossen aus dem Jahr 2016 erstellt (16.3890 \u00abStromverbrauch. Wie hoch ist der j\u00e4hrliche Stromverbrauch f\u00fcr von Elektrizit\u00e4tswerken gesteuerte Verbraucher wie Elektroboiler, Speicherheizungen, W\u00e4rmepumpen, Pumpspeicher usw. in der Schweiz?\u00bb). Das Postulat verlangt Zahlen zum heutigen ungesteuerten Strombedarf in typischen Zeitperioden. Weiter m\u00f6chte er Aufschluss \u00fcber Chancen, Risiken [&hellip;]<\/p>\n","protected":false},"author":6,"featured_media":4219,"comment_status":"closed","ping_status":"closed","sticky":false,"template":"","format":"standard","meta":{"_acf_changed":false,"_yoast_wpseo_focuskw":"Demand-Side-Management","_yoast_wpseo_metadesc":"In der Schweiz wird die verbrauchsseitige Flexibilit\u00e4t, das sogenannte Demand-Side-Management (DSM), noch wenig genutzt wird, wie eine Studie zeigt.","articlekey":"","footnotes":""},"categories":[580],"tags":[970,993,1599,2225,460],"class_list":["post-10275","post","type-post","status-publish","format-standard","has-post-thumbnail","hentry","category-sustainability","tag-demand-side-management","tag-dsm","tag-lastverschiebungen","tag-stromverbrauch","tag-studien"],"acf":[],"yoast_head":"<!-- This site is optimized with the Yoast SEO plugin v27.4 - https:\/\/yoast.com\/product\/yoast-seo-wordpress\/ -->\n<title>Demand-Side-Management im k\u00fcnftigen Stromsystem Schweiz - Organisator<\/title>\n<meta name=\"description\" content=\"In der Schweiz wird die verbrauchsseitige Flexibilit\u00e4t, das sogenannte Demand-Side-Management (DSM), noch wenig genutzt wird, wie eine Studie zeigt.\" \/>\n<meta name=\"robots\" content=\"index, follow, max-snippet:-1, max-image-preview:large, max-video-preview:-1\" \/>\n<link rel=\"canonical\" href=\"https:\/\/www.organisator.ch\/it\/sostenibilita\/2021-05-17\/demand-side-management-im-kuenftigen-stromsystem-schweiz\/\" \/>\n<meta property=\"og:locale\" content=\"it_IT\" \/>\n<meta property=\"og:type\" content=\"article\" \/>\n<meta property=\"og:title\" content=\"Demand-Side-Management im k\u00fcnftigen Stromsystem Schweiz - Organisator\" \/>\n<meta property=\"og:description\" content=\"In der Schweiz wird die verbrauchsseitige Flexibilit\u00e4t, das sogenannte Demand-Side-Management (DSM), noch wenig genutzt wird, wie eine Studie zeigt.\" \/>\n<meta property=\"og:url\" content=\"https:\/\/www.organisator.ch\/it\/sostenibilita\/2021-05-17\/demand-side-management-im-kuenftigen-stromsystem-schweiz\/\" \/>\n<meta property=\"og:site_name\" content=\"Organisator\" \/>\n<meta property=\"article:publisher\" content=\"https:\/\/www.facebook.com\/OrganisatorFachmagazin\" \/>\n<meta property=\"article:published_time\" content=\"2021-05-17T08:07:12+00:00\" \/>\n<meta property=\"article:modified_time\" content=\"2022-02-09T10:06:08+00:00\" \/>\n<meta property=\"og:image\" content=\"https:\/\/www.organisator.ch\/wp-content\/uploads\/2021\/05\/Energie.jpg\" \/>\n\t<meta property=\"og:image:width\" content=\"1280\" \/>\n\t<meta property=\"og:image:height\" content=\"960\" \/>\n\t<meta property=\"og:image:type\" content=\"image\/jpeg\" \/>\n<meta name=\"author\" content=\"roger.straessle\" \/>\n<meta name=\"twitter:card\" content=\"summary_large_image\" \/>\n<script type=\"application\/ld+json\" class=\"yoast-schema-graph\">{\"@context\":\"https:\\\/\\\/schema.org\",\"@graph\":[{\"@type\":\"Article\",\"@id\":\"https:\\\/\\\/www.organisator.ch\\\/sustainability\\\/2021-05-17\\\/demand-side-management-im-kuenftigen-stromsystem-schweiz\\\/#article\",\"isPartOf\":{\"@id\":\"https:\\\/\\\/www.organisator.ch\\\/sustainability\\\/2021-05-17\\\/demand-side-management-im-kuenftigen-stromsystem-schweiz\\\/\"},\"author\":{\"name\":\"roger.straessle\",\"@id\":\"https:\\\/\\\/www.organisator.ch\\\/#\\\/schema\\\/person\\\/a800b8c54e208b160517a7dcc323161d\"},\"headline\":\"Demand-Side-Management im k\u00fcnftigen Stromsystem Schweiz\",\"datePublished\":\"2021-05-17T08:07:12+00:00\",\"dateModified\":\"2022-02-09T10:06:08+00:00\",\"mainEntityOfPage\":{\"@id\":\"https:\\\/\\\/www.organisator.ch\\\/sustainability\\\/2021-05-17\\\/demand-side-management-im-kuenftigen-stromsystem-schweiz\\\/\"},\"wordCount\":706,\"publisher\":{\"@id\":\"https:\\\/\\\/www.organisator.ch\\\/#organization\"},\"image\":{\"@id\":\"https:\\\/\\\/www.organisator.ch\\\/sustainability\\\/2021-05-17\\\/demand-side-management-im-kuenftigen-stromsystem-schweiz\\\/#primaryimage\"},\"thumbnailUrl\":\"https:\\\/\\\/www.organisator.ch\\\/wp-content\\\/uploads\\\/2021\\\/05\\\/Energie.jpg\",\"keywords\":[\"Demand-Side-Management\",\"DSM\",\"Lastverschiebungen\",\"Stromverbrauch\",\"Studien\"],\"articleSection\":[\"SUSTAINABILITY\"],\"inLanguage\":\"it-IT\"},{\"@type\":\"WebPage\",\"@id\":\"https:\\\/\\\/www.organisator.ch\\\/sustainability\\\/2021-05-17\\\/demand-side-management-im-kuenftigen-stromsystem-schweiz\\\/\",\"url\":\"https:\\\/\\\/www.organisator.ch\\\/sustainability\\\/2021-05-17\\\/demand-side-management-im-kuenftigen-stromsystem-schweiz\\\/\",\"name\":\"Demand-Side-Management im k\u00fcnftigen Stromsystem Schweiz - Organisator\",\"isPartOf\":{\"@id\":\"https:\\\/\\\/www.organisator.ch\\\/#website\"},\"primaryImageOfPage\":{\"@id\":\"https:\\\/\\\/www.organisator.ch\\\/sustainability\\\/2021-05-17\\\/demand-side-management-im-kuenftigen-stromsystem-schweiz\\\/#primaryimage\"},\"image\":{\"@id\":\"https:\\\/\\\/www.organisator.ch\\\/sustainability\\\/2021-05-17\\\/demand-side-management-im-kuenftigen-stromsystem-schweiz\\\/#primaryimage\"},\"thumbnailUrl\":\"https:\\\/\\\/www.organisator.ch\\\/wp-content\\\/uploads\\\/2021\\\/05\\\/Energie.jpg\",\"datePublished\":\"2021-05-17T08:07:12+00:00\",\"dateModified\":\"2022-02-09T10:06:08+00:00\",\"description\":\"In der Schweiz wird die verbrauchsseitige Flexibilit\u00e4t, das sogenannte Demand-Side-Management (DSM), noch wenig genutzt wird, wie eine Studie zeigt.\",\"breadcrumb\":{\"@id\":\"https:\\\/\\\/www.organisator.ch\\\/sustainability\\\/2021-05-17\\\/demand-side-management-im-kuenftigen-stromsystem-schweiz\\\/#breadcrumb\"},\"inLanguage\":\"it-IT\",\"potentialAction\":[{\"@type\":\"ReadAction\",\"target\":[\"https:\\\/\\\/www.organisator.ch\\\/sustainability\\\/2021-05-17\\\/demand-side-management-im-kuenftigen-stromsystem-schweiz\\\/\"]}]},{\"@type\":\"ImageObject\",\"inLanguage\":\"it-IT\",\"@id\":\"https:\\\/\\\/www.organisator.ch\\\/sustainability\\\/2021-05-17\\\/demand-side-management-im-kuenftigen-stromsystem-schweiz\\\/#primaryimage\",\"url\":\"https:\\\/\\\/www.organisator.ch\\\/wp-content\\\/uploads\\\/2021\\\/05\\\/Energie.jpg\",\"contentUrl\":\"https:\\\/\\\/www.organisator.ch\\\/wp-content\\\/uploads\\\/2021\\\/05\\\/Energie.jpg\",\"width\":1280,\"height\":960,\"caption\":\"Foto: R. Str\u00e4ssle\"},{\"@type\":\"BreadcrumbList\",\"@id\":\"https:\\\/\\\/www.organisator.ch\\\/sustainability\\\/2021-05-17\\\/demand-side-management-im-kuenftigen-stromsystem-schweiz\\\/#breadcrumb\",\"itemListElement\":[{\"@type\":\"ListItem\",\"position\":1,\"name\":\"Home\",\"item\":\"https:\\\/\\\/www.organisator.ch\\\/\"},{\"@type\":\"ListItem\",\"position\":2,\"name\":\"Demand-Side-Management im k\u00fcnftigen Stromsystem Schweiz\"}]},{\"@type\":\"WebSite\",\"@id\":\"https:\\\/\\\/www.organisator.ch\\\/#website\",\"url\":\"https:\\\/\\\/www.organisator.ch\\\/\",\"name\":\"Organisator\",\"description\":\"Kompetent. Praxisnah. Der ORGANISATOR bereitet in 10 Ausgaben pro Jahr die wesentlichen Themen f\u00fcr F\u00fchrungskr\u00e4fte von KMU auf.\",\"publisher\":{\"@id\":\"https:\\\/\\\/www.organisator.ch\\\/#organization\"},\"potentialAction\":[{\"@type\":\"SearchAction\",\"target\":{\"@type\":\"EntryPoint\",\"urlTemplate\":\"https:\\\/\\\/www.organisator.ch\\\/?s={search_term_string}\"},\"query-input\":{\"@type\":\"PropertyValueSpecification\",\"valueRequired\":true,\"valueName\":\"search_term_string\"}}],\"inLanguage\":\"it-IT\"},{\"@type\":\"Organization\",\"@id\":\"https:\\\/\\\/www.organisator.ch\\\/#organization\",\"name\":\"Organisator\",\"url\":\"https:\\\/\\\/www.organisator.ch\\\/\",\"logo\":{\"@type\":\"ImageObject\",\"inLanguage\":\"it-IT\",\"@id\":\"https:\\\/\\\/www.organisator.ch\\\/#\\\/schema\\\/logo\\\/image\\\/\",\"url\":\"https:\\\/\\\/www.organisator.ch\\\/wp-content\\\/uploads\\\/2022\\\/01\\\/Logo_Organisator_Website.png\",\"contentUrl\":\"https:\\\/\\\/www.organisator.ch\\\/wp-content\\\/uploads\\\/2022\\\/01\\\/Logo_Organisator_Website.png\",\"width\":800,\"height\":77,\"caption\":\"Organisator\"},\"image\":{\"@id\":\"https:\\\/\\\/www.organisator.ch\\\/#\\\/schema\\\/logo\\\/image\\\/\"},\"sameAs\":[\"https:\\\/\\\/www.facebook.com\\\/OrganisatorFachmagazin\",\"https:\\\/\\\/www.linkedin.com\\\/showcase\\\/organisator-das-magazin-fr-kmu\",\"https:\\\/\\\/www.xing.com\\\/news\\\/pages\\\/organisator-ch-695\",\"https:\\\/\\\/www.youtube.com\\\/channel\\\/UCGP2Sq0iWaZwT3BdIAQFYpw\"]},{\"@type\":\"Person\",\"@id\":\"https:\\\/\\\/www.organisator.ch\\\/#\\\/schema\\\/person\\\/a800b8c54e208b160517a7dcc323161d\",\"name\":\"roger.straessle\",\"image\":{\"@type\":\"ImageObject\",\"inLanguage\":\"it-IT\",\"@id\":\"https:\\\/\\\/secure.gravatar.com\\\/avatar\\\/?s=96&d=mm&r=g\",\"url\":\"https:\\\/\\\/secure.gravatar.com\\\/avatar\\\/?s=96&d=mm&r=g\",\"contentUrl\":\"https:\\\/\\\/secure.gravatar.com\\\/avatar\\\/?s=96&d=mm&r=g\",\"caption\":\"roger.straessle\"},\"url\":\"https:\\\/\\\/www.organisator.ch\\\/it\\\/author\\\/roger-straessle\\\/\"}]}<\/script>\n<!-- \/ Yoast SEO plugin. -->","yoast_head_json":{"title":"La gestione della domanda nel futuro sistema elettrico svizzero - Organizzatore","description":"In Svizzera, la gestione della domanda (DSM) \u00e8 ancora poco utilizzata, come dimostra uno studio.","robots":{"index":"index","follow":"follow","max-snippet":"max-snippet:-1","max-image-preview":"max-image-preview:large","max-video-preview":"max-video-preview:-1"},"canonical":"https:\/\/www.organisator.ch\/it\/sostenibilita\/2021-05-17\/demand-side-management-im-kuenftigen-stromsystem-schweiz\/","og_locale":"it_IT","og_type":"article","og_title":"Demand-Side-Management im k\u00fcnftigen Stromsystem Schweiz - Organisator","og_description":"In der Schweiz wird die verbrauchsseitige Flexibilit\u00e4t, das sogenannte Demand-Side-Management (DSM), noch wenig genutzt wird, wie eine Studie zeigt.","og_url":"https:\/\/www.organisator.ch\/it\/sostenibilita\/2021-05-17\/demand-side-management-im-kuenftigen-stromsystem-schweiz\/","og_site_name":"Organisator","article_publisher":"https:\/\/www.facebook.com\/OrganisatorFachmagazin","article_published_time":"2021-05-17T08:07:12+00:00","article_modified_time":"2022-02-09T10:06:08+00:00","og_image":[{"width":1280,"height":960,"url":"https:\/\/www.organisator.ch\/wp-content\/uploads\/2021\/05\/Energie.jpg","type":"image\/jpeg"}],"author":"roger.straessle","twitter_card":"summary_large_image","schema":{"@context":"https:\/\/schema.org","@graph":[{"@type":"Article","@id":"https:\/\/www.organisator.ch\/sustainability\/2021-05-17\/demand-side-management-im-kuenftigen-stromsystem-schweiz\/#article","isPartOf":{"@id":"https:\/\/www.organisator.ch\/sustainability\/2021-05-17\/demand-side-management-im-kuenftigen-stromsystem-schweiz\/"},"author":{"name":"roger.straessle","@id":"https:\/\/www.organisator.ch\/#\/schema\/person\/a800b8c54e208b160517a7dcc323161d"},"headline":"Demand-Side-Management im k\u00fcnftigen Stromsystem Schweiz","datePublished":"2021-05-17T08:07:12+00:00","dateModified":"2022-02-09T10:06:08+00:00","mainEntityOfPage":{"@id":"https:\/\/www.organisator.ch\/sustainability\/2021-05-17\/demand-side-management-im-kuenftigen-stromsystem-schweiz\/"},"wordCount":706,"publisher":{"@id":"https:\/\/www.organisator.ch\/#organization"},"image":{"@id":"https:\/\/www.organisator.ch\/sustainability\/2021-05-17\/demand-side-management-im-kuenftigen-stromsystem-schweiz\/#primaryimage"},"thumbnailUrl":"https:\/\/www.organisator.ch\/wp-content\/uploads\/2021\/05\/Energie.jpg","keywords":["Demand-Side-Management","DSM","Lastverschiebungen","Stromverbrauch","Studien"],"articleSection":["SUSTAINABILITY"],"inLanguage":"it-IT"},{"@type":"WebPage","@id":"https:\/\/www.organisator.ch\/sustainability\/2021-05-17\/demand-side-management-im-kuenftigen-stromsystem-schweiz\/","url":"https:\/\/www.organisator.ch\/sustainability\/2021-05-17\/demand-side-management-im-kuenftigen-stromsystem-schweiz\/","name":"La gestione della domanda nel futuro sistema elettrico svizzero - Organizzatore","isPartOf":{"@id":"https:\/\/www.organisator.ch\/#website"},"primaryImageOfPage":{"@id":"https:\/\/www.organisator.ch\/sustainability\/2021-05-17\/demand-side-management-im-kuenftigen-stromsystem-schweiz\/#primaryimage"},"image":{"@id":"https:\/\/www.organisator.ch\/sustainability\/2021-05-17\/demand-side-management-im-kuenftigen-stromsystem-schweiz\/#primaryimage"},"thumbnailUrl":"https:\/\/www.organisator.ch\/wp-content\/uploads\/2021\/05\/Energie.jpg","datePublished":"2021-05-17T08:07:12+00:00","dateModified":"2022-02-09T10:06:08+00:00","description":"In Svizzera, la gestione della domanda (DSM) \u00e8 ancora poco utilizzata, come dimostra uno studio.","breadcrumb":{"@id":"https:\/\/www.organisator.ch\/sustainability\/2021-05-17\/demand-side-management-im-kuenftigen-stromsystem-schweiz\/#breadcrumb"},"inLanguage":"it-IT","potentialAction":[{"@type":"ReadAction","target":["https:\/\/www.organisator.ch\/sustainability\/2021-05-17\/demand-side-management-im-kuenftigen-stromsystem-schweiz\/"]}]},{"@type":"ImageObject","inLanguage":"it-IT","@id":"https:\/\/www.organisator.ch\/sustainability\/2021-05-17\/demand-side-management-im-kuenftigen-stromsystem-schweiz\/#primaryimage","url":"https:\/\/www.organisator.ch\/wp-content\/uploads\/2021\/05\/Energie.jpg","contentUrl":"https:\/\/www.organisator.ch\/wp-content\/uploads\/2021\/05\/Energie.jpg","width":1280,"height":960,"caption":"Foto: R. Str\u00e4ssle"},{"@type":"BreadcrumbList","@id":"https:\/\/www.organisator.ch\/sustainability\/2021-05-17\/demand-side-management-im-kuenftigen-stromsystem-schweiz\/#breadcrumb","itemListElement":[{"@type":"ListItem","position":1,"name":"Home","item":"https:\/\/www.organisator.ch\/"},{"@type":"ListItem","position":2,"name":"Demand-Side-Management im k\u00fcnftigen Stromsystem Schweiz"}]},{"@type":"WebSite","@id":"https:\/\/www.organisator.ch\/#website","url":"https:\/\/www.organisator.ch\/","name":"Organizzatore","description":"Competente. Pratico. In 10 numeri all'anno, ORGANISATOR presenta i temi essenziali per i manager delle PMI.","publisher":{"@id":"https:\/\/www.organisator.ch\/#organization"},"potentialAction":[{"@type":"SearchAction","target":{"@type":"EntryPoint","urlTemplate":"https:\/\/www.organisator.ch\/?s={search_term_string}"},"query-input":{"@type":"PropertyValueSpecification","valueRequired":true,"valueName":"search_term_string"}}],"inLanguage":"it-IT"},{"@type":"Organization","@id":"https:\/\/www.organisator.ch\/#organization","name":"Organizzatore","url":"https:\/\/www.organisator.ch\/","logo":{"@type":"ImageObject","inLanguage":"it-IT","@id":"https:\/\/www.organisator.ch\/#\/schema\/logo\/image\/","url":"https:\/\/www.organisator.ch\/wp-content\/uploads\/2022\/01\/Logo_Organisator_Website.png","contentUrl":"https:\/\/www.organisator.ch\/wp-content\/uploads\/2022\/01\/Logo_Organisator_Website.png","width":800,"height":77,"caption":"Organisator"},"image":{"@id":"https:\/\/www.organisator.ch\/#\/schema\/logo\/image\/"},"sameAs":["https:\/\/www.facebook.com\/OrganisatorFachmagazin","https:\/\/www.linkedin.com\/showcase\/organisator-das-magazin-fr-kmu","https:\/\/www.xing.com\/news\/pages\/organisator-ch-695","https:\/\/www.youtube.com\/channel\/UCGP2Sq0iWaZwT3BdIAQFYpw"]},{"@type":"Person","@id":"https:\/\/www.organisator.ch\/#\/schema\/person\/a800b8c54e208b160517a7dcc323161d","name":"roger.straessle","image":{"@type":"ImageObject","inLanguage":"it-IT","@id":"https:\/\/secure.gravatar.com\/avatar\/?s=96&d=mm&r=g","url":"https:\/\/secure.gravatar.com\/avatar\/?s=96&d=mm&r=g","contentUrl":"https:\/\/secure.gravatar.com\/avatar\/?s=96&d=mm&r=g","caption":"roger.straessle"},"url":"https:\/\/www.organisator.ch\/it\/author\/roger-straessle\/"}]}},"_links":{"self":[{"href":"https:\/\/www.organisator.ch\/it\/wp-json\/wp\/v2\/posts\/10275","targetHints":{"allow":["GET"]}}],"collection":[{"href":"https:\/\/www.organisator.ch\/it\/wp-json\/wp\/v2\/posts"}],"about":[{"href":"https:\/\/www.organisator.ch\/it\/wp-json\/wp\/v2\/types\/post"}],"author":[{"embeddable":true,"href":"https:\/\/www.organisator.ch\/it\/wp-json\/wp\/v2\/users\/6"}],"replies":[{"embeddable":true,"href":"https:\/\/www.organisator.ch\/it\/wp-json\/wp\/v2\/comments?post=10275"}],"version-history":[{"count":1,"href":"https:\/\/www.organisator.ch\/it\/wp-json\/wp\/v2\/posts\/10275\/revisions"}],"predecessor-version":[{"id":10481,"href":"https:\/\/www.organisator.ch\/it\/wp-json\/wp\/v2\/posts\/10275\/revisions\/10481"}],"wp:featuredmedia":[{"embeddable":true,"href":"https:\/\/www.organisator.ch\/it\/wp-json\/wp\/v2\/media\/4219"}],"wp:attachment":[{"href":"https:\/\/www.organisator.ch\/it\/wp-json\/wp\/v2\/media?parent=10275"}],"wp:term":[{"taxonomy":"category","embeddable":true,"href":"https:\/\/www.organisator.ch\/it\/wp-json\/wp\/v2\/categories?post=10275"},{"taxonomy":"post_tag","embeddable":true,"href":"https:\/\/www.organisator.ch\/it\/wp-json\/wp\/v2\/tags?post=10275"}],"curies":[{"name":"wp","href":"https:\/\/api.w.org\/{rel}","templated":true}]}}