{"id":10280,"date":"2021-05-21T07:20:38","date_gmt":"2021-05-21T05:20:38","guid":{"rendered":"https:\/\/www.umweltperspektiven.ch\/?p=4275"},"modified":"2022-02-09T11:05:30","modified_gmt":"2022-02-09T10:05:30","slug":"plastikverpackungen-in-reinach-geht-ab-juni-die-post-ab","status":"publish","type":"post","link":"https:\/\/www.organisator.ch\/it\/sustainability\/2021-05-21\/plastikverpackungen-in-reinach-geht-ab-juni-die-post-ab\/","title":{"rendered":"Imballaggio di plastica: A Reinach, \u00e8 tutto pronto a partire da giugno"},"content":{"rendered":"<figure id=\"attachment_4277\" aria-describedby=\"caption-attachment-4277\" style=\"width: 680px\" class=\"wp-caption aligncenter\"><img loading=\"lazy\" decoding=\"async\" class=\"size-medium wp-image-4277\" src=\"\/\/www.umweltperspektiven.ch\/wp-content\/uploads\/2021\/05\/Bild-1.jpg\" alt=\"Riciclaggio della plastica, plastica\" width=\"680\" height=\"444\" srcset=\"https:\/\/www.organisator.ch\/wp-content\/uploads\/2021\/05\/Bild-1.jpg 918w, https:\/\/www.organisator.ch\/wp-content\/uploads\/2021\/05\/Bild-1-680x444.jpg 680w, https:\/\/www.organisator.ch\/wp-content\/uploads\/2021\/05\/Bild-1-768x501.jpg 768w, https:\/\/www.organisator.ch\/wp-content\/uploads\/2021\/05\/Bild-1-18x12.jpg 18w, https:\/\/www.organisator.ch\/wp-content\/uploads\/2021\/05\/Bild-1-268x175.jpg 268w, https:\/\/www.organisator.ch\/wp-content\/uploads\/2021\/05\/Bild-1-536x350.jpg 536w, https:\/\/www.organisator.ch\/wp-content\/uploads\/2021\/05\/Bild-1-300x196.jpg 300w\" sizes=\"auto, (max-width: 680px) 100vw, 680px\" \/><figcaption id=\"caption-attachment-4277\" class=\"wp-caption-text\">Il postino porta via il \"sacco del riciclaggio\" pieno di cartoni di bevande vuoti, bottiglie di shampoo, ecc. a Reinach. Foto: Evelyn Lenzin<\/figcaption><\/figure>\n<p>Da giugno 2021, il postino del comune di Basilea Campagna di Reinach non consegner\u00e0 solo lettere e pacchi. Nei giorni feriali, raccoglier\u00e0 anche bottiglie di plastica vuote e cartoni per bevande che i residenti depositano nel \"sacco del riciclaggio\" alle cassette delle lettere. Il sacco per la raccolta differenziata da 35 litri \u00e8 disponibile presso il comune per 1,80 franchi. I postini trasportano i sacchi raccolti all'ufficio postale di Reinach, da dove vengono portati in un impianto di smistamento specializzato gestito dalla M\u00fcller Recycling AG a Frauenfeld. Questo intelligente sistema logistico elimina la necessit\u00e0 di ulteriori trasporti su camion non ecologici, perch\u00e9 la plastica viaggia verso l'impianto di selezione in un container che dovrebbe comunque essere riportato al centro logistico della Posta, come spiega l'azienda specializzata nella gestione del riciclaggio.\u00a0<a href=\"\/\/redilo.ch\/\">Redilo<\/a>\u00a0scrive. Dietro il progetto pionieristico ci sono <a href=\"\/\/realcycle.ch\/\">\"realCYCLE\"<\/a> da Redilo e dal Fondo Pionieri Migros, \u00e8 reso possibile dal pilota. \"Questo progetto pilota esemplifica come pu\u00f2 funzionare semplicemente l'economia circolare della plastica di domani\", dice Corinne Gr\u00e4ssle, project manager del Fondo Pioneer Migros. \"Questo render\u00e0 la societ\u00e0 meno dipendente da materie prime sempre pi\u00f9 scarse\".<\/p>\n<h2><strong>Nuovi prodotti sono creati da plastica riciclata<\/strong><\/h2>\n<p>Le bottiglie di plastica per shampoo, detergenti e simili sono ottimali per il riciclaggio: il materiale riciclabile di alta qualit\u00e0 consiste di solito in una sola plastica, il che \u00e8 importante per il riciclaggio, sottolinea Melanie Haupt, co-progettista di \"realCYCLE\" e docente di economia circolare all'ETH di Zurigo.<\/p>\n<p>I promotori sottolineano che la restituzione delle bottiglie di plastica per il riciclaggio \u00e8 facilitata dal progetto pilota e che la restituzione dei cartoni per bevande \u00e8 resa possibile in primo luogo. La miscela di bottiglie di plastica e cartoni per bevande raccolti viene smistata da un'azienda di Frauenfeld e preparata per il riciclaggio. Il materiale plastico selezionato viene poi triturato, lavato e trasformato in rigranulato in Svizzera: Questo alla fine viene utilizzato per fare di nuovo nuovi prodotti di plastica.<\/p>\n<p>Nel progetto pilota di Reinach, solo le bottiglie di plastica e i cartoni delle bevande vengono raccolti, ma non altri imballaggi di plastica come i vasetti di yogurt o le pellicole. \"In questo modo possiamo garantire che la plastica raccolta venga riciclata anche in Svizzera\", dice il co-progettista Haupt. Nella sua ricerca, si \u00e8 occupata per molti anni dell'analisi dei flussi di rifiuti e delle possibilit\u00e0 di riciclaggio della plastica. Attualmente non esiste un impianto di riciclaggio per i cartoni per bevande in Svizzera, per cui attualmente vengono riciclati in Germania e in Francia. Mentre la fibra di cartone viene utilizzata per il cartone ondulato, la restante miscela alluminio-plastica viene utilizzata come combustibile o per altri prodotti, come ulteriormente comunicato.<\/p>\n<h2><strong>Chiudere il divario del ciclo pertinente<\/strong><\/h2>\n<p>L'offerta di Reinach BL \u00e8 destinata a colmare un vuoto rilevante nel ciclo della plastica. \"La raccolta della Posta facilita alla popolazione la raccolta separata delle materie plastiche riciclabili e il loro ritiro nella cassetta delle lettere sotto casa\". La Posta dispone della logistica e del know-how necessari per gestire un tale sistema di raccolta in modo sostenibile\", afferma Patrick Lampert, responsabile dell'unit\u00e0 Economia circolare della Posta.<\/p>\n<p>Secondo le informazioni, il progetto pilota durer\u00e0 sei mesi. Ma una prima valutazione intermedia sar\u00e0 fatta dopo tre mesi sotto forma di un sondaggio tra la gente di Reinach, rivela Melanie Haupt in risposta a una richiesta di Umwelt Perspektiven. Poi si capir\u00e0 se anche gli svizzeri vogliono diventare campioni del mondo di riciclaggio in questo settore.<\/p>\n<p>Tuttavia, un'espansione dell'area di raccolta \u00e8 gi\u00e0 prevista da parte di \"realCYCLE\", secondo la comunicazione sul progetto Reinach. In un ulteriore passo, vogliono anche testare se le aree rurali e remote possono essere collegate pi\u00f9 facilmente alle strutture di smaltimento. Secondo lo specialista del riciclaggio Haupt, \"realCYCLE\" ha grandi ambizioni di trovare una soluzione nazionale. \"Il progetto pilota \u00e8 un primo passo verso un'economia circolare sostenibile in cui le sinergie esistenti sono utilizzate nel miglior modo possibile\", dice Haupt.<\/p>\n<h2>Questione di finanziamento irrisolta<\/h2>\n<p>Resta la domanda: perch\u00e9 il \"sacco del riciclaggio\" non viene dato gratuitamente? \"Qualcuno deve pagare i costi per la logistica, ecc.\", risponde Haupt, perch\u00e9 il rendimento della materia prima non \u00e8 sufficiente per questo. Inoltre, il docente dell'ETH sulla gestione del riciclaggio fa notare che, a differenza del PET, dell'alluminio e simili, non esiste ancora un finanziamento nel senso di una tassa di riciclaggio anticipata per gli inquinatori. Tuttavia, sforzi corrispondenti sono in corso.<\/p>\n<h2><strong>E cosa dice l'autorit\u00e0 locale?<\/strong><\/h2>\n<p>\"Quando abbiamo saputo del progetto pilota, era chiaro che avremmo partecipato\", dice la consigliera di Reinach Doris V\u00f6geli. \"Perch\u00e9 la raccolta selettiva della plastica \u00e8 stata sul nostro radar per un bel po' di tempo\". Un mandato politico del parlamento di Reinach (<a href=\"\/\/realcycle.ch\/uploads\/1\/3\/0\/4\/130453461\/kst-recycling_reinach_motion-140_er-sitzung-20191125.pdf\">Mozione 140 \"Riciclaggio della plastica a Reinach\")<\/a> richiede lo sviluppo di un concetto per l'introduzione di una raccolta differenziata di bottiglie di plastica e cartoni per bevande. Lo scopo di questo progetto pilota \u00e8 quello di raccogliere esperienze e scoprire se la popolazione \u00e8 disposta a fare uso dell'offerta. Il fattore decisivo \u00e8 se viene raccolto abbastanza materiale.<\/p>\n<p><em>Fonte: Redilo<\/em><\/p>\n<p>&nbsp;<\/p>\n<p><strong><em>Altri argomenti:\u00a0<\/em><\/strong><\/p>\n<p><a href=\"\/\/www.umweltperspektiven.ch\/zuercher-kva-das-aus-fuer-stofflich-verwertbare-kunststoffabfaelle\/\"><em>Z\u00fcrcher KVA: la fine per i rifiuti di plastica riciclabili<\/em><\/a><\/p>\n<p><a href=\"\/\/www.umweltperspektiven.ch\/kanton-zuerich-hat-rohstoff-versorgungssicherheit-im-fokus\/\"><em>Il cantone di Zurigo si concentra sulla sicurezza dell'approvvigionamento delle materie prime<\/em><\/a><\/p>\n<p><a href=\"\/\/www.umweltperspektiven.ch\/plastik-recycling-migros-startet-offensive\/\"><em>Riciclaggio della plastica: Migros lancia un'offensiva<\/em><\/a><\/p>","protected":false},"excerpt":{"rendered":"<p>Ab Juni 2021 bringt der P\u00f6stler der Baselbieter Gemeinde Reinach nicht nur Briefe und Pakete. Werktags holt er zudem leere Kunststoffflaschen und Getr\u00e4nkekartons ab, die die Hausbewohner im \u00abRecycling-Sack\u00bb bei den Briefk\u00e4sten deponieren. Der 35 Liter Recycling-Sack ist bei der Gemeinde f\u00fcr 1.80 Franken erh\u00e4ltlich. Die P\u00f6stler transportieren die eingesammelten S\u00e4cke zur Reinacher Poststelle, von [&hellip;]<\/p>\n","protected":false},"author":6,"featured_media":4277,"comment_status":"closed","ping_status":"closed","sticky":false,"template":"","format":"standard","meta":{"_acf_changed":false,"_yoast_wpseo_focuskw":"Kunststoff","_yoast_wpseo_metadesc":"Im Juni startet in der Gemeinde Reinach BL ein Pilotprojekt: Der P\u00f6stler nimmt auf seiner Zustelltour leere Kunststoffflaschen und Getr\u00e4nkekartons zur\u00fcck.","articlekey":"","footnotes":""},"categories":[580],"tags":[1287,1911,1924,1938,1984,1991,1993,2000],"class_list":["post-10280","post","type-post","status-publish","format-standard","has-post-thumbnail","hentry","category-sustainability","tag-getraenkeverpackungen","tag-pilotprojekt","tag-plastikrecycling","tag-post","tag-realcycle","tag-recyclingkunststoff","tag-redilo","tag-reinach"],"acf":[],"yoast_head":"<!-- This site is optimized with the Yoast SEO plugin v27.5 - https:\/\/yoast.com\/product\/yoast-seo-wordpress\/ -->\n<title>Kunststoffrecycling_Plastikrecycling_Wertstoffe_Pilotprojekt<\/title>\n<meta name=\"description\" content=\"Im Juni startet in der Gemeinde Reinach BL ein Pilotprojekt: Der P\u00f6stler nimmt auf seiner Zustelltour leere Kunststoffflaschen und Getr\u00e4nkekartons zur\u00fcck.\" \/>\n<meta name=\"robots\" content=\"index, follow, max-snippet:-1, max-image-preview:large, max-video-preview:-1\" \/>\n<link rel=\"canonical\" href=\"https:\/\/www.organisator.ch\/it\/sostenibilita\/2021-05-21\/plastikverpackungen-in-reinach-geht-ab-juni-die-post-ab\/\" \/>\n<meta property=\"og:locale\" content=\"it_IT\" \/>\n<meta property=\"og:type\" content=\"article\" \/>\n<meta property=\"og:title\" content=\"Kunststoffrecycling_Plastikrecycling_Wertstoffe_Pilotprojekt\" \/>\n<meta property=\"og:description\" content=\"Im Juni startet in der Gemeinde Reinach BL ein Pilotprojekt: Der P\u00f6stler nimmt auf seiner Zustelltour leere Kunststoffflaschen und Getr\u00e4nkekartons zur\u00fcck.\" \/>\n<meta property=\"og:url\" content=\"https:\/\/www.organisator.ch\/it\/sostenibilita\/2021-05-21\/plastikverpackungen-in-reinach-geht-ab-juni-die-post-ab\/\" \/>\n<meta property=\"og:site_name\" content=\"Organisator\" \/>\n<meta property=\"article:publisher\" content=\"https:\/\/www.facebook.com\/OrganisatorFachmagazin\" \/>\n<meta property=\"article:published_time\" content=\"2021-05-21T05:20:38+00:00\" \/>\n<meta property=\"article:modified_time\" content=\"2022-02-09T10:05:30+00:00\" \/>\n<meta property=\"og:image\" content=\"https:\/\/www.organisator.ch\/wp-content\/uploads\/2021\/05\/Bild-1.jpg\" \/>\n\t<meta property=\"og:image:width\" content=\"918\" \/>\n\t<meta property=\"og:image:height\" content=\"599\" \/>\n\t<meta property=\"og:image:type\" content=\"image\/jpeg\" \/>\n<meta name=\"author\" content=\"roger.straessle\" \/>\n<meta name=\"twitter:card\" content=\"summary_large_image\" \/>\n<script type=\"application\/ld+json\" class=\"yoast-schema-graph\">{\"@context\":\"https:\\\/\\\/schema.org\",\"@graph\":[{\"@type\":\"Article\",\"@id\":\"https:\\\/\\\/www.organisator.ch\\\/sustainability\\\/2021-05-21\\\/plastikverpackungen-in-reinach-geht-ab-juni-die-post-ab\\\/#article\",\"isPartOf\":{\"@id\":\"https:\\\/\\\/www.organisator.ch\\\/sustainability\\\/2021-05-21\\\/plastikverpackungen-in-reinach-geht-ab-juni-die-post-ab\\\/\"},\"author\":{\"name\":\"roger.straessle\",\"@id\":\"https:\\\/\\\/www.organisator.ch\\\/#\\\/schema\\\/person\\\/a800b8c54e208b160517a7dcc323161d\"},\"headline\":\"Plastikverpackungen: In Reinach geht ab Juni die Post ab\",\"datePublished\":\"2021-05-21T05:20:38+00:00\",\"dateModified\":\"2022-02-09T10:05:30+00:00\",\"mainEntityOfPage\":{\"@id\":\"https:\\\/\\\/www.organisator.ch\\\/sustainability\\\/2021-05-21\\\/plastikverpackungen-in-reinach-geht-ab-juni-die-post-ab\\\/\"},\"wordCount\":821,\"publisher\":{\"@id\":\"https:\\\/\\\/www.organisator.ch\\\/#organization\"},\"image\":{\"@id\":\"https:\\\/\\\/www.organisator.ch\\\/sustainability\\\/2021-05-21\\\/plastikverpackungen-in-reinach-geht-ab-juni-die-post-ab\\\/#primaryimage\"},\"thumbnailUrl\":\"https:\\\/\\\/www.organisator.ch\\\/wp-content\\\/uploads\\\/2021\\\/05\\\/Bild-1.jpg\",\"keywords\":[\"Getr\u00e4nkeverpackungen\",\"Pilotprojekt\",\"Plastikrecycling\",\"Post\",\"realCYCLE\",\"Recyclingkunststoff\",\"Redilo\",\"Reinach\"],\"articleSection\":[\"SUSTAINABILITY\"],\"inLanguage\":\"it-IT\"},{\"@type\":\"WebPage\",\"@id\":\"https:\\\/\\\/www.organisator.ch\\\/sustainability\\\/2021-05-21\\\/plastikverpackungen-in-reinach-geht-ab-juni-die-post-ab\\\/\",\"url\":\"https:\\\/\\\/www.organisator.ch\\\/sustainability\\\/2021-05-21\\\/plastikverpackungen-in-reinach-geht-ab-juni-die-post-ab\\\/\",\"name\":\"Kunststoffrecycling_Plastikrecycling_Wertstoffe_Pilotprojekt\",\"isPartOf\":{\"@id\":\"https:\\\/\\\/www.organisator.ch\\\/#website\"},\"primaryImageOfPage\":{\"@id\":\"https:\\\/\\\/www.organisator.ch\\\/sustainability\\\/2021-05-21\\\/plastikverpackungen-in-reinach-geht-ab-juni-die-post-ab\\\/#primaryimage\"},\"image\":{\"@id\":\"https:\\\/\\\/www.organisator.ch\\\/sustainability\\\/2021-05-21\\\/plastikverpackungen-in-reinach-geht-ab-juni-die-post-ab\\\/#primaryimage\"},\"thumbnailUrl\":\"https:\\\/\\\/www.organisator.ch\\\/wp-content\\\/uploads\\\/2021\\\/05\\\/Bild-1.jpg\",\"datePublished\":\"2021-05-21T05:20:38+00:00\",\"dateModified\":\"2022-02-09T10:05:30+00:00\",\"description\":\"Im Juni startet in der Gemeinde Reinach BL ein Pilotprojekt: Der P\u00f6stler nimmt auf seiner Zustelltour leere Kunststoffflaschen und Getr\u00e4nkekartons zur\u00fcck.\",\"breadcrumb\":{\"@id\":\"https:\\\/\\\/www.organisator.ch\\\/sustainability\\\/2021-05-21\\\/plastikverpackungen-in-reinach-geht-ab-juni-die-post-ab\\\/#breadcrumb\"},\"inLanguage\":\"it-IT\",\"potentialAction\":[{\"@type\":\"ReadAction\",\"target\":[\"https:\\\/\\\/www.organisator.ch\\\/sustainability\\\/2021-05-21\\\/plastikverpackungen-in-reinach-geht-ab-juni-die-post-ab\\\/\"]}]},{\"@type\":\"ImageObject\",\"inLanguage\":\"it-IT\",\"@id\":\"https:\\\/\\\/www.organisator.ch\\\/sustainability\\\/2021-05-21\\\/plastikverpackungen-in-reinach-geht-ab-juni-die-post-ab\\\/#primaryimage\",\"url\":\"https:\\\/\\\/www.organisator.ch\\\/wp-content\\\/uploads\\\/2021\\\/05\\\/Bild-1.jpg\",\"contentUrl\":\"https:\\\/\\\/www.organisator.ch\\\/wp-content\\\/uploads\\\/2021\\\/05\\\/Bild-1.jpg\",\"width\":918,\"height\":599,\"caption\":\"Foto: Evelyn Lenzin\"},{\"@type\":\"BreadcrumbList\",\"@id\":\"https:\\\/\\\/www.organisator.ch\\\/sustainability\\\/2021-05-21\\\/plastikverpackungen-in-reinach-geht-ab-juni-die-post-ab\\\/#breadcrumb\",\"itemListElement\":[{\"@type\":\"ListItem\",\"position\":1,\"name\":\"Home\",\"item\":\"https:\\\/\\\/www.organisator.ch\\\/\"},{\"@type\":\"ListItem\",\"position\":2,\"name\":\"Plastikverpackungen: In Reinach geht ab Juni die Post ab\"}]},{\"@type\":\"WebSite\",\"@id\":\"https:\\\/\\\/www.organisator.ch\\\/#website\",\"url\":\"https:\\\/\\\/www.organisator.ch\\\/\",\"name\":\"Organisator\",\"description\":\"Kompetent. Praxisnah. Der ORGANISATOR bereitet in 10 Ausgaben pro Jahr die wesentlichen Themen f\u00fcr F\u00fchrungskr\u00e4fte von KMU auf.\",\"publisher\":{\"@id\":\"https:\\\/\\\/www.organisator.ch\\\/#organization\"},\"potentialAction\":[{\"@type\":\"SearchAction\",\"target\":{\"@type\":\"EntryPoint\",\"urlTemplate\":\"https:\\\/\\\/www.organisator.ch\\\/?s={search_term_string}\"},\"query-input\":{\"@type\":\"PropertyValueSpecification\",\"valueRequired\":true,\"valueName\":\"search_term_string\"}}],\"inLanguage\":\"it-IT\"},{\"@type\":\"Organization\",\"@id\":\"https:\\\/\\\/www.organisator.ch\\\/#organization\",\"name\":\"Organisator\",\"url\":\"https:\\\/\\\/www.organisator.ch\\\/\",\"logo\":{\"@type\":\"ImageObject\",\"inLanguage\":\"it-IT\",\"@id\":\"https:\\\/\\\/www.organisator.ch\\\/#\\\/schema\\\/logo\\\/image\\\/\",\"url\":\"https:\\\/\\\/www.organisator.ch\\\/wp-content\\\/uploads\\\/2022\\\/01\\\/Logo_Organisator_Website.png\",\"contentUrl\":\"https:\\\/\\\/www.organisator.ch\\\/wp-content\\\/uploads\\\/2022\\\/01\\\/Logo_Organisator_Website.png\",\"width\":800,\"height\":77,\"caption\":\"Organisator\"},\"image\":{\"@id\":\"https:\\\/\\\/www.organisator.ch\\\/#\\\/schema\\\/logo\\\/image\\\/\"},\"sameAs\":[\"https:\\\/\\\/www.facebook.com\\\/OrganisatorFachmagazin\",\"https:\\\/\\\/www.linkedin.com\\\/showcase\\\/organisator-das-magazin-fr-kmu\",\"https:\\\/\\\/www.xing.com\\\/news\\\/pages\\\/organisator-ch-695\",\"https:\\\/\\\/www.youtube.com\\\/channel\\\/UCGP2Sq0iWaZwT3BdIAQFYpw\"]},{\"@type\":\"Person\",\"@id\":\"https:\\\/\\\/www.organisator.ch\\\/#\\\/schema\\\/person\\\/a800b8c54e208b160517a7dcc323161d\",\"name\":\"roger.straessle\",\"image\":{\"@type\":\"ImageObject\",\"inLanguage\":\"it-IT\",\"@id\":\"https:\\\/\\\/secure.gravatar.com\\\/avatar\\\/?s=96&d=mm&r=g\",\"url\":\"https:\\\/\\\/secure.gravatar.com\\\/avatar\\\/?s=96&d=mm&r=g\",\"contentUrl\":\"https:\\\/\\\/secure.gravatar.com\\\/avatar\\\/?s=96&d=mm&r=g\",\"caption\":\"roger.straessle\"},\"url\":\"https:\\\/\\\/www.organisator.ch\\\/it\\\/author\\\/roger-straessle\\\/\"}]}<\/script>\n<!-- \/ Yoast SEO plugin. -->","yoast_head_json":{"title":"Progetto pilota di riciclo di materiali preziosi in plastica","description":"A giugno verr\u00e0 lanciato un progetto pilota nel comune di Reinach BL: il postino ritirer\u00e0 le bottiglie di plastica vuote e i cartoni per bevande durante il suo giro di consegne.","robots":{"index":"index","follow":"follow","max-snippet":"max-snippet:-1","max-image-preview":"max-image-preview:large","max-video-preview":"max-video-preview:-1"},"canonical":"https:\/\/www.organisator.ch\/it\/sostenibilita\/2021-05-21\/plastikverpackungen-in-reinach-geht-ab-juni-die-post-ab\/","og_locale":"it_IT","og_type":"article","og_title":"Kunststoffrecycling_Plastikrecycling_Wertstoffe_Pilotprojekt","og_description":"Im Juni startet in der Gemeinde Reinach BL ein Pilotprojekt: Der P\u00f6stler nimmt auf seiner Zustelltour leere Kunststoffflaschen und Getr\u00e4nkekartons zur\u00fcck.","og_url":"https:\/\/www.organisator.ch\/it\/sostenibilita\/2021-05-21\/plastikverpackungen-in-reinach-geht-ab-juni-die-post-ab\/","og_site_name":"Organisator","article_publisher":"https:\/\/www.facebook.com\/OrganisatorFachmagazin","article_published_time":"2021-05-21T05:20:38+00:00","article_modified_time":"2022-02-09T10:05:30+00:00","og_image":[{"width":918,"height":599,"url":"https:\/\/www.organisator.ch\/wp-content\/uploads\/2021\/05\/Bild-1.jpg","type":"image\/jpeg"}],"author":"roger.straessle","twitter_card":"summary_large_image","schema":{"@context":"https:\/\/schema.org","@graph":[{"@type":"Article","@id":"https:\/\/www.organisator.ch\/sustainability\/2021-05-21\/plastikverpackungen-in-reinach-geht-ab-juni-die-post-ab\/#article","isPartOf":{"@id":"https:\/\/www.organisator.ch\/sustainability\/2021-05-21\/plastikverpackungen-in-reinach-geht-ab-juni-die-post-ab\/"},"author":{"name":"roger.straessle","@id":"https:\/\/www.organisator.ch\/#\/schema\/person\/a800b8c54e208b160517a7dcc323161d"},"headline":"Plastikverpackungen: In Reinach geht ab Juni die Post ab","datePublished":"2021-05-21T05:20:38+00:00","dateModified":"2022-02-09T10:05:30+00:00","mainEntityOfPage":{"@id":"https:\/\/www.organisator.ch\/sustainability\/2021-05-21\/plastikverpackungen-in-reinach-geht-ab-juni-die-post-ab\/"},"wordCount":821,"publisher":{"@id":"https:\/\/www.organisator.ch\/#organization"},"image":{"@id":"https:\/\/www.organisator.ch\/sustainability\/2021-05-21\/plastikverpackungen-in-reinach-geht-ab-juni-die-post-ab\/#primaryimage"},"thumbnailUrl":"https:\/\/www.organisator.ch\/wp-content\/uploads\/2021\/05\/Bild-1.jpg","keywords":["Getr\u00e4nkeverpackungen","Pilotprojekt","Plastikrecycling","Post","realCYCLE","Recyclingkunststoff","Redilo","Reinach"],"articleSection":["SUSTAINABILITY"],"inLanguage":"it-IT"},{"@type":"WebPage","@id":"https:\/\/www.organisator.ch\/sustainability\/2021-05-21\/plastikverpackungen-in-reinach-geht-ab-juni-die-post-ab\/","url":"https:\/\/www.organisator.ch\/sustainability\/2021-05-21\/plastikverpackungen-in-reinach-geht-ab-juni-die-post-ab\/","name":"Progetto pilota di riciclo di materiali preziosi in plastica","isPartOf":{"@id":"https:\/\/www.organisator.ch\/#website"},"primaryImageOfPage":{"@id":"https:\/\/www.organisator.ch\/sustainability\/2021-05-21\/plastikverpackungen-in-reinach-geht-ab-juni-die-post-ab\/#primaryimage"},"image":{"@id":"https:\/\/www.organisator.ch\/sustainability\/2021-05-21\/plastikverpackungen-in-reinach-geht-ab-juni-die-post-ab\/#primaryimage"},"thumbnailUrl":"https:\/\/www.organisator.ch\/wp-content\/uploads\/2021\/05\/Bild-1.jpg","datePublished":"2021-05-21T05:20:38+00:00","dateModified":"2022-02-09T10:05:30+00:00","description":"A giugno verr\u00e0 lanciato un progetto pilota nel comune di Reinach BL: il postino ritirer\u00e0 le bottiglie di plastica vuote e i cartoni per bevande durante il suo giro di consegne.","breadcrumb":{"@id":"https:\/\/www.organisator.ch\/sustainability\/2021-05-21\/plastikverpackungen-in-reinach-geht-ab-juni-die-post-ab\/#breadcrumb"},"inLanguage":"it-IT","potentialAction":[{"@type":"ReadAction","target":["https:\/\/www.organisator.ch\/sustainability\/2021-05-21\/plastikverpackungen-in-reinach-geht-ab-juni-die-post-ab\/"]}]},{"@type":"ImageObject","inLanguage":"it-IT","@id":"https:\/\/www.organisator.ch\/sustainability\/2021-05-21\/plastikverpackungen-in-reinach-geht-ab-juni-die-post-ab\/#primaryimage","url":"https:\/\/www.organisator.ch\/wp-content\/uploads\/2021\/05\/Bild-1.jpg","contentUrl":"https:\/\/www.organisator.ch\/wp-content\/uploads\/2021\/05\/Bild-1.jpg","width":918,"height":599,"caption":"Foto: Evelyn Lenzin"},{"@type":"BreadcrumbList","@id":"https:\/\/www.organisator.ch\/sustainability\/2021-05-21\/plastikverpackungen-in-reinach-geht-ab-juni-die-post-ab\/#breadcrumb","itemListElement":[{"@type":"ListItem","position":1,"name":"Home","item":"https:\/\/www.organisator.ch\/"},{"@type":"ListItem","position":2,"name":"Plastikverpackungen: In Reinach geht ab Juni die Post ab"}]},{"@type":"WebSite","@id":"https:\/\/www.organisator.ch\/#website","url":"https:\/\/www.organisator.ch\/","name":"Organizzatore","description":"Competente. Pratico. In 10 numeri all'anno, ORGANISATOR presenta i temi essenziali per i manager delle PMI.","publisher":{"@id":"https:\/\/www.organisator.ch\/#organization"},"potentialAction":[{"@type":"SearchAction","target":{"@type":"EntryPoint","urlTemplate":"https:\/\/www.organisator.ch\/?s={search_term_string}"},"query-input":{"@type":"PropertyValueSpecification","valueRequired":true,"valueName":"search_term_string"}}],"inLanguage":"it-IT"},{"@type":"Organization","@id":"https:\/\/www.organisator.ch\/#organization","name":"Organizzatore","url":"https:\/\/www.organisator.ch\/","logo":{"@type":"ImageObject","inLanguage":"it-IT","@id":"https:\/\/www.organisator.ch\/#\/schema\/logo\/image\/","url":"https:\/\/www.organisator.ch\/wp-content\/uploads\/2022\/01\/Logo_Organisator_Website.png","contentUrl":"https:\/\/www.organisator.ch\/wp-content\/uploads\/2022\/01\/Logo_Organisator_Website.png","width":800,"height":77,"caption":"Organisator"},"image":{"@id":"https:\/\/www.organisator.ch\/#\/schema\/logo\/image\/"},"sameAs":["https:\/\/www.facebook.com\/OrganisatorFachmagazin","https:\/\/www.linkedin.com\/showcase\/organisator-das-magazin-fr-kmu","https:\/\/www.xing.com\/news\/pages\/organisator-ch-695","https:\/\/www.youtube.com\/channel\/UCGP2Sq0iWaZwT3BdIAQFYpw"]},{"@type":"Person","@id":"https:\/\/www.organisator.ch\/#\/schema\/person\/a800b8c54e208b160517a7dcc323161d","name":"roger.straessle","image":{"@type":"ImageObject","inLanguage":"it-IT","@id":"https:\/\/secure.gravatar.com\/avatar\/?s=96&d=mm&r=g","url":"https:\/\/secure.gravatar.com\/avatar\/?s=96&d=mm&r=g","contentUrl":"https:\/\/secure.gravatar.com\/avatar\/?s=96&d=mm&r=g","caption":"roger.straessle"},"url":"https:\/\/www.organisator.ch\/it\/author\/roger-straessle\/"}]}},"_links":{"self":[{"href":"https:\/\/www.organisator.ch\/it\/wp-json\/wp\/v2\/posts\/10280","targetHints":{"allow":["GET"]}}],"collection":[{"href":"https:\/\/www.organisator.ch\/it\/wp-json\/wp\/v2\/posts"}],"about":[{"href":"https:\/\/www.organisator.ch\/it\/wp-json\/wp\/v2\/types\/post"}],"author":[{"embeddable":true,"href":"https:\/\/www.organisator.ch\/it\/wp-json\/wp\/v2\/users\/6"}],"replies":[{"embeddable":true,"href":"https:\/\/www.organisator.ch\/it\/wp-json\/wp\/v2\/comments?post=10280"}],"version-history":[{"count":1,"href":"https:\/\/www.organisator.ch\/it\/wp-json\/wp\/v2\/posts\/10280\/revisions"}],"predecessor-version":[{"id":10368,"href":"https:\/\/www.organisator.ch\/it\/wp-json\/wp\/v2\/posts\/10280\/revisions\/10368"}],"wp:featuredmedia":[{"embeddable":true,"href":"https:\/\/www.organisator.ch\/it\/wp-json\/wp\/v2\/media\/4277"}],"wp:attachment":[{"href":"https:\/\/www.organisator.ch\/it\/wp-json\/wp\/v2\/media?parent=10280"}],"wp:term":[{"taxonomy":"category","embeddable":true,"href":"https:\/\/www.organisator.ch\/it\/wp-json\/wp\/v2\/categories?post=10280"},{"taxonomy":"post_tag","embeddable":true,"href":"https:\/\/www.organisator.ch\/it\/wp-json\/wp\/v2\/tags?post=10280"}],"curies":[{"name":"wp","href":"https:\/\/api.w.org\/{rel}","templated":true}]}}