{"id":10283,"date":"2021-05-28T16:59:41","date_gmt":"2021-05-28T14:59:41","guid":{"rendered":"https:\/\/www.umweltperspektiven.ch\/?p=4308"},"modified":"2022-02-09T11:06:08","modified_gmt":"2022-02-09T10:06:08","slug":"der-neue-swissolar-praesident-heisst-juerg-grossen","status":"publish","type":"post","link":"https:\/\/www.organisator.ch\/it\/sustainability\/2021-05-28\/der-neue-swissolar-praesident-heisst-juerg-grossen\/","title":{"rendered":"Il nuovo presidente di Swissolar \u00e8 J\u00fcrg Grossen"},"content":{"rendered":"<figure id=\"attachment_4310\" aria-describedby=\"caption-attachment-4310\" style=\"width: 680px\" class=\"wp-caption aligncenter\"><img loading=\"lazy\" decoding=\"async\" class=\"size-medium wp-image-4310\" src=\"\/\/www.umweltperspektiven.ch\/wp-content\/uploads\/2021\/05\/Grossen.jpg\" alt=\"Swissolar, J\u00fcrg Grossen\" width=\"680\" height=\"452\" \/><figcaption id=\"caption-attachment-4310\" class=\"wp-caption-text\">Presidente di GLP e ora anche di Swissolar: il Consigliere nazionale J\u00fcrg Grossen. \u00a9 zVg<\/figcaption><\/figure>\n<p>Quasi all'unanimit\u00e0, J\u00fcrg Grossen e Gabriela Suter sono stati eletti dai membri di Swissolar come Presidente e Vicepresidente del Consiglio di amministrazione di Swissolar il 28 maggio 2021.<\/p>\n<p>J\u00fcrg Grossen subentra a Roger Nordmann, che lascia la presidenza dopo undici anni. In questo periodo, l'energia solare \u00e8 uscita dalla sua nicchia ed \u00e8 riuscita a posizionarsi come pilastro centrale della transizione energetica svizzera, come sottolinea l'associazione di categoria. Durante il suo mandato, la capacit\u00e0 fotovoltaica installata in Svizzera \u00e8 aumentata di 28 volte e il numero di membri di Swissolar \u00e8 quasi triplicato. Il direttore generale di Swissolar, David Stickelberger, afferma: \"La competenza e l'impegno di Nordmann hanno fatto fare enormi passi avanti all'associazione e al settore\".<\/p>\n<p>Roger Nordmann ha dichiarato nel suo discorso di commiato: \"L'espansione record dello scorso anno nel fotovoltaico \u00e8 grandiosa. Ma per ottenere la svolta energetica, deve essere aumentata di 4 volte. Il prerequisito per questo \u00e8 un S\u00ec alla legge sulla CO2 il 13 giugno. L'adozione della legge sul CO2 garantir\u00e0 l'approvvigionamento energetico della Svizzera, creer\u00e0 molti posti di lavoro e aumenter\u00e0 la creazione di valore in Svizzera.\"<\/p>\n<p>Nordmann sottolinea che la domanda di lavoro nell'industria solare supera attualmente l'offerta: \"Le persone che stanno perdendo il lavoro a causa della pandemia stanno gi\u00e0 trovando lavori promettenti nell'industria solare\".<strong>\u00a0<\/strong><\/p>\n<h2><strong>J\u00fcrg Grossen, un uomo di pratica<\/strong><\/h2>\n<p>Con il Consigliere nazionale J\u00fcrg Grossen, la prossima voce importante della politica energetica svizzera \u00e8 ora alla guida di Swissolar. Il Presidente del Partito Verde Liberale \u00e8 il candidato ideale per questa carica.<\/p>\n<p>Grossen \u00e8 un uomo di pratica: a Frutigen, il co-amministratore delegato aiuta a gestire tre aziende nel settore della progettazione elettrica e della tecnologia degli edifici. \"Nelle nostre aziende formiamo anche apprendisti. La progettazione e la realizzazione di impianti elettrici e solari e l'utilizzo di tecnologie edilizie intelligenti e a risparmio energetico affascinano particolarmente i giovani. La transizione energetica crea le migliori prospettive future per i giovani\", afferma J\u00fcrg Grossen.<\/p>\n<h2><strong>Suter chiede una maggiore promozione delle donne nella tecnologia ambientale\u00a0<\/strong><\/h2>\n<p>Oltre ai due precedenti vicepresidenti David Galeuchet e Andreas Haller, i membri di Swissolar hanno eletto Gabriela Suter come vicepresidente. Il Consigliere nazionale (PS) sostiene una politica energetica sostenibile in seno al Comitato per l'ambiente, la pianificazione territoriale e l'energia del Consiglio nazionale (UREK-N).<\/p>\n<p>Gabriela Suter afferma: \"In qualit\u00e0 di vicepresidente di Swissolar, una delle cose che far\u00f2 \u00e8 rendere le professioni dell'edilizia pi\u00f9 attraenti per le donne. Vedo un grande potenziale, non ancora sfruttato, per le donne nella consulenza energetica, nella pianificazione e nell'installazione di tecnologie ambientali\".<strong>\u00a0<\/strong><\/p>\n<h2><strong>Lancio della campagna per una qualit\u00e0 ancora maggiore<\/strong><\/h2>\n<p>Al termine dell'assemblea generale, Swissolar ha presentato la nuova campagna pubblicitaria del marchio di qualit\u00e0 Solarprofis. Solo le aziende che soddisfano i rigorosi criteri stabiliti da Swissolar ricevono questo marchio e vengono inserite nell'elenco Solarprofis, come scrive l'associazione di categoria. In questo modo, Swissolar crea orientamento e trasparenza per i clienti per quanto riguarda la qualit\u00e0 nella progettazione e nell'installazione di impianti solari. L'obiettivo della campagna pubblicitaria \u00e8 quello di aumentare la conoscenza di Solarprofis tra i proprietari di edifici e gli specialisti, in modo che possano trovare facilmente e rapidamente aziende solari affidabili e qualificate.<\/p>\n<p><em>Fonte: <a href=\"\/\/www.swissolar.ch\">Swissolar<\/a><\/em><\/p>\n<p>&nbsp;<\/p>","protected":false},"excerpt":{"rendered":"<p>Fast einstimmig wurden J\u00fcrg Grossen und Gabriela Suter am 28. Mai 2021 von den Swissolar-Mitgliedern als Pr\u00e4sident und Vize-Pr\u00e4sidentin in den Vorstand von Swissolar gew\u00e4hlt. J\u00fcrg Grossen \u00fcbernimmt das Amt von Roger Nordmann, der das Pr\u00e4sidium nach elf Jahren abgibt. In dieser Zeit ist die Solarenergie aus seiner Nische herausgewachsen und hat sich als zentrale [&hellip;]<\/p>\n","protected":false},"author":6,"featured_media":4310,"comment_status":"closed","ping_status":"closed","sticky":false,"template":"","format":"standard","meta":{"_acf_changed":false,"_yoast_wpseo_focuskw":"J\u00fcrg Grossen","_yoast_wpseo_metadesc":"Der neue Pr\u00e4sident des Fachverbandes Swissolar heisst J\u00fcrg Grossen, GLP-Pr\u00e4sident und Nationalrat. Zus\u00e4tzliche Vizepr\u00e4sidentin ist Gabriela Suter (SP).","articlekey":"","footnotes":""},"categories":[580],"tags":[706,965,1238,1467,2025,2271],"class_list":["post-10283","post","type-post","status-publish","format-standard","has-post-thumbnail","hentry","category-sustainability","tag-andreas-haller","tag-david-galeuchet","tag-gabriela-suter","tag-juerg-grossen","tag-roger-nordmann","tag-swissolar"],"acf":[],"yoast_head":"<!-- This site is optimized with the Yoast SEO plugin v27.5 - https:\/\/yoast.com\/product\/yoast-seo-wordpress\/ -->\n<title>Der neue Swissolar-Pr\u00e4sident heisst J\u00fcrg Grossen - Organisator<\/title>\n<meta name=\"description\" content=\"Der neue Pr\u00e4sident des Fachverbandes Swissolar heisst J\u00fcrg Grossen, GLP-Pr\u00e4sident und Nationalrat. Zus\u00e4tzliche Vizepr\u00e4sidentin ist Gabriela Suter (SP).\" \/>\n<meta name=\"robots\" content=\"index, follow, max-snippet:-1, max-image-preview:large, max-video-preview:-1\" \/>\n<link rel=\"canonical\" href=\"https:\/\/www.organisator.ch\/it\/sostenibilita\/2021-05-28\/der-neue-swissolar-praesident-heisst-juerg-grossen\/\" \/>\n<meta property=\"og:locale\" content=\"it_IT\" \/>\n<meta property=\"og:type\" content=\"article\" \/>\n<meta property=\"og:title\" content=\"Der neue Swissolar-Pr\u00e4sident heisst J\u00fcrg Grossen - Organisator\" \/>\n<meta property=\"og:description\" content=\"Der neue Pr\u00e4sident des Fachverbandes Swissolar heisst J\u00fcrg Grossen, GLP-Pr\u00e4sident und Nationalrat. Zus\u00e4tzliche Vizepr\u00e4sidentin ist Gabriela Suter (SP).\" \/>\n<meta property=\"og:url\" content=\"https:\/\/www.organisator.ch\/it\/sostenibilita\/2021-05-28\/der-neue-swissolar-praesident-heisst-juerg-grossen\/\" \/>\n<meta property=\"og:site_name\" content=\"Organisator\" \/>\n<meta property=\"article:publisher\" content=\"https:\/\/www.facebook.com\/OrganisatorFachmagazin\" \/>\n<meta property=\"article:published_time\" content=\"2021-05-28T14:59:41+00:00\" \/>\n<meta property=\"article:modified_time\" content=\"2022-02-09T10:06:08+00:00\" \/>\n<meta property=\"og:image\" content=\"https:\/\/www.organisator.ch\/wp-content\/uploads\/2021\/05\/Grossen-scaled.jpg\" \/>\n\t<meta property=\"og:image:width\" content=\"2560\" \/>\n\t<meta property=\"og:image:height\" content=\"1703\" \/>\n\t<meta property=\"og:image:type\" content=\"image\/jpeg\" \/>\n<meta name=\"author\" content=\"roger.straessle\" \/>\n<meta name=\"twitter:card\" content=\"summary_large_image\" \/>\n<script type=\"application\/ld+json\" class=\"yoast-schema-graph\">{\"@context\":\"https:\\\/\\\/schema.org\",\"@graph\":[{\"@type\":\"Article\",\"@id\":\"https:\\\/\\\/www.organisator.ch\\\/sustainability\\\/2021-05-28\\\/der-neue-swissolar-praesident-heisst-juerg-grossen\\\/#article\",\"isPartOf\":{\"@id\":\"https:\\\/\\\/www.organisator.ch\\\/sustainability\\\/2021-05-28\\\/der-neue-swissolar-praesident-heisst-juerg-grossen\\\/\"},\"author\":{\"name\":\"roger.straessle\",\"@id\":\"https:\\\/\\\/www.organisator.ch\\\/#\\\/schema\\\/person\\\/a800b8c54e208b160517a7dcc323161d\"},\"headline\":\"Der neue Swissolar-Pr\u00e4sident heisst J\u00fcrg Grossen\",\"datePublished\":\"2021-05-28T14:59:41+00:00\",\"dateModified\":\"2022-02-09T10:06:08+00:00\",\"mainEntityOfPage\":{\"@id\":\"https:\\\/\\\/www.organisator.ch\\\/sustainability\\\/2021-05-28\\\/der-neue-swissolar-praesident-heisst-juerg-grossen\\\/\"},\"wordCount\":534,\"publisher\":{\"@id\":\"https:\\\/\\\/www.organisator.ch\\\/#organization\"},\"image\":{\"@id\":\"https:\\\/\\\/www.organisator.ch\\\/sustainability\\\/2021-05-28\\\/der-neue-swissolar-praesident-heisst-juerg-grossen\\\/#primaryimage\"},\"thumbnailUrl\":\"https:\\\/\\\/www.organisator.ch\\\/wp-content\\\/uploads\\\/2021\\\/05\\\/Grossen-scaled.jpg\",\"keywords\":[\"Andreas Haller\",\"David Galeuchet\",\"Gabriela Suter\",\"J\u00fcrg Grossen\",\"Roger Nordmann\",\"Swissolar\"],\"articleSection\":[\"SUSTAINABILITY\"],\"inLanguage\":\"it-IT\"},{\"@type\":\"WebPage\",\"@id\":\"https:\\\/\\\/www.organisator.ch\\\/sustainability\\\/2021-05-28\\\/der-neue-swissolar-praesident-heisst-juerg-grossen\\\/\",\"url\":\"https:\\\/\\\/www.organisator.ch\\\/sustainability\\\/2021-05-28\\\/der-neue-swissolar-praesident-heisst-juerg-grossen\\\/\",\"name\":\"Der neue Swissolar-Pr\u00e4sident heisst J\u00fcrg Grossen - Organisator\",\"isPartOf\":{\"@id\":\"https:\\\/\\\/www.organisator.ch\\\/#website\"},\"primaryImageOfPage\":{\"@id\":\"https:\\\/\\\/www.organisator.ch\\\/sustainability\\\/2021-05-28\\\/der-neue-swissolar-praesident-heisst-juerg-grossen\\\/#primaryimage\"},\"image\":{\"@id\":\"https:\\\/\\\/www.organisator.ch\\\/sustainability\\\/2021-05-28\\\/der-neue-swissolar-praesident-heisst-juerg-grossen\\\/#primaryimage\"},\"thumbnailUrl\":\"https:\\\/\\\/www.organisator.ch\\\/wp-content\\\/uploads\\\/2021\\\/05\\\/Grossen-scaled.jpg\",\"datePublished\":\"2021-05-28T14:59:41+00:00\",\"dateModified\":\"2022-02-09T10:06:08+00:00\",\"description\":\"Der neue Pr\u00e4sident des Fachverbandes Swissolar heisst J\u00fcrg Grossen, GLP-Pr\u00e4sident und Nationalrat. Zus\u00e4tzliche Vizepr\u00e4sidentin ist Gabriela Suter (SP).\",\"breadcrumb\":{\"@id\":\"https:\\\/\\\/www.organisator.ch\\\/sustainability\\\/2021-05-28\\\/der-neue-swissolar-praesident-heisst-juerg-grossen\\\/#breadcrumb\"},\"inLanguage\":\"it-IT\",\"potentialAction\":[{\"@type\":\"ReadAction\",\"target\":[\"https:\\\/\\\/www.organisator.ch\\\/sustainability\\\/2021-05-28\\\/der-neue-swissolar-praesident-heisst-juerg-grossen\\\/\"]}]},{\"@type\":\"ImageObject\",\"inLanguage\":\"it-IT\",\"@id\":\"https:\\\/\\\/www.organisator.ch\\\/sustainability\\\/2021-05-28\\\/der-neue-swissolar-praesident-heisst-juerg-grossen\\\/#primaryimage\",\"url\":\"https:\\\/\\\/www.organisator.ch\\\/wp-content\\\/uploads\\\/2021\\\/05\\\/Grossen-scaled.jpg\",\"contentUrl\":\"https:\\\/\\\/www.organisator.ch\\\/wp-content\\\/uploads\\\/2021\\\/05\\\/Grossen-scaled.jpg\",\"width\":2560,\"height\":1703,\"caption\":\"GLP-Mann und neu Pr\u00e4sident von Swissolar: J\u00fcrg Grossen. \u00a9 zVg\"},{\"@type\":\"BreadcrumbList\",\"@id\":\"https:\\\/\\\/www.organisator.ch\\\/sustainability\\\/2021-05-28\\\/der-neue-swissolar-praesident-heisst-juerg-grossen\\\/#breadcrumb\",\"itemListElement\":[{\"@type\":\"ListItem\",\"position\":1,\"name\":\"Home\",\"item\":\"https:\\\/\\\/www.organisator.ch\\\/\"},{\"@type\":\"ListItem\",\"position\":2,\"name\":\"Der neue Swissolar-Pr\u00e4sident heisst J\u00fcrg Grossen\"}]},{\"@type\":\"WebSite\",\"@id\":\"https:\\\/\\\/www.organisator.ch\\\/#website\",\"url\":\"https:\\\/\\\/www.organisator.ch\\\/\",\"name\":\"Organisator\",\"description\":\"Kompetent. Praxisnah. Der ORGANISATOR bereitet in 10 Ausgaben pro Jahr die wesentlichen Themen f\u00fcr F\u00fchrungskr\u00e4fte von KMU auf.\",\"publisher\":{\"@id\":\"https:\\\/\\\/www.organisator.ch\\\/#organization\"},\"potentialAction\":[{\"@type\":\"SearchAction\",\"target\":{\"@type\":\"EntryPoint\",\"urlTemplate\":\"https:\\\/\\\/www.organisator.ch\\\/?s={search_term_string}\"},\"query-input\":{\"@type\":\"PropertyValueSpecification\",\"valueRequired\":true,\"valueName\":\"search_term_string\"}}],\"inLanguage\":\"it-IT\"},{\"@type\":\"Organization\",\"@id\":\"https:\\\/\\\/www.organisator.ch\\\/#organization\",\"name\":\"Organisator\",\"url\":\"https:\\\/\\\/www.organisator.ch\\\/\",\"logo\":{\"@type\":\"ImageObject\",\"inLanguage\":\"it-IT\",\"@id\":\"https:\\\/\\\/www.organisator.ch\\\/#\\\/schema\\\/logo\\\/image\\\/\",\"url\":\"https:\\\/\\\/www.organisator.ch\\\/wp-content\\\/uploads\\\/2022\\\/01\\\/Logo_Organisator_Website.png\",\"contentUrl\":\"https:\\\/\\\/www.organisator.ch\\\/wp-content\\\/uploads\\\/2022\\\/01\\\/Logo_Organisator_Website.png\",\"width\":800,\"height\":77,\"caption\":\"Organisator\"},\"image\":{\"@id\":\"https:\\\/\\\/www.organisator.ch\\\/#\\\/schema\\\/logo\\\/image\\\/\"},\"sameAs\":[\"https:\\\/\\\/www.facebook.com\\\/OrganisatorFachmagazin\",\"https:\\\/\\\/www.linkedin.com\\\/showcase\\\/organisator-das-magazin-fr-kmu\",\"https:\\\/\\\/www.xing.com\\\/news\\\/pages\\\/organisator-ch-695\",\"https:\\\/\\\/www.youtube.com\\\/channel\\\/UCGP2Sq0iWaZwT3BdIAQFYpw\"]},{\"@type\":\"Person\",\"@id\":\"https:\\\/\\\/www.organisator.ch\\\/#\\\/schema\\\/person\\\/a800b8c54e208b160517a7dcc323161d\",\"name\":\"roger.straessle\",\"image\":{\"@type\":\"ImageObject\",\"inLanguage\":\"it-IT\",\"@id\":\"https:\\\/\\\/secure.gravatar.com\\\/avatar\\\/?s=96&d=mm&r=g\",\"url\":\"https:\\\/\\\/secure.gravatar.com\\\/avatar\\\/?s=96&d=mm&r=g\",\"contentUrl\":\"https:\\\/\\\/secure.gravatar.com\\\/avatar\\\/?s=96&d=mm&r=g\",\"caption\":\"roger.straessle\"},\"url\":\"https:\\\/\\\/www.organisator.ch\\\/it\\\/author\\\/roger-straessle\\\/\"}]}<\/script>\n<!-- \/ Yoast SEO plugin. -->","yoast_head_json":{"title":"Il nuovo presidente di Swissolar \u00e8 J\u00fcrg Grossen - Organizzatore","description":"Il nuovo presidente dell'associazione di categoria Swissolar \u00e8 J\u00fcrg Grossen, presidente di GLP e consigliere nazionale. Il vicepresidente aggiunto \u00e8 Gabriela Suter (SP).","robots":{"index":"index","follow":"follow","max-snippet":"max-snippet:-1","max-image-preview":"max-image-preview:large","max-video-preview":"max-video-preview:-1"},"canonical":"https:\/\/www.organisator.ch\/it\/sostenibilita\/2021-05-28\/der-neue-swissolar-praesident-heisst-juerg-grossen\/","og_locale":"it_IT","og_type":"article","og_title":"Der neue Swissolar-Pr\u00e4sident heisst J\u00fcrg Grossen - Organisator","og_description":"Der neue Pr\u00e4sident des Fachverbandes Swissolar heisst J\u00fcrg Grossen, GLP-Pr\u00e4sident und Nationalrat. Zus\u00e4tzliche Vizepr\u00e4sidentin ist Gabriela Suter (SP).","og_url":"https:\/\/www.organisator.ch\/it\/sostenibilita\/2021-05-28\/der-neue-swissolar-praesident-heisst-juerg-grossen\/","og_site_name":"Organisator","article_publisher":"https:\/\/www.facebook.com\/OrganisatorFachmagazin","article_published_time":"2021-05-28T14:59:41+00:00","article_modified_time":"2022-02-09T10:06:08+00:00","og_image":[{"width":2560,"height":1703,"url":"https:\/\/www.organisator.ch\/wp-content\/uploads\/2021\/05\/Grossen-scaled.jpg","type":"image\/jpeg"}],"author":"roger.straessle","twitter_card":"summary_large_image","schema":{"@context":"https:\/\/schema.org","@graph":[{"@type":"Article","@id":"https:\/\/www.organisator.ch\/sustainability\/2021-05-28\/der-neue-swissolar-praesident-heisst-juerg-grossen\/#article","isPartOf":{"@id":"https:\/\/www.organisator.ch\/sustainability\/2021-05-28\/der-neue-swissolar-praesident-heisst-juerg-grossen\/"},"author":{"name":"roger.straessle","@id":"https:\/\/www.organisator.ch\/#\/schema\/person\/a800b8c54e208b160517a7dcc323161d"},"headline":"Der neue Swissolar-Pr\u00e4sident heisst J\u00fcrg Grossen","datePublished":"2021-05-28T14:59:41+00:00","dateModified":"2022-02-09T10:06:08+00:00","mainEntityOfPage":{"@id":"https:\/\/www.organisator.ch\/sustainability\/2021-05-28\/der-neue-swissolar-praesident-heisst-juerg-grossen\/"},"wordCount":534,"publisher":{"@id":"https:\/\/www.organisator.ch\/#organization"},"image":{"@id":"https:\/\/www.organisator.ch\/sustainability\/2021-05-28\/der-neue-swissolar-praesident-heisst-juerg-grossen\/#primaryimage"},"thumbnailUrl":"https:\/\/www.organisator.ch\/wp-content\/uploads\/2021\/05\/Grossen-scaled.jpg","keywords":["Andreas Haller","David Galeuchet","Gabriela Suter","J\u00fcrg Grossen","Roger Nordmann","Swissolar"],"articleSection":["SUSTAINABILITY"],"inLanguage":"it-IT"},{"@type":"WebPage","@id":"https:\/\/www.organisator.ch\/sustainability\/2021-05-28\/der-neue-swissolar-praesident-heisst-juerg-grossen\/","url":"https:\/\/www.organisator.ch\/sustainability\/2021-05-28\/der-neue-swissolar-praesident-heisst-juerg-grossen\/","name":"Il nuovo presidente di Swissolar \u00e8 J\u00fcrg Grossen - Organizzatore","isPartOf":{"@id":"https:\/\/www.organisator.ch\/#website"},"primaryImageOfPage":{"@id":"https:\/\/www.organisator.ch\/sustainability\/2021-05-28\/der-neue-swissolar-praesident-heisst-juerg-grossen\/#primaryimage"},"image":{"@id":"https:\/\/www.organisator.ch\/sustainability\/2021-05-28\/der-neue-swissolar-praesident-heisst-juerg-grossen\/#primaryimage"},"thumbnailUrl":"https:\/\/www.organisator.ch\/wp-content\/uploads\/2021\/05\/Grossen-scaled.jpg","datePublished":"2021-05-28T14:59:41+00:00","dateModified":"2022-02-09T10:06:08+00:00","description":"Il nuovo presidente dell'associazione di categoria Swissolar \u00e8 J\u00fcrg Grossen, presidente di GLP e consigliere nazionale. Il vicepresidente aggiunto \u00e8 Gabriela Suter (SP).","breadcrumb":{"@id":"https:\/\/www.organisator.ch\/sustainability\/2021-05-28\/der-neue-swissolar-praesident-heisst-juerg-grossen\/#breadcrumb"},"inLanguage":"it-IT","potentialAction":[{"@type":"ReadAction","target":["https:\/\/www.organisator.ch\/sustainability\/2021-05-28\/der-neue-swissolar-praesident-heisst-juerg-grossen\/"]}]},{"@type":"ImageObject","inLanguage":"it-IT","@id":"https:\/\/www.organisator.ch\/sustainability\/2021-05-28\/der-neue-swissolar-praesident-heisst-juerg-grossen\/#primaryimage","url":"https:\/\/www.organisator.ch\/wp-content\/uploads\/2021\/05\/Grossen-scaled.jpg","contentUrl":"https:\/\/www.organisator.ch\/wp-content\/uploads\/2021\/05\/Grossen-scaled.jpg","width":2560,"height":1703,"caption":"GLP-Mann und neu Pr\u00e4sident von Swissolar: J\u00fcrg Grossen. \u00a9 zVg"},{"@type":"BreadcrumbList","@id":"https:\/\/www.organisator.ch\/sustainability\/2021-05-28\/der-neue-swissolar-praesident-heisst-juerg-grossen\/#breadcrumb","itemListElement":[{"@type":"ListItem","position":1,"name":"Home","item":"https:\/\/www.organisator.ch\/"},{"@type":"ListItem","position":2,"name":"Der neue Swissolar-Pr\u00e4sident heisst J\u00fcrg Grossen"}]},{"@type":"WebSite","@id":"https:\/\/www.organisator.ch\/#website","url":"https:\/\/www.organisator.ch\/","name":"Organizzatore","description":"Competente. Pratico. In 10 numeri all'anno, ORGANISATOR presenta i temi essenziali per i manager delle PMI.","publisher":{"@id":"https:\/\/www.organisator.ch\/#organization"},"potentialAction":[{"@type":"SearchAction","target":{"@type":"EntryPoint","urlTemplate":"https:\/\/www.organisator.ch\/?s={search_term_string}"},"query-input":{"@type":"PropertyValueSpecification","valueRequired":true,"valueName":"search_term_string"}}],"inLanguage":"it-IT"},{"@type":"Organization","@id":"https:\/\/www.organisator.ch\/#organization","name":"Organizzatore","url":"https:\/\/www.organisator.ch\/","logo":{"@type":"ImageObject","inLanguage":"it-IT","@id":"https:\/\/www.organisator.ch\/#\/schema\/logo\/image\/","url":"https:\/\/www.organisator.ch\/wp-content\/uploads\/2022\/01\/Logo_Organisator_Website.png","contentUrl":"https:\/\/www.organisator.ch\/wp-content\/uploads\/2022\/01\/Logo_Organisator_Website.png","width":800,"height":77,"caption":"Organisator"},"image":{"@id":"https:\/\/www.organisator.ch\/#\/schema\/logo\/image\/"},"sameAs":["https:\/\/www.facebook.com\/OrganisatorFachmagazin","https:\/\/www.linkedin.com\/showcase\/organisator-das-magazin-fr-kmu","https:\/\/www.xing.com\/news\/pages\/organisator-ch-695","https:\/\/www.youtube.com\/channel\/UCGP2Sq0iWaZwT3BdIAQFYpw"]},{"@type":"Person","@id":"https:\/\/www.organisator.ch\/#\/schema\/person\/a800b8c54e208b160517a7dcc323161d","name":"roger.straessle","image":{"@type":"ImageObject","inLanguage":"it-IT","@id":"https:\/\/secure.gravatar.com\/avatar\/?s=96&d=mm&r=g","url":"https:\/\/secure.gravatar.com\/avatar\/?s=96&d=mm&r=g","contentUrl":"https:\/\/secure.gravatar.com\/avatar\/?s=96&d=mm&r=g","caption":"roger.straessle"},"url":"https:\/\/www.organisator.ch\/it\/author\/roger-straessle\/"}]}},"_links":{"self":[{"href":"https:\/\/www.organisator.ch\/it\/wp-json\/wp\/v2\/posts\/10283","targetHints":{"allow":["GET"]}}],"collection":[{"href":"https:\/\/www.organisator.ch\/it\/wp-json\/wp\/v2\/posts"}],"about":[{"href":"https:\/\/www.organisator.ch\/it\/wp-json\/wp\/v2\/types\/post"}],"author":[{"embeddable":true,"href":"https:\/\/www.organisator.ch\/it\/wp-json\/wp\/v2\/users\/6"}],"replies":[{"embeddable":true,"href":"https:\/\/www.organisator.ch\/it\/wp-json\/wp\/v2\/comments?post=10283"}],"version-history":[{"count":1,"href":"https:\/\/www.organisator.ch\/it\/wp-json\/wp\/v2\/posts\/10283\/revisions"}],"predecessor-version":[{"id":10480,"href":"https:\/\/www.organisator.ch\/it\/wp-json\/wp\/v2\/posts\/10283\/revisions\/10480"}],"wp:featuredmedia":[{"embeddable":true,"href":"https:\/\/www.organisator.ch\/it\/wp-json\/wp\/v2\/media\/4310"}],"wp:attachment":[{"href":"https:\/\/www.organisator.ch\/it\/wp-json\/wp\/v2\/media?parent=10283"}],"wp:term":[{"taxonomy":"category","embeddable":true,"href":"https:\/\/www.organisator.ch\/it\/wp-json\/wp\/v2\/categories?post=10283"},{"taxonomy":"post_tag","embeddable":true,"href":"https:\/\/www.organisator.ch\/it\/wp-json\/wp\/v2\/tags?post=10283"}],"curies":[{"name":"wp","href":"https:\/\/api.w.org\/{rel}","templated":true}]}}