{"id":10293,"date":"2021-06-18T09:02:55","date_gmt":"2021-06-18T07:02:55","guid":{"rendered":"https:\/\/www.umweltperspektiven.ch\/?p=4406"},"modified":"2022-02-09T11:06:07","modified_gmt":"2022-02-09T10:06:07","slug":"beim-kraftwerk-augst-will-man-wasserstoff-produzieren","status":"publish","type":"post","link":"https:\/\/www.organisator.ch\/it\/sustainability\/2021-06-18\/beim-kraftwerk-augst-will-man-wasserstoff-produzieren\/","title":{"rendered":"La centrale di Augst vuole produrre idrogeno"},"content":{"rendered":"<figure id=\"attachment_4407\" aria-describedby=\"caption-attachment-4407\" style=\"width: 680px\" class=\"wp-caption aligncenter\"><img loading=\"lazy\" decoding=\"async\" class=\"size-medium wp-image-4407\" src=\"\/\/www.umweltperspektiven.ch\/wp-content\/uploads\/2021\/06\/Beim_Kraftwerk_Augst_soll_klimafreundlicher_Wasserstoff_produziert_werden_Quelle_AEW_Energie_AG.jpg\" alt=\"Idrogeno\" width=\"680\" height=\"452\" \/><figcaption id=\"caption-attachment-4407\" class=\"wp-caption-text\">Vista della centrale elettrica di Augst. \u00a9 AEW Energie AG<\/figcaption><\/figure>\n<p>AEW Energie AG (AEW), Kraftwerk Augst AG (KWA), l'azienda energetica IWB e Fritz Meyer AG (FMAG) vogliono contribuire alla strategia energetica e climatica del governo federale producendo idrogeno rinnovabile. Le aziende stanno quindi esaminando la costruzione di un elettrolizzatore per produrre idrogeno con l'elettricit\u00e0 rinnovabile della centrale di Augst. Questo deve essere distribuito attraverso la rete di stazioni di servizio FMAG. Questi sono i piani dei partner del progetto.<\/p>\n<p>Il comunicato stampa AEW afferma che i principali clienti per l'idrogeno sono le aziende di trasporto che stanno convertendo le loro flotte di camion in veicoli a idrogeno. Il progetto contribuisce cos\u00ec direttamente alla decarbonizzazione del trasporto. Inoltre, il valore aggiunto locale \u00e8 generato in Svizzera e l'importazione di combustibili fossili dall'estero \u00e8 ridotta. Il calore residuo dell'impianto di produzione potrebbe essere usato come energia di riscaldamento ecologico per gli appartamenti vicini.<\/p>\n<h2><strong>Studio di fattibilit\u00e0 e di variante realizzato<\/strong><\/h2>\n<p>I partner hanno condotto uno studio di fattibilit\u00e0 e di variante. Secondo le informazioni, la variante preferita prevede un impianto di produzione con una capacit\u00e0 di 2,5 megawatt nella navicella della centrale. La pianta non sar\u00e0 visibile dall'esterno. Solo l'impianto di riempimento sul piazzale della centrale sarebbe visibile, secondo gli sviluppatori. I rifiuti saranno trasportati attraverso la strada della centrale elettrica da due o tre camion al giorno. Le parti sono attualmente in trattative preliminari con le autorit\u00e0 per chiarire la conformit\u00e0 della zonizzazione. La pianificazione dettagliata sar\u00e0 poi affrontata e la domanda di costruzione presentata, hanno detto.<\/p>\n<h2><strong>La mobilit\u00e0 a idrogeno come parte dell'elettromobilit\u00e0 <\/strong><\/h2>\n<p>I veicoli elettrici hanno un futuro perch\u00e9 sono pi\u00f9 rispettosi del clima rispetto ai veicoli con motori a combustione. I partner del progetto sono convinti che i veicoli elettrici sostituiranno i classici motori a combustione nel medio termine. Questo non \u00e8 il caso del trasporto merci, dove i lunghi tempi di ricarica e l'elevato peso delle batterie, che riducono il carico utile, sono ancora un ostacolo. La mobilit\u00e0 a idrogeno - con idrogeno verde da fonti di energia rinnovabili come Augst - \u00e8 quindi di grande importanza, soprattutto per i veicoli pesanti con alti fattori di carico e per l'uso negli autobus. Alcuni chilogrammi di idrogeno permetterebbero un'autonomia di diverse centinaia di chilometri in pochi minuti di rifornimento. La tecnologia \u00e8 stata testata, ma l'infrastruttura per la produzione e la distribuzione di idrogeno ecologico \u00e8 ancora carente, scrive AEW nel suo comunicato stampa.<\/p>\n<p><em>Fonte: AEW Energie AG<\/em><\/p>\n<p>&nbsp;<\/p>\n<p><em><strong>Altri articoli sull'argomento:<\/strong><\/em><\/p>\n<p><em><a href=\"\/\/www.umweltperspektiven.ch\/wer-mit-h2-faehrt-spart-mineraloelsteuer-und-lsva\/\">Chi guida con H2 risparmia sulla tassa sugli oli minerali e sulla TTPCP<\/a><\/em><\/p>\n<p><em><a href=\"\/\/www.umweltperspektiven.ch\/gruener-wasserstoff-wird-2030-wettbewerbsfaehig\/\">L'idrogeno verde diventa competitivo nel 2030<\/a><\/em><\/p>","protected":false},"excerpt":{"rendered":"<p>Die AEW Energie AG (AEW), die Kraftwerk Augst AG (KWA), das Energieunternehmen IWB und die Fritz Meyer AG (FMAG)\u00a0wollen mit der Produktion von erneuerbarem Wasserstoff einen Beitrag zur Energie- und Klimastrategie des Bundes leisten. Die Unternehmen pr\u00fcfen deshalb den Bau eines Elektrolyseurs zur Produktion von Wasserstoff mit erneuerbarem Strom aus dem Kraftwerk Augst. Dieser soll [&hellip;]<\/p>\n","protected":false},"author":6,"featured_media":4407,"comment_status":"closed","ping_status":"closed","sticky":false,"template":"","format":"standard","meta":{"_acf_changed":false,"_yoast_wpseo_focuskw":"Wasserstoff","_yoast_wpseo_metadesc":"Verschiedene Unternehmen wollen beim Kraftwerk Augst erneuerbaren Wasserstoff produzieren. Sie haben eine Machbarkeits- und Variantenstudie durchgef\u00fchrt.","articlekey":"","footnotes":""},"categories":[580],"tags":[678,1563,2524],"class_list":["post-10293","post","type-post","status-publish","format-standard","has-post-thumbnail","hentry","category-sustainability","tag-aew-energie-ag","tag-kraftwerk-augst","tag-wasserstoff"],"acf":[],"yoast_head":"<!-- This site is optimized with the Yoast SEO plugin v27.4 - https:\/\/yoast.com\/product\/yoast-seo-wordpress\/ -->\n<title>Beim Kraftwerk Augst will man Wasserstoff produzieren - Organisator<\/title>\n<meta name=\"description\" content=\"Verschiedene Unternehmen wollen beim Kraftwerk Augst erneuerbaren Wasserstoff produzieren. Sie haben eine Machbarkeits- und Variantenstudie durchgef\u00fchrt.\" \/>\n<meta name=\"robots\" content=\"index, follow, max-snippet:-1, max-image-preview:large, max-video-preview:-1\" \/>\n<link rel=\"canonical\" href=\"https:\/\/www.organisator.ch\/it\/sostenibilita\/2021-06-18\/beim-kraftwerk-augst-will-man-wasserstoff-produzieren\/\" \/>\n<meta property=\"og:locale\" content=\"it_IT\" \/>\n<meta property=\"og:type\" content=\"article\" \/>\n<meta property=\"og:title\" content=\"Beim Kraftwerk Augst will man Wasserstoff produzieren - Organisator\" \/>\n<meta property=\"og:description\" content=\"Verschiedene Unternehmen wollen beim Kraftwerk Augst erneuerbaren Wasserstoff produzieren. Sie haben eine Machbarkeits- und Variantenstudie durchgef\u00fchrt.\" \/>\n<meta property=\"og:url\" content=\"https:\/\/www.organisator.ch\/it\/sostenibilita\/2021-06-18\/beim-kraftwerk-augst-will-man-wasserstoff-produzieren\/\" \/>\n<meta property=\"og:site_name\" content=\"Organisator\" \/>\n<meta property=\"article:publisher\" content=\"https:\/\/www.facebook.com\/OrganisatorFachmagazin\" \/>\n<meta property=\"article:published_time\" content=\"2021-06-18T07:02:55+00:00\" \/>\n<meta property=\"article:modified_time\" content=\"2022-02-09T10:06:07+00:00\" \/>\n<meta property=\"og:image\" content=\"https:\/\/www.organisator.ch\/wp-content\/uploads\/2021\/06\/Beim_Kraftwerk_Augst_soll_klimafreundlicher_Wasserstoff_produziert_werden_Quelle_AEW_Energie_AG-scaled.jpg\" \/>\n\t<meta property=\"og:image:width\" content=\"2560\" \/>\n\t<meta property=\"og:image:height\" content=\"1700\" \/>\n\t<meta property=\"og:image:type\" content=\"image\/jpeg\" \/>\n<meta name=\"author\" content=\"roger.straessle\" \/>\n<meta name=\"twitter:card\" content=\"summary_large_image\" \/>\n<script type=\"application\/ld+json\" class=\"yoast-schema-graph\">{\"@context\":\"https:\\\/\\\/schema.org\",\"@graph\":[{\"@type\":\"Article\",\"@id\":\"https:\\\/\\\/www.organisator.ch\\\/sustainability\\\/2021-06-18\\\/beim-kraftwerk-augst-will-man-wasserstoff-produzieren\\\/#article\",\"isPartOf\":{\"@id\":\"https:\\\/\\\/www.organisator.ch\\\/sustainability\\\/2021-06-18\\\/beim-kraftwerk-augst-will-man-wasserstoff-produzieren\\\/\"},\"author\":{\"name\":\"roger.straessle\",\"@id\":\"https:\\\/\\\/www.organisator.ch\\\/#\\\/schema\\\/person\\\/a800b8c54e208b160517a7dcc323161d\"},\"headline\":\"Beim Kraftwerk Augst will man Wasserstoff produzieren\",\"datePublished\":\"2021-06-18T07:02:55+00:00\",\"dateModified\":\"2022-02-09T10:06:07+00:00\",\"mainEntityOfPage\":{\"@id\":\"https:\\\/\\\/www.organisator.ch\\\/sustainability\\\/2021-06-18\\\/beim-kraftwerk-augst-will-man-wasserstoff-produzieren\\\/\"},\"wordCount\":408,\"publisher\":{\"@id\":\"https:\\\/\\\/www.organisator.ch\\\/#organization\"},\"image\":{\"@id\":\"https:\\\/\\\/www.organisator.ch\\\/sustainability\\\/2021-06-18\\\/beim-kraftwerk-augst-will-man-wasserstoff-produzieren\\\/#primaryimage\"},\"thumbnailUrl\":\"https:\\\/\\\/www.organisator.ch\\\/wp-content\\\/uploads\\\/2021\\\/06\\\/Beim_Kraftwerk_Augst_soll_klimafreundlicher_Wasserstoff_produziert_werden_Quelle_AEW_Energie_AG-scaled.jpg\",\"keywords\":[\"AEW Energie AG\",\"Kraftwerk Augst\",\"Wasserstoff\"],\"articleSection\":[\"SUSTAINABILITY\"],\"inLanguage\":\"it-IT\"},{\"@type\":\"WebPage\",\"@id\":\"https:\\\/\\\/www.organisator.ch\\\/sustainability\\\/2021-06-18\\\/beim-kraftwerk-augst-will-man-wasserstoff-produzieren\\\/\",\"url\":\"https:\\\/\\\/www.organisator.ch\\\/sustainability\\\/2021-06-18\\\/beim-kraftwerk-augst-will-man-wasserstoff-produzieren\\\/\",\"name\":\"Beim Kraftwerk Augst will man Wasserstoff produzieren - Organisator\",\"isPartOf\":{\"@id\":\"https:\\\/\\\/www.organisator.ch\\\/#website\"},\"primaryImageOfPage\":{\"@id\":\"https:\\\/\\\/www.organisator.ch\\\/sustainability\\\/2021-06-18\\\/beim-kraftwerk-augst-will-man-wasserstoff-produzieren\\\/#primaryimage\"},\"image\":{\"@id\":\"https:\\\/\\\/www.organisator.ch\\\/sustainability\\\/2021-06-18\\\/beim-kraftwerk-augst-will-man-wasserstoff-produzieren\\\/#primaryimage\"},\"thumbnailUrl\":\"https:\\\/\\\/www.organisator.ch\\\/wp-content\\\/uploads\\\/2021\\\/06\\\/Beim_Kraftwerk_Augst_soll_klimafreundlicher_Wasserstoff_produziert_werden_Quelle_AEW_Energie_AG-scaled.jpg\",\"datePublished\":\"2021-06-18T07:02:55+00:00\",\"dateModified\":\"2022-02-09T10:06:07+00:00\",\"description\":\"Verschiedene Unternehmen wollen beim Kraftwerk Augst erneuerbaren Wasserstoff produzieren. Sie haben eine Machbarkeits- und Variantenstudie durchgef\u00fchrt.\",\"breadcrumb\":{\"@id\":\"https:\\\/\\\/www.organisator.ch\\\/sustainability\\\/2021-06-18\\\/beim-kraftwerk-augst-will-man-wasserstoff-produzieren\\\/#breadcrumb\"},\"inLanguage\":\"it-IT\",\"potentialAction\":[{\"@type\":\"ReadAction\",\"target\":[\"https:\\\/\\\/www.organisator.ch\\\/sustainability\\\/2021-06-18\\\/beim-kraftwerk-augst-will-man-wasserstoff-produzieren\\\/\"]}]},{\"@type\":\"ImageObject\",\"inLanguage\":\"it-IT\",\"@id\":\"https:\\\/\\\/www.organisator.ch\\\/sustainability\\\/2021-06-18\\\/beim-kraftwerk-augst-will-man-wasserstoff-produzieren\\\/#primaryimage\",\"url\":\"https:\\\/\\\/www.organisator.ch\\\/wp-content\\\/uploads\\\/2021\\\/06\\\/Beim_Kraftwerk_Augst_soll_klimafreundlicher_Wasserstoff_produziert_werden_Quelle_AEW_Energie_AG-scaled.jpg\",\"contentUrl\":\"https:\\\/\\\/www.organisator.ch\\\/wp-content\\\/uploads\\\/2021\\\/06\\\/Beim_Kraftwerk_Augst_soll_klimafreundlicher_Wasserstoff_produziert_werden_Quelle_AEW_Energie_AG-scaled.jpg\",\"width\":2560,\"height\":1700,\"caption\":\"Blick auf das Kraftwerk Augst. \u00a9 AEW Energie AG\"},{\"@type\":\"BreadcrumbList\",\"@id\":\"https:\\\/\\\/www.organisator.ch\\\/sustainability\\\/2021-06-18\\\/beim-kraftwerk-augst-will-man-wasserstoff-produzieren\\\/#breadcrumb\",\"itemListElement\":[{\"@type\":\"ListItem\",\"position\":1,\"name\":\"Home\",\"item\":\"https:\\\/\\\/www.organisator.ch\\\/\"},{\"@type\":\"ListItem\",\"position\":2,\"name\":\"Beim Kraftwerk Augst will man Wasserstoff produzieren\"}]},{\"@type\":\"WebSite\",\"@id\":\"https:\\\/\\\/www.organisator.ch\\\/#website\",\"url\":\"https:\\\/\\\/www.organisator.ch\\\/\",\"name\":\"Organisator\",\"description\":\"Kompetent. Praxisnah. Der ORGANISATOR bereitet in 10 Ausgaben pro Jahr die wesentlichen Themen f\u00fcr F\u00fchrungskr\u00e4fte von KMU auf.\",\"publisher\":{\"@id\":\"https:\\\/\\\/www.organisator.ch\\\/#organization\"},\"potentialAction\":[{\"@type\":\"SearchAction\",\"target\":{\"@type\":\"EntryPoint\",\"urlTemplate\":\"https:\\\/\\\/www.organisator.ch\\\/?s={search_term_string}\"},\"query-input\":{\"@type\":\"PropertyValueSpecification\",\"valueRequired\":true,\"valueName\":\"search_term_string\"}}],\"inLanguage\":\"it-IT\"},{\"@type\":\"Organization\",\"@id\":\"https:\\\/\\\/www.organisator.ch\\\/#organization\",\"name\":\"Organisator\",\"url\":\"https:\\\/\\\/www.organisator.ch\\\/\",\"logo\":{\"@type\":\"ImageObject\",\"inLanguage\":\"it-IT\",\"@id\":\"https:\\\/\\\/www.organisator.ch\\\/#\\\/schema\\\/logo\\\/image\\\/\",\"url\":\"https:\\\/\\\/www.organisator.ch\\\/wp-content\\\/uploads\\\/2022\\\/01\\\/Logo_Organisator_Website.png\",\"contentUrl\":\"https:\\\/\\\/www.organisator.ch\\\/wp-content\\\/uploads\\\/2022\\\/01\\\/Logo_Organisator_Website.png\",\"width\":800,\"height\":77,\"caption\":\"Organisator\"},\"image\":{\"@id\":\"https:\\\/\\\/www.organisator.ch\\\/#\\\/schema\\\/logo\\\/image\\\/\"},\"sameAs\":[\"https:\\\/\\\/www.facebook.com\\\/OrganisatorFachmagazin\",\"https:\\\/\\\/www.linkedin.com\\\/showcase\\\/organisator-das-magazin-fr-kmu\",\"https:\\\/\\\/www.xing.com\\\/news\\\/pages\\\/organisator-ch-695\",\"https:\\\/\\\/www.youtube.com\\\/channel\\\/UCGP2Sq0iWaZwT3BdIAQFYpw\"]},{\"@type\":\"Person\",\"@id\":\"https:\\\/\\\/www.organisator.ch\\\/#\\\/schema\\\/person\\\/a800b8c54e208b160517a7dcc323161d\",\"name\":\"roger.straessle\",\"image\":{\"@type\":\"ImageObject\",\"inLanguage\":\"it-IT\",\"@id\":\"https:\\\/\\\/secure.gravatar.com\\\/avatar\\\/?s=96&d=mm&r=g\",\"url\":\"https:\\\/\\\/secure.gravatar.com\\\/avatar\\\/?s=96&d=mm&r=g\",\"contentUrl\":\"https:\\\/\\\/secure.gravatar.com\\\/avatar\\\/?s=96&d=mm&r=g\",\"caption\":\"roger.straessle\"},\"url\":\"https:\\\/\\\/www.organisator.ch\\\/it\\\/author\\\/roger-straessle\\\/\"}]}<\/script>\n<!-- \/ Yoast SEO plugin. -->","yoast_head_json":{"title":"La centrale di Augst vuole produrre idrogeno - organizzatore","description":"Diverse aziende vogliono produrre idrogeno rinnovabile nella centrale di Augst. Hanno condotto uno studio di fattibilit\u00e0 e di variante.","robots":{"index":"index","follow":"follow","max-snippet":"max-snippet:-1","max-image-preview":"max-image-preview:large","max-video-preview":"max-video-preview:-1"},"canonical":"https:\/\/www.organisator.ch\/it\/sostenibilita\/2021-06-18\/beim-kraftwerk-augst-will-man-wasserstoff-produzieren\/","og_locale":"it_IT","og_type":"article","og_title":"Beim Kraftwerk Augst will man Wasserstoff produzieren - Organisator","og_description":"Verschiedene Unternehmen wollen beim Kraftwerk Augst erneuerbaren Wasserstoff produzieren. Sie haben eine Machbarkeits- und Variantenstudie durchgef\u00fchrt.","og_url":"https:\/\/www.organisator.ch\/it\/sostenibilita\/2021-06-18\/beim-kraftwerk-augst-will-man-wasserstoff-produzieren\/","og_site_name":"Organisator","article_publisher":"https:\/\/www.facebook.com\/OrganisatorFachmagazin","article_published_time":"2021-06-18T07:02:55+00:00","article_modified_time":"2022-02-09T10:06:07+00:00","og_image":[{"width":2560,"height":1700,"url":"https:\/\/www.organisator.ch\/wp-content\/uploads\/2021\/06\/Beim_Kraftwerk_Augst_soll_klimafreundlicher_Wasserstoff_produziert_werden_Quelle_AEW_Energie_AG-scaled.jpg","type":"image\/jpeg"}],"author":"roger.straessle","twitter_card":"summary_large_image","schema":{"@context":"https:\/\/schema.org","@graph":[{"@type":"Article","@id":"https:\/\/www.organisator.ch\/sustainability\/2021-06-18\/beim-kraftwerk-augst-will-man-wasserstoff-produzieren\/#article","isPartOf":{"@id":"https:\/\/www.organisator.ch\/sustainability\/2021-06-18\/beim-kraftwerk-augst-will-man-wasserstoff-produzieren\/"},"author":{"name":"roger.straessle","@id":"https:\/\/www.organisator.ch\/#\/schema\/person\/a800b8c54e208b160517a7dcc323161d"},"headline":"Beim Kraftwerk Augst will man Wasserstoff produzieren","datePublished":"2021-06-18T07:02:55+00:00","dateModified":"2022-02-09T10:06:07+00:00","mainEntityOfPage":{"@id":"https:\/\/www.organisator.ch\/sustainability\/2021-06-18\/beim-kraftwerk-augst-will-man-wasserstoff-produzieren\/"},"wordCount":408,"publisher":{"@id":"https:\/\/www.organisator.ch\/#organization"},"image":{"@id":"https:\/\/www.organisator.ch\/sustainability\/2021-06-18\/beim-kraftwerk-augst-will-man-wasserstoff-produzieren\/#primaryimage"},"thumbnailUrl":"https:\/\/www.organisator.ch\/wp-content\/uploads\/2021\/06\/Beim_Kraftwerk_Augst_soll_klimafreundlicher_Wasserstoff_produziert_werden_Quelle_AEW_Energie_AG-scaled.jpg","keywords":["AEW Energie AG","Kraftwerk Augst","Wasserstoff"],"articleSection":["SUSTAINABILITY"],"inLanguage":"it-IT"},{"@type":"WebPage","@id":"https:\/\/www.organisator.ch\/sustainability\/2021-06-18\/beim-kraftwerk-augst-will-man-wasserstoff-produzieren\/","url":"https:\/\/www.organisator.ch\/sustainability\/2021-06-18\/beim-kraftwerk-augst-will-man-wasserstoff-produzieren\/","name":"La centrale di Augst vuole produrre idrogeno - organizzatore","isPartOf":{"@id":"https:\/\/www.organisator.ch\/#website"},"primaryImageOfPage":{"@id":"https:\/\/www.organisator.ch\/sustainability\/2021-06-18\/beim-kraftwerk-augst-will-man-wasserstoff-produzieren\/#primaryimage"},"image":{"@id":"https:\/\/www.organisator.ch\/sustainability\/2021-06-18\/beim-kraftwerk-augst-will-man-wasserstoff-produzieren\/#primaryimage"},"thumbnailUrl":"https:\/\/www.organisator.ch\/wp-content\/uploads\/2021\/06\/Beim_Kraftwerk_Augst_soll_klimafreundlicher_Wasserstoff_produziert_werden_Quelle_AEW_Energie_AG-scaled.jpg","datePublished":"2021-06-18T07:02:55+00:00","dateModified":"2022-02-09T10:06:07+00:00","description":"Diverse aziende vogliono produrre idrogeno rinnovabile nella centrale di Augst. Hanno condotto uno studio di fattibilit\u00e0 e di variante.","breadcrumb":{"@id":"https:\/\/www.organisator.ch\/sustainability\/2021-06-18\/beim-kraftwerk-augst-will-man-wasserstoff-produzieren\/#breadcrumb"},"inLanguage":"it-IT","potentialAction":[{"@type":"ReadAction","target":["https:\/\/www.organisator.ch\/sustainability\/2021-06-18\/beim-kraftwerk-augst-will-man-wasserstoff-produzieren\/"]}]},{"@type":"ImageObject","inLanguage":"it-IT","@id":"https:\/\/www.organisator.ch\/sustainability\/2021-06-18\/beim-kraftwerk-augst-will-man-wasserstoff-produzieren\/#primaryimage","url":"https:\/\/www.organisator.ch\/wp-content\/uploads\/2021\/06\/Beim_Kraftwerk_Augst_soll_klimafreundlicher_Wasserstoff_produziert_werden_Quelle_AEW_Energie_AG-scaled.jpg","contentUrl":"https:\/\/www.organisator.ch\/wp-content\/uploads\/2021\/06\/Beim_Kraftwerk_Augst_soll_klimafreundlicher_Wasserstoff_produziert_werden_Quelle_AEW_Energie_AG-scaled.jpg","width":2560,"height":1700,"caption":"Blick auf das Kraftwerk Augst. \u00a9 AEW Energie AG"},{"@type":"BreadcrumbList","@id":"https:\/\/www.organisator.ch\/sustainability\/2021-06-18\/beim-kraftwerk-augst-will-man-wasserstoff-produzieren\/#breadcrumb","itemListElement":[{"@type":"ListItem","position":1,"name":"Home","item":"https:\/\/www.organisator.ch\/"},{"@type":"ListItem","position":2,"name":"Beim Kraftwerk Augst will man Wasserstoff produzieren"}]},{"@type":"WebSite","@id":"https:\/\/www.organisator.ch\/#website","url":"https:\/\/www.organisator.ch\/","name":"Organizzatore","description":"Competente. Pratico. In 10 numeri all'anno, ORGANISATOR presenta i temi essenziali per i manager delle PMI.","publisher":{"@id":"https:\/\/www.organisator.ch\/#organization"},"potentialAction":[{"@type":"SearchAction","target":{"@type":"EntryPoint","urlTemplate":"https:\/\/www.organisator.ch\/?s={search_term_string}"},"query-input":{"@type":"PropertyValueSpecification","valueRequired":true,"valueName":"search_term_string"}}],"inLanguage":"it-IT"},{"@type":"Organization","@id":"https:\/\/www.organisator.ch\/#organization","name":"Organizzatore","url":"https:\/\/www.organisator.ch\/","logo":{"@type":"ImageObject","inLanguage":"it-IT","@id":"https:\/\/www.organisator.ch\/#\/schema\/logo\/image\/","url":"https:\/\/www.organisator.ch\/wp-content\/uploads\/2022\/01\/Logo_Organisator_Website.png","contentUrl":"https:\/\/www.organisator.ch\/wp-content\/uploads\/2022\/01\/Logo_Organisator_Website.png","width":800,"height":77,"caption":"Organisator"},"image":{"@id":"https:\/\/www.organisator.ch\/#\/schema\/logo\/image\/"},"sameAs":["https:\/\/www.facebook.com\/OrganisatorFachmagazin","https:\/\/www.linkedin.com\/showcase\/organisator-das-magazin-fr-kmu","https:\/\/www.xing.com\/news\/pages\/organisator-ch-695","https:\/\/www.youtube.com\/channel\/UCGP2Sq0iWaZwT3BdIAQFYpw"]},{"@type":"Person","@id":"https:\/\/www.organisator.ch\/#\/schema\/person\/a800b8c54e208b160517a7dcc323161d","name":"roger.straessle","image":{"@type":"ImageObject","inLanguage":"it-IT","@id":"https:\/\/secure.gravatar.com\/avatar\/?s=96&d=mm&r=g","url":"https:\/\/secure.gravatar.com\/avatar\/?s=96&d=mm&r=g","contentUrl":"https:\/\/secure.gravatar.com\/avatar\/?s=96&d=mm&r=g","caption":"roger.straessle"},"url":"https:\/\/www.organisator.ch\/it\/author\/roger-straessle\/"}]}},"_links":{"self":[{"href":"https:\/\/www.organisator.ch\/it\/wp-json\/wp\/v2\/posts\/10293","targetHints":{"allow":["GET"]}}],"collection":[{"href":"https:\/\/www.organisator.ch\/it\/wp-json\/wp\/v2\/posts"}],"about":[{"href":"https:\/\/www.organisator.ch\/it\/wp-json\/wp\/v2\/types\/post"}],"author":[{"embeddable":true,"href":"https:\/\/www.organisator.ch\/it\/wp-json\/wp\/v2\/users\/6"}],"replies":[{"embeddable":true,"href":"https:\/\/www.organisator.ch\/it\/wp-json\/wp\/v2\/comments?post=10293"}],"version-history":[{"count":1,"href":"https:\/\/www.organisator.ch\/it\/wp-json\/wp\/v2\/posts\/10293\/revisions"}],"predecessor-version":[{"id":10474,"href":"https:\/\/www.organisator.ch\/it\/wp-json\/wp\/v2\/posts\/10293\/revisions\/10474"}],"wp:featuredmedia":[{"embeddable":true,"href":"https:\/\/www.organisator.ch\/it\/wp-json\/wp\/v2\/media\/4407"}],"wp:attachment":[{"href":"https:\/\/www.organisator.ch\/it\/wp-json\/wp\/v2\/media?parent=10293"}],"wp:term":[{"taxonomy":"category","embeddable":true,"href":"https:\/\/www.organisator.ch\/it\/wp-json\/wp\/v2\/categories?post=10293"},{"taxonomy":"post_tag","embeddable":true,"href":"https:\/\/www.organisator.ch\/it\/wp-json\/wp\/v2\/tags?post=10293"}],"curies":[{"name":"wp","href":"https:\/\/api.w.org\/{rel}","templated":true}]}}