{"id":10299,"date":"2021-07-02T15:54:44","date_gmt":"2021-07-02T13:54:44","guid":{"rendered":"https:\/\/www.umweltperspektiven.ch\/?p=4522"},"modified":"2022-02-09T11:05:29","modified_gmt":"2022-02-09T10:05:29","slug":"herausforderung-sonderabfall","status":"publish","type":"post","link":"https:\/\/www.organisator.ch\/it\/sustainability\/2021-07-02\/herausforderung-sonderabfall\/","title":{"rendered":"La sfida dei rifiuti pericolosi"},"content":{"rendered":"<figure id=\"attachment_4523\" aria-describedby=\"caption-attachment-4523\" style=\"width: 680px\" class=\"wp-caption alignnone\"><img loading=\"lazy\" decoding=\"async\" class=\"wp-image-4523 size-medium\" src=\"\/\/www.umweltperspektiven.ch\/wp-content\/uploads\/2021\/07\/D81_4908-bearb.jpg\" alt=\"Rifiuti pericolosi\" width=\"680\" height=\"454\" \/><figcaption id=\"caption-attachment-4523\" class=\"wp-caption-text\">\u00a9 zVg<\/figcaption><\/figure>\n<p>All'inizio di giugno, quasi un centinaio di persone interessate hanno visitato il <a href=\"\/\/www.ecoserve.ch\/aktuelles\/sonderabfalltag\">18a Giornata svizzera dei rifiuti pericolosi<\/a> a Olten. Altre cinquanta persone si sono aggiunte attraverso il percorso virtuale e hanno potuto ottenere informazioni e porre domande. L'evento ibrido \u00e8 stato anche tradotto simultaneamente per la seconda volta per i colleghi di lingua francese.<\/p>\n<h2><strong>Pratica e applicazione<\/strong><\/h2>\n<p>Le complesse interrelazioni tra la legislazione sui rifiuti e sulle merci pericolose rappresentano una sfida per molte aziende nella vita quotidiana. Martin H\u00e4fliger di Encoma-OSH GmbH ha illustrato chiaramente gli obblighi dei soggetti coinvolti. Contrariamente all'opinione di molte aziende mittenti, la responsabilit\u00e0 non pu\u00f2 essere delegata ottenendo un supporto esterno. Ci\u00f2 comprende: l'identificazione dei rifiuti, l'etichettatura, la preparazione della bolla di accompagnamento e, se necessario, la classificazione delle merci pericolose e gli obblighi associati. Inoltre, le misure relative alla sicurezza sul lavoro sono spesso carenti. Vale la pena di acquisire le competenze necessarie e di investire in un'assistenza competente.<\/p>\n<p>Per l'implementazione dei regolamenti nel settore medico, sar\u00e0 presto pubblicata una linea guida rivista. Rita Barros dell'Ufficio federale dell'ambiente (UFAM) ha presentato il documento aggiornato. La nuova struttura della guida, la sintesi di tutti i decreti in materia di sicurezza sul lavoro, biosicurezza, merci pericolose e rifiuti, dovrebbe servire come aiuto pratico per i responsabili di ospedali e istituzioni. Spesso i rifiuti a rischio di contaminazione vengono classificati come infettivi, oppure i rifiuti pericolosi vengono mescolati o diluiti, il che non \u00e8 consentito. Con la pubblicazione alla fine del 2021, tali errori dovrebbero essere evitati in futuro.<\/p>\n<h2><strong>\u00a0<\/strong><strong>Stato dell'arte e sviluppo<\/strong><\/h2>\n<p>La modifica della legge e dell'ordinanza sulla protezione delle acque pone pi\u00f9 che mai in primo piano la questione dei microinquinanti. Luca Rossi della VSA (Associazione dei Professionisti Svizzeri delle Acque Reflue e del Controllo dell'Inquinamento Idrico) ha mostrato quali impianti di trattamento delle acque reflue dovrebbero essere potenziati con installazioni aggiuntive per rimuovere efficacemente i residui farmaceutici dalle acque reflue. Le possibilit\u00e0 tecniche comportano esigenze finanziarie e spaziali diverse. Secondo il relatore, \u00e8 generalmente vantaggioso affrontare il problema alla fonte.<\/p>\n<p>Ralf K\u00e4gi di Eawag e il suo team stanno studiando la persistenza e la pericolosit\u00e0 delle nanoparticelle nei residui degli impianti di trattamento delle acque reflue e di incenerimento. I risultati delle loro indagini, condotte per diversi anni, mostrano che le nanoparticelle sono state trasformate in forme innocue durante i corrispondenti processi di purificazione o combustione.<\/p>\n<p>La situazione era diversa 30 anni fa con l'amianto, quando fu riconosciuto che queste fibre rappresentavano un forte rischio per la salute. Walter Hiltpold di Carbotech AG \u00e8 un esperto in questo campo. A causa del periodo di latenza tra l'esposizione e la malattia, afferma, tre decenni dopo la messa al bando dell'amianto, ci troviamo nel picco ascendente di morti per amianto. Oggi le fibre entrano nell'ambiente a causa della ristrutturazione di vecchi edifici. Secondo l'oratore, i requisiti di legge responsabilizzano il proprietario dell'edificio e i lavoratori edili, garantendo cos\u00ec l'identificazione dei pericoli e l'avvio di misure di rimedio.<\/p>\n<p><strong>Temi dei partner di patrocinio SVUT e SENS<\/strong><\/p>\n<p>Interessanti contributi sull'elettromobilit\u00e0 e sul recupero di refrigeranti e propellenti sono stati presentati dai partner patrocinanti SVUT e SENS.<\/p>\n<p>Tutte le presentazioni e le impressioni dell'evento sono disponibili sul sito web <a href=\"\/\/www.ecoserve.ch\">www.ecoserve.ch<\/a> per trovare.<\/p>\n<p><em>La prossima Giornata dei rifiuti pericolosi \u00e8 prevista per marted\u00ec 14 giugno 2022.\u00a0<\/em><em>Le proposte o i contributi per i lavori possono essere inviati a info@ecoserve.ch.<\/em><\/p>","protected":false},"excerpt":{"rendered":"<p>Knapp hundert Interessierte besuchten Anfang Juni den 18. Schweizer Sonderabfalltag in Olten. \u00dcber den virtuellen Weg kamen f\u00fcnfzig weitere Personen hinzu, welche Informationen gewinnen und ihre Fragen stellen konnten. Die Hybridveranstaltung wurde auch zum zweiten Mal f\u00fcr die franz\u00f6sischsprachigen Kollegen simultan \u00fcbersetzt. Praxis und Vollzug Die komplexen Zusammenh\u00e4nge zwischen Abfall- und Gefahrgutrecht sind im Alltag [&hellip;]<\/p>\n","protected":false},"author":6,"featured_media":9818,"comment_status":"closed","ping_status":"closed","sticky":false,"template":"","format":"standard","meta":{"_acf_changed":false,"_yoast_wpseo_focuskw":"Sonderabfall","_yoast_wpseo_metadesc":"","articlekey":"","footnotes":""},"categories":[580],"tags":[1017,2081,2154],"class_list":["post-10299","post","type-post","status-publish","format-standard","has-post-thumbnail","hentry","category-sustainability","tag-ecoserve","tag-schweizer-sonderabfalltag","tag-sonderabfall"],"acf":[],"yoast_head":"<!-- This site is optimized with the Yoast SEO plugin v27.5 - https:\/\/yoast.com\/product\/yoast-seo-wordpress\/ -->\n<title>Herausforderung Sonderabfall - Organisator<\/title>\n<meta name=\"robots\" content=\"index, follow, max-snippet:-1, max-image-preview:large, max-video-preview:-1\" \/>\n<link rel=\"canonical\" href=\"https:\/\/www.organisator.ch\/it\/sostenibilita\/2021-07-02\/herausforderung-sonderabfall\/\" \/>\n<meta property=\"og:locale\" content=\"it_IT\" \/>\n<meta property=\"og:type\" content=\"article\" \/>\n<meta property=\"og:title\" content=\"Herausforderung Sonderabfall - Organisator\" \/>\n<meta property=\"og:description\" content=\"Knapp hundert Interessierte besuchten Anfang Juni den 18. Schweizer Sonderabfalltag in Olten. \u00dcber den virtuellen Weg kamen f\u00fcnfzig weitere Personen hinzu, welche Informationen gewinnen und ihre Fragen stellen konnten. Die Hybridveranstaltung wurde auch zum zweiten Mal f\u00fcr die franz\u00f6sischsprachigen Kollegen simultan \u00fcbersetzt. Praxis und Vollzug Die komplexen Zusammenh\u00e4nge zwischen Abfall- und Gefahrgutrecht sind im Alltag [&hellip;]\" \/>\n<meta property=\"og:url\" content=\"https:\/\/www.organisator.ch\/it\/sostenibilita\/2021-07-02\/herausforderung-sonderabfall\/\" \/>\n<meta property=\"og:site_name\" content=\"Organisator\" \/>\n<meta property=\"article:publisher\" content=\"https:\/\/www.facebook.com\/OrganisatorFachmagazin\" \/>\n<meta property=\"article:published_time\" content=\"2021-07-02T13:54:44+00:00\" \/>\n<meta property=\"article:modified_time\" content=\"2022-02-09T10:05:29+00:00\" \/>\n<meta property=\"og:image\" content=\"https:\/\/www.organisator.ch\/wp-content\/uploads\/2021\/07\/Depositphotos_257660642_s-2019.jpg\" \/>\n\t<meta property=\"og:image:width\" content=\"1000\" \/>\n\t<meta property=\"og:image:height\" content=\"667\" \/>\n\t<meta property=\"og:image:type\" content=\"image\/jpeg\" \/>\n<meta name=\"author\" content=\"roger.straessle\" \/>\n<meta name=\"twitter:card\" content=\"summary_large_image\" \/>\n<script type=\"application\/ld+json\" class=\"yoast-schema-graph\">{\"@context\":\"https:\\\/\\\/schema.org\",\"@graph\":[{\"@type\":\"Article\",\"@id\":\"https:\\\/\\\/www.organisator.ch\\\/sustainability\\\/2021-07-02\\\/herausforderung-sonderabfall\\\/#article\",\"isPartOf\":{\"@id\":\"https:\\\/\\\/www.organisator.ch\\\/sustainability\\\/2021-07-02\\\/herausforderung-sonderabfall\\\/\"},\"author\":{\"name\":\"roger.straessle\",\"@id\":\"https:\\\/\\\/www.organisator.ch\\\/#\\\/schema\\\/person\\\/a800b8c54e208b160517a7dcc323161d\"},\"headline\":\"Herausforderung Sonderabfall\",\"datePublished\":\"2021-07-02T13:54:44+00:00\",\"dateModified\":\"2022-02-09T10:05:29+00:00\",\"mainEntityOfPage\":{\"@id\":\"https:\\\/\\\/www.organisator.ch\\\/sustainability\\\/2021-07-02\\\/herausforderung-sonderabfall\\\/\"},\"wordCount\":540,\"publisher\":{\"@id\":\"https:\\\/\\\/www.organisator.ch\\\/#organization\"},\"image\":{\"@id\":\"https:\\\/\\\/www.organisator.ch\\\/sustainability\\\/2021-07-02\\\/herausforderung-sonderabfall\\\/#primaryimage\"},\"thumbnailUrl\":\"https:\\\/\\\/www.organisator.ch\\\/wp-content\\\/uploads\\\/2021\\\/07\\\/Depositphotos_257660642_s-2019.jpg\",\"keywords\":[\"Ecoserve\",\"Schweizer Sonderabfalltag\",\"Sonderabfall\"],\"articleSection\":[\"SUSTAINABILITY\"],\"inLanguage\":\"it-IT\"},{\"@type\":\"WebPage\",\"@id\":\"https:\\\/\\\/www.organisator.ch\\\/sustainability\\\/2021-07-02\\\/herausforderung-sonderabfall\\\/\",\"url\":\"https:\\\/\\\/www.organisator.ch\\\/sustainability\\\/2021-07-02\\\/herausforderung-sonderabfall\\\/\",\"name\":\"Herausforderung Sonderabfall - Organisator\",\"isPartOf\":{\"@id\":\"https:\\\/\\\/www.organisator.ch\\\/#website\"},\"primaryImageOfPage\":{\"@id\":\"https:\\\/\\\/www.organisator.ch\\\/sustainability\\\/2021-07-02\\\/herausforderung-sonderabfall\\\/#primaryimage\"},\"image\":{\"@id\":\"https:\\\/\\\/www.organisator.ch\\\/sustainability\\\/2021-07-02\\\/herausforderung-sonderabfall\\\/#primaryimage\"},\"thumbnailUrl\":\"https:\\\/\\\/www.organisator.ch\\\/wp-content\\\/uploads\\\/2021\\\/07\\\/Depositphotos_257660642_s-2019.jpg\",\"datePublished\":\"2021-07-02T13:54:44+00:00\",\"dateModified\":\"2022-02-09T10:05:29+00:00\",\"breadcrumb\":{\"@id\":\"https:\\\/\\\/www.organisator.ch\\\/sustainability\\\/2021-07-02\\\/herausforderung-sonderabfall\\\/#breadcrumb\"},\"inLanguage\":\"it-IT\",\"potentialAction\":[{\"@type\":\"ReadAction\",\"target\":[\"https:\\\/\\\/www.organisator.ch\\\/sustainability\\\/2021-07-02\\\/herausforderung-sonderabfall\\\/\"]}]},{\"@type\":\"ImageObject\",\"inLanguage\":\"it-IT\",\"@id\":\"https:\\\/\\\/www.organisator.ch\\\/sustainability\\\/2021-07-02\\\/herausforderung-sonderabfall\\\/#primaryimage\",\"url\":\"https:\\\/\\\/www.organisator.ch\\\/wp-content\\\/uploads\\\/2021\\\/07\\\/Depositphotos_257660642_s-2019.jpg\",\"contentUrl\":\"https:\\\/\\\/www.organisator.ch\\\/wp-content\\\/uploads\\\/2021\\\/07\\\/Depositphotos_257660642_s-2019.jpg\",\"width\":1000,\"height\":667,\"caption\":\"\u00a9 Depositphotos, GrinPhoto\"},{\"@type\":\"BreadcrumbList\",\"@id\":\"https:\\\/\\\/www.organisator.ch\\\/sustainability\\\/2021-07-02\\\/herausforderung-sonderabfall\\\/#breadcrumb\",\"itemListElement\":[{\"@type\":\"ListItem\",\"position\":1,\"name\":\"Home\",\"item\":\"https:\\\/\\\/www.organisator.ch\\\/\"},{\"@type\":\"ListItem\",\"position\":2,\"name\":\"Herausforderung Sonderabfall\"}]},{\"@type\":\"WebSite\",\"@id\":\"https:\\\/\\\/www.organisator.ch\\\/#website\",\"url\":\"https:\\\/\\\/www.organisator.ch\\\/\",\"name\":\"Organisator\",\"description\":\"Kompetent. Praxisnah. Der ORGANISATOR bereitet in 10 Ausgaben pro Jahr die wesentlichen Themen f\u00fcr F\u00fchrungskr\u00e4fte von KMU auf.\",\"publisher\":{\"@id\":\"https:\\\/\\\/www.organisator.ch\\\/#organization\"},\"potentialAction\":[{\"@type\":\"SearchAction\",\"target\":{\"@type\":\"EntryPoint\",\"urlTemplate\":\"https:\\\/\\\/www.organisator.ch\\\/?s={search_term_string}\"},\"query-input\":{\"@type\":\"PropertyValueSpecification\",\"valueRequired\":true,\"valueName\":\"search_term_string\"}}],\"inLanguage\":\"it-IT\"},{\"@type\":\"Organization\",\"@id\":\"https:\\\/\\\/www.organisator.ch\\\/#organization\",\"name\":\"Organisator\",\"url\":\"https:\\\/\\\/www.organisator.ch\\\/\",\"logo\":{\"@type\":\"ImageObject\",\"inLanguage\":\"it-IT\",\"@id\":\"https:\\\/\\\/www.organisator.ch\\\/#\\\/schema\\\/logo\\\/image\\\/\",\"url\":\"https:\\\/\\\/www.organisator.ch\\\/wp-content\\\/uploads\\\/2022\\\/01\\\/Logo_Organisator_Website.png\",\"contentUrl\":\"https:\\\/\\\/www.organisator.ch\\\/wp-content\\\/uploads\\\/2022\\\/01\\\/Logo_Organisator_Website.png\",\"width\":800,\"height\":77,\"caption\":\"Organisator\"},\"image\":{\"@id\":\"https:\\\/\\\/www.organisator.ch\\\/#\\\/schema\\\/logo\\\/image\\\/\"},\"sameAs\":[\"https:\\\/\\\/www.facebook.com\\\/OrganisatorFachmagazin\",\"https:\\\/\\\/www.linkedin.com\\\/showcase\\\/organisator-das-magazin-fr-kmu\",\"https:\\\/\\\/www.xing.com\\\/news\\\/pages\\\/organisator-ch-695\",\"https:\\\/\\\/www.youtube.com\\\/channel\\\/UCGP2Sq0iWaZwT3BdIAQFYpw\"]},{\"@type\":\"Person\",\"@id\":\"https:\\\/\\\/www.organisator.ch\\\/#\\\/schema\\\/person\\\/a800b8c54e208b160517a7dcc323161d\",\"name\":\"roger.straessle\",\"image\":{\"@type\":\"ImageObject\",\"inLanguage\":\"it-IT\",\"@id\":\"https:\\\/\\\/secure.gravatar.com\\\/avatar\\\/?s=96&d=mm&r=g\",\"url\":\"https:\\\/\\\/secure.gravatar.com\\\/avatar\\\/?s=96&d=mm&r=g\",\"contentUrl\":\"https:\\\/\\\/secure.gravatar.com\\\/avatar\\\/?s=96&d=mm&r=g\",\"caption\":\"roger.straessle\"},\"url\":\"https:\\\/\\\/www.organisator.ch\\\/it\\\/author\\\/roger-straessle\\\/\"}]}<\/script>\n<!-- \/ Yoast SEO plugin. -->","yoast_head_json":{"title":"Sfida dei rifiuti pericolosi - Organizzatore","robots":{"index":"index","follow":"follow","max-snippet":"max-snippet:-1","max-image-preview":"max-image-preview:large","max-video-preview":"max-video-preview:-1"},"canonical":"https:\/\/www.organisator.ch\/it\/sostenibilita\/2021-07-02\/herausforderung-sonderabfall\/","og_locale":"it_IT","og_type":"article","og_title":"Herausforderung Sonderabfall - Organisator","og_description":"Knapp hundert Interessierte besuchten Anfang Juni den 18. Schweizer Sonderabfalltag in Olten. \u00dcber den virtuellen Weg kamen f\u00fcnfzig weitere Personen hinzu, welche Informationen gewinnen und ihre Fragen stellen konnten. Die Hybridveranstaltung wurde auch zum zweiten Mal f\u00fcr die franz\u00f6sischsprachigen Kollegen simultan \u00fcbersetzt. Praxis und Vollzug Die komplexen Zusammenh\u00e4nge zwischen Abfall- und Gefahrgutrecht sind im Alltag [&hellip;]","og_url":"https:\/\/www.organisator.ch\/it\/sostenibilita\/2021-07-02\/herausforderung-sonderabfall\/","og_site_name":"Organisator","article_publisher":"https:\/\/www.facebook.com\/OrganisatorFachmagazin","article_published_time":"2021-07-02T13:54:44+00:00","article_modified_time":"2022-02-09T10:05:29+00:00","og_image":[{"width":1000,"height":667,"url":"https:\/\/www.organisator.ch\/wp-content\/uploads\/2021\/07\/Depositphotos_257660642_s-2019.jpg","type":"image\/jpeg"}],"author":"roger.straessle","twitter_card":"summary_large_image","schema":{"@context":"https:\/\/schema.org","@graph":[{"@type":"Article","@id":"https:\/\/www.organisator.ch\/sustainability\/2021-07-02\/herausforderung-sonderabfall\/#article","isPartOf":{"@id":"https:\/\/www.organisator.ch\/sustainability\/2021-07-02\/herausforderung-sonderabfall\/"},"author":{"name":"roger.straessle","@id":"https:\/\/www.organisator.ch\/#\/schema\/person\/a800b8c54e208b160517a7dcc323161d"},"headline":"Herausforderung Sonderabfall","datePublished":"2021-07-02T13:54:44+00:00","dateModified":"2022-02-09T10:05:29+00:00","mainEntityOfPage":{"@id":"https:\/\/www.organisator.ch\/sustainability\/2021-07-02\/herausforderung-sonderabfall\/"},"wordCount":540,"publisher":{"@id":"https:\/\/www.organisator.ch\/#organization"},"image":{"@id":"https:\/\/www.organisator.ch\/sustainability\/2021-07-02\/herausforderung-sonderabfall\/#primaryimage"},"thumbnailUrl":"https:\/\/www.organisator.ch\/wp-content\/uploads\/2021\/07\/Depositphotos_257660642_s-2019.jpg","keywords":["Ecoserve","Schweizer Sonderabfalltag","Sonderabfall"],"articleSection":["SUSTAINABILITY"],"inLanguage":"it-IT"},{"@type":"WebPage","@id":"https:\/\/www.organisator.ch\/sustainability\/2021-07-02\/herausforderung-sonderabfall\/","url":"https:\/\/www.organisator.ch\/sustainability\/2021-07-02\/herausforderung-sonderabfall\/","name":"Sfida dei rifiuti pericolosi - Organizzatore","isPartOf":{"@id":"https:\/\/www.organisator.ch\/#website"},"primaryImageOfPage":{"@id":"https:\/\/www.organisator.ch\/sustainability\/2021-07-02\/herausforderung-sonderabfall\/#primaryimage"},"image":{"@id":"https:\/\/www.organisator.ch\/sustainability\/2021-07-02\/herausforderung-sonderabfall\/#primaryimage"},"thumbnailUrl":"https:\/\/www.organisator.ch\/wp-content\/uploads\/2021\/07\/Depositphotos_257660642_s-2019.jpg","datePublished":"2021-07-02T13:54:44+00:00","dateModified":"2022-02-09T10:05:29+00:00","breadcrumb":{"@id":"https:\/\/www.organisator.ch\/sustainability\/2021-07-02\/herausforderung-sonderabfall\/#breadcrumb"},"inLanguage":"it-IT","potentialAction":[{"@type":"ReadAction","target":["https:\/\/www.organisator.ch\/sustainability\/2021-07-02\/herausforderung-sonderabfall\/"]}]},{"@type":"ImageObject","inLanguage":"it-IT","@id":"https:\/\/www.organisator.ch\/sustainability\/2021-07-02\/herausforderung-sonderabfall\/#primaryimage","url":"https:\/\/www.organisator.ch\/wp-content\/uploads\/2021\/07\/Depositphotos_257660642_s-2019.jpg","contentUrl":"https:\/\/www.organisator.ch\/wp-content\/uploads\/2021\/07\/Depositphotos_257660642_s-2019.jpg","width":1000,"height":667,"caption":"\u00a9 Depositphotos, GrinPhoto"},{"@type":"BreadcrumbList","@id":"https:\/\/www.organisator.ch\/sustainability\/2021-07-02\/herausforderung-sonderabfall\/#breadcrumb","itemListElement":[{"@type":"ListItem","position":1,"name":"Home","item":"https:\/\/www.organisator.ch\/"},{"@type":"ListItem","position":2,"name":"Herausforderung Sonderabfall"}]},{"@type":"WebSite","@id":"https:\/\/www.organisator.ch\/#website","url":"https:\/\/www.organisator.ch\/","name":"Organizzatore","description":"Competente. Pratico. In 10 numeri all'anno, ORGANISATOR presenta i temi essenziali per i manager delle PMI.","publisher":{"@id":"https:\/\/www.organisator.ch\/#organization"},"potentialAction":[{"@type":"SearchAction","target":{"@type":"EntryPoint","urlTemplate":"https:\/\/www.organisator.ch\/?s={search_term_string}"},"query-input":{"@type":"PropertyValueSpecification","valueRequired":true,"valueName":"search_term_string"}}],"inLanguage":"it-IT"},{"@type":"Organization","@id":"https:\/\/www.organisator.ch\/#organization","name":"Organizzatore","url":"https:\/\/www.organisator.ch\/","logo":{"@type":"ImageObject","inLanguage":"it-IT","@id":"https:\/\/www.organisator.ch\/#\/schema\/logo\/image\/","url":"https:\/\/www.organisator.ch\/wp-content\/uploads\/2022\/01\/Logo_Organisator_Website.png","contentUrl":"https:\/\/www.organisator.ch\/wp-content\/uploads\/2022\/01\/Logo_Organisator_Website.png","width":800,"height":77,"caption":"Organisator"},"image":{"@id":"https:\/\/www.organisator.ch\/#\/schema\/logo\/image\/"},"sameAs":["https:\/\/www.facebook.com\/OrganisatorFachmagazin","https:\/\/www.linkedin.com\/showcase\/organisator-das-magazin-fr-kmu","https:\/\/www.xing.com\/news\/pages\/organisator-ch-695","https:\/\/www.youtube.com\/channel\/UCGP2Sq0iWaZwT3BdIAQFYpw"]},{"@type":"Person","@id":"https:\/\/www.organisator.ch\/#\/schema\/person\/a800b8c54e208b160517a7dcc323161d","name":"roger.straessle","image":{"@type":"ImageObject","inLanguage":"it-IT","@id":"https:\/\/secure.gravatar.com\/avatar\/?s=96&d=mm&r=g","url":"https:\/\/secure.gravatar.com\/avatar\/?s=96&d=mm&r=g","contentUrl":"https:\/\/secure.gravatar.com\/avatar\/?s=96&d=mm&r=g","caption":"roger.straessle"},"url":"https:\/\/www.organisator.ch\/it\/author\/roger-straessle\/"}]}},"_links":{"self":[{"href":"https:\/\/www.organisator.ch\/it\/wp-json\/wp\/v2\/posts\/10299","targetHints":{"allow":["GET"]}}],"collection":[{"href":"https:\/\/www.organisator.ch\/it\/wp-json\/wp\/v2\/posts"}],"about":[{"href":"https:\/\/www.organisator.ch\/it\/wp-json\/wp\/v2\/types\/post"}],"author":[{"embeddable":true,"href":"https:\/\/www.organisator.ch\/it\/wp-json\/wp\/v2\/users\/6"}],"replies":[{"embeddable":true,"href":"https:\/\/www.organisator.ch\/it\/wp-json\/wp\/v2\/comments?post=10299"}],"version-history":[{"count":1,"href":"https:\/\/www.organisator.ch\/it\/wp-json\/wp\/v2\/posts\/10299\/revisions"}],"predecessor-version":[{"id":10359,"href":"https:\/\/www.organisator.ch\/it\/wp-json\/wp\/v2\/posts\/10299\/revisions\/10359"}],"wp:featuredmedia":[{"embeddable":true,"href":"https:\/\/www.organisator.ch\/it\/wp-json\/wp\/v2\/media\/9818"}],"wp:attachment":[{"href":"https:\/\/www.organisator.ch\/it\/wp-json\/wp\/v2\/media?parent=10299"}],"wp:term":[{"taxonomy":"category","embeddable":true,"href":"https:\/\/www.organisator.ch\/it\/wp-json\/wp\/v2\/categories?post=10299"},{"taxonomy":"post_tag","embeddable":true,"href":"https:\/\/www.organisator.ch\/it\/wp-json\/wp\/v2\/tags?post=10299"}],"curies":[{"name":"wp","href":"https:\/\/api.w.org\/{rel}","templated":true}]}}