{"id":1030,"date":"2016-08-08T08:46:30","date_gmt":"2016-08-08T06:46:30","guid":{"rendered":"http:\/\/dev.organisator.ch\/?p=1030"},"modified":"2016-08-08T08:46:30","modified_gmt":"2016-08-08T06:46:30","slug":"204-lernende-starten-ihre-laufbahn-bei-der-amag","status":"publish","type":"post","link":"https:\/\/www.organisator.ch\/it\/human-resources\/hrm\/2016-08-08\/204-lernende-starten-ihre-laufbahn-bei-der-amag\/","title":{"rendered":"204 apprendisti iniziano la loro carriera in AMAG"},"content":{"rendered":"<figure id=\"attachment_1031\" aria-describedby=\"caption-attachment-1031\" style=\"width: 640px\" class=\"wp-caption alignnone\"><img loading=\"lazy\" decoding=\"async\" class=\"size-full wp-image-1031\" src=\"https:\/\/www.organisator.ch\/wp-content\/uploads\/2016\/12\/204-Lernende-starten-ihre-Laufbahn-bei-der-AMAG-organisator.jpg\" alt=\"\" width=\"640\" height=\"360\" srcset=\"https:\/\/www.organisator.ch\/wp-content\/uploads\/2016\/12\/204-Lernende-starten-ihre-Laufbahn-bei-der-AMAG-organisator.jpg 640w, https:\/\/www.organisator.ch\/wp-content\/uploads\/2016\/12\/204-Lernende-starten-ihre-Laufbahn-bei-der-AMAG-organisator-16x9.jpg 16w, https:\/\/www.organisator.ch\/wp-content\/uploads\/2016\/12\/204-Lernende-starten-ihre-Laufbahn-bei-der-AMAG-organisator-311x175.jpg 311w, https:\/\/www.organisator.ch\/wp-content\/uploads\/2016\/12\/204-Lernende-starten-ihre-Laufbahn-bei-der-AMAG-organisator-622x350.jpg 622w, https:\/\/www.organisator.ch\/wp-content\/uploads\/2016\/12\/204-Lernende-starten-ihre-Laufbahn-bei-der-AMAG-organisator-300x169.jpg 300w\" sizes=\"auto, (max-width: 640px) 100vw, 640px\" \/><figcaption id=\"caption-attachment-1031\" class=\"wp-caption-text\">204 apprendisti appena qualificati al Welcome Camp 2016 di AMAG (Foto: AMAG)<\/figcaption><\/figure>\n<p>L'importatore di automobili AMAG \u00e8 uno dei pi\u00f9 grandi centri di formazione in Svizzera: gli oltre 700 apprendisti rappresentano circa 13% di tutti i dipendenti dell'azienda. Per il fornitore di servizi di mobilit\u00e0 \u00e8 quindi importante che tutti gli apprendisti ricevano un inizio impeccabile della loro formazione professionale. Ogni anno, i nuovi apprendisti partecipano quindi a un evento introduttivo - l'AMAG Welcome Camp, che ha lo scopo di introdurli al mondo AMAG e di promuovere le dinamiche di gruppo e il networking.<\/p>\n<p><strong>Studenti di tutta la Svizzera in un unico posto<\/strong><\/p>\n<p>Gioved\u00ec e venerd\u00ec 4 e 5 agosto si \u00e8 svolto il primo AMAG Welcome Camp a livello nazionale nella Umweltarena di Spreitenbach. Un totale di 204 apprendisti AMAG ha partecipato: 152 apprendisti della Svizzera tedesca, 42 della Svizzera francese e 10 del Ticino. Come grande innovazione di quest'anno, tutti i nuovi apprendisti di tutta la Svizzera sono stati invitati allo stesso evento. L'AMAG Academy, l'istituto di formazione di AMAG, ha rivisto il programma del Welcome Camp e lo ha diviso in due giorni.<\/p>\n<p><strong>La direzione accoglie gli studenti<\/strong><\/p>\n<p>All'inizio del programma introduttivo, i giovani sono stati accolti dalla direzione. Bernhard Soltermann, amministratore delegato AMAG Import e COO, Jost Eggenberger, amministratore delegato AMAG Retail, Beatrice Angst, responsabile della regione HR e Gerald Ziegler, responsabile dell'AMAG Academy, hanno parlato della vita professionale di AMAG e si sono rivolti agli apprendisti con parole motivanti. Questo \u00e8 stato seguito da un post run, in cui sono stati introdotti temi giocosi di AMAG come l'organizzazione, le divisioni aziendali, la filosofia, l'amministrazione del personale, ecc. Una visita al centro logistico di AMAG a Birrfeld, dove erano esposti numerosi nuovi veicoli, ha completato il programma.<\/p>\n<p><em>Fonte: <a href=\"http:\/\/www.amag.ch\" target=\"_blank\" rel=\"noreferrer noopener\" data-cke-saved-href=\"http:\/\/www.amag.ch\">AMAG<\/a><\/em><\/p>","protected":false},"excerpt":{"rendered":"<p>Der Automobil-Importeur\u00a0AMAG ist eine der gr\u00f6ssten Ausbildungsst\u00e4tten der Schweiz: Die \u00fcber 700 Lernenden stellen rund 13% aller Mitarbeitenden des Unternehmens\u00a0dar. Deshalb ist es dem Mobilit\u00e4tsdienstleister wichtig, dass alle Lernenden einen einwandfreien Start in ihre Berufsausbildung erhalten. Jedes Jahr absolvieren deshalb die neu eintretenden Lernenden eine Einf\u00fchrungsveranstaltung &#8211; das AMAG Welcome Camp, welche ihnen die AMAG [&hellip;]<\/p>\n","protected":false},"author":1,"featured_media":1031,"comment_status":"open","ping_status":"open","sticky":false,"template":"","format":"standard","meta":{"_acf_changed":false,"_yoast_wpseo_focuskw":"Lernende","_yoast_wpseo_metadesc":"Am Welcome Camp 2016 haben 204 AMAG Lernende teilgenommen. Die j\u00e4hrliche Veranstaltung der AMAG hat dieses Jahr in einem neuen Format stattgefunden.","articlekey":"","footnotes":""},"categories":[26],"tags":[62,254,492],"class_list":["post-1030","post","type-post","status-publish","format-standard","has-post-thumbnail","hentry","category-hrm","tag-aus-weiterbildung","tag-hrm","tag-unternehmen"],"acf":[],"yoast_head":"<!-- This site is optimized with the Yoast SEO plugin v27.5 - https:\/\/yoast.com\/product\/yoast-seo-wordpress\/ -->\n<title>204 Lernende starten ihre Laufbahn bei der AMAG - Organisator<\/title>\n<meta name=\"description\" content=\"Am Welcome Camp 2016 haben 204 AMAG Lernende teilgenommen. Die j\u00e4hrliche Veranstaltung der AMAG hat dieses Jahr in einem neuen Format stattgefunden.\" \/>\n<meta name=\"robots\" content=\"index, follow, max-snippet:-1, max-image-preview:large, max-video-preview:-1\" \/>\n<link rel=\"canonical\" href=\"https:\/\/www.organisator.ch\/it\/risorse-umane\/hrm\/2016-08-08\/204-lernende-starten-ihre-laufbahn-bei-der-amag\/\" \/>\n<meta property=\"og:locale\" content=\"it_IT\" \/>\n<meta property=\"og:type\" content=\"article\" \/>\n<meta property=\"og:title\" content=\"204 Lernende starten ihre Laufbahn bei der AMAG\" \/>\n<meta property=\"og:description\" content=\"Am Welcome Camp 2016 haben 204 AMAG Lernende teilgenommen. Die j\u00e4hrliche Willkommensveranstaltung der AMAG hat dieses Jahr in einem neuen Format stattgefunden.\" \/>\n<meta property=\"og:url\" content=\"https:\/\/www.organisator.ch\/it\/risorse-umane\/hrm\/2016-08-08\/204-lernende-starten-ihre-laufbahn-bei-der-amag\/\" \/>\n<meta property=\"og:site_name\" content=\"Organisator\" \/>\n<meta property=\"article:publisher\" content=\"https:\/\/www.facebook.com\/OrganisatorFachmagazin\" \/>\n<meta property=\"article:published_time\" content=\"2016-08-08T06:46:30+00:00\" \/>\n<meta name=\"author\" content=\"admin\" \/>\n<meta name=\"twitter:card\" content=\"summary_large_image\" \/>\n<meta name=\"twitter:image\" content=\"https:\/\/www.organisator.ch\/wp-content\/uploads\/2016\/12\/204-Lernende-starten-ihre-Laufbahn-bei-der-AMAG-organisator.jpg\" \/>\n<script type=\"application\/ld+json\" class=\"yoast-schema-graph\">{\"@context\":\"https:\\\/\\\/schema.org\",\"@graph\":[{\"@type\":\"Article\",\"@id\":\"https:\\\/\\\/www.organisator.ch\\\/human-resources\\\/hrm\\\/2016-08-08\\\/204-lernende-starten-ihre-laufbahn-bei-der-amag\\\/#article\",\"isPartOf\":{\"@id\":\"https:\\\/\\\/www.organisator.ch\\\/human-resources\\\/hrm\\\/2016-08-08\\\/204-lernende-starten-ihre-laufbahn-bei-der-amag\\\/\"},\"author\":{\"name\":\"admin\",\"@id\":\"https:\\\/\\\/www.organisator.ch\\\/#\\\/schema\\\/person\\\/aa2bace6c5c5aad60102004a50c4eb1c\"},\"headline\":\"204 Lernende starten ihre Laufbahn bei der AMAG\",\"datePublished\":\"2016-08-08T06:46:30+00:00\",\"mainEntityOfPage\":{\"@id\":\"https:\\\/\\\/www.organisator.ch\\\/human-resources\\\/hrm\\\/2016-08-08\\\/204-lernende-starten-ihre-laufbahn-bei-der-amag\\\/\"},\"wordCount\":274,\"commentCount\":0,\"publisher\":{\"@id\":\"https:\\\/\\\/www.organisator.ch\\\/#organization\"},\"image\":{\"@id\":\"https:\\\/\\\/www.organisator.ch\\\/human-resources\\\/hrm\\\/2016-08-08\\\/204-lernende-starten-ihre-laufbahn-bei-der-amag\\\/#primaryimage\"},\"thumbnailUrl\":\"https:\\\/\\\/www.organisator.ch\\\/wp-content\\\/uploads\\\/2016\\\/12\\\/204-Lernende-starten-ihre-Laufbahn-bei-der-AMAG-organisator.jpg\",\"keywords\":[\"Aus-\\\/Weiterbildung\",\"HRM\",\"Unternehmen\"],\"articleSection\":[\"HRM\"],\"inLanguage\":\"it-IT\"},{\"@type\":\"WebPage\",\"@id\":\"https:\\\/\\\/www.organisator.ch\\\/human-resources\\\/hrm\\\/2016-08-08\\\/204-lernende-starten-ihre-laufbahn-bei-der-amag\\\/\",\"url\":\"https:\\\/\\\/www.organisator.ch\\\/human-resources\\\/hrm\\\/2016-08-08\\\/204-lernende-starten-ihre-laufbahn-bei-der-amag\\\/\",\"name\":\"204 Lernende starten ihre Laufbahn bei der AMAG - Organisator\",\"isPartOf\":{\"@id\":\"https:\\\/\\\/www.organisator.ch\\\/#website\"},\"primaryImageOfPage\":{\"@id\":\"https:\\\/\\\/www.organisator.ch\\\/human-resources\\\/hrm\\\/2016-08-08\\\/204-lernende-starten-ihre-laufbahn-bei-der-amag\\\/#primaryimage\"},\"image\":{\"@id\":\"https:\\\/\\\/www.organisator.ch\\\/human-resources\\\/hrm\\\/2016-08-08\\\/204-lernende-starten-ihre-laufbahn-bei-der-amag\\\/#primaryimage\"},\"thumbnailUrl\":\"https:\\\/\\\/www.organisator.ch\\\/wp-content\\\/uploads\\\/2016\\\/12\\\/204-Lernende-starten-ihre-Laufbahn-bei-der-AMAG-organisator.jpg\",\"datePublished\":\"2016-08-08T06:46:30+00:00\",\"description\":\"Am Welcome Camp 2016 haben 204 AMAG Lernende teilgenommen. Die j\u00e4hrliche Veranstaltung der AMAG hat dieses Jahr in einem neuen Format stattgefunden.\",\"breadcrumb\":{\"@id\":\"https:\\\/\\\/www.organisator.ch\\\/human-resources\\\/hrm\\\/2016-08-08\\\/204-lernende-starten-ihre-laufbahn-bei-der-amag\\\/#breadcrumb\"},\"inLanguage\":\"it-IT\",\"potentialAction\":[{\"@type\":\"ReadAction\",\"target\":[\"https:\\\/\\\/www.organisator.ch\\\/human-resources\\\/hrm\\\/2016-08-08\\\/204-lernende-starten-ihre-laufbahn-bei-der-amag\\\/\"]}]},{\"@type\":\"ImageObject\",\"inLanguage\":\"it-IT\",\"@id\":\"https:\\\/\\\/www.organisator.ch\\\/human-resources\\\/hrm\\\/2016-08-08\\\/204-lernende-starten-ihre-laufbahn-bei-der-amag\\\/#primaryimage\",\"url\":\"https:\\\/\\\/www.organisator.ch\\\/wp-content\\\/uploads\\\/2016\\\/12\\\/204-Lernende-starten-ihre-Laufbahn-bei-der-AMAG-organisator.jpg\",\"contentUrl\":\"https:\\\/\\\/www.organisator.ch\\\/wp-content\\\/uploads\\\/2016\\\/12\\\/204-Lernende-starten-ihre-Laufbahn-bei-der-AMAG-organisator.jpg\",\"width\":640,\"height\":360,\"caption\":\"204 frischgebackene Lernende am AMAG-Welcome Camp 2016 (Foto: AMAG)\"},{\"@type\":\"BreadcrumbList\",\"@id\":\"https:\\\/\\\/www.organisator.ch\\\/human-resources\\\/hrm\\\/2016-08-08\\\/204-lernende-starten-ihre-laufbahn-bei-der-amag\\\/#breadcrumb\",\"itemListElement\":[{\"@type\":\"ListItem\",\"position\":1,\"name\":\"Home\",\"item\":\"https:\\\/\\\/www.organisator.ch\\\/\"},{\"@type\":\"ListItem\",\"position\":2,\"name\":\"204 Lernende starten ihre Laufbahn bei der AMAG\"}]},{\"@type\":\"WebSite\",\"@id\":\"https:\\\/\\\/www.organisator.ch\\\/#website\",\"url\":\"https:\\\/\\\/www.organisator.ch\\\/\",\"name\":\"Organisator\",\"description\":\"Kompetent. Praxisnah. Der ORGANISATOR bereitet in 10 Ausgaben pro Jahr die wesentlichen Themen f\u00fcr F\u00fchrungskr\u00e4fte von KMU auf.\",\"publisher\":{\"@id\":\"https:\\\/\\\/www.organisator.ch\\\/#organization\"},\"potentialAction\":[{\"@type\":\"SearchAction\",\"target\":{\"@type\":\"EntryPoint\",\"urlTemplate\":\"https:\\\/\\\/www.organisator.ch\\\/?s={search_term_string}\"},\"query-input\":{\"@type\":\"PropertyValueSpecification\",\"valueRequired\":true,\"valueName\":\"search_term_string\"}}],\"inLanguage\":\"it-IT\"},{\"@type\":\"Organization\",\"@id\":\"https:\\\/\\\/www.organisator.ch\\\/#organization\",\"name\":\"Organisator\",\"url\":\"https:\\\/\\\/www.organisator.ch\\\/\",\"logo\":{\"@type\":\"ImageObject\",\"inLanguage\":\"it-IT\",\"@id\":\"https:\\\/\\\/www.organisator.ch\\\/#\\\/schema\\\/logo\\\/image\\\/\",\"url\":\"https:\\\/\\\/www.organisator.ch\\\/wp-content\\\/uploads\\\/2022\\\/01\\\/Logo_Organisator_Website.png\",\"contentUrl\":\"https:\\\/\\\/www.organisator.ch\\\/wp-content\\\/uploads\\\/2022\\\/01\\\/Logo_Organisator_Website.png\",\"width\":800,\"height\":77,\"caption\":\"Organisator\"},\"image\":{\"@id\":\"https:\\\/\\\/www.organisator.ch\\\/#\\\/schema\\\/logo\\\/image\\\/\"},\"sameAs\":[\"https:\\\/\\\/www.facebook.com\\\/OrganisatorFachmagazin\",\"https:\\\/\\\/www.linkedin.com\\\/showcase\\\/organisator-das-magazin-fr-kmu\",\"https:\\\/\\\/www.xing.com\\\/news\\\/pages\\\/organisator-ch-695\",\"https:\\\/\\\/www.youtube.com\\\/channel\\\/UCGP2Sq0iWaZwT3BdIAQFYpw\"]},{\"@type\":\"Person\",\"@id\":\"https:\\\/\\\/www.organisator.ch\\\/#\\\/schema\\\/person\\\/aa2bace6c5c5aad60102004a50c4eb1c\",\"name\":\"admin\",\"image\":{\"@type\":\"ImageObject\",\"inLanguage\":\"it-IT\",\"@id\":\"https:\\\/\\\/secure.gravatar.com\\\/avatar\\\/ae2f4d718e6c49043e314ce431e7e645d646302a24a5ef5a8bc8e3f5a032e319?s=96&d=mm&r=g\",\"url\":\"https:\\\/\\\/secure.gravatar.com\\\/avatar\\\/ae2f4d718e6c49043e314ce431e7e645d646302a24a5ef5a8bc8e3f5a032e319?s=96&d=mm&r=g\",\"contentUrl\":\"https:\\\/\\\/secure.gravatar.com\\\/avatar\\\/ae2f4d718e6c49043e314ce431e7e645d646302a24a5ef5a8bc8e3f5a032e319?s=96&d=mm&r=g\",\"caption\":\"admin\"},\"sameAs\":[\"https:\\\/\\\/www.organisator.ch\"],\"url\":\"https:\\\/\\\/www.organisator.ch\\\/it\\\/author\\\/admin\\\/\"}]}<\/script>\n<!-- \/ Yoast SEO plugin. -->","yoast_head_json":{"title":"204 apprendisti iniziano la loro carriera in AMAG - Organizzatore","description":"204 apprendisti AMAG hanno partecipato al Welcome Camp 2016. L'evento annuale di AMAG si \u00e8 svolto quest'anno in un nuovo formato.","robots":{"index":"index","follow":"follow","max-snippet":"max-snippet:-1","max-image-preview":"max-image-preview:large","max-video-preview":"max-video-preview:-1"},"canonical":"https:\/\/www.organisator.ch\/it\/risorse-umane\/hrm\/2016-08-08\/204-lernende-starten-ihre-laufbahn-bei-der-amag\/","og_locale":"it_IT","og_type":"article","og_title":"204 Lernende starten ihre Laufbahn bei der AMAG","og_description":"Am Welcome Camp 2016 haben 204 AMAG Lernende teilgenommen. Die j\u00e4hrliche Willkommensveranstaltung der AMAG hat dieses Jahr in einem neuen Format stattgefunden.","og_url":"https:\/\/www.organisator.ch\/it\/risorse-umane\/hrm\/2016-08-08\/204-lernende-starten-ihre-laufbahn-bei-der-amag\/","og_site_name":"Organisator","article_publisher":"https:\/\/www.facebook.com\/OrganisatorFachmagazin","article_published_time":"2016-08-08T06:46:30+00:00","author":"admin","twitter_card":"summary_large_image","twitter_image":"https:\/\/www.organisator.ch\/wp-content\/uploads\/2016\/12\/204-Lernende-starten-ihre-Laufbahn-bei-der-AMAG-organisator.jpg","schema":{"@context":"https:\/\/schema.org","@graph":[{"@type":"Article","@id":"https:\/\/www.organisator.ch\/human-resources\/hrm\/2016-08-08\/204-lernende-starten-ihre-laufbahn-bei-der-amag\/#article","isPartOf":{"@id":"https:\/\/www.organisator.ch\/human-resources\/hrm\/2016-08-08\/204-lernende-starten-ihre-laufbahn-bei-der-amag\/"},"author":{"name":"admin","@id":"https:\/\/www.organisator.ch\/#\/schema\/person\/aa2bace6c5c5aad60102004a50c4eb1c"},"headline":"204 Lernende starten ihre Laufbahn bei der AMAG","datePublished":"2016-08-08T06:46:30+00:00","mainEntityOfPage":{"@id":"https:\/\/www.organisator.ch\/human-resources\/hrm\/2016-08-08\/204-lernende-starten-ihre-laufbahn-bei-der-amag\/"},"wordCount":274,"commentCount":0,"publisher":{"@id":"https:\/\/www.organisator.ch\/#organization"},"image":{"@id":"https:\/\/www.organisator.ch\/human-resources\/hrm\/2016-08-08\/204-lernende-starten-ihre-laufbahn-bei-der-amag\/#primaryimage"},"thumbnailUrl":"https:\/\/www.organisator.ch\/wp-content\/uploads\/2016\/12\/204-Lernende-starten-ihre-Laufbahn-bei-der-AMAG-organisator.jpg","keywords":["Aus-\/Weiterbildung","HRM","Unternehmen"],"articleSection":["HRM"],"inLanguage":"it-IT"},{"@type":"WebPage","@id":"https:\/\/www.organisator.ch\/human-resources\/hrm\/2016-08-08\/204-lernende-starten-ihre-laufbahn-bei-der-amag\/","url":"https:\/\/www.organisator.ch\/human-resources\/hrm\/2016-08-08\/204-lernende-starten-ihre-laufbahn-bei-der-amag\/","name":"204 apprendisti iniziano la loro carriera in AMAG - Organizzatore","isPartOf":{"@id":"https:\/\/www.organisator.ch\/#website"},"primaryImageOfPage":{"@id":"https:\/\/www.organisator.ch\/human-resources\/hrm\/2016-08-08\/204-lernende-starten-ihre-laufbahn-bei-der-amag\/#primaryimage"},"image":{"@id":"https:\/\/www.organisator.ch\/human-resources\/hrm\/2016-08-08\/204-lernende-starten-ihre-laufbahn-bei-der-amag\/#primaryimage"},"thumbnailUrl":"https:\/\/www.organisator.ch\/wp-content\/uploads\/2016\/12\/204-Lernende-starten-ihre-Laufbahn-bei-der-AMAG-organisator.jpg","datePublished":"2016-08-08T06:46:30+00:00","description":"204 apprendisti AMAG hanno partecipato al Welcome Camp 2016. L'evento annuale di AMAG si \u00e8 svolto quest'anno in un nuovo formato.","breadcrumb":{"@id":"https:\/\/www.organisator.ch\/human-resources\/hrm\/2016-08-08\/204-lernende-starten-ihre-laufbahn-bei-der-amag\/#breadcrumb"},"inLanguage":"it-IT","potentialAction":[{"@type":"ReadAction","target":["https:\/\/www.organisator.ch\/human-resources\/hrm\/2016-08-08\/204-lernende-starten-ihre-laufbahn-bei-der-amag\/"]}]},{"@type":"ImageObject","inLanguage":"it-IT","@id":"https:\/\/www.organisator.ch\/human-resources\/hrm\/2016-08-08\/204-lernende-starten-ihre-laufbahn-bei-der-amag\/#primaryimage","url":"https:\/\/www.organisator.ch\/wp-content\/uploads\/2016\/12\/204-Lernende-starten-ihre-Laufbahn-bei-der-AMAG-organisator.jpg","contentUrl":"https:\/\/www.organisator.ch\/wp-content\/uploads\/2016\/12\/204-Lernende-starten-ihre-Laufbahn-bei-der-AMAG-organisator.jpg","width":640,"height":360,"caption":"204 frischgebackene Lernende am AMAG-Welcome Camp 2016 (Foto: AMAG)"},{"@type":"BreadcrumbList","@id":"https:\/\/www.organisator.ch\/human-resources\/hrm\/2016-08-08\/204-lernende-starten-ihre-laufbahn-bei-der-amag\/#breadcrumb","itemListElement":[{"@type":"ListItem","position":1,"name":"Home","item":"https:\/\/www.organisator.ch\/"},{"@type":"ListItem","position":2,"name":"204 Lernende starten ihre Laufbahn bei der AMAG"}]},{"@type":"WebSite","@id":"https:\/\/www.organisator.ch\/#website","url":"https:\/\/www.organisator.ch\/","name":"Organizzatore","description":"Competente. Pratico. In 10 numeri all'anno, ORGANISATOR presenta i temi essenziali per i manager delle PMI.","publisher":{"@id":"https:\/\/www.organisator.ch\/#organization"},"potentialAction":[{"@type":"SearchAction","target":{"@type":"EntryPoint","urlTemplate":"https:\/\/www.organisator.ch\/?s={search_term_string}"},"query-input":{"@type":"PropertyValueSpecification","valueRequired":true,"valueName":"search_term_string"}}],"inLanguage":"it-IT"},{"@type":"Organization","@id":"https:\/\/www.organisator.ch\/#organization","name":"Organizzatore","url":"https:\/\/www.organisator.ch\/","logo":{"@type":"ImageObject","inLanguage":"it-IT","@id":"https:\/\/www.organisator.ch\/#\/schema\/logo\/image\/","url":"https:\/\/www.organisator.ch\/wp-content\/uploads\/2022\/01\/Logo_Organisator_Website.png","contentUrl":"https:\/\/www.organisator.ch\/wp-content\/uploads\/2022\/01\/Logo_Organisator_Website.png","width":800,"height":77,"caption":"Organisator"},"image":{"@id":"https:\/\/www.organisator.ch\/#\/schema\/logo\/image\/"},"sameAs":["https:\/\/www.facebook.com\/OrganisatorFachmagazin","https:\/\/www.linkedin.com\/showcase\/organisator-das-magazin-fr-kmu","https:\/\/www.xing.com\/news\/pages\/organisator-ch-695","https:\/\/www.youtube.com\/channel\/UCGP2Sq0iWaZwT3BdIAQFYpw"]},{"@type":"Person","@id":"https:\/\/www.organisator.ch\/#\/schema\/person\/aa2bace6c5c5aad60102004a50c4eb1c","name":"amministratore","image":{"@type":"ImageObject","inLanguage":"it-IT","@id":"https:\/\/secure.gravatar.com\/avatar\/ae2f4d718e6c49043e314ce431e7e645d646302a24a5ef5a8bc8e3f5a032e319?s=96&d=mm&r=g","url":"https:\/\/secure.gravatar.com\/avatar\/ae2f4d718e6c49043e314ce431e7e645d646302a24a5ef5a8bc8e3f5a032e319?s=96&d=mm&r=g","contentUrl":"https:\/\/secure.gravatar.com\/avatar\/ae2f4d718e6c49043e314ce431e7e645d646302a24a5ef5a8bc8e3f5a032e319?s=96&d=mm&r=g","caption":"admin"},"sameAs":["https:\/\/www.organisator.ch"],"url":"https:\/\/www.organisator.ch\/it\/author\/admin\/"}]}},"_links":{"self":[{"href":"https:\/\/www.organisator.ch\/it\/wp-json\/wp\/v2\/posts\/1030","targetHints":{"allow":["GET"]}}],"collection":[{"href":"https:\/\/www.organisator.ch\/it\/wp-json\/wp\/v2\/posts"}],"about":[{"href":"https:\/\/www.organisator.ch\/it\/wp-json\/wp\/v2\/types\/post"}],"author":[{"embeddable":true,"href":"https:\/\/www.organisator.ch\/it\/wp-json\/wp\/v2\/users\/1"}],"replies":[{"embeddable":true,"href":"https:\/\/www.organisator.ch\/it\/wp-json\/wp\/v2\/comments?post=1030"}],"version-history":[{"count":0,"href":"https:\/\/www.organisator.ch\/it\/wp-json\/wp\/v2\/posts\/1030\/revisions"}],"wp:featuredmedia":[{"embeddable":true,"href":"https:\/\/www.organisator.ch\/it\/wp-json\/wp\/v2\/media\/1031"}],"wp:attachment":[{"href":"https:\/\/www.organisator.ch\/it\/wp-json\/wp\/v2\/media?parent=1030"}],"wp:term":[{"taxonomy":"category","embeddable":true,"href":"https:\/\/www.organisator.ch\/it\/wp-json\/wp\/v2\/categories?post=1030"},{"taxonomy":"post_tag","embeddable":true,"href":"https:\/\/www.organisator.ch\/it\/wp-json\/wp\/v2\/tags?post=1030"}],"curies":[{"name":"wp","href":"https:\/\/api.w.org\/{rel}","templated":true}]}}