{"id":10300,"date":"2021-07-19T11:00:54","date_gmt":"2021-07-19T09:00:54","guid":{"rendered":"https:\/\/www.umweltperspektiven.ch\/?p=4574"},"modified":"2022-02-09T11:06:06","modified_gmt":"2022-02-09T10:06:06","slug":"waermedaemmung-gefuellter-energiespar-riegel","status":"publish","type":"post","link":"https:\/\/www.organisator.ch\/it\/sustainability\/2021-07-19\/waermedaemmung-gefuellter-energiespar-riegel\/","title":{"rendered":"Isolamento termico: barra di risparmio energetico riempita"},"content":{"rendered":"<figure id=\"attachment_4575\" aria-describedby=\"caption-attachment-4575\" style=\"width: 592px\" class=\"wp-caption aligncenter\"><img loading=\"lazy\" decoding=\"async\" class=\"size-full wp-image-4575\" src=\"\/\/www.umweltperspektiven.ch\/wp-content\/uploads\/2021\/07\/Energiesparriegel.jpg\" alt=\"\" width=\"592\" height=\"325\" srcset=\"https:\/\/www.organisator.ch\/wp-content\/uploads\/2021\/07\/Energiesparriegel.jpg 592w, https:\/\/www.organisator.ch\/wp-content\/uploads\/2021\/07\/Energiesparriegel-18x10.jpg 18w, https:\/\/www.organisator.ch\/wp-content\/uploads\/2021\/07\/Energiesparriegel-319x175.jpg 319w, https:\/\/www.organisator.ch\/wp-content\/uploads\/2021\/07\/Energiesparriegel-300x165.jpg 300w\" sizes=\"auto, (max-width: 592px) 100vw, 592px\" \/><figcaption id=\"caption-attachment-4575\" class=\"wp-caption-text\">Pronto per l'installazione: la barra isolante Alpet in plastica. Il colore verdastro del materiale di riempimento deriva dall'uso di PET da bottiglie riciclate. \u00a9 Hochuli avanzato<\/figcaption><\/figure>\n<p>Sono ancora meglio nascoste delle viti, di cui si possono almeno vedere le teste, ma sono altrettanto onnipresenti: le ragnatele isolanti sono incastrate all'interno di profili di alluminio e metallo per finestre e vetrate di facciate - come separatori termici tra l'esterno e l'interno, perch\u00e9 altrimenti il freddo o il calore scorrerebbero incontrollati attraverso il metallo. Un componente poco appariscente, quindi, che sta diventando ancora pi\u00f9 importante con il riscaldamento globale e la necessit\u00e0 di ridurre le emissioni di CO2.<\/p>\n<p>Ma anche se \u00e8 stato stabilito da oltre quattro decenni, il web isolante ha un potenziale di miglioramento. Un team dell'Empa guidato da Michel Barbezat e Giovanni Terrasi del dipartimento di ingegneria dei sistemi meccanici sta lavorando ad un nuovo tipo di prodotto - insieme agli esperti dell'azienda di costruzioni metalliche Hochuli di Wigoltingen, che ha fondato a questo scopo una propria consorella \"hochuli advanced\".<\/p>\n<p>Il clou della barra isolante \"Alpet\": all'interno della plastica rinforzata con fibra di vetro c'\u00e8 una striscia di schiuma fatta di polietilene tereftalato - PET, in altre parole, da bottiglie riciclate. I numerosi pori d'aria in questo strato isolano in modo efficiente: la conduttivit\u00e0 termica dei prototipi \u00e8 in media, a seconda della larghezza del nastro, di circa 0,1 W\/mK - molto meno di un nastro isolante standard fatto di poliammide plastica (circa 0,25 W\/mK) e anche significativamente inferiore ai prodotti di fascia alta disponibili oggi.<\/p>\n<h2><strong>Messa a punto di molti dettagli<\/strong><\/h2>\n<p>Un approccio semplice, come sembra a prima vista - ma per trasformare l'idea in un prodotto, era necessario nell'ambito di un <a href=\"\/\/www.m-q.ch\/de\/innosuisse-impulsprogramm-fuer-kmu-stoesst-auf-gutes-echo\/\">Innosuisse<\/a>-Il progetto ha richiesto molto lavoro concettuale. Per esempio, il metodo di produzione: dopo prove con diversi processi, gli esperti hanno deciso per la cosiddetta estrusione, in cui la plastica riscaldata e fusa viene premuta come un impasto morbido attraverso una fessura e quindi formata - intorno alla striscia di PET. Ma questo a sua volta ha sollevato domande, per esempio sulla proporzione dei vuoti d'aria in questo \"riempimento\".<\/p>\n<p>La risposta \u00e8 \"il maggior numero possibile\" per ottenere un elevato effetto isolante. Solo: \"Troppi\" avrebbero messo in pericolo la stabilit\u00e0 del filo di PET preparato, perch\u00e9 il suo rivestimento con la plastica nera avviene a temperature fino a 300 gradi e ad alta pressione. I ricercatori hanno anche adattato lo spessore di questo \"guscio\" alle necessit\u00e0: il pi\u00f9 stretto possibile per un buon effetto isolante - ma abbastanza spesso in modo che il web possa poi sopportare bene i carichi meccanici; compreso il post-trattamento del profilo complessivo finito, come il rivestimento a polvere o l'anodizzazione.<\/p>\n<p>Da numerosi campioni, gli sviluppatori hanno distillato sette varianti per i test - un totale di circa 1.000 metri lineari di nastro isolante - e da questo finalmente il prototipo finale come base per i prodotti finiti. Lungo la strada, \u00e8 stato fatto un passo importante nel processo di produzione: Il web si salda virtualmente da solo attraverso il calore - senza bisogno di una \"cucitura\" da incollare. \"Questo \u00e8 gi\u00e0 un grande vantaggio\", dice l'ingegnere di costruzioni metalliche Frank Hochuli del partner industriale. \"Non ci sono punti deboli locali dove il materiale potrebbe staccarsi. E meno fasi di lavoro ci sono, pi\u00f9 economico \u00e8 il prodotto\".<\/p>\n<p>Un processo lungo che alla fine ne \u00e8 valsa la pena, come rileva anche il ricercatore dell'Empa Barbezat. \"Tecnicamente, abbiamo certamente ottime possibilit\u00e0\", dice. I valori misurati e il prodotto, che pu\u00f2 essere facilmente riciclato nonostante l'uso di due materiali, sono gi\u00e0 convincenti. E gli esperti sono anche sicuri della necessaria stabilit\u00e0 a lungo termine per molti anni, che il suo team ha cercato di stimare con esperimenti e l'innovativo \"metodo di isostress a gradini\".<\/p>\n<h2><strong>Revisioni indipendenti in Germania<\/strong><\/h2>\n<p>Naturalmente, Barbezat vede una sfida nel convincere una grande casa di sistemi che produce e vende profili per i produttori di finestre a collaborare con lui. \"Dopotutto, rispetto alle grandi aziende, noi non siamo nessuno\", dice. Quindi, per conquistare i clienti, \u00e8 necessaria anche una benedizione indipendente dall'alto - e cos\u00ec i partner hanno inviato la loro barra isolante \"Alpet\" all'istituto di test ift di Rosenheim, in Baviera, che \u00e8 un riferimento nel settore da decenni.<\/p>\n<p>Gli esperti l\u00ec non solo hanno ripetuto i test svizzeri, ma hanno anche sottoposto i prototipi a prove di fuoco, prove di frattura e altre sollecitazioni - per esempio, a microfratture invisibili dopo 1000 ore di stoccaggio in olio o acido leggero, o a una forte tensione in direzione trasversale. Secondo Frank Hochuli, le certificazioni ufficiali per il comportamento al fuoco e la capacit\u00e0 di carico statico sono ora disponibili; solo il certificato per l'isolamento termico \u00e8 ancora in sospeso - a causa di piccole differenze nei singoli valori misurati, che naturalmente non cambierebbero nulla nei risultati positivi, secondo l'ingegnere.<\/p>\n<h2><strong>Pi\u00f9 ecologico con poco sforzo<\/strong><\/h2>\n<p>Che effetto avrebbe la nuova barra isolante sul sistema complessivo della \"finestra\", comprese le lastre di vetro, i profili di alluminio, le guarnizioni e tutti gli altri dettagli? Rispetto ai progetti di fascia alta di oggi, Hochuli stima che l'isolamento termico in un nuovo edificio per uffici, per esempio, potrebbe essere migliorato fino a un quinto. E poich\u00e9 il web con la sua \"coda di rondine\" come connessione di montaggio \u00e8 compatibile con tutti i sistemi comuni, le soluzioni esistenti possono essere aggiornate relativamente facilmente - per esempio, per requisiti elevati secondo gli standard della casa passiva. \"Con i profili in alluminio, lo si pu\u00f2 fare solo con grande difficolt\u00e0 al giorno d'oggi\", dice, \"il nostro sistema lo renderebbe certamente pi\u00f9 facile\".<\/p>\n<p>I test dettagliati verrebbero poi eseguiti anche dai produttori stessi, nei loro laboratori con i loro sistemi di profilo. I colloqui su questo sono gi\u00e0 in corso, secondo lo sviluppatore: \"Sono decisamente ottimista! \"Altrimenti difficilmente avrei fondato una societ\u00e0 per portare la nostra idea sul mercato\". Tuttavia, l'ulteriore percorso non sar\u00e0 uno sforzo solitario: gli esperti dell'Empa continueranno ad accompagnare il ponte isolante con il loro know-how dopo anni di sostegno.<\/p>\n<blockquote>\n<h2><strong>Il metodo dell'isostress a gradini<\/strong><\/h2>\n<p>Come si deforma un componente di plastica per un periodo di 30 o pi\u00f9 anni - sotto carico continuo e grandi differenze di temperatura? Le comuni \"prove di creep\" in laboratorio per oltre 1000 ore sotto carichi combinati termico-meccanici non permettono di fare affermazioni serie. Per poter fare previsioni a lungo termine, tuttavia, negli ultimi anni sono stati sviluppati e perfezionati nuovi metodi, tra cui il \"Stepped Isostress Method\" (SSM), che gli esperti dell'Empa hanno applicato al nuovo nastro isolante. In parole povere, le deformazioni di numerose prove individuali con carichi crescenti vengono sommate per formare una \"curva master\" che fornisce informazioni su periodi di tempo pi\u00f9 grandi. Questa procedura pu\u00f2 anche essere eseguita con una singola corsa di misurazione con carichi gradualmente crescenti - e rende pi\u00f9 facile indagare i campi di temperatura critici allo stesso tempo.<\/p><\/blockquote>","protected":false},"excerpt":{"rendered":"<p>Sie sind noch besser versteckt als Schrauben, von denen man immerhin noch die K\u00f6pfe sieht, doch genauso allgegenw\u00e4rtig: D\u00e4mmstege stecken im Inneren von Aluminium- und Metallprofilen f\u00fcr Fenster und Fassadenverglasungen \u2013 als thermische Trenner zwischen der Aussen- und Innenseite, weil K\u00e4lte oder W\u00e4rme sonst ungebremst durch das Metall str\u00f6men w\u00fcrde. Ein unscheinbares Bauteil also, das [&hellip;]<\/p>\n","protected":false},"author":6,"featured_media":4575,"comment_status":"closed","ping_status":"closed","sticky":false,"template":"","format":"standard","meta":{"_acf_changed":false,"_yoast_wpseo_focuskw":"D\u00e4mmsteg","_yoast_wpseo_metadesc":"D\u00e4mmstege sind in Alu-Fensterprofilen und Fassaden f\u00fcr eine gute W\u00e4rmed\u00e4mmung unerl\u00e4sslich.","articlekey":"","footnotes":""},"categories":[580],"tags":[700,960,1052,2508],"class_list":["post-10300","post","type-post","status-publish","format-standard","has-post-thumbnail","hentry","category-sustainability","tag-alu-fensterprofile","tag-daemmsteg","tag-empa","tag-waermedaemmung"],"acf":[],"yoast_head":"<!-- This site is optimized with the Yoast SEO plugin v27.4 - https:\/\/yoast.com\/product\/yoast-seo-wordpress\/ -->\n<title>W\u00e4rmed\u00e4mmung: Gef\u00fcllter Energiespar-Riegel - Organisator<\/title>\n<meta name=\"description\" content=\"D\u00e4mmstege sind in Alu-Fensterprofilen und Fassaden f\u00fcr eine gute W\u00e4rmed\u00e4mmung unerl\u00e4sslich.\" \/>\n<meta name=\"robots\" content=\"index, follow, max-snippet:-1, max-image-preview:large, max-video-preview:-1\" \/>\n<link rel=\"canonical\" href=\"https:\/\/www.organisator.ch\/it\/sostenibilita\/2021-07-19\/waermedaemmung-gefuellter-energiespar-riegel\/\" \/>\n<meta property=\"og:locale\" content=\"it_IT\" \/>\n<meta property=\"og:type\" content=\"article\" \/>\n<meta property=\"og:title\" content=\"W\u00e4rmed\u00e4mmung: Gef\u00fcllter Energiespar-Riegel - Organisator\" \/>\n<meta property=\"og:description\" content=\"D\u00e4mmstege sind in Alu-Fensterprofilen und Fassaden f\u00fcr eine gute W\u00e4rmed\u00e4mmung unerl\u00e4sslich.\" \/>\n<meta property=\"og:url\" content=\"https:\/\/www.organisator.ch\/it\/sostenibilita\/2021-07-19\/waermedaemmung-gefuellter-energiespar-riegel\/\" \/>\n<meta property=\"og:site_name\" content=\"Organisator\" \/>\n<meta property=\"article:publisher\" content=\"https:\/\/www.facebook.com\/OrganisatorFachmagazin\" \/>\n<meta property=\"article:published_time\" content=\"2021-07-19T09:00:54+00:00\" \/>\n<meta property=\"article:modified_time\" content=\"2022-02-09T10:06:06+00:00\" \/>\n<meta property=\"og:image\" content=\"https:\/\/www.organisator.ch\/wp-content\/uploads\/2021\/07\/Energiesparriegel.jpg\" \/>\n\t<meta property=\"og:image:width\" content=\"592\" \/>\n\t<meta property=\"og:image:height\" content=\"325\" \/>\n\t<meta property=\"og:image:type\" content=\"image\/jpeg\" \/>\n<meta name=\"author\" content=\"roger.straessle\" \/>\n<meta name=\"twitter:card\" content=\"summary_large_image\" \/>\n<script type=\"application\/ld+json\" class=\"yoast-schema-graph\">{\"@context\":\"https:\\\/\\\/schema.org\",\"@graph\":[{\"@type\":\"Article\",\"@id\":\"https:\\\/\\\/www.organisator.ch\\\/sustainability\\\/2021-07-19\\\/waermedaemmung-gefuellter-energiespar-riegel\\\/#article\",\"isPartOf\":{\"@id\":\"https:\\\/\\\/www.organisator.ch\\\/sustainability\\\/2021-07-19\\\/waermedaemmung-gefuellter-energiespar-riegel\\\/\"},\"author\":{\"name\":\"roger.straessle\",\"@id\":\"https:\\\/\\\/www.organisator.ch\\\/#\\\/schema\\\/person\\\/a800b8c54e208b160517a7dcc323161d\"},\"headline\":\"W\u00e4rmed\u00e4mmung: Gef\u00fcllter Energiespar-Riegel\",\"datePublished\":\"2021-07-19T09:00:54+00:00\",\"dateModified\":\"2022-02-09T10:06:06+00:00\",\"mainEntityOfPage\":{\"@id\":\"https:\\\/\\\/www.organisator.ch\\\/sustainability\\\/2021-07-19\\\/waermedaemmung-gefuellter-energiespar-riegel\\\/\"},\"wordCount\":1041,\"publisher\":{\"@id\":\"https:\\\/\\\/www.organisator.ch\\\/#organization\"},\"image\":{\"@id\":\"https:\\\/\\\/www.organisator.ch\\\/sustainability\\\/2021-07-19\\\/waermedaemmung-gefuellter-energiespar-riegel\\\/#primaryimage\"},\"thumbnailUrl\":\"https:\\\/\\\/www.organisator.ch\\\/wp-content\\\/uploads\\\/2021\\\/07\\\/Energiesparriegel.jpg\",\"keywords\":[\"Alu-Fensterprofile\",\"D\u00e4mmsteg\",\"Empa\",\"W\u00e4rmed\u00e4mmung\"],\"articleSection\":[\"SUSTAINABILITY\"],\"inLanguage\":\"it-IT\"},{\"@type\":\"WebPage\",\"@id\":\"https:\\\/\\\/www.organisator.ch\\\/sustainability\\\/2021-07-19\\\/waermedaemmung-gefuellter-energiespar-riegel\\\/\",\"url\":\"https:\\\/\\\/www.organisator.ch\\\/sustainability\\\/2021-07-19\\\/waermedaemmung-gefuellter-energiespar-riegel\\\/\",\"name\":\"W\u00e4rmed\u00e4mmung: Gef\u00fcllter Energiespar-Riegel - Organisator\",\"isPartOf\":{\"@id\":\"https:\\\/\\\/www.organisator.ch\\\/#website\"},\"primaryImageOfPage\":{\"@id\":\"https:\\\/\\\/www.organisator.ch\\\/sustainability\\\/2021-07-19\\\/waermedaemmung-gefuellter-energiespar-riegel\\\/#primaryimage\"},\"image\":{\"@id\":\"https:\\\/\\\/www.organisator.ch\\\/sustainability\\\/2021-07-19\\\/waermedaemmung-gefuellter-energiespar-riegel\\\/#primaryimage\"},\"thumbnailUrl\":\"https:\\\/\\\/www.organisator.ch\\\/wp-content\\\/uploads\\\/2021\\\/07\\\/Energiesparriegel.jpg\",\"datePublished\":\"2021-07-19T09:00:54+00:00\",\"dateModified\":\"2022-02-09T10:06:06+00:00\",\"description\":\"D\u00e4mmstege sind in Alu-Fensterprofilen und Fassaden f\u00fcr eine gute W\u00e4rmed\u00e4mmung unerl\u00e4sslich.\",\"breadcrumb\":{\"@id\":\"https:\\\/\\\/www.organisator.ch\\\/sustainability\\\/2021-07-19\\\/waermedaemmung-gefuellter-energiespar-riegel\\\/#breadcrumb\"},\"inLanguage\":\"it-IT\",\"potentialAction\":[{\"@type\":\"ReadAction\",\"target\":[\"https:\\\/\\\/www.organisator.ch\\\/sustainability\\\/2021-07-19\\\/waermedaemmung-gefuellter-energiespar-riegel\\\/\"]}]},{\"@type\":\"ImageObject\",\"inLanguage\":\"it-IT\",\"@id\":\"https:\\\/\\\/www.organisator.ch\\\/sustainability\\\/2021-07-19\\\/waermedaemmung-gefuellter-energiespar-riegel\\\/#primaryimage\",\"url\":\"https:\\\/\\\/www.organisator.ch\\\/wp-content\\\/uploads\\\/2021\\\/07\\\/Energiesparriegel.jpg\",\"contentUrl\":\"https:\\\/\\\/www.organisator.ch\\\/wp-content\\\/uploads\\\/2021\\\/07\\\/Energiesparriegel.jpg\",\"width\":592,\"height\":325,\"caption\":\"Einbaufertig: Der Alpet-D\u00e4mmsteg aus Kunststoff. Die gr\u00fcnliche Farbe des F\u00fcllmaterials r\u00fchrt von der Verwendung von PET aus rezyklierten Flaschen her. \u00a9 Hochuli advanced\"},{\"@type\":\"BreadcrumbList\",\"@id\":\"https:\\\/\\\/www.organisator.ch\\\/sustainability\\\/2021-07-19\\\/waermedaemmung-gefuellter-energiespar-riegel\\\/#breadcrumb\",\"itemListElement\":[{\"@type\":\"ListItem\",\"position\":1,\"name\":\"Home\",\"item\":\"https:\\\/\\\/www.organisator.ch\\\/\"},{\"@type\":\"ListItem\",\"position\":2,\"name\":\"W\u00e4rmed\u00e4mmung: Gef\u00fcllter Energiespar-Riegel\"}]},{\"@type\":\"WebSite\",\"@id\":\"https:\\\/\\\/www.organisator.ch\\\/#website\",\"url\":\"https:\\\/\\\/www.organisator.ch\\\/\",\"name\":\"Organisator\",\"description\":\"Kompetent. Praxisnah. Der ORGANISATOR bereitet in 10 Ausgaben pro Jahr die wesentlichen Themen f\u00fcr F\u00fchrungskr\u00e4fte von KMU auf.\",\"publisher\":{\"@id\":\"https:\\\/\\\/www.organisator.ch\\\/#organization\"},\"potentialAction\":[{\"@type\":\"SearchAction\",\"target\":{\"@type\":\"EntryPoint\",\"urlTemplate\":\"https:\\\/\\\/www.organisator.ch\\\/?s={search_term_string}\"},\"query-input\":{\"@type\":\"PropertyValueSpecification\",\"valueRequired\":true,\"valueName\":\"search_term_string\"}}],\"inLanguage\":\"it-IT\"},{\"@type\":\"Organization\",\"@id\":\"https:\\\/\\\/www.organisator.ch\\\/#organization\",\"name\":\"Organisator\",\"url\":\"https:\\\/\\\/www.organisator.ch\\\/\",\"logo\":{\"@type\":\"ImageObject\",\"inLanguage\":\"it-IT\",\"@id\":\"https:\\\/\\\/www.organisator.ch\\\/#\\\/schema\\\/logo\\\/image\\\/\",\"url\":\"https:\\\/\\\/www.organisator.ch\\\/wp-content\\\/uploads\\\/2022\\\/01\\\/Logo_Organisator_Website.png\",\"contentUrl\":\"https:\\\/\\\/www.organisator.ch\\\/wp-content\\\/uploads\\\/2022\\\/01\\\/Logo_Organisator_Website.png\",\"width\":800,\"height\":77,\"caption\":\"Organisator\"},\"image\":{\"@id\":\"https:\\\/\\\/www.organisator.ch\\\/#\\\/schema\\\/logo\\\/image\\\/\"},\"sameAs\":[\"https:\\\/\\\/www.facebook.com\\\/OrganisatorFachmagazin\",\"https:\\\/\\\/www.linkedin.com\\\/showcase\\\/organisator-das-magazin-fr-kmu\",\"https:\\\/\\\/www.xing.com\\\/news\\\/pages\\\/organisator-ch-695\",\"https:\\\/\\\/www.youtube.com\\\/channel\\\/UCGP2Sq0iWaZwT3BdIAQFYpw\"]},{\"@type\":\"Person\",\"@id\":\"https:\\\/\\\/www.organisator.ch\\\/#\\\/schema\\\/person\\\/a800b8c54e208b160517a7dcc323161d\",\"name\":\"roger.straessle\",\"image\":{\"@type\":\"ImageObject\",\"inLanguage\":\"it-IT\",\"@id\":\"https:\\\/\\\/secure.gravatar.com\\\/avatar\\\/?s=96&d=mm&r=g\",\"url\":\"https:\\\/\\\/secure.gravatar.com\\\/avatar\\\/?s=96&d=mm&r=g\",\"contentUrl\":\"https:\\\/\\\/secure.gravatar.com\\\/avatar\\\/?s=96&d=mm&r=g\",\"caption\":\"roger.straessle\"},\"url\":\"https:\\\/\\\/www.organisator.ch\\\/it\\\/author\\\/roger-straessle\\\/\"}]}<\/script>\n<!-- \/ Yoast SEO plugin. -->","yoast_head_json":{"title":"Isolamento termico: barra riempita per il risparmio energetico - Organizzatore","description":"Le barre isolanti sono essenziali nei profili di finestre e facciate in alluminio per garantire un buon isolamento termico.","robots":{"index":"index","follow":"follow","max-snippet":"max-snippet:-1","max-image-preview":"max-image-preview:large","max-video-preview":"max-video-preview:-1"},"canonical":"https:\/\/www.organisator.ch\/it\/sostenibilita\/2021-07-19\/waermedaemmung-gefuellter-energiespar-riegel\/","og_locale":"it_IT","og_type":"article","og_title":"W\u00e4rmed\u00e4mmung: Gef\u00fcllter Energiespar-Riegel - Organisator","og_description":"D\u00e4mmstege sind in Alu-Fensterprofilen und Fassaden f\u00fcr eine gute W\u00e4rmed\u00e4mmung unerl\u00e4sslich.","og_url":"https:\/\/www.organisator.ch\/it\/sostenibilita\/2021-07-19\/waermedaemmung-gefuellter-energiespar-riegel\/","og_site_name":"Organisator","article_publisher":"https:\/\/www.facebook.com\/OrganisatorFachmagazin","article_published_time":"2021-07-19T09:00:54+00:00","article_modified_time":"2022-02-09T10:06:06+00:00","og_image":[{"width":592,"height":325,"url":"https:\/\/www.organisator.ch\/wp-content\/uploads\/2021\/07\/Energiesparriegel.jpg","type":"image\/jpeg"}],"author":"roger.straessle","twitter_card":"summary_large_image","schema":{"@context":"https:\/\/schema.org","@graph":[{"@type":"Article","@id":"https:\/\/www.organisator.ch\/sustainability\/2021-07-19\/waermedaemmung-gefuellter-energiespar-riegel\/#article","isPartOf":{"@id":"https:\/\/www.organisator.ch\/sustainability\/2021-07-19\/waermedaemmung-gefuellter-energiespar-riegel\/"},"author":{"name":"roger.straessle","@id":"https:\/\/www.organisator.ch\/#\/schema\/person\/a800b8c54e208b160517a7dcc323161d"},"headline":"W\u00e4rmed\u00e4mmung: Gef\u00fcllter Energiespar-Riegel","datePublished":"2021-07-19T09:00:54+00:00","dateModified":"2022-02-09T10:06:06+00:00","mainEntityOfPage":{"@id":"https:\/\/www.organisator.ch\/sustainability\/2021-07-19\/waermedaemmung-gefuellter-energiespar-riegel\/"},"wordCount":1041,"publisher":{"@id":"https:\/\/www.organisator.ch\/#organization"},"image":{"@id":"https:\/\/www.organisator.ch\/sustainability\/2021-07-19\/waermedaemmung-gefuellter-energiespar-riegel\/#primaryimage"},"thumbnailUrl":"https:\/\/www.organisator.ch\/wp-content\/uploads\/2021\/07\/Energiesparriegel.jpg","keywords":["Alu-Fensterprofile","D\u00e4mmsteg","Empa","W\u00e4rmed\u00e4mmung"],"articleSection":["SUSTAINABILITY"],"inLanguage":"it-IT"},{"@type":"WebPage","@id":"https:\/\/www.organisator.ch\/sustainability\/2021-07-19\/waermedaemmung-gefuellter-energiespar-riegel\/","url":"https:\/\/www.organisator.ch\/sustainability\/2021-07-19\/waermedaemmung-gefuellter-energiespar-riegel\/","name":"Isolamento termico: barra riempita per il risparmio energetico - Organizzatore","isPartOf":{"@id":"https:\/\/www.organisator.ch\/#website"},"primaryImageOfPage":{"@id":"https:\/\/www.organisator.ch\/sustainability\/2021-07-19\/waermedaemmung-gefuellter-energiespar-riegel\/#primaryimage"},"image":{"@id":"https:\/\/www.organisator.ch\/sustainability\/2021-07-19\/waermedaemmung-gefuellter-energiespar-riegel\/#primaryimage"},"thumbnailUrl":"https:\/\/www.organisator.ch\/wp-content\/uploads\/2021\/07\/Energiesparriegel.jpg","datePublished":"2021-07-19T09:00:54+00:00","dateModified":"2022-02-09T10:06:06+00:00","description":"Le barre isolanti sono essenziali nei profili di finestre e facciate in alluminio per garantire un buon isolamento termico.","breadcrumb":{"@id":"https:\/\/www.organisator.ch\/sustainability\/2021-07-19\/waermedaemmung-gefuellter-energiespar-riegel\/#breadcrumb"},"inLanguage":"it-IT","potentialAction":[{"@type":"ReadAction","target":["https:\/\/www.organisator.ch\/sustainability\/2021-07-19\/waermedaemmung-gefuellter-energiespar-riegel\/"]}]},{"@type":"ImageObject","inLanguage":"it-IT","@id":"https:\/\/www.organisator.ch\/sustainability\/2021-07-19\/waermedaemmung-gefuellter-energiespar-riegel\/#primaryimage","url":"https:\/\/www.organisator.ch\/wp-content\/uploads\/2021\/07\/Energiesparriegel.jpg","contentUrl":"https:\/\/www.organisator.ch\/wp-content\/uploads\/2021\/07\/Energiesparriegel.jpg","width":592,"height":325,"caption":"Einbaufertig: Der Alpet-D\u00e4mmsteg aus Kunststoff. Die gr\u00fcnliche Farbe des F\u00fcllmaterials r\u00fchrt von der Verwendung von PET aus rezyklierten Flaschen her. \u00a9 Hochuli advanced"},{"@type":"BreadcrumbList","@id":"https:\/\/www.organisator.ch\/sustainability\/2021-07-19\/waermedaemmung-gefuellter-energiespar-riegel\/#breadcrumb","itemListElement":[{"@type":"ListItem","position":1,"name":"Home","item":"https:\/\/www.organisator.ch\/"},{"@type":"ListItem","position":2,"name":"W\u00e4rmed\u00e4mmung: Gef\u00fcllter Energiespar-Riegel"}]},{"@type":"WebSite","@id":"https:\/\/www.organisator.ch\/#website","url":"https:\/\/www.organisator.ch\/","name":"Organizzatore","description":"Competente. Pratico. In 10 numeri all'anno, ORGANISATOR presenta i temi essenziali per i manager delle PMI.","publisher":{"@id":"https:\/\/www.organisator.ch\/#organization"},"potentialAction":[{"@type":"SearchAction","target":{"@type":"EntryPoint","urlTemplate":"https:\/\/www.organisator.ch\/?s={search_term_string}"},"query-input":{"@type":"PropertyValueSpecification","valueRequired":true,"valueName":"search_term_string"}}],"inLanguage":"it-IT"},{"@type":"Organization","@id":"https:\/\/www.organisator.ch\/#organization","name":"Organizzatore","url":"https:\/\/www.organisator.ch\/","logo":{"@type":"ImageObject","inLanguage":"it-IT","@id":"https:\/\/www.organisator.ch\/#\/schema\/logo\/image\/","url":"https:\/\/www.organisator.ch\/wp-content\/uploads\/2022\/01\/Logo_Organisator_Website.png","contentUrl":"https:\/\/www.organisator.ch\/wp-content\/uploads\/2022\/01\/Logo_Organisator_Website.png","width":800,"height":77,"caption":"Organisator"},"image":{"@id":"https:\/\/www.organisator.ch\/#\/schema\/logo\/image\/"},"sameAs":["https:\/\/www.facebook.com\/OrganisatorFachmagazin","https:\/\/www.linkedin.com\/showcase\/organisator-das-magazin-fr-kmu","https:\/\/www.xing.com\/news\/pages\/organisator-ch-695","https:\/\/www.youtube.com\/channel\/UCGP2Sq0iWaZwT3BdIAQFYpw"]},{"@type":"Person","@id":"https:\/\/www.organisator.ch\/#\/schema\/person\/a800b8c54e208b160517a7dcc323161d","name":"roger.straessle","image":{"@type":"ImageObject","inLanguage":"it-IT","@id":"https:\/\/secure.gravatar.com\/avatar\/?s=96&d=mm&r=g","url":"https:\/\/secure.gravatar.com\/avatar\/?s=96&d=mm&r=g","contentUrl":"https:\/\/secure.gravatar.com\/avatar\/?s=96&d=mm&r=g","caption":"roger.straessle"},"url":"https:\/\/www.organisator.ch\/it\/author\/roger-straessle\/"}]}},"_links":{"self":[{"href":"https:\/\/www.organisator.ch\/it\/wp-json\/wp\/v2\/posts\/10300","targetHints":{"allow":["GET"]}}],"collection":[{"href":"https:\/\/www.organisator.ch\/it\/wp-json\/wp\/v2\/posts"}],"about":[{"href":"https:\/\/www.organisator.ch\/it\/wp-json\/wp\/v2\/types\/post"}],"author":[{"embeddable":true,"href":"https:\/\/www.organisator.ch\/it\/wp-json\/wp\/v2\/users\/6"}],"replies":[{"embeddable":true,"href":"https:\/\/www.organisator.ch\/it\/wp-json\/wp\/v2\/comments?post=10300"}],"version-history":[{"count":1,"href":"https:\/\/www.organisator.ch\/it\/wp-json\/wp\/v2\/posts\/10300\/revisions"}],"predecessor-version":[{"id":10467,"href":"https:\/\/www.organisator.ch\/it\/wp-json\/wp\/v2\/posts\/10300\/revisions\/10467"}],"wp:featuredmedia":[{"embeddable":true,"href":"https:\/\/www.organisator.ch\/it\/wp-json\/wp\/v2\/media\/4575"}],"wp:attachment":[{"href":"https:\/\/www.organisator.ch\/it\/wp-json\/wp\/v2\/media?parent=10300"}],"wp:term":[{"taxonomy":"category","embeddable":true,"href":"https:\/\/www.organisator.ch\/it\/wp-json\/wp\/v2\/categories?post=10300"},{"taxonomy":"post_tag","embeddable":true,"href":"https:\/\/www.organisator.ch\/it\/wp-json\/wp\/v2\/tags?post=10300"}],"curies":[{"name":"wp","href":"https:\/\/api.w.org\/{rel}","templated":true}]}}