{"id":10304,"date":"2021-07-29T10:05:32","date_gmt":"2021-07-29T08:05:32","guid":{"rendered":"https:\/\/www.umweltperspektiven.ch\/?p=4629"},"modified":"2022-02-09T11:06:45","modified_gmt":"2022-02-09T10:06:45","slug":"erste-unwetterbilanz-schaeden-an-gebaeuden-von-650-mio","status":"publish","type":"post","link":"https:\/\/www.organisator.ch\/it\/sustainability\/2021-07-29\/erste-unwetterbilanz-schaeden-an-gebaeuden-von-650-mio\/","title":{"rendered":"Danni da tempesta agli edifici per un importo di 650 milioni di euro."},"content":{"rendered":"<figure id=\"attachment_4630\" aria-describedby=\"caption-attachment-4630\" style=\"width: 680px\" class=\"wp-caption alignnone\"><img loading=\"lazy\" decoding=\"async\" class=\"wp-image-4630 size-medium\" src=\"\/\/www.umweltperspektiven.ch\/wp-content\/uploads\/2021\/07\/IMG_20210721_200727526.jpg\" alt=\"Danni da tempesta, rischi naturali \" width=\"680\" height=\"510\" \/><figcaption id=\"caption-attachment-4630\" class=\"wp-caption-text\">I danni della tempesta possono essere costosi. Foto: R. Str\u00e4ssle<\/figcaption><\/figure>\n<p>Gli eventi naturali possono causare danni considerevoli e molta sofferenza. Le tempeste dei mesi estivi di giugno e luglio 2021 lo illustrano. Anche se in Svizzera, a differenza della Germania o del Belgio, le conseguenze delle tempeste sono state meno gravi, le sole 19 KGV hanno subito danni agli edifici stimati a 650 milioni di franchi, come scrive l'ufficio stampa dell'Associazione degli assicuratori cantonali degli edifici (VKG). In 19 cantoni (AG, AR, BE, BL, BS, FR, GL, GR, JU, LU, NE, NW, SG, SH, SO, TG, VD, ZG, ZH), le KGV coprono tra l'altro i danni causati da grandine, acqua alta e inondazioni.<\/p>\n<h2><strong>Assicurato automaticamente e in modo completo<\/strong><\/h2>\n<p>Oltre all'incendio, il proprietario di un edificio in un cantone KGV \u00e8 automaticamente assicurato contro i rischi naturali di inondazione, inondazione, tempesta, grandine, valanghe, pressione della neve, caduta di massi, frana o smottamento. Il proprietario dell'edificio gode cos\u00ec di una protezione assicurativa completa a un prezzo vantaggioso, secondo la VKG. La quantit\u00e0 di danni assicurati dalla KGV \u00e8 praticamente illimitata. Questo \u00e8 un vantaggio decisivo rispetto ad altri sistemi assicurativi. La copertura assicurativa della KGV \u00e8 anche completamente garantita in caso di incidenti gravi come quelli delle ultime settimane.<\/p>\n<h2><strong>La prevenzione mostra l'effetto<\/strong><\/h2>\n<p>Oltre alla copertura assicurativa, le KGV, come organizzazioni di diritto pubblico, danno un contributo significativo alla prevenzione delle catastrofi naturali. Da un lato, le misure di protezione moderne e sostenibili costano meno che affrontare una grave perdita. D'altra parte, investire nella prevenzione proteggerebbe i proprietari di edifici da danni e da molti sconvolgimenti spiacevoli. Pertanto, \u00e8 particolarmente importante prendere in considerazione i rischi naturali nei nuovi edifici e nelle ristrutturazioni (vedi riquadro qui sotto).<\/p>\n<h2><strong>Lezioni apprese nel 2005 e nel 2007<\/strong><\/h2>\n<p>La protezione contro la minaccia dei pericoli naturali \u00e8 stata affrontata pi\u00f9 intensamente dopo i grandi eventi del 2005 con una somma totale di danni agli edifici di 880 milioni e del 2007 con 415 milioni di franchi svizzeri in quel momento. Secondo la VKG, le numerose misure di protezione della zona prese dal settore pubblico, le misure di protezione della propriet\u00e0 del KGV, ma anche quelle dei proprietari di casa hanno avuto un effetto e hanno certamente ridotto il peso dei danni. Tuttavia, i pericoli naturali e i danni che ne derivano non possono mai essere completamente evitati. Ecco perch\u00e9 \u00e8 importante l'uso tempestivo di sistemi di allerta precoce come l'app gratuita di allarme meteo con consigli concreti di comportamento e prevenzione. Grazie a ulteriori misure di protezione orientate alla sostenibilit\u00e0, le procedure fastidiose in caso di danni potenziali possono essere evitate o almeno ridotte in futuro, come conclude il rapporto.<\/p>\n<p><em>Fonte. VKG<\/em><\/p>\n<p>&nbsp;<\/p>\n<blockquote><p><strong>Pericolo di interrogazione nella mia posizione<\/strong><\/p>\n<p>Il pericolo nel sito pu\u00f2 essere attribuito a <a href=\"\/\/www.schutz-vor-naturgefahren.ch\"><strong>www.schutz-vor-naturgefahren.ch<\/strong><\/a> pu\u00f2 essere consultato. Oltre all'ultima mappa del pericolo di grandine, sono disponibili anche mappe di altri pericoli naturali come le inondazioni o il deflusso superficiale, con le corrispondenti raccomandazioni di protezione. I danni dovuti al deflusso superficiale sono aumentati negli ultimi anni - come quest'estate.<\/p><\/blockquote>\n<p>&nbsp;<\/p>\n<p><strong><em>Altri argomenti:<\/em><\/strong><\/p>\n<p><a href=\"\/\/www.umweltperspektiven.ch\/ein-naturgefahren-check-lohnt-sich\/\"><em>Chi costruisce e ristruttura pianifica per i rischi naturali<\/em><\/a><\/p>","protected":false},"excerpt":{"rendered":"<p>Naturereignisse k\u00f6nnen erhebliche Sch\u00e4den verursachen und viel Leid ausl\u00f6sen. Die Unwetter der Sommermonate Juni und Juli 2021 verdeutlichen dies. Obwohl in der Schweiz, im Gegensatz zu Deutschland oder Belgien, die Folgen der Unwetter weniger schlimm waren, entstanden allein bei den 19 KGV gesch\u00e4tzte Geb\u00e4udesch\u00e4den von 650 Millionen Franken, wie die Medienstelle der Vereinigung Kantonaler Geb\u00e4udeversicherungen [&hellip;]<\/p>\n","protected":false},"author":6,"featured_media":9825,"comment_status":"closed","ping_status":"closed","sticky":false,"template":"","format":"standard","meta":{"_acf_changed":false,"_yoast_wpseo_focuskw":"Unwettersch\u00e4den","_yoast_wpseo_metadesc":"Unwetterbilanz: Die 19 Kantonalen Geb\u00e4udeversicherungen gehen von einer Gesamtschadensumme an Geb\u00e4uden von rund 650 Mio. Fr. aus.","articlekey":"","footnotes":""},"categories":[580],"tags":[1487,1809,1810,2413],"class_list":["post-10304","post","type-post","status-publish","format-standard","has-post-thumbnail","hentry","category-sustainability","tag-kgv","tag-naturgefahr","tag-naturgefahren","tag-unwetterschaeden"],"acf":[],"yoast_head":"<!-- This site is optimized with the Yoast SEO plugin v27.4 - https:\/\/yoast.com\/product\/yoast-seo-wordpress\/ -->\n<title>Unwettersch\u00e4den an Geb\u00e4uden in H\u00f6he von 650 Mio. - Organisator<\/title>\n<meta name=\"description\" content=\"Unwetterbilanz: Die 19 Kantonalen Geb\u00e4udeversicherungen gehen von einer Gesamtschadensumme an Geb\u00e4uden von rund 650 Mio. Fr. aus.\" \/>\n<meta name=\"robots\" content=\"index, follow, max-snippet:-1, max-image-preview:large, max-video-preview:-1\" \/>\n<link rel=\"canonical\" href=\"https:\/\/www.organisator.ch\/it\/sostenibilita\/2021-07-29\/erste-unwetterbilanz-schaeden-an-gebaeuden-von-650-mio\/\" \/>\n<meta property=\"og:locale\" content=\"it_IT\" \/>\n<meta property=\"og:type\" content=\"article\" \/>\n<meta property=\"og:title\" content=\"Unwettersch\u00e4den an Geb\u00e4uden in H\u00f6he von 650 Mio. - Organisator\" \/>\n<meta property=\"og:description\" content=\"Unwetterbilanz: Die 19 Kantonalen Geb\u00e4udeversicherungen gehen von einer Gesamtschadensumme an Geb\u00e4uden von rund 650 Mio. Fr. aus.\" \/>\n<meta property=\"og:url\" content=\"https:\/\/www.organisator.ch\/it\/sostenibilita\/2021-07-29\/erste-unwetterbilanz-schaeden-an-gebaeuden-von-650-mio\/\" \/>\n<meta property=\"og:site_name\" content=\"Organisator\" \/>\n<meta property=\"article:publisher\" content=\"https:\/\/www.facebook.com\/OrganisatorFachmagazin\" \/>\n<meta property=\"article:published_time\" content=\"2021-07-29T08:05:32+00:00\" \/>\n<meta property=\"article:modified_time\" content=\"2022-02-09T10:06:45+00:00\" \/>\n<meta property=\"og:image\" content=\"https:\/\/www.organisator.ch\/wp-content\/uploads\/2021\/07\/IMG_20210721_200727526-scaled.jpg\" \/>\n\t<meta property=\"og:image:width\" content=\"2560\" \/>\n\t<meta property=\"og:image:height\" content=\"1920\" \/>\n\t<meta property=\"og:image:type\" content=\"image\/jpeg\" \/>\n<meta name=\"author\" content=\"roger.straessle\" \/>\n<meta name=\"twitter:card\" content=\"summary_large_image\" \/>\n<script type=\"application\/ld+json\" class=\"yoast-schema-graph\">{\"@context\":\"https:\\\/\\\/schema.org\",\"@graph\":[{\"@type\":\"Article\",\"@id\":\"https:\\\/\\\/www.organisator.ch\\\/sustainability\\\/2021-07-29\\\/erste-unwetterbilanz-schaeden-an-gebaeuden-von-650-mio\\\/#article\",\"isPartOf\":{\"@id\":\"https:\\\/\\\/www.organisator.ch\\\/sustainability\\\/2021-07-29\\\/erste-unwetterbilanz-schaeden-an-gebaeuden-von-650-mio\\\/\"},\"author\":{\"name\":\"roger.straessle\",\"@id\":\"https:\\\/\\\/www.organisator.ch\\\/#\\\/schema\\\/person\\\/a800b8c54e208b160517a7dcc323161d\"},\"headline\":\"Unwettersch\u00e4den an Geb\u00e4uden in H\u00f6he von 650 Mio.\",\"datePublished\":\"2021-07-29T08:05:32+00:00\",\"dateModified\":\"2022-02-09T10:06:45+00:00\",\"mainEntityOfPage\":{\"@id\":\"https:\\\/\\\/www.organisator.ch\\\/sustainability\\\/2021-07-29\\\/erste-unwetterbilanz-schaeden-an-gebaeuden-von-650-mio\\\/\"},\"wordCount\":469,\"publisher\":{\"@id\":\"https:\\\/\\\/www.organisator.ch\\\/#organization\"},\"image\":{\"@id\":\"https:\\\/\\\/www.organisator.ch\\\/sustainability\\\/2021-07-29\\\/erste-unwetterbilanz-schaeden-an-gebaeuden-von-650-mio\\\/#primaryimage\"},\"thumbnailUrl\":\"https:\\\/\\\/www.organisator.ch\\\/wp-content\\\/uploads\\\/2021\\\/07\\\/IMG_20210721_200727526-scaled.jpg\",\"keywords\":[\"KGV\",\"Naturgefahr\",\"Naturgefahren\",\"Unwettersch\u00e4den\"],\"articleSection\":[\"SUSTAINABILITY\"],\"inLanguage\":\"it-IT\"},{\"@type\":\"WebPage\",\"@id\":\"https:\\\/\\\/www.organisator.ch\\\/sustainability\\\/2021-07-29\\\/erste-unwetterbilanz-schaeden-an-gebaeuden-von-650-mio\\\/\",\"url\":\"https:\\\/\\\/www.organisator.ch\\\/sustainability\\\/2021-07-29\\\/erste-unwetterbilanz-schaeden-an-gebaeuden-von-650-mio\\\/\",\"name\":\"Unwettersch\u00e4den an Geb\u00e4uden in H\u00f6he von 650 Mio. - Organisator\",\"isPartOf\":{\"@id\":\"https:\\\/\\\/www.organisator.ch\\\/#website\"},\"primaryImageOfPage\":{\"@id\":\"https:\\\/\\\/www.organisator.ch\\\/sustainability\\\/2021-07-29\\\/erste-unwetterbilanz-schaeden-an-gebaeuden-von-650-mio\\\/#primaryimage\"},\"image\":{\"@id\":\"https:\\\/\\\/www.organisator.ch\\\/sustainability\\\/2021-07-29\\\/erste-unwetterbilanz-schaeden-an-gebaeuden-von-650-mio\\\/#primaryimage\"},\"thumbnailUrl\":\"https:\\\/\\\/www.organisator.ch\\\/wp-content\\\/uploads\\\/2021\\\/07\\\/IMG_20210721_200727526-scaled.jpg\",\"datePublished\":\"2021-07-29T08:05:32+00:00\",\"dateModified\":\"2022-02-09T10:06:45+00:00\",\"description\":\"Unwetterbilanz: Die 19 Kantonalen Geb\u00e4udeversicherungen gehen von einer Gesamtschadensumme an Geb\u00e4uden von rund 650 Mio. Fr. aus.\",\"breadcrumb\":{\"@id\":\"https:\\\/\\\/www.organisator.ch\\\/sustainability\\\/2021-07-29\\\/erste-unwetterbilanz-schaeden-an-gebaeuden-von-650-mio\\\/#breadcrumb\"},\"inLanguage\":\"it-IT\",\"potentialAction\":[{\"@type\":\"ReadAction\",\"target\":[\"https:\\\/\\\/www.organisator.ch\\\/sustainability\\\/2021-07-29\\\/erste-unwetterbilanz-schaeden-an-gebaeuden-von-650-mio\\\/\"]}]},{\"@type\":\"ImageObject\",\"inLanguage\":\"it-IT\",\"@id\":\"https:\\\/\\\/www.organisator.ch\\\/sustainability\\\/2021-07-29\\\/erste-unwetterbilanz-schaeden-an-gebaeuden-von-650-mio\\\/#primaryimage\",\"url\":\"https:\\\/\\\/www.organisator.ch\\\/wp-content\\\/uploads\\\/2021\\\/07\\\/IMG_20210721_200727526-scaled.jpg\",\"contentUrl\":\"https:\\\/\\\/www.organisator.ch\\\/wp-content\\\/uploads\\\/2021\\\/07\\\/IMG_20210721_200727526-scaled.jpg\",\"width\":2560,\"height\":1920,\"caption\":\"Unwettersch\u00e4den k\u00f6nnen ins Geld gehen. Foto: R. Str\u00e4ssle\"},{\"@type\":\"BreadcrumbList\",\"@id\":\"https:\\\/\\\/www.organisator.ch\\\/sustainability\\\/2021-07-29\\\/erste-unwetterbilanz-schaeden-an-gebaeuden-von-650-mio\\\/#breadcrumb\",\"itemListElement\":[{\"@type\":\"ListItem\",\"position\":1,\"name\":\"Home\",\"item\":\"https:\\\/\\\/www.organisator.ch\\\/\"},{\"@type\":\"ListItem\",\"position\":2,\"name\":\"Unwettersch\u00e4den an Geb\u00e4uden in H\u00f6he von 650 Mio.\"}]},{\"@type\":\"WebSite\",\"@id\":\"https:\\\/\\\/www.organisator.ch\\\/#website\",\"url\":\"https:\\\/\\\/www.organisator.ch\\\/\",\"name\":\"Organisator\",\"description\":\"Kompetent. Praxisnah. Der ORGANISATOR bereitet in 10 Ausgaben pro Jahr die wesentlichen Themen f\u00fcr F\u00fchrungskr\u00e4fte von KMU auf.\",\"publisher\":{\"@id\":\"https:\\\/\\\/www.organisator.ch\\\/#organization\"},\"potentialAction\":[{\"@type\":\"SearchAction\",\"target\":{\"@type\":\"EntryPoint\",\"urlTemplate\":\"https:\\\/\\\/www.organisator.ch\\\/?s={search_term_string}\"},\"query-input\":{\"@type\":\"PropertyValueSpecification\",\"valueRequired\":true,\"valueName\":\"search_term_string\"}}],\"inLanguage\":\"it-IT\"},{\"@type\":\"Organization\",\"@id\":\"https:\\\/\\\/www.organisator.ch\\\/#organization\",\"name\":\"Organisator\",\"url\":\"https:\\\/\\\/www.organisator.ch\\\/\",\"logo\":{\"@type\":\"ImageObject\",\"inLanguage\":\"it-IT\",\"@id\":\"https:\\\/\\\/www.organisator.ch\\\/#\\\/schema\\\/logo\\\/image\\\/\",\"url\":\"https:\\\/\\\/www.organisator.ch\\\/wp-content\\\/uploads\\\/2022\\\/01\\\/Logo_Organisator_Website.png\",\"contentUrl\":\"https:\\\/\\\/www.organisator.ch\\\/wp-content\\\/uploads\\\/2022\\\/01\\\/Logo_Organisator_Website.png\",\"width\":800,\"height\":77,\"caption\":\"Organisator\"},\"image\":{\"@id\":\"https:\\\/\\\/www.organisator.ch\\\/#\\\/schema\\\/logo\\\/image\\\/\"},\"sameAs\":[\"https:\\\/\\\/www.facebook.com\\\/OrganisatorFachmagazin\",\"https:\\\/\\\/www.linkedin.com\\\/showcase\\\/organisator-das-magazin-fr-kmu\",\"https:\\\/\\\/www.xing.com\\\/news\\\/pages\\\/organisator-ch-695\",\"https:\\\/\\\/www.youtube.com\\\/channel\\\/UCGP2Sq0iWaZwT3BdIAQFYpw\"]},{\"@type\":\"Person\",\"@id\":\"https:\\\/\\\/www.organisator.ch\\\/#\\\/schema\\\/person\\\/a800b8c54e208b160517a7dcc323161d\",\"name\":\"roger.straessle\",\"image\":{\"@type\":\"ImageObject\",\"inLanguage\":\"it-IT\",\"@id\":\"https:\\\/\\\/secure.gravatar.com\\\/avatar\\\/?s=96&d=mm&r=g\",\"url\":\"https:\\\/\\\/secure.gravatar.com\\\/avatar\\\/?s=96&d=mm&r=g\",\"contentUrl\":\"https:\\\/\\\/secure.gravatar.com\\\/avatar\\\/?s=96&d=mm&r=g\",\"caption\":\"roger.straessle\"},\"url\":\"https:\\\/\\\/www.organisator.ch\\\/it\\\/author\\\/roger-straessle\\\/\"}]}<\/script>\n<!-- \/ Yoast SEO plugin. -->","yoast_head_json":{"title":"I danni causati dalla tempesta agli edifici ammontano a 650 milioni - Organizzatore","description":"Valutazione della tempesta: i 19 assicuratori edili cantonali stimano i danni totali agli edifici a circa 650 milioni di franchi.","robots":{"index":"index","follow":"follow","max-snippet":"max-snippet:-1","max-image-preview":"max-image-preview:large","max-video-preview":"max-video-preview:-1"},"canonical":"https:\/\/www.organisator.ch\/it\/sostenibilita\/2021-07-29\/erste-unwetterbilanz-schaeden-an-gebaeuden-von-650-mio\/","og_locale":"it_IT","og_type":"article","og_title":"Unwettersch\u00e4den an Geb\u00e4uden in H\u00f6he von 650 Mio. - Organisator","og_description":"Unwetterbilanz: Die 19 Kantonalen Geb\u00e4udeversicherungen gehen von einer Gesamtschadensumme an Geb\u00e4uden von rund 650 Mio. Fr. aus.","og_url":"https:\/\/www.organisator.ch\/it\/sostenibilita\/2021-07-29\/erste-unwetterbilanz-schaeden-an-gebaeuden-von-650-mio\/","og_site_name":"Organisator","article_publisher":"https:\/\/www.facebook.com\/OrganisatorFachmagazin","article_published_time":"2021-07-29T08:05:32+00:00","article_modified_time":"2022-02-09T10:06:45+00:00","og_image":[{"width":2560,"height":1920,"url":"https:\/\/www.organisator.ch\/wp-content\/uploads\/2021\/07\/IMG_20210721_200727526-scaled.jpg","type":"image\/jpeg"}],"author":"roger.straessle","twitter_card":"summary_large_image","schema":{"@context":"https:\/\/schema.org","@graph":[{"@type":"Article","@id":"https:\/\/www.organisator.ch\/sustainability\/2021-07-29\/erste-unwetterbilanz-schaeden-an-gebaeuden-von-650-mio\/#article","isPartOf":{"@id":"https:\/\/www.organisator.ch\/sustainability\/2021-07-29\/erste-unwetterbilanz-schaeden-an-gebaeuden-von-650-mio\/"},"author":{"name":"roger.straessle","@id":"https:\/\/www.organisator.ch\/#\/schema\/person\/a800b8c54e208b160517a7dcc323161d"},"headline":"Unwettersch\u00e4den an Geb\u00e4uden in H\u00f6he von 650 Mio.","datePublished":"2021-07-29T08:05:32+00:00","dateModified":"2022-02-09T10:06:45+00:00","mainEntityOfPage":{"@id":"https:\/\/www.organisator.ch\/sustainability\/2021-07-29\/erste-unwetterbilanz-schaeden-an-gebaeuden-von-650-mio\/"},"wordCount":469,"publisher":{"@id":"https:\/\/www.organisator.ch\/#organization"},"image":{"@id":"https:\/\/www.organisator.ch\/sustainability\/2021-07-29\/erste-unwetterbilanz-schaeden-an-gebaeuden-von-650-mio\/#primaryimage"},"thumbnailUrl":"https:\/\/www.organisator.ch\/wp-content\/uploads\/2021\/07\/IMG_20210721_200727526-scaled.jpg","keywords":["KGV","Naturgefahr","Naturgefahren","Unwettersch\u00e4den"],"articleSection":["SUSTAINABILITY"],"inLanguage":"it-IT"},{"@type":"WebPage","@id":"https:\/\/www.organisator.ch\/sustainability\/2021-07-29\/erste-unwetterbilanz-schaeden-an-gebaeuden-von-650-mio\/","url":"https:\/\/www.organisator.ch\/sustainability\/2021-07-29\/erste-unwetterbilanz-schaeden-an-gebaeuden-von-650-mio\/","name":"I danni causati dalla tempesta agli edifici ammontano a 650 milioni - Organizzatore","isPartOf":{"@id":"https:\/\/www.organisator.ch\/#website"},"primaryImageOfPage":{"@id":"https:\/\/www.organisator.ch\/sustainability\/2021-07-29\/erste-unwetterbilanz-schaeden-an-gebaeuden-von-650-mio\/#primaryimage"},"image":{"@id":"https:\/\/www.organisator.ch\/sustainability\/2021-07-29\/erste-unwetterbilanz-schaeden-an-gebaeuden-von-650-mio\/#primaryimage"},"thumbnailUrl":"https:\/\/www.organisator.ch\/wp-content\/uploads\/2021\/07\/IMG_20210721_200727526-scaled.jpg","datePublished":"2021-07-29T08:05:32+00:00","dateModified":"2022-02-09T10:06:45+00:00","description":"Valutazione della tempesta: i 19 assicuratori edili cantonali stimano i danni totali agli edifici a circa 650 milioni di franchi.","breadcrumb":{"@id":"https:\/\/www.organisator.ch\/sustainability\/2021-07-29\/erste-unwetterbilanz-schaeden-an-gebaeuden-von-650-mio\/#breadcrumb"},"inLanguage":"it-IT","potentialAction":[{"@type":"ReadAction","target":["https:\/\/www.organisator.ch\/sustainability\/2021-07-29\/erste-unwetterbilanz-schaeden-an-gebaeuden-von-650-mio\/"]}]},{"@type":"ImageObject","inLanguage":"it-IT","@id":"https:\/\/www.organisator.ch\/sustainability\/2021-07-29\/erste-unwetterbilanz-schaeden-an-gebaeuden-von-650-mio\/#primaryimage","url":"https:\/\/www.organisator.ch\/wp-content\/uploads\/2021\/07\/IMG_20210721_200727526-scaled.jpg","contentUrl":"https:\/\/www.organisator.ch\/wp-content\/uploads\/2021\/07\/IMG_20210721_200727526-scaled.jpg","width":2560,"height":1920,"caption":"Unwettersch\u00e4den k\u00f6nnen ins Geld gehen. Foto: R. Str\u00e4ssle"},{"@type":"BreadcrumbList","@id":"https:\/\/www.organisator.ch\/sustainability\/2021-07-29\/erste-unwetterbilanz-schaeden-an-gebaeuden-von-650-mio\/#breadcrumb","itemListElement":[{"@type":"ListItem","position":1,"name":"Home","item":"https:\/\/www.organisator.ch\/"},{"@type":"ListItem","position":2,"name":"Unwettersch\u00e4den an Geb\u00e4uden in H\u00f6he von 650 Mio."}]},{"@type":"WebSite","@id":"https:\/\/www.organisator.ch\/#website","url":"https:\/\/www.organisator.ch\/","name":"Organizzatore","description":"Competente. Pratico. In 10 numeri all'anno, ORGANISATOR presenta i temi essenziali per i manager delle PMI.","publisher":{"@id":"https:\/\/www.organisator.ch\/#organization"},"potentialAction":[{"@type":"SearchAction","target":{"@type":"EntryPoint","urlTemplate":"https:\/\/www.organisator.ch\/?s={search_term_string}"},"query-input":{"@type":"PropertyValueSpecification","valueRequired":true,"valueName":"search_term_string"}}],"inLanguage":"it-IT"},{"@type":"Organization","@id":"https:\/\/www.organisator.ch\/#organization","name":"Organizzatore","url":"https:\/\/www.organisator.ch\/","logo":{"@type":"ImageObject","inLanguage":"it-IT","@id":"https:\/\/www.organisator.ch\/#\/schema\/logo\/image\/","url":"https:\/\/www.organisator.ch\/wp-content\/uploads\/2022\/01\/Logo_Organisator_Website.png","contentUrl":"https:\/\/www.organisator.ch\/wp-content\/uploads\/2022\/01\/Logo_Organisator_Website.png","width":800,"height":77,"caption":"Organisator"},"image":{"@id":"https:\/\/www.organisator.ch\/#\/schema\/logo\/image\/"},"sameAs":["https:\/\/www.facebook.com\/OrganisatorFachmagazin","https:\/\/www.linkedin.com\/showcase\/organisator-das-magazin-fr-kmu","https:\/\/www.xing.com\/news\/pages\/organisator-ch-695","https:\/\/www.youtube.com\/channel\/UCGP2Sq0iWaZwT3BdIAQFYpw"]},{"@type":"Person","@id":"https:\/\/www.organisator.ch\/#\/schema\/person\/a800b8c54e208b160517a7dcc323161d","name":"roger.straessle","image":{"@type":"ImageObject","inLanguage":"it-IT","@id":"https:\/\/secure.gravatar.com\/avatar\/?s=96&d=mm&r=g","url":"https:\/\/secure.gravatar.com\/avatar\/?s=96&d=mm&r=g","contentUrl":"https:\/\/secure.gravatar.com\/avatar\/?s=96&d=mm&r=g","caption":"roger.straessle"},"url":"https:\/\/www.organisator.ch\/it\/author\/roger-straessle\/"}]}},"_links":{"self":[{"href":"https:\/\/www.organisator.ch\/it\/wp-json\/wp\/v2\/posts\/10304","targetHints":{"allow":["GET"]}}],"collection":[{"href":"https:\/\/www.organisator.ch\/it\/wp-json\/wp\/v2\/posts"}],"about":[{"href":"https:\/\/www.organisator.ch\/it\/wp-json\/wp\/v2\/types\/post"}],"author":[{"embeddable":true,"href":"https:\/\/www.organisator.ch\/it\/wp-json\/wp\/v2\/users\/6"}],"replies":[{"embeddable":true,"href":"https:\/\/www.organisator.ch\/it\/wp-json\/wp\/v2\/comments?post=10304"}],"version-history":[{"count":1,"href":"https:\/\/www.organisator.ch\/it\/wp-json\/wp\/v2\/posts\/10304\/revisions"}],"predecessor-version":[{"id":10645,"href":"https:\/\/www.organisator.ch\/it\/wp-json\/wp\/v2\/posts\/10304\/revisions\/10645"}],"wp:featuredmedia":[{"embeddable":true,"href":"https:\/\/www.organisator.ch\/it\/wp-json\/wp\/v2\/media\/9825"}],"wp:attachment":[{"href":"https:\/\/www.organisator.ch\/it\/wp-json\/wp\/v2\/media?parent=10304"}],"wp:term":[{"taxonomy":"category","embeddable":true,"href":"https:\/\/www.organisator.ch\/it\/wp-json\/wp\/v2\/categories?post=10304"},{"taxonomy":"post_tag","embeddable":true,"href":"https:\/\/www.organisator.ch\/it\/wp-json\/wp\/v2\/tags?post=10304"}],"curies":[{"name":"wp","href":"https:\/\/api.w.org\/{rel}","templated":true}]}}