{"id":10308,"date":"2021-08-05T14:42:59","date_gmt":"2021-08-05T12:42:59","guid":{"rendered":"https:\/\/www.umweltperspektiven.ch\/?p=4667"},"modified":"2021-08-05T14:42:59","modified_gmt":"2021-08-05T12:42:59","slug":"netto-null-gilt-auch-fuer-den-bodenschutz","status":"publish","type":"post","link":"https:\/\/www.organisator.ch\/it\/allgemein\/2021-08-05\/netto-null-gilt-auch-fuer-den-bodenschutz\/","title":{"rendered":"Net zero si applica anche alla protezione del suolo"},"content":{"rendered":"<figure id=\"attachment_4668\" aria-describedby=\"caption-attachment-4668\" style=\"width: 680px\" class=\"wp-caption alignnone\"><img loading=\"lazy\" decoding=\"async\" class=\"size-medium wp-image-4668\" src=\"\/\/www.umweltperspektiven.ch\/wp-content\/uploads\/2021\/08\/Foto-8.png\" alt=\"\" width=\"680\" height=\"425\" srcset=\"https:\/\/www.organisator.ch\/wp-content\/uploads\/2021\/08\/Foto-8.png 1024w, https:\/\/www.organisator.ch\/wp-content\/uploads\/2021\/08\/Foto-8-680x425.png 680w, https:\/\/www.organisator.ch\/wp-content\/uploads\/2021\/08\/Foto-8-768x480.png 768w, https:\/\/www.organisator.ch\/wp-content\/uploads\/2021\/08\/Foto-8-18x12.png 18w, https:\/\/www.organisator.ch\/wp-content\/uploads\/2021\/08\/Foto-8-280x175.png 280w, https:\/\/www.organisator.ch\/wp-content\/uploads\/2021\/08\/Foto-8-560x350.png 560w, https:\/\/www.organisator.ch\/wp-content\/uploads\/2021\/08\/Foto-8-920x575.png 920w, https:\/\/www.organisator.ch\/wp-content\/uploads\/2021\/08\/Foto-8-300x188.png 300w\" sizes=\"auto, (max-width: 680px) 100vw, 680px\" \/><figcaption id=\"caption-attachment-4668\" class=\"wp-caption-text\">Dovrebbe essere friabile e umido, il terreno ideale per essere trasformato in un'area di rotazione delle colture. \u00a9 Martin Bichsel<\/figcaption><\/figure>\n<p>Il suolo in Svizzera \u00e8 sottoposto a pressioni da pi\u00f9 parti a causa di attivit\u00e0 edilizie, erosione o sostanze inquinanti. Per contrastare questa situazione, nel 2020 il Consiglio federale ha adottato la Strategia per il suolo della Svizzera, specificandola con un pacchetto di misure. L'obiettivo principale \u00e8 garantire che entro il 2050 in Svizzera non si perda pi\u00f9 suolo netto.<\/p>\n<p>Nel nuovo numero <a href=\"\/\/www.are.admin.ch\/are\/de\/home\/medien-und-publikationen\/forum-raumentwicklung\/forum-raumentwicklung-1-21.html\">\"Forum Sviluppo Territoriale<\/a> dell'Ufficio federale dello sviluppo territoriale ARE mostra come lo sviluppo territoriale sostenibile possa contribuire a preservare il suolo a lungo termine. \"Net zero\" si applica quindi alla protezione del suolo dopo la protezione del clima - e questa politica parallela non \u00e8 casuale, chiarisce Damian Jerjen, direttore dell'Associazione per la pianificazione territoriale EspaceSuisse, nel suo contributo: \"La pianificazione territoriale ha la responsabilit\u00e0 di utilizzare i suoi strumenti per la protezione del clima e quindi anche per proteggere il suolo\". Da un lato, infatti, queste devono dare il massimo contributo alla protezione del clima. D'altra parte, aiutano ad adattarsi alle conseguenze inevitabili del cambiamento climatico.<\/p>\n<p>In passato, molte aree hanno perso qualit\u00e0 a causa dell'impatto umano. Tuttavia, i terreni danneggiati non scompaiono necessariamente per sempre dall'uso agricolo, come dimostra un testo del Cantone di Zurigo. Le aree indicative sistematicamente registrate per i suoli antropici elencano le aree in cui il suolo scavato pu\u00f2 essere riutilizzato ed eventualmente contribuire alla creazione di una nuova area di rotazione delle colture. Al contrario, la mappa consente di orientare la zonizzazione e i progetti edilizi in modo da risparmiare il pi\u00f9 possibile i suoli rimasti naturali.<\/p>\n<p>In un'intervista, Ad\u00e8le Thorens Goumaz, membro del Consiglio degli Stati (VD) ed esperta di questioni di biodiversit\u00e0, chiede di sviluppare maggiori competenze sulla qualit\u00e0 del suolo. Un altro punto cruciale \u00e8 la struttura decisionale decentrata, che comporta problemi nella pianificazione territoriale e nella gestione quantitativa del suolo. Thorens Goumaz suggerisce di accordarsi innanzitutto sull'agricoltura del futuro. \"Solo allora dovremmo lavorare sulla pianificazione territoriale, non il contrario\".<\/p>\n<p>Infine, il rapporto illustra come oggi, dopo la conclusione dei lavori della Galleria di base del Ceneri, si stia rinaturalizzando il cantiere utilizzato per 15 anni. Enormi masse di terra, che erano state accuratamente immagazzinate temporaneamente, vengono restituite al loro appezzamento originario, vengono ricostruite in un terreno fertile e possono essere nuovamente utilizzate per la coltivazione di ortaggi nel giro di pochi anni.<\/p>\n<p><em>Fonte: Ufficio federale dello sviluppo territoriale<\/em><\/p>\n<p>&nbsp;<\/p>","protected":false},"excerpt":{"rendered":"<p>Durch Baut\u00e4tigkeit, Erosion oder Schadstoffe wird der Boden in der Schweiz von vielen Seiten her belastet. Um diesem Umstand entgegenzuwirken, hat der Bundesrat 2020 die Bodenstrategie Schweiz verabschiedet und mit einem Massnahmenpaket konkretisiert. Das Kernanliegen ist es, dass in der Schweiz bis 2050 netto kein Boden mehr verloren geht. Im neuen Heft \u00abForum Raumentwicklung\u00bb des [&hellip;]<\/p>\n","protected":false},"author":6,"featured_media":4668,"comment_status":"closed","ping_status":"closed","sticky":false,"template":"","format":"standard","meta":{"_acf_changed":false,"_yoast_wpseo_focuskw":"Bodenschutz","_yoast_wpseo_metadesc":"Bodenschutz ist wichtig: Das neue Heft \u00abForum Raumentwicklung\u00bb zeigt, wie eine nachhaltige Raumentwicklung den Boden langfristig sch\u00fctzen kann.","articlekey":"","footnotes":""},"categories":[1],"tags":[858,859,1981],"class_list":["post-10308","post","type-post","status-publish","format-standard","has-post-thumbnail","hentry","category-allgemein","tag-boden","tag-bodenschutz","tag-raumplanung"],"acf":[],"yoast_head":"<!-- This site is optimized with the Yoast SEO plugin v27.5 - https:\/\/yoast.com\/product\/yoast-seo-wordpress\/ -->\n<title>Netto null gilt auch f\u00fcr den Bodenschutz - Organisator<\/title>\n<meta name=\"description\" content=\"Bodenschutz ist wichtig: Das neue Heft \u00abForum Raumentwicklung\u00bb zeigt, wie eine nachhaltige Raumentwicklung den Boden langfristig sch\u00fctzen kann.\" \/>\n<meta name=\"robots\" content=\"index, follow, max-snippet:-1, max-image-preview:large, max-video-preview:-1\" \/>\n<link rel=\"canonical\" href=\"https:\/\/www.organisator.ch\/it\/generale\/2021-08-05\/netto-null-gilt-auch-fuer-den-bodenschutz\/\" \/>\n<meta property=\"og:locale\" content=\"it_IT\" \/>\n<meta property=\"og:type\" content=\"article\" \/>\n<meta property=\"og:title\" content=\"Netto null gilt auch f\u00fcr den Bodenschutz - Organisator\" \/>\n<meta property=\"og:description\" content=\"Bodenschutz ist wichtig: Das neue Heft \u00abForum Raumentwicklung\u00bb zeigt, wie eine nachhaltige Raumentwicklung den Boden langfristig sch\u00fctzen kann.\" \/>\n<meta property=\"og:url\" content=\"https:\/\/www.organisator.ch\/it\/generale\/2021-08-05\/netto-null-gilt-auch-fuer-den-bodenschutz\/\" \/>\n<meta property=\"og:site_name\" content=\"Organisator\" \/>\n<meta property=\"article:publisher\" content=\"https:\/\/www.facebook.com\/OrganisatorFachmagazin\" \/>\n<meta property=\"article:published_time\" content=\"2021-08-05T12:42:59+00:00\" \/>\n<meta property=\"og:image\" content=\"https:\/\/www.organisator.ch\/wp-content\/uploads\/2021\/08\/Foto-8.png\" \/>\n\t<meta property=\"og:image:width\" content=\"1024\" \/>\n\t<meta property=\"og:image:height\" content=\"640\" \/>\n\t<meta property=\"og:image:type\" content=\"image\/png\" \/>\n<meta name=\"author\" content=\"roger.straessle\" \/>\n<meta name=\"twitter:card\" content=\"summary_large_image\" \/>\n<script type=\"application\/ld+json\" class=\"yoast-schema-graph\">{\"@context\":\"https:\\\/\\\/schema.org\",\"@graph\":[{\"@type\":\"Article\",\"@id\":\"https:\\\/\\\/www.organisator.ch\\\/en\\\/general\\\/2021-08-05\\\/netto-null-gilt-auch-fuer-den-bodenschutz\\\/#article\",\"isPartOf\":{\"@id\":\"https:\\\/\\\/www.organisator.ch\\\/en\\\/general\\\/2021-08-05\\\/netto-null-gilt-auch-fuer-den-bodenschutz\\\/\"},\"author\":{\"name\":\"roger.straessle\",\"@id\":\"https:\\\/\\\/www.organisator.ch\\\/#\\\/schema\\\/person\\\/a800b8c54e208b160517a7dcc323161d\"},\"headline\":\"Netto null gilt auch f\u00fcr den Bodenschutz\",\"datePublished\":\"2021-08-05T12:42:59+00:00\",\"mainEntityOfPage\":{\"@id\":\"https:\\\/\\\/www.organisator.ch\\\/en\\\/general\\\/2021-08-05\\\/netto-null-gilt-auch-fuer-den-bodenschutz\\\/\"},\"wordCount\":411,\"publisher\":{\"@id\":\"https:\\\/\\\/www.organisator.ch\\\/#organization\"},\"image\":{\"@id\":\"https:\\\/\\\/www.organisator.ch\\\/en\\\/general\\\/2021-08-05\\\/netto-null-gilt-auch-fuer-den-bodenschutz\\\/#primaryimage\"},\"thumbnailUrl\":\"https:\\\/\\\/www.organisator.ch\\\/wp-content\\\/uploads\\\/2021\\\/08\\\/Foto-8.png\",\"keywords\":[\"Boden\",\"Bodenschutz\",\"Raumplanung\"],\"articleSection\":[\"Allgemein\"],\"inLanguage\":\"it-IT\"},{\"@type\":\"WebPage\",\"@id\":\"https:\\\/\\\/www.organisator.ch\\\/en\\\/general\\\/2021-08-05\\\/netto-null-gilt-auch-fuer-den-bodenschutz\\\/\",\"url\":\"https:\\\/\\\/www.organisator.ch\\\/en\\\/general\\\/2021-08-05\\\/netto-null-gilt-auch-fuer-den-bodenschutz\\\/\",\"name\":\"Netto null gilt auch f\u00fcr den Bodenschutz - Organisator\",\"isPartOf\":{\"@id\":\"https:\\\/\\\/www.organisator.ch\\\/#website\"},\"primaryImageOfPage\":{\"@id\":\"https:\\\/\\\/www.organisator.ch\\\/en\\\/general\\\/2021-08-05\\\/netto-null-gilt-auch-fuer-den-bodenschutz\\\/#primaryimage\"},\"image\":{\"@id\":\"https:\\\/\\\/www.organisator.ch\\\/en\\\/general\\\/2021-08-05\\\/netto-null-gilt-auch-fuer-den-bodenschutz\\\/#primaryimage\"},\"thumbnailUrl\":\"https:\\\/\\\/www.organisator.ch\\\/wp-content\\\/uploads\\\/2021\\\/08\\\/Foto-8.png\",\"datePublished\":\"2021-08-05T12:42:59+00:00\",\"description\":\"Bodenschutz ist wichtig: Das neue Heft \u00abForum Raumentwicklung\u00bb zeigt, wie eine nachhaltige Raumentwicklung den Boden langfristig sch\u00fctzen kann.\",\"breadcrumb\":{\"@id\":\"https:\\\/\\\/www.organisator.ch\\\/en\\\/general\\\/2021-08-05\\\/netto-null-gilt-auch-fuer-den-bodenschutz\\\/#breadcrumb\"},\"inLanguage\":\"it-IT\",\"potentialAction\":[{\"@type\":\"ReadAction\",\"target\":[\"https:\\\/\\\/www.organisator.ch\\\/en\\\/general\\\/2021-08-05\\\/netto-null-gilt-auch-fuer-den-bodenschutz\\\/\"]}]},{\"@type\":\"ImageObject\",\"inLanguage\":\"it-IT\",\"@id\":\"https:\\\/\\\/www.organisator.ch\\\/en\\\/general\\\/2021-08-05\\\/netto-null-gilt-auch-fuer-den-bodenschutz\\\/#primaryimage\",\"url\":\"https:\\\/\\\/www.organisator.ch\\\/wp-content\\\/uploads\\\/2021\\\/08\\\/Foto-8.png\",\"contentUrl\":\"https:\\\/\\\/www.organisator.ch\\\/wp-content\\\/uploads\\\/2021\\\/08\\\/Foto-8.png\",\"width\":1024,\"height\":640,\"caption\":\"Kr\u00fcmelig und feucht soll sie sein, die ideale Erde, die wieder zu einer Fruchtfolgefl\u00e4che verbaut wird. \u00a9\"},{\"@type\":\"BreadcrumbList\",\"@id\":\"https:\\\/\\\/www.organisator.ch\\\/en\\\/general\\\/2021-08-05\\\/netto-null-gilt-auch-fuer-den-bodenschutz\\\/#breadcrumb\",\"itemListElement\":[{\"@type\":\"ListItem\",\"position\":1,\"name\":\"Home\",\"item\":\"https:\\\/\\\/www.organisator.ch\\\/\"},{\"@type\":\"ListItem\",\"position\":2,\"name\":\"Netto null gilt auch f\u00fcr den Bodenschutz\"}]},{\"@type\":\"WebSite\",\"@id\":\"https:\\\/\\\/www.organisator.ch\\\/#website\",\"url\":\"https:\\\/\\\/www.organisator.ch\\\/\",\"name\":\"Organisator\",\"description\":\"Kompetent. Praxisnah. Der ORGANISATOR bereitet in 10 Ausgaben pro Jahr die wesentlichen Themen f\u00fcr F\u00fchrungskr\u00e4fte von KMU auf.\",\"publisher\":{\"@id\":\"https:\\\/\\\/www.organisator.ch\\\/#organization\"},\"potentialAction\":[{\"@type\":\"SearchAction\",\"target\":{\"@type\":\"EntryPoint\",\"urlTemplate\":\"https:\\\/\\\/www.organisator.ch\\\/?s={search_term_string}\"},\"query-input\":{\"@type\":\"PropertyValueSpecification\",\"valueRequired\":true,\"valueName\":\"search_term_string\"}}],\"inLanguage\":\"it-IT\"},{\"@type\":\"Organization\",\"@id\":\"https:\\\/\\\/www.organisator.ch\\\/#organization\",\"name\":\"Organisator\",\"url\":\"https:\\\/\\\/www.organisator.ch\\\/\",\"logo\":{\"@type\":\"ImageObject\",\"inLanguage\":\"it-IT\",\"@id\":\"https:\\\/\\\/www.organisator.ch\\\/#\\\/schema\\\/logo\\\/image\\\/\",\"url\":\"https:\\\/\\\/www.organisator.ch\\\/wp-content\\\/uploads\\\/2022\\\/01\\\/Logo_Organisator_Website.png\",\"contentUrl\":\"https:\\\/\\\/www.organisator.ch\\\/wp-content\\\/uploads\\\/2022\\\/01\\\/Logo_Organisator_Website.png\",\"width\":800,\"height\":77,\"caption\":\"Organisator\"},\"image\":{\"@id\":\"https:\\\/\\\/www.organisator.ch\\\/#\\\/schema\\\/logo\\\/image\\\/\"},\"sameAs\":[\"https:\\\/\\\/www.facebook.com\\\/OrganisatorFachmagazin\",\"https:\\\/\\\/www.linkedin.com\\\/showcase\\\/organisator-das-magazin-fr-kmu\",\"https:\\\/\\\/www.xing.com\\\/news\\\/pages\\\/organisator-ch-695\",\"https:\\\/\\\/www.youtube.com\\\/channel\\\/UCGP2Sq0iWaZwT3BdIAQFYpw\"]},{\"@type\":\"Person\",\"@id\":\"https:\\\/\\\/www.organisator.ch\\\/#\\\/schema\\\/person\\\/a800b8c54e208b160517a7dcc323161d\",\"name\":\"roger.straessle\",\"image\":{\"@type\":\"ImageObject\",\"inLanguage\":\"it-IT\",\"@id\":\"https:\\\/\\\/secure.gravatar.com\\\/avatar\\\/?s=96&d=mm&r=g\",\"url\":\"https:\\\/\\\/secure.gravatar.com\\\/avatar\\\/?s=96&d=mm&r=g\",\"contentUrl\":\"https:\\\/\\\/secure.gravatar.com\\\/avatar\\\/?s=96&d=mm&r=g\",\"caption\":\"roger.straessle\"},\"url\":\"https:\\\/\\\/www.organisator.ch\\\/it\\\/author\\\/roger-straessle\\\/\"}]}<\/script>\n<!-- \/ Yoast SEO plugin. -->","yoast_head_json":{"title":"Net zero si applica anche alla protezione del suolo - Organizzatore","description":"La protezione del suolo \u00e8 importante: il nuovo opuscolo \"Forum Spatial Development\" mostra come lo sviluppo territoriale sostenibile possa proteggere il suolo a lungo termine.","robots":{"index":"index","follow":"follow","max-snippet":"max-snippet:-1","max-image-preview":"max-image-preview:large","max-video-preview":"max-video-preview:-1"},"canonical":"https:\/\/www.organisator.ch\/it\/generale\/2021-08-05\/netto-null-gilt-auch-fuer-den-bodenschutz\/","og_locale":"it_IT","og_type":"article","og_title":"Netto null gilt auch f\u00fcr den Bodenschutz - Organisator","og_description":"Bodenschutz ist wichtig: Das neue Heft \u00abForum Raumentwicklung\u00bb zeigt, wie eine nachhaltige Raumentwicklung den Boden langfristig sch\u00fctzen kann.","og_url":"https:\/\/www.organisator.ch\/it\/generale\/2021-08-05\/netto-null-gilt-auch-fuer-den-bodenschutz\/","og_site_name":"Organisator","article_publisher":"https:\/\/www.facebook.com\/OrganisatorFachmagazin","article_published_time":"2021-08-05T12:42:59+00:00","og_image":[{"width":1024,"height":640,"url":"https:\/\/www.organisator.ch\/wp-content\/uploads\/2021\/08\/Foto-8.png","type":"image\/png"}],"author":"roger.straessle","twitter_card":"summary_large_image","schema":{"@context":"https:\/\/schema.org","@graph":[{"@type":"Article","@id":"https:\/\/www.organisator.ch\/en\/general\/2021-08-05\/netto-null-gilt-auch-fuer-den-bodenschutz\/#article","isPartOf":{"@id":"https:\/\/www.organisator.ch\/en\/general\/2021-08-05\/netto-null-gilt-auch-fuer-den-bodenschutz\/"},"author":{"name":"roger.straessle","@id":"https:\/\/www.organisator.ch\/#\/schema\/person\/a800b8c54e208b160517a7dcc323161d"},"headline":"Netto null gilt auch f\u00fcr den Bodenschutz","datePublished":"2021-08-05T12:42:59+00:00","mainEntityOfPage":{"@id":"https:\/\/www.organisator.ch\/en\/general\/2021-08-05\/netto-null-gilt-auch-fuer-den-bodenschutz\/"},"wordCount":411,"publisher":{"@id":"https:\/\/www.organisator.ch\/#organization"},"image":{"@id":"https:\/\/www.organisator.ch\/en\/general\/2021-08-05\/netto-null-gilt-auch-fuer-den-bodenschutz\/#primaryimage"},"thumbnailUrl":"https:\/\/www.organisator.ch\/wp-content\/uploads\/2021\/08\/Foto-8.png","keywords":["Boden","Bodenschutz","Raumplanung"],"articleSection":["Allgemein"],"inLanguage":"it-IT"},{"@type":"WebPage","@id":"https:\/\/www.organisator.ch\/en\/general\/2021-08-05\/netto-null-gilt-auch-fuer-den-bodenschutz\/","url":"https:\/\/www.organisator.ch\/en\/general\/2021-08-05\/netto-null-gilt-auch-fuer-den-bodenschutz\/","name":"Net zero si applica anche alla protezione del suolo - Organizzatore","isPartOf":{"@id":"https:\/\/www.organisator.ch\/#website"},"primaryImageOfPage":{"@id":"https:\/\/www.organisator.ch\/en\/general\/2021-08-05\/netto-null-gilt-auch-fuer-den-bodenschutz\/#primaryimage"},"image":{"@id":"https:\/\/www.organisator.ch\/en\/general\/2021-08-05\/netto-null-gilt-auch-fuer-den-bodenschutz\/#primaryimage"},"thumbnailUrl":"https:\/\/www.organisator.ch\/wp-content\/uploads\/2021\/08\/Foto-8.png","datePublished":"2021-08-05T12:42:59+00:00","description":"La protezione del suolo \u00e8 importante: il nuovo opuscolo \"Forum Spatial Development\" mostra come lo sviluppo territoriale sostenibile possa proteggere il suolo a lungo termine.","breadcrumb":{"@id":"https:\/\/www.organisator.ch\/en\/general\/2021-08-05\/netto-null-gilt-auch-fuer-den-bodenschutz\/#breadcrumb"},"inLanguage":"it-IT","potentialAction":[{"@type":"ReadAction","target":["https:\/\/www.organisator.ch\/en\/general\/2021-08-05\/netto-null-gilt-auch-fuer-den-bodenschutz\/"]}]},{"@type":"ImageObject","inLanguage":"it-IT","@id":"https:\/\/www.organisator.ch\/en\/general\/2021-08-05\/netto-null-gilt-auch-fuer-den-bodenschutz\/#primaryimage","url":"https:\/\/www.organisator.ch\/wp-content\/uploads\/2021\/08\/Foto-8.png","contentUrl":"https:\/\/www.organisator.ch\/wp-content\/uploads\/2021\/08\/Foto-8.png","width":1024,"height":640,"caption":"Kr\u00fcmelig und feucht soll sie sein, die ideale Erde, die wieder zu einer Fruchtfolgefl\u00e4che verbaut wird. \u00a9"},{"@type":"BreadcrumbList","@id":"https:\/\/www.organisator.ch\/en\/general\/2021-08-05\/netto-null-gilt-auch-fuer-den-bodenschutz\/#breadcrumb","itemListElement":[{"@type":"ListItem","position":1,"name":"Home","item":"https:\/\/www.organisator.ch\/"},{"@type":"ListItem","position":2,"name":"Netto null gilt auch f\u00fcr den Bodenschutz"}]},{"@type":"WebSite","@id":"https:\/\/www.organisator.ch\/#website","url":"https:\/\/www.organisator.ch\/","name":"Organizzatore","description":"Competente. Pratico. In 10 numeri all'anno, ORGANISATOR presenta i temi essenziali per i manager delle PMI.","publisher":{"@id":"https:\/\/www.organisator.ch\/#organization"},"potentialAction":[{"@type":"SearchAction","target":{"@type":"EntryPoint","urlTemplate":"https:\/\/www.organisator.ch\/?s={search_term_string}"},"query-input":{"@type":"PropertyValueSpecification","valueRequired":true,"valueName":"search_term_string"}}],"inLanguage":"it-IT"},{"@type":"Organization","@id":"https:\/\/www.organisator.ch\/#organization","name":"Organizzatore","url":"https:\/\/www.organisator.ch\/","logo":{"@type":"ImageObject","inLanguage":"it-IT","@id":"https:\/\/www.organisator.ch\/#\/schema\/logo\/image\/","url":"https:\/\/www.organisator.ch\/wp-content\/uploads\/2022\/01\/Logo_Organisator_Website.png","contentUrl":"https:\/\/www.organisator.ch\/wp-content\/uploads\/2022\/01\/Logo_Organisator_Website.png","width":800,"height":77,"caption":"Organisator"},"image":{"@id":"https:\/\/www.organisator.ch\/#\/schema\/logo\/image\/"},"sameAs":["https:\/\/www.facebook.com\/OrganisatorFachmagazin","https:\/\/www.linkedin.com\/showcase\/organisator-das-magazin-fr-kmu","https:\/\/www.xing.com\/news\/pages\/organisator-ch-695","https:\/\/www.youtube.com\/channel\/UCGP2Sq0iWaZwT3BdIAQFYpw"]},{"@type":"Person","@id":"https:\/\/www.organisator.ch\/#\/schema\/person\/a800b8c54e208b160517a7dcc323161d","name":"roger.straessle","image":{"@type":"ImageObject","inLanguage":"it-IT","@id":"https:\/\/secure.gravatar.com\/avatar\/?s=96&d=mm&r=g","url":"https:\/\/secure.gravatar.com\/avatar\/?s=96&d=mm&r=g","contentUrl":"https:\/\/secure.gravatar.com\/avatar\/?s=96&d=mm&r=g","caption":"roger.straessle"},"url":"https:\/\/www.organisator.ch\/it\/author\/roger-straessle\/"}]}},"_links":{"self":[{"href":"https:\/\/www.organisator.ch\/it\/wp-json\/wp\/v2\/posts\/10308","targetHints":{"allow":["GET"]}}],"collection":[{"href":"https:\/\/www.organisator.ch\/it\/wp-json\/wp\/v2\/posts"}],"about":[{"href":"https:\/\/www.organisator.ch\/it\/wp-json\/wp\/v2\/types\/post"}],"author":[{"embeddable":true,"href":"https:\/\/www.organisator.ch\/it\/wp-json\/wp\/v2\/users\/6"}],"replies":[{"embeddable":true,"href":"https:\/\/www.organisator.ch\/it\/wp-json\/wp\/v2\/comments?post=10308"}],"version-history":[{"count":0,"href":"https:\/\/www.organisator.ch\/it\/wp-json\/wp\/v2\/posts\/10308\/revisions"}],"wp:featuredmedia":[{"embeddable":true,"href":"https:\/\/www.organisator.ch\/it\/wp-json\/wp\/v2\/media\/4668"}],"wp:attachment":[{"href":"https:\/\/www.organisator.ch\/it\/wp-json\/wp\/v2\/media?parent=10308"}],"wp:term":[{"taxonomy":"category","embeddable":true,"href":"https:\/\/www.organisator.ch\/it\/wp-json\/wp\/v2\/categories?post=10308"},{"taxonomy":"post_tag","embeddable":true,"href":"https:\/\/www.organisator.ch\/it\/wp-json\/wp\/v2\/tags?post=10308"}],"curies":[{"name":"wp","href":"https:\/\/api.w.org\/{rel}","templated":true}]}}