{"id":10327,"date":"2021-09-17T16:09:04","date_gmt":"2021-09-17T14:09:04","guid":{"rendered":"https:\/\/www.umweltperspektiven.ch\/?p=4898"},"modified":"2021-09-17T16:09:04","modified_gmt":"2021-09-17T14:09:04","slug":"weichen-fuer-neue-co2-gesetzesvorlage-gestellt","status":"publish","type":"post","link":"https:\/\/www.organisator.ch\/it\/allgemein\/2021-09-17\/weichen-fuer-neue-co2-gesetzesvorlage-gestellt\/","title":{"rendered":"Corso fissato per la nuova legge sul CO2"},"content":{"rendered":"<figure id=\"attachment_4899\" aria-describedby=\"caption-attachment-4899\" style=\"width: 680px\" class=\"wp-caption aligncenter\"><img loading=\"lazy\" decoding=\"async\" class=\"size-medium wp-image-4899\" src=\"\/\/www.umweltperspektiven.ch\/wp-content\/uploads\/2021\/09\/Depositphotos_13494714_s-2019.jpg\" alt=\"Legge sul CO2\" width=\"680\" height=\"510\" \/><figcaption id=\"caption-attachment-4899\" class=\"wp-caption-text\">\u00a9 Depositphotos, bluecups<\/figcaption><\/figure>\n<p>Il 17 settembre, il Consiglio federale ha deciso l'ulteriore corso della politica climatica. Questo si basava su un'analisi del risultato del voto sulla legge riveduta sul CO2, secondo la quale le preoccupazioni per l'aumento dei costi, in particolare il possibile aumento del prezzo della benzina, hanno generalmente portato al suo rifiuto, come si legge nel comunicato stampa. Il Consiglio federale \u00e8 stato anche informato dal Dipartimento federale dei trasporti sulle discussioni con varie associazioni che l'Ufficio federale ha tenuto in seguito alla votazione del 13 giugno.<\/p>\n<p>L'attuale legge sul CO2 richiede che il Consiglio federale presenti in tempo utile al Parlamento proposte sugli obiettivi di riduzione per il periodo dopo il 2020 e quindi anche misure aggiuntive. Ha quindi incaricato il Dipartimento federale dell'ambiente, dei trasporti, dell'energia e delle comunicazioni (DATEC) di preparare entro la fine dell'anno un progetto di consultazione che tenga conto del risultato del referendum e che sia adatto a creare la base pi\u00f9 ampia possibile per la futura politica climatica. Secondo il governo federale, l'accento dovrebbe essere posto su misure che permettono alla popolazione di ridurre le emissioni di CO2 nella vita quotidiana e che sostengono gli sforzi continui delle varie industrie.<\/p>\n<p>La futura politica climatica dovrebbe essere basata su un mix di strumenti: L'effetto di indirizzo della tassa sul CO2 deve essere completato da incentivi efficaci e da una promozione mirata.<\/p>\n<p><strong>Parametri di riferimento della revisione<\/strong><\/p>\n<p>Per l'ulteriore lavoro, il Consiglio federale ha adottato una serie di parametri di riferimento.<\/p>\n<ul>\n<li>Il progetto di legge si basa sull'attuale legge sul CO2. Gli strumenti esistenti saranno portati avanti.<\/li>\n<li>Il disegno di legge \u00e8 destinato a cavarsela senza nuovi prelievi. Nel caso in cui siano necessari fondi aggiuntivi nel settore degli edifici, il DATEC sta considerando di adeguare temporaneamente la destinazione della tassa sul CO2.<\/li>\n<li>I fondi dei vari strumenti di politica climatica dovrebbero in linea di principio andare a beneficio dei settori da cui provengono i fondi.<\/li>\n<li>Per evitare investimenti sbagliati e rafforzare gli sviluppi in corso, il progetto di legge mira a creare vari incentivi finanziari. Chiunque voglia comprare un camion a idrogeno oggi, per esempio, ha bisogno di sapere per quanto tempo le unit\u00e0 alternative rimarranno esenti dalla HVF. Il nuovo disegno di legge mira a creare certezza giuridica per l'industria con un'esenzione temporanea a livello legislativo.<\/li>\n<li>Ulteriori misure di sostegno sono destinate a sostenere gli sforzi continui della popolazione e delle rispettive industrie.<br \/>\n1. nel settore dell'edilizia, la sostituzione dei vecchi sistemi di riscaldamento a olio e a gas ricever\u00e0 un sostegno finanziario supplementare.<br \/>\n2 Nel settore della mobilit\u00e0, si deve promuovere l'espansione dell'infrastruttura per le auto elettriche. Questi saranno completati<br \/>\nadeguando i valori obiettivo di CO2 per le importazioni di veicoli.<br \/>\nNel trasporto pubblico, il privilegio fiscale per gli autobus diesel sar\u00e0 gradualmente abolito. Il risultante<br \/>\nLe entrate supplementari saranno destinate all'acquisto di autobus elettrici per il trasporto locale e regionale.<br \/>\ndiventare.<\/li>\n<li>Di recente, altre aziende potranno esentarsi dalla tassa sul CO2 se, in cambio, si impegnano a ridurre le loro emissioni. Oggi, la possibilit\u00e0 di esenzione \u00e8 limitata a singoli settori.<\/li>\n<li>Nel settore dell'aviazione, una quota di miscelazione per i carburanti sostenibili deve essere introdotta in linea con gli sviluppi nell'UE. Inoltre, si esaminer\u00e0 se l'introduzione di una proporzione minima di carburanti sostenibili debba essere accompagnata da un sostegno finanziario o da incentivi finanziari per le compagnie aeree.<\/li>\n<\/ul>\n<p>Le varie misure, insieme al progresso tecnologico e alla dinamica dei vari settori, permettono di aderire all'obiettivo di riduzione del 50 per cento entro il 2030. L'esatta relazione tra compensazioni nazionali ed estere rimane da determinare. Con la conclusione di diversi accordi bilaterali, la Svizzera ha creato le condizioni per progetti di compensazione all'estero.<\/p>\n<p>Gli sforzi nel settore del clima sono accompagnati da misure mirate nel settore energetico. Nella sua riunione del 18 giugno 2021, il Consiglio federale ha adottato il messaggio relativo alla legge federale sull'approvvigionamento elettrico sicuro con energie rinnovabili. Con questo progetto di legge, il Consiglio federale intende rafforzare l'espansione delle energie rinnovabili nazionali e la sicurezza dell'approvvigionamento della Svizzera.<\/p>\n<p><em>Fonte: Confederazione<\/em><\/p>\n<blockquote><p><strong>Esenzione dalla tassa sul CO2 ancora possibile<\/strong><\/p>\n<p>Il Consiglio federale \u00e8 favorevole alla continuazione degli strumenti dell'attuale legge sul CO2, che sono limitati fino al 2021, fino alla fine del 2024. Lo ha dichiarato il 17 settembre 2021 nella sua presa di posizione sul rapporto dell'Urek-N sull'iniziativa parlamentare 21.477 \"Proroga dell'obiettivo di riduzione dell'attuale legge sul CO2\". Con la proposta di modifica della legge sul CO2, l'obiettivo climatico della Svizzera sar\u00e0 esteso fino al 2024. Le aziende svizzere dovrebbero anche poter continuare ad essere esentate dalla tassa sul CO2. L'obbligo degli importatori di carburante di compensare le emissioni dei trasporti con progetti di protezione del clima in patria e ora anche all'estero sarebbe anche esteso. (cfr. <a href=\"\/\/ww.admin.ch\/gov\/de\/start\/dokumentation\/medienmitteilungen.msg-id-85136.html\">qui<\/a>)<\/p><\/blockquote>","protected":false},"excerpt":{"rendered":"<p>Der Bundesrat hat am 17. September \u00fcber das weitere Vorgehen in der Klimapolitik entschieden. Das ist gest\u00fctzt auf eine Analyse des Abstimmungsergebnisses zum revidierten CO2-Gesetz erfolgt, wonach generell die Sorge vor steigenden Kosten, insbesondere die m\u00f6gliche Erh\u00f6hung des Benzinpreises, zur Ablehnung gef\u00fchrt hat, wie es in der Medienmitteilung heisst. Der Bundesrat habe sich zudem vom [&hellip;]<\/p>\n","protected":false},"author":6,"featured_media":9853,"comment_status":"closed","ping_status":"closed","sticky":false,"template":"","format":"standard","meta":{"_acf_changed":false,"_yoast_wpseo_focuskw":"CO2-Gesetz","_yoast_wpseo_metadesc":"Der Bundesrat hat die Weichen f\u00fcr eine neue Gesetzesvorlage gestellt. Bis Ende Jahr soll ein Vorschlag in Vernehmlassung gehen, wie mitgeteilt wurde.","articlekey":"","footnotes":""},"categories":[1],"tags":[597,2460],"class_list":["post-10327","post","type-post","status-publish","format-standard","has-post-thumbnail","hentry","category-allgemein","tag-co2-gesetz","tag-vernehmlassung"],"acf":[],"yoast_head":"<!-- This site is optimized with the Yoast SEO plugin v27.5 - https:\/\/yoast.com\/product\/yoast-seo-wordpress\/ -->\n<title>Weichen f\u00fcr neue CO2-Gesetzesvorlage gestellt - Organisator<\/title>\n<meta name=\"description\" content=\"Der Bundesrat hat die Weichen f\u00fcr eine neue Gesetzesvorlage gestellt. Bis Ende Jahr soll ein Vorschlag in Vernehmlassung gehen, wie mitgeteilt wurde.\" \/>\n<meta name=\"robots\" content=\"index, follow, max-snippet:-1, max-image-preview:large, max-video-preview:-1\" \/>\n<link rel=\"canonical\" href=\"https:\/\/www.organisator.ch\/it\/generale\/2021-09-17\/weichen-fuer-neue-co2-gesetzesvorlage-gestellt\/\" \/>\n<meta property=\"og:locale\" content=\"it_IT\" \/>\n<meta property=\"og:type\" content=\"article\" \/>\n<meta property=\"og:title\" content=\"Weichen f\u00fcr neue CO2-Gesetzesvorlage gestellt - Organisator\" \/>\n<meta property=\"og:description\" content=\"Der Bundesrat hat die Weichen f\u00fcr eine neue Gesetzesvorlage gestellt. Bis Ende Jahr soll ein Vorschlag in Vernehmlassung gehen, wie mitgeteilt wurde.\" \/>\n<meta property=\"og:url\" content=\"https:\/\/www.organisator.ch\/it\/generale\/2021-09-17\/weichen-fuer-neue-co2-gesetzesvorlage-gestellt\/\" \/>\n<meta property=\"og:site_name\" content=\"Organisator\" \/>\n<meta property=\"article:publisher\" content=\"https:\/\/www.facebook.com\/OrganisatorFachmagazin\" \/>\n<meta property=\"article:published_time\" content=\"2021-09-17T14:09:04+00:00\" \/>\n<meta property=\"og:image\" content=\"https:\/\/www.organisator.ch\/wp-content\/uploads\/2021\/09\/Depositphotos_13494714_s-2019.jpg\" \/>\n\t<meta property=\"og:image:width\" content=\"1000\" \/>\n\t<meta property=\"og:image:height\" content=\"750\" \/>\n\t<meta property=\"og:image:type\" content=\"image\/jpeg\" \/>\n<meta name=\"author\" content=\"roger.straessle\" \/>\n<meta name=\"twitter:card\" content=\"summary_large_image\" \/>\n<script type=\"application\/ld+json\" class=\"yoast-schema-graph\">{\"@context\":\"https:\\\/\\\/schema.org\",\"@graph\":[{\"@type\":\"Article\",\"@id\":\"https:\\\/\\\/www.organisator.ch\\\/fr\\\/general\\\/2021-09-17\\\/weichen-fuer-neue-co2-gesetzesvorlage-gestellt\\\/#article\",\"isPartOf\":{\"@id\":\"https:\\\/\\\/www.organisator.ch\\\/fr\\\/general\\\/2021-09-17\\\/weichen-fuer-neue-co2-gesetzesvorlage-gestellt\\\/\"},\"author\":{\"name\":\"roger.straessle\",\"@id\":\"https:\\\/\\\/www.organisator.ch\\\/#\\\/schema\\\/person\\\/a800b8c54e208b160517a7dcc323161d\"},\"headline\":\"Weichen f\u00fcr neue CO2-Gesetzesvorlage gestellt\",\"datePublished\":\"2021-09-17T14:09:04+00:00\",\"mainEntityOfPage\":{\"@id\":\"https:\\\/\\\/www.organisator.ch\\\/fr\\\/general\\\/2021-09-17\\\/weichen-fuer-neue-co2-gesetzesvorlage-gestellt\\\/\"},\"wordCount\":745,\"publisher\":{\"@id\":\"https:\\\/\\\/www.organisator.ch\\\/#organization\"},\"image\":{\"@id\":\"https:\\\/\\\/www.organisator.ch\\\/fr\\\/general\\\/2021-09-17\\\/weichen-fuer-neue-co2-gesetzesvorlage-gestellt\\\/#primaryimage\"},\"thumbnailUrl\":\"https:\\\/\\\/www.organisator.ch\\\/wp-content\\\/uploads\\\/2021\\\/09\\\/Depositphotos_13494714_s-2019.jpg\",\"keywords\":[\"CO2-Gesetz\",\"Vernehmlassung\"],\"articleSection\":[\"Allgemein\"],\"inLanguage\":\"it-IT\"},{\"@type\":\"WebPage\",\"@id\":\"https:\\\/\\\/www.organisator.ch\\\/fr\\\/general\\\/2021-09-17\\\/weichen-fuer-neue-co2-gesetzesvorlage-gestellt\\\/\",\"url\":\"https:\\\/\\\/www.organisator.ch\\\/fr\\\/general\\\/2021-09-17\\\/weichen-fuer-neue-co2-gesetzesvorlage-gestellt\\\/\",\"name\":\"Weichen f\u00fcr neue CO2-Gesetzesvorlage gestellt - Organisator\",\"isPartOf\":{\"@id\":\"https:\\\/\\\/www.organisator.ch\\\/#website\"},\"primaryImageOfPage\":{\"@id\":\"https:\\\/\\\/www.organisator.ch\\\/fr\\\/general\\\/2021-09-17\\\/weichen-fuer-neue-co2-gesetzesvorlage-gestellt\\\/#primaryimage\"},\"image\":{\"@id\":\"https:\\\/\\\/www.organisator.ch\\\/fr\\\/general\\\/2021-09-17\\\/weichen-fuer-neue-co2-gesetzesvorlage-gestellt\\\/#primaryimage\"},\"thumbnailUrl\":\"https:\\\/\\\/www.organisator.ch\\\/wp-content\\\/uploads\\\/2021\\\/09\\\/Depositphotos_13494714_s-2019.jpg\",\"datePublished\":\"2021-09-17T14:09:04+00:00\",\"description\":\"Der Bundesrat hat die Weichen f\u00fcr eine neue Gesetzesvorlage gestellt. Bis Ende Jahr soll ein Vorschlag in Vernehmlassung gehen, wie mitgeteilt wurde.\",\"breadcrumb\":{\"@id\":\"https:\\\/\\\/www.organisator.ch\\\/fr\\\/general\\\/2021-09-17\\\/weichen-fuer-neue-co2-gesetzesvorlage-gestellt\\\/#breadcrumb\"},\"inLanguage\":\"it-IT\",\"potentialAction\":[{\"@type\":\"ReadAction\",\"target\":[\"https:\\\/\\\/www.organisator.ch\\\/fr\\\/general\\\/2021-09-17\\\/weichen-fuer-neue-co2-gesetzesvorlage-gestellt\\\/\"]}]},{\"@type\":\"ImageObject\",\"inLanguage\":\"it-IT\",\"@id\":\"https:\\\/\\\/www.organisator.ch\\\/fr\\\/general\\\/2021-09-17\\\/weichen-fuer-neue-co2-gesetzesvorlage-gestellt\\\/#primaryimage\",\"url\":\"https:\\\/\\\/www.organisator.ch\\\/wp-content\\\/uploads\\\/2021\\\/09\\\/Depositphotos_13494714_s-2019.jpg\",\"contentUrl\":\"https:\\\/\\\/www.organisator.ch\\\/wp-content\\\/uploads\\\/2021\\\/09\\\/Depositphotos_13494714_s-2019.jpg\",\"width\":1000,\"height\":750,\"caption\":\"\u00a9 Depositphotos, bluecups\"},{\"@type\":\"BreadcrumbList\",\"@id\":\"https:\\\/\\\/www.organisator.ch\\\/fr\\\/general\\\/2021-09-17\\\/weichen-fuer-neue-co2-gesetzesvorlage-gestellt\\\/#breadcrumb\",\"itemListElement\":[{\"@type\":\"ListItem\",\"position\":1,\"name\":\"Home\",\"item\":\"https:\\\/\\\/www.organisator.ch\\\/\"},{\"@type\":\"ListItem\",\"position\":2,\"name\":\"Weichen f\u00fcr neue CO2-Gesetzesvorlage gestellt\"}]},{\"@type\":\"WebSite\",\"@id\":\"https:\\\/\\\/www.organisator.ch\\\/#website\",\"url\":\"https:\\\/\\\/www.organisator.ch\\\/\",\"name\":\"Organisator\",\"description\":\"Kompetent. Praxisnah. Der ORGANISATOR bereitet in 10 Ausgaben pro Jahr die wesentlichen Themen f\u00fcr F\u00fchrungskr\u00e4fte von KMU auf.\",\"publisher\":{\"@id\":\"https:\\\/\\\/www.organisator.ch\\\/#organization\"},\"potentialAction\":[{\"@type\":\"SearchAction\",\"target\":{\"@type\":\"EntryPoint\",\"urlTemplate\":\"https:\\\/\\\/www.organisator.ch\\\/?s={search_term_string}\"},\"query-input\":{\"@type\":\"PropertyValueSpecification\",\"valueRequired\":true,\"valueName\":\"search_term_string\"}}],\"inLanguage\":\"it-IT\"},{\"@type\":\"Organization\",\"@id\":\"https:\\\/\\\/www.organisator.ch\\\/#organization\",\"name\":\"Organisator\",\"url\":\"https:\\\/\\\/www.organisator.ch\\\/\",\"logo\":{\"@type\":\"ImageObject\",\"inLanguage\":\"it-IT\",\"@id\":\"https:\\\/\\\/www.organisator.ch\\\/#\\\/schema\\\/logo\\\/image\\\/\",\"url\":\"https:\\\/\\\/www.organisator.ch\\\/wp-content\\\/uploads\\\/2022\\\/01\\\/Logo_Organisator_Website.png\",\"contentUrl\":\"https:\\\/\\\/www.organisator.ch\\\/wp-content\\\/uploads\\\/2022\\\/01\\\/Logo_Organisator_Website.png\",\"width\":800,\"height\":77,\"caption\":\"Organisator\"},\"image\":{\"@id\":\"https:\\\/\\\/www.organisator.ch\\\/#\\\/schema\\\/logo\\\/image\\\/\"},\"sameAs\":[\"https:\\\/\\\/www.facebook.com\\\/OrganisatorFachmagazin\",\"https:\\\/\\\/www.linkedin.com\\\/showcase\\\/organisator-das-magazin-fr-kmu\",\"https:\\\/\\\/www.xing.com\\\/news\\\/pages\\\/organisator-ch-695\",\"https:\\\/\\\/www.youtube.com\\\/channel\\\/UCGP2Sq0iWaZwT3BdIAQFYpw\"]},{\"@type\":\"Person\",\"@id\":\"https:\\\/\\\/www.organisator.ch\\\/#\\\/schema\\\/person\\\/a800b8c54e208b160517a7dcc323161d\",\"name\":\"roger.straessle\",\"image\":{\"@type\":\"ImageObject\",\"inLanguage\":\"it-IT\",\"@id\":\"https:\\\/\\\/secure.gravatar.com\\\/avatar\\\/?s=96&d=mm&r=g\",\"url\":\"https:\\\/\\\/secure.gravatar.com\\\/avatar\\\/?s=96&d=mm&r=g\",\"contentUrl\":\"https:\\\/\\\/secure.gravatar.com\\\/avatar\\\/?s=96&d=mm&r=g\",\"caption\":\"roger.straessle\"},\"url\":\"https:\\\/\\\/www.organisator.ch\\\/it\\\/author\\\/roger-straessle\\\/\"}]}<\/script>\n<!-- \/ Yoast SEO plugin. -->","yoast_head_json":{"title":"Corso di formazione per la nuova legge sulla CO2 - Organizzatore","description":"Il Consiglio federale ha stabilito il percorso per una nuova legge. \u00c8 stato annunciato che una proposta sar\u00e0 sottoposta a consultazione entro la fine dell'anno.","robots":{"index":"index","follow":"follow","max-snippet":"max-snippet:-1","max-image-preview":"max-image-preview:large","max-video-preview":"max-video-preview:-1"},"canonical":"https:\/\/www.organisator.ch\/it\/generale\/2021-09-17\/weichen-fuer-neue-co2-gesetzesvorlage-gestellt\/","og_locale":"it_IT","og_type":"article","og_title":"Weichen f\u00fcr neue CO2-Gesetzesvorlage gestellt - Organisator","og_description":"Der Bundesrat hat die Weichen f\u00fcr eine neue Gesetzesvorlage gestellt. Bis Ende Jahr soll ein Vorschlag in Vernehmlassung gehen, wie mitgeteilt wurde.","og_url":"https:\/\/www.organisator.ch\/it\/generale\/2021-09-17\/weichen-fuer-neue-co2-gesetzesvorlage-gestellt\/","og_site_name":"Organisator","article_publisher":"https:\/\/www.facebook.com\/OrganisatorFachmagazin","article_published_time":"2021-09-17T14:09:04+00:00","og_image":[{"width":1000,"height":750,"url":"https:\/\/www.organisator.ch\/wp-content\/uploads\/2021\/09\/Depositphotos_13494714_s-2019.jpg","type":"image\/jpeg"}],"author":"roger.straessle","twitter_card":"summary_large_image","schema":{"@context":"https:\/\/schema.org","@graph":[{"@type":"Article","@id":"https:\/\/www.organisator.ch\/fr\/general\/2021-09-17\/weichen-fuer-neue-co2-gesetzesvorlage-gestellt\/#article","isPartOf":{"@id":"https:\/\/www.organisator.ch\/fr\/general\/2021-09-17\/weichen-fuer-neue-co2-gesetzesvorlage-gestellt\/"},"author":{"name":"roger.straessle","@id":"https:\/\/www.organisator.ch\/#\/schema\/person\/a800b8c54e208b160517a7dcc323161d"},"headline":"Weichen f\u00fcr neue CO2-Gesetzesvorlage gestellt","datePublished":"2021-09-17T14:09:04+00:00","mainEntityOfPage":{"@id":"https:\/\/www.organisator.ch\/fr\/general\/2021-09-17\/weichen-fuer-neue-co2-gesetzesvorlage-gestellt\/"},"wordCount":745,"publisher":{"@id":"https:\/\/www.organisator.ch\/#organization"},"image":{"@id":"https:\/\/www.organisator.ch\/fr\/general\/2021-09-17\/weichen-fuer-neue-co2-gesetzesvorlage-gestellt\/#primaryimage"},"thumbnailUrl":"https:\/\/www.organisator.ch\/wp-content\/uploads\/2021\/09\/Depositphotos_13494714_s-2019.jpg","keywords":["CO2-Gesetz","Vernehmlassung"],"articleSection":["Allgemein"],"inLanguage":"it-IT"},{"@type":"WebPage","@id":"https:\/\/www.organisator.ch\/fr\/general\/2021-09-17\/weichen-fuer-neue-co2-gesetzesvorlage-gestellt\/","url":"https:\/\/www.organisator.ch\/fr\/general\/2021-09-17\/weichen-fuer-neue-co2-gesetzesvorlage-gestellt\/","name":"Corso di formazione per la nuova legge sulla CO2 - Organizzatore","isPartOf":{"@id":"https:\/\/www.organisator.ch\/#website"},"primaryImageOfPage":{"@id":"https:\/\/www.organisator.ch\/fr\/general\/2021-09-17\/weichen-fuer-neue-co2-gesetzesvorlage-gestellt\/#primaryimage"},"image":{"@id":"https:\/\/www.organisator.ch\/fr\/general\/2021-09-17\/weichen-fuer-neue-co2-gesetzesvorlage-gestellt\/#primaryimage"},"thumbnailUrl":"https:\/\/www.organisator.ch\/wp-content\/uploads\/2021\/09\/Depositphotos_13494714_s-2019.jpg","datePublished":"2021-09-17T14:09:04+00:00","description":"Il Consiglio federale ha stabilito il percorso per una nuova legge. \u00c8 stato annunciato che una proposta sar\u00e0 sottoposta a consultazione entro la fine dell'anno.","breadcrumb":{"@id":"https:\/\/www.organisator.ch\/fr\/general\/2021-09-17\/weichen-fuer-neue-co2-gesetzesvorlage-gestellt\/#breadcrumb"},"inLanguage":"it-IT","potentialAction":[{"@type":"ReadAction","target":["https:\/\/www.organisator.ch\/fr\/general\/2021-09-17\/weichen-fuer-neue-co2-gesetzesvorlage-gestellt\/"]}]},{"@type":"ImageObject","inLanguage":"it-IT","@id":"https:\/\/www.organisator.ch\/fr\/general\/2021-09-17\/weichen-fuer-neue-co2-gesetzesvorlage-gestellt\/#primaryimage","url":"https:\/\/www.organisator.ch\/wp-content\/uploads\/2021\/09\/Depositphotos_13494714_s-2019.jpg","contentUrl":"https:\/\/www.organisator.ch\/wp-content\/uploads\/2021\/09\/Depositphotos_13494714_s-2019.jpg","width":1000,"height":750,"caption":"\u00a9 Depositphotos, bluecups"},{"@type":"BreadcrumbList","@id":"https:\/\/www.organisator.ch\/fr\/general\/2021-09-17\/weichen-fuer-neue-co2-gesetzesvorlage-gestellt\/#breadcrumb","itemListElement":[{"@type":"ListItem","position":1,"name":"Home","item":"https:\/\/www.organisator.ch\/"},{"@type":"ListItem","position":2,"name":"Weichen f\u00fcr neue CO2-Gesetzesvorlage gestellt"}]},{"@type":"WebSite","@id":"https:\/\/www.organisator.ch\/#website","url":"https:\/\/www.organisator.ch\/","name":"Organizzatore","description":"Competente. Pratico. In 10 numeri all'anno, ORGANISATOR presenta i temi essenziali per i manager delle PMI.","publisher":{"@id":"https:\/\/www.organisator.ch\/#organization"},"potentialAction":[{"@type":"SearchAction","target":{"@type":"EntryPoint","urlTemplate":"https:\/\/www.organisator.ch\/?s={search_term_string}"},"query-input":{"@type":"PropertyValueSpecification","valueRequired":true,"valueName":"search_term_string"}}],"inLanguage":"it-IT"},{"@type":"Organization","@id":"https:\/\/www.organisator.ch\/#organization","name":"Organizzatore","url":"https:\/\/www.organisator.ch\/","logo":{"@type":"ImageObject","inLanguage":"it-IT","@id":"https:\/\/www.organisator.ch\/#\/schema\/logo\/image\/","url":"https:\/\/www.organisator.ch\/wp-content\/uploads\/2022\/01\/Logo_Organisator_Website.png","contentUrl":"https:\/\/www.organisator.ch\/wp-content\/uploads\/2022\/01\/Logo_Organisator_Website.png","width":800,"height":77,"caption":"Organisator"},"image":{"@id":"https:\/\/www.organisator.ch\/#\/schema\/logo\/image\/"},"sameAs":["https:\/\/www.facebook.com\/OrganisatorFachmagazin","https:\/\/www.linkedin.com\/showcase\/organisator-das-magazin-fr-kmu","https:\/\/www.xing.com\/news\/pages\/organisator-ch-695","https:\/\/www.youtube.com\/channel\/UCGP2Sq0iWaZwT3BdIAQFYpw"]},{"@type":"Person","@id":"https:\/\/www.organisator.ch\/#\/schema\/person\/a800b8c54e208b160517a7dcc323161d","name":"roger.straessle","image":{"@type":"ImageObject","inLanguage":"it-IT","@id":"https:\/\/secure.gravatar.com\/avatar\/?s=96&d=mm&r=g","url":"https:\/\/secure.gravatar.com\/avatar\/?s=96&d=mm&r=g","contentUrl":"https:\/\/secure.gravatar.com\/avatar\/?s=96&d=mm&r=g","caption":"roger.straessle"},"url":"https:\/\/www.organisator.ch\/it\/author\/roger-straessle\/"}]}},"_links":{"self":[{"href":"https:\/\/www.organisator.ch\/it\/wp-json\/wp\/v2\/posts\/10327","targetHints":{"allow":["GET"]}}],"collection":[{"href":"https:\/\/www.organisator.ch\/it\/wp-json\/wp\/v2\/posts"}],"about":[{"href":"https:\/\/www.organisator.ch\/it\/wp-json\/wp\/v2\/types\/post"}],"author":[{"embeddable":true,"href":"https:\/\/www.organisator.ch\/it\/wp-json\/wp\/v2\/users\/6"}],"replies":[{"embeddable":true,"href":"https:\/\/www.organisator.ch\/it\/wp-json\/wp\/v2\/comments?post=10327"}],"version-history":[{"count":0,"href":"https:\/\/www.organisator.ch\/it\/wp-json\/wp\/v2\/posts\/10327\/revisions"}],"wp:featuredmedia":[{"embeddable":true,"href":"https:\/\/www.organisator.ch\/it\/wp-json\/wp\/v2\/media\/9853"}],"wp:attachment":[{"href":"https:\/\/www.organisator.ch\/it\/wp-json\/wp\/v2\/media?parent=10327"}],"wp:term":[{"taxonomy":"category","embeddable":true,"href":"https:\/\/www.organisator.ch\/it\/wp-json\/wp\/v2\/categories?post=10327"},{"taxonomy":"post_tag","embeddable":true,"href":"https:\/\/www.organisator.ch\/it\/wp-json\/wp\/v2\/tags?post=10327"}],"curies":[{"name":"wp","href":"https:\/\/api.w.org\/{rel}","templated":true}]}}