{"id":10329,"date":"2021-09-21T14:50:34","date_gmt":"2021-09-21T12:50:34","guid":{"rendered":"https:\/\/www.umweltperspektiven.ch\/?p=4910"},"modified":"2021-09-21T14:50:34","modified_gmt":"2021-09-21T12:50:34","slug":"schweizer-know-how-an-der-expo-dubai","status":"publish","type":"post","link":"https:\/\/www.organisator.ch\/it\/allgemein\/2021-09-21\/schweizer-know-how-an-der-expo-dubai\/","title":{"rendered":"Il know-how svizzero all'Expo di Dubai"},"content":{"rendered":"<figure id=\"attachment_4911\" aria-describedby=\"caption-attachment-4911\" style=\"width: 680px\" class=\"wp-caption aligncenter\"><img loading=\"lazy\" decoding=\"async\" class=\"size-medium wp-image-4911\" src=\"\/\/www.umweltperspektiven.ch\/wp-content\/uploads\/2021\/09\/ClimateShow_Symbolbild_Dubai.49.png\" alt=\"Salone del clima svizzero \" width=\"680\" height=\"463\" \/><figcaption id=\"caption-attachment-4911\" class=\"wp-caption-text\">\u00a9 Unplush<\/figcaption><\/figure>\n<p>Negli Emirati prevalgono standard economici e consuetudini diversi, eppure le cose si muovono molto rapidamente quando si tratta di nuove tecnologie sostenibili. Gli ingegneri degli Emirati Arabi Uniti, o VAR, sono interessati a soluzioni di moderazione del traffico, ad esempio. Nel caso di Dubai, ad esempio, sono i sensori a terra a coordinare il flusso dei veicoli e a segnalare le zone di parcheggio piene. I sensori sono stati sviluppati da una start-up con sede nei pressi di Winterthur.<\/p>\n<p>Ma non c'\u00e8 solo il know-how svizzero. Almeno sei aziende - tra cui Eptes Natura, CleantechAlps, Reballs e le piccole imprese qui sotto - si presentano nel Padiglione svizzero dell'Expo di Dubai.<\/p>\n<h2><strong>Ingegneria e consulenza energetica <\/strong><\/h2>\n<p>Le reti di teleriscaldamento e teleraffreddamento, in particolare, offrono un grande potenziale. Chilometri di sistemi a quattro tubi sono ancora in fase di installazione. A seconda della posizione geografica, ma anche un fabbisogno energetico unilaterale limitano l'efficienza e la compattezza di una rete di riscaldamento. L'azienda <a href=\"\/\/exergo.ch\">Exergo<\/a> di Sion offre soluzioni integrate (fotovoltaico, pompe di calore, batterie e accumulatori di calore, ecc.) per le energie rinnovabili. Come spin-off del Politecnico Federale di Losanna (EPFL), Exergo si occupa di modellazione e ottimizzazione del software dei sistemi industriali. Ma quando si tratta di soluzioni per le energie rinnovabili, non esiste una soluzione standard n\u00e9 una magia. I sistemi di teleriscaldamento sono solitamente associati a costi elevati. L'azienda \u00e8 esperta di recupero energetico, prodotti autorizzati per edifici collegati in rete e sistemi di controllo. Inoltre, contribuiscono a ridurre i costi grazie a servizi di ingegneria e consulenza ottimizzati.<\/p>\n<h2><strong>Riciclaggio e gestione dei rifiuti innovativi <\/strong><\/h2>\n<p><a href=\"\/\/www.lethiec.ch\">LeThiec SA<\/a> di Etoy, vicino a Morges, \u00e8 specializzata in soluzioni di riciclaggio e gestione dei rifiuti. L'azienda espone contenitori per la raccolta differenziata scalabili per le aree urbane e gli interni degli uffici non solo a Dubai, ma anche a Parigi, al \"Salon des Achats et de l'Environnement de Travail\". L'azienda si concentra sia sui requisiti di progettazione e sicurezza (ad esempio, protezione antincendio, contenitori con serratura) che sulle soluzioni di smistamento. L'ultimo prodotto di Etoy si chiama \"Cliiink\". Questo premia i rendimenti dei depositi attraverso sistemi di incentivazione. Per ogni bottiglia di vetro restituita, i selezionatori impegnati ricevono uno sconto presso i rivenditori locali. LeThiec \u00e8 attualmente in procinto di creare una comunit\u00e0 \"Cliiink\" ampiamente collegata in rete.<\/p>\n<h2><strong>Ottimizzazione dei dati per la transizione energetica <\/strong><\/h2>\n<p>L'azienda <a href=\"\/\/www.e-nno.ch\">E-nno<\/a> \u00e8 stata fondata nel 2017 da due ingegneri a Ginevra, ma vanta oltre 20 anni di esperienza nel settore immobiliare, delle costruzioni e dell'energia. Grazie a sofisticati algoritmi di analisi e ottimizzazione dei dati, l'azienda riesce a contenere e ridurre l'impatto ambientale superfluo degli edifici: in media, si parla del 17% del consumo energetico di un edificio. Per questo motivo, la societ\u00e0 ginevrina vuole creare una situazione vantaggiosa per gli investitori immobiliari di Dubai. Mettono i dati raccolti a disposizione dei professionisti del settore immobiliare (per la raccolta e il consolidamento dei dati, il monitoraggio degli edifici, ecc.) per facilitare il lavoro dell'IT e della gestione e accelerare la svolta energetica.<\/p>\n<h2><strong>Specialista finanziario con una visione a 360 gradi <\/strong><\/h2>\n<p>Sul posto c'\u00e8 anche Olivier Ferrari e il suo istituto finanziario <a href=\"\/\/www.coninco.ch\">Coninco<\/a> con sede a Vevey. Ferrari \u00e8 uno specialista finanziario, autore e relatore da oltre 30 anni. Il suo istituto finanziario sostiene nuove attivit\u00e0 e mercati di investimento al servizio della gestione istituzionale, sostenibile e filantropica. Inoltre, Coninco sostiene fondazioni e istituzioni e societ\u00e0 di ingegneria. L'istituto finanziario \u00e8 sottoposto alla vigilanza della FINMA dal 2012, dispone di processi di gestione solidi (ISO 9001:2015) e soddisfa i requisiti della norma di gestione ambientale ISO 14001:2015.<\/p>\n<h2>La visione del Climate Show<\/h2>\n<p>Frank Eggmann, Consolato Generale di Svizzera dello Swiss Business Hub, \u00e8 soddisfatto delle nuove relazioni che si stanno sviluppando tra il Medio Oriente e la Svizzera. Le aziende partecipanti allo Swiss Climate Show sono gi\u00e0 riuscite a stabilire i primi rapporti di successo in Medio Oriente. \"Dopo alcuni anni di presenza sul mercato degli Emirati Arabi Uniti, vediamo una forte trazione per le tecnologie svizzere. Negli Emirati, e in particolare a Dubai, sono i sistemi VAC a consumare molta energia. \u00c8 quindi interessante vedere come le aziende svizzere si stiano impegnando nelle questioni di gestione delle aree e degli edifici. Sono molto felice di vedere attori locali e innovatori svizzeri lavorare insieme per portare avanti i complessi obiettivi sociali e ambientali\", sottolinea il Console generale a proposito dell'Expo di Dubai.<\/p>\n<p>Nadia Plata, direttrice dello Swiss Climate Show, \u00e8 impaziente di incontrare Frank Eggmann presso lo Swiss Business Council Dubai &amp; Northern Emirates e gli stakeholder del Padiglione svizzero all'Expo di Dubai. \"Nonostante l'approccio tecnologico e basato sui dati, l'elemento umano rimane al centro del nostro DNA. Ci\u00f2 significa anche abbracciare culture e sfide diverse, investire nella formazione di specialisti e in servizi di qualit\u00e0 e coinvolgere il maggior numero possibile di partner nelle decisioni strategiche per la protezione dell'ambiente e del clima. La nostra visione condivisa e i valori che sosteniamo rendono in definitiva attraente un Paese come la Svizzera\".<\/p>\n<p><a href=\"\/\/www.climateshow.ch\/climate-show-tour\/\"><em>Per saperne di pi\u00f9 sulle singole presentazioni allo Swiss Climate Show di Dubai: Reballs (Economia Circolare, Coninco (Finanza Sostenibile), E-nno (Efficienza Energetica ed Eco-edilizia), Eptes Natura (Medicina Sostenibile) o Exergo (Energie Rinnovabili) si pu\u00f2 consultare qui.\u00a0<\/em><\/a><\/p>\n<h5><\/h5>\n<h5><\/h5>","protected":false},"excerpt":{"rendered":"<p>In den Emiraten herrschen andere wirtschaftliche Massst\u00e4be und Sitten \u2013 und doch kann es ganz schnell gehen, was neue, nachhaltige Technologien anbelangt. Die Ingenieure in den Vereinigten Arabischen Emiraten, kurz VAR, interessieren sich zum Beispiel f\u00fcr L\u00f6sungen zur Verkehrsberuhigung. Im Falle von Dubai sind es beispielsweise Bodensensoren, die den Fahrzeugfluss koordinieren und \u00fcber volle Parkzonen [&hellip;]<\/p>\n","protected":false},"author":6,"featured_media":9854,"comment_status":"closed","ping_status":"closed","sticky":false,"template":"","format":"standard","meta":{"_acf_changed":false,"_yoast_wpseo_focuskw":"Climate Show","_yoast_wpseo_metadesc":"Mehrere Schweizer Firmen werden im Oktober an der Swiss Climate Show im House of Switzerland in Dubai zeigen, was sie zu bieten haben.","articlekey":"","footnotes":""},"categories":[1],"tags":[921,1378],"class_list":["post-10329","post","type-post","status-publish","format-standard","has-post-thumbnail","hentry","category-allgemein","tag-climate-show","tag-house-of-switzerland"],"acf":[],"yoast_head":"<!-- This site is optimized with the Yoast SEO plugin v27.5 - https:\/\/yoast.com\/product\/yoast-seo-wordpress\/ -->\n<title>Schweizer Know-how an der Expo Dubai - Organisator<\/title>\n<meta name=\"description\" content=\"Mehrere Schweizer Firmen werden im Oktober an der Swiss Climate Show im House of Switzerland in Dubai zeigen, was sie zu bieten haben.\" \/>\n<meta name=\"robots\" content=\"index, follow, max-snippet:-1, max-image-preview:large, max-video-preview:-1\" \/>\n<link rel=\"canonical\" href=\"https:\/\/www.organisator.ch\/it\/generale\/2021-09-21\/schweizer-know-how-an-der-expo-dubai\/\" \/>\n<meta property=\"og:locale\" content=\"it_IT\" \/>\n<meta property=\"og:type\" content=\"article\" \/>\n<meta property=\"og:title\" content=\"Schweizer Know-how an der Expo Dubai - Organisator\" \/>\n<meta property=\"og:description\" content=\"Mehrere Schweizer Firmen werden im Oktober an der Swiss Climate Show im House of Switzerland in Dubai zeigen, was sie zu bieten haben.\" \/>\n<meta property=\"og:url\" content=\"https:\/\/www.organisator.ch\/it\/generale\/2021-09-21\/schweizer-know-how-an-der-expo-dubai\/\" \/>\n<meta property=\"og:site_name\" content=\"Organisator\" \/>\n<meta property=\"article:publisher\" content=\"https:\/\/www.facebook.com\/OrganisatorFachmagazin\" \/>\n<meta property=\"article:published_time\" content=\"2021-09-21T12:50:34+00:00\" \/>\n<meta property=\"og:image\" content=\"https:\/\/www.organisator.ch\/wp-content\/uploads\/2021\/09\/ClimateShow_Symbolbild_Dubai.49.png\" \/>\n\t<meta property=\"og:image:width\" content=\"1009\" \/>\n\t<meta property=\"og:image:height\" content=\"687\" \/>\n\t<meta property=\"og:image:type\" content=\"image\/png\" \/>\n<meta name=\"author\" content=\"roger.straessle\" \/>\n<meta name=\"twitter:card\" content=\"summary_large_image\" \/>\n<script type=\"application\/ld+json\" class=\"yoast-schema-graph\">{\"@context\":\"https:\\\/\\\/schema.org\",\"@graph\":[{\"@type\":\"Article\",\"@id\":\"https:\\\/\\\/www.organisator.ch\\\/fr\\\/general\\\/2021-09-21\\\/schweizer-know-how-an-der-expo-dubai\\\/#article\",\"isPartOf\":{\"@id\":\"https:\\\/\\\/www.organisator.ch\\\/fr\\\/general\\\/2021-09-21\\\/schweizer-know-how-an-der-expo-dubai\\\/\"},\"author\":{\"name\":\"roger.straessle\",\"@id\":\"https:\\\/\\\/www.organisator.ch\\\/#\\\/schema\\\/person\\\/a800b8c54e208b160517a7dcc323161d\"},\"headline\":\"Schweizer Know-how an der Expo Dubai\",\"datePublished\":\"2021-09-21T12:50:34+00:00\",\"mainEntityOfPage\":{\"@id\":\"https:\\\/\\\/www.organisator.ch\\\/fr\\\/general\\\/2021-09-21\\\/schweizer-know-how-an-der-expo-dubai\\\/\"},\"wordCount\":821,\"publisher\":{\"@id\":\"https:\\\/\\\/www.organisator.ch\\\/#organization\"},\"image\":{\"@id\":\"https:\\\/\\\/www.organisator.ch\\\/fr\\\/general\\\/2021-09-21\\\/schweizer-know-how-an-der-expo-dubai\\\/#primaryimage\"},\"thumbnailUrl\":\"https:\\\/\\\/www.organisator.ch\\\/wp-content\\\/uploads\\\/2021\\\/09\\\/ClimateShow_Symbolbild_Dubai.49.png\",\"keywords\":[\"Climate Show\",\"House of Switzerland\"],\"articleSection\":[\"Allgemein\"],\"inLanguage\":\"it-IT\"},{\"@type\":\"WebPage\",\"@id\":\"https:\\\/\\\/www.organisator.ch\\\/fr\\\/general\\\/2021-09-21\\\/schweizer-know-how-an-der-expo-dubai\\\/\",\"url\":\"https:\\\/\\\/www.organisator.ch\\\/fr\\\/general\\\/2021-09-21\\\/schweizer-know-how-an-der-expo-dubai\\\/\",\"name\":\"Schweizer Know-how an der Expo Dubai - Organisator\",\"isPartOf\":{\"@id\":\"https:\\\/\\\/www.organisator.ch\\\/#website\"},\"primaryImageOfPage\":{\"@id\":\"https:\\\/\\\/www.organisator.ch\\\/fr\\\/general\\\/2021-09-21\\\/schweizer-know-how-an-der-expo-dubai\\\/#primaryimage\"},\"image\":{\"@id\":\"https:\\\/\\\/www.organisator.ch\\\/fr\\\/general\\\/2021-09-21\\\/schweizer-know-how-an-der-expo-dubai\\\/#primaryimage\"},\"thumbnailUrl\":\"https:\\\/\\\/www.organisator.ch\\\/wp-content\\\/uploads\\\/2021\\\/09\\\/ClimateShow_Symbolbild_Dubai.49.png\",\"datePublished\":\"2021-09-21T12:50:34+00:00\",\"description\":\"Mehrere Schweizer Firmen werden im Oktober an der Swiss Climate Show im House of Switzerland in Dubai zeigen, was sie zu bieten haben.\",\"breadcrumb\":{\"@id\":\"https:\\\/\\\/www.organisator.ch\\\/fr\\\/general\\\/2021-09-21\\\/schweizer-know-how-an-der-expo-dubai\\\/#breadcrumb\"},\"inLanguage\":\"it-IT\",\"potentialAction\":[{\"@type\":\"ReadAction\",\"target\":[\"https:\\\/\\\/www.organisator.ch\\\/fr\\\/general\\\/2021-09-21\\\/schweizer-know-how-an-der-expo-dubai\\\/\"]}]},{\"@type\":\"ImageObject\",\"inLanguage\":\"it-IT\",\"@id\":\"https:\\\/\\\/www.organisator.ch\\\/fr\\\/general\\\/2021-09-21\\\/schweizer-know-how-an-der-expo-dubai\\\/#primaryimage\",\"url\":\"https:\\\/\\\/www.organisator.ch\\\/wp-content\\\/uploads\\\/2021\\\/09\\\/ClimateShow_Symbolbild_Dubai.49.png\",\"contentUrl\":\"https:\\\/\\\/www.organisator.ch\\\/wp-content\\\/uploads\\\/2021\\\/09\\\/ClimateShow_Symbolbild_Dubai.49.png\",\"width\":1009,\"height\":687,\"caption\":\"\u00a9 zVg\"},{\"@type\":\"BreadcrumbList\",\"@id\":\"https:\\\/\\\/www.organisator.ch\\\/fr\\\/general\\\/2021-09-21\\\/schweizer-know-how-an-der-expo-dubai\\\/#breadcrumb\",\"itemListElement\":[{\"@type\":\"ListItem\",\"position\":1,\"name\":\"Home\",\"item\":\"https:\\\/\\\/www.organisator.ch\\\/\"},{\"@type\":\"ListItem\",\"position\":2,\"name\":\"Schweizer Know-how an der Expo Dubai\"}]},{\"@type\":\"WebSite\",\"@id\":\"https:\\\/\\\/www.organisator.ch\\\/#website\",\"url\":\"https:\\\/\\\/www.organisator.ch\\\/\",\"name\":\"Organisator\",\"description\":\"Kompetent. Praxisnah. Der ORGANISATOR bereitet in 10 Ausgaben pro Jahr die wesentlichen Themen f\u00fcr F\u00fchrungskr\u00e4fte von KMU auf.\",\"publisher\":{\"@id\":\"https:\\\/\\\/www.organisator.ch\\\/#organization\"},\"potentialAction\":[{\"@type\":\"SearchAction\",\"target\":{\"@type\":\"EntryPoint\",\"urlTemplate\":\"https:\\\/\\\/www.organisator.ch\\\/?s={search_term_string}\"},\"query-input\":{\"@type\":\"PropertyValueSpecification\",\"valueRequired\":true,\"valueName\":\"search_term_string\"}}],\"inLanguage\":\"it-IT\"},{\"@type\":\"Organization\",\"@id\":\"https:\\\/\\\/www.organisator.ch\\\/#organization\",\"name\":\"Organisator\",\"url\":\"https:\\\/\\\/www.organisator.ch\\\/\",\"logo\":{\"@type\":\"ImageObject\",\"inLanguage\":\"it-IT\",\"@id\":\"https:\\\/\\\/www.organisator.ch\\\/#\\\/schema\\\/logo\\\/image\\\/\",\"url\":\"https:\\\/\\\/www.organisator.ch\\\/wp-content\\\/uploads\\\/2022\\\/01\\\/Logo_Organisator_Website.png\",\"contentUrl\":\"https:\\\/\\\/www.organisator.ch\\\/wp-content\\\/uploads\\\/2022\\\/01\\\/Logo_Organisator_Website.png\",\"width\":800,\"height\":77,\"caption\":\"Organisator\"},\"image\":{\"@id\":\"https:\\\/\\\/www.organisator.ch\\\/#\\\/schema\\\/logo\\\/image\\\/\"},\"sameAs\":[\"https:\\\/\\\/www.facebook.com\\\/OrganisatorFachmagazin\",\"https:\\\/\\\/www.linkedin.com\\\/showcase\\\/organisator-das-magazin-fr-kmu\",\"https:\\\/\\\/www.xing.com\\\/news\\\/pages\\\/organisator-ch-695\",\"https:\\\/\\\/www.youtube.com\\\/channel\\\/UCGP2Sq0iWaZwT3BdIAQFYpw\"]},{\"@type\":\"Person\",\"@id\":\"https:\\\/\\\/www.organisator.ch\\\/#\\\/schema\\\/person\\\/a800b8c54e208b160517a7dcc323161d\",\"name\":\"roger.straessle\",\"image\":{\"@type\":\"ImageObject\",\"inLanguage\":\"it-IT\",\"@id\":\"https:\\\/\\\/secure.gravatar.com\\\/avatar\\\/?s=96&d=mm&r=g\",\"url\":\"https:\\\/\\\/secure.gravatar.com\\\/avatar\\\/?s=96&d=mm&r=g\",\"contentUrl\":\"https:\\\/\\\/secure.gravatar.com\\\/avatar\\\/?s=96&d=mm&r=g\",\"caption\":\"roger.straessle\"},\"url\":\"https:\\\/\\\/www.organisator.ch\\\/it\\\/author\\\/roger-straessle\\\/\"}]}<\/script>\n<!-- \/ Yoast SEO plugin. -->","yoast_head_json":{"title":"Il know-how svizzero a Expo Dubai - Organizzatore","description":"Diverse aziende svizzere presenteranno la loro offerta allo Swiss Climate Show presso la House of Switzerland di Dubai in ottobre.","robots":{"index":"index","follow":"follow","max-snippet":"max-snippet:-1","max-image-preview":"max-image-preview:large","max-video-preview":"max-video-preview:-1"},"canonical":"https:\/\/www.organisator.ch\/it\/generale\/2021-09-21\/schweizer-know-how-an-der-expo-dubai\/","og_locale":"it_IT","og_type":"article","og_title":"Schweizer Know-how an der Expo Dubai - Organisator","og_description":"Mehrere Schweizer Firmen werden im Oktober an der Swiss Climate Show im House of Switzerland in Dubai zeigen, was sie zu bieten haben.","og_url":"https:\/\/www.organisator.ch\/it\/generale\/2021-09-21\/schweizer-know-how-an-der-expo-dubai\/","og_site_name":"Organisator","article_publisher":"https:\/\/www.facebook.com\/OrganisatorFachmagazin","article_published_time":"2021-09-21T12:50:34+00:00","og_image":[{"width":1009,"height":687,"url":"https:\/\/www.organisator.ch\/wp-content\/uploads\/2021\/09\/ClimateShow_Symbolbild_Dubai.49.png","type":"image\/png"}],"author":"roger.straessle","twitter_card":"summary_large_image","schema":{"@context":"https:\/\/schema.org","@graph":[{"@type":"Article","@id":"https:\/\/www.organisator.ch\/fr\/general\/2021-09-21\/schweizer-know-how-an-der-expo-dubai\/#article","isPartOf":{"@id":"https:\/\/www.organisator.ch\/fr\/general\/2021-09-21\/schweizer-know-how-an-der-expo-dubai\/"},"author":{"name":"roger.straessle","@id":"https:\/\/www.organisator.ch\/#\/schema\/person\/a800b8c54e208b160517a7dcc323161d"},"headline":"Schweizer Know-how an der Expo Dubai","datePublished":"2021-09-21T12:50:34+00:00","mainEntityOfPage":{"@id":"https:\/\/www.organisator.ch\/fr\/general\/2021-09-21\/schweizer-know-how-an-der-expo-dubai\/"},"wordCount":821,"publisher":{"@id":"https:\/\/www.organisator.ch\/#organization"},"image":{"@id":"https:\/\/www.organisator.ch\/fr\/general\/2021-09-21\/schweizer-know-how-an-der-expo-dubai\/#primaryimage"},"thumbnailUrl":"https:\/\/www.organisator.ch\/wp-content\/uploads\/2021\/09\/ClimateShow_Symbolbild_Dubai.49.png","keywords":["Climate Show","House of Switzerland"],"articleSection":["Allgemein"],"inLanguage":"it-IT"},{"@type":"WebPage","@id":"https:\/\/www.organisator.ch\/fr\/general\/2021-09-21\/schweizer-know-how-an-der-expo-dubai\/","url":"https:\/\/www.organisator.ch\/fr\/general\/2021-09-21\/schweizer-know-how-an-der-expo-dubai\/","name":"Il know-how svizzero a Expo Dubai - Organizzatore","isPartOf":{"@id":"https:\/\/www.organisator.ch\/#website"},"primaryImageOfPage":{"@id":"https:\/\/www.organisator.ch\/fr\/general\/2021-09-21\/schweizer-know-how-an-der-expo-dubai\/#primaryimage"},"image":{"@id":"https:\/\/www.organisator.ch\/fr\/general\/2021-09-21\/schweizer-know-how-an-der-expo-dubai\/#primaryimage"},"thumbnailUrl":"https:\/\/www.organisator.ch\/wp-content\/uploads\/2021\/09\/ClimateShow_Symbolbild_Dubai.49.png","datePublished":"2021-09-21T12:50:34+00:00","description":"Diverse aziende svizzere presenteranno la loro offerta allo Swiss Climate Show presso la House of Switzerland di Dubai in ottobre.","breadcrumb":{"@id":"https:\/\/www.organisator.ch\/fr\/general\/2021-09-21\/schweizer-know-how-an-der-expo-dubai\/#breadcrumb"},"inLanguage":"it-IT","potentialAction":[{"@type":"ReadAction","target":["https:\/\/www.organisator.ch\/fr\/general\/2021-09-21\/schweizer-know-how-an-der-expo-dubai\/"]}]},{"@type":"ImageObject","inLanguage":"it-IT","@id":"https:\/\/www.organisator.ch\/fr\/general\/2021-09-21\/schweizer-know-how-an-der-expo-dubai\/#primaryimage","url":"https:\/\/www.organisator.ch\/wp-content\/uploads\/2021\/09\/ClimateShow_Symbolbild_Dubai.49.png","contentUrl":"https:\/\/www.organisator.ch\/wp-content\/uploads\/2021\/09\/ClimateShow_Symbolbild_Dubai.49.png","width":1009,"height":687,"caption":"\u00a9 zVg"},{"@type":"BreadcrumbList","@id":"https:\/\/www.organisator.ch\/fr\/general\/2021-09-21\/schweizer-know-how-an-der-expo-dubai\/#breadcrumb","itemListElement":[{"@type":"ListItem","position":1,"name":"Home","item":"https:\/\/www.organisator.ch\/"},{"@type":"ListItem","position":2,"name":"Schweizer Know-how an der Expo Dubai"}]},{"@type":"WebSite","@id":"https:\/\/www.organisator.ch\/#website","url":"https:\/\/www.organisator.ch\/","name":"Organizzatore","description":"Competente. Pratico. In 10 numeri all'anno, ORGANISATOR presenta i temi essenziali per i manager delle PMI.","publisher":{"@id":"https:\/\/www.organisator.ch\/#organization"},"potentialAction":[{"@type":"SearchAction","target":{"@type":"EntryPoint","urlTemplate":"https:\/\/www.organisator.ch\/?s={search_term_string}"},"query-input":{"@type":"PropertyValueSpecification","valueRequired":true,"valueName":"search_term_string"}}],"inLanguage":"it-IT"},{"@type":"Organization","@id":"https:\/\/www.organisator.ch\/#organization","name":"Organizzatore","url":"https:\/\/www.organisator.ch\/","logo":{"@type":"ImageObject","inLanguage":"it-IT","@id":"https:\/\/www.organisator.ch\/#\/schema\/logo\/image\/","url":"https:\/\/www.organisator.ch\/wp-content\/uploads\/2022\/01\/Logo_Organisator_Website.png","contentUrl":"https:\/\/www.organisator.ch\/wp-content\/uploads\/2022\/01\/Logo_Organisator_Website.png","width":800,"height":77,"caption":"Organisator"},"image":{"@id":"https:\/\/www.organisator.ch\/#\/schema\/logo\/image\/"},"sameAs":["https:\/\/www.facebook.com\/OrganisatorFachmagazin","https:\/\/www.linkedin.com\/showcase\/organisator-das-magazin-fr-kmu","https:\/\/www.xing.com\/news\/pages\/organisator-ch-695","https:\/\/www.youtube.com\/channel\/UCGP2Sq0iWaZwT3BdIAQFYpw"]},{"@type":"Person","@id":"https:\/\/www.organisator.ch\/#\/schema\/person\/a800b8c54e208b160517a7dcc323161d","name":"roger.straessle","image":{"@type":"ImageObject","inLanguage":"it-IT","@id":"https:\/\/secure.gravatar.com\/avatar\/?s=96&d=mm&r=g","url":"https:\/\/secure.gravatar.com\/avatar\/?s=96&d=mm&r=g","contentUrl":"https:\/\/secure.gravatar.com\/avatar\/?s=96&d=mm&r=g","caption":"roger.straessle"},"url":"https:\/\/www.organisator.ch\/it\/author\/roger-straessle\/"}]}},"_links":{"self":[{"href":"https:\/\/www.organisator.ch\/it\/wp-json\/wp\/v2\/posts\/10329","targetHints":{"allow":["GET"]}}],"collection":[{"href":"https:\/\/www.organisator.ch\/it\/wp-json\/wp\/v2\/posts"}],"about":[{"href":"https:\/\/www.organisator.ch\/it\/wp-json\/wp\/v2\/types\/post"}],"author":[{"embeddable":true,"href":"https:\/\/www.organisator.ch\/it\/wp-json\/wp\/v2\/users\/6"}],"replies":[{"embeddable":true,"href":"https:\/\/www.organisator.ch\/it\/wp-json\/wp\/v2\/comments?post=10329"}],"version-history":[{"count":0,"href":"https:\/\/www.organisator.ch\/it\/wp-json\/wp\/v2\/posts\/10329\/revisions"}],"wp:featuredmedia":[{"embeddable":true,"href":"https:\/\/www.organisator.ch\/it\/wp-json\/wp\/v2\/media\/9854"}],"wp:attachment":[{"href":"https:\/\/www.organisator.ch\/it\/wp-json\/wp\/v2\/media?parent=10329"}],"wp:term":[{"taxonomy":"category","embeddable":true,"href":"https:\/\/www.organisator.ch\/it\/wp-json\/wp\/v2\/categories?post=10329"},{"taxonomy":"post_tag","embeddable":true,"href":"https:\/\/www.organisator.ch\/it\/wp-json\/wp\/v2\/tags?post=10329"}],"curies":[{"name":"wp","href":"https:\/\/api.w.org\/{rel}","templated":true}]}}