{"id":10340,"date":"2021-11-02T10:35:40","date_gmt":"2021-11-02T09:35:40","guid":{"rendered":"https:\/\/www.umweltperspektiven.ch\/?p=5032"},"modified":"2022-02-09T11:06:04","modified_gmt":"2022-02-09T10:06:04","slug":"peb-gebaeude-als-klimaloesung","status":"publish","type":"post","link":"https:\/\/www.organisator.ch\/it\/sustainability\/2021-11-02\/peb-gebaeude-als-klimaloesung\/","title":{"rendered":"Edificio PEB come soluzione climatica"},"content":{"rendered":"<p>Un totale di 71 progetti solari sono stati presentati per il Premio solare svizzero di quest'anno. Quasi la met\u00e0 delle applicazioni degli edifici sono i cosiddetti PlusEnergyBuildings (PEB). Producono pi\u00f9 elettricit\u00e0 rispettosa del clima di quella di cui hanno bisogno. Energia che pu\u00f2 essere utilizzata anche per il traffico stradale senza emissioni.<\/p>\n<h2><strong>Esempi eccellenti<\/strong><\/h2>\n<p>Il 2 novembre 2021, l'Agenzia solare svizzera ha premiato i migliori progetti solari 20212. Presentiamo brevemente tre edifici esemplari.<\/p>\n<figure id=\"attachment_5040\" aria-describedby=\"caption-attachment-5040\" style=\"width: 680px\" class=\"wp-caption alignnone\"><img loading=\"lazy\" decoding=\"async\" class=\"size-medium wp-image-5040\" src=\"\/\/www.umweltperspektiven.ch\/wp-content\/uploads\/2021\/11\/Fl\u00e4sch_Ansicht-von-Norden-\u00fcberarbeitet.jpg\" alt=\"PlusEnergieBau\" width=\"680\" height=\"510\" \/><figcaption id=\"caption-attachment-5040\" class=\"wp-caption-text\">L'edificio multifunzionale ristrutturato nel 1975. Immagine: Premio solare svizzero 2021<\/figcaption><\/figure>\n<h2>Esempio 1 - Edificio multiuso<\/h2>\n<p>Questo edificio multifunzionale di 45 anni a Fl\u00e4sch GR \u00e8 diventato un bijou architettonico ed energetico dopo il suo ampliamento e la sua ristrutturazione. Prima della ristrutturazione, l'edificio consumava circa 60.300 kWh all'anno. Nonostante il raddoppio della superficie di riferimento energetico da 874 a 1564 m2 , il fabbisogno energetico \u00e8 aumentato solo di 5'000 kWh\/a. Ci\u00f2 \u00e8 dovuto all'ottimo isolamento. Questo \u00e8 dovuto all'ottimo isolamento. Un impianto fotovoltaico da 174 kW con orientamento est-ovest \u00e8 stato installato sul tetto ampliato. Produce 179'700 kWh\/a e assicura cos\u00ec un'autosufficienza di 275%. L'elettricit\u00e0 in eccesso di 114.200 kWh\/a \u00e8 usata direttamente dalla vicina Klinik Gut e riduce il suo consumo di elettricit\u00e0 dalla rete di un terzo. Grazie al successo della conversione, la comunit\u00e0 di Fl\u00e4sch ha ora un nuovo edificio multifunzionale che, insieme all'edificio scolastico, migliora l'immagine della comunit\u00e0, sottolinea la giuria del premio solare. \u00c8 il progetto vincitore nella categoria PlusEnergyBuildings.<\/p>\n<figure id=\"attachment_5033\" aria-describedby=\"caption-attachment-5033\" style=\"width: 680px\" class=\"wp-caption alignnone\"><img loading=\"lazy\" decoding=\"async\" class=\"size-medium wp-image-5033\" src=\"\/\/www.umweltperspektiven.ch\/wp-content\/uploads\/2021\/11\/H22-cot\u00e9-jardin.jpg\" alt=\"PlusEnergieBau\" width=\"680\" height=\"422\" \/><figcaption id=\"caption-attachment-5033\" class=\"wp-caption-text\">Il complesso residenziale PlusEnergy a Th\u00f4nex GE. Immagine: Premio solare svizzero 2021<\/figcaption><\/figure>\n<h2>Esempio 2 - complesso residenziale Minergie-P<\/h2>\n<p>Il complesso residenziale PlusEnergy di Th\u00f4nex GE, realizzato nel 2020 e composto da quattro condomini Minergie-P, richiede un totale di 27.600 kWh all'anno. Grazie a un isolamento termico esemplare (da 33 a 38 cm) e a valori U da 0,09 a 0,10 W\/m2K, il consumo energetico del complesso edilizio \u00e8 molto basso. L'impianto fotovoltaico sul tetto da 50,7 kW orientato est-ovest produce 43'300 kWh di elettricit\u00e0 solare senza CO2 all'anno. Ci\u00f2 equivale a una fornitura di auto-energia di 157%. Con il surplus di energia solare di 15'700 kWh\/a, oltre ai quattro veicoli elettrici dei residenti, altre sette auto elettriche possono essere alimentate con l'energia solare e percorrere 12'000 km senza emissioni ogni anno. In totale, evitano pi\u00f9 di 30 tonnellate di emissioni di trasporto di CO2 all'anno.<\/p>\n<h2>Esempio 3 - Edifici di appartamenti<\/h2>\n<p>I due condomini (MFH) Sunn\u00e4pl\u00e4tzli a Giswil OW con un totale di 15 appartamenti sono costruiti in modo sostenibile. Grazie al buon isolamento del tetto, questi edifici PEB richiedono 126.200 kWh\/a. L'impianto fotovoltaico da 138 kW sui tetti genera 142.800 kWh di elettricit\u00e0 all'anno. L'approvvigionamento energetico proprio dell'insediamento ammonta a 113%. Gran parte del legno utilizzato nella costruzione proviene dalla regione. Il legno della regione viene utilizzato anche per il riscaldamento a cippato. Con il surplus di energia solare (fornitura propria di energia: 113%) di questi due condomini, l'equivalente di dodici auto elettriche pu\u00f2 percorrere ciascuna 12.000 km all'anno senza emissioni.<\/p>\n<figure id=\"attachment_5035\" aria-describedby=\"caption-attachment-5035\" style=\"width: 680px\" class=\"wp-caption alignnone\"><img loading=\"lazy\" decoding=\"async\" class=\"size-medium wp-image-5035\" src=\"\/\/www.umweltperspektiven.ch\/wp-content\/uploads\/2021\/11\/PVA-Sunn\u00e4pl\u00e4tzli-Foto-DJI_0788.jpg\" alt=\"PlusEnergieBau\" width=\"680\" height=\"453\" \/><figcaption id=\"caption-attachment-5035\" class=\"wp-caption-text\">Il surplus di elettricit\u00e0 di questi due condomini PEB a Giswil OW pu\u00f2 essere utilizzato per alimentare l'equivalente di dodici auto elettriche, ciascuna delle quali percorre 12.000 km all'anno. Immagine: Premio solare svizzero 2021<\/figcaption><\/figure>\n<p><em>Per ulteriori informazioni sui progetti organizzati dall'Agenzia Solare Svizzera <a href=\"\/\/www.solaragentur.ch\/files\/publikationen\/2021-10-28%20Publikation%20def-reduziert.pdf\">Progetti e personalit\u00e0 premiate<\/a>.<\/em><\/p>\n<p>&nbsp;<\/p>\n<p><strong><em>Altri argomenti:<\/em><\/strong><\/p>\n<p><em>\u00a0<\/em><em><a href=\"\/\/www.umweltperspektiven.ch\/die-solare-fassade-kommt-leider-nicht-vom-fleck\/\">Purtroppo, la facciata solare non decolla<\/a><\/em><\/p>\n<p><a href=\"\/\/www.umweltperspektiven.ch\/solarstrom-infrastrukturanlagen-haben-grosses-potenzial\/\"><em>\u00a0<\/em><em>Energia solare: gli impianti infrastrutturali hanno un grande potenziale<\/em><\/a><\/p>\n<p>&nbsp;<\/p>","protected":false},"excerpt":{"rendered":"<p>F\u00fcr den diesj\u00e4hrigen Schweizer Solarpreis wurden insgesamt 71 Solarprojekte eingereicht. Bei fast der H\u00e4lfte der Geb\u00e4ude-Bewerbungen handelt es sich um einen sogenannten PlusEnergieBau (PEB). Sie produzieren mehr klimafreundlichen Strom als sie selbst ben\u00f6tigen. Energie, die auch in den emissionsfreien Strassenverkehr fliessen kann. Ausgezeichnete Beispiele Am 2. November 2021 war es so weit, die Solar Agentur [&hellip;]<\/p>\n","protected":false},"author":6,"featured_media":5040,"comment_status":"closed","ping_status":"closed","sticky":false,"template":"","format":"standard","meta":{"_acf_changed":false,"_yoast_wpseo_focuskw":"PlusEnergieBau","_yoast_wpseo_metadesc":"Geb\u00e4ude, die mehr Energie produzieren als sie selbst ben\u00f6tigen, sind eine schlaue Klima-L\u00f6sung. Der 31. Solarpreis zeigt beispielhafte Projekte.","articlekey":"","footnotes":""},"categories":[580],"tags":[1930,2148],"class_list":["post-10340","post","type-post","status-publish","format-standard","has-post-thumbnail","hentry","category-sustainability","tag-plusenergiebau","tag-solarpreis-2021"],"acf":[],"yoast_head":"<!-- This site is optimized with the Yoast SEO plugin v27.5 - https:\/\/yoast.com\/product\/yoast-seo-wordpress\/ -->\n<title>PEB-Geb\u00e4ude als Klimal\u00f6sung - Organisator<\/title>\n<meta name=\"description\" content=\"Geb\u00e4ude, die mehr Energie produzieren als sie selbst ben\u00f6tigen, sind eine schlaue Klima-L\u00f6sung. Der 31. Solarpreis zeigt beispielhafte Projekte.\" \/>\n<meta name=\"robots\" content=\"index, follow, max-snippet:-1, max-image-preview:large, max-video-preview:-1\" \/>\n<link rel=\"canonical\" href=\"https:\/\/www.organisator.ch\/it\/sostenibilita\/2021-11-02\/peb-gebaeude-als-klimaloesung\/\" \/>\n<meta property=\"og:locale\" content=\"it_IT\" \/>\n<meta property=\"og:type\" content=\"article\" \/>\n<meta property=\"og:title\" content=\"PEB-Geb\u00e4ude als Klimal\u00f6sung - Organisator\" \/>\n<meta property=\"og:description\" content=\"Geb\u00e4ude, die mehr Energie produzieren als sie selbst ben\u00f6tigen, sind eine schlaue Klima-L\u00f6sung. Der 31. Solarpreis zeigt beispielhafte Projekte.\" \/>\n<meta property=\"og:url\" content=\"https:\/\/www.organisator.ch\/it\/sostenibilita\/2021-11-02\/peb-gebaeude-als-klimaloesung\/\" \/>\n<meta property=\"og:site_name\" content=\"Organisator\" \/>\n<meta property=\"article:publisher\" content=\"https:\/\/www.facebook.com\/OrganisatorFachmagazin\" \/>\n<meta property=\"article:published_time\" content=\"2021-11-02T09:35:40+00:00\" \/>\n<meta property=\"article:modified_time\" content=\"2022-02-09T10:06:04+00:00\" \/>\n<meta property=\"og:image\" content=\"https:\/\/www.organisator.ch\/wp-content\/uploads\/2021\/11\/Flaesch_Ansicht-von-Norden-ueberarbeitet-scaled.jpg\" \/>\n\t<meta property=\"og:image:width\" content=\"2560\" \/>\n\t<meta property=\"og:image:height\" content=\"1920\" \/>\n\t<meta property=\"og:image:type\" content=\"image\/jpeg\" \/>\n<meta name=\"author\" content=\"roger.straessle\" \/>\n<meta name=\"twitter:card\" content=\"summary_large_image\" \/>\n<script type=\"application\/ld+json\" class=\"yoast-schema-graph\">{\"@context\":\"https:\\\/\\\/schema.org\",\"@graph\":[{\"@type\":\"Article\",\"@id\":\"https:\\\/\\\/www.organisator.ch\\\/sustainability\\\/2021-11-02\\\/peb-gebaeude-als-klimaloesung\\\/#article\",\"isPartOf\":{\"@id\":\"https:\\\/\\\/www.organisator.ch\\\/sustainability\\\/2021-11-02\\\/peb-gebaeude-als-klimaloesung\\\/\"},\"author\":{\"name\":\"roger.straessle\",\"@id\":\"https:\\\/\\\/www.organisator.ch\\\/#\\\/schema\\\/person\\\/a800b8c54e208b160517a7dcc323161d\"},\"headline\":\"PEB-Geb\u00e4ude als Klimal\u00f6sung\",\"datePublished\":\"2021-11-02T09:35:40+00:00\",\"dateModified\":\"2022-02-09T10:06:04+00:00\",\"mainEntityOfPage\":{\"@id\":\"https:\\\/\\\/www.organisator.ch\\\/sustainability\\\/2021-11-02\\\/peb-gebaeude-als-klimaloesung\\\/\"},\"wordCount\":525,\"publisher\":{\"@id\":\"https:\\\/\\\/www.organisator.ch\\\/#organization\"},\"image\":{\"@id\":\"https:\\\/\\\/www.organisator.ch\\\/sustainability\\\/2021-11-02\\\/peb-gebaeude-als-klimaloesung\\\/#primaryimage\"},\"thumbnailUrl\":\"https:\\\/\\\/www.organisator.ch\\\/wp-content\\\/uploads\\\/2021\\\/11\\\/Flaesch_Ansicht-von-Norden-ueberarbeitet-scaled.jpg\",\"keywords\":[\"PlusEnergieBau\",\"Solarpreis 2021\"],\"articleSection\":[\"SUSTAINABILITY\"],\"inLanguage\":\"it-IT\"},{\"@type\":\"WebPage\",\"@id\":\"https:\\\/\\\/www.organisator.ch\\\/sustainability\\\/2021-11-02\\\/peb-gebaeude-als-klimaloesung\\\/\",\"url\":\"https:\\\/\\\/www.organisator.ch\\\/sustainability\\\/2021-11-02\\\/peb-gebaeude-als-klimaloesung\\\/\",\"name\":\"PEB-Geb\u00e4ude als Klimal\u00f6sung - Organisator\",\"isPartOf\":{\"@id\":\"https:\\\/\\\/www.organisator.ch\\\/#website\"},\"primaryImageOfPage\":{\"@id\":\"https:\\\/\\\/www.organisator.ch\\\/sustainability\\\/2021-11-02\\\/peb-gebaeude-als-klimaloesung\\\/#primaryimage\"},\"image\":{\"@id\":\"https:\\\/\\\/www.organisator.ch\\\/sustainability\\\/2021-11-02\\\/peb-gebaeude-als-klimaloesung\\\/#primaryimage\"},\"thumbnailUrl\":\"https:\\\/\\\/www.organisator.ch\\\/wp-content\\\/uploads\\\/2021\\\/11\\\/Flaesch_Ansicht-von-Norden-ueberarbeitet-scaled.jpg\",\"datePublished\":\"2021-11-02T09:35:40+00:00\",\"dateModified\":\"2022-02-09T10:06:04+00:00\",\"description\":\"Geb\u00e4ude, die mehr Energie produzieren als sie selbst ben\u00f6tigen, sind eine schlaue Klima-L\u00f6sung. Der 31. Solarpreis zeigt beispielhafte Projekte.\",\"breadcrumb\":{\"@id\":\"https:\\\/\\\/www.organisator.ch\\\/sustainability\\\/2021-11-02\\\/peb-gebaeude-als-klimaloesung\\\/#breadcrumb\"},\"inLanguage\":\"it-IT\",\"potentialAction\":[{\"@type\":\"ReadAction\",\"target\":[\"https:\\\/\\\/www.organisator.ch\\\/sustainability\\\/2021-11-02\\\/peb-gebaeude-als-klimaloesung\\\/\"]}]},{\"@type\":\"ImageObject\",\"inLanguage\":\"it-IT\",\"@id\":\"https:\\\/\\\/www.organisator.ch\\\/sustainability\\\/2021-11-02\\\/peb-gebaeude-als-klimaloesung\\\/#primaryimage\",\"url\":\"https:\\\/\\\/www.organisator.ch\\\/wp-content\\\/uploads\\\/2021\\\/11\\\/Flaesch_Ansicht-von-Norden-ueberarbeitet-scaled.jpg\",\"contentUrl\":\"https:\\\/\\\/www.organisator.ch\\\/wp-content\\\/uploads\\\/2021\\\/11\\\/Flaesch_Ansicht-von-Norden-ueberarbeitet-scaled.jpg\",\"width\":2560,\"height\":1920,\"caption\":\"Das sanierte Mehrzweckgeb\u00e4ude aus dem Jahr 1975. Bild: Schweizer Solarpreis\u00a02021\"},{\"@type\":\"BreadcrumbList\",\"@id\":\"https:\\\/\\\/www.organisator.ch\\\/sustainability\\\/2021-11-02\\\/peb-gebaeude-als-klimaloesung\\\/#breadcrumb\",\"itemListElement\":[{\"@type\":\"ListItem\",\"position\":1,\"name\":\"Home\",\"item\":\"https:\\\/\\\/www.organisator.ch\\\/\"},{\"@type\":\"ListItem\",\"position\":2,\"name\":\"PEB-Geb\u00e4ude als Klimal\u00f6sung\"}]},{\"@type\":\"WebSite\",\"@id\":\"https:\\\/\\\/www.organisator.ch\\\/#website\",\"url\":\"https:\\\/\\\/www.organisator.ch\\\/\",\"name\":\"Organisator\",\"description\":\"Kompetent. Praxisnah. Der ORGANISATOR bereitet in 10 Ausgaben pro Jahr die wesentlichen Themen f\u00fcr F\u00fchrungskr\u00e4fte von KMU auf.\",\"publisher\":{\"@id\":\"https:\\\/\\\/www.organisator.ch\\\/#organization\"},\"potentialAction\":[{\"@type\":\"SearchAction\",\"target\":{\"@type\":\"EntryPoint\",\"urlTemplate\":\"https:\\\/\\\/www.organisator.ch\\\/?s={search_term_string}\"},\"query-input\":{\"@type\":\"PropertyValueSpecification\",\"valueRequired\":true,\"valueName\":\"search_term_string\"}}],\"inLanguage\":\"it-IT\"},{\"@type\":\"Organization\",\"@id\":\"https:\\\/\\\/www.organisator.ch\\\/#organization\",\"name\":\"Organisator\",\"url\":\"https:\\\/\\\/www.organisator.ch\\\/\",\"logo\":{\"@type\":\"ImageObject\",\"inLanguage\":\"it-IT\",\"@id\":\"https:\\\/\\\/www.organisator.ch\\\/#\\\/schema\\\/logo\\\/image\\\/\",\"url\":\"https:\\\/\\\/www.organisator.ch\\\/wp-content\\\/uploads\\\/2022\\\/01\\\/Logo_Organisator_Website.png\",\"contentUrl\":\"https:\\\/\\\/www.organisator.ch\\\/wp-content\\\/uploads\\\/2022\\\/01\\\/Logo_Organisator_Website.png\",\"width\":800,\"height\":77,\"caption\":\"Organisator\"},\"image\":{\"@id\":\"https:\\\/\\\/www.organisator.ch\\\/#\\\/schema\\\/logo\\\/image\\\/\"},\"sameAs\":[\"https:\\\/\\\/www.facebook.com\\\/OrganisatorFachmagazin\",\"https:\\\/\\\/www.linkedin.com\\\/showcase\\\/organisator-das-magazin-fr-kmu\",\"https:\\\/\\\/www.xing.com\\\/news\\\/pages\\\/organisator-ch-695\",\"https:\\\/\\\/www.youtube.com\\\/channel\\\/UCGP2Sq0iWaZwT3BdIAQFYpw\"]},{\"@type\":\"Person\",\"@id\":\"https:\\\/\\\/www.organisator.ch\\\/#\\\/schema\\\/person\\\/a800b8c54e208b160517a7dcc323161d\",\"name\":\"roger.straessle\",\"image\":{\"@type\":\"ImageObject\",\"inLanguage\":\"it-IT\",\"@id\":\"https:\\\/\\\/secure.gravatar.com\\\/avatar\\\/?s=96&d=mm&r=g\",\"url\":\"https:\\\/\\\/secure.gravatar.com\\\/avatar\\\/?s=96&d=mm&r=g\",\"contentUrl\":\"https:\\\/\\\/secure.gravatar.com\\\/avatar\\\/?s=96&d=mm&r=g\",\"caption\":\"roger.straessle\"},\"url\":\"https:\\\/\\\/www.organisator.ch\\\/it\\\/author\\\/roger-straessle\\\/\"}]}<\/script>\n<!-- \/ Yoast SEO plugin. -->","yoast_head_json":{"title":"L'edificio PEB come soluzione climatica - Organizzatore","description":"Gli edifici che producono pi\u00f9 energia di quella di cui hanno bisogno sono una soluzione intelligente per il clima. Il 31\u00b0 Premio Solare mette in mostra progetti esemplari.","robots":{"index":"index","follow":"follow","max-snippet":"max-snippet:-1","max-image-preview":"max-image-preview:large","max-video-preview":"max-video-preview:-1"},"canonical":"https:\/\/www.organisator.ch\/it\/sostenibilita\/2021-11-02\/peb-gebaeude-als-klimaloesung\/","og_locale":"it_IT","og_type":"article","og_title":"PEB-Geb\u00e4ude als Klimal\u00f6sung - Organisator","og_description":"Geb\u00e4ude, die mehr Energie produzieren als sie selbst ben\u00f6tigen, sind eine schlaue Klima-L\u00f6sung. Der 31. Solarpreis zeigt beispielhafte Projekte.","og_url":"https:\/\/www.organisator.ch\/it\/sostenibilita\/2021-11-02\/peb-gebaeude-als-klimaloesung\/","og_site_name":"Organisator","article_publisher":"https:\/\/www.facebook.com\/OrganisatorFachmagazin","article_published_time":"2021-11-02T09:35:40+00:00","article_modified_time":"2022-02-09T10:06:04+00:00","og_image":[{"width":2560,"height":1920,"url":"https:\/\/www.organisator.ch\/wp-content\/uploads\/2021\/11\/Flaesch_Ansicht-von-Norden-ueberarbeitet-scaled.jpg","type":"image\/jpeg"}],"author":"roger.straessle","twitter_card":"summary_large_image","schema":{"@context":"https:\/\/schema.org","@graph":[{"@type":"Article","@id":"https:\/\/www.organisator.ch\/sustainability\/2021-11-02\/peb-gebaeude-als-klimaloesung\/#article","isPartOf":{"@id":"https:\/\/www.organisator.ch\/sustainability\/2021-11-02\/peb-gebaeude-als-klimaloesung\/"},"author":{"name":"roger.straessle","@id":"https:\/\/www.organisator.ch\/#\/schema\/person\/a800b8c54e208b160517a7dcc323161d"},"headline":"PEB-Geb\u00e4ude als Klimal\u00f6sung","datePublished":"2021-11-02T09:35:40+00:00","dateModified":"2022-02-09T10:06:04+00:00","mainEntityOfPage":{"@id":"https:\/\/www.organisator.ch\/sustainability\/2021-11-02\/peb-gebaeude-als-klimaloesung\/"},"wordCount":525,"publisher":{"@id":"https:\/\/www.organisator.ch\/#organization"},"image":{"@id":"https:\/\/www.organisator.ch\/sustainability\/2021-11-02\/peb-gebaeude-als-klimaloesung\/#primaryimage"},"thumbnailUrl":"https:\/\/www.organisator.ch\/wp-content\/uploads\/2021\/11\/Flaesch_Ansicht-von-Norden-ueberarbeitet-scaled.jpg","keywords":["PlusEnergieBau","Solarpreis 2021"],"articleSection":["SUSTAINABILITY"],"inLanguage":"it-IT"},{"@type":"WebPage","@id":"https:\/\/www.organisator.ch\/sustainability\/2021-11-02\/peb-gebaeude-als-klimaloesung\/","url":"https:\/\/www.organisator.ch\/sustainability\/2021-11-02\/peb-gebaeude-als-klimaloesung\/","name":"L'edificio PEB come soluzione climatica - Organizzatore","isPartOf":{"@id":"https:\/\/www.organisator.ch\/#website"},"primaryImageOfPage":{"@id":"https:\/\/www.organisator.ch\/sustainability\/2021-11-02\/peb-gebaeude-als-klimaloesung\/#primaryimage"},"image":{"@id":"https:\/\/www.organisator.ch\/sustainability\/2021-11-02\/peb-gebaeude-als-klimaloesung\/#primaryimage"},"thumbnailUrl":"https:\/\/www.organisator.ch\/wp-content\/uploads\/2021\/11\/Flaesch_Ansicht-von-Norden-ueberarbeitet-scaled.jpg","datePublished":"2021-11-02T09:35:40+00:00","dateModified":"2022-02-09T10:06:04+00:00","description":"Gli edifici che producono pi\u00f9 energia di quella di cui hanno bisogno sono una soluzione intelligente per il clima. Il 31\u00b0 Premio Solare mette in mostra progetti esemplari.","breadcrumb":{"@id":"https:\/\/www.organisator.ch\/sustainability\/2021-11-02\/peb-gebaeude-als-klimaloesung\/#breadcrumb"},"inLanguage":"it-IT","potentialAction":[{"@type":"ReadAction","target":["https:\/\/www.organisator.ch\/sustainability\/2021-11-02\/peb-gebaeude-als-klimaloesung\/"]}]},{"@type":"ImageObject","inLanguage":"it-IT","@id":"https:\/\/www.organisator.ch\/sustainability\/2021-11-02\/peb-gebaeude-als-klimaloesung\/#primaryimage","url":"https:\/\/www.organisator.ch\/wp-content\/uploads\/2021\/11\/Flaesch_Ansicht-von-Norden-ueberarbeitet-scaled.jpg","contentUrl":"https:\/\/www.organisator.ch\/wp-content\/uploads\/2021\/11\/Flaesch_Ansicht-von-Norden-ueberarbeitet-scaled.jpg","width":2560,"height":1920,"caption":"Das sanierte Mehrzweckgeb\u00e4ude aus dem Jahr 1975. Bild: Schweizer Solarpreis\u00a02021"},{"@type":"BreadcrumbList","@id":"https:\/\/www.organisator.ch\/sustainability\/2021-11-02\/peb-gebaeude-als-klimaloesung\/#breadcrumb","itemListElement":[{"@type":"ListItem","position":1,"name":"Home","item":"https:\/\/www.organisator.ch\/"},{"@type":"ListItem","position":2,"name":"PEB-Geb\u00e4ude als Klimal\u00f6sung"}]},{"@type":"WebSite","@id":"https:\/\/www.organisator.ch\/#website","url":"https:\/\/www.organisator.ch\/","name":"Organizzatore","description":"Competente. Pratico. In 10 numeri all'anno, ORGANISATOR presenta i temi essenziali per i manager delle PMI.","publisher":{"@id":"https:\/\/www.organisator.ch\/#organization"},"potentialAction":[{"@type":"SearchAction","target":{"@type":"EntryPoint","urlTemplate":"https:\/\/www.organisator.ch\/?s={search_term_string}"},"query-input":{"@type":"PropertyValueSpecification","valueRequired":true,"valueName":"search_term_string"}}],"inLanguage":"it-IT"},{"@type":"Organization","@id":"https:\/\/www.organisator.ch\/#organization","name":"Organizzatore","url":"https:\/\/www.organisator.ch\/","logo":{"@type":"ImageObject","inLanguage":"it-IT","@id":"https:\/\/www.organisator.ch\/#\/schema\/logo\/image\/","url":"https:\/\/www.organisator.ch\/wp-content\/uploads\/2022\/01\/Logo_Organisator_Website.png","contentUrl":"https:\/\/www.organisator.ch\/wp-content\/uploads\/2022\/01\/Logo_Organisator_Website.png","width":800,"height":77,"caption":"Organisator"},"image":{"@id":"https:\/\/www.organisator.ch\/#\/schema\/logo\/image\/"},"sameAs":["https:\/\/www.facebook.com\/OrganisatorFachmagazin","https:\/\/www.linkedin.com\/showcase\/organisator-das-magazin-fr-kmu","https:\/\/www.xing.com\/news\/pages\/organisator-ch-695","https:\/\/www.youtube.com\/channel\/UCGP2Sq0iWaZwT3BdIAQFYpw"]},{"@type":"Person","@id":"https:\/\/www.organisator.ch\/#\/schema\/person\/a800b8c54e208b160517a7dcc323161d","name":"roger.straessle","image":{"@type":"ImageObject","inLanguage":"it-IT","@id":"https:\/\/secure.gravatar.com\/avatar\/?s=96&d=mm&r=g","url":"https:\/\/secure.gravatar.com\/avatar\/?s=96&d=mm&r=g","contentUrl":"https:\/\/secure.gravatar.com\/avatar\/?s=96&d=mm&r=g","caption":"roger.straessle"},"url":"https:\/\/www.organisator.ch\/it\/author\/roger-straessle\/"}]}},"_links":{"self":[{"href":"https:\/\/www.organisator.ch\/it\/wp-json\/wp\/v2\/posts\/10340","targetHints":{"allow":["GET"]}}],"collection":[{"href":"https:\/\/www.organisator.ch\/it\/wp-json\/wp\/v2\/posts"}],"about":[{"href":"https:\/\/www.organisator.ch\/it\/wp-json\/wp\/v2\/types\/post"}],"author":[{"embeddable":true,"href":"https:\/\/www.organisator.ch\/it\/wp-json\/wp\/v2\/users\/6"}],"replies":[{"embeddable":true,"href":"https:\/\/www.organisator.ch\/it\/wp-json\/wp\/v2\/comments?post=10340"}],"version-history":[{"count":1,"href":"https:\/\/www.organisator.ch\/it\/wp-json\/wp\/v2\/posts\/10340\/revisions"}],"predecessor-version":[{"id":10450,"href":"https:\/\/www.organisator.ch\/it\/wp-json\/wp\/v2\/posts\/10340\/revisions\/10450"}],"wp:featuredmedia":[{"embeddable":true,"href":"https:\/\/www.organisator.ch\/it\/wp-json\/wp\/v2\/media\/5040"}],"wp:attachment":[{"href":"https:\/\/www.organisator.ch\/it\/wp-json\/wp\/v2\/media?parent=10340"}],"wp:term":[{"taxonomy":"category","embeddable":true,"href":"https:\/\/www.organisator.ch\/it\/wp-json\/wp\/v2\/categories?post=10340"},{"taxonomy":"post_tag","embeddable":true,"href":"https:\/\/www.organisator.ch\/it\/wp-json\/wp\/v2\/tags?post=10340"}],"curies":[{"name":"wp","href":"https:\/\/api.w.org\/{rel}","templated":true}]}}