{"id":1037,"date":"2016-08-05T08:49:33","date_gmt":"2016-08-05T06:49:33","guid":{"rendered":"http:\/\/dev.organisator.ch\/?p=1037"},"modified":"2016-08-05T08:49:33","modified_gmt":"2016-08-05T06:49:33","slug":"kontingente-fuer-arbeitsplaetze-in-der-schweiz","status":"publish","type":"post","link":"https:\/\/www.organisator.ch\/it\/management\/2016-08-05\/kontingente-fuer-arbeitsplaetze-in-der-schweiz\/","title":{"rendered":"Quote per i posti di lavoro in Svizzera"},"content":{"rendered":"<figure id=\"attachment_1038\" aria-describedby=\"caption-attachment-1038\" style=\"width: 640px\" class=\"wp-caption alignnone\"><img loading=\"lazy\" decoding=\"async\" class=\"size-full wp-image-1038\" src=\"https:\/\/www.organisator.ch\/wp-content\/uploads\/2016\/12\/Kontingente-fuer-Arbeitsplaetze-in-der-Schweiz-organisator.jpg\" alt=\"\" width=\"640\" height=\"424\" srcset=\"https:\/\/www.organisator.ch\/wp-content\/uploads\/2016\/12\/Kontingente-fuer-Arbeitsplaetze-in-der-Schweiz-organisator.jpg 640w, https:\/\/www.organisator.ch\/wp-content\/uploads\/2016\/12\/Kontingente-fuer-Arbeitsplaetze-in-der-Schweiz-organisator-16x12.jpg 16w, https:\/\/www.organisator.ch\/wp-content\/uploads\/2016\/12\/Kontingente-fuer-Arbeitsplaetze-in-der-Schweiz-organisator-264x175.jpg 264w, https:\/\/www.organisator.ch\/wp-content\/uploads\/2016\/12\/Kontingente-fuer-Arbeitsplaetze-in-der-Schweiz-organisator-528x350.jpg 528w, https:\/\/www.organisator.ch\/wp-content\/uploads\/2016\/12\/Kontingente-fuer-Arbeitsplaetze-in-der-Schweiz-organisator-300x199.jpg 300w\" sizes=\"auto, (max-width: 640px) 100vw, 640px\" \/><figcaption id=\"caption-attachment-1038\" class=\"wp-caption-text\">Swico chiede un'azione rapida da parte degli specialisti internazionali. (Immagine: ZvG)<\/figcaption><\/figure>\n<p>Per il 2015 e anche per il 2016, il Consiglio federale ha ridotto significativamente le quote per i fornitori di servizi provenienti da Stati UE\/AELS e da paesi terzi, cosa che Swico ha fortemente criticato gi\u00e0 allora. Il Consiglio federale lo ha fatto principalmente con un argomento politico basato sull'adozione dell'iniziativa sull'immigrazione di massa. Tuttavia, queste quote non hanno niente a che vedere con l'immigrazione, poich\u00e9 si tratta di brevi soggiorni di specialisti che rimangono impiegati all'estero e vi ritornano. Non entrano nel sistema sociale n\u00e9 hanno diritto al ricongiungimento familiare.<\/p>\n<p><strong>Quote gi\u00e0 assegnate<\/strong><\/p>\n<p>I membri della Swico ne hanno sentito gli effetti da allora. In ognuno dei sei trimestri dopo il taglio, le quote sono state esaurite circa a met\u00e0, portando a una \"corsa dei levrieri\" tra le aziende e a un alto grado di incertezza, per esempio, quando si fanno offerte per progetti internazionali. Se gli specialisti decisivi (basati all'estero) non sono disponibili quando servono, i team di sviluppo svizzeri possono avere difficolt\u00e0 corrispondenti: Di conseguenza, tutti gli ordini vengono spostati all'estero, il che non solo priva la Svizzera di valore aggiunto, ma mette anche in pericolo a medio termine i posti di lavoro precedentemente situati in Svizzera.<\/p>\n<p><strong>Brexit - e poi?<\/strong><\/p>\n<p>Il crescente deterioramento delle condizioni economiche in Svizzera, soprattutto a causa della forza del franco svizzero, la crescente imprevedibilit\u00e0 degli sviluppi politici nonch\u00e9 le incerte conseguenze del voto \"Brexit\": tutto ci\u00f2 richiede ora un rapido intervento del Consiglio federale e un ritorno a quote adeguate. Queste dovrebbero essere fissate secondo i criteri del mercato del lavoro e non secondo la convenienza politica, il che avrebbe un impatto positivo su tutto il mercato del lavoro e dell'apprendistato svizzero.<\/p>\n<p>Potete trovare l'intera dichiarazione sotto questo <a href=\"http:\/\/www.swico.ch\/downloads\/dokumente\/festlegung-der-hoechstzahlen-fuer-das-jahr-2017anhoerungpdf.pdf\/3955\" target=\"_blank\" rel=\"noreferrer noopener\" data-cke-saved-href=\"http:\/\/www.swico.ch\/downloads\/dokumente\/festlegung-der-hoechstzahlen-fuer-das-jahr-2017anhoerungpdf.pdf\/3955\">Link<\/a><br \/>\n<a href=\"http:\/\/www.swico.ch\" target=\"_blank\" rel=\"noreferrer noopener\" data-cke-saved-href=\"http:\/\/www.swico.ch\">http:\/\/www.swico.ch<\/a><\/p>","protected":false},"excerpt":{"rendered":"<p>F\u00fcr 2015 und auch f\u00fcr 2016 hat der Bundesrat die Kontingente f\u00fcr Dienstleistungserbringer aus EU\/EFTA Staaten und Drittstaaten markant gek\u00fcrzt, was Swico schon damals stark kritisierte. Der Bundesrat tat dies prim\u00e4r mit einer politischen Argumentation, die sich auf die Annahme der Masseneinwanderungsinitiative st\u00fctzte. Dabei haben diese Kontingente mit Einwanderung nichts zu tun, handelt es sich [&hellip;]<\/p>\n","protected":false},"author":1,"featured_media":1038,"comment_status":"open","ping_status":"open","sticky":false,"template":"","format":"standard","meta":{"_acf_changed":false,"_yoast_wpseo_focuskw":"Kontingente f\u00fcr Arbeitspl\u00e4tze","_yoast_wpseo_metadesc":"In Zeiten der Frankenst\u00e4rke und des Brexits sind Schweizer Unternehmen auf eine minimale Flexibilit\u00e4t des Arbeitsmarktes angewiesen.","articlekey":"","footnotes":""},"categories":[28],"tags":[334,358],"class_list":["post-1037","post","type-post","status-publish","format-standard","has-post-thumbnail","hentry","category-management","tag-management","tag-nachhaltige-wirtschaft"],"acf":[],"yoast_head":"<!-- This site is optimized with the Yoast SEO plugin v27.5 - https:\/\/yoast.com\/product\/yoast-seo-wordpress\/ -->\n<title>Kontingente f\u00fcr Arbeitspl\u00e4tze in der Schweiz - Organisator<\/title>\n<meta name=\"description\" content=\"In Zeiten der Frankenst\u00e4rke und des Brexits sind Schweizer Unternehmen auf eine minimale Flexibilit\u00e4t des Arbeitsmarktes angewiesen.\" \/>\n<meta name=\"robots\" content=\"index, follow, max-snippet:-1, max-image-preview:large, max-video-preview:-1\" \/>\n<link rel=\"canonical\" href=\"https:\/\/www.organisator.ch\/it\/gestione-2\/2016-08-05\/kontingente-fuer-arbeitsplaetze-in-der-schweiz\/\" \/>\n<meta property=\"og:locale\" content=\"it_IT\" \/>\n<meta property=\"og:type\" content=\"article\" \/>\n<meta property=\"og:title\" content=\"Kontingente f\u00fcr Arbeitspl\u00e4tze in der Schweiz\" \/>\n<meta property=\"og:description\" content=\"In Zeiten der Frankenst\u00e4rke und des Brexits sind Schweizer Unternehmen auf eine minimale Flexibilit\u00e4t des Arbeitsmarktes angewiesen, um Firmen und Stellen im Inland zu halten. Im Rahmen der Anh\u00f6rung des Bundesrats zur Festlegung der j\u00e4hrlichen H\u00f6chstzahlen (Kontingente) f\u00fcr ausl\u00e4ndische Arbeitskr\u00e4fte fordert der Verband der ICT-Anbieter Swico eine deutlich st\u00e4rkere Ausrichtung der Kontingentszahlen auf die Bed\u00fcrfnisse der Wirtschaft.\" \/>\n<meta property=\"og:url\" content=\"https:\/\/www.organisator.ch\/it\/gestione-2\/2016-08-05\/kontingente-fuer-arbeitsplaetze-in-der-schweiz\/\" \/>\n<meta property=\"og:site_name\" content=\"Organisator\" \/>\n<meta property=\"article:publisher\" content=\"https:\/\/www.facebook.com\/OrganisatorFachmagazin\" \/>\n<meta property=\"article:published_time\" content=\"2016-08-05T06:49:33+00:00\" \/>\n<meta name=\"author\" content=\"admin\" \/>\n<meta name=\"twitter:card\" content=\"summary_large_image\" \/>\n<meta name=\"twitter:image\" content=\"https:\/\/www.organisator.ch\/wp-content\/uploads\/2016\/12\/Kontingente-fuer-Arbeitsplaetze-in-der-Schweiz-organisator.jpg\" \/>\n<script type=\"application\/ld+json\" class=\"yoast-schema-graph\">{\"@context\":\"https:\\\/\\\/schema.org\",\"@graph\":[{\"@type\":\"Article\",\"@id\":\"https:\\\/\\\/www.organisator.ch\\\/management\\\/2016-08-05\\\/kontingente-fuer-arbeitsplaetze-in-der-schweiz\\\/#article\",\"isPartOf\":{\"@id\":\"https:\\\/\\\/www.organisator.ch\\\/management\\\/2016-08-05\\\/kontingente-fuer-arbeitsplaetze-in-der-schweiz\\\/\"},\"author\":{\"name\":\"admin\",\"@id\":\"https:\\\/\\\/www.organisator.ch\\\/#\\\/schema\\\/person\\\/aa2bace6c5c5aad60102004a50c4eb1c\"},\"headline\":\"Kontingente f\u00fcr Arbeitspl\u00e4tze in der Schweiz\",\"datePublished\":\"2016-08-05T06:49:33+00:00\",\"mainEntityOfPage\":{\"@id\":\"https:\\\/\\\/www.organisator.ch\\\/management\\\/2016-08-05\\\/kontingente-fuer-arbeitsplaetze-in-der-schweiz\\\/\"},\"wordCount\":303,\"commentCount\":0,\"publisher\":{\"@id\":\"https:\\\/\\\/www.organisator.ch\\\/#organization\"},\"image\":{\"@id\":\"https:\\\/\\\/www.organisator.ch\\\/management\\\/2016-08-05\\\/kontingente-fuer-arbeitsplaetze-in-der-schweiz\\\/#primaryimage\"},\"thumbnailUrl\":\"https:\\\/\\\/www.organisator.ch\\\/wp-content\\\/uploads\\\/2016\\\/12\\\/Kontingente-fuer-Arbeitsplaetze-in-der-Schweiz-organisator.jpg\",\"keywords\":[\"Management\",\"Nachhaltige Wirtschaft\"],\"articleSection\":[\"MANAGEMENT\"],\"inLanguage\":\"it-IT\"},{\"@type\":\"WebPage\",\"@id\":\"https:\\\/\\\/www.organisator.ch\\\/management\\\/2016-08-05\\\/kontingente-fuer-arbeitsplaetze-in-der-schweiz\\\/\",\"url\":\"https:\\\/\\\/www.organisator.ch\\\/management\\\/2016-08-05\\\/kontingente-fuer-arbeitsplaetze-in-der-schweiz\\\/\",\"name\":\"Kontingente f\u00fcr Arbeitspl\u00e4tze in der Schweiz - Organisator\",\"isPartOf\":{\"@id\":\"https:\\\/\\\/www.organisator.ch\\\/#website\"},\"primaryImageOfPage\":{\"@id\":\"https:\\\/\\\/www.organisator.ch\\\/management\\\/2016-08-05\\\/kontingente-fuer-arbeitsplaetze-in-der-schweiz\\\/#primaryimage\"},\"image\":{\"@id\":\"https:\\\/\\\/www.organisator.ch\\\/management\\\/2016-08-05\\\/kontingente-fuer-arbeitsplaetze-in-der-schweiz\\\/#primaryimage\"},\"thumbnailUrl\":\"https:\\\/\\\/www.organisator.ch\\\/wp-content\\\/uploads\\\/2016\\\/12\\\/Kontingente-fuer-Arbeitsplaetze-in-der-Schweiz-organisator.jpg\",\"datePublished\":\"2016-08-05T06:49:33+00:00\",\"description\":\"In Zeiten der Frankenst\u00e4rke und des Brexits sind Schweizer Unternehmen auf eine minimale Flexibilit\u00e4t des Arbeitsmarktes angewiesen.\",\"breadcrumb\":{\"@id\":\"https:\\\/\\\/www.organisator.ch\\\/management\\\/2016-08-05\\\/kontingente-fuer-arbeitsplaetze-in-der-schweiz\\\/#breadcrumb\"},\"inLanguage\":\"it-IT\",\"potentialAction\":[{\"@type\":\"ReadAction\",\"target\":[\"https:\\\/\\\/www.organisator.ch\\\/management\\\/2016-08-05\\\/kontingente-fuer-arbeitsplaetze-in-der-schweiz\\\/\"]}]},{\"@type\":\"ImageObject\",\"inLanguage\":\"it-IT\",\"@id\":\"https:\\\/\\\/www.organisator.ch\\\/management\\\/2016-08-05\\\/kontingente-fuer-arbeitsplaetze-in-der-schweiz\\\/#primaryimage\",\"url\":\"https:\\\/\\\/www.organisator.ch\\\/wp-content\\\/uploads\\\/2016\\\/12\\\/Kontingente-fuer-Arbeitsplaetze-in-der-Schweiz-organisator.jpg\",\"contentUrl\":\"https:\\\/\\\/www.organisator.ch\\\/wp-content\\\/uploads\\\/2016\\\/12\\\/Kontingente-fuer-Arbeitsplaetze-in-der-Schweiz-organisator.jpg\",\"width\":640,\"height\":424,\"caption\":\"Die Swico fordert schnelles Handeln zugusten internationalen Spezialisten. (Bild: ZvG)\"},{\"@type\":\"BreadcrumbList\",\"@id\":\"https:\\\/\\\/www.organisator.ch\\\/management\\\/2016-08-05\\\/kontingente-fuer-arbeitsplaetze-in-der-schweiz\\\/#breadcrumb\",\"itemListElement\":[{\"@type\":\"ListItem\",\"position\":1,\"name\":\"Home\",\"item\":\"https:\\\/\\\/www.organisator.ch\\\/\"},{\"@type\":\"ListItem\",\"position\":2,\"name\":\"Kontingente f\u00fcr Arbeitspl\u00e4tze in der Schweiz\"}]},{\"@type\":\"WebSite\",\"@id\":\"https:\\\/\\\/www.organisator.ch\\\/#website\",\"url\":\"https:\\\/\\\/www.organisator.ch\\\/\",\"name\":\"Organisator\",\"description\":\"Kompetent. Praxisnah. Der ORGANISATOR bereitet in 10 Ausgaben pro Jahr die wesentlichen Themen f\u00fcr F\u00fchrungskr\u00e4fte von KMU auf.\",\"publisher\":{\"@id\":\"https:\\\/\\\/www.organisator.ch\\\/#organization\"},\"potentialAction\":[{\"@type\":\"SearchAction\",\"target\":{\"@type\":\"EntryPoint\",\"urlTemplate\":\"https:\\\/\\\/www.organisator.ch\\\/?s={search_term_string}\"},\"query-input\":{\"@type\":\"PropertyValueSpecification\",\"valueRequired\":true,\"valueName\":\"search_term_string\"}}],\"inLanguage\":\"it-IT\"},{\"@type\":\"Organization\",\"@id\":\"https:\\\/\\\/www.organisator.ch\\\/#organization\",\"name\":\"Organisator\",\"url\":\"https:\\\/\\\/www.organisator.ch\\\/\",\"logo\":{\"@type\":\"ImageObject\",\"inLanguage\":\"it-IT\",\"@id\":\"https:\\\/\\\/www.organisator.ch\\\/#\\\/schema\\\/logo\\\/image\\\/\",\"url\":\"https:\\\/\\\/www.organisator.ch\\\/wp-content\\\/uploads\\\/2022\\\/01\\\/Logo_Organisator_Website.png\",\"contentUrl\":\"https:\\\/\\\/www.organisator.ch\\\/wp-content\\\/uploads\\\/2022\\\/01\\\/Logo_Organisator_Website.png\",\"width\":800,\"height\":77,\"caption\":\"Organisator\"},\"image\":{\"@id\":\"https:\\\/\\\/www.organisator.ch\\\/#\\\/schema\\\/logo\\\/image\\\/\"},\"sameAs\":[\"https:\\\/\\\/www.facebook.com\\\/OrganisatorFachmagazin\",\"https:\\\/\\\/www.linkedin.com\\\/showcase\\\/organisator-das-magazin-fr-kmu\",\"https:\\\/\\\/www.xing.com\\\/news\\\/pages\\\/organisator-ch-695\",\"https:\\\/\\\/www.youtube.com\\\/channel\\\/UCGP2Sq0iWaZwT3BdIAQFYpw\"]},{\"@type\":\"Person\",\"@id\":\"https:\\\/\\\/www.organisator.ch\\\/#\\\/schema\\\/person\\\/aa2bace6c5c5aad60102004a50c4eb1c\",\"name\":\"admin\",\"image\":{\"@type\":\"ImageObject\",\"inLanguage\":\"it-IT\",\"@id\":\"https:\\\/\\\/secure.gravatar.com\\\/avatar\\\/ae2f4d718e6c49043e314ce431e7e645d646302a24a5ef5a8bc8e3f5a032e319?s=96&d=mm&r=g\",\"url\":\"https:\\\/\\\/secure.gravatar.com\\\/avatar\\\/ae2f4d718e6c49043e314ce431e7e645d646302a24a5ef5a8bc8e3f5a032e319?s=96&d=mm&r=g\",\"contentUrl\":\"https:\\\/\\\/secure.gravatar.com\\\/avatar\\\/ae2f4d718e6c49043e314ce431e7e645d646302a24a5ef5a8bc8e3f5a032e319?s=96&d=mm&r=g\",\"caption\":\"admin\"},\"sameAs\":[\"https:\\\/\\\/www.organisator.ch\"],\"url\":\"https:\\\/\\\/www.organisator.ch\\\/it\\\/author\\\/admin\\\/\"}]}<\/script>\n<!-- \/ Yoast SEO plugin. -->","yoast_head_json":{"title":"Quote per posti di lavoro in Svizzera - Organizzatore","description":"In tempi di forza del franco e di Brexit, le aziende svizzere dipendono da un minimo di flessibilit\u00e0 nel mercato del lavoro.","robots":{"index":"index","follow":"follow","max-snippet":"max-snippet:-1","max-image-preview":"max-image-preview:large","max-video-preview":"max-video-preview:-1"},"canonical":"https:\/\/www.organisator.ch\/it\/gestione-2\/2016-08-05\/kontingente-fuer-arbeitsplaetze-in-der-schweiz\/","og_locale":"it_IT","og_type":"article","og_title":"Kontingente f\u00fcr Arbeitspl\u00e4tze in der Schweiz","og_description":"In Zeiten der Frankenst\u00e4rke und des Brexits sind Schweizer Unternehmen auf eine minimale Flexibilit\u00e4t des Arbeitsmarktes angewiesen, um Firmen und Stellen im Inland zu halten. Im Rahmen der Anh\u00f6rung des Bundesrats zur Festlegung der j\u00e4hrlichen H\u00f6chstzahlen (Kontingente) f\u00fcr ausl\u00e4ndische Arbeitskr\u00e4fte fordert der Verband der ICT-Anbieter Swico eine deutlich st\u00e4rkere Ausrichtung der Kontingentszahlen auf die Bed\u00fcrfnisse der Wirtschaft.","og_url":"https:\/\/www.organisator.ch\/it\/gestione-2\/2016-08-05\/kontingente-fuer-arbeitsplaetze-in-der-schweiz\/","og_site_name":"Organisator","article_publisher":"https:\/\/www.facebook.com\/OrganisatorFachmagazin","article_published_time":"2016-08-05T06:49:33+00:00","author":"admin","twitter_card":"summary_large_image","twitter_image":"https:\/\/www.organisator.ch\/wp-content\/uploads\/2016\/12\/Kontingente-fuer-Arbeitsplaetze-in-der-Schweiz-organisator.jpg","schema":{"@context":"https:\/\/schema.org","@graph":[{"@type":"Article","@id":"https:\/\/www.organisator.ch\/management\/2016-08-05\/kontingente-fuer-arbeitsplaetze-in-der-schweiz\/#article","isPartOf":{"@id":"https:\/\/www.organisator.ch\/management\/2016-08-05\/kontingente-fuer-arbeitsplaetze-in-der-schweiz\/"},"author":{"name":"admin","@id":"https:\/\/www.organisator.ch\/#\/schema\/person\/aa2bace6c5c5aad60102004a50c4eb1c"},"headline":"Kontingente f\u00fcr Arbeitspl\u00e4tze in der Schweiz","datePublished":"2016-08-05T06:49:33+00:00","mainEntityOfPage":{"@id":"https:\/\/www.organisator.ch\/management\/2016-08-05\/kontingente-fuer-arbeitsplaetze-in-der-schweiz\/"},"wordCount":303,"commentCount":0,"publisher":{"@id":"https:\/\/www.organisator.ch\/#organization"},"image":{"@id":"https:\/\/www.organisator.ch\/management\/2016-08-05\/kontingente-fuer-arbeitsplaetze-in-der-schweiz\/#primaryimage"},"thumbnailUrl":"https:\/\/www.organisator.ch\/wp-content\/uploads\/2016\/12\/Kontingente-fuer-Arbeitsplaetze-in-der-Schweiz-organisator.jpg","keywords":["Management","Nachhaltige Wirtschaft"],"articleSection":["MANAGEMENT"],"inLanguage":"it-IT"},{"@type":"WebPage","@id":"https:\/\/www.organisator.ch\/management\/2016-08-05\/kontingente-fuer-arbeitsplaetze-in-der-schweiz\/","url":"https:\/\/www.organisator.ch\/management\/2016-08-05\/kontingente-fuer-arbeitsplaetze-in-der-schweiz\/","name":"Quote per posti di lavoro in Svizzera - Organizzatore","isPartOf":{"@id":"https:\/\/www.organisator.ch\/#website"},"primaryImageOfPage":{"@id":"https:\/\/www.organisator.ch\/management\/2016-08-05\/kontingente-fuer-arbeitsplaetze-in-der-schweiz\/#primaryimage"},"image":{"@id":"https:\/\/www.organisator.ch\/management\/2016-08-05\/kontingente-fuer-arbeitsplaetze-in-der-schweiz\/#primaryimage"},"thumbnailUrl":"https:\/\/www.organisator.ch\/wp-content\/uploads\/2016\/12\/Kontingente-fuer-Arbeitsplaetze-in-der-Schweiz-organisator.jpg","datePublished":"2016-08-05T06:49:33+00:00","description":"In tempi di forza del franco e di Brexit, le aziende svizzere dipendono da un minimo di flessibilit\u00e0 nel mercato del lavoro.","breadcrumb":{"@id":"https:\/\/www.organisator.ch\/management\/2016-08-05\/kontingente-fuer-arbeitsplaetze-in-der-schweiz\/#breadcrumb"},"inLanguage":"it-IT","potentialAction":[{"@type":"ReadAction","target":["https:\/\/www.organisator.ch\/management\/2016-08-05\/kontingente-fuer-arbeitsplaetze-in-der-schweiz\/"]}]},{"@type":"ImageObject","inLanguage":"it-IT","@id":"https:\/\/www.organisator.ch\/management\/2016-08-05\/kontingente-fuer-arbeitsplaetze-in-der-schweiz\/#primaryimage","url":"https:\/\/www.organisator.ch\/wp-content\/uploads\/2016\/12\/Kontingente-fuer-Arbeitsplaetze-in-der-Schweiz-organisator.jpg","contentUrl":"https:\/\/www.organisator.ch\/wp-content\/uploads\/2016\/12\/Kontingente-fuer-Arbeitsplaetze-in-der-Schweiz-organisator.jpg","width":640,"height":424,"caption":"Die Swico fordert schnelles Handeln zugusten internationalen Spezialisten. (Bild: ZvG)"},{"@type":"BreadcrumbList","@id":"https:\/\/www.organisator.ch\/management\/2016-08-05\/kontingente-fuer-arbeitsplaetze-in-der-schweiz\/#breadcrumb","itemListElement":[{"@type":"ListItem","position":1,"name":"Home","item":"https:\/\/www.organisator.ch\/"},{"@type":"ListItem","position":2,"name":"Kontingente f\u00fcr Arbeitspl\u00e4tze in der Schweiz"}]},{"@type":"WebSite","@id":"https:\/\/www.organisator.ch\/#website","url":"https:\/\/www.organisator.ch\/","name":"Organizzatore","description":"Competente. Pratico. In 10 numeri all'anno, ORGANISATOR presenta i temi essenziali per i manager delle PMI.","publisher":{"@id":"https:\/\/www.organisator.ch\/#organization"},"potentialAction":[{"@type":"SearchAction","target":{"@type":"EntryPoint","urlTemplate":"https:\/\/www.organisator.ch\/?s={search_term_string}"},"query-input":{"@type":"PropertyValueSpecification","valueRequired":true,"valueName":"search_term_string"}}],"inLanguage":"it-IT"},{"@type":"Organization","@id":"https:\/\/www.organisator.ch\/#organization","name":"Organizzatore","url":"https:\/\/www.organisator.ch\/","logo":{"@type":"ImageObject","inLanguage":"it-IT","@id":"https:\/\/www.organisator.ch\/#\/schema\/logo\/image\/","url":"https:\/\/www.organisator.ch\/wp-content\/uploads\/2022\/01\/Logo_Organisator_Website.png","contentUrl":"https:\/\/www.organisator.ch\/wp-content\/uploads\/2022\/01\/Logo_Organisator_Website.png","width":800,"height":77,"caption":"Organisator"},"image":{"@id":"https:\/\/www.organisator.ch\/#\/schema\/logo\/image\/"},"sameAs":["https:\/\/www.facebook.com\/OrganisatorFachmagazin","https:\/\/www.linkedin.com\/showcase\/organisator-das-magazin-fr-kmu","https:\/\/www.xing.com\/news\/pages\/organisator-ch-695","https:\/\/www.youtube.com\/channel\/UCGP2Sq0iWaZwT3BdIAQFYpw"]},{"@type":"Person","@id":"https:\/\/www.organisator.ch\/#\/schema\/person\/aa2bace6c5c5aad60102004a50c4eb1c","name":"amministratore","image":{"@type":"ImageObject","inLanguage":"it-IT","@id":"https:\/\/secure.gravatar.com\/avatar\/ae2f4d718e6c49043e314ce431e7e645d646302a24a5ef5a8bc8e3f5a032e319?s=96&d=mm&r=g","url":"https:\/\/secure.gravatar.com\/avatar\/ae2f4d718e6c49043e314ce431e7e645d646302a24a5ef5a8bc8e3f5a032e319?s=96&d=mm&r=g","contentUrl":"https:\/\/secure.gravatar.com\/avatar\/ae2f4d718e6c49043e314ce431e7e645d646302a24a5ef5a8bc8e3f5a032e319?s=96&d=mm&r=g","caption":"admin"},"sameAs":["https:\/\/www.organisator.ch"],"url":"https:\/\/www.organisator.ch\/it\/author\/admin\/"}]}},"_links":{"self":[{"href":"https:\/\/www.organisator.ch\/it\/wp-json\/wp\/v2\/posts\/1037","targetHints":{"allow":["GET"]}}],"collection":[{"href":"https:\/\/www.organisator.ch\/it\/wp-json\/wp\/v2\/posts"}],"about":[{"href":"https:\/\/www.organisator.ch\/it\/wp-json\/wp\/v2\/types\/post"}],"author":[{"embeddable":true,"href":"https:\/\/www.organisator.ch\/it\/wp-json\/wp\/v2\/users\/1"}],"replies":[{"embeddable":true,"href":"https:\/\/www.organisator.ch\/it\/wp-json\/wp\/v2\/comments?post=1037"}],"version-history":[{"count":0,"href":"https:\/\/www.organisator.ch\/it\/wp-json\/wp\/v2\/posts\/1037\/revisions"}],"wp:featuredmedia":[{"embeddable":true,"href":"https:\/\/www.organisator.ch\/it\/wp-json\/wp\/v2\/media\/1038"}],"wp:attachment":[{"href":"https:\/\/www.organisator.ch\/it\/wp-json\/wp\/v2\/media?parent=1037"}],"wp:term":[{"taxonomy":"category","embeddable":true,"href":"https:\/\/www.organisator.ch\/it\/wp-json\/wp\/v2\/categories?post=1037"},{"taxonomy":"post_tag","embeddable":true,"href":"https:\/\/www.organisator.ch\/it\/wp-json\/wp\/v2\/tags?post=1037"}],"curies":[{"name":"wp","href":"https:\/\/api.w.org\/{rel}","templated":true}]}}