{"id":105,"date":"2016-02-03T15:11:57","date_gmt":"2016-02-03T14:11:57","guid":{"rendered":"http:\/\/dev.organisator.ch\/?p=105"},"modified":"2016-02-03T15:11:57","modified_gmt":"2016-02-03T14:11:57","slug":"demokratische-wahlen-fuer-neue-karrieren","status":"publish","type":"post","link":"https:\/\/www.organisator.ch\/it\/human-resources\/hrm\/2016-02-03\/demokratische-wahlen-fuer-neue-karrieren\/","title":{"rendered":"Elezioni democratiche per nuove carriere"},"content":{"rendered":"<figure id=\"attachment_106\" aria-describedby=\"caption-attachment-106\" style=\"width: 650px\" class=\"wp-caption alignnone\"><img loading=\"lazy\" decoding=\"async\" class=\"size-full wp-image-106\" src=\"https:\/\/www.organisator.ch\/wp-content\/uploads\/2016\/12\/Demokratische-Wahlen-fuer-neue-Karrieren-organisator.jpg\" alt=\"\" width=\"650\" height=\"433\" srcset=\"https:\/\/www.organisator.ch\/wp-content\/uploads\/2016\/12\/Demokratische-Wahlen-fuer-neue-Karrieren-organisator.jpg 650w, https:\/\/www.organisator.ch\/wp-content\/uploads\/2016\/12\/Demokratische-Wahlen-fuer-neue-Karrieren-organisator-16x12.jpg 16w, https:\/\/www.organisator.ch\/wp-content\/uploads\/2016\/12\/Demokratische-Wahlen-fuer-neue-Karrieren-organisator-263x175.jpg 263w, https:\/\/www.organisator.ch\/wp-content\/uploads\/2016\/12\/Demokratische-Wahlen-fuer-neue-Karrieren-organisator-525x350.jpg 525w, https:\/\/www.organisator.ch\/wp-content\/uploads\/2016\/12\/Demokratische-Wahlen-fuer-neue-Karrieren-organisator-300x200.jpg 300w\" sizes=\"auto, (max-width: 650px) 100vw, 650px\" \/><figcaption id=\"caption-attachment-106\" class=\"wp-caption-text\">Lo staff di Haufe-umantis ha eletto Marc Stoffel.<\/figcaption><\/figure>\n<blockquote><p>Il risultato delle elezioni nel gennaio 2016: \"Haufe-umantis \u00e8 e rimane un'azienda guidata dai dipendenti\".<\/p><\/blockquote>\n<p>La riunione strategica di due giorni della Haufe-umantis AG \u00e8 un evento annuale in cui i dipendenti e la direzione lavorano insieme per sviluppare la strategia dell'azienda e definire i compiti per il prossimo anno commerciale. Quest'anno i temi pi\u00f9 importanti sono stati la crescente internazionalizzazione dell'azienda, il modello organizzativo, la gestione del marchio, la tecnologia e, come ogni anno, le elezioni democratiche dei dirigenti.<\/p>\n<p>Il risultato delle elezioni nel gennaio 2016: \"Haufe-umantis \u00e8 e rimane un'azienda guidata dai dipendenti\".<\/p>\n<p><strong>Manifesto Haufe-umantis<\/strong><\/p>\n<p>La base della governance aziendale democratica \u00e8 il manifesto Haufe-umantis, che descrive i valori applicabili in aree come il processo decisionale, la performance o il reclutamento della squadra. Votando la nuova costituzione, i dipendenti hanno definito i processi di base, le regole e i valori dell'azienda. Questo include l'elezione democratica dei dirigenti, che si \u00e8 tenuta per la terza volta quest'anno.<\/p>\n<p><strong>Percorsi di carriera a spirale<\/strong><\/p>\n<p>In occasione della riunione strategica a Sciaffusa, l'intera direzione si \u00e8 nuovamente candidata e ha ottenuto buoni risultati. Due dirigenti si sono dimessi volontariamente dalle loro posizioni nel periodo precedente le elezioni e hanno deciso di non ricandidarsi. Entrambi erano convinti di poter utilizzare le loro conoscenze e capacit\u00e0 in modo pi\u00f9 efficace in un'altra posizione. Tornati nella squadra, hanno l'opportunit\u00e0 di contribuire con le loro forze in una posizione appropriata e di imparare dal comportamento di leadership dei loro successori. Possono ripresentarsi alle prossime elezioni.<\/p>\n<p>Hermann Arnold, cofondatore e presidente, si \u00e8 dimesso da amministratore delegato per lasciare il posto a Marc Stoffel. Afferma: \"I percorsi di carriera a spirale devono diventare un processo normale. Questo crea un enorme effetto di apprendimento tra il team e la leadership: dopo la propria esperienza di leadership nel team, si osserva il nuovo leader che conduce in modo diverso, si fanno paragoni e cos\u00ec si impara dal proprio tempo di leadership e da quello dei propri colleghi. Non posso immaginare uno sviluppo della leadership pi\u00f9 completo\". Per inciso, il nuovo amministratore delegato del pioniere di St. IT \u00e8 Marc Stoffel.<\/p>\n<p><a href=\"http:\/\/www.haufe.com\/umantis\" target=\"_blank\" data-cke-saved-href=\"http:\/\/www.haufe.com\/umantis\" rel=\"noopener\">www.haufe.com\/umantis<\/a><\/p>","protected":false},"excerpt":{"rendered":"<p>Das Wahlergebnis im Januar 2016: \u201eHaufe-umantis ist und bleibt ein von den Mitarbeitern gef\u00fchrtes Unternehmen.\u201c Das zweit\u00e4gige Strategiemeeting der Haufe-umantis AG ist eine j\u00e4hrliche Veranstaltung, bei der Mitarbeiter und Management gemeinsam die Strategie des Unternehmens erarbeiten und die Aufgaben f\u00fcr das kommende Gesch\u00e4ftsjahr festlegen. Zu den wichtigsten Themen geh\u00f6rten in diesem Jahr die zunehmende Internationalisierung [&hellip;]<\/p>\n","protected":false},"author":1,"featured_media":106,"comment_status":"open","ping_status":"open","sticky":false,"template":"","format":"standard","meta":{"_acf_changed":false,"_yoast_wpseo_focuskw":"Demokratische Wahlen","_yoast_wpseo_metadesc":"Die knapp 200 Mitarbeiter der Haufe-umantis AG haben entschieden: Das Unternehmen wird weiterhin nach demokratischen Ans\u00e4tzen gef\u00fchrt.","articlekey":"","footnotes":""},"categories":[26],"tags":[51,254,381],"class_list":["post-105","post","type-post","status-publish","format-standard","has-post-thumbnail","hentry","category-hrm","tag-arbeitsplatzgestaltung","tag-hrm","tag-personalia"],"acf":[],"yoast_head":"<!-- This site is optimized with the Yoast SEO plugin v27.4 - https:\/\/yoast.com\/product\/yoast-seo-wordpress\/ -->\n<title>Demokratische Wahlen f\u00fcr neue Karrieren - Organisator<\/title>\n<meta name=\"description\" content=\"Die knapp 200 Mitarbeiter der Haufe-umantis AG haben entschieden: Das Unternehmen wird weiterhin nach demokratischen Ans\u00e4tzen gef\u00fchrt.\" \/>\n<meta name=\"robots\" content=\"index, follow, max-snippet:-1, max-image-preview:large, max-video-preview:-1\" \/>\n<link rel=\"canonical\" href=\"https:\/\/www.organisator.ch\/it\/risorse-umane\/hrm\/2016-02-03\/demokratische-wahlen-fuer-neue-karrieren\/\" \/>\n<meta property=\"og:locale\" content=\"it_IT\" \/>\n<meta property=\"og:type\" content=\"article\" \/>\n<meta property=\"og:title\" content=\"Demokratische Wahlen f\u00fcr neue Karrieren\" \/>\n<meta property=\"og:description\" content=\"Die knapp 200 Mitarbeiter der Haufe-umantis AG haben entschieden: Das Unternehmen wird weiterhin nach demokratischen Ans\u00e4tzen gef\u00fchrt. Anfangs Januar fand in Schaffhausen das j\u00e4hrliche Strategiemeeting samt F\u00fchrungskr\u00e4ftewahl statt.\" \/>\n<meta property=\"og:url\" content=\"https:\/\/www.organisator.ch\/it\/risorse-umane\/hrm\/2016-02-03\/demokratische-wahlen-fuer-neue-karrieren\/\" \/>\n<meta property=\"og:site_name\" content=\"Organisator\" \/>\n<meta property=\"article:publisher\" content=\"https:\/\/www.facebook.com\/OrganisatorFachmagazin\" \/>\n<meta property=\"article:published_time\" content=\"2016-02-03T14:11:57+00:00\" \/>\n<meta name=\"author\" content=\"admin\" \/>\n<meta name=\"twitter:card\" content=\"summary_large_image\" \/>\n<meta name=\"twitter:image\" content=\"https:\/\/www.organisator.ch\/wp-content\/uploads\/2016\/12\/Demokratische-Wahlen-fuer-neue-Karrieren-organisator.jpg\" \/>\n<script type=\"application\/ld+json\" class=\"yoast-schema-graph\">{\"@context\":\"https:\\\/\\\/schema.org\",\"@graph\":[{\"@type\":\"Article\",\"@id\":\"https:\\\/\\\/www.organisator.ch\\\/human-resources\\\/hrm\\\/2016-02-03\\\/demokratische-wahlen-fuer-neue-karrieren\\\/#article\",\"isPartOf\":{\"@id\":\"https:\\\/\\\/www.organisator.ch\\\/human-resources\\\/hrm\\\/2016-02-03\\\/demokratische-wahlen-fuer-neue-karrieren\\\/\"},\"author\":{\"name\":\"admin\",\"@id\":\"https:\\\/\\\/www.organisator.ch\\\/#\\\/schema\\\/person\\\/aa2bace6c5c5aad60102004a50c4eb1c\"},\"headline\":\"Demokratische Wahlen f\u00fcr neue Karrieren\",\"datePublished\":\"2016-02-03T14:11:57+00:00\",\"mainEntityOfPage\":{\"@id\":\"https:\\\/\\\/www.organisator.ch\\\/human-resources\\\/hrm\\\/2016-02-03\\\/demokratische-wahlen-fuer-neue-karrieren\\\/\"},\"wordCount\":379,\"commentCount\":0,\"publisher\":{\"@id\":\"https:\\\/\\\/www.organisator.ch\\\/#organization\"},\"image\":{\"@id\":\"https:\\\/\\\/www.organisator.ch\\\/human-resources\\\/hrm\\\/2016-02-03\\\/demokratische-wahlen-fuer-neue-karrieren\\\/#primaryimage\"},\"thumbnailUrl\":\"https:\\\/\\\/www.organisator.ch\\\/wp-content\\\/uploads\\\/2016\\\/12\\\/Demokratische-Wahlen-fuer-neue-Karrieren-organisator.jpg\",\"keywords\":[\"Arbeitsplatzgestaltung\",\"HRM\",\"Personalia\"],\"articleSection\":[\"HRM\"],\"inLanguage\":\"it-IT\"},{\"@type\":\"WebPage\",\"@id\":\"https:\\\/\\\/www.organisator.ch\\\/human-resources\\\/hrm\\\/2016-02-03\\\/demokratische-wahlen-fuer-neue-karrieren\\\/\",\"url\":\"https:\\\/\\\/www.organisator.ch\\\/human-resources\\\/hrm\\\/2016-02-03\\\/demokratische-wahlen-fuer-neue-karrieren\\\/\",\"name\":\"Demokratische Wahlen f\u00fcr neue Karrieren - Organisator\",\"isPartOf\":{\"@id\":\"https:\\\/\\\/www.organisator.ch\\\/#website\"},\"primaryImageOfPage\":{\"@id\":\"https:\\\/\\\/www.organisator.ch\\\/human-resources\\\/hrm\\\/2016-02-03\\\/demokratische-wahlen-fuer-neue-karrieren\\\/#primaryimage\"},\"image\":{\"@id\":\"https:\\\/\\\/www.organisator.ch\\\/human-resources\\\/hrm\\\/2016-02-03\\\/demokratische-wahlen-fuer-neue-karrieren\\\/#primaryimage\"},\"thumbnailUrl\":\"https:\\\/\\\/www.organisator.ch\\\/wp-content\\\/uploads\\\/2016\\\/12\\\/Demokratische-Wahlen-fuer-neue-Karrieren-organisator.jpg\",\"datePublished\":\"2016-02-03T14:11:57+00:00\",\"description\":\"Die knapp 200 Mitarbeiter der Haufe-umantis AG haben entschieden: Das Unternehmen wird weiterhin nach demokratischen Ans\u00e4tzen gef\u00fchrt.\",\"breadcrumb\":{\"@id\":\"https:\\\/\\\/www.organisator.ch\\\/human-resources\\\/hrm\\\/2016-02-03\\\/demokratische-wahlen-fuer-neue-karrieren\\\/#breadcrumb\"},\"inLanguage\":\"it-IT\",\"potentialAction\":[{\"@type\":\"ReadAction\",\"target\":[\"https:\\\/\\\/www.organisator.ch\\\/human-resources\\\/hrm\\\/2016-02-03\\\/demokratische-wahlen-fuer-neue-karrieren\\\/\"]}]},{\"@type\":\"ImageObject\",\"inLanguage\":\"it-IT\",\"@id\":\"https:\\\/\\\/www.organisator.ch\\\/human-resources\\\/hrm\\\/2016-02-03\\\/demokratische-wahlen-fuer-neue-karrieren\\\/#primaryimage\",\"url\":\"https:\\\/\\\/www.organisator.ch\\\/wp-content\\\/uploads\\\/2016\\\/12\\\/Demokratische-Wahlen-fuer-neue-Karrieren-organisator.jpg\",\"contentUrl\":\"https:\\\/\\\/www.organisator.ch\\\/wp-content\\\/uploads\\\/2016\\\/12\\\/Demokratische-Wahlen-fuer-neue-Karrieren-organisator.jpg\",\"width\":650,\"height\":433,\"caption\":\"Die Belegschaft derHaufe-umantis w\u00e4hlte Marc Stoffel.\"},{\"@type\":\"BreadcrumbList\",\"@id\":\"https:\\\/\\\/www.organisator.ch\\\/human-resources\\\/hrm\\\/2016-02-03\\\/demokratische-wahlen-fuer-neue-karrieren\\\/#breadcrumb\",\"itemListElement\":[{\"@type\":\"ListItem\",\"position\":1,\"name\":\"Home\",\"item\":\"https:\\\/\\\/www.organisator.ch\\\/\"},{\"@type\":\"ListItem\",\"position\":2,\"name\":\"Demokratische Wahlen f\u00fcr neue Karrieren\"}]},{\"@type\":\"WebSite\",\"@id\":\"https:\\\/\\\/www.organisator.ch\\\/#website\",\"url\":\"https:\\\/\\\/www.organisator.ch\\\/\",\"name\":\"Organisator\",\"description\":\"Kompetent. Praxisnah. Der ORGANISATOR bereitet in 10 Ausgaben pro Jahr die wesentlichen Themen f\u00fcr F\u00fchrungskr\u00e4fte von KMU auf.\",\"publisher\":{\"@id\":\"https:\\\/\\\/www.organisator.ch\\\/#organization\"},\"potentialAction\":[{\"@type\":\"SearchAction\",\"target\":{\"@type\":\"EntryPoint\",\"urlTemplate\":\"https:\\\/\\\/www.organisator.ch\\\/?s={search_term_string}\"},\"query-input\":{\"@type\":\"PropertyValueSpecification\",\"valueRequired\":true,\"valueName\":\"search_term_string\"}}],\"inLanguage\":\"it-IT\"},{\"@type\":\"Organization\",\"@id\":\"https:\\\/\\\/www.organisator.ch\\\/#organization\",\"name\":\"Organisator\",\"url\":\"https:\\\/\\\/www.organisator.ch\\\/\",\"logo\":{\"@type\":\"ImageObject\",\"inLanguage\":\"it-IT\",\"@id\":\"https:\\\/\\\/www.organisator.ch\\\/#\\\/schema\\\/logo\\\/image\\\/\",\"url\":\"https:\\\/\\\/www.organisator.ch\\\/wp-content\\\/uploads\\\/2022\\\/01\\\/Logo_Organisator_Website.png\",\"contentUrl\":\"https:\\\/\\\/www.organisator.ch\\\/wp-content\\\/uploads\\\/2022\\\/01\\\/Logo_Organisator_Website.png\",\"width\":800,\"height\":77,\"caption\":\"Organisator\"},\"image\":{\"@id\":\"https:\\\/\\\/www.organisator.ch\\\/#\\\/schema\\\/logo\\\/image\\\/\"},\"sameAs\":[\"https:\\\/\\\/www.facebook.com\\\/OrganisatorFachmagazin\",\"https:\\\/\\\/www.linkedin.com\\\/showcase\\\/organisator-das-magazin-fr-kmu\",\"https:\\\/\\\/www.xing.com\\\/news\\\/pages\\\/organisator-ch-695\",\"https:\\\/\\\/www.youtube.com\\\/channel\\\/UCGP2Sq0iWaZwT3BdIAQFYpw\"]},{\"@type\":\"Person\",\"@id\":\"https:\\\/\\\/www.organisator.ch\\\/#\\\/schema\\\/person\\\/aa2bace6c5c5aad60102004a50c4eb1c\",\"name\":\"admin\",\"image\":{\"@type\":\"ImageObject\",\"inLanguage\":\"it-IT\",\"@id\":\"https:\\\/\\\/secure.gravatar.com\\\/avatar\\\/ae2f4d718e6c49043e314ce431e7e645d646302a24a5ef5a8bc8e3f5a032e319?s=96&d=mm&r=g\",\"url\":\"https:\\\/\\\/secure.gravatar.com\\\/avatar\\\/ae2f4d718e6c49043e314ce431e7e645d646302a24a5ef5a8bc8e3f5a032e319?s=96&d=mm&r=g\",\"contentUrl\":\"https:\\\/\\\/secure.gravatar.com\\\/avatar\\\/ae2f4d718e6c49043e314ce431e7e645d646302a24a5ef5a8bc8e3f5a032e319?s=96&d=mm&r=g\",\"caption\":\"admin\"},\"sameAs\":[\"https:\\\/\\\/www.organisator.ch\"],\"url\":\"https:\\\/\\\/www.organisator.ch\\\/it\\\/author\\\/admin\\\/\"}]}<\/script>\n<!-- \/ Yoast SEO plugin. -->","yoast_head_json":{"title":"Elezioni democratiche per nuove carriere - Organizzatore","description":"I quasi 200 dipendenti della Haufe-umantis AG hanno deciso: L'azienda continuer\u00e0 a essere gestita secondo un approccio democratico.","robots":{"index":"index","follow":"follow","max-snippet":"max-snippet:-1","max-image-preview":"max-image-preview:large","max-video-preview":"max-video-preview:-1"},"canonical":"https:\/\/www.organisator.ch\/it\/risorse-umane\/hrm\/2016-02-03\/demokratische-wahlen-fuer-neue-karrieren\/","og_locale":"it_IT","og_type":"article","og_title":"Demokratische Wahlen f\u00fcr neue Karrieren","og_description":"Die knapp 200 Mitarbeiter der Haufe-umantis AG haben entschieden: Das Unternehmen wird weiterhin nach demokratischen Ans\u00e4tzen gef\u00fchrt. Anfangs Januar fand in Schaffhausen das j\u00e4hrliche Strategiemeeting samt F\u00fchrungskr\u00e4ftewahl statt.","og_url":"https:\/\/www.organisator.ch\/it\/risorse-umane\/hrm\/2016-02-03\/demokratische-wahlen-fuer-neue-karrieren\/","og_site_name":"Organisator","article_publisher":"https:\/\/www.facebook.com\/OrganisatorFachmagazin","article_published_time":"2016-02-03T14:11:57+00:00","author":"admin","twitter_card":"summary_large_image","twitter_image":"https:\/\/www.organisator.ch\/wp-content\/uploads\/2016\/12\/Demokratische-Wahlen-fuer-neue-Karrieren-organisator.jpg","schema":{"@context":"https:\/\/schema.org","@graph":[{"@type":"Article","@id":"https:\/\/www.organisator.ch\/human-resources\/hrm\/2016-02-03\/demokratische-wahlen-fuer-neue-karrieren\/#article","isPartOf":{"@id":"https:\/\/www.organisator.ch\/human-resources\/hrm\/2016-02-03\/demokratische-wahlen-fuer-neue-karrieren\/"},"author":{"name":"admin","@id":"https:\/\/www.organisator.ch\/#\/schema\/person\/aa2bace6c5c5aad60102004a50c4eb1c"},"headline":"Demokratische Wahlen f\u00fcr neue Karrieren","datePublished":"2016-02-03T14:11:57+00:00","mainEntityOfPage":{"@id":"https:\/\/www.organisator.ch\/human-resources\/hrm\/2016-02-03\/demokratische-wahlen-fuer-neue-karrieren\/"},"wordCount":379,"commentCount":0,"publisher":{"@id":"https:\/\/www.organisator.ch\/#organization"},"image":{"@id":"https:\/\/www.organisator.ch\/human-resources\/hrm\/2016-02-03\/demokratische-wahlen-fuer-neue-karrieren\/#primaryimage"},"thumbnailUrl":"https:\/\/www.organisator.ch\/wp-content\/uploads\/2016\/12\/Demokratische-Wahlen-fuer-neue-Karrieren-organisator.jpg","keywords":["Arbeitsplatzgestaltung","HRM","Personalia"],"articleSection":["HRM"],"inLanguage":"it-IT"},{"@type":"WebPage","@id":"https:\/\/www.organisator.ch\/human-resources\/hrm\/2016-02-03\/demokratische-wahlen-fuer-neue-karrieren\/","url":"https:\/\/www.organisator.ch\/human-resources\/hrm\/2016-02-03\/demokratische-wahlen-fuer-neue-karrieren\/","name":"Elezioni democratiche per nuove carriere - Organizzatore","isPartOf":{"@id":"https:\/\/www.organisator.ch\/#website"},"primaryImageOfPage":{"@id":"https:\/\/www.organisator.ch\/human-resources\/hrm\/2016-02-03\/demokratische-wahlen-fuer-neue-karrieren\/#primaryimage"},"image":{"@id":"https:\/\/www.organisator.ch\/human-resources\/hrm\/2016-02-03\/demokratische-wahlen-fuer-neue-karrieren\/#primaryimage"},"thumbnailUrl":"https:\/\/www.organisator.ch\/wp-content\/uploads\/2016\/12\/Demokratische-Wahlen-fuer-neue-Karrieren-organisator.jpg","datePublished":"2016-02-03T14:11:57+00:00","description":"I quasi 200 dipendenti della Haufe-umantis AG hanno deciso: L'azienda continuer\u00e0 a essere gestita secondo un approccio democratico.","breadcrumb":{"@id":"https:\/\/www.organisator.ch\/human-resources\/hrm\/2016-02-03\/demokratische-wahlen-fuer-neue-karrieren\/#breadcrumb"},"inLanguage":"it-IT","potentialAction":[{"@type":"ReadAction","target":["https:\/\/www.organisator.ch\/human-resources\/hrm\/2016-02-03\/demokratische-wahlen-fuer-neue-karrieren\/"]}]},{"@type":"ImageObject","inLanguage":"it-IT","@id":"https:\/\/www.organisator.ch\/human-resources\/hrm\/2016-02-03\/demokratische-wahlen-fuer-neue-karrieren\/#primaryimage","url":"https:\/\/www.organisator.ch\/wp-content\/uploads\/2016\/12\/Demokratische-Wahlen-fuer-neue-Karrieren-organisator.jpg","contentUrl":"https:\/\/www.organisator.ch\/wp-content\/uploads\/2016\/12\/Demokratische-Wahlen-fuer-neue-Karrieren-organisator.jpg","width":650,"height":433,"caption":"Die Belegschaft derHaufe-umantis w\u00e4hlte Marc Stoffel."},{"@type":"BreadcrumbList","@id":"https:\/\/www.organisator.ch\/human-resources\/hrm\/2016-02-03\/demokratische-wahlen-fuer-neue-karrieren\/#breadcrumb","itemListElement":[{"@type":"ListItem","position":1,"name":"Home","item":"https:\/\/www.organisator.ch\/"},{"@type":"ListItem","position":2,"name":"Demokratische Wahlen f\u00fcr neue Karrieren"}]},{"@type":"WebSite","@id":"https:\/\/www.organisator.ch\/#website","url":"https:\/\/www.organisator.ch\/","name":"Organizzatore","description":"Competente. Pratico. In 10 numeri all'anno, ORGANISATOR presenta i temi essenziali per i manager delle PMI.","publisher":{"@id":"https:\/\/www.organisator.ch\/#organization"},"potentialAction":[{"@type":"SearchAction","target":{"@type":"EntryPoint","urlTemplate":"https:\/\/www.organisator.ch\/?s={search_term_string}"},"query-input":{"@type":"PropertyValueSpecification","valueRequired":true,"valueName":"search_term_string"}}],"inLanguage":"it-IT"},{"@type":"Organization","@id":"https:\/\/www.organisator.ch\/#organization","name":"Organizzatore","url":"https:\/\/www.organisator.ch\/","logo":{"@type":"ImageObject","inLanguage":"it-IT","@id":"https:\/\/www.organisator.ch\/#\/schema\/logo\/image\/","url":"https:\/\/www.organisator.ch\/wp-content\/uploads\/2022\/01\/Logo_Organisator_Website.png","contentUrl":"https:\/\/www.organisator.ch\/wp-content\/uploads\/2022\/01\/Logo_Organisator_Website.png","width":800,"height":77,"caption":"Organisator"},"image":{"@id":"https:\/\/www.organisator.ch\/#\/schema\/logo\/image\/"},"sameAs":["https:\/\/www.facebook.com\/OrganisatorFachmagazin","https:\/\/www.linkedin.com\/showcase\/organisator-das-magazin-fr-kmu","https:\/\/www.xing.com\/news\/pages\/organisator-ch-695","https:\/\/www.youtube.com\/channel\/UCGP2Sq0iWaZwT3BdIAQFYpw"]},{"@type":"Person","@id":"https:\/\/www.organisator.ch\/#\/schema\/person\/aa2bace6c5c5aad60102004a50c4eb1c","name":"amministratore","image":{"@type":"ImageObject","inLanguage":"it-IT","@id":"https:\/\/secure.gravatar.com\/avatar\/ae2f4d718e6c49043e314ce431e7e645d646302a24a5ef5a8bc8e3f5a032e319?s=96&d=mm&r=g","url":"https:\/\/secure.gravatar.com\/avatar\/ae2f4d718e6c49043e314ce431e7e645d646302a24a5ef5a8bc8e3f5a032e319?s=96&d=mm&r=g","contentUrl":"https:\/\/secure.gravatar.com\/avatar\/ae2f4d718e6c49043e314ce431e7e645d646302a24a5ef5a8bc8e3f5a032e319?s=96&d=mm&r=g","caption":"admin"},"sameAs":["https:\/\/www.organisator.ch"],"url":"https:\/\/www.organisator.ch\/it\/author\/admin\/"}]}},"_links":{"self":[{"href":"https:\/\/www.organisator.ch\/it\/wp-json\/wp\/v2\/posts\/105","targetHints":{"allow":["GET"]}}],"collection":[{"href":"https:\/\/www.organisator.ch\/it\/wp-json\/wp\/v2\/posts"}],"about":[{"href":"https:\/\/www.organisator.ch\/it\/wp-json\/wp\/v2\/types\/post"}],"author":[{"embeddable":true,"href":"https:\/\/www.organisator.ch\/it\/wp-json\/wp\/v2\/users\/1"}],"replies":[{"embeddable":true,"href":"https:\/\/www.organisator.ch\/it\/wp-json\/wp\/v2\/comments?post=105"}],"version-history":[{"count":0,"href":"https:\/\/www.organisator.ch\/it\/wp-json\/wp\/v2\/posts\/105\/revisions"}],"wp:featuredmedia":[{"embeddable":true,"href":"https:\/\/www.organisator.ch\/it\/wp-json\/wp\/v2\/media\/106"}],"wp:attachment":[{"href":"https:\/\/www.organisator.ch\/it\/wp-json\/wp\/v2\/media?parent=105"}],"wp:term":[{"taxonomy":"category","embeddable":true,"href":"https:\/\/www.organisator.ch\/it\/wp-json\/wp\/v2\/categories?post=105"},{"taxonomy":"post_tag","embeddable":true,"href":"https:\/\/www.organisator.ch\/it\/wp-json\/wp\/v2\/tags?post=105"}],"curies":[{"name":"wp","href":"https:\/\/api.w.org\/{rel}","templated":true}]}}