{"id":1057,"date":"2017-08-07T11:50:19","date_gmt":"2017-08-07T09:50:19","guid":{"rendered":"https:\/\/www.umweltperspektiven.ch\/?p=1057"},"modified":"2022-02-09T11:06:56","modified_gmt":"2022-02-09T10:06:56","slug":"eiweissmangel-wegen-co2-emissionen","status":"publish","type":"post","link":"https:\/\/www.organisator.ch\/it\/sustainability\/2017-08-07\/eiweissmangel-wegen-co2-emissionen\/","title":{"rendered":"Carenza di proteine dovuta alle emissioni di CO2"},"content":{"rendered":"<p><img loading=\"lazy\" decoding=\"async\" class=\"alignnone size-medium wp-image-1059\" src=\"\/\/www.umweltperspektiven.ch\/wp-content\/uploads\/2017\/08\/Depositphotos_32727549_l-2015.jpg\" alt=\"\" width=\"680\" height=\"453\" srcset=\"https:\/\/www.organisator.ch\/wp-content\/uploads\/2017\/08\/Depositphotos_32727549_l-2015.jpg 2000w, https:\/\/www.organisator.ch\/wp-content\/uploads\/2017\/08\/Depositphotos_32727549_l-2015-680x453.jpg 680w, https:\/\/www.organisator.ch\/wp-content\/uploads\/2017\/08\/Depositphotos_32727549_l-2015-1024x682.jpg 1024w, https:\/\/www.organisator.ch\/wp-content\/uploads\/2017\/08\/Depositphotos_32727549_l-2015-768x512.jpg 768w, https:\/\/www.organisator.ch\/wp-content\/uploads\/2017\/08\/Depositphotos_32727549_l-2015-1536x1024.jpg 1536w, https:\/\/www.organisator.ch\/wp-content\/uploads\/2017\/08\/Depositphotos_32727549_l-2015-18x12.jpg 18w, https:\/\/www.organisator.ch\/wp-content\/uploads\/2017\/08\/Depositphotos_32727549_l-2015-263x175.jpg 263w, https:\/\/www.organisator.ch\/wp-content\/uploads\/2017\/08\/Depositphotos_32727549_l-2015-525x350.jpg 525w, https:\/\/www.organisator.ch\/wp-content\/uploads\/2017\/08\/Depositphotos_32727549_l-2015-1200x800.jpg 1200w, https:\/\/www.organisator.ch\/wp-content\/uploads\/2017\/08\/Depositphotos_32727549_l-2015-920x613.jpg 920w, https:\/\/www.organisator.ch\/wp-content\/uploads\/2017\/08\/Depositphotos_32727549_l-2015-1400x933.jpg 1400w, https:\/\/www.organisator.ch\/wp-content\/uploads\/2017\/08\/Depositphotos_32727549_l-2015-300x200.jpg 300w\" sizes=\"auto, (max-width: 680px) 100vw, 680px\" \/><\/p>\n<p class=\"FtxtP\">Se le emissioni di CO2 continuano ad aumentare come previsto, la popolazione di 18 paesi perder\u00e0 pi\u00f9 del cinque per cento delle sue proteine alimentari entro il 2050. Questa \u00e8 la conclusione di uno studio del <a href=\"\/\/hsph.harvard.edu\">Scuola di salute pubblica di Harvard T.H. Chan<\/a>\u00a0sono venuti. Ci\u00f2 \u00e8 dovuto a una diminuzione del valore nutrizionale del riso, del grano e di altri alimenti di base. I ricercatori stimano che altri 150 milioni di persone saranno a rischio di carenza di proteine a causa dell'aumento dei livelli di CO2 nell'atmosfera. Secondo il leader della ricerca Samuel Myers, questo studio sottolinea la necessit\u00e0 per i paesi a pi\u00f9 alto rischio di monitorare attivamente la qualit\u00e0 del cibo. Soprattutto, dice, \u00e8 necessario ridurre le emissioni di CO2 prodotte dall'uomo.<\/p>\n<p class=\"FtxtP\">A livello globale, il 76% delle persone ottiene la maggior parte delle proteine quotidiane dalle piante. Per stimare il rischio attuale e futuro di carenza di proteine, i ricercatori hanno combinato i dati di esperimenti in cui le colture sono state esposte ad alte concentrazioni di CO2 con informazioni globali sulla nutrizione delle Nazioni Unite e dati sulla disuguaglianza di reddito e demografia. A concentrazioni elevate di CO2, il contenuto proteico di riso, grano, orzo e patate \u00e8 sceso rispettivamente del 7,6 e 7,8, e del 14,1 e 6,4 per cento.<\/p>\n<p class=\"FtxtP\"><strong><span class=\"FtxtBold\">Africa e Asia particolarmente colpite<\/span><\/strong><\/p>\n<p class=\"FtxtP\">I risultati della ricerca indicano le sfide in corso per l'Africa sub-sahariana. Milioni di persone l\u00ec gi\u00e0 soffrono di carenza di proteine. Problemi pi\u00f9 grandi sono attesi per l'Asia meridionale. Questo include l'India, dove il riso e il grano forniscono gran parte delle proteine quotidiane. L'India potrebbe perdere il 5,3% delle proteine di una dieta standard. Questo metterebbe 53 milioni di persone a nuovo rischio di carenza di proteine. I risultati della ricerca sono stati pubblicati in <a href=\"\/\/ehp.niehs.nih.gov\">Prospettive di salute ambientale<\/a>\u00a0pubblicato.<\/p>\n<p class=\"FtxtP\"><strong><span class=\"FtxtBold\">Anche la carenza di ferro \u00e8 in aumento<\/span><\/strong><\/p>\n<p class=\"FtxtP\">Myers \u00e8 coautore di un altro studio. Ha trovato che le riduzioni indotte dalla CO2 nel contenuto di ferro degli alimenti di base sono anche suscettibili di esacerbare il problema della carenza di ferro esistente nel mondo. Il rischio maggiore lo corrono 354 milioni di bambini sotto i cinque anni e 1,06 miliardi di donne in et\u00e0 fertile in tutto il mondo. L'Asia meridionale e l'Africa settentrionale sono particolarmente colpite. In queste regioni, l'anemia \u00e8 gi\u00e0 diffusa. Pi\u00f9 del 3,8 per cento del ferro alimentare dovrebbe essere perso a causa di questi impatti di CO2. Myers \u00e8 stato anche coautore di uno studio nel 2015 che ha indicato che l'aumento delle emissioni di CO2 pu\u00f2 portare alla carenza di zinco in circa 200 milioni di persone.<\/p>\n<p>Fonte: Comunicato stampa<\/p>","protected":false},"excerpt":{"rendered":"<p>Steigen die CO2-Emissionen weiter wie prognostiziert an, wird die Bev\u00f6lkerung in 18 L\u00e4ndern bis 2050 mehr als f\u00fcnf Prozent ihres Nahrungseiweisses verlieren. Zu diesem Ergebnis ist eine Studie der Harvard T.H. Chan School of Public Health\u00a0gekommen. Verantwortlich daf\u00fcr ist ein Sinken des N\u00e4hrwerts von Reis, Weizen und anderen Grundnahrungsmitteln. Die Forscher gehen davon aus, dass [&hellip;]<\/p>\n","protected":false},"author":1,"featured_media":1059,"comment_status":"open","ping_status":"open","sticky":false,"template":"","format":"standard","meta":{"_acf_changed":false,"_yoast_wpseo_focuskw":"Eiweissmangel","_yoast_wpseo_metadesc":"Erh\u00f6hen sich die CO2-Werte in der Atmosph\u00e4re weiter, droht Millionen von Menschen ein Eiweissmangel. Das zeigen neue Studien.","articlekey":"","footnotes":""},"categories":[580],"tags":[1027,242,596],"class_list":["post-1057","post","type-post","status-publish","format-standard","has-post-thumbnail","hentry","category-sustainability","tag-eiweissmangel","tag-gesundheit","tag-klima"],"acf":[],"yoast_head":"<!-- This site is optimized with the Yoast SEO plugin v27.4 - https:\/\/yoast.com\/product\/yoast-seo-wordpress\/ -->\n<title>Eiweissmangel wegen CO2-Emissionen - Organisator<\/title>\n<meta name=\"description\" content=\"Erh\u00f6hen sich die CO2-Werte in der Atmosph\u00e4re weiter, droht Millionen von Menschen ein Eiweissmangel. Das zeigen neue Studien.\" \/>\n<meta name=\"robots\" content=\"index, follow, max-snippet:-1, max-image-preview:large, max-video-preview:-1\" \/>\n<link rel=\"canonical\" href=\"https:\/\/www.organisator.ch\/it\/sostenibilita\/2017-08-07\/eiweissmangel-wegen-co2-emissionen\/\" \/>\n<meta property=\"og:locale\" content=\"it_IT\" \/>\n<meta property=\"og:type\" content=\"article\" \/>\n<meta property=\"og:title\" content=\"Eiweissmangel wegen CO2-Emissionen - Organisator\" \/>\n<meta property=\"og:description\" content=\"Erh\u00f6hen sich die CO2-Werte in der Atmosph\u00e4re weiter, droht Millionen von Menschen ein Eiweissmangel. Das zeigen neue Studien.\" \/>\n<meta property=\"og:url\" content=\"https:\/\/www.organisator.ch\/it\/sostenibilita\/2017-08-07\/eiweissmangel-wegen-co2-emissionen\/\" \/>\n<meta property=\"og:site_name\" content=\"Organisator\" \/>\n<meta property=\"article:publisher\" content=\"https:\/\/www.facebook.com\/OrganisatorFachmagazin\" \/>\n<meta property=\"article:published_time\" content=\"2017-08-07T09:50:19+00:00\" \/>\n<meta property=\"article:modified_time\" content=\"2022-02-09T10:06:56+00:00\" \/>\n<meta property=\"og:image\" content=\"https:\/\/www.organisator.ch\/wp-content\/uploads\/2017\/08\/Depositphotos_32727549_l-2015-1024x682.jpg\" \/>\n\t<meta property=\"og:image:width\" content=\"1024\" \/>\n\t<meta property=\"og:image:height\" content=\"682\" \/>\n\t<meta property=\"og:image:type\" content=\"image\/jpeg\" \/>\n<meta name=\"author\" content=\"admin\" \/>\n<meta name=\"twitter:card\" content=\"summary_large_image\" \/>\n<script type=\"application\/ld+json\" class=\"yoast-schema-graph\">{\"@context\":\"https:\\\/\\\/schema.org\",\"@graph\":[{\"@type\":\"Article\",\"@id\":\"https:\\\/\\\/www.organisator.ch\\\/sustainability\\\/2017-08-07\\\/eiweissmangel-wegen-co2-emissionen\\\/#article\",\"isPartOf\":{\"@id\":\"https:\\\/\\\/www.organisator.ch\\\/sustainability\\\/2017-08-07\\\/eiweissmangel-wegen-co2-emissionen\\\/\"},\"author\":{\"name\":\"admin\",\"@id\":\"https:\\\/\\\/www.organisator.ch\\\/#\\\/schema\\\/person\\\/aa2bace6c5c5aad60102004a50c4eb1c\"},\"headline\":\"Eiweissmangel wegen CO2-Emissionen\",\"datePublished\":\"2017-08-07T09:50:19+00:00\",\"dateModified\":\"2022-02-09T10:06:56+00:00\",\"mainEntityOfPage\":{\"@id\":\"https:\\\/\\\/www.organisator.ch\\\/sustainability\\\/2017-08-07\\\/eiweissmangel-wegen-co2-emissionen\\\/\"},\"wordCount\":403,\"commentCount\":0,\"publisher\":{\"@id\":\"https:\\\/\\\/www.organisator.ch\\\/#organization\"},\"image\":{\"@id\":\"https:\\\/\\\/www.organisator.ch\\\/sustainability\\\/2017-08-07\\\/eiweissmangel-wegen-co2-emissionen\\\/#primaryimage\"},\"thumbnailUrl\":\"https:\\\/\\\/www.organisator.ch\\\/wp-content\\\/uploads\\\/2017\\\/08\\\/Depositphotos_32727549_l-2015.jpg\",\"keywords\":[\"Eiweissmangel\",\"Gesundheit\",\"KLIMA\"],\"articleSection\":[\"SUSTAINABILITY\"],\"inLanguage\":\"it-IT\"},{\"@type\":\"WebPage\",\"@id\":\"https:\\\/\\\/www.organisator.ch\\\/sustainability\\\/2017-08-07\\\/eiweissmangel-wegen-co2-emissionen\\\/\",\"url\":\"https:\\\/\\\/www.organisator.ch\\\/sustainability\\\/2017-08-07\\\/eiweissmangel-wegen-co2-emissionen\\\/\",\"name\":\"Eiweissmangel wegen CO2-Emissionen - Organisator\",\"isPartOf\":{\"@id\":\"https:\\\/\\\/www.organisator.ch\\\/#website\"},\"primaryImageOfPage\":{\"@id\":\"https:\\\/\\\/www.organisator.ch\\\/sustainability\\\/2017-08-07\\\/eiweissmangel-wegen-co2-emissionen\\\/#primaryimage\"},\"image\":{\"@id\":\"https:\\\/\\\/www.organisator.ch\\\/sustainability\\\/2017-08-07\\\/eiweissmangel-wegen-co2-emissionen\\\/#primaryimage\"},\"thumbnailUrl\":\"https:\\\/\\\/www.organisator.ch\\\/wp-content\\\/uploads\\\/2017\\\/08\\\/Depositphotos_32727549_l-2015.jpg\",\"datePublished\":\"2017-08-07T09:50:19+00:00\",\"dateModified\":\"2022-02-09T10:06:56+00:00\",\"description\":\"Erh\u00f6hen sich die CO2-Werte in der Atmosph\u00e4re weiter, droht Millionen von Menschen ein Eiweissmangel. Das zeigen neue Studien.\",\"breadcrumb\":{\"@id\":\"https:\\\/\\\/www.organisator.ch\\\/sustainability\\\/2017-08-07\\\/eiweissmangel-wegen-co2-emissionen\\\/#breadcrumb\"},\"inLanguage\":\"it-IT\",\"potentialAction\":[{\"@type\":\"ReadAction\",\"target\":[\"https:\\\/\\\/www.organisator.ch\\\/sustainability\\\/2017-08-07\\\/eiweissmangel-wegen-co2-emissionen\\\/\"]}]},{\"@type\":\"ImageObject\",\"inLanguage\":\"it-IT\",\"@id\":\"https:\\\/\\\/www.organisator.ch\\\/sustainability\\\/2017-08-07\\\/eiweissmangel-wegen-co2-emissionen\\\/#primaryimage\",\"url\":\"https:\\\/\\\/www.organisator.ch\\\/wp-content\\\/uploads\\\/2017\\\/08\\\/Depositphotos_32727549_l-2015.jpg\",\"contentUrl\":\"https:\\\/\\\/www.organisator.ch\\\/wp-content\\\/uploads\\\/2017\\\/08\\\/Depositphotos_32727549_l-2015.jpg\",\"width\":2000,\"height\":1333},{\"@type\":\"BreadcrumbList\",\"@id\":\"https:\\\/\\\/www.organisator.ch\\\/sustainability\\\/2017-08-07\\\/eiweissmangel-wegen-co2-emissionen\\\/#breadcrumb\",\"itemListElement\":[{\"@type\":\"ListItem\",\"position\":1,\"name\":\"Home\",\"item\":\"https:\\\/\\\/www.organisator.ch\\\/\"},{\"@type\":\"ListItem\",\"position\":2,\"name\":\"Eiweissmangel wegen CO2-Emissionen\"}]},{\"@type\":\"WebSite\",\"@id\":\"https:\\\/\\\/www.organisator.ch\\\/#website\",\"url\":\"https:\\\/\\\/www.organisator.ch\\\/\",\"name\":\"Organisator\",\"description\":\"Kompetent. Praxisnah. Der ORGANISATOR bereitet in 10 Ausgaben pro Jahr die wesentlichen Themen f\u00fcr F\u00fchrungskr\u00e4fte von KMU auf.\",\"publisher\":{\"@id\":\"https:\\\/\\\/www.organisator.ch\\\/#organization\"},\"potentialAction\":[{\"@type\":\"SearchAction\",\"target\":{\"@type\":\"EntryPoint\",\"urlTemplate\":\"https:\\\/\\\/www.organisator.ch\\\/?s={search_term_string}\"},\"query-input\":{\"@type\":\"PropertyValueSpecification\",\"valueRequired\":true,\"valueName\":\"search_term_string\"}}],\"inLanguage\":\"it-IT\"},{\"@type\":\"Organization\",\"@id\":\"https:\\\/\\\/www.organisator.ch\\\/#organization\",\"name\":\"Organisator\",\"url\":\"https:\\\/\\\/www.organisator.ch\\\/\",\"logo\":{\"@type\":\"ImageObject\",\"inLanguage\":\"it-IT\",\"@id\":\"https:\\\/\\\/www.organisator.ch\\\/#\\\/schema\\\/logo\\\/image\\\/\",\"url\":\"https:\\\/\\\/www.organisator.ch\\\/wp-content\\\/uploads\\\/2022\\\/01\\\/Logo_Organisator_Website.png\",\"contentUrl\":\"https:\\\/\\\/www.organisator.ch\\\/wp-content\\\/uploads\\\/2022\\\/01\\\/Logo_Organisator_Website.png\",\"width\":800,\"height\":77,\"caption\":\"Organisator\"},\"image\":{\"@id\":\"https:\\\/\\\/www.organisator.ch\\\/#\\\/schema\\\/logo\\\/image\\\/\"},\"sameAs\":[\"https:\\\/\\\/www.facebook.com\\\/OrganisatorFachmagazin\",\"https:\\\/\\\/www.linkedin.com\\\/showcase\\\/organisator-das-magazin-fr-kmu\",\"https:\\\/\\\/www.xing.com\\\/news\\\/pages\\\/organisator-ch-695\",\"https:\\\/\\\/www.youtube.com\\\/channel\\\/UCGP2Sq0iWaZwT3BdIAQFYpw\"]},{\"@type\":\"Person\",\"@id\":\"https:\\\/\\\/www.organisator.ch\\\/#\\\/schema\\\/person\\\/aa2bace6c5c5aad60102004a50c4eb1c\",\"name\":\"admin\",\"image\":{\"@type\":\"ImageObject\",\"inLanguage\":\"it-IT\",\"@id\":\"https:\\\/\\\/secure.gravatar.com\\\/avatar\\\/ae2f4d718e6c49043e314ce431e7e645d646302a24a5ef5a8bc8e3f5a032e319?s=96&d=mm&r=g\",\"url\":\"https:\\\/\\\/secure.gravatar.com\\\/avatar\\\/ae2f4d718e6c49043e314ce431e7e645d646302a24a5ef5a8bc8e3f5a032e319?s=96&d=mm&r=g\",\"contentUrl\":\"https:\\\/\\\/secure.gravatar.com\\\/avatar\\\/ae2f4d718e6c49043e314ce431e7e645d646302a24a5ef5a8bc8e3f5a032e319?s=96&d=mm&r=g\",\"caption\":\"admin\"},\"sameAs\":[\"https:\\\/\\\/www.organisator.ch\"],\"url\":\"https:\\\/\\\/www.organisator.ch\\\/it\\\/author\\\/admin\\\/\"}]}<\/script>\n<!-- \/ Yoast SEO plugin. -->","yoast_head_json":{"title":"Carenza di proteine dovuta alle emissioni di CO2 - Organizzatore","description":"Se i livelli di CO2 nell'atmosfera continueranno ad aumentare, milioni di persone rischieranno una carenza di proteine. Lo dimostrano nuovi studi.","robots":{"index":"index","follow":"follow","max-snippet":"max-snippet:-1","max-image-preview":"max-image-preview:large","max-video-preview":"max-video-preview:-1"},"canonical":"https:\/\/www.organisator.ch\/it\/sostenibilita\/2017-08-07\/eiweissmangel-wegen-co2-emissionen\/","og_locale":"it_IT","og_type":"article","og_title":"Eiweissmangel wegen CO2-Emissionen - Organisator","og_description":"Erh\u00f6hen sich die CO2-Werte in der Atmosph\u00e4re weiter, droht Millionen von Menschen ein Eiweissmangel. Das zeigen neue Studien.","og_url":"https:\/\/www.organisator.ch\/it\/sostenibilita\/2017-08-07\/eiweissmangel-wegen-co2-emissionen\/","og_site_name":"Organisator","article_publisher":"https:\/\/www.facebook.com\/OrganisatorFachmagazin","article_published_time":"2017-08-07T09:50:19+00:00","article_modified_time":"2022-02-09T10:06:56+00:00","og_image":[{"width":1024,"height":682,"url":"https:\/\/www.organisator.ch\/wp-content\/uploads\/2017\/08\/Depositphotos_32727549_l-2015-1024x682.jpg","type":"image\/jpeg"}],"author":"admin","twitter_card":"summary_large_image","schema":{"@context":"https:\/\/schema.org","@graph":[{"@type":"Article","@id":"https:\/\/www.organisator.ch\/sustainability\/2017-08-07\/eiweissmangel-wegen-co2-emissionen\/#article","isPartOf":{"@id":"https:\/\/www.organisator.ch\/sustainability\/2017-08-07\/eiweissmangel-wegen-co2-emissionen\/"},"author":{"name":"admin","@id":"https:\/\/www.organisator.ch\/#\/schema\/person\/aa2bace6c5c5aad60102004a50c4eb1c"},"headline":"Eiweissmangel wegen CO2-Emissionen","datePublished":"2017-08-07T09:50:19+00:00","dateModified":"2022-02-09T10:06:56+00:00","mainEntityOfPage":{"@id":"https:\/\/www.organisator.ch\/sustainability\/2017-08-07\/eiweissmangel-wegen-co2-emissionen\/"},"wordCount":403,"commentCount":0,"publisher":{"@id":"https:\/\/www.organisator.ch\/#organization"},"image":{"@id":"https:\/\/www.organisator.ch\/sustainability\/2017-08-07\/eiweissmangel-wegen-co2-emissionen\/#primaryimage"},"thumbnailUrl":"https:\/\/www.organisator.ch\/wp-content\/uploads\/2017\/08\/Depositphotos_32727549_l-2015.jpg","keywords":["Eiweissmangel","Gesundheit","KLIMA"],"articleSection":["SUSTAINABILITY"],"inLanguage":"it-IT"},{"@type":"WebPage","@id":"https:\/\/www.organisator.ch\/sustainability\/2017-08-07\/eiweissmangel-wegen-co2-emissionen\/","url":"https:\/\/www.organisator.ch\/sustainability\/2017-08-07\/eiweissmangel-wegen-co2-emissionen\/","name":"Carenza di proteine dovuta alle emissioni di CO2 - Organizzatore","isPartOf":{"@id":"https:\/\/www.organisator.ch\/#website"},"primaryImageOfPage":{"@id":"https:\/\/www.organisator.ch\/sustainability\/2017-08-07\/eiweissmangel-wegen-co2-emissionen\/#primaryimage"},"image":{"@id":"https:\/\/www.organisator.ch\/sustainability\/2017-08-07\/eiweissmangel-wegen-co2-emissionen\/#primaryimage"},"thumbnailUrl":"https:\/\/www.organisator.ch\/wp-content\/uploads\/2017\/08\/Depositphotos_32727549_l-2015.jpg","datePublished":"2017-08-07T09:50:19+00:00","dateModified":"2022-02-09T10:06:56+00:00","description":"Se i livelli di CO2 nell'atmosfera continueranno ad aumentare, milioni di persone rischieranno una carenza di proteine. Lo dimostrano nuovi studi.","breadcrumb":{"@id":"https:\/\/www.organisator.ch\/sustainability\/2017-08-07\/eiweissmangel-wegen-co2-emissionen\/#breadcrumb"},"inLanguage":"it-IT","potentialAction":[{"@type":"ReadAction","target":["https:\/\/www.organisator.ch\/sustainability\/2017-08-07\/eiweissmangel-wegen-co2-emissionen\/"]}]},{"@type":"ImageObject","inLanguage":"it-IT","@id":"https:\/\/www.organisator.ch\/sustainability\/2017-08-07\/eiweissmangel-wegen-co2-emissionen\/#primaryimage","url":"https:\/\/www.organisator.ch\/wp-content\/uploads\/2017\/08\/Depositphotos_32727549_l-2015.jpg","contentUrl":"https:\/\/www.organisator.ch\/wp-content\/uploads\/2017\/08\/Depositphotos_32727549_l-2015.jpg","width":2000,"height":1333},{"@type":"BreadcrumbList","@id":"https:\/\/www.organisator.ch\/sustainability\/2017-08-07\/eiweissmangel-wegen-co2-emissionen\/#breadcrumb","itemListElement":[{"@type":"ListItem","position":1,"name":"Home","item":"https:\/\/www.organisator.ch\/"},{"@type":"ListItem","position":2,"name":"Eiweissmangel wegen CO2-Emissionen"}]},{"@type":"WebSite","@id":"https:\/\/www.organisator.ch\/#website","url":"https:\/\/www.organisator.ch\/","name":"Organizzatore","description":"Competente. Pratico. In 10 numeri all'anno, ORGANISATOR presenta i temi essenziali per i manager delle PMI.","publisher":{"@id":"https:\/\/www.organisator.ch\/#organization"},"potentialAction":[{"@type":"SearchAction","target":{"@type":"EntryPoint","urlTemplate":"https:\/\/www.organisator.ch\/?s={search_term_string}"},"query-input":{"@type":"PropertyValueSpecification","valueRequired":true,"valueName":"search_term_string"}}],"inLanguage":"it-IT"},{"@type":"Organization","@id":"https:\/\/www.organisator.ch\/#organization","name":"Organizzatore","url":"https:\/\/www.organisator.ch\/","logo":{"@type":"ImageObject","inLanguage":"it-IT","@id":"https:\/\/www.organisator.ch\/#\/schema\/logo\/image\/","url":"https:\/\/www.organisator.ch\/wp-content\/uploads\/2022\/01\/Logo_Organisator_Website.png","contentUrl":"https:\/\/www.organisator.ch\/wp-content\/uploads\/2022\/01\/Logo_Organisator_Website.png","width":800,"height":77,"caption":"Organisator"},"image":{"@id":"https:\/\/www.organisator.ch\/#\/schema\/logo\/image\/"},"sameAs":["https:\/\/www.facebook.com\/OrganisatorFachmagazin","https:\/\/www.linkedin.com\/showcase\/organisator-das-magazin-fr-kmu","https:\/\/www.xing.com\/news\/pages\/organisator-ch-695","https:\/\/www.youtube.com\/channel\/UCGP2Sq0iWaZwT3BdIAQFYpw"]},{"@type":"Person","@id":"https:\/\/www.organisator.ch\/#\/schema\/person\/aa2bace6c5c5aad60102004a50c4eb1c","name":"amministratore","image":{"@type":"ImageObject","inLanguage":"it-IT","@id":"https:\/\/secure.gravatar.com\/avatar\/ae2f4d718e6c49043e314ce431e7e645d646302a24a5ef5a8bc8e3f5a032e319?s=96&d=mm&r=g","url":"https:\/\/secure.gravatar.com\/avatar\/ae2f4d718e6c49043e314ce431e7e645d646302a24a5ef5a8bc8e3f5a032e319?s=96&d=mm&r=g","contentUrl":"https:\/\/secure.gravatar.com\/avatar\/ae2f4d718e6c49043e314ce431e7e645d646302a24a5ef5a8bc8e3f5a032e319?s=96&d=mm&r=g","caption":"admin"},"sameAs":["https:\/\/www.organisator.ch"],"url":"https:\/\/www.organisator.ch\/it\/author\/admin\/"}]}},"_links":{"self":[{"href":"https:\/\/www.organisator.ch\/it\/wp-json\/wp\/v2\/posts\/1057","targetHints":{"allow":["GET"]}}],"collection":[{"href":"https:\/\/www.organisator.ch\/it\/wp-json\/wp\/v2\/posts"}],"about":[{"href":"https:\/\/www.organisator.ch\/it\/wp-json\/wp\/v2\/types\/post"}],"author":[{"embeddable":true,"href":"https:\/\/www.organisator.ch\/it\/wp-json\/wp\/v2\/users\/1"}],"replies":[{"embeddable":true,"href":"https:\/\/www.organisator.ch\/it\/wp-json\/wp\/v2\/comments?post=1057"}],"version-history":[{"count":1,"href":"https:\/\/www.organisator.ch\/it\/wp-json\/wp\/v2\/posts\/1057\/revisions"}],"predecessor-version":[{"id":10731,"href":"https:\/\/www.organisator.ch\/it\/wp-json\/wp\/v2\/posts\/1057\/revisions\/10731"}],"wp:featuredmedia":[{"embeddable":true,"href":"https:\/\/www.organisator.ch\/it\/wp-json\/wp\/v2\/media\/1059"}],"wp:attachment":[{"href":"https:\/\/www.organisator.ch\/it\/wp-json\/wp\/v2\/media?parent=1057"}],"wp:term":[{"taxonomy":"category","embeddable":true,"href":"https:\/\/www.organisator.ch\/it\/wp-json\/wp\/v2\/categories?post=1057"},{"taxonomy":"post_tag","embeddable":true,"href":"https:\/\/www.organisator.ch\/it\/wp-json\/wp\/v2\/tags?post=1057"}],"curies":[{"name":"wp","href":"https:\/\/api.w.org\/{rel}","templated":true}]}}