{"id":11117,"date":"2022-02-08T17:08:34","date_gmt":"2022-02-08T16:08:34","guid":{"rendered":"https:\/\/www.m-q.ch\/?p=15929"},"modified":"2022-08-03T11:07:19","modified_gmt":"2022-08-03T09:07:19","slug":"hans-dieter-seghezzi-der-doyen-fuer-das-qualitaetsmanagement-ist-tot","status":"publish","type":"post","link":"https:\/\/www.organisator.ch\/it\/operational-excellence\/2022-02-08\/hans-dieter-seghezzi-der-doyen-fuer-das-qualitaetsmanagement-ist-tot\/","title":{"rendered":"Hans-Dieter Seghezzi, il decano della gestione della qualit\u00e0, \u00e8 morto"},"content":{"rendered":"<figure id=\"attachment_15930\" class=\"wp-caption alignnone\" style=\"width: 680px\" aria-describedby=\"caption-attachment-15930\"><img class=\"alignnone wp-image-15930 size-full\" src=\"https:\/\/www.m-q.ch\/wp-content\/uploads\/2022\/02\/Hans-Dieter-Seghezzi-der-Doyen-fuer-das-Qualitaetsmanagement-ist-tot_MQ.jpg\" alt=\"Hans-Dieter\" width=\"680\" height=\"453\" \/><figcaption id=\"caption-attachment-15930\" class=\"wp-caption-text\">\u00c8 venuto a mancare un importante leader di pensiero per la gestione della qualit\u00e0: Hans-Dieter Seghezzi, 23.3.1933 - 7.2.2022. (Foto: Thomas Berner)<\/figcaption><\/figure>\r\nIl 7 febbraio 2022, poche settimane prima di raggiungere l'et\u00e0 di 89 anni, il Prof. Dr. Dr. h.c. Hans-Dieter Seghezzi si \u00e8 spento. Hans-Dieter Seghezzi. \u00c8 stato probabilmente il pi\u00f9 importante pioniere della gestione della qualit\u00e0 nel mondo di lingua tedesca.\r\n<h3>Attivo nell'industria, nella ricerca e nell'insegnamento<\/h3>\r\nHans-Dieter Seghezzi, nato il 23 marzo 1933 a Besigheim, in Germania, ha studiato prima fisica all'Universit\u00e0 di Stoccarda, dove ha ottenuto il suo dottorato nel 1959. Ha poi lavorato al Max Planck Institute e successivamente nel dipartimento di ricerca e sviluppo della Hilti AG a Schaan, Liechtenstein, diventando direttore nel 1968 e vicepresidente esecutivo della societ\u00e0 dal 1976. Dal 1977 al 1987 \u00e8 stato professore all'Universit\u00e0 di San Gallo, dove ha riformato la cattedra di tecnologia. In relazione a questo compito ha anche fondato l'Istituto per la gestione della tecnologia ITEM.\r\n<h3>Hans-Dieter Seghezzi: leader di pensiero nella gestione della qualit\u00e0<\/h3>\r\nUn elemento caratterizzante della sua vita nell'industria e nella ricerca era la gestione della qualit\u00e0. Da questa motivazione, Hans-Dieter Seghezzi ha fondato l'Associazione svizzera per i sistemi di qualit\u00e0 e di gestione (<a href=\"http:\/\/www.sqs.ch\/\">SQS<\/a>), che ha anche diretto dal 1983 al 2003. \u00c8 stato anche presidente dell'Organizzazione Europea per la Qualit\u00e0 dal 1986 al 1988 e un pioniere di IQNET, la rete globale per la certificazione dei sistemi di gestione. Con il libro \"Integriertes Qualit\u00e4tsmanagement\" (gestione integrata della qualit\u00e0), Seghezzi e i suoi co-autori hanno creato un'opera standard in cui l'approccio di gestione sangallese di tendenza \u00e8 combinato con la gestione della qualit\u00e0.\r\n<h3>Impegnati nella qualit\u00e0 anche in pensione<\/h3>\r\nA lui \u00e8 intitolato anche il Premio Seghezzi, che la Fondazione Svizzera per la Ricerca e l'Educazione \"Qualit\u00e0\" (SFAQ) assegner\u00e0 ogni due anni, per l'ultima volta nel 2021. Purtroppo Seghezzi, che in et\u00e0 avanzata era ancora ospite regolare di eventi della SQS e della SAQ come la \"Giornata svizzera della qualit\u00e0\", non ha pi\u00f9 potuto partecipare a questo evento per motivi di salute. Ora la voce che ha sempre difeso il tema della \"qualit\u00e0\" per tutta la vita si \u00e8 spenta per sempre. Hans-Dieter Seghezzi lascia una moglie, due figli e due figlie.\r\n\r\nIl contributo <a href=\"https:\/\/www.m-q.ch\/de\/hans-dieter-seghezzi-der-doyen-fuer-das-qualitaetsmanagement-ist-tot\/\" rel=\"nofollow\">Hans-Dieter Seghezzi, il decano della gestione della qualit\u00e0, \u00e8 morto<\/a> \u00e8 apparso per la prima volta su <a href=\"https:\/\/www.m-q.ch\/de\/\" rel=\"nofollow\">MQ Gestione e qualit\u00e0<\/a>.\n<p class=\"syndicated-attribution\">Questo articolo \u00e8 apparso originariamente su m-q.ch - <a href=\"https:\/\/www.m-q.ch\/de\/hans-dieter-seghezzi-der-doyen-fuer-das-qualitaetsmanagement-ist-tot\/\" target=\"_blank\">https:\/\/www.m-q.ch\/de\/hans-dieter-seghezzi-der-doyen-fuer-das-qualitaetsmanagement-ist-tot\/<\/a><\/p>","protected":false},"excerpt":{"rendered":"<p>Am 7. Februar 2022 verstarb nur wenige Wochen vor Vollendung seines 89. Lebensjahrs Prof. Dr. Dr. h.c. Hans-Dieter Seghezzi. Er war der wohl wichtigste Vordenker des Qualit\u00e4tsmanagements im deutschsprachigen Raum. T\u00e4tig in Industrie, Forschung und Lehre Hans-Dieter Seghezzi, am 23. M\u00e4rz 1933 im deutschen Besigheim geboren, studierte zun\u00e4chst an der Universit\u00e4t Stuttgart Physik und erlangte [\u2026]<\/p>\n<p>Der Beitrag <a rel=\"nofollow\" href=\"https:\/\/www.m-q.ch\/de\/hans-dieter-seghezzi-der-doyen-fuer-das-qualitaetsmanagement-ist-tot\/\">Hans-Dieter Seghezzi, der Doyen f\u00fcr das Qualit\u00e4tsmanagement, ist tot<\/a> erschien zuerst auf <a rel=\"nofollow\" href=\"https:\/\/www.m-q.ch\/de\/\">MQ Management und Qualit\u00e4t<\/a>.<\/p>\n","protected":false},"author":8,"featured_media":0,"comment_status":"closed","ping_status":"closed","sticky":false,"template":"","format":"standard","meta":{"_acf_changed":false,"_yoast_wpseo_focuskw":"Hans-Dieter","_yoast_wpseo_metadesc":"Prof. Dr. Dr. h.c. Hans-Dieter Seghezzi, der Vordenker des Qualit\u00e4tsmanagements im deutschsprachigen Raum und Gr\u00fcnder der SQS, ist im Alter von 88 Jahren verstorben.","articlekey":"","footnotes":""},"categories":[582],"tags":[3309],"class_list":["post-11117","post","type-post","status-publish","format-standard","hentry","category-operational-excellence","tag-hans-dieter"],"acf":[],"yoast_head":"<!-- This site is optimized with the Yoast SEO plugin v27.5 - https:\/\/yoast.com\/product\/yoast-seo-wordpress\/ -->\n<title>Hans-Dieter Seghezzi, der Doyen f\u00fcr das Qualit\u00e4tsmanagement, ist tot - Organisator<\/title>\n<meta name=\"description\" content=\"Prof. Dr. Dr. h.c. Hans-Dieter Seghezzi, der Vordenker des Qualit\u00e4tsmanagements im deutschsprachigen Raum und Gr\u00fcnder der SQS, ist im Alter von 88 Jahren verstorben.\" \/>\n<meta name=\"robots\" content=\"index, follow, max-snippet:-1, max-image-preview:large, max-video-preview:-1\" \/>\n<link rel=\"canonical\" href=\"https:\/\/www.organisator.ch\/it\/eccellenza-operativa\/2022-02-08\/hans-dieter-seghezzi-der-doyen-fuer-das-qualitaetsmanagement-ist-tot\/\" \/>\n<meta property=\"og:locale\" content=\"it_IT\" \/>\n<meta property=\"og:type\" content=\"article\" \/>\n<meta property=\"og:title\" content=\"Hans-Dieter Seghezzi, der Doyen f\u00fcr das Qualit\u00e4tsmanagement, ist tot - Organisator\" \/>\n<meta property=\"og:description\" content=\"Prof. Dr. Dr. h.c. Hans-Dieter Seghezzi, der Vordenker des Qualit\u00e4tsmanagements im deutschsprachigen Raum und Gr\u00fcnder der SQS, ist im Alter von 88 Jahren verstorben.\" \/>\n<meta property=\"og:url\" content=\"https:\/\/www.organisator.ch\/it\/eccellenza-operativa\/2022-02-08\/hans-dieter-seghezzi-der-doyen-fuer-das-qualitaetsmanagement-ist-tot\/\" \/>\n<meta property=\"og:site_name\" content=\"Organisator\" \/>\n<meta property=\"article:publisher\" content=\"https:\/\/www.facebook.com\/OrganisatorFachmagazin\" \/>\n<meta property=\"article:published_time\" content=\"2022-02-08T16:08:34+00:00\" \/>\n<meta property=\"article:modified_time\" content=\"2022-08-03T09:07:19+00:00\" \/>\n<meta property=\"og:image\" content=\"https:\/\/www.m-q.ch\/wp-content\/uploads\/2022\/02\/Hans-Dieter-Seghezzi-der-Doyen-fuer-das-Qualitaetsmanagement-ist-tot_MQ.jpg\" \/>\n<meta name=\"author\" content=\"galledia\" \/>\n<meta name=\"twitter:card\" content=\"summary_large_image\" \/>\n<meta name=\"twitter:creator\" content=\"@admin\" \/>\n<script type=\"application\/ld+json\" class=\"yoast-schema-graph\">{\"@context\":\"https:\\\/\\\/schema.org\",\"@graph\":[{\"@type\":\"Article\",\"@id\":\"https:\\\/\\\/www.organisator.ch\\\/operational-excellence\\\/2022-02-08\\\/hans-dieter-seghezzi-der-doyen-fuer-das-qualitaetsmanagement-ist-tot\\\/#article\",\"isPartOf\":{\"@id\":\"https:\\\/\\\/www.organisator.ch\\\/operational-excellence\\\/2022-02-08\\\/hans-dieter-seghezzi-der-doyen-fuer-das-qualitaetsmanagement-ist-tot\\\/\"},\"author\":{\"name\":\"galledia\",\"@id\":\"https:\\\/\\\/www.organisator.ch\\\/#\\\/schema\\\/person\\\/4e51799071cd2dd1232ac003643ef5f0\"},\"headline\":\"Hans-Dieter Seghezzi, der Doyen f\u00fcr das Qualit\u00e4tsmanagement, ist tot\",\"datePublished\":\"2022-02-08T16:08:34+00:00\",\"dateModified\":\"2022-08-03T09:07:19+00:00\",\"mainEntityOfPage\":{\"@id\":\"https:\\\/\\\/www.organisator.ch\\\/operational-excellence\\\/2022-02-08\\\/hans-dieter-seghezzi-der-doyen-fuer-das-qualitaetsmanagement-ist-tot\\\/\"},\"wordCount\":366,\"publisher\":{\"@id\":\"https:\\\/\\\/www.organisator.ch\\\/#organization\"},\"image\":{\"@id\":\"https:\\\/\\\/www.organisator.ch\\\/operational-excellence\\\/2022-02-08\\\/hans-dieter-seghezzi-der-doyen-fuer-das-qualitaetsmanagement-ist-tot\\\/#primaryimage\"},\"thumbnailUrl\":\"https:\\\/\\\/www.m-q.ch\\\/wp-content\\\/uploads\\\/2022\\\/02\\\/Hans-Dieter-Seghezzi-der-Doyen-fuer-das-Qualitaetsmanagement-ist-tot_MQ.jpg\",\"keywords\":[\"Hans-Dieter\"],\"articleSection\":[\"OPERATIONAL EXCELLENCE\"],\"inLanguage\":\"it-IT\"},{\"@type\":\"WebPage\",\"@id\":\"https:\\\/\\\/www.organisator.ch\\\/operational-excellence\\\/2022-02-08\\\/hans-dieter-seghezzi-der-doyen-fuer-das-qualitaetsmanagement-ist-tot\\\/\",\"url\":\"https:\\\/\\\/www.organisator.ch\\\/operational-excellence\\\/2022-02-08\\\/hans-dieter-seghezzi-der-doyen-fuer-das-qualitaetsmanagement-ist-tot\\\/\",\"name\":\"Hans-Dieter Seghezzi, der Doyen f\u00fcr das Qualit\u00e4tsmanagement, ist tot - Organisator\",\"isPartOf\":{\"@id\":\"https:\\\/\\\/www.organisator.ch\\\/#website\"},\"primaryImageOfPage\":{\"@id\":\"https:\\\/\\\/www.organisator.ch\\\/operational-excellence\\\/2022-02-08\\\/hans-dieter-seghezzi-der-doyen-fuer-das-qualitaetsmanagement-ist-tot\\\/#primaryimage\"},\"image\":{\"@id\":\"https:\\\/\\\/www.organisator.ch\\\/operational-excellence\\\/2022-02-08\\\/hans-dieter-seghezzi-der-doyen-fuer-das-qualitaetsmanagement-ist-tot\\\/#primaryimage\"},\"thumbnailUrl\":\"https:\\\/\\\/www.m-q.ch\\\/wp-content\\\/uploads\\\/2022\\\/02\\\/Hans-Dieter-Seghezzi-der-Doyen-fuer-das-Qualitaetsmanagement-ist-tot_MQ.jpg\",\"datePublished\":\"2022-02-08T16:08:34+00:00\",\"dateModified\":\"2022-08-03T09:07:19+00:00\",\"description\":\"Prof. Dr. Dr. h.c. Hans-Dieter Seghezzi, der Vordenker des Qualit\u00e4tsmanagements im deutschsprachigen Raum und Gr\u00fcnder der SQS, ist im Alter von 88 Jahren verstorben.\",\"breadcrumb\":{\"@id\":\"https:\\\/\\\/www.organisator.ch\\\/operational-excellence\\\/2022-02-08\\\/hans-dieter-seghezzi-der-doyen-fuer-das-qualitaetsmanagement-ist-tot\\\/#breadcrumb\"},\"inLanguage\":\"it-IT\",\"potentialAction\":[{\"@type\":\"ReadAction\",\"target\":[\"https:\\\/\\\/www.organisator.ch\\\/operational-excellence\\\/2022-02-08\\\/hans-dieter-seghezzi-der-doyen-fuer-das-qualitaetsmanagement-ist-tot\\\/\"]}]},{\"@type\":\"ImageObject\",\"inLanguage\":\"it-IT\",\"@id\":\"https:\\\/\\\/www.organisator.ch\\\/operational-excellence\\\/2022-02-08\\\/hans-dieter-seghezzi-der-doyen-fuer-das-qualitaetsmanagement-ist-tot\\\/#primaryimage\",\"url\":\"https:\\\/\\\/www.m-q.ch\\\/wp-content\\\/uploads\\\/2022\\\/02\\\/Hans-Dieter-Seghezzi-der-Doyen-fuer-das-Qualitaetsmanagement-ist-tot_MQ.jpg\",\"contentUrl\":\"https:\\\/\\\/www.m-q.ch\\\/wp-content\\\/uploads\\\/2022\\\/02\\\/Hans-Dieter-Seghezzi-der-Doyen-fuer-das-Qualitaetsmanagement-ist-tot_MQ.jpg\"},{\"@type\":\"BreadcrumbList\",\"@id\":\"https:\\\/\\\/www.organisator.ch\\\/operational-excellence\\\/2022-02-08\\\/hans-dieter-seghezzi-der-doyen-fuer-das-qualitaetsmanagement-ist-tot\\\/#breadcrumb\",\"itemListElement\":[{\"@type\":\"ListItem\",\"position\":1,\"name\":\"Home\",\"item\":\"https:\\\/\\\/www.organisator.ch\\\/\"},{\"@type\":\"ListItem\",\"position\":2,\"name\":\"Hans-Dieter Seghezzi, der Doyen f\u00fcr das Qualit\u00e4tsmanagement, ist tot\"}]},{\"@type\":\"WebSite\",\"@id\":\"https:\\\/\\\/www.organisator.ch\\\/#website\",\"url\":\"https:\\\/\\\/www.organisator.ch\\\/\",\"name\":\"Organisator\",\"description\":\"Kompetent. Praxisnah. Der ORGANISATOR bereitet in 10 Ausgaben pro Jahr die wesentlichen Themen f\u00fcr F\u00fchrungskr\u00e4fte von KMU auf.\",\"publisher\":{\"@id\":\"https:\\\/\\\/www.organisator.ch\\\/#organization\"},\"potentialAction\":[{\"@type\":\"SearchAction\",\"target\":{\"@type\":\"EntryPoint\",\"urlTemplate\":\"https:\\\/\\\/www.organisator.ch\\\/?s={search_term_string}\"},\"query-input\":{\"@type\":\"PropertyValueSpecification\",\"valueRequired\":true,\"valueName\":\"search_term_string\"}}],\"inLanguage\":\"it-IT\"},{\"@type\":\"Organization\",\"@id\":\"https:\\\/\\\/www.organisator.ch\\\/#organization\",\"name\":\"Organisator\",\"url\":\"https:\\\/\\\/www.organisator.ch\\\/\",\"logo\":{\"@type\":\"ImageObject\",\"inLanguage\":\"it-IT\",\"@id\":\"https:\\\/\\\/www.organisator.ch\\\/#\\\/schema\\\/logo\\\/image\\\/\",\"url\":\"https:\\\/\\\/www.organisator.ch\\\/wp-content\\\/uploads\\\/2022\\\/01\\\/Logo_Organisator_Website.png\",\"contentUrl\":\"https:\\\/\\\/www.organisator.ch\\\/wp-content\\\/uploads\\\/2022\\\/01\\\/Logo_Organisator_Website.png\",\"width\":800,\"height\":77,\"caption\":\"Organisator\"},\"image\":{\"@id\":\"https:\\\/\\\/www.organisator.ch\\\/#\\\/schema\\\/logo\\\/image\\\/\"},\"sameAs\":[\"https:\\\/\\\/www.facebook.com\\\/OrganisatorFachmagazin\",\"https:\\\/\\\/www.linkedin.com\\\/showcase\\\/organisator-das-magazin-fr-kmu\",\"https:\\\/\\\/www.xing.com\\\/news\\\/pages\\\/organisator-ch-695\",\"https:\\\/\\\/www.youtube.com\\\/channel\\\/UCGP2Sq0iWaZwT3BdIAQFYpw\"]},{\"@type\":\"Person\",\"@id\":\"https:\\\/\\\/www.organisator.ch\\\/#\\\/schema\\\/person\\\/4e51799071cd2dd1232ac003643ef5f0\",\"name\":\"galledia\",\"image\":{\"@type\":\"ImageObject\",\"inLanguage\":\"it-IT\",\"@id\":\"https:\\\/\\\/secure.gravatar.com\\\/avatar\\\/78a7f90c01fc2bfc875782a0d4922b37cde2cf184ce347b91316d23cd7f69a36?s=96&d=mm&r=g\",\"url\":\"https:\\\/\\\/secure.gravatar.com\\\/avatar\\\/78a7f90c01fc2bfc875782a0d4922b37cde2cf184ce347b91316d23cd7f69a36?s=96&d=mm&r=g\",\"contentUrl\":\"https:\\\/\\\/secure.gravatar.com\\\/avatar\\\/78a7f90c01fc2bfc875782a0d4922b37cde2cf184ce347b91316d23cd7f69a36?s=96&d=mm&r=g\",\"caption\":\"galledia\"},\"sameAs\":[\"https:\\\/\\\/x.com\\\/admin\"],\"url\":\"https:\\\/\\\/www.organisator.ch\\\/it\\\/author\\\/galledia\\\/\"}]}<\/script>\n<!-- \/ Yoast SEO plugin. -->","yoast_head_json":{"title":"Hans-Dieter Seghezzi, decano della gestione della qualit\u00e0, \u00e8 morto - Organizzatore","description":"Prof. Dr. Dr. h.c. Hans-Dieter Seghezzi, mente della gestione della qualit\u00e0 nel mondo di lingua tedesca e fondatore di SQS, \u00e8 morto all'et\u00e0 di 88 anni.","robots":{"index":"index","follow":"follow","max-snippet":"max-snippet:-1","max-image-preview":"max-image-preview:large","max-video-preview":"max-video-preview:-1"},"canonical":"https:\/\/www.organisator.ch\/it\/eccellenza-operativa\/2022-02-08\/hans-dieter-seghezzi-der-doyen-fuer-das-qualitaetsmanagement-ist-tot\/","og_locale":"it_IT","og_type":"article","og_title":"Hans-Dieter Seghezzi, der Doyen f\u00fcr das Qualit\u00e4tsmanagement, ist tot - Organisator","og_description":"Prof. Dr. Dr. h.c. Hans-Dieter Seghezzi, der Vordenker des Qualit\u00e4tsmanagements im deutschsprachigen Raum und Gr\u00fcnder der SQS, ist im Alter von 88 Jahren verstorben.","og_url":"https:\/\/www.organisator.ch\/it\/eccellenza-operativa\/2022-02-08\/hans-dieter-seghezzi-der-doyen-fuer-das-qualitaetsmanagement-ist-tot\/","og_site_name":"Organisator","article_publisher":"https:\/\/www.facebook.com\/OrganisatorFachmagazin","article_published_time":"2022-02-08T16:08:34+00:00","article_modified_time":"2022-08-03T09:07:19+00:00","og_image":[{"url":"https:\/\/www.m-q.ch\/wp-content\/uploads\/2022\/02\/Hans-Dieter-Seghezzi-der-Doyen-fuer-das-Qualitaetsmanagement-ist-tot_MQ.jpg","type":"","width":"","height":""}],"author":"galledia","twitter_card":"summary_large_image","twitter_creator":"@admin","schema":{"@context":"https:\/\/schema.org","@graph":[{"@type":"Article","@id":"https:\/\/www.organisator.ch\/operational-excellence\/2022-02-08\/hans-dieter-seghezzi-der-doyen-fuer-das-qualitaetsmanagement-ist-tot\/#article","isPartOf":{"@id":"https:\/\/www.organisator.ch\/operational-excellence\/2022-02-08\/hans-dieter-seghezzi-der-doyen-fuer-das-qualitaetsmanagement-ist-tot\/"},"author":{"name":"galledia","@id":"https:\/\/www.organisator.ch\/#\/schema\/person\/4e51799071cd2dd1232ac003643ef5f0"},"headline":"Hans-Dieter Seghezzi, der Doyen f\u00fcr das Qualit\u00e4tsmanagement, ist tot","datePublished":"2022-02-08T16:08:34+00:00","dateModified":"2022-08-03T09:07:19+00:00","mainEntityOfPage":{"@id":"https:\/\/www.organisator.ch\/operational-excellence\/2022-02-08\/hans-dieter-seghezzi-der-doyen-fuer-das-qualitaetsmanagement-ist-tot\/"},"wordCount":366,"publisher":{"@id":"https:\/\/www.organisator.ch\/#organization"},"image":{"@id":"https:\/\/www.organisator.ch\/operational-excellence\/2022-02-08\/hans-dieter-seghezzi-der-doyen-fuer-das-qualitaetsmanagement-ist-tot\/#primaryimage"},"thumbnailUrl":"https:\/\/www.m-q.ch\/wp-content\/uploads\/2022\/02\/Hans-Dieter-Seghezzi-der-Doyen-fuer-das-Qualitaetsmanagement-ist-tot_MQ.jpg","keywords":["Hans-Dieter"],"articleSection":["OPERATIONAL EXCELLENCE"],"inLanguage":"it-IT"},{"@type":"WebPage","@id":"https:\/\/www.organisator.ch\/operational-excellence\/2022-02-08\/hans-dieter-seghezzi-der-doyen-fuer-das-qualitaetsmanagement-ist-tot\/","url":"https:\/\/www.organisator.ch\/operational-excellence\/2022-02-08\/hans-dieter-seghezzi-der-doyen-fuer-das-qualitaetsmanagement-ist-tot\/","name":"Hans-Dieter Seghezzi, decano della gestione della qualit\u00e0, \u00e8 morto - Organizzatore","isPartOf":{"@id":"https:\/\/www.organisator.ch\/#website"},"primaryImageOfPage":{"@id":"https:\/\/www.organisator.ch\/operational-excellence\/2022-02-08\/hans-dieter-seghezzi-der-doyen-fuer-das-qualitaetsmanagement-ist-tot\/#primaryimage"},"image":{"@id":"https:\/\/www.organisator.ch\/operational-excellence\/2022-02-08\/hans-dieter-seghezzi-der-doyen-fuer-das-qualitaetsmanagement-ist-tot\/#primaryimage"},"thumbnailUrl":"https:\/\/www.m-q.ch\/wp-content\/uploads\/2022\/02\/Hans-Dieter-Seghezzi-der-Doyen-fuer-das-Qualitaetsmanagement-ist-tot_MQ.jpg","datePublished":"2022-02-08T16:08:34+00:00","dateModified":"2022-08-03T09:07:19+00:00","description":"Prof. Dr. Dr. h.c. Hans-Dieter Seghezzi, mente della gestione della qualit\u00e0 nel mondo di lingua tedesca e fondatore di SQS, \u00e8 morto all'et\u00e0 di 88 anni.","breadcrumb":{"@id":"https:\/\/www.organisator.ch\/operational-excellence\/2022-02-08\/hans-dieter-seghezzi-der-doyen-fuer-das-qualitaetsmanagement-ist-tot\/#breadcrumb"},"inLanguage":"it-IT","potentialAction":[{"@type":"ReadAction","target":["https:\/\/www.organisator.ch\/operational-excellence\/2022-02-08\/hans-dieter-seghezzi-der-doyen-fuer-das-qualitaetsmanagement-ist-tot\/"]}]},{"@type":"ImageObject","inLanguage":"it-IT","@id":"https:\/\/www.organisator.ch\/operational-excellence\/2022-02-08\/hans-dieter-seghezzi-der-doyen-fuer-das-qualitaetsmanagement-ist-tot\/#primaryimage","url":"https:\/\/www.m-q.ch\/wp-content\/uploads\/2022\/02\/Hans-Dieter-Seghezzi-der-Doyen-fuer-das-Qualitaetsmanagement-ist-tot_MQ.jpg","contentUrl":"https:\/\/www.m-q.ch\/wp-content\/uploads\/2022\/02\/Hans-Dieter-Seghezzi-der-Doyen-fuer-das-Qualitaetsmanagement-ist-tot_MQ.jpg"},{"@type":"BreadcrumbList","@id":"https:\/\/www.organisator.ch\/operational-excellence\/2022-02-08\/hans-dieter-seghezzi-der-doyen-fuer-das-qualitaetsmanagement-ist-tot\/#breadcrumb","itemListElement":[{"@type":"ListItem","position":1,"name":"Home","item":"https:\/\/www.organisator.ch\/"},{"@type":"ListItem","position":2,"name":"Hans-Dieter Seghezzi, der Doyen f\u00fcr das Qualit\u00e4tsmanagement, ist tot"}]},{"@type":"WebSite","@id":"https:\/\/www.organisator.ch\/#website","url":"https:\/\/www.organisator.ch\/","name":"Organizzatore","description":"Competente. Pratico. In 10 numeri all'anno, ORGANISATOR presenta i temi essenziali per i manager delle PMI.","publisher":{"@id":"https:\/\/www.organisator.ch\/#organization"},"potentialAction":[{"@type":"SearchAction","target":{"@type":"EntryPoint","urlTemplate":"https:\/\/www.organisator.ch\/?s={search_term_string}"},"query-input":{"@type":"PropertyValueSpecification","valueRequired":true,"valueName":"search_term_string"}}],"inLanguage":"it-IT"},{"@type":"Organization","@id":"https:\/\/www.organisator.ch\/#organization","name":"Organizzatore","url":"https:\/\/www.organisator.ch\/","logo":{"@type":"ImageObject","inLanguage":"it-IT","@id":"https:\/\/www.organisator.ch\/#\/schema\/logo\/image\/","url":"https:\/\/www.organisator.ch\/wp-content\/uploads\/2022\/01\/Logo_Organisator_Website.png","contentUrl":"https:\/\/www.organisator.ch\/wp-content\/uploads\/2022\/01\/Logo_Organisator_Website.png","width":800,"height":77,"caption":"Organisator"},"image":{"@id":"https:\/\/www.organisator.ch\/#\/schema\/logo\/image\/"},"sameAs":["https:\/\/www.facebook.com\/OrganisatorFachmagazin","https:\/\/www.linkedin.com\/showcase\/organisator-das-magazin-fr-kmu","https:\/\/www.xing.com\/news\/pages\/organisator-ch-695","https:\/\/www.youtube.com\/channel\/UCGP2Sq0iWaZwT3BdIAQFYpw"]},{"@type":"Person","@id":"https:\/\/www.organisator.ch\/#\/schema\/person\/4e51799071cd2dd1232ac003643ef5f0","name":"galledia","image":{"@type":"ImageObject","inLanguage":"it-IT","@id":"https:\/\/secure.gravatar.com\/avatar\/78a7f90c01fc2bfc875782a0d4922b37cde2cf184ce347b91316d23cd7f69a36?s=96&d=mm&r=g","url":"https:\/\/secure.gravatar.com\/avatar\/78a7f90c01fc2bfc875782a0d4922b37cde2cf184ce347b91316d23cd7f69a36?s=96&d=mm&r=g","contentUrl":"https:\/\/secure.gravatar.com\/avatar\/78a7f90c01fc2bfc875782a0d4922b37cde2cf184ce347b91316d23cd7f69a36?s=96&d=mm&r=g","caption":"galledia"},"sameAs":["https:\/\/x.com\/admin"],"url":"https:\/\/www.organisator.ch\/it\/author\/galledia\/"}]}},"_links":{"self":[{"href":"https:\/\/www.organisator.ch\/it\/wp-json\/wp\/v2\/posts\/11117","targetHints":{"allow":["GET"]}}],"collection":[{"href":"https:\/\/www.organisator.ch\/it\/wp-json\/wp\/v2\/posts"}],"about":[{"href":"https:\/\/www.organisator.ch\/it\/wp-json\/wp\/v2\/types\/post"}],"author":[{"embeddable":true,"href":"https:\/\/www.organisator.ch\/it\/wp-json\/wp\/v2\/users\/8"}],"replies":[{"embeddable":true,"href":"https:\/\/www.organisator.ch\/it\/wp-json\/wp\/v2\/comments?post=11117"}],"version-history":[{"count":7,"href":"https:\/\/www.organisator.ch\/it\/wp-json\/wp\/v2\/posts\/11117\/revisions"}],"predecessor-version":[{"id":16326,"href":"https:\/\/www.organisator.ch\/it\/wp-json\/wp\/v2\/posts\/11117\/revisions\/16326"}],"wp:attachment":[{"href":"https:\/\/www.organisator.ch\/it\/wp-json\/wp\/v2\/media?parent=11117"}],"wp:term":[{"taxonomy":"category","embeddable":true,"href":"https:\/\/www.organisator.ch\/it\/wp-json\/wp\/v2\/categories?post=11117"},{"taxonomy":"post_tag","embeddable":true,"href":"https:\/\/www.organisator.ch\/it\/wp-json\/wp\/v2\/tags?post=11117"}],"curies":[{"name":"wp","href":"https:\/\/api.w.org\/{rel}","templated":true}]}}