{"id":11119,"date":"2022-02-08T09:19:01","date_gmt":"2022-02-08T08:19:01","guid":{"rendered":"https:\/\/www.m-q.ch\/?p=15924"},"modified":"2022-08-02T14:06:27","modified_gmt":"2022-08-02T12:06:27","slug":"bosch-rexroth-arbeitet-an-der-fabrik-der-zukunft","status":"publish","type":"post","link":"https:\/\/www.organisator.ch\/it\/operational-excellence\/2022-02-08\/bosch-rexroth-arbeitet-an-der-fabrik-der-zukunft\/","title":{"rendered":"Bosch Rexroth sta lavorando alla fabbrica del futuro"},"content":{"rendered":"<figure id=\"attachment_15925\" class=\"wp-caption alignnone\" style=\"width: 680px\" aria-describedby=\"caption-attachment-15925\"><img class=\"alignnone wp-image-15925 size-full\" src=\"https:\/\/www.m-q.ch\/wp-content\/uploads\/2022\/02\/Bosch-Rexroth-arbeitet-an-der-Fabrik-der-Zukunft_MQ.jpg\" alt=\"Bosch Rexroth\" width=\"680\" height=\"465\" \/><figcaption id=\"caption-attachment-15925\" class=\"wp-caption-text\">Fabbrica modello di Bosch Rexroth a Ulm. (Immagine: zVg \/ Bosch Rexroth)<\/figcaption><\/figure>\r\nBosch Rexroth, specialista delle tecnologie di azionamento e controllo, definisce la \"fabbrica del futuro\": \"Dal nostro punto di vista, la fabbrica del futuro \u00e8 altamente trasformabile. Solo le pareti, il pavimento e il soffitto hanno il loro posto fisso - tutto il resto \u00e8 mobile. Le linee di assemblaggio sono modulari e le macchine possono riformarsi in nuove linee a seconda delle necessit\u00e0. Tutto \u00e8 collegato senza fili e comunica tramite 5G. L'alimentazione viene fornita tramite un sistema di carica induttivo attraverso il pavimento\", spiega Thomas Fechner, responsabile della Business Unit Automation &amp; Electrification Solutions di Bosch Rexroth.\r\n<h3>L'impegno di Bosch Rexroth per la fabbrica elettronica intelligente<\/h3>\r\nUna tale visione si basa su un lavoro coerente di ricerca e sviluppo. Ecco perch\u00e9 Bosch Rexroth \u00e8 anche coinvolta in centri di competenza globali. L'azienda \u00e8 membro della <a href=\"http:\/\/www.smartelectronicfactory.de\/\">SEF Smart Electronic Factory e.V.<\/a> Si tratta di un'iniziativa di Industria 4.0 di istituti di ricerca e aziende rinomate che vogliono aprire insieme la strada alla digitalizzazione per le PMI industriali tedesche. La SEF Smart Electronic Factory e.V. \u00e8 un'associazione fondata nel 2015 che sviluppa soluzioni compatibili con l'Industria 4.0, con particolare attenzione alle esigenze delle PMI. Nella Smart Electronic Factory, una fabbrica di elettronica a Limburg a. d. Lahn (Germania), vengono sviluppati e testati scenari e applicazioni di Industria 4.0 in condizioni di produzione reali.\r\n\r\nThomas Fechner spiega: \"Nella SEF Smart Electronic Factory e.V. confluiscono le competenze di aziende con diverse specializzazioni e si possono cos\u00ec creare soluzioni olistiche. Un'attenzione particolare \u00e8 rivolta a garantire che le aziende possano ottenere rapidi vantaggi dalla digitalizzazione con le soluzioni, in un'ottica di visione d'insieme.\"\r\n<h3>Industria 4.0: non \u00e8 una questione di \"se\", ma di \"come\"<\/h3>\r\nBosch Rexroth si considera un pioniere quando si tratta di soluzioni per la fabbrica digitalizzata. Uno degli obiettivi \u00e8 l'automazione di fabbrica. Ad esempio, l'azienda ha sviluppato la piattaforma di automazione ctrlX AUTOMATION, che annuncia un cambiamento di paradigma. La piattaforma supera i classici confini tra il controllo delle macchine, il mondo IT e l'Internet degli oggetti. Dispone di standard sempre aperti, di una tecnologia di programmazione delle app, di un'ingegneria basata sul web e di una connessione IoT completa. Le applicazioni di Bosch Rexroth e dei suoi partner sono disponibili per qualsiasi attivit\u00e0 di automazione attraverso l'ecosistema. Inoltre, Bosch Rexroth offre numerosi altri prodotti, soluzioni e servizi per la trasformazione digitale in fabbrica, aiutando i produttori a rendere la loro produzione pi\u00f9 flessibile e a prova di futuro.\r\n\r\n\"La digitalizzazione continuer\u00e0 a cambiare in modo significativo il mondo della produzione. Bosch Rexroth e tutti gli altri membri della nostra associazione Industrie 4.0 si sono posti l'obiettivo di supportare le aziende con soluzioni che non richiedono ulteriori competenze in materia di digitalizzazione, ma che al contrario creano sollievo ed eliminano gli ostacoli. Non si tratta pi\u00f9 di stabilire se l'Industria 4.0 viene implementata, ma come. E noi vogliamo dare un contributo prezioso in tal senso\", spiega Maria Christina Bienek, amministratore delegato di SEF Smart Electronic Factory e.V..\r\n\r\nIl contributo <a href=\"https:\/\/www.m-q.ch\/de\/bosch-rexroth-arbeitet-an-der-fabrik-der-zukunft\/\" rel=\"nofollow\">Bosch Rexroth sta lavorando alla fabbrica del futuro<\/a> \u00e8 apparso per la prima volta su <a href=\"https:\/\/www.m-q.ch\/de\/\" rel=\"nofollow\">MQ Gestione e qualit\u00e0<\/a>.\n<p class=\"syndicated-attribution\">Questo articolo \u00e8 apparso originariamente su m-q.ch - <a href=\"https:\/\/www.m-q.ch\/de\/bosch-rexroth-arbeitet-an-der-fabrik-der-zukunft\/\" target=\"_blank\">https:\/\/www.m-q.ch\/de\/bosch-rexroth-arbeitet-an-der-fabrik-der-zukunft\/<\/a><\/p>","protected":false},"excerpt":{"rendered":"<p>Bosch Rexroth, Spezialist f\u00fcr Antriebs- und Steuerungstechnologien, definiert die \u201eFactory of the Future\u201c: \u201eAus unserer Sicht ist die Fabrik der Zukunft hochgradig verwandlungsf\u00e4hig. Nur die W\u00e4nde, der Boden und die Decke haben ihren festen Platz \u2013 alles andere ist mobil. Die Montagelinien sind modular aufgebaut und die Maschinen k\u00f6nnen sich je nach Bedarf zu neuen [\u2026]<\/p>\n<p>Der Beitrag <a rel=\"nofollow\" href=\"https:\/\/www.m-q.ch\/de\/bosch-rexroth-arbeitet-an-der-fabrik-der-zukunft\/\">Bosch Rexroth arbeitet an der Fabrik der Zukunft<\/a> erschien zuerst auf <a rel=\"nofollow\" href=\"https:\/\/www.m-q.ch\/de\/\">MQ Management und Qualit\u00e4t<\/a>.<\/p>\n","protected":false},"author":8,"featured_media":0,"comment_status":"closed","ping_status":"closed","sticky":false,"template":"","format":"standard","meta":{"_acf_changed":false,"_yoast_wpseo_focuskw":"Bosch Rexroth","_yoast_wpseo_metadesc":"Die Fabrik der Zukunft ist hochvariabel und konnektiv. Im Zentrum stehen softwarebasierte, automatisierte und miteinander vernetzte L\u00f6sungen.","articlekey":"","footnotes":""},"categories":[582],"tags":[3269,2636],"class_list":["post-11119","post","type-post","status-publish","format-standard","hentry","category-operational-excellence","tag-bosch-rexroth","tag-industrieautomation"],"acf":[],"yoast_head":"<!-- This site is optimized with the Yoast SEO plugin v27.5 - https:\/\/yoast.com\/product\/yoast-seo-wordpress\/ -->\n<title>Bosch Rexroth arbeitet an der Fabrik der Zukunft - Organisator<\/title>\n<meta name=\"description\" content=\"Die Fabrik der Zukunft ist hochvariabel und konnektiv. Im Zentrum stehen softwarebasierte, automatisierte und miteinander vernetzte L\u00f6sungen.\" \/>\n<meta name=\"robots\" content=\"index, follow, max-snippet:-1, max-image-preview:large, max-video-preview:-1\" \/>\n<link rel=\"canonical\" href=\"https:\/\/www.m-q.ch\/de\/bosch-rexroth-arbeitet-an-der-fabrik-der-zukunft\/\" \/>\n<meta property=\"og:locale\" content=\"it_IT\" \/>\n<meta property=\"og:type\" content=\"article\" \/>\n<meta property=\"og:title\" content=\"Bosch Rexroth arbeitet an der Fabrik der Zukunft - Organisator\" \/>\n<meta property=\"og:description\" content=\"Die Fabrik der Zukunft ist hochvariabel und konnektiv. Im Zentrum stehen softwarebasierte, automatisierte und miteinander vernetzte L\u00f6sungen.\" \/>\n<meta property=\"og:url\" content=\"https:\/\/www.m-q.ch\/de\/bosch-rexroth-arbeitet-an-der-fabrik-der-zukunft\/\" \/>\n<meta property=\"og:site_name\" content=\"Organisator\" \/>\n<meta property=\"article:publisher\" content=\"https:\/\/www.facebook.com\/OrganisatorFachmagazin\" \/>\n<meta property=\"article:published_time\" content=\"2022-02-08T08:19:01+00:00\" \/>\n<meta property=\"article:modified_time\" content=\"2022-08-02T12:06:27+00:00\" \/>\n<meta property=\"og:image\" content=\"https:\/\/www.m-q.ch\/wp-content\/uploads\/2022\/02\/Bosch-Rexroth-arbeitet-an-der-Fabrik-der-Zukunft_MQ.jpg\" \/>\n<meta name=\"author\" content=\"galledia\" \/>\n<meta name=\"twitter:card\" content=\"summary_large_image\" \/>\n<meta name=\"twitter:creator\" content=\"@admin\" \/>\n<script type=\"application\/ld+json\" class=\"yoast-schema-graph\">{\"@context\":\"https:\\\/\\\/schema.org\",\"@graph\":[{\"@type\":\"Article\",\"@id\":\"https:\\\/\\\/www.m-q.ch\\\/de\\\/bosch-rexroth-arbeitet-an-der-fabrik-der-zukunft\\\/#article\",\"isPartOf\":{\"@id\":\"https:\\\/\\\/www.organisator.ch\\\/operational-excellence\\\/2022-02-08\\\/bosch-rexroth-arbeitet-an-der-fabrik-der-zukunft\\\/\"},\"author\":{\"name\":\"galledia\",\"@id\":\"https:\\\/\\\/www.organisator.ch\\\/#\\\/schema\\\/person\\\/4e51799071cd2dd1232ac003643ef5f0\"},\"headline\":\"Bosch Rexroth arbeitet an der Fabrik der Zukunft\",\"datePublished\":\"2022-02-08T08:19:01+00:00\",\"dateModified\":\"2022-08-02T12:06:27+00:00\",\"mainEntityOfPage\":{\"@id\":\"https:\\\/\\\/www.organisator.ch\\\/operational-excellence\\\/2022-02-08\\\/bosch-rexroth-arbeitet-an-der-fabrik-der-zukunft\\\/\"},\"wordCount\":501,\"publisher\":{\"@id\":\"https:\\\/\\\/www.organisator.ch\\\/#organization\"},\"image\":{\"@id\":\"https:\\\/\\\/www.m-q.ch\\\/de\\\/bosch-rexroth-arbeitet-an-der-fabrik-der-zukunft\\\/#primaryimage\"},\"thumbnailUrl\":\"https:\\\/\\\/www.m-q.ch\\\/wp-content\\\/uploads\\\/2022\\\/02\\\/Bosch-Rexroth-arbeitet-an-der-Fabrik-der-Zukunft_MQ.jpg\",\"keywords\":[\"Bosch Rexroth\",\"Industrieautomation\"],\"articleSection\":[\"OPERATIONAL EXCELLENCE\"],\"inLanguage\":\"it-IT\"},{\"@type\":\"WebPage\",\"@id\":\"https:\\\/\\\/www.organisator.ch\\\/operational-excellence\\\/2022-02-08\\\/bosch-rexroth-arbeitet-an-der-fabrik-der-zukunft\\\/\",\"url\":\"https:\\\/\\\/www.m-q.ch\\\/de\\\/bosch-rexroth-arbeitet-an-der-fabrik-der-zukunft\\\/\",\"name\":\"Bosch Rexroth arbeitet an der Fabrik der Zukunft - Organisator\",\"isPartOf\":{\"@id\":\"https:\\\/\\\/www.organisator.ch\\\/#website\"},\"primaryImageOfPage\":{\"@id\":\"https:\\\/\\\/www.m-q.ch\\\/de\\\/bosch-rexroth-arbeitet-an-der-fabrik-der-zukunft\\\/#primaryimage\"},\"image\":{\"@id\":\"https:\\\/\\\/www.m-q.ch\\\/de\\\/bosch-rexroth-arbeitet-an-der-fabrik-der-zukunft\\\/#primaryimage\"},\"thumbnailUrl\":\"https:\\\/\\\/www.m-q.ch\\\/wp-content\\\/uploads\\\/2022\\\/02\\\/Bosch-Rexroth-arbeitet-an-der-Fabrik-der-Zukunft_MQ.jpg\",\"datePublished\":\"2022-02-08T08:19:01+00:00\",\"dateModified\":\"2022-08-02T12:06:27+00:00\",\"description\":\"Die Fabrik der Zukunft ist hochvariabel und konnektiv. Im Zentrum stehen softwarebasierte, automatisierte und miteinander vernetzte L\u00f6sungen.\",\"breadcrumb\":{\"@id\":\"https:\\\/\\\/www.m-q.ch\\\/de\\\/bosch-rexroth-arbeitet-an-der-fabrik-der-zukunft\\\/#breadcrumb\"},\"inLanguage\":\"it-IT\",\"potentialAction\":[{\"@type\":\"ReadAction\",\"target\":[\"https:\\\/\\\/www.m-q.ch\\\/de\\\/bosch-rexroth-arbeitet-an-der-fabrik-der-zukunft\\\/\"]}]},{\"@type\":\"ImageObject\",\"inLanguage\":\"it-IT\",\"@id\":\"https:\\\/\\\/www.m-q.ch\\\/de\\\/bosch-rexroth-arbeitet-an-der-fabrik-der-zukunft\\\/#primaryimage\",\"url\":\"https:\\\/\\\/www.m-q.ch\\\/wp-content\\\/uploads\\\/2022\\\/02\\\/Bosch-Rexroth-arbeitet-an-der-Fabrik-der-Zukunft_MQ.jpg\",\"contentUrl\":\"https:\\\/\\\/www.m-q.ch\\\/wp-content\\\/uploads\\\/2022\\\/02\\\/Bosch-Rexroth-arbeitet-an-der-Fabrik-der-Zukunft_MQ.jpg\"},{\"@type\":\"BreadcrumbList\",\"@id\":\"https:\\\/\\\/www.m-q.ch\\\/de\\\/bosch-rexroth-arbeitet-an-der-fabrik-der-zukunft\\\/#breadcrumb\",\"itemListElement\":[{\"@type\":\"ListItem\",\"position\":1,\"name\":\"Home\",\"item\":\"https:\\\/\\\/www.organisator.ch\\\/\"},{\"@type\":\"ListItem\",\"position\":2,\"name\":\"Bosch Rexroth arbeitet an der Fabrik der Zukunft\"}]},{\"@type\":\"WebSite\",\"@id\":\"https:\\\/\\\/www.organisator.ch\\\/#website\",\"url\":\"https:\\\/\\\/www.organisator.ch\\\/\",\"name\":\"Organisator\",\"description\":\"Kompetent. Praxisnah. Der ORGANISATOR bereitet in 10 Ausgaben pro Jahr die wesentlichen Themen f\u00fcr F\u00fchrungskr\u00e4fte von KMU auf.\",\"publisher\":{\"@id\":\"https:\\\/\\\/www.organisator.ch\\\/#organization\"},\"potentialAction\":[{\"@type\":\"SearchAction\",\"target\":{\"@type\":\"EntryPoint\",\"urlTemplate\":\"https:\\\/\\\/www.organisator.ch\\\/?s={search_term_string}\"},\"query-input\":{\"@type\":\"PropertyValueSpecification\",\"valueRequired\":true,\"valueName\":\"search_term_string\"}}],\"inLanguage\":\"it-IT\"},{\"@type\":\"Organization\",\"@id\":\"https:\\\/\\\/www.organisator.ch\\\/#organization\",\"name\":\"Organisator\",\"url\":\"https:\\\/\\\/www.organisator.ch\\\/\",\"logo\":{\"@type\":\"ImageObject\",\"inLanguage\":\"it-IT\",\"@id\":\"https:\\\/\\\/www.organisator.ch\\\/#\\\/schema\\\/logo\\\/image\\\/\",\"url\":\"https:\\\/\\\/www.organisator.ch\\\/wp-content\\\/uploads\\\/2022\\\/01\\\/Logo_Organisator_Website.png\",\"contentUrl\":\"https:\\\/\\\/www.organisator.ch\\\/wp-content\\\/uploads\\\/2022\\\/01\\\/Logo_Organisator_Website.png\",\"width\":800,\"height\":77,\"caption\":\"Organisator\"},\"image\":{\"@id\":\"https:\\\/\\\/www.organisator.ch\\\/#\\\/schema\\\/logo\\\/image\\\/\"},\"sameAs\":[\"https:\\\/\\\/www.facebook.com\\\/OrganisatorFachmagazin\",\"https:\\\/\\\/www.linkedin.com\\\/showcase\\\/organisator-das-magazin-fr-kmu\",\"https:\\\/\\\/www.xing.com\\\/news\\\/pages\\\/organisator-ch-695\",\"https:\\\/\\\/www.youtube.com\\\/channel\\\/UCGP2Sq0iWaZwT3BdIAQFYpw\"]},{\"@type\":\"Person\",\"@id\":\"https:\\\/\\\/www.organisator.ch\\\/#\\\/schema\\\/person\\\/4e51799071cd2dd1232ac003643ef5f0\",\"name\":\"galledia\",\"image\":{\"@type\":\"ImageObject\",\"inLanguage\":\"it-IT\",\"@id\":\"https:\\\/\\\/secure.gravatar.com\\\/avatar\\\/78a7f90c01fc2bfc875782a0d4922b37cde2cf184ce347b91316d23cd7f69a36?s=96&d=mm&r=g\",\"url\":\"https:\\\/\\\/secure.gravatar.com\\\/avatar\\\/78a7f90c01fc2bfc875782a0d4922b37cde2cf184ce347b91316d23cd7f69a36?s=96&d=mm&r=g\",\"contentUrl\":\"https:\\\/\\\/secure.gravatar.com\\\/avatar\\\/78a7f90c01fc2bfc875782a0d4922b37cde2cf184ce347b91316d23cd7f69a36?s=96&d=mm&r=g\",\"caption\":\"galledia\"},\"sameAs\":[\"https:\\\/\\\/x.com\\\/admin\"],\"url\":\"https:\\\/\\\/www.organisator.ch\\\/it\\\/author\\\/galledia\\\/\"}]}<\/script>\n<!-- \/ Yoast SEO plugin. -->","yoast_head_json":{"title":"Bosch Rexroth sta lavorando alla fabbrica del futuro - Organizzatore","description":"La fabbrica del futuro \u00e8 altamente variabile e connettiva. Le soluzioni basate su software, automatizzate e interconnesse sono al centro.","robots":{"index":"index","follow":"follow","max-snippet":"max-snippet:-1","max-image-preview":"max-image-preview:large","max-video-preview":"max-video-preview:-1"},"canonical":"https:\/\/www.m-q.ch\/de\/bosch-rexroth-arbeitet-an-der-fabrik-der-zukunft\/","og_locale":"it_IT","og_type":"article","og_title":"Bosch Rexroth arbeitet an der Fabrik der Zukunft - Organisator","og_description":"Die Fabrik der Zukunft ist hochvariabel und konnektiv. Im Zentrum stehen softwarebasierte, automatisierte und miteinander vernetzte L\u00f6sungen.","og_url":"https:\/\/www.m-q.ch\/de\/bosch-rexroth-arbeitet-an-der-fabrik-der-zukunft\/","og_site_name":"Organisator","article_publisher":"https:\/\/www.facebook.com\/OrganisatorFachmagazin","article_published_time":"2022-02-08T08:19:01+00:00","article_modified_time":"2022-08-02T12:06:27+00:00","og_image":[{"url":"https:\/\/www.m-q.ch\/wp-content\/uploads\/2022\/02\/Bosch-Rexroth-arbeitet-an-der-Fabrik-der-Zukunft_MQ.jpg","type":"","width":"","height":""}],"author":"galledia","twitter_card":"summary_large_image","twitter_creator":"@admin","schema":{"@context":"https:\/\/schema.org","@graph":[{"@type":"Article","@id":"https:\/\/www.m-q.ch\/de\/bosch-rexroth-arbeitet-an-der-fabrik-der-zukunft\/#article","isPartOf":{"@id":"https:\/\/www.organisator.ch\/operational-excellence\/2022-02-08\/bosch-rexroth-arbeitet-an-der-fabrik-der-zukunft\/"},"author":{"name":"galledia","@id":"https:\/\/www.organisator.ch\/#\/schema\/person\/4e51799071cd2dd1232ac003643ef5f0"},"headline":"Bosch Rexroth arbeitet an der Fabrik der Zukunft","datePublished":"2022-02-08T08:19:01+00:00","dateModified":"2022-08-02T12:06:27+00:00","mainEntityOfPage":{"@id":"https:\/\/www.organisator.ch\/operational-excellence\/2022-02-08\/bosch-rexroth-arbeitet-an-der-fabrik-der-zukunft\/"},"wordCount":501,"publisher":{"@id":"https:\/\/www.organisator.ch\/#organization"},"image":{"@id":"https:\/\/www.m-q.ch\/de\/bosch-rexroth-arbeitet-an-der-fabrik-der-zukunft\/#primaryimage"},"thumbnailUrl":"https:\/\/www.m-q.ch\/wp-content\/uploads\/2022\/02\/Bosch-Rexroth-arbeitet-an-der-Fabrik-der-Zukunft_MQ.jpg","keywords":["Bosch Rexroth","Industrieautomation"],"articleSection":["OPERATIONAL EXCELLENCE"],"inLanguage":"it-IT"},{"@type":"WebPage","@id":"https:\/\/www.organisator.ch\/operational-excellence\/2022-02-08\/bosch-rexroth-arbeitet-an-der-fabrik-der-zukunft\/","url":"https:\/\/www.m-q.ch\/de\/bosch-rexroth-arbeitet-an-der-fabrik-der-zukunft\/","name":"Bosch Rexroth sta lavorando alla fabbrica del futuro - Organizzatore","isPartOf":{"@id":"https:\/\/www.organisator.ch\/#website"},"primaryImageOfPage":{"@id":"https:\/\/www.m-q.ch\/de\/bosch-rexroth-arbeitet-an-der-fabrik-der-zukunft\/#primaryimage"},"image":{"@id":"https:\/\/www.m-q.ch\/de\/bosch-rexroth-arbeitet-an-der-fabrik-der-zukunft\/#primaryimage"},"thumbnailUrl":"https:\/\/www.m-q.ch\/wp-content\/uploads\/2022\/02\/Bosch-Rexroth-arbeitet-an-der-Fabrik-der-Zukunft_MQ.jpg","datePublished":"2022-02-08T08:19:01+00:00","dateModified":"2022-08-02T12:06:27+00:00","description":"La fabbrica del futuro \u00e8 altamente variabile e connettiva. Le soluzioni basate su software, automatizzate e interconnesse sono al centro.","breadcrumb":{"@id":"https:\/\/www.m-q.ch\/de\/bosch-rexroth-arbeitet-an-der-fabrik-der-zukunft\/#breadcrumb"},"inLanguage":"it-IT","potentialAction":[{"@type":"ReadAction","target":["https:\/\/www.m-q.ch\/de\/bosch-rexroth-arbeitet-an-der-fabrik-der-zukunft\/"]}]},{"@type":"ImageObject","inLanguage":"it-IT","@id":"https:\/\/www.m-q.ch\/de\/bosch-rexroth-arbeitet-an-der-fabrik-der-zukunft\/#primaryimage","url":"https:\/\/www.m-q.ch\/wp-content\/uploads\/2022\/02\/Bosch-Rexroth-arbeitet-an-der-Fabrik-der-Zukunft_MQ.jpg","contentUrl":"https:\/\/www.m-q.ch\/wp-content\/uploads\/2022\/02\/Bosch-Rexroth-arbeitet-an-der-Fabrik-der-Zukunft_MQ.jpg"},{"@type":"BreadcrumbList","@id":"https:\/\/www.m-q.ch\/de\/bosch-rexroth-arbeitet-an-der-fabrik-der-zukunft\/#breadcrumb","itemListElement":[{"@type":"ListItem","position":1,"name":"Home","item":"https:\/\/www.organisator.ch\/"},{"@type":"ListItem","position":2,"name":"Bosch Rexroth arbeitet an der Fabrik der Zukunft"}]},{"@type":"WebSite","@id":"https:\/\/www.organisator.ch\/#website","url":"https:\/\/www.organisator.ch\/","name":"Organizzatore","description":"Competente. Pratico. In 10 numeri all'anno, ORGANISATOR presenta i temi essenziali per i manager delle PMI.","publisher":{"@id":"https:\/\/www.organisator.ch\/#organization"},"potentialAction":[{"@type":"SearchAction","target":{"@type":"EntryPoint","urlTemplate":"https:\/\/www.organisator.ch\/?s={search_term_string}"},"query-input":{"@type":"PropertyValueSpecification","valueRequired":true,"valueName":"search_term_string"}}],"inLanguage":"it-IT"},{"@type":"Organization","@id":"https:\/\/www.organisator.ch\/#organization","name":"Organizzatore","url":"https:\/\/www.organisator.ch\/","logo":{"@type":"ImageObject","inLanguage":"it-IT","@id":"https:\/\/www.organisator.ch\/#\/schema\/logo\/image\/","url":"https:\/\/www.organisator.ch\/wp-content\/uploads\/2022\/01\/Logo_Organisator_Website.png","contentUrl":"https:\/\/www.organisator.ch\/wp-content\/uploads\/2022\/01\/Logo_Organisator_Website.png","width":800,"height":77,"caption":"Organisator"},"image":{"@id":"https:\/\/www.organisator.ch\/#\/schema\/logo\/image\/"},"sameAs":["https:\/\/www.facebook.com\/OrganisatorFachmagazin","https:\/\/www.linkedin.com\/showcase\/organisator-das-magazin-fr-kmu","https:\/\/www.xing.com\/news\/pages\/organisator-ch-695","https:\/\/www.youtube.com\/channel\/UCGP2Sq0iWaZwT3BdIAQFYpw"]},{"@type":"Person","@id":"https:\/\/www.organisator.ch\/#\/schema\/person\/4e51799071cd2dd1232ac003643ef5f0","name":"galledia","image":{"@type":"ImageObject","inLanguage":"it-IT","@id":"https:\/\/secure.gravatar.com\/avatar\/78a7f90c01fc2bfc875782a0d4922b37cde2cf184ce347b91316d23cd7f69a36?s=96&d=mm&r=g","url":"https:\/\/secure.gravatar.com\/avatar\/78a7f90c01fc2bfc875782a0d4922b37cde2cf184ce347b91316d23cd7f69a36?s=96&d=mm&r=g","contentUrl":"https:\/\/secure.gravatar.com\/avatar\/78a7f90c01fc2bfc875782a0d4922b37cde2cf184ce347b91316d23cd7f69a36?s=96&d=mm&r=g","caption":"galledia"},"sameAs":["https:\/\/x.com\/admin"],"url":"https:\/\/www.organisator.ch\/it\/author\/galledia\/"}]}},"_links":{"self":[{"href":"https:\/\/www.organisator.ch\/it\/wp-json\/wp\/v2\/posts\/11119","targetHints":{"allow":["GET"]}}],"collection":[{"href":"https:\/\/www.organisator.ch\/it\/wp-json\/wp\/v2\/posts"}],"about":[{"href":"https:\/\/www.organisator.ch\/it\/wp-json\/wp\/v2\/types\/post"}],"author":[{"embeddable":true,"href":"https:\/\/www.organisator.ch\/it\/wp-json\/wp\/v2\/users\/8"}],"replies":[{"embeddable":true,"href":"https:\/\/www.organisator.ch\/it\/wp-json\/wp\/v2\/comments?post=11119"}],"version-history":[{"count":5,"href":"https:\/\/www.organisator.ch\/it\/wp-json\/wp\/v2\/posts\/11119\/revisions"}],"predecessor-version":[{"id":16204,"href":"https:\/\/www.organisator.ch\/it\/wp-json\/wp\/v2\/posts\/11119\/revisions\/16204"}],"wp:attachment":[{"href":"https:\/\/www.organisator.ch\/it\/wp-json\/wp\/v2\/media?parent=11119"}],"wp:term":[{"taxonomy":"category","embeddable":true,"href":"https:\/\/www.organisator.ch\/it\/wp-json\/wp\/v2\/categories?post=11119"},{"taxonomy":"post_tag","embeddable":true,"href":"https:\/\/www.organisator.ch\/it\/wp-json\/wp\/v2\/tags?post=11119"}],"curies":[{"name":"wp","href":"https:\/\/api.w.org\/{rel}","templated":true}]}}