{"id":11124,"date":"2022-02-09T14:17:03","date_gmt":"2022-02-09T13:17:03","guid":{"rendered":"https:\/\/www.werbewoche.ch\/?p=165169"},"modified":"2022-08-02T16:21:17","modified_gmt":"2022-08-02T14:21:17","slug":"agentur-am-flughafen-demonstriert-die-kompetenz-von-elco","status":"publish","type":"post","link":"https:\/\/www.organisator.ch\/it\/marketing\/2022-02-09\/agentur-am-flughafen-demonstriert-die-kompetenz-von-elco\/","title":{"rendered":"L'agenzia all'aeroporto dimostra la competenza di Elco"},"content":{"rendered":"<img class=\"aligncenter wp-image-165173 size-full\" src=\"https:\/\/www.werbewoche.ch\/wp-content\/uploads\/2022\/02\/Aerotop_01-1.jpg\" alt=\"Agenzia all&#039;aeroporto\" width=\"1200\" height=\"986\" \/>Il modello \"Aerotop SG\" \u00e8 uno dei prodotti pi\u00f9 venduti del fornitore di sistemi di riscaldamento Elco. Il classico del design \u00e8 stato ulteriormente sviluppato tecnicamente senza perdere la sua forma.\r\n\r\nOra il nuovo modello \u00e8 stato lanciato agli installatori di riscaldamento svizzeri attraverso un mailing diretto sviluppato dall'agenzia dell'aeroporto. Per il mailing, i creativi dell'agenzia Altenrhein Sanktgaller hanno adottato la forma indipendente del classico del design.  Per dimostrare la silenziosit\u00e0 della ventola di Aerotop SG, \u00e8 stato integrato un rotore nel mailing. Il rotore girevole rivela gli ulteriori sviluppi del nuovo dispositivo.\r\n\r\nIl mailing \u00e8 stato inviato nell'inverno 2021\/2022.\r\n\r\n<a href=\"https:\/\/www.werbewoche.ch\/de\/marketing\/2022-02-09\/agentur-am-flughafen-demonstriert-die-kompetenz-von-elco\/attachment\/aerotop_02\/\"><img class=\"attachment-full alignnone\" src=\"https:\/\/www.werbewoche.ch\/wp-content\/uploads\/2022\/02\/Aerotop_02.jpg\" alt=\"Agenzia all&#039;aeroporto\" width=\"1125\" height=\"1500\" \/><\/a>\r\n<a href=\"https:\/\/www.werbewoche.ch\/de\/marketing\/2022-02-09\/agentur-am-flughafen-demonstriert-die-kompetenz-von-elco\/attachment\/aerotop_03\/\"><img class=\"attachment-full alignnone\" src=\"https:\/\/www.werbewoche.ch\/wp-content\/uploads\/2022\/02\/Aerotop_03.jpg\" alt=\"Agenzia all&#039;aeroporto\" width=\"1125\" height=\"1500\" \/><\/a>\r\n\r\n<hr \/>\r\n\r\n<strong>Responsabile di Elcotherm:<\/strong> Markus Schlageter (Solution Centre Senior Manager, membro del consiglio di amministrazione), Ren\u00e9 Grosswiler (Marketing Services Manager), Linda Meyer (Marketing Services Senior Specialist). <strong>Responsabile presso l'agenzia dell'aeroporto:<\/strong> Ren\u00e9 Eugster (direzione creativa), Dominique Rutishauser (direzione artistica), Ketil Eggum (grafica), Miriam Egli (consulenza\/testo).","protected":false},"excerpt":{"rendered":"<p>Das Modell \u00abAerotop SG\u00bb geh\u00f6rt zu den meistverkauften Produkten des Heizsystem-Anbieters Elco. Der Designklassiker wurde technisch weiterentwickelt, ohne dabei seine Form zu verlieren. Nun wurde das neue Modell bei den Schweizer Heizungsinstallateuren mittels einem von der Agentur am Flughafen entwickelten Directmailing gelauncht. F\u00fcr das Mailing haben die Kreativen von der Altenrheiner Agentur Sanktgaller die eigenst\u00e4ndige [\u2026]<\/p>\n","protected":false},"author":8,"featured_media":0,"comment_status":"closed","ping_status":"closed","sticky":false,"template":"","format":"standard","meta":{"_acf_changed":false,"_yoast_wpseo_focuskw":"Agentur am Flughafen","_yoast_wpseo_metadesc":"Um die neue Version des meistverkauften Produkts von Elco bekanntzumachen, hat die St.Galler Agentur am Flughafen ein Directmailing entwickelt.","articlekey":"","footnotes":""},"categories":[29],"tags":[2637,2638],"class_list":["post-11124","post","type-post","status-publish","format-standard","hentry","category-marketing","tag-agentur-am-flughafen","tag-directmailing"],"acf":[],"yoast_head":"<!-- This site is optimized with the Yoast SEO plugin v27.5 - https:\/\/yoast.com\/product\/yoast-seo-wordpress\/ -->\n<title>Agentur am Flughafen demonstriert die Kompetenz von Elco - Organisator<\/title>\n<meta name=\"description\" content=\"Um die neue Version des meistverkauften Produkts von Elco bekanntzumachen, hat die St.Galler Agentur am Flughafen ein Directmailing entwickelt.\" \/>\n<meta name=\"robots\" content=\"index, follow, max-snippet:-1, max-image-preview:large, max-video-preview:-1\" \/>\n<link rel=\"canonical\" href=\"https:\/\/www.werbewoche.ch\/de\/marketing\/2022-02-09\/agentur-am-flughafen-demonstriert-die-kompetenz-von-elco\/\" \/>\n<meta property=\"og:locale\" content=\"it_IT\" \/>\n<meta property=\"og:type\" content=\"article\" \/>\n<meta property=\"og:title\" content=\"Agentur am Flughafen demonstriert die Kompetenz von Elco - Organisator\" \/>\n<meta property=\"og:description\" content=\"Um die neue Version des meistverkauften Produkts von Elco bekanntzumachen, hat die St.Galler Agentur am Flughafen ein Directmailing entwickelt.\" \/>\n<meta property=\"og:url\" content=\"https:\/\/www.werbewoche.ch\/de\/marketing\/2022-02-09\/agentur-am-flughafen-demonstriert-die-kompetenz-von-elco\/\" \/>\n<meta property=\"og:site_name\" content=\"Organisator\" \/>\n<meta property=\"article:publisher\" content=\"https:\/\/www.facebook.com\/OrganisatorFachmagazin\" \/>\n<meta property=\"article:published_time\" content=\"2022-02-09T13:17:03+00:00\" \/>\n<meta property=\"article:modified_time\" content=\"2022-08-02T14:21:17+00:00\" \/>\n<meta property=\"og:image\" content=\"https:\/\/www.werbewoche.ch\/wp-content\/uploads\/2022\/02\/Aerotop_01-1.jpg\" \/>\n<meta name=\"author\" content=\"galledia\" \/>\n<meta name=\"twitter:card\" content=\"summary_large_image\" \/>\n<meta name=\"twitter:creator\" content=\"@admin\" \/>\n<script type=\"application\/ld+json\" class=\"yoast-schema-graph\">{\"@context\":\"https:\\\/\\\/schema.org\",\"@graph\":[{\"@type\":\"Article\",\"@id\":\"https:\\\/\\\/www.werbewoche.ch\\\/de\\\/marketing\\\/2022-02-09\\\/agentur-am-flughafen-demonstriert-die-kompetenz-von-elco\\\/#article\",\"isPartOf\":{\"@id\":\"https:\\\/\\\/www.organisator.ch\\\/marketing\\\/2022-02-09\\\/agentur-am-flughafen-demonstriert-die-kompetenz-von-elco\\\/\"},\"author\":{\"name\":\"galledia\",\"@id\":\"https:\\\/\\\/www.organisator.ch\\\/#\\\/schema\\\/person\\\/4e51799071cd2dd1232ac003643ef5f0\"},\"headline\":\"Agentur am Flughafen demonstriert die Kompetenz von Elco\",\"datePublished\":\"2022-02-09T13:17:03+00:00\",\"dateModified\":\"2022-08-02T14:21:17+00:00\",\"mainEntityOfPage\":{\"@id\":\"https:\\\/\\\/www.organisator.ch\\\/marketing\\\/2022-02-09\\\/agentur-am-flughafen-demonstriert-die-kompetenz-von-elco\\\/\"},\"wordCount\":150,\"publisher\":{\"@id\":\"https:\\\/\\\/www.organisator.ch\\\/#organization\"},\"image\":{\"@id\":\"https:\\\/\\\/www.werbewoche.ch\\\/de\\\/marketing\\\/2022-02-09\\\/agentur-am-flughafen-demonstriert-die-kompetenz-von-elco\\\/#primaryimage\"},\"thumbnailUrl\":\"https:\\\/\\\/www.werbewoche.ch\\\/wp-content\\\/uploads\\\/2022\\\/02\\\/Aerotop_01-1.jpg\",\"keywords\":[\"Agentur am Flughafen\",\"Directmailing\"],\"articleSection\":[\"MARKETING\"],\"inLanguage\":\"it-IT\"},{\"@type\":\"WebPage\",\"@id\":\"https:\\\/\\\/www.organisator.ch\\\/marketing\\\/2022-02-09\\\/agentur-am-flughafen-demonstriert-die-kompetenz-von-elco\\\/\",\"url\":\"https:\\\/\\\/www.werbewoche.ch\\\/de\\\/marketing\\\/2022-02-09\\\/agentur-am-flughafen-demonstriert-die-kompetenz-von-elco\\\/\",\"name\":\"Agentur am Flughafen demonstriert die Kompetenz von Elco - Organisator\",\"isPartOf\":{\"@id\":\"https:\\\/\\\/www.organisator.ch\\\/#website\"},\"primaryImageOfPage\":{\"@id\":\"https:\\\/\\\/www.werbewoche.ch\\\/de\\\/marketing\\\/2022-02-09\\\/agentur-am-flughafen-demonstriert-die-kompetenz-von-elco\\\/#primaryimage\"},\"image\":{\"@id\":\"https:\\\/\\\/www.werbewoche.ch\\\/de\\\/marketing\\\/2022-02-09\\\/agentur-am-flughafen-demonstriert-die-kompetenz-von-elco\\\/#primaryimage\"},\"thumbnailUrl\":\"https:\\\/\\\/www.werbewoche.ch\\\/wp-content\\\/uploads\\\/2022\\\/02\\\/Aerotop_01-1.jpg\",\"datePublished\":\"2022-02-09T13:17:03+00:00\",\"dateModified\":\"2022-08-02T14:21:17+00:00\",\"description\":\"Um die neue Version des meistverkauften Produkts von Elco bekanntzumachen, hat die St.Galler Agentur am Flughafen ein Directmailing entwickelt.\",\"breadcrumb\":{\"@id\":\"https:\\\/\\\/www.werbewoche.ch\\\/de\\\/marketing\\\/2022-02-09\\\/agentur-am-flughafen-demonstriert-die-kompetenz-von-elco\\\/#breadcrumb\"},\"inLanguage\":\"it-IT\",\"potentialAction\":[{\"@type\":\"ReadAction\",\"target\":[\"https:\\\/\\\/www.werbewoche.ch\\\/de\\\/marketing\\\/2022-02-09\\\/agentur-am-flughafen-demonstriert-die-kompetenz-von-elco\\\/\"]}]},{\"@type\":\"ImageObject\",\"inLanguage\":\"it-IT\",\"@id\":\"https:\\\/\\\/www.werbewoche.ch\\\/de\\\/marketing\\\/2022-02-09\\\/agentur-am-flughafen-demonstriert-die-kompetenz-von-elco\\\/#primaryimage\",\"url\":\"https:\\\/\\\/www.werbewoche.ch\\\/wp-content\\\/uploads\\\/2022\\\/02\\\/Aerotop_01-1.jpg\",\"contentUrl\":\"https:\\\/\\\/www.werbewoche.ch\\\/wp-content\\\/uploads\\\/2022\\\/02\\\/Aerotop_01-1.jpg\"},{\"@type\":\"BreadcrumbList\",\"@id\":\"https:\\\/\\\/www.werbewoche.ch\\\/de\\\/marketing\\\/2022-02-09\\\/agentur-am-flughafen-demonstriert-die-kompetenz-von-elco\\\/#breadcrumb\",\"itemListElement\":[{\"@type\":\"ListItem\",\"position\":1,\"name\":\"Home\",\"item\":\"https:\\\/\\\/www.organisator.ch\\\/\"},{\"@type\":\"ListItem\",\"position\":2,\"name\":\"Agentur am Flughafen demonstriert die Kompetenz von Elco\"}]},{\"@type\":\"WebSite\",\"@id\":\"https:\\\/\\\/www.organisator.ch\\\/#website\",\"url\":\"https:\\\/\\\/www.organisator.ch\\\/\",\"name\":\"Organisator\",\"description\":\"Kompetent. Praxisnah. Der ORGANISATOR bereitet in 10 Ausgaben pro Jahr die wesentlichen Themen f\u00fcr F\u00fchrungskr\u00e4fte von KMU auf.\",\"publisher\":{\"@id\":\"https:\\\/\\\/www.organisator.ch\\\/#organization\"},\"potentialAction\":[{\"@type\":\"SearchAction\",\"target\":{\"@type\":\"EntryPoint\",\"urlTemplate\":\"https:\\\/\\\/www.organisator.ch\\\/?s={search_term_string}\"},\"query-input\":{\"@type\":\"PropertyValueSpecification\",\"valueRequired\":true,\"valueName\":\"search_term_string\"}}],\"inLanguage\":\"it-IT\"},{\"@type\":\"Organization\",\"@id\":\"https:\\\/\\\/www.organisator.ch\\\/#organization\",\"name\":\"Organisator\",\"url\":\"https:\\\/\\\/www.organisator.ch\\\/\",\"logo\":{\"@type\":\"ImageObject\",\"inLanguage\":\"it-IT\",\"@id\":\"https:\\\/\\\/www.organisator.ch\\\/#\\\/schema\\\/logo\\\/image\\\/\",\"url\":\"https:\\\/\\\/www.organisator.ch\\\/wp-content\\\/uploads\\\/2022\\\/01\\\/Logo_Organisator_Website.png\",\"contentUrl\":\"https:\\\/\\\/www.organisator.ch\\\/wp-content\\\/uploads\\\/2022\\\/01\\\/Logo_Organisator_Website.png\",\"width\":800,\"height\":77,\"caption\":\"Organisator\"},\"image\":{\"@id\":\"https:\\\/\\\/www.organisator.ch\\\/#\\\/schema\\\/logo\\\/image\\\/\"},\"sameAs\":[\"https:\\\/\\\/www.facebook.com\\\/OrganisatorFachmagazin\",\"https:\\\/\\\/www.linkedin.com\\\/showcase\\\/organisator-das-magazin-fr-kmu\",\"https:\\\/\\\/www.xing.com\\\/news\\\/pages\\\/organisator-ch-695\",\"https:\\\/\\\/www.youtube.com\\\/channel\\\/UCGP2Sq0iWaZwT3BdIAQFYpw\"]},{\"@type\":\"Person\",\"@id\":\"https:\\\/\\\/www.organisator.ch\\\/#\\\/schema\\\/person\\\/4e51799071cd2dd1232ac003643ef5f0\",\"name\":\"galledia\",\"image\":{\"@type\":\"ImageObject\",\"inLanguage\":\"it-IT\",\"@id\":\"https:\\\/\\\/secure.gravatar.com\\\/avatar\\\/78a7f90c01fc2bfc875782a0d4922b37cde2cf184ce347b91316d23cd7f69a36?s=96&d=mm&r=g\",\"url\":\"https:\\\/\\\/secure.gravatar.com\\\/avatar\\\/78a7f90c01fc2bfc875782a0d4922b37cde2cf184ce347b91316d23cd7f69a36?s=96&d=mm&r=g\",\"contentUrl\":\"https:\\\/\\\/secure.gravatar.com\\\/avatar\\\/78a7f90c01fc2bfc875782a0d4922b37cde2cf184ce347b91316d23cd7f69a36?s=96&d=mm&r=g\",\"caption\":\"galledia\"},\"sameAs\":[\"https:\\\/\\\/x.com\\\/admin\"],\"url\":\"https:\\\/\\\/www.organisator.ch\\\/it\\\/author\\\/galledia\\\/\"}]}<\/script>\n<!-- \/ Yoast SEO plugin. -->","yoast_head_json":{"title":"L'agenzia in aeroporto dimostra la competenza di Elco - Organizzatore","description":"Per pubblicizzare la nuova versione del prodotto pi\u00f9 venduto di Elco, l'agenzia di San Gallo ha sviluppato un mailing diretto all'aeroporto.","robots":{"index":"index","follow":"follow","max-snippet":"max-snippet:-1","max-image-preview":"max-image-preview:large","max-video-preview":"max-video-preview:-1"},"canonical":"https:\/\/www.werbewoche.ch\/de\/marketing\/2022-02-09\/agentur-am-flughafen-demonstriert-die-kompetenz-von-elco\/","og_locale":"it_IT","og_type":"article","og_title":"Agentur am Flughafen demonstriert die Kompetenz von Elco - Organisator","og_description":"Um die neue Version des meistverkauften Produkts von Elco bekanntzumachen, hat die St.Galler Agentur am Flughafen ein Directmailing entwickelt.","og_url":"https:\/\/www.werbewoche.ch\/de\/marketing\/2022-02-09\/agentur-am-flughafen-demonstriert-die-kompetenz-von-elco\/","og_site_name":"Organisator","article_publisher":"https:\/\/www.facebook.com\/OrganisatorFachmagazin","article_published_time":"2022-02-09T13:17:03+00:00","article_modified_time":"2022-08-02T14:21:17+00:00","og_image":[{"url":"https:\/\/www.werbewoche.ch\/wp-content\/uploads\/2022\/02\/Aerotop_01-1.jpg","type":"","width":"","height":""}],"author":"galledia","twitter_card":"summary_large_image","twitter_creator":"@admin","schema":{"@context":"https:\/\/schema.org","@graph":[{"@type":"Article","@id":"https:\/\/www.werbewoche.ch\/de\/marketing\/2022-02-09\/agentur-am-flughafen-demonstriert-die-kompetenz-von-elco\/#article","isPartOf":{"@id":"https:\/\/www.organisator.ch\/marketing\/2022-02-09\/agentur-am-flughafen-demonstriert-die-kompetenz-von-elco\/"},"author":{"name":"galledia","@id":"https:\/\/www.organisator.ch\/#\/schema\/person\/4e51799071cd2dd1232ac003643ef5f0"},"headline":"Agentur am Flughafen demonstriert die Kompetenz von Elco","datePublished":"2022-02-09T13:17:03+00:00","dateModified":"2022-08-02T14:21:17+00:00","mainEntityOfPage":{"@id":"https:\/\/www.organisator.ch\/marketing\/2022-02-09\/agentur-am-flughafen-demonstriert-die-kompetenz-von-elco\/"},"wordCount":150,"publisher":{"@id":"https:\/\/www.organisator.ch\/#organization"},"image":{"@id":"https:\/\/www.werbewoche.ch\/de\/marketing\/2022-02-09\/agentur-am-flughafen-demonstriert-die-kompetenz-von-elco\/#primaryimage"},"thumbnailUrl":"https:\/\/www.werbewoche.ch\/wp-content\/uploads\/2022\/02\/Aerotop_01-1.jpg","keywords":["Agentur am Flughafen","Directmailing"],"articleSection":["MARKETING"],"inLanguage":"it-IT"},{"@type":"WebPage","@id":"https:\/\/www.organisator.ch\/marketing\/2022-02-09\/agentur-am-flughafen-demonstriert-die-kompetenz-von-elco\/","url":"https:\/\/www.werbewoche.ch\/de\/marketing\/2022-02-09\/agentur-am-flughafen-demonstriert-die-kompetenz-von-elco\/","name":"L'agenzia in aeroporto dimostra la competenza di Elco - Organizzatore","isPartOf":{"@id":"https:\/\/www.organisator.ch\/#website"},"primaryImageOfPage":{"@id":"https:\/\/www.werbewoche.ch\/de\/marketing\/2022-02-09\/agentur-am-flughafen-demonstriert-die-kompetenz-von-elco\/#primaryimage"},"image":{"@id":"https:\/\/www.werbewoche.ch\/de\/marketing\/2022-02-09\/agentur-am-flughafen-demonstriert-die-kompetenz-von-elco\/#primaryimage"},"thumbnailUrl":"https:\/\/www.werbewoche.ch\/wp-content\/uploads\/2022\/02\/Aerotop_01-1.jpg","datePublished":"2022-02-09T13:17:03+00:00","dateModified":"2022-08-02T14:21:17+00:00","description":"Per pubblicizzare la nuova versione del prodotto pi\u00f9 venduto di Elco, l'agenzia di San Gallo ha sviluppato un mailing diretto all'aeroporto.","breadcrumb":{"@id":"https:\/\/www.werbewoche.ch\/de\/marketing\/2022-02-09\/agentur-am-flughafen-demonstriert-die-kompetenz-von-elco\/#breadcrumb"},"inLanguage":"it-IT","potentialAction":[{"@type":"ReadAction","target":["https:\/\/www.werbewoche.ch\/de\/marketing\/2022-02-09\/agentur-am-flughafen-demonstriert-die-kompetenz-von-elco\/"]}]},{"@type":"ImageObject","inLanguage":"it-IT","@id":"https:\/\/www.werbewoche.ch\/de\/marketing\/2022-02-09\/agentur-am-flughafen-demonstriert-die-kompetenz-von-elco\/#primaryimage","url":"https:\/\/www.werbewoche.ch\/wp-content\/uploads\/2022\/02\/Aerotop_01-1.jpg","contentUrl":"https:\/\/www.werbewoche.ch\/wp-content\/uploads\/2022\/02\/Aerotop_01-1.jpg"},{"@type":"BreadcrumbList","@id":"https:\/\/www.werbewoche.ch\/de\/marketing\/2022-02-09\/agentur-am-flughafen-demonstriert-die-kompetenz-von-elco\/#breadcrumb","itemListElement":[{"@type":"ListItem","position":1,"name":"Home","item":"https:\/\/www.organisator.ch\/"},{"@type":"ListItem","position":2,"name":"Agentur am Flughafen demonstriert die Kompetenz von Elco"}]},{"@type":"WebSite","@id":"https:\/\/www.organisator.ch\/#website","url":"https:\/\/www.organisator.ch\/","name":"Organizzatore","description":"Competente. Pratico. In 10 numeri all'anno, ORGANISATOR presenta i temi essenziali per i manager delle PMI.","publisher":{"@id":"https:\/\/www.organisator.ch\/#organization"},"potentialAction":[{"@type":"SearchAction","target":{"@type":"EntryPoint","urlTemplate":"https:\/\/www.organisator.ch\/?s={search_term_string}"},"query-input":{"@type":"PropertyValueSpecification","valueRequired":true,"valueName":"search_term_string"}}],"inLanguage":"it-IT"},{"@type":"Organization","@id":"https:\/\/www.organisator.ch\/#organization","name":"Organizzatore","url":"https:\/\/www.organisator.ch\/","logo":{"@type":"ImageObject","inLanguage":"it-IT","@id":"https:\/\/www.organisator.ch\/#\/schema\/logo\/image\/","url":"https:\/\/www.organisator.ch\/wp-content\/uploads\/2022\/01\/Logo_Organisator_Website.png","contentUrl":"https:\/\/www.organisator.ch\/wp-content\/uploads\/2022\/01\/Logo_Organisator_Website.png","width":800,"height":77,"caption":"Organisator"},"image":{"@id":"https:\/\/www.organisator.ch\/#\/schema\/logo\/image\/"},"sameAs":["https:\/\/www.facebook.com\/OrganisatorFachmagazin","https:\/\/www.linkedin.com\/showcase\/organisator-das-magazin-fr-kmu","https:\/\/www.xing.com\/news\/pages\/organisator-ch-695","https:\/\/www.youtube.com\/channel\/UCGP2Sq0iWaZwT3BdIAQFYpw"]},{"@type":"Person","@id":"https:\/\/www.organisator.ch\/#\/schema\/person\/4e51799071cd2dd1232ac003643ef5f0","name":"galledia","image":{"@type":"ImageObject","inLanguage":"it-IT","@id":"https:\/\/secure.gravatar.com\/avatar\/78a7f90c01fc2bfc875782a0d4922b37cde2cf184ce347b91316d23cd7f69a36?s=96&d=mm&r=g","url":"https:\/\/secure.gravatar.com\/avatar\/78a7f90c01fc2bfc875782a0d4922b37cde2cf184ce347b91316d23cd7f69a36?s=96&d=mm&r=g","contentUrl":"https:\/\/secure.gravatar.com\/avatar\/78a7f90c01fc2bfc875782a0d4922b37cde2cf184ce347b91316d23cd7f69a36?s=96&d=mm&r=g","caption":"galledia"},"sameAs":["https:\/\/x.com\/admin"],"url":"https:\/\/www.organisator.ch\/it\/author\/galledia\/"}]}},"_links":{"self":[{"href":"https:\/\/www.organisator.ch\/it\/wp-json\/wp\/v2\/posts\/11124","targetHints":{"allow":["GET"]}}],"collection":[{"href":"https:\/\/www.organisator.ch\/it\/wp-json\/wp\/v2\/posts"}],"about":[{"href":"https:\/\/www.organisator.ch\/it\/wp-json\/wp\/v2\/types\/post"}],"author":[{"embeddable":true,"href":"https:\/\/www.organisator.ch\/it\/wp-json\/wp\/v2\/users\/8"}],"replies":[{"embeddable":true,"href":"https:\/\/www.organisator.ch\/it\/wp-json\/wp\/v2\/comments?post=11124"}],"version-history":[{"count":4,"href":"https:\/\/www.organisator.ch\/it\/wp-json\/wp\/v2\/posts\/11124\/revisions"}],"predecessor-version":[{"id":16272,"href":"https:\/\/www.organisator.ch\/it\/wp-json\/wp\/v2\/posts\/11124\/revisions\/16272"}],"wp:attachment":[{"href":"https:\/\/www.organisator.ch\/it\/wp-json\/wp\/v2\/media?parent=11124"}],"wp:term":[{"taxonomy":"category","embeddable":true,"href":"https:\/\/www.organisator.ch\/it\/wp-json\/wp\/v2\/categories?post=11124"},{"taxonomy":"post_tag","embeddable":true,"href":"https:\/\/www.organisator.ch\/it\/wp-json\/wp\/v2\/tags?post=11124"}],"curies":[{"name":"wp","href":"https:\/\/api.w.org\/{rel}","templated":true}]}}