{"id":11170,"date":"2022-02-10T10:06:42","date_gmt":"2022-02-10T09:06:42","guid":{"rendered":"https:\/\/www.werbewoche.ch\/?p=165209"},"modified":"2022-08-01T15:19:26","modified_gmt":"2022-08-01T13:19:26","slug":"bike-kingdom-lenzerheide-lanciert-mountainbike-podcast","status":"publish","type":"post","link":"https:\/\/www.organisator.ch\/it\/marketing\/2022-02-10\/bike-kingdom-lenzerheide-lanciert-mountainbike-podcast\/","title":{"rendered":"Bike Kingdom Lenzerheide lancia un podcast sulla mountain bike"},"content":{"rendered":"<img class=\"aligncenter wp-image-165210 size-full\" src=\"https:\/\/www.werbewoche.ch\/wp-content\/uploads\/2022\/02\/dirty-talk-das-neue-podcast-format-aus-dem-bike-kingdom-lenzerheide-9660897.jpg\" alt=\"Lenzerheide\" width=\"1200\" height=\"800\" \/>\r\n\r\nSecondo un comunicato della regione turistica di Lenzerheide, il podcast \u00e8 uno dei primi podcast della scena svizzera della mountain bike.\r\n\r\n\"I podcast godono di grande popolarit\u00e0. Sempre pi\u00f9 persone cercano intrattenimento e informazioni sotto forma di podcast. Ormai non c'\u00e8 quasi pi\u00f9 un argomento su cui non ci sia gi\u00e0 un podcast\", spiega Marc Schl\u00fcssel, direttore del turismo ad interim della regione turistica di Lenzerheide. \"Da tempo ci preoccupiamo di creare un podcast per la mountain bike svizzera. Con Dario Linder nel ruolo di conduttore esperto di biciclette, abbiamo il cast ideale per dare al tutto il giusto valore di intrattenimento\".\r\n\r\n<strong>Primo episodio con Thomas \"Frischi\" Frischknecht<\/strong>\r\n\r\nLa prima edizione del podcast di mountain bike \"Dirty Talk\" \u00e8 incentrata sulla leggenda della mountain bike svizzera Thomas \"Frischi\" Frischknecht. Era gi\u00e0 un mountain biker quando la mountain bike non esisteva ancora in Svizzera.\r\n\r\n\u00c8 possibile ascoltare il podcast di mountain bike \"Dirty Talk\" su tutte le piattaforme podcast pi\u00f9 comuni.","protected":false},"excerpt":{"rendered":"<p>Bei dem Podcast handle es sich einer Mitteilung der Ferienregion Lenzerheide zufolge um einen der ersten Podcasts in der Schweizer Mountainbike-Szene. \u00abPodcast erfreuen sich grosser Beliebtheit. Immer mehr Leute suchen die Unterhaltung und Information in Form von Podcasts. Mittlerweile gibt es kaum ein Thema, zu dem noch kein Podcast vorhanden ist\u00bb, erkl\u00e4rt Marc Schl\u00fcssel, Tourismusdirektor [\u2026]<\/p>\n","protected":false},"author":8,"featured_media":0,"comment_status":"closed","ping_status":"closed","sticky":false,"template":"","format":"standard","meta":{"_acf_changed":false,"_yoast_wpseo_focuskw":"Lenzerheide","_yoast_wpseo_metadesc":"Das Bike Kingdom Lenzerheide und Talkmaster Dario Linder spannen zusammen. Im Mountainbike-Podcast \u00abDirty Talk\u00bb l\u00e4dt Linder zu Interviews, Streitgespr\u00e4chen oder auch lockeren Gespr\u00e4chsrunden ein.","articlekey":"","footnotes":""},"categories":[29],"tags":[2644,2645],"class_list":["post-11170","post","type-post","status-publish","format-standard","hentry","category-marketing","tag-lenzerheide","tag-podcast"],"acf":[],"yoast_head":"<!-- This site is optimized with the Yoast SEO plugin v27.4 - https:\/\/yoast.com\/product\/yoast-seo-wordpress\/ -->\n<title>Bike Kingdom Lenzerheide lanciert Mountainbike-Podcast - Organisator<\/title>\n<meta name=\"description\" content=\"Das Bike Kingdom Lenzerheide und Talkmaster Dario Linder spannen zusammen. Im Mountainbike-Podcast \u00abDirty Talk\u00bb l\u00e4dt Linder zu Interviews, Streitgespr\u00e4chen oder auch lockeren Gespr\u00e4chsrunden ein.\" \/>\n<meta name=\"robots\" content=\"index, follow, max-snippet:-1, max-image-preview:large, max-video-preview:-1\" \/>\n<link rel=\"canonical\" href=\"https:\/\/www.werbewoche.ch\/de\/marketing\/2022-02-10\/bike-kingdom-lenzerheide-lanciert-mountainbike-podcast\/\" \/>\n<meta property=\"og:locale\" content=\"it_IT\" \/>\n<meta property=\"og:type\" content=\"article\" \/>\n<meta property=\"og:title\" content=\"Bike Kingdom Lenzerheide lanciert Mountainbike-Podcast - Organisator\" \/>\n<meta property=\"og:description\" content=\"Das Bike Kingdom Lenzerheide und Talkmaster Dario Linder spannen zusammen. Im Mountainbike-Podcast \u00abDirty Talk\u00bb l\u00e4dt Linder zu Interviews, Streitgespr\u00e4chen oder auch lockeren Gespr\u00e4chsrunden ein.\" \/>\n<meta property=\"og:url\" content=\"https:\/\/www.werbewoche.ch\/de\/marketing\/2022-02-10\/bike-kingdom-lenzerheide-lanciert-mountainbike-podcast\/\" \/>\n<meta property=\"og:site_name\" content=\"Organisator\" \/>\n<meta property=\"article:publisher\" content=\"https:\/\/www.facebook.com\/OrganisatorFachmagazin\" \/>\n<meta property=\"article:published_time\" content=\"2022-02-10T09:06:42+00:00\" \/>\n<meta property=\"article:modified_time\" content=\"2022-08-01T13:19:26+00:00\" \/>\n<meta property=\"og:image\" content=\"https:\/\/www.werbewoche.ch\/wp-content\/uploads\/2022\/02\/dirty-talk-das-neue-podcast-format-aus-dem-bike-kingdom-lenzerheide-9660897.jpg\" \/>\n<meta name=\"author\" content=\"galledia\" \/>\n<meta name=\"twitter:card\" content=\"summary_large_image\" \/>\n<meta name=\"twitter:creator\" content=\"@admin\" \/>\n<script type=\"application\/ld+json\" class=\"yoast-schema-graph\">{\"@context\":\"https:\\\/\\\/schema.org\",\"@graph\":[{\"@type\":\"Article\",\"@id\":\"https:\\\/\\\/www.werbewoche.ch\\\/de\\\/marketing\\\/2022-02-10\\\/bike-kingdom-lenzerheide-lanciert-mountainbike-podcast\\\/#article\",\"isPartOf\":{\"@id\":\"https:\\\/\\\/www.organisator.ch\\\/marketing\\\/2022-02-10\\\/bike-kingdom-lenzerheide-lanciert-mountainbike-podcast\\\/\"},\"author\":{\"name\":\"galledia\",\"@id\":\"https:\\\/\\\/www.organisator.ch\\\/#\\\/schema\\\/person\\\/4e51799071cd2dd1232ac003643ef5f0\"},\"headline\":\"Bike Kingdom Lenzerheide lanciert Mountainbike-Podcast\",\"datePublished\":\"2022-02-10T09:06:42+00:00\",\"dateModified\":\"2022-08-01T13:19:26+00:00\",\"mainEntityOfPage\":{\"@id\":\"https:\\\/\\\/www.organisator.ch\\\/marketing\\\/2022-02-10\\\/bike-kingdom-lenzerheide-lanciert-mountainbike-podcast\\\/\"},\"wordCount\":158,\"publisher\":{\"@id\":\"https:\\\/\\\/www.organisator.ch\\\/#organization\"},\"image\":{\"@id\":\"https:\\\/\\\/www.werbewoche.ch\\\/de\\\/marketing\\\/2022-02-10\\\/bike-kingdom-lenzerheide-lanciert-mountainbike-podcast\\\/#primaryimage\"},\"thumbnailUrl\":\"https:\\\/\\\/www.werbewoche.ch\\\/wp-content\\\/uploads\\\/2022\\\/02\\\/dirty-talk-das-neue-podcast-format-aus-dem-bike-kingdom-lenzerheide-9660897.jpg\",\"keywords\":[\"Lenzerheide\",\"Podcast\"],\"articleSection\":[\"MARKETING\"],\"inLanguage\":\"it-IT\"},{\"@type\":\"WebPage\",\"@id\":\"https:\\\/\\\/www.organisator.ch\\\/marketing\\\/2022-02-10\\\/bike-kingdom-lenzerheide-lanciert-mountainbike-podcast\\\/\",\"url\":\"https:\\\/\\\/www.werbewoche.ch\\\/de\\\/marketing\\\/2022-02-10\\\/bike-kingdom-lenzerheide-lanciert-mountainbike-podcast\\\/\",\"name\":\"Bike Kingdom Lenzerheide lanciert Mountainbike-Podcast - Organisator\",\"isPartOf\":{\"@id\":\"https:\\\/\\\/www.organisator.ch\\\/#website\"},\"primaryImageOfPage\":{\"@id\":\"https:\\\/\\\/www.werbewoche.ch\\\/de\\\/marketing\\\/2022-02-10\\\/bike-kingdom-lenzerheide-lanciert-mountainbike-podcast\\\/#primaryimage\"},\"image\":{\"@id\":\"https:\\\/\\\/www.werbewoche.ch\\\/de\\\/marketing\\\/2022-02-10\\\/bike-kingdom-lenzerheide-lanciert-mountainbike-podcast\\\/#primaryimage\"},\"thumbnailUrl\":\"https:\\\/\\\/www.werbewoche.ch\\\/wp-content\\\/uploads\\\/2022\\\/02\\\/dirty-talk-das-neue-podcast-format-aus-dem-bike-kingdom-lenzerheide-9660897.jpg\",\"datePublished\":\"2022-02-10T09:06:42+00:00\",\"dateModified\":\"2022-08-01T13:19:26+00:00\",\"description\":\"Das Bike Kingdom Lenzerheide und Talkmaster Dario Linder spannen zusammen. Im Mountainbike-Podcast \u00abDirty Talk\u00bb l\u00e4dt Linder zu Interviews, Streitgespr\u00e4chen oder auch lockeren Gespr\u00e4chsrunden ein.\",\"breadcrumb\":{\"@id\":\"https:\\\/\\\/www.werbewoche.ch\\\/de\\\/marketing\\\/2022-02-10\\\/bike-kingdom-lenzerheide-lanciert-mountainbike-podcast\\\/#breadcrumb\"},\"inLanguage\":\"it-IT\",\"potentialAction\":[{\"@type\":\"ReadAction\",\"target\":[\"https:\\\/\\\/www.werbewoche.ch\\\/de\\\/marketing\\\/2022-02-10\\\/bike-kingdom-lenzerheide-lanciert-mountainbike-podcast\\\/\"]}]},{\"@type\":\"ImageObject\",\"inLanguage\":\"it-IT\",\"@id\":\"https:\\\/\\\/www.werbewoche.ch\\\/de\\\/marketing\\\/2022-02-10\\\/bike-kingdom-lenzerheide-lanciert-mountainbike-podcast\\\/#primaryimage\",\"url\":\"https:\\\/\\\/www.werbewoche.ch\\\/wp-content\\\/uploads\\\/2022\\\/02\\\/dirty-talk-das-neue-podcast-format-aus-dem-bike-kingdom-lenzerheide-9660897.jpg\",\"contentUrl\":\"https:\\\/\\\/www.werbewoche.ch\\\/wp-content\\\/uploads\\\/2022\\\/02\\\/dirty-talk-das-neue-podcast-format-aus-dem-bike-kingdom-lenzerheide-9660897.jpg\"},{\"@type\":\"BreadcrumbList\",\"@id\":\"https:\\\/\\\/www.werbewoche.ch\\\/de\\\/marketing\\\/2022-02-10\\\/bike-kingdom-lenzerheide-lanciert-mountainbike-podcast\\\/#breadcrumb\",\"itemListElement\":[{\"@type\":\"ListItem\",\"position\":1,\"name\":\"Home\",\"item\":\"https:\\\/\\\/www.organisator.ch\\\/\"},{\"@type\":\"ListItem\",\"position\":2,\"name\":\"Bike Kingdom Lenzerheide lanciert Mountainbike-Podcast\"}]},{\"@type\":\"WebSite\",\"@id\":\"https:\\\/\\\/www.organisator.ch\\\/#website\",\"url\":\"https:\\\/\\\/www.organisator.ch\\\/\",\"name\":\"Organisator\",\"description\":\"Kompetent. Praxisnah. Der ORGANISATOR bereitet in 10 Ausgaben pro Jahr die wesentlichen Themen f\u00fcr F\u00fchrungskr\u00e4fte von KMU auf.\",\"publisher\":{\"@id\":\"https:\\\/\\\/www.organisator.ch\\\/#organization\"},\"potentialAction\":[{\"@type\":\"SearchAction\",\"target\":{\"@type\":\"EntryPoint\",\"urlTemplate\":\"https:\\\/\\\/www.organisator.ch\\\/?s={search_term_string}\"},\"query-input\":{\"@type\":\"PropertyValueSpecification\",\"valueRequired\":true,\"valueName\":\"search_term_string\"}}],\"inLanguage\":\"it-IT\"},{\"@type\":\"Organization\",\"@id\":\"https:\\\/\\\/www.organisator.ch\\\/#organization\",\"name\":\"Organisator\",\"url\":\"https:\\\/\\\/www.organisator.ch\\\/\",\"logo\":{\"@type\":\"ImageObject\",\"inLanguage\":\"it-IT\",\"@id\":\"https:\\\/\\\/www.organisator.ch\\\/#\\\/schema\\\/logo\\\/image\\\/\",\"url\":\"https:\\\/\\\/www.organisator.ch\\\/wp-content\\\/uploads\\\/2022\\\/01\\\/Logo_Organisator_Website.png\",\"contentUrl\":\"https:\\\/\\\/www.organisator.ch\\\/wp-content\\\/uploads\\\/2022\\\/01\\\/Logo_Organisator_Website.png\",\"width\":800,\"height\":77,\"caption\":\"Organisator\"},\"image\":{\"@id\":\"https:\\\/\\\/www.organisator.ch\\\/#\\\/schema\\\/logo\\\/image\\\/\"},\"sameAs\":[\"https:\\\/\\\/www.facebook.com\\\/OrganisatorFachmagazin\",\"https:\\\/\\\/www.linkedin.com\\\/showcase\\\/organisator-das-magazin-fr-kmu\",\"https:\\\/\\\/www.xing.com\\\/news\\\/pages\\\/organisator-ch-695\",\"https:\\\/\\\/www.youtube.com\\\/channel\\\/UCGP2Sq0iWaZwT3BdIAQFYpw\"]},{\"@type\":\"Person\",\"@id\":\"https:\\\/\\\/www.organisator.ch\\\/#\\\/schema\\\/person\\\/4e51799071cd2dd1232ac003643ef5f0\",\"name\":\"galledia\",\"image\":{\"@type\":\"ImageObject\",\"inLanguage\":\"it-IT\",\"@id\":\"https:\\\/\\\/secure.gravatar.com\\\/avatar\\\/78a7f90c01fc2bfc875782a0d4922b37cde2cf184ce347b91316d23cd7f69a36?s=96&d=mm&r=g\",\"url\":\"https:\\\/\\\/secure.gravatar.com\\\/avatar\\\/78a7f90c01fc2bfc875782a0d4922b37cde2cf184ce347b91316d23cd7f69a36?s=96&d=mm&r=g\",\"contentUrl\":\"https:\\\/\\\/secure.gravatar.com\\\/avatar\\\/78a7f90c01fc2bfc875782a0d4922b37cde2cf184ce347b91316d23cd7f69a36?s=96&d=mm&r=g\",\"caption\":\"galledia\"},\"sameAs\":[\"https:\\\/\\\/x.com\\\/admin\"],\"url\":\"https:\\\/\\\/www.organisator.ch\\\/it\\\/author\\\/galledia\\\/\"}]}<\/script>\n<!-- \/ Yoast SEO plugin. -->","yoast_head_json":{"title":"Bike Kingdom Lenzerheide lancia il podcast sulla mountain bike - Organizzatore","description":"Il Bike Kingdom Lenzerheide e il conduttore di talk show Dario Linder fanno squadra. Nel podcast di mountain bike \"Dirty Talk\", Linder vi invita a interviste, dibattiti o anche a chiacchierate rilassate.","robots":{"index":"index","follow":"follow","max-snippet":"max-snippet:-1","max-image-preview":"max-image-preview:large","max-video-preview":"max-video-preview:-1"},"canonical":"https:\/\/www.werbewoche.ch\/de\/marketing\/2022-02-10\/bike-kingdom-lenzerheide-lanciert-mountainbike-podcast\/","og_locale":"it_IT","og_type":"article","og_title":"Bike Kingdom Lenzerheide lanciert Mountainbike-Podcast - Organisator","og_description":"Das Bike Kingdom Lenzerheide und Talkmaster Dario Linder spannen zusammen. Im Mountainbike-Podcast \u00abDirty Talk\u00bb l\u00e4dt Linder zu Interviews, Streitgespr\u00e4chen oder auch lockeren Gespr\u00e4chsrunden ein.","og_url":"https:\/\/www.werbewoche.ch\/de\/marketing\/2022-02-10\/bike-kingdom-lenzerheide-lanciert-mountainbike-podcast\/","og_site_name":"Organisator","article_publisher":"https:\/\/www.facebook.com\/OrganisatorFachmagazin","article_published_time":"2022-02-10T09:06:42+00:00","article_modified_time":"2022-08-01T13:19:26+00:00","og_image":[{"url":"https:\/\/www.werbewoche.ch\/wp-content\/uploads\/2022\/02\/dirty-talk-das-neue-podcast-format-aus-dem-bike-kingdom-lenzerheide-9660897.jpg","type":"","width":"","height":""}],"author":"galledia","twitter_card":"summary_large_image","twitter_creator":"@admin","schema":{"@context":"https:\/\/schema.org","@graph":[{"@type":"Article","@id":"https:\/\/www.werbewoche.ch\/de\/marketing\/2022-02-10\/bike-kingdom-lenzerheide-lanciert-mountainbike-podcast\/#article","isPartOf":{"@id":"https:\/\/www.organisator.ch\/marketing\/2022-02-10\/bike-kingdom-lenzerheide-lanciert-mountainbike-podcast\/"},"author":{"name":"galledia","@id":"https:\/\/www.organisator.ch\/#\/schema\/person\/4e51799071cd2dd1232ac003643ef5f0"},"headline":"Bike Kingdom Lenzerheide lanciert Mountainbike-Podcast","datePublished":"2022-02-10T09:06:42+00:00","dateModified":"2022-08-01T13:19:26+00:00","mainEntityOfPage":{"@id":"https:\/\/www.organisator.ch\/marketing\/2022-02-10\/bike-kingdom-lenzerheide-lanciert-mountainbike-podcast\/"},"wordCount":158,"publisher":{"@id":"https:\/\/www.organisator.ch\/#organization"},"image":{"@id":"https:\/\/www.werbewoche.ch\/de\/marketing\/2022-02-10\/bike-kingdom-lenzerheide-lanciert-mountainbike-podcast\/#primaryimage"},"thumbnailUrl":"https:\/\/www.werbewoche.ch\/wp-content\/uploads\/2022\/02\/dirty-talk-das-neue-podcast-format-aus-dem-bike-kingdom-lenzerheide-9660897.jpg","keywords":["Lenzerheide","Podcast"],"articleSection":["MARKETING"],"inLanguage":"it-IT"},{"@type":"WebPage","@id":"https:\/\/www.organisator.ch\/marketing\/2022-02-10\/bike-kingdom-lenzerheide-lanciert-mountainbike-podcast\/","url":"https:\/\/www.werbewoche.ch\/de\/marketing\/2022-02-10\/bike-kingdom-lenzerheide-lanciert-mountainbike-podcast\/","name":"Bike Kingdom Lenzerheide lancia il podcast sulla mountain bike - Organizzatore","isPartOf":{"@id":"https:\/\/www.organisator.ch\/#website"},"primaryImageOfPage":{"@id":"https:\/\/www.werbewoche.ch\/de\/marketing\/2022-02-10\/bike-kingdom-lenzerheide-lanciert-mountainbike-podcast\/#primaryimage"},"image":{"@id":"https:\/\/www.werbewoche.ch\/de\/marketing\/2022-02-10\/bike-kingdom-lenzerheide-lanciert-mountainbike-podcast\/#primaryimage"},"thumbnailUrl":"https:\/\/www.werbewoche.ch\/wp-content\/uploads\/2022\/02\/dirty-talk-das-neue-podcast-format-aus-dem-bike-kingdom-lenzerheide-9660897.jpg","datePublished":"2022-02-10T09:06:42+00:00","dateModified":"2022-08-01T13:19:26+00:00","description":"Il Bike Kingdom Lenzerheide e il conduttore di talk show Dario Linder fanno squadra. Nel podcast di mountain bike \"Dirty Talk\", Linder vi invita a interviste, dibattiti o anche a chiacchierate rilassate.","breadcrumb":{"@id":"https:\/\/www.werbewoche.ch\/de\/marketing\/2022-02-10\/bike-kingdom-lenzerheide-lanciert-mountainbike-podcast\/#breadcrumb"},"inLanguage":"it-IT","potentialAction":[{"@type":"ReadAction","target":["https:\/\/www.werbewoche.ch\/de\/marketing\/2022-02-10\/bike-kingdom-lenzerheide-lanciert-mountainbike-podcast\/"]}]},{"@type":"ImageObject","inLanguage":"it-IT","@id":"https:\/\/www.werbewoche.ch\/de\/marketing\/2022-02-10\/bike-kingdom-lenzerheide-lanciert-mountainbike-podcast\/#primaryimage","url":"https:\/\/www.werbewoche.ch\/wp-content\/uploads\/2022\/02\/dirty-talk-das-neue-podcast-format-aus-dem-bike-kingdom-lenzerheide-9660897.jpg","contentUrl":"https:\/\/www.werbewoche.ch\/wp-content\/uploads\/2022\/02\/dirty-talk-das-neue-podcast-format-aus-dem-bike-kingdom-lenzerheide-9660897.jpg"},{"@type":"BreadcrumbList","@id":"https:\/\/www.werbewoche.ch\/de\/marketing\/2022-02-10\/bike-kingdom-lenzerheide-lanciert-mountainbike-podcast\/#breadcrumb","itemListElement":[{"@type":"ListItem","position":1,"name":"Home","item":"https:\/\/www.organisator.ch\/"},{"@type":"ListItem","position":2,"name":"Bike Kingdom Lenzerheide lanciert Mountainbike-Podcast"}]},{"@type":"WebSite","@id":"https:\/\/www.organisator.ch\/#website","url":"https:\/\/www.organisator.ch\/","name":"Organizzatore","description":"Competente. Pratico. In 10 numeri all'anno, ORGANISATOR presenta i temi essenziali per i manager delle PMI.","publisher":{"@id":"https:\/\/www.organisator.ch\/#organization"},"potentialAction":[{"@type":"SearchAction","target":{"@type":"EntryPoint","urlTemplate":"https:\/\/www.organisator.ch\/?s={search_term_string}"},"query-input":{"@type":"PropertyValueSpecification","valueRequired":true,"valueName":"search_term_string"}}],"inLanguage":"it-IT"},{"@type":"Organization","@id":"https:\/\/www.organisator.ch\/#organization","name":"Organizzatore","url":"https:\/\/www.organisator.ch\/","logo":{"@type":"ImageObject","inLanguage":"it-IT","@id":"https:\/\/www.organisator.ch\/#\/schema\/logo\/image\/","url":"https:\/\/www.organisator.ch\/wp-content\/uploads\/2022\/01\/Logo_Organisator_Website.png","contentUrl":"https:\/\/www.organisator.ch\/wp-content\/uploads\/2022\/01\/Logo_Organisator_Website.png","width":800,"height":77,"caption":"Organisator"},"image":{"@id":"https:\/\/www.organisator.ch\/#\/schema\/logo\/image\/"},"sameAs":["https:\/\/www.facebook.com\/OrganisatorFachmagazin","https:\/\/www.linkedin.com\/showcase\/organisator-das-magazin-fr-kmu","https:\/\/www.xing.com\/news\/pages\/organisator-ch-695","https:\/\/www.youtube.com\/channel\/UCGP2Sq0iWaZwT3BdIAQFYpw"]},{"@type":"Person","@id":"https:\/\/www.organisator.ch\/#\/schema\/person\/4e51799071cd2dd1232ac003643ef5f0","name":"galledia","image":{"@type":"ImageObject","inLanguage":"it-IT","@id":"https:\/\/secure.gravatar.com\/avatar\/78a7f90c01fc2bfc875782a0d4922b37cde2cf184ce347b91316d23cd7f69a36?s=96&d=mm&r=g","url":"https:\/\/secure.gravatar.com\/avatar\/78a7f90c01fc2bfc875782a0d4922b37cde2cf184ce347b91316d23cd7f69a36?s=96&d=mm&r=g","contentUrl":"https:\/\/secure.gravatar.com\/avatar\/78a7f90c01fc2bfc875782a0d4922b37cde2cf184ce347b91316d23cd7f69a36?s=96&d=mm&r=g","caption":"galledia"},"sameAs":["https:\/\/x.com\/admin"],"url":"https:\/\/www.organisator.ch\/it\/author\/galledia\/"}]}},"_links":{"self":[{"href":"https:\/\/www.organisator.ch\/it\/wp-json\/wp\/v2\/posts\/11170","targetHints":{"allow":["GET"]}}],"collection":[{"href":"https:\/\/www.organisator.ch\/it\/wp-json\/wp\/v2\/posts"}],"about":[{"href":"https:\/\/www.organisator.ch\/it\/wp-json\/wp\/v2\/types\/post"}],"author":[{"embeddable":true,"href":"https:\/\/www.organisator.ch\/it\/wp-json\/wp\/v2\/users\/8"}],"replies":[{"embeddable":true,"href":"https:\/\/www.organisator.ch\/it\/wp-json\/wp\/v2\/comments?post=11170"}],"version-history":[{"count":3,"href":"https:\/\/www.organisator.ch\/it\/wp-json\/wp\/v2\/posts\/11170\/revisions"}],"predecessor-version":[{"id":16099,"href":"https:\/\/www.organisator.ch\/it\/wp-json\/wp\/v2\/posts\/11170\/revisions\/16099"}],"wp:attachment":[{"href":"https:\/\/www.organisator.ch\/it\/wp-json\/wp\/v2\/media?parent=11170"}],"wp:term":[{"taxonomy":"category","embeddable":true,"href":"https:\/\/www.organisator.ch\/it\/wp-json\/wp\/v2\/categories?post=11170"},{"taxonomy":"post_tag","embeddable":true,"href":"https:\/\/www.organisator.ch\/it\/wp-json\/wp\/v2\/tags?post=11170"}],"curies":[{"name":"wp","href":"https:\/\/api.w.org\/{rel}","templated":true}]}}