{"id":11192,"date":"2022-02-11T11:29:29","date_gmt":"2022-02-11T10:29:29","guid":{"rendered":"https:\/\/www.m-q.ch\/?p=15943"},"modified":"2022-08-03T10:52:59","modified_gmt":"2022-08-03T08:52:59","slug":"pruefanweisung-fuer-laengeneinstellgeraete-mit-ziffernanzeige","status":"publish","type":"post","link":"https:\/\/www.organisator.ch\/it\/operational-excellence\/2022-02-11\/pruefanweisung-fuer-laengeneinstellgeraete-mit-ziffernanzeige\/","title":{"rendered":"Istruzioni di prova per dispositivi di regolazione della lunghezza con display numerico"},"content":{"rendered":"<figure id=\"attachment_15944\" class=\"wp-caption alignnone\" style=\"width: 680px\" aria-describedby=\"caption-attachment-15944\"><img class=\"alignnone wp-image-15944 size-full\" src=\"https:\/\/www.m-q.ch\/wp-content\/uploads\/2022\/02\/Pruefanweisung-fuer-Laengeneinstellgeraete-mit-Ziffernanzeige_MQ.jpg\" alt=\"Istruzioni per il test\" width=\"680\" height=\"455\" \/><figcaption id=\"caption-attachment-15944\" class=\"wp-caption-text\">La VDI ha pubblicato una nuova istruzione di prova per la valutazione delle apparecchiature di misurazione. (Immagine: zVg \/ VDI)<\/figcaption><\/figure>\r\nSolo misurando le caratteristiche adatte si pu\u00f2 fare un'affermazione sulla qualit\u00e0 di un prodotto fabbricato. A tal fine, l'attrezzatura di misurazione utilizzata deve essere testata regolarmente. C'\u00e8 ora una nuova istruzione di prova per questo, pubblicata dall'Associazione degli ingegneri tedeschi (VDI), che nel mondo di lingua tedesca \u00e8 <a href=\"https:\/\/www.m-q.ch\/de\/messungen-und-pruefungen-in-reinraeumen\/\">in molte aree<\/a> stabilisce e gestisce norme e standard.\r\n<h3>Nuova istruzione di prova per la valutazione delle apparecchiature di misurazione<\/h3>\r\nLa serie di politiche <a href=\"http:\/\/www.vdi.de\/2618\" rel=\"noopener\">VDI\/VDE\/DGQ\/DKD 2618<\/a> descrive le procedure e le azioni per il controllo e il collaudo delle apparecchiature di misurazione delle quantit\u00e0 geometriche. Le istruzioni di prova creano una base per la valutazione delle apparecchiature di misurazione nuove e usate. <a href=\"http:\/\/www.vdi.de\/2618-17\" rel=\"noopener\">Foglio 17.2<\/a> della serie di linee guida si applica al collaudo dei dispositivi di regolazione della lunghezza con display numerico.\r\n\r\nSotto forma di istruzioni per la manipolazione e il lavoro direttamente applicabili, la <a href=\"http:\/\/www.vdi.de\/2618-17-2\" rel=\"noopener\">VDI\/VDE\/DGQ\/DKD 2618 Foglio 17.2<\/a> le fasi di lavoro necessarie per i rispettivi test. Oltre alla calibrazione, vengono spiegati anche i test e le attivit\u00e0 preparatorie. Inoltre, la linea guida fornisce informazioni sulla valutazione della taratura e sulla documentazione. Inoltre, un bilancio esemplare dell'incertezza di misura \u00e8 redatto nell'appendice.\r\n<h3>Sostituzione della bozza di dicembre 2019<\/h3>\r\nEmittente della direttiva <a href=\"http:\/\/www.vdi.de\/2618-17-2\" rel=\"noopener\">VDI\/VDE\/DGQ\/DKD 2618 Foglio 17.2<\/a> \"Monitoraggio delle attrezzature di ispezione - Istruzioni di ispezione per i dispositivi di regolazione della lunghezza\" \u00e8 il <a href=\"https:\/\/www.vdi.de\/tg-fachgesellschaften\/vdi-gesellschaft-mess-und-automatisierungstechnik\" rel=\"noopener\">VDI\/VDE Societ\u00e0 per la tecnologia di misurazione e automazione (GMA)<\/a>. La linea guida \u00e8 stata pubblicata in stampa bianca nel gennaio 2022 e sostituisce la bozza del dicembre 2019. Pu\u00f2 essere ordinata per 85,50 euro dal sito <a href=\"https:\/\/www.beuth.de\/de\/technische-regel\/vdi-vde-dgq-dkd-2618-blatt-17-2\/342674340?websource=vdin\" rel=\"noopener\">Casa editrice Beuth<\/a> (Tel.: +49 30 2601-2260).\r\n\r\n<em>Gli ordini online sono disponibili su <a href=\"http:\/\/www.beuth.de\/\" rel=\"noopener\">www.beuth.de<\/a> o <a href=\"http:\/\/www.vdi.de\/2618-17-2\" rel=\"noopener\">www.vdi.de\/2618-17-2<\/a> possibile. Le linee guida VDI possono essere utilizzate in molti <a href=\"https:\/\/www.vdi.de\/technik\/richtlinien\/auslegestellen\/\" rel=\"noopener\">punti di esposizione pubblica<\/a> pu\u00f2 essere visualizzato gratuitamente.<\/em>\n<p class=\"syndicated-attribution\">Questo articolo \u00e8 apparso originariamente su m-q.ch - <a href=\"https:\/\/www.m-q.ch\/de\/pruefanweisung-fuer-laengeneinstellgeraete-mit-ziffernanzeige\/\" target=\"_blank\">https:\/\/www.m-q.ch\/de\/pruefanweisung-fuer-laengeneinstellgeraete-mit-ziffernanzeige\/<\/a><\/p>","protected":false},"excerpt":{"rendered":"<p>Nur durch Messung geeigneter Merkmale kann eine Aussage \u00fcber die Qualit\u00e4t eines gefertigten Produkts getroffen werden. Daf\u00fcr m\u00fcssen die eingesetzten Messmittel regelm\u00e4ssig gepr\u00fcft werden. Dazu gibt es nun eine neue Pr\u00fcfanweisung, herausgegeben vom Verein Deutscher Ingenieure VDI, der im deutschsprachigen Raum in vielen Bereichen Normen und Standards setzt und verwaltet. Neue Pr\u00fcfanweisung zur Beurteilung von [\u2026]<\/p>\n","protected":false},"author":8,"featured_media":0,"comment_status":"closed","ping_status":"closed","sticky":false,"template":"","format":"standard","meta":{"_acf_changed":false,"_yoast_wpseo_focuskw":"Pr\u00fcfanweisung","_yoast_wpseo_metadesc":"Messungen sind ein wesentlicher Bestandteil der Qualit\u00e4tssicherung in der Produktion. Der Verein Deutscher Ingenieure VDI ver\u00f6ffentlicht eine neue Pr\u00fcfanweisung zur Beurteilung von Messmitteln.","articlekey":"","footnotes":""},"categories":[582],"tags":[2648,3307],"class_list":["post-11192","post","type-post","status-publish","format-standard","hentry","category-operational-excellence","tag-messtechnik","tag-pruefanweisung"],"acf":[],"yoast_head":"<!-- This site is optimized with the Yoast SEO plugin v27.5 - https:\/\/yoast.com\/product\/yoast-seo-wordpress\/ -->\n<title>Pr\u00fcfanweisung f\u00fcr L\u00e4ngeneinstellger\u00e4te mit Ziffernanzeige - Organisator<\/title>\n<meta name=\"description\" content=\"Messungen sind ein wesentlicher Bestandteil der Qualit\u00e4tssicherung in der Produktion. Der Verein Deutscher Ingenieure VDI ver\u00f6ffentlicht eine neue Pr\u00fcfanweisung zur Beurteilung von Messmitteln.\" \/>\n<meta name=\"robots\" content=\"index, follow, max-snippet:-1, max-image-preview:large, max-video-preview:-1\" \/>\n<link rel=\"canonical\" href=\"https:\/\/www.organisator.ch\/it\/eccellenza-operativa\/2022-02-11\/pruefanweisung-fuer-laengeneinstellgeraete-mit-ziffernanzeige\/\" \/>\n<meta property=\"og:locale\" content=\"it_IT\" \/>\n<meta property=\"og:type\" content=\"article\" \/>\n<meta property=\"og:title\" content=\"Pr\u00fcfanweisung f\u00fcr L\u00e4ngeneinstellger\u00e4te mit Ziffernanzeige - Organisator\" \/>\n<meta property=\"og:description\" content=\"Messungen sind ein wesentlicher Bestandteil der Qualit\u00e4tssicherung in der Produktion. Der Verein Deutscher Ingenieure VDI ver\u00f6ffentlicht eine neue Pr\u00fcfanweisung zur Beurteilung von Messmitteln.\" \/>\n<meta property=\"og:url\" content=\"https:\/\/www.organisator.ch\/it\/eccellenza-operativa\/2022-02-11\/pruefanweisung-fuer-laengeneinstellgeraete-mit-ziffernanzeige\/\" \/>\n<meta property=\"og:site_name\" content=\"Organisator\" \/>\n<meta property=\"article:publisher\" content=\"https:\/\/www.facebook.com\/OrganisatorFachmagazin\" \/>\n<meta property=\"article:published_time\" content=\"2022-02-11T10:29:29+00:00\" \/>\n<meta property=\"article:modified_time\" content=\"2022-08-03T08:52:59+00:00\" \/>\n<meta property=\"og:image\" content=\"https:\/\/www.m-q.ch\/wp-content\/uploads\/2022\/02\/Pruefanweisung-fuer-Laengeneinstellgeraete-mit-Ziffernanzeige_MQ.jpg\" \/>\n<meta name=\"author\" content=\"galledia\" \/>\n<meta name=\"twitter:card\" content=\"summary_large_image\" \/>\n<meta name=\"twitter:creator\" content=\"@admin\" \/>\n<script type=\"application\/ld+json\" class=\"yoast-schema-graph\">{\"@context\":\"https:\\\/\\\/schema.org\",\"@graph\":[{\"@type\":\"Article\",\"@id\":\"https:\\\/\\\/www.organisator.ch\\\/operational-excellence\\\/2022-02-11\\\/pruefanweisung-fuer-laengeneinstellgeraete-mit-ziffernanzeige\\\/#article\",\"isPartOf\":{\"@id\":\"https:\\\/\\\/www.organisator.ch\\\/operational-excellence\\\/2022-02-11\\\/pruefanweisung-fuer-laengeneinstellgeraete-mit-ziffernanzeige\\\/\"},\"author\":{\"name\":\"galledia\",\"@id\":\"https:\\\/\\\/www.organisator.ch\\\/#\\\/schema\\\/person\\\/4e51799071cd2dd1232ac003643ef5f0\"},\"headline\":\"Pr\u00fcfanweisung f\u00fcr L\u00e4ngeneinstellger\u00e4te mit Ziffernanzeige\",\"datePublished\":\"2022-02-11T10:29:29+00:00\",\"dateModified\":\"2022-08-03T08:52:59+00:00\",\"mainEntityOfPage\":{\"@id\":\"https:\\\/\\\/www.organisator.ch\\\/operational-excellence\\\/2022-02-11\\\/pruefanweisung-fuer-laengeneinstellgeraete-mit-ziffernanzeige\\\/\"},\"wordCount\":281,\"publisher\":{\"@id\":\"https:\\\/\\\/www.organisator.ch\\\/#organization\"},\"image\":{\"@id\":\"https:\\\/\\\/www.organisator.ch\\\/operational-excellence\\\/2022-02-11\\\/pruefanweisung-fuer-laengeneinstellgeraete-mit-ziffernanzeige\\\/#primaryimage\"},\"thumbnailUrl\":\"https:\\\/\\\/www.m-q.ch\\\/wp-content\\\/uploads\\\/2022\\\/02\\\/Pruefanweisung-fuer-Laengeneinstellgeraete-mit-Ziffernanzeige_MQ.jpg\",\"keywords\":[\"Messtechnik\",\"Pr\u00fcfanweisung\"],\"articleSection\":[\"OPERATIONAL EXCELLENCE\"],\"inLanguage\":\"it-IT\"},{\"@type\":\"WebPage\",\"@id\":\"https:\\\/\\\/www.organisator.ch\\\/operational-excellence\\\/2022-02-11\\\/pruefanweisung-fuer-laengeneinstellgeraete-mit-ziffernanzeige\\\/\",\"url\":\"https:\\\/\\\/www.organisator.ch\\\/operational-excellence\\\/2022-02-11\\\/pruefanweisung-fuer-laengeneinstellgeraete-mit-ziffernanzeige\\\/\",\"name\":\"Pr\u00fcfanweisung f\u00fcr L\u00e4ngeneinstellger\u00e4te mit Ziffernanzeige - Organisator\",\"isPartOf\":{\"@id\":\"https:\\\/\\\/www.organisator.ch\\\/#website\"},\"primaryImageOfPage\":{\"@id\":\"https:\\\/\\\/www.organisator.ch\\\/operational-excellence\\\/2022-02-11\\\/pruefanweisung-fuer-laengeneinstellgeraete-mit-ziffernanzeige\\\/#primaryimage\"},\"image\":{\"@id\":\"https:\\\/\\\/www.organisator.ch\\\/operational-excellence\\\/2022-02-11\\\/pruefanweisung-fuer-laengeneinstellgeraete-mit-ziffernanzeige\\\/#primaryimage\"},\"thumbnailUrl\":\"https:\\\/\\\/www.m-q.ch\\\/wp-content\\\/uploads\\\/2022\\\/02\\\/Pruefanweisung-fuer-Laengeneinstellgeraete-mit-Ziffernanzeige_MQ.jpg\",\"datePublished\":\"2022-02-11T10:29:29+00:00\",\"dateModified\":\"2022-08-03T08:52:59+00:00\",\"description\":\"Messungen sind ein wesentlicher Bestandteil der Qualit\u00e4tssicherung in der Produktion. Der Verein Deutscher Ingenieure VDI ver\u00f6ffentlicht eine neue Pr\u00fcfanweisung zur Beurteilung von Messmitteln.\",\"breadcrumb\":{\"@id\":\"https:\\\/\\\/www.organisator.ch\\\/operational-excellence\\\/2022-02-11\\\/pruefanweisung-fuer-laengeneinstellgeraete-mit-ziffernanzeige\\\/#breadcrumb\"},\"inLanguage\":\"it-IT\",\"potentialAction\":[{\"@type\":\"ReadAction\",\"target\":[\"https:\\\/\\\/www.organisator.ch\\\/operational-excellence\\\/2022-02-11\\\/pruefanweisung-fuer-laengeneinstellgeraete-mit-ziffernanzeige\\\/\"]}]},{\"@type\":\"ImageObject\",\"inLanguage\":\"it-IT\",\"@id\":\"https:\\\/\\\/www.organisator.ch\\\/operational-excellence\\\/2022-02-11\\\/pruefanweisung-fuer-laengeneinstellgeraete-mit-ziffernanzeige\\\/#primaryimage\",\"url\":\"https:\\\/\\\/www.m-q.ch\\\/wp-content\\\/uploads\\\/2022\\\/02\\\/Pruefanweisung-fuer-Laengeneinstellgeraete-mit-Ziffernanzeige_MQ.jpg\",\"contentUrl\":\"https:\\\/\\\/www.m-q.ch\\\/wp-content\\\/uploads\\\/2022\\\/02\\\/Pruefanweisung-fuer-Laengeneinstellgeraete-mit-Ziffernanzeige_MQ.jpg\"},{\"@type\":\"BreadcrumbList\",\"@id\":\"https:\\\/\\\/www.organisator.ch\\\/operational-excellence\\\/2022-02-11\\\/pruefanweisung-fuer-laengeneinstellgeraete-mit-ziffernanzeige\\\/#breadcrumb\",\"itemListElement\":[{\"@type\":\"ListItem\",\"position\":1,\"name\":\"Home\",\"item\":\"https:\\\/\\\/www.organisator.ch\\\/\"},{\"@type\":\"ListItem\",\"position\":2,\"name\":\"Pr\u00fcfanweisung f\u00fcr L\u00e4ngeneinstellger\u00e4te mit Ziffernanzeige\"}]},{\"@type\":\"WebSite\",\"@id\":\"https:\\\/\\\/www.organisator.ch\\\/#website\",\"url\":\"https:\\\/\\\/www.organisator.ch\\\/\",\"name\":\"Organisator\",\"description\":\"Kompetent. Praxisnah. Der ORGANISATOR bereitet in 10 Ausgaben pro Jahr die wesentlichen Themen f\u00fcr F\u00fchrungskr\u00e4fte von KMU auf.\",\"publisher\":{\"@id\":\"https:\\\/\\\/www.organisator.ch\\\/#organization\"},\"potentialAction\":[{\"@type\":\"SearchAction\",\"target\":{\"@type\":\"EntryPoint\",\"urlTemplate\":\"https:\\\/\\\/www.organisator.ch\\\/?s={search_term_string}\"},\"query-input\":{\"@type\":\"PropertyValueSpecification\",\"valueRequired\":true,\"valueName\":\"search_term_string\"}}],\"inLanguage\":\"it-IT\"},{\"@type\":\"Organization\",\"@id\":\"https:\\\/\\\/www.organisator.ch\\\/#organization\",\"name\":\"Organisator\",\"url\":\"https:\\\/\\\/www.organisator.ch\\\/\",\"logo\":{\"@type\":\"ImageObject\",\"inLanguage\":\"it-IT\",\"@id\":\"https:\\\/\\\/www.organisator.ch\\\/#\\\/schema\\\/logo\\\/image\\\/\",\"url\":\"https:\\\/\\\/www.organisator.ch\\\/wp-content\\\/uploads\\\/2022\\\/01\\\/Logo_Organisator_Website.png\",\"contentUrl\":\"https:\\\/\\\/www.organisator.ch\\\/wp-content\\\/uploads\\\/2022\\\/01\\\/Logo_Organisator_Website.png\",\"width\":800,\"height\":77,\"caption\":\"Organisator\"},\"image\":{\"@id\":\"https:\\\/\\\/www.organisator.ch\\\/#\\\/schema\\\/logo\\\/image\\\/\"},\"sameAs\":[\"https:\\\/\\\/www.facebook.com\\\/OrganisatorFachmagazin\",\"https:\\\/\\\/www.linkedin.com\\\/showcase\\\/organisator-das-magazin-fr-kmu\",\"https:\\\/\\\/www.xing.com\\\/news\\\/pages\\\/organisator-ch-695\",\"https:\\\/\\\/www.youtube.com\\\/channel\\\/UCGP2Sq0iWaZwT3BdIAQFYpw\"]},{\"@type\":\"Person\",\"@id\":\"https:\\\/\\\/www.organisator.ch\\\/#\\\/schema\\\/person\\\/4e51799071cd2dd1232ac003643ef5f0\",\"name\":\"galledia\",\"image\":{\"@type\":\"ImageObject\",\"inLanguage\":\"it-IT\",\"@id\":\"https:\\\/\\\/secure.gravatar.com\\\/avatar\\\/78a7f90c01fc2bfc875782a0d4922b37cde2cf184ce347b91316d23cd7f69a36?s=96&d=mm&r=g\",\"url\":\"https:\\\/\\\/secure.gravatar.com\\\/avatar\\\/78a7f90c01fc2bfc875782a0d4922b37cde2cf184ce347b91316d23cd7f69a36?s=96&d=mm&r=g\",\"contentUrl\":\"https:\\\/\\\/secure.gravatar.com\\\/avatar\\\/78a7f90c01fc2bfc875782a0d4922b37cde2cf184ce347b91316d23cd7f69a36?s=96&d=mm&r=g\",\"caption\":\"galledia\"},\"sameAs\":[\"https:\\\/\\\/x.com\\\/admin\"],\"url\":\"https:\\\/\\\/www.organisator.ch\\\/it\\\/author\\\/galledia\\\/\"}]}<\/script>\n<!-- \/ Yoast SEO plugin. -->","yoast_head_json":{"title":"Istruzioni di prova per dispositivi di regolazione della lunghezza con display numerico - Organizzatore","description":"Le misure sono una parte essenziale del controllo qualit\u00e0 nella produzione. L'associazione degli ingegneri tedeschi VDI pubblica una nuova istruzione di prova per la valutazione delle apparecchiature di misura.","robots":{"index":"index","follow":"follow","max-snippet":"max-snippet:-1","max-image-preview":"max-image-preview:large","max-video-preview":"max-video-preview:-1"},"canonical":"https:\/\/www.organisator.ch\/it\/eccellenza-operativa\/2022-02-11\/pruefanweisung-fuer-laengeneinstellgeraete-mit-ziffernanzeige\/","og_locale":"it_IT","og_type":"article","og_title":"Pr\u00fcfanweisung f\u00fcr L\u00e4ngeneinstellger\u00e4te mit Ziffernanzeige - Organisator","og_description":"Messungen sind ein wesentlicher Bestandteil der Qualit\u00e4tssicherung in der Produktion. Der Verein Deutscher Ingenieure VDI ver\u00f6ffentlicht eine neue Pr\u00fcfanweisung zur Beurteilung von Messmitteln.","og_url":"https:\/\/www.organisator.ch\/it\/eccellenza-operativa\/2022-02-11\/pruefanweisung-fuer-laengeneinstellgeraete-mit-ziffernanzeige\/","og_site_name":"Organisator","article_publisher":"https:\/\/www.facebook.com\/OrganisatorFachmagazin","article_published_time":"2022-02-11T10:29:29+00:00","article_modified_time":"2022-08-03T08:52:59+00:00","og_image":[{"url":"https:\/\/www.m-q.ch\/wp-content\/uploads\/2022\/02\/Pruefanweisung-fuer-Laengeneinstellgeraete-mit-Ziffernanzeige_MQ.jpg","type":"","width":"","height":""}],"author":"galledia","twitter_card":"summary_large_image","twitter_creator":"@admin","schema":{"@context":"https:\/\/schema.org","@graph":[{"@type":"Article","@id":"https:\/\/www.organisator.ch\/operational-excellence\/2022-02-11\/pruefanweisung-fuer-laengeneinstellgeraete-mit-ziffernanzeige\/#article","isPartOf":{"@id":"https:\/\/www.organisator.ch\/operational-excellence\/2022-02-11\/pruefanweisung-fuer-laengeneinstellgeraete-mit-ziffernanzeige\/"},"author":{"name":"galledia","@id":"https:\/\/www.organisator.ch\/#\/schema\/person\/4e51799071cd2dd1232ac003643ef5f0"},"headline":"Pr\u00fcfanweisung f\u00fcr L\u00e4ngeneinstellger\u00e4te mit Ziffernanzeige","datePublished":"2022-02-11T10:29:29+00:00","dateModified":"2022-08-03T08:52:59+00:00","mainEntityOfPage":{"@id":"https:\/\/www.organisator.ch\/operational-excellence\/2022-02-11\/pruefanweisung-fuer-laengeneinstellgeraete-mit-ziffernanzeige\/"},"wordCount":281,"publisher":{"@id":"https:\/\/www.organisator.ch\/#organization"},"image":{"@id":"https:\/\/www.organisator.ch\/operational-excellence\/2022-02-11\/pruefanweisung-fuer-laengeneinstellgeraete-mit-ziffernanzeige\/#primaryimage"},"thumbnailUrl":"https:\/\/www.m-q.ch\/wp-content\/uploads\/2022\/02\/Pruefanweisung-fuer-Laengeneinstellgeraete-mit-Ziffernanzeige_MQ.jpg","keywords":["Messtechnik","Pr\u00fcfanweisung"],"articleSection":["OPERATIONAL EXCELLENCE"],"inLanguage":"it-IT"},{"@type":"WebPage","@id":"https:\/\/www.organisator.ch\/operational-excellence\/2022-02-11\/pruefanweisung-fuer-laengeneinstellgeraete-mit-ziffernanzeige\/","url":"https:\/\/www.organisator.ch\/operational-excellence\/2022-02-11\/pruefanweisung-fuer-laengeneinstellgeraete-mit-ziffernanzeige\/","name":"Istruzioni di prova per dispositivi di regolazione della lunghezza con display numerico - Organizzatore","isPartOf":{"@id":"https:\/\/www.organisator.ch\/#website"},"primaryImageOfPage":{"@id":"https:\/\/www.organisator.ch\/operational-excellence\/2022-02-11\/pruefanweisung-fuer-laengeneinstellgeraete-mit-ziffernanzeige\/#primaryimage"},"image":{"@id":"https:\/\/www.organisator.ch\/operational-excellence\/2022-02-11\/pruefanweisung-fuer-laengeneinstellgeraete-mit-ziffernanzeige\/#primaryimage"},"thumbnailUrl":"https:\/\/www.m-q.ch\/wp-content\/uploads\/2022\/02\/Pruefanweisung-fuer-Laengeneinstellgeraete-mit-Ziffernanzeige_MQ.jpg","datePublished":"2022-02-11T10:29:29+00:00","dateModified":"2022-08-03T08:52:59+00:00","description":"Le misure sono una parte essenziale del controllo qualit\u00e0 nella produzione. L'associazione degli ingegneri tedeschi VDI pubblica una nuova istruzione di prova per la valutazione delle apparecchiature di misura.","breadcrumb":{"@id":"https:\/\/www.organisator.ch\/operational-excellence\/2022-02-11\/pruefanweisung-fuer-laengeneinstellgeraete-mit-ziffernanzeige\/#breadcrumb"},"inLanguage":"it-IT","potentialAction":[{"@type":"ReadAction","target":["https:\/\/www.organisator.ch\/operational-excellence\/2022-02-11\/pruefanweisung-fuer-laengeneinstellgeraete-mit-ziffernanzeige\/"]}]},{"@type":"ImageObject","inLanguage":"it-IT","@id":"https:\/\/www.organisator.ch\/operational-excellence\/2022-02-11\/pruefanweisung-fuer-laengeneinstellgeraete-mit-ziffernanzeige\/#primaryimage","url":"https:\/\/www.m-q.ch\/wp-content\/uploads\/2022\/02\/Pruefanweisung-fuer-Laengeneinstellgeraete-mit-Ziffernanzeige_MQ.jpg","contentUrl":"https:\/\/www.m-q.ch\/wp-content\/uploads\/2022\/02\/Pruefanweisung-fuer-Laengeneinstellgeraete-mit-Ziffernanzeige_MQ.jpg"},{"@type":"BreadcrumbList","@id":"https:\/\/www.organisator.ch\/operational-excellence\/2022-02-11\/pruefanweisung-fuer-laengeneinstellgeraete-mit-ziffernanzeige\/#breadcrumb","itemListElement":[{"@type":"ListItem","position":1,"name":"Home","item":"https:\/\/www.organisator.ch\/"},{"@type":"ListItem","position":2,"name":"Pr\u00fcfanweisung f\u00fcr L\u00e4ngeneinstellger\u00e4te mit Ziffernanzeige"}]},{"@type":"WebSite","@id":"https:\/\/www.organisator.ch\/#website","url":"https:\/\/www.organisator.ch\/","name":"Organizzatore","description":"Competente. Pratico. In 10 numeri all'anno, ORGANISATOR presenta i temi essenziali per i manager delle PMI.","publisher":{"@id":"https:\/\/www.organisator.ch\/#organization"},"potentialAction":[{"@type":"SearchAction","target":{"@type":"EntryPoint","urlTemplate":"https:\/\/www.organisator.ch\/?s={search_term_string}"},"query-input":{"@type":"PropertyValueSpecification","valueRequired":true,"valueName":"search_term_string"}}],"inLanguage":"it-IT"},{"@type":"Organization","@id":"https:\/\/www.organisator.ch\/#organization","name":"Organizzatore","url":"https:\/\/www.organisator.ch\/","logo":{"@type":"ImageObject","inLanguage":"it-IT","@id":"https:\/\/www.organisator.ch\/#\/schema\/logo\/image\/","url":"https:\/\/www.organisator.ch\/wp-content\/uploads\/2022\/01\/Logo_Organisator_Website.png","contentUrl":"https:\/\/www.organisator.ch\/wp-content\/uploads\/2022\/01\/Logo_Organisator_Website.png","width":800,"height":77,"caption":"Organisator"},"image":{"@id":"https:\/\/www.organisator.ch\/#\/schema\/logo\/image\/"},"sameAs":["https:\/\/www.facebook.com\/OrganisatorFachmagazin","https:\/\/www.linkedin.com\/showcase\/organisator-das-magazin-fr-kmu","https:\/\/www.xing.com\/news\/pages\/organisator-ch-695","https:\/\/www.youtube.com\/channel\/UCGP2Sq0iWaZwT3BdIAQFYpw"]},{"@type":"Person","@id":"https:\/\/www.organisator.ch\/#\/schema\/person\/4e51799071cd2dd1232ac003643ef5f0","name":"galledia","image":{"@type":"ImageObject","inLanguage":"it-IT","@id":"https:\/\/secure.gravatar.com\/avatar\/78a7f90c01fc2bfc875782a0d4922b37cde2cf184ce347b91316d23cd7f69a36?s=96&d=mm&r=g","url":"https:\/\/secure.gravatar.com\/avatar\/78a7f90c01fc2bfc875782a0d4922b37cde2cf184ce347b91316d23cd7f69a36?s=96&d=mm&r=g","contentUrl":"https:\/\/secure.gravatar.com\/avatar\/78a7f90c01fc2bfc875782a0d4922b37cde2cf184ce347b91316d23cd7f69a36?s=96&d=mm&r=g","caption":"galledia"},"sameAs":["https:\/\/x.com\/admin"],"url":"https:\/\/www.organisator.ch\/it\/author\/galledia\/"}]}},"_links":{"self":[{"href":"https:\/\/www.organisator.ch\/it\/wp-json\/wp\/v2\/posts\/11192","targetHints":{"allow":["GET"]}}],"collection":[{"href":"https:\/\/www.organisator.ch\/it\/wp-json\/wp\/v2\/posts"}],"about":[{"href":"https:\/\/www.organisator.ch\/it\/wp-json\/wp\/v2\/types\/post"}],"author":[{"embeddable":true,"href":"https:\/\/www.organisator.ch\/it\/wp-json\/wp\/v2\/users\/8"}],"replies":[{"embeddable":true,"href":"https:\/\/www.organisator.ch\/it\/wp-json\/wp\/v2\/comments?post=11192"}],"version-history":[{"count":4,"href":"https:\/\/www.organisator.ch\/it\/wp-json\/wp\/v2\/posts\/11192\/revisions"}],"predecessor-version":[{"id":16322,"href":"https:\/\/www.organisator.ch\/it\/wp-json\/wp\/v2\/posts\/11192\/revisions\/16322"}],"wp:attachment":[{"href":"https:\/\/www.organisator.ch\/it\/wp-json\/wp\/v2\/media?parent=11192"}],"wp:term":[{"taxonomy":"category","embeddable":true,"href":"https:\/\/www.organisator.ch\/it\/wp-json\/wp\/v2\/categories?post=11192"},{"taxonomy":"post_tag","embeddable":true,"href":"https:\/\/www.organisator.ch\/it\/wp-json\/wp\/v2\/tags?post=11192"}],"curies":[{"name":"wp","href":"https:\/\/api.w.org\/{rel}","templated":true}]}}